{"id":2907,"date":"2023-09-06T14:22:40","date_gmt":"2023-09-06T17:22:40","guid":{"rendered":"https:\/\/apuntesdesanluis.com\/?p=2907"},"modified":"2023-09-07T14:25:39","modified_gmt":"2023-09-07T17:25:39","slug":"mas-de-500-estudiantes-conocieron-las-carreras-que-la-unsl-dicta-en-villa-mercedes","status":"publish","type":"post","link":"https:\/\/apuntesdesanluis.com\/index.php\/2023\/09\/06\/mas-de-500-estudiantes-conocieron-las-carreras-que-la-unsl-dicta-en-villa-mercedes\/","title":{"rendered":"M\u00c1S DE 500 ESTUDIANTES CONOCIERON LAS CARRERAS QUE LA UNSL DICTA EN VILLA MERCEDES"},"content":{"rendered":"<h3>El <strong>Centro Universitario Villa Mercedes<\/strong> de la UNSL recibi\u00f3 a cientos de estudiantes para mostrarles la oferta educativa y contarles c\u00f3mo es la vida universtaria. La FCEJS y la FICA organizaron una intensa agenda para la Jornada de Promoci\u00f3n, que se realiz\u00f3 el martes 5 de septiembre, a trav\u00e9s de stands, recorridos, charlas y actividades de interacci\u00f3n.<\/h3>\n<h3>La mayor\u00eda de los chicos y chicas del \u00faltimo a\u00f1o del secundario visitaron el campus con la expectativa de disipar sus dudas en cuanto a los estudios universitarios que emprender\u00e1n el a\u00f1o pr\u00f3ximo. Algunos, en cambio, vinieron con una orientaci\u00f3n previa sobre la carrera a elegir. Todos recibieron la informaci\u00f3n acad\u00e9mica por parte de docentes y nodocentes, como tambi\u00e9n la vinculada con formaci\u00f3n integral y los servicios que presta la universidad p\u00fablica, gratuita e inclusiva. La jornada cont\u00f3 con la presencia del Vicerrector de la UNSL, Mgtr. <strong>H\u00e9ctor Flores<\/strong>, quien recorri\u00f3 los stands y acompa\u00f1\u00f3 el desarrollo de las actividades.<\/h3>\n<p><img fetchpriority=\"high\" decoding=\"async\" class=\"wp-image-2909 aligncenter\" src=\"https:\/\/apuntesdesanluis.com\/wp-content\/uploads\/2023\/09\/chicas-300x184.png\" alt=\"\" width=\"515\" height=\"316\" srcset=\"https:\/\/apuntesdesanluis.com\/wp-content\/uploads\/2023\/09\/chicas-300x184.png 300w, https:\/\/apuntesdesanluis.com\/wp-content\/uploads\/2023\/09\/chicas.png 600w\" sizes=\"(max-width: 515px) 100vw, 515px\" \/><\/p>\n<h3>Los estudiantes estuvieron acompa\u00f1ados por docentes y preceptores de cada una de las escuelas. Claudio, profesor de Instituto Nuestra Se\u00f1ora del Carmen, visit\u00f3 el campus junto con los chicos y chicas del 6\u00b0 a\u00f1o de la escuela: \u201cHan venido para interiorizarse sobre las carreras, despejar las dudas y tambi\u00e9n por curiosidad, ya que quer\u00edan conocer la universidad. Algunos ya ten\u00edan carreras elegidas, pero igualmente necesitaban saber c\u00f3mo es la vida universitaria\u201d, coment\u00f3. \u201cEs muy importante que conozca qu\u00e9 es una carrera de grado en la vida de un estudiante. Sobre todo por el valor agregado que tiene la educaci\u00f3n p\u00fablica, teniendo en cuenta los procesos que se dieron en Chile o en otros lugares del mundo, donde es rentada, con el costo que eso representa para un estudiante\u201d, remarc\u00f3.<\/h3>\n<h3><\/h3>\n<h3>Sof\u00eda y Paula son estudiantes de 7\u00b0 a\u00f1o de la Escuela T\u00e9cnica N 8 \u201cMauricio Pastor Daract\u201d. Se mostraron como una de las m\u00e1s entusiastas visitantes del grupo del colegio de la ciudad de San Luis que recorri\u00f3 los stands desde las primeras horas de la jornada. \u201cNos recibieron muy bien, nos explicaron los recorridos que \u00edbamos a tener. Fuimos a una simulaci\u00f3n de una audiencia de Abogac\u00eda, de Litigaci\u00f3n Penal. Estuvo muy bonito ya que nos explicaron las distintas etapas de la litigaci\u00f3n, con evidencias, testigos y todos los pasos. Estuvo muy bueno y nos sentimos super c\u00f3modos\u201d, cont\u00f3 Sof\u00eda.<\/h3>\n<h3>Para Paula esa simulaci\u00f3n de litigaci\u00f3n, organizada por la carrera de Abogac\u00eda, fue una de las propuestas que m\u00e1s le llam\u00f3 la atenci\u00f3n. Aunque tambi\u00e9n habl\u00f3 de la visita a los stands de las ingenier\u00edas: \u201cVimos el tema de Alimentos y Qu\u00edmica; como tambi\u00e9n la parte de Finanzas, que est\u00e1 m\u00e1s ligado a nuestro t\u00edtulo\u201d, coment\u00f3. La escuela Mauricio Daract tiene orientaci\u00f3n en Econom\u00eda. Otorga el t\u00edtulo de T\u00e9cnico en Gesti\u00f3n y Administraci\u00f3n de las Empresas.<\/h3>\n<h3>Las chicas vinieron acompa\u00f1adas por docentes de la escuela. J\u00e9sica Cano, profesora de Biolog\u00eda, coment\u00f3: \u201cLa idea era que vinieran, conocieran las instalaciones, vieran la oferta educativa. Algunos ven\u00edan con una expectativa y ac\u00e1 cambiaron la idea al recibir la explicaci\u00f3n de los profes y los estudiantes que est\u00e1n en los diferentes stands\u201d, se\u00f1al\u00f3.<\/h3>\n<h3><\/h3>\n<h3><\/h3>\n<h3><\/h3>\n<h3>\u201cEs muy lindo y agradable conocer el lugar, donde nos han recibido muy bien. Es muy importante que los chicos vengan un espacio donde continuar\u00e1n sus estudios. Esta ser\u00e1 una etapa que les cambiar\u00e1 la vida. Cuando uno empieza la universidad se termina un per\u00edodo muy lindo, pero empieza uno que es para siempre. Por eso, la importancia de elegir algo que te va a acompa\u00f1ar para toda la vida\u201d, explic\u00f3.<\/h3>\n<h3>La docente destac\u00f3 el contacto presencial que los chicos pudieron experimentar con los docentes, nodocentes y estudiantes del Centro Universitario: \u201cNo es lo mismo leer un papel, que estar presente, que alguien te explique, tener contacto con el personal donde van a pasar mucho tiempo de tu vida\u2026 Por ah\u00ed, alguno ni siquiera ten\u00eda la idea de seguir estudiando. Entonces, ahora piensan que pueden hacerlo, tal vez de a poco, pero al final se convencen de poder lograr el t\u00edtulo\u201d.<\/h3>\n<h3>Resalt\u00f3, adem\u00e1s, la informaci\u00f3n que les brindaron a los estudiantes sobre los servicios que ofrece la universidad. \u201cLa educaci\u00f3n p\u00fablica es una bendici\u00f3n. Eso siempre se los decimos a los chicos, porque deben valorarla y aprovecharla. Ac\u00e1 nos explicaron los accesos que tienen para los servicios del comedor, las becas, la salud\u2026\u201d. M\u00e1s de 100 estudiantes de las cinco divisiones del \u00faltimo a\u00f1o del Centro Educativo N\u00b0 9 \u201cDoctor Juan Llerena\u201d asisti\u00f3 durante la ma\u00f1ana al campus. Silvia, docente del establecimiento destac\u00f3 la posibilidad que la universidad otorga a los estudiantes a trav\u00e9s de estas jornadas: \u201cpueden venir y recorrer todo el campus. Ver los lugares, las aulas, tomar contacto con los docentes\u2026 Es decir saber c\u00f3mo es la vida universitaria\u201d.<\/h3>\n<h3>Enzo Gonz\u00e1lez, profesor de Educaci\u00f3n F\u00edsica y preceptor, tambi\u00e9n acompa\u00f1\u00f3 a los chicos y chicas del 6\u00b0 a\u00f1o del Centro Educativo 9: \u201cSiempre que se abre esta posibilidad venimos con los estudiantes para que aprovechen, se informen y tomen contacto con las ofertas que tienen en la Universidad\u201d. Silvina Funes, profesora de M\u00fasica, quien cumple la funci\u00f3n de preceptora en el Centro Educativo, se\u00f1al\u00f3 que muchos de los chicos \u201cest\u00e1n a\u00fan con incertidumbre sobre lo que van a seguir estudiando el a\u00f1o que viene. Estas actividades les sirven para que tomen una decisi\u00f3n m\u00e1s acertada\u201d.<\/h3>\n<h3>Desde la Escuela \u201c2 de Abril\u201d, del barrio Ciudad Jard\u00edn, vinieron Alexander y Luna, dos estudiantes del \u00faltimo a\u00f1o del a escuela, acompa\u00f1ados por la docente Sonia, quien agradeci\u00f3 a las facultades la posibilidad que les brindan a todos los alumnos y alumnas en este tipo de jornadas. \u201cPude ver una simulaci\u00f3n sobre los derechos penales, me pareci\u00f3 algo muy bueno porque se observa de qu\u00e9 se trata un juicio, cu\u00e1nto tiempo lleva; que partes tiene, c\u00f3mo se presentan las pruebas\u2026 Estoy pensando desde hace tiempo estudiar abogac\u00eda. Est\u00e1 muy bueno tener la posibilidad. Vamos a ver qu\u00e9 pasa\u201d, cont\u00f3 Alexander.<\/h3>\n<h3>Luna vino con otra idea, la de estudiar una carrera ligada a Enfermer\u00eda \u201cpero aqu\u00ed me han mostrado muchas posibilidades. Estoy viendo alguna otra carrera, todav\u00eda no s\u00e9, no me decido. Ac\u00e1 nos han tratado muy bien, nos gusta el lugar\u201d.<\/h3>\n","protected":false},"excerpt":{"rendered":"<p>El Centro Universitario Villa Mercedes de la UNSL recibi\u00f3 a cientos de estudiantes para mostrarles&#8230;<\/p>\n","protected":false},"author":1,"featured_media":2908,"comment_status":"closed","ping_status":"closed","sticky":false,"template":"","format":"standard","meta":{"footnotes":""},"categories":[6],"tags":[],"class_list":["post-2907","post","type-post","status-publish","format-standard","has-post-thumbnail","hentry","category-ciudad-provincia"],"yoast_head":"<!-- This site is optimized with the Yoast SEO plugin v26.1.1 - https:\/\/yoast.com\/wordpress\/plugins\/seo\/ -->\n<title>M\u00c1S DE 500 ESTUDIANTES CONOCIERON LAS CARRERAS QUE LA UNSL DICTA EN VILLA MERCEDES - Apuntes de San Luis<\/title>\n<meta name=\"robots\" content=\"index, follow, max-snippet:-1, max-image-preview:large, max-video-preview:-1\" \/>\n<link rel=\"canonical\" href=\"https:\/\/apuntesdesanluis.com\/index.php\/2023\/09\/06\/mas-de-500-estudiantes-conocieron-las-carreras-que-la-unsl-dicta-en-villa-mercedes\/\" \/>\n<meta property=\"og:locale\" content=\"es_ES\" \/>\n<meta property=\"og:type\" content=\"article\" \/>\n<meta property=\"og:title\" content=\"M\u00c1S DE 500 ESTUDIANTES CONOCIERON LAS CARRERAS QUE LA UNSL DICTA EN VILLA MERCEDES - Apuntes de San Luis\" \/>\n<meta property=\"og:description\" content=\"El Centro Universitario Villa Mercedes de la UNSL recibi\u00f3 a cientos de estudiantes para mostrarles...\" \/>\n<meta property=\"og:url\" content=\"https:\/\/apuntesdesanluis.com\/index.php\/2023\/09\/06\/mas-de-500-estudiantes-conocieron-las-carreras-que-la-unsl-dicta-en-villa-mercedes\/\" \/>\n<meta property=\"og:site_name\" content=\"Apuntes de San Luis\" \/>\n<meta property=\"article:published_time\" content=\"2023-09-06T17:22:40+00:00\" \/>\n<meta property=\"article:modified_time\" content=\"2023-09-07T17:25:39+00:00\" \/>\n<meta property=\"og:image\" content=\"https:\/\/apuntesdesanluis.com\/wp-content\/uploads\/2023\/09\/estudiantes.png\" \/>\n\t<meta property=\"og:image:width\" content=\"607\" \/>\n\t<meta property=\"og:image:height\" content=\"392\" \/>\n\t<meta property=\"og:image:type\" content=\"image\/png\" \/>\n<meta name=\"author\" content=\"apuntesdesanluis.com\" \/>\n<meta name=\"twitter:card\" content=\"summary_large_image\" \/>\n<meta name=\"twitter:label1\" content=\"Escrito por\" \/>\n\t<meta name=\"twitter:data1\" content=\"apuntesdesanluis.com\" \/>\n\t<meta name=\"twitter:label2\" content=\"Tiempo de lectura\" \/>\n\t<meta name=\"twitter:data2\" content=\"5 minutos\" \/>\n<script type=\"application\/ld+json\" class=\"yoast-schema-graph\">{\"@context\":\"https:\/\/schema.org\",\"@graph\":[{\"@type\":\"Article\",\"@id\":\"https:\/\/apuntesdesanluis.com\/index.php\/2023\/09\/06\/mas-de-500-estudiantes-conocieron-las-carreras-que-la-unsl-dicta-en-villa-mercedes\/#article\",\"isPartOf\":{\"@id\":\"https:\/\/apuntesdesanluis.com\/index.php\/2023\/09\/06\/mas-de-500-estudiantes-conocieron-las-carreras-que-la-unsl-dicta-en-villa-mercedes\/\"},\"author\":{\"name\":\"apuntesdesanluis.com\",\"@id\":\"https:\/\/apuntesdesanluis.com\/#\/schema\/person\/b55151d52296fcce64d1a72538a70b90\"},\"headline\":\"M\u00c1S DE 500 ESTUDIANTES CONOCIERON LAS CARRERAS QUE LA UNSL DICTA EN VILLA MERCEDES\",\"datePublished\":\"2023-09-06T17:22:40+00:00\",\"dateModified\":\"2023-09-07T17:25:39+00:00\",\"mainEntityOfPage\":{\"@id\":\"https:\/\/apuntesdesanluis.com\/index.php\/2023\/09\/06\/mas-de-500-estudiantes-conocieron-las-carreras-que-la-unsl-dicta-en-villa-mercedes\/\"},\"wordCount\":1127,\"publisher\":{\"@id\":\"https:\/\/apuntesdesanluis.com\/#\/schema\/person\/b55151d52296fcce64d1a72538a70b90\"},\"image\":{\"@id\":\"https:\/\/apuntesdesanluis.com\/index.php\/2023\/09\/06\/mas-de-500-estudiantes-conocieron-las-carreras-que-la-unsl-dicta-en-villa-mercedes\/#primaryimage\"},\"thumbnailUrl\":\"https:\/\/apuntesdesanluis.com\/wp-content\/uploads\/2023\/09\/estudiantes.png\",\"articleSection\":[\"Ciudad\/Provincia\"],\"inLanguage\":\"es-AR\"},{\"@type\":\"WebPage\",\"@id\":\"https:\/\/apuntesdesanluis.com\/index.php\/2023\/09\/06\/mas-de-500-estudiantes-conocieron-las-carreras-que-la-unsl-dicta-en-villa-mercedes\/\",\"url\":\"https:\/\/apuntesdesanluis.com\/index.php\/2023\/09\/06\/mas-de-500-estudiantes-conocieron-las-carreras-que-la-unsl-dicta-en-villa-mercedes\/\",\"name\":\"M\u00c1S DE 500 ESTUDIANTES CONOCIERON LAS CARRERAS QUE LA UNSL DICTA EN VILLA MERCEDES - Apuntes de San Luis\",\"isPartOf\":{\"@id\":\"https:\/\/apuntesdesanluis.com\/#website\"},\"primaryImageOfPage\":{\"@id\":\"https:\/\/apuntesdesanluis.com\/index.php\/2023\/09\/06\/mas-de-500-estudiantes-conocieron-las-carreras-que-la-unsl-dicta-en-villa-mercedes\/#primaryimage\"},\"image\":{\"@id\":\"https:\/\/apuntesdesanluis.com\/index.php\/2023\/09\/06\/mas-de-500-estudiantes-conocieron-las-carreras-que-la-unsl-dicta-en-villa-mercedes\/#primaryimage\"},\"thumbnailUrl\":\"https:\/\/apuntesdesanluis.com\/wp-content\/uploads\/2023\/09\/estudiantes.png\",\"datePublished\":\"2023-09-06T17:22:40+00:00\",\"dateModified\":\"2023-09-07T17:25:39+00:00\",\"breadcrumb\":{\"@id\":\"https:\/\/apuntesdesanluis.com\/index.php\/2023\/09\/06\/mas-de-500-estudiantes-conocieron-las-carreras-que-la-unsl-dicta-en-villa-mercedes\/#breadcrumb\"},\"inLanguage\":\"es-AR\",\"potentialAction\":[{\"@type\":\"ReadAction\",\"target\":[\"https:\/\/apuntesdesanluis.com\/index.php\/2023\/09\/06\/mas-de-500-estudiantes-conocieron-las-carreras-que-la-unsl-dicta-en-villa-mercedes\/\"]}]},{\"@type\":\"ImageObject\",\"inLanguage\":\"es-AR\",\"@id\":\"https:\/\/apuntesdesanluis.com\/index.php\/2023\/09\/06\/mas-de-500-estudiantes-conocieron-las-carreras-que-la-unsl-dicta-en-villa-mercedes\/#primaryimage\",\"url\":\"https:\/\/apuntesdesanluis.com\/wp-content\/uploads\/2023\/09\/estudiantes.png\",\"contentUrl\":\"https:\/\/apuntesdesanluis.com\/wp-content\/uploads\/2023\/09\/estudiantes.png\",\"width\":607,\"height\":392},{\"@type\":\"BreadcrumbList\",\"@id\":\"https:\/\/apuntesdesanluis.com\/index.php\/2023\/09\/06\/mas-de-500-estudiantes-conocieron-las-carreras-que-la-unsl-dicta-en-villa-mercedes\/#breadcrumb\",\"itemListElement\":[{\"@type\":\"ListItem\",\"position\":1,\"name\":\"Inicio\",\"item\":\"https:\/\/apuntesdesanluis.com\/\"},{\"@type\":\"ListItem\",\"position\":2,\"name\":\"M\u00c1S DE 500 ESTUDIANTES CONOCIERON LAS CARRERAS QUE LA UNSL DICTA EN VILLA MERCEDES\"}]},{\"@type\":\"WebSite\",\"@id\":\"https:\/\/apuntesdesanluis.com\/#website\",\"url\":\"https:\/\/apuntesdesanluis.com\/\",\"name\":\"Apuntes de San Luis\",\"description\":\"\",\"publisher\":{\"@id\":\"https:\/\/apuntesdesanluis.com\/#\/schema\/person\/b55151d52296fcce64d1a72538a70b90\"},\"potentialAction\":[{\"@type\":\"SearchAction\",\"target\":{\"@type\":\"EntryPoint\",\"urlTemplate\":\"https:\/\/apuntesdesanluis.com\/?s={search_term_string}\"},\"query-input\":{\"@type\":\"PropertyValueSpecification\",\"valueRequired\":true,\"valueName\":\"search_term_string\"}}],\"inLanguage\":\"es-AR\"},{\"@type\":[\"Person\",\"Organization\"],\"@id\":\"https:\/\/apuntesdesanluis.com\/#\/schema\/person\/b55151d52296fcce64d1a72538a70b90\",\"name\":\"apuntesdesanluis.com\",\"image\":{\"@type\":\"ImageObject\",\"inLanguage\":\"es-AR\",\"@id\":\"https:\/\/apuntesdesanluis.com\/#\/schema\/person\/image\/\",\"url\":\"https:\/\/apuntesdesanluis.com\/wp-content\/uploads\/2023\/07\/cropped-apuntesdesanluis.png\",\"contentUrl\":\"https:\/\/apuntesdesanluis.com\/wp-content\/uploads\/2023\/07\/cropped-apuntesdesanluis.png\",\"width\":450,\"height\":112,\"caption\":\"apuntesdesanluis.com\"},\"logo\":{\"@id\":\"https:\/\/apuntesdesanluis.com\/#\/schema\/person\/image\/\"},\"sameAs\":[\"https:\/\/apuntesdesanluis.com\"],\"url\":\"https:\/\/apuntesdesanluis.com\/index.php\/author\/apuntesdesanluis-com\/\"}]}<\/script>\n<!-- \/ Yoast SEO plugin. -->","yoast_head_json":{"title":"M\u00c1S DE 500 ESTUDIANTES CONOCIERON LAS CARRERAS QUE LA UNSL DICTA EN VILLA MERCEDES - Apuntes de San Luis","robots":{"index":"index","follow":"follow","max-snippet":"max-snippet:-1","max-image-preview":"max-image-preview:large","max-video-preview":"max-video-preview:-1"},"canonical":"https:\/\/apuntesdesanluis.com\/index.php\/2023\/09\/06\/mas-de-500-estudiantes-conocieron-las-carreras-que-la-unsl-dicta-en-villa-mercedes\/","og_locale":"es_ES","og_type":"article","og_title":"M\u00c1S DE 500 ESTUDIANTES CONOCIERON LAS CARRERAS QUE LA UNSL DICTA EN VILLA MERCEDES - Apuntes de San Luis","og_description":"El Centro Universitario Villa Mercedes de la UNSL recibi\u00f3 a cientos de estudiantes para mostrarles...","og_url":"https:\/\/apuntesdesanluis.com\/index.php\/2023\/09\/06\/mas-de-500-estudiantes-conocieron-las-carreras-que-la-unsl-dicta-en-villa-mercedes\/","og_site_name":"Apuntes de San Luis","article_published_time":"2023-09-06T17:22:40+00:00","article_modified_time":"2023-09-07T17:25:39+00:00","og_image":[{"width":607,"height":392,"url":"https:\/\/apuntesdesanluis.com\/wp-content\/uploads\/2023\/09\/estudiantes.png","type":"image\/png"}],"author":"apuntesdesanluis.com","twitter_card":"summary_large_image","twitter_misc":{"Escrito por":"apuntesdesanluis.com","Tiempo de lectura":"5 minutos"},"schema":{"@context":"https:\/\/schema.org","@graph":[{"@type":"Article","@id":"https:\/\/apuntesdesanluis.com\/index.php\/2023\/09\/06\/mas-de-500-estudiantes-conocieron-las-carreras-que-la-unsl-dicta-en-villa-mercedes\/#article","isPartOf":{"@id":"https:\/\/apuntesdesanluis.com\/index.php\/2023\/09\/06\/mas-de-500-estudiantes-conocieron-las-carreras-que-la-unsl-dicta-en-villa-mercedes\/"},"author":{"name":"apuntesdesanluis.com","@id":"https:\/\/apuntesdesanluis.com\/#\/schema\/person\/b55151d52296fcce64d1a72538a70b90"},"headline":"M\u00c1S DE 500 ESTUDIANTES CONOCIERON LAS CARRERAS QUE LA UNSL DICTA EN VILLA MERCEDES","datePublished":"2023-09-06T17:22:40+00:00","dateModified":"2023-09-07T17:25:39+00:00","mainEntityOfPage":{"@id":"https:\/\/apuntesdesanluis.com\/index.php\/2023\/09\/06\/mas-de-500-estudiantes-conocieron-las-carreras-que-la-unsl-dicta-en-villa-mercedes\/"},"wordCount":1127,"publisher":{"@id":"https:\/\/apuntesdesanluis.com\/#\/schema\/person\/b55151d52296fcce64d1a72538a70b90"},"image":{"@id":"https:\/\/apuntesdesanluis.com\/index.php\/2023\/09\/06\/mas-de-500-estudiantes-conocieron-las-carreras-que-la-unsl-dicta-en-villa-mercedes\/#primaryimage"},"thumbnailUrl":"https:\/\/apuntesdesanluis.com\/wp-content\/uploads\/2023\/09\/estudiantes.png","articleSection":["Ciudad\/Provincia"],"inLanguage":"es-AR"},{"@type":"WebPage","@id":"https:\/\/apuntesdesanluis.com\/index.php\/2023\/09\/06\/mas-de-500-estudiantes-conocieron-las-carreras-que-la-unsl-dicta-en-villa-mercedes\/","url":"https:\/\/apuntesdesanluis.com\/index.php\/2023\/09\/06\/mas-de-500-estudiantes-conocieron-las-carreras-que-la-unsl-dicta-en-villa-mercedes\/","name":"M\u00c1S DE 500 ESTUDIANTES CONOCIERON LAS CARRERAS QUE LA UNSL DICTA EN VILLA MERCEDES - Apuntes de San Luis","isPartOf":{"@id":"https:\/\/apuntesdesanluis.com\/#website"},"primaryImageOfPage":{"@id":"https:\/\/apuntesdesanluis.com\/index.php\/2023\/09\/06\/mas-de-500-estudiantes-conocieron-las-carreras-que-la-unsl-dicta-en-villa-mercedes\/#primaryimage"},"image":{"@id":"https:\/\/apuntesdesanluis.com\/index.php\/2023\/09\/06\/mas-de-500-estudiantes-conocieron-las-carreras-que-la-unsl-dicta-en-villa-mercedes\/#primaryimage"},"thumbnailUrl":"https:\/\/apuntesdesanluis.com\/wp-content\/uploads\/2023\/09\/estudiantes.png","datePublished":"2023-09-06T17:22:40+00:00","dateModified":"2023-09-07T17:25:39+00:00","breadcrumb":{"@id":"https:\/\/apuntesdesanluis.com\/index.php\/2023\/09\/06\/mas-de-500-estudiantes-conocieron-las-carreras-que-la-unsl-dicta-en-villa-mercedes\/#breadcrumb"},"inLanguage":"es-AR","potentialAction":[{"@type":"ReadAction","target":["https:\/\/apuntesdesanluis.com\/index.php\/2023\/09\/06\/mas-de-500-estudiantes-conocieron-las-carreras-que-la-unsl-dicta-en-villa-mercedes\/"]}]},{"@type":"ImageObject","inLanguage":"es-AR","@id":"https:\/\/apuntesdesanluis.com\/index.php\/2023\/09\/06\/mas-de-500-estudiantes-conocieron-las-carreras-que-la-unsl-dicta-en-villa-mercedes\/#primaryimage","url":"https:\/\/apuntesdesanluis.com\/wp-content\/uploads\/2023\/09\/estudiantes.png","contentUrl":"https:\/\/apuntesdesanluis.com\/wp-content\/uploads\/2023\/09\/estudiantes.png","width":607,"height":392},{"@type":"BreadcrumbList","@id":"https:\/\/apuntesdesanluis.com\/index.php\/2023\/09\/06\/mas-de-500-estudiantes-conocieron-las-carreras-que-la-unsl-dicta-en-villa-mercedes\/#breadcrumb","itemListElement":[{"@type":"ListItem","position":1,"name":"Inicio","item":"https:\/\/apuntesdesanluis.com\/"},{"@type":"ListItem","position":2,"name":"M\u00c1S DE 500 ESTUDIANTES CONOCIERON LAS CARRERAS QUE LA UNSL DICTA EN VILLA MERCEDES"}]},{"@type":"WebSite","@id":"https:\/\/apuntesdesanluis.com\/#website","url":"https:\/\/apuntesdesanluis.com\/","name":"Apuntes de San Luis","description":"","publisher":{"@id":"https:\/\/apuntesdesanluis.com\/#\/schema\/person\/b55151d52296fcce64d1a72538a70b90"},"potentialAction":[{"@type":"SearchAction","target":{"@type":"EntryPoint","urlTemplate":"https:\/\/apuntesdesanluis.com\/?s={search_term_string}"},"query-input":{"@type":"PropertyValueSpecification","valueRequired":true,"valueName":"search_term_string"}}],"inLanguage":"es-AR"},{"@type":["Person","Organization"],"@id":"https:\/\/apuntesdesanluis.com\/#\/schema\/person\/b55151d52296fcce64d1a72538a70b90","name":"apuntesdesanluis.com","image":{"@type":"ImageObject","inLanguage":"es-AR","@id":"https:\/\/apuntesdesanluis.com\/#\/schema\/person\/image\/","url":"https:\/\/apuntesdesanluis.com\/wp-content\/uploads\/2023\/07\/cropped-apuntesdesanluis.png","contentUrl":"https:\/\/apuntesdesanluis.com\/wp-content\/uploads\/2023\/07\/cropped-apuntesdesanluis.png","width":450,"height":112,"caption":"apuntesdesanluis.com"},"logo":{"@id":"https:\/\/apuntesdesanluis.com\/#\/schema\/person\/image\/"},"sameAs":["https:\/\/apuntesdesanluis.com"],"url":"https:\/\/apuntesdesanluis.com\/index.php\/author\/apuntesdesanluis-com\/"}]}},"featured_image_urls":{"full":["https:\/\/apuntesdesanluis.com\/wp-content\/uploads\/2023\/09\/estudiantes.png",607,392,false],"thumbnail":["https:\/\/apuntesdesanluis.com\/wp-content\/uploads\/2023\/09\/estudiantes-150x150.png",150,150,true],"medium":["https:\/\/apuntesdesanluis.com\/wp-content\/uploads\/2023\/09\/estudiantes-300x194.png",300,194,true],"medium_large":["https:\/\/apuntesdesanluis.com\/wp-content\/uploads\/2023\/09\/estudiantes.png",607,392,false],"large":["https:\/\/apuntesdesanluis.com\/wp-content\/uploads\/2023\/09\/estudiantes.png",607,392,false],"1536x1536":["https:\/\/apuntesdesanluis.com\/wp-content\/uploads\/2023\/09\/estudiantes.png",607,392,false],"2048x2048":["https:\/\/apuntesdesanluis.com\/wp-content\/uploads\/2023\/09\/estudiantes.png",607,392,false],"newsever-slider-full":["https:\/\/apuntesdesanluis.com\/wp-content\/uploads\/2023\/09\/estudiantes.png",607,392,false],"newsever-featured":["https:\/\/apuntesdesanluis.com\/wp-content\/uploads\/2023\/09\/estudiantes.png",607,392,false],"newsever-medium":["https:\/\/apuntesdesanluis.com\/wp-content\/uploads\/2023\/09\/estudiantes.png",607,392,false]},"author_info":{"display_name":"apuntesdesanluis.com","author_link":"https:\/\/apuntesdesanluis.com\/index.php\/author\/apuntesdesanluis-com\/"},"category_info":"<a href=\"https:\/\/apuntesdesanluis.com\/index.php\/category\/ciudad-provincia\/\" rel=\"category tag\">Ciudad\/Provincia<\/a>","tag_info":"Ciudad\/Provincia","comment_count":"0","_links":{"self":[{"href":"https:\/\/apuntesdesanluis.com\/index.php\/wp-json\/wp\/v2\/posts\/2907","targetHints":{"allow":["GET"]}}],"collection":[{"href":"https:\/\/apuntesdesanluis.com\/index.php\/wp-json\/wp\/v2\/posts"}],"about":[{"href":"https:\/\/apuntesdesanluis.com\/index.php\/wp-json\/wp\/v2\/types\/post"}],"author":[{"embeddable":true,"href":"https:\/\/apuntesdesanluis.com\/index.php\/wp-json\/wp\/v2\/users\/1"}],"replies":[{"embeddable":true,"href":"https:\/\/apuntesdesanluis.com\/index.php\/wp-json\/wp\/v2\/comments?post=2907"}],"version-history":[{"count":1,"href":"https:\/\/apuntesdesanluis.com\/index.php\/wp-json\/wp\/v2\/posts\/2907\/revisions"}],"predecessor-version":[{"id":2910,"href":"https:\/\/apuntesdesanluis.com\/index.php\/wp-json\/wp\/v2\/posts\/2907\/revisions\/2910"}],"wp:featuredmedia":[{"embeddable":true,"href":"https:\/\/apuntesdesanluis.com\/index.php\/wp-json\/wp\/v2\/media\/2908"}],"wp:attachment":[{"href":"https:\/\/apuntesdesanluis.com\/index.php\/wp-json\/wp\/v2\/media?parent=2907"}],"wp:term":[{"taxonomy":"category","embeddable":true,"href":"https:\/\/apuntesdesanluis.com\/index.php\/wp-json\/wp\/v2\/categories?post=2907"},{"taxonomy":"post_tag","embeddable":true,"href":"https:\/\/apuntesdesanluis.com\/index.php\/wp-json\/wp\/v2\/tags?post=2907"}],"curies":[{"name":"wp","href":"https:\/\/api.w.org\/{rel}","templated":true}]}}