{"id":29078,"date":"2025-02-13T08:25:25","date_gmt":"2025-02-13T11:25:25","guid":{"rendered":"https:\/\/apuntesdesanluis.com\/?p=29078"},"modified":"2025-02-13T08:25:25","modified_gmt":"2025-02-13T11:25:25","slug":"comienza-el-campeonato-provincial-de-boxeo-amateur-jose-maria-gatica-2","status":"publish","type":"post","link":"https:\/\/apuntesdesanluis.com\/index.php\/2025\/02\/13\/comienza-el-campeonato-provincial-de-boxeo-amateur-jose-maria-gatica-2\/","title":{"rendered":"COMIENZA EL CAMPEONATO PROVINCIAL DE BOXEO AMATEUR \u2018JOS\u00c9 MAR\u00cdA GATICA\u2019"},"content":{"rendered":"<h3>En conferencia de prensa, la secretaria de Deportes, <strong>Adelaida Mu\u00f1iz<\/strong>, junto con el intendente de Villa Mercedes, <strong>Maximiliano Frontera<\/strong>, y la directora provincial de Boxeo, <strong>Eva Gatica<\/strong>, presentaron la primera fecha del torneo que reunir\u00e1 a m\u00e1s de 150 boxeadores de toda la provincia. Ser\u00e1 este <strong>jueves, a partir de las 21:00, en el Palacio de los Deportes<\/strong>.<\/h3>\n<h3>En este arranque habr\u00e1 10 peleas y la entrada ser\u00e1 libre y gratuita.<\/h3>\n<h3>Este jueves 13 a las 21:00, en el Palacio de los Deportes de Villa Mercedes y con m\u00e1s de 150 p\u00fagiles inscriptos, comenzar\u00e1 el Campeonato Provincial de Boxeo Amateur \u2018Jos\u00e9 Mar\u00eda Gatica\u2019 2025 que organiza la secretar\u00eda de Deportes y que durante el a\u00f1o recorrer\u00e1 la provincia con 14 veladas box\u00edsticas en distintos escenarios.<\/h3>\n<h3>Ser\u00e1 el segundo a\u00f1o consecutivo de evento despu\u00e9s de un significativo parate de m\u00e1s de ocho a\u00f1os en los cuales la actividad amateur fue pr\u00e1cticamente nula. Este mi\u00e9rcoles, en conferencia de prensa, la titular de Deportes destac\u00f3 la importancia de comenzar el torneo \u201cen Villa Mercedes, que es la cuna del boxeo y de grandes \u00eddolos\u201d. Al mismo tiempo, remarc\u00f3 que la ciudad \u201cno solo se destaca en la escena del boxeo, sino en los medalleros de todos los deportes porque siempre est\u00e1 a la cabeza con sus deportistas\u201d.<\/h3>\n<p><img fetchpriority=\"high\" decoding=\"async\" class=\"wp-image-29079 aligncenter\" src=\"https:\/\/apuntesdesanluis.com\/wp-content\/uploads\/2025\/02\/CONFERENCIA-BOXEO-300x196.png\" alt=\"\" width=\"680\" height=\"444\" srcset=\"https:\/\/apuntesdesanluis.com\/wp-content\/uploads\/2025\/02\/CONFERENCIA-BOXEO-300x196.png 300w, https:\/\/apuntesdesanluis.com\/wp-content\/uploads\/2025\/02\/CONFERENCIA-BOXEO.png 727w\" sizes=\"(max-width: 680px) 100vw, 680px\" \/><\/p>\n<h3>Gatica, por su parte, puso \u00e9nfasis en que el principal objetivo es el de \u201cincentivar a los chicos a practiquen un deporte y tengan una vida sana. Es una pol\u00edtica de Estado para el Gobernador y para todos nosotros. La premisa es que un chico practicando en un gimnasio es un chico menos en la calle\u201d.<\/h3>\n<h3>Frontera, en su intervenci\u00f3n, agradeci\u00f3 a la secretaria de Deportes \u201cpor venir tan seguido a Villa Mercedes y acompa\u00f1arnos en cada una de las actividades que realizamos\u201d. Asimismo, invit\u00f3 a todos los villamercedinos a ser parte de esta fiesta del boxeo provincial.<\/h3>\n<h3>El \u00e9xito obtenido en la versi\u00f3n 2024 hizo que este a\u00f1o, la expectativa se redoble y se sumen muchos boxeadores, entrenadores y gimnasios que quieren tomar parte de la competencia, la cual pone en juego t\u00edtulos provinciales e importantes premios para los protagonistas de las diferentes categor\u00edas.<\/h3>\n<h3>En esta temporada se aplicar\u00e1 el mismo sistema que tiene la Federaci\u00f3n Argentina de Box (FAB) para este tipo de cert\u00e1menes. Las carteleras de las veladas se armaron a trav\u00e9s de un sorteo p\u00fablico, es decir con un bolillero y con la prensa deportiva presente. Los boxeadores tendr\u00e1n la misma categor\u00eda y edad. Aquellos que tienen m\u00e1s de 10 peleas est\u00e1n encuadrados en la categor\u00eda \u2018Avezados\u2019, en funci\u00f3n de que no se enfrente un principiante con un boxeador que tiene m\u00e1s experiencia.<\/h3>\n<h3>Este jueves habr\u00e1 dos peleas en la categor\u00eda cadetes, dos en la divisi\u00f3n juveniles y seis en mayores. Dentro del programa, se enfrentar\u00e1n p\u00fagiles de un mismo entrenador y tendr\u00e1n car\u00e1cter de clasificatorios ya que los vencedores quedar\u00e1n como los representantes de cada uno de los distintos gimnasios.<\/h3>\n<h3><\/h3>\n<h3><strong>CARTELERA DE LA PRIMERA FECHA:<\/strong><\/h3>\n<h3><strong>1\u00aa Pelea \u2013 Categor\u00eda 48 kg. Cadetes<\/strong><\/h3>\n<h3>Yair Figueroa \u2013 Gimnasio El Pr\u00edncipe de Palacio Box \u2013 T\u00e9cnico: Mario Palacio \u2013 Villa Mercedes vs. Lucas Guti\u00e9rrez \u2013 Gimnasio El Luchador \u2013 T\u00e9cnico: Sergio Medina \u2013 San Luis.<\/h3>\n<h3><strong>2\u00aa Pelea \u2013 Categor\u00eda 56 kg. Mayores<\/strong><\/h3>\n<h3>Gabriel Aguilera \u2013 Gimnasio El Luchador \u2013 T\u00e9cnico: Sergio Medina \u2013 San Luis vs. Esteban L\u00f3pez \u2013 Gimnasio El Luchador \u2013 T\u00e9cnico: Sergio Medina \u2013 San Luis.<\/h3>\n<h3><strong>3\u00aa Pelea \u2013 Categor\u00eda 64 kg. Mayores<\/strong><\/h3>\n<h3>Nahuel Palma \u2013 Gimnasio Team Box El Chiqui Valenzuela T\u00e9cnico: Hern\u00e1n Valenzuela \u2013 San Luis vs.\u00a0 Franco Ben\u00edtez \u2013 Gimnasio Team Box El Chiqui Valenzuela \u2013 T\u00e9cnico: Hern\u00e1n Valenzuela \u2013 San Luis.<\/h3>\n<h3><strong>4\u00aa Pelea \u2013 Categor\u00eda 60 kg. Cadetes<\/strong><\/h3>\n<h3>Bautista Amaro \u2013 Gimnasio El Salvador \u2013 T\u00e9cnico: Fredy Moreno \u2013 Villa Mercedes vs. Rodrigo Mora \u2013 Gimnasio Only Warriors \u2013 T\u00e9cnico: Rodolfo Figueroa \u2013 La Toma.<\/h3>\n<h3><strong>5\u00aa Pelea \u2013 Categor\u00eda 64 kg. Juveniles<\/strong><\/h3>\n<h3>Lautaro P\u00e9rez \u2013 Gimnasio Stodulsky Box \u2013 T\u00e9cnico: Esteban Stodulsky \u2013 Villa Mercedes vs. Brian Sosa \u2013 Gimnasio Ernesto Miranda \u2013 T\u00e9cnico: Luis C\u00e1mara \u2013 San Luis.<\/h3>\n<h3>Intervalo: espect\u00e1culo Coreogr\u00e1fico y musical.<\/h3>\n<h3><strong>6\u00aa Pelea \u2013 Categor\u00eda 56 kg. Mayores<\/strong><\/h3>\n<h3>Mario Rosales \u2013 Gimnasio El Salvador \u2013 T\u00e9cnico: Fredy Moreno \u2013 Villa Mercedes vs. Alexis L\u00f3pez \u2013 Gimnasio Juntos por el Eva Per\u00f3n 2 \u2013 T\u00e9cnico: Juli\u00e1n Camargo \u2013 Villa Mercedes.<\/h3>\n<h3><strong>7\u00aa Pelea \u2013 Categor\u00eda 75 kg. Mayores<\/strong><\/h3>\n<h3>Pablo Guti\u00e9rrez \u2013 Gimnasio Micaela Luj\u00e1n \u2013 T\u00e9cnico Jos\u00e9 Ahumada \u2013 Villa Mercedes vs. Francisco Crotto \u2013 Gimnasio El Luchador \u2013 T\u00e9cnico: Sergio Medina \u2013 San Luis.<\/h3>\n<h3><strong>8\u00aa Pelea \u2013 Categor\u00eda 64 kg. Mayores<\/strong><\/h3>\n<h3>Jos\u00e9 Stenta \u2013 Gimnasio El Salvador \u2013 T\u00e9cnico: Fredy Moreno \u2013 Villa Mercedes vs. Guillermo Maldonado Gimnasio El Salvador \u2013 T\u00e9cnico: Fredy Moreno \u2013 Villa Mercedes.<\/h3>\n<h3><strong>9\u00aa Pelea \u2013 Categor\u00eda 91 kg. Mayores<\/strong><\/h3>\n<h3>Francesco Forcini \u2013 Gimnasio Team Box El Chiqui Valenzuela \u2013 T\u00e9cnico: Hern\u00e1n Valenzuela vs. Pablo Sosa \u2013 Gimnasio Team Box El Chiqui Valenzuela \u2013 T\u00e9cnico: Hern\u00e1n Valenzuela.<\/h3>\n<h3><strong>10\u00aa Pelea \u2013 Categor\u00eda 64 kg. Juveniles<\/strong><\/h3>\n<h3>Maximiliano Camargo \u2013 Gimnasio Juntos por el Eva Per\u00f3n 2 \u2013 T\u00e9cnico: Juli\u00e1n Camargo \u2013 Villa Mercedes vs. Leonel Barroso \u2013 Gimnasio Jani Box \u2013 T\u00e9cnico: Dar\u00edo Lucero \u2013 San Luis.<\/h3>\n<h3><\/h3>\n<h3><\/h3>\n<h3><\/h3>\n","protected":false},"excerpt":{"rendered":"<p>En conferencia de prensa, la secretaria de Deportes, Adelaida Mu\u00f1iz, junto con el intendente de&#8230;<\/p>\n","protected":false},"author":1,"featured_media":26423,"comment_status":"closed","ping_status":"closed","sticky":false,"template":"","format":"standard","meta":{"footnotes":""},"categories":[6],"tags":[],"class_list":["post-29078","post","type-post","status-publish","format-standard","has-post-thumbnail","hentry","category-ciudad-provincia"],"yoast_head":"<!-- This site is optimized with the Yoast SEO plugin v26.1.1 - https:\/\/yoast.com\/wordpress\/plugins\/seo\/ -->\n<title>COMIENZA EL CAMPEONATO PROVINCIAL DE BOXEO AMATEUR \u2018JOS\u00c9 MAR\u00cdA GATICA\u2019 - Apuntes de San Luis<\/title>\n<meta name=\"robots\" content=\"index, follow, max-snippet:-1, max-image-preview:large, max-video-preview:-1\" \/>\n<link rel=\"canonical\" href=\"https:\/\/apuntesdesanluis.com\/index.php\/2025\/02\/13\/comienza-el-campeonato-provincial-de-boxeo-amateur-jose-maria-gatica-2\/\" \/>\n<meta property=\"og:locale\" content=\"es_ES\" \/>\n<meta property=\"og:type\" content=\"article\" \/>\n<meta property=\"og:title\" content=\"COMIENZA EL CAMPEONATO PROVINCIAL DE BOXEO AMATEUR \u2018JOS\u00c9 MAR\u00cdA GATICA\u2019 - Apuntes de San Luis\" \/>\n<meta property=\"og:description\" content=\"En conferencia de prensa, la secretaria de Deportes, Adelaida Mu\u00f1iz, junto con el intendente de...\" \/>\n<meta property=\"og:url\" content=\"https:\/\/apuntesdesanluis.com\/index.php\/2025\/02\/13\/comienza-el-campeonato-provincial-de-boxeo-amateur-jose-maria-gatica-2\/\" \/>\n<meta property=\"og:site_name\" content=\"Apuntes de San Luis\" \/>\n<meta property=\"article:published_time\" content=\"2025-02-13T11:25:25+00:00\" \/>\n<meta property=\"og:image\" content=\"https:\/\/apuntesdesanluis.com\/wp-content\/uploads\/2024\/12\/BOXEO-AMATEUR-PINAS.png\" \/>\n\t<meta property=\"og:image:width\" content=\"566\" \/>\n\t<meta property=\"og:image:height\" content=\"375\" \/>\n\t<meta property=\"og:image:type\" content=\"image\/png\" \/>\n<meta name=\"author\" content=\"apuntesdesanluis.com\" \/>\n<meta name=\"twitter:card\" content=\"summary_large_image\" \/>\n<meta name=\"twitter:label1\" content=\"Escrito por\" \/>\n\t<meta name=\"twitter:data1\" content=\"apuntesdesanluis.com\" \/>\n\t<meta name=\"twitter:label2\" content=\"Tiempo de lectura\" \/>\n\t<meta name=\"twitter:data2\" content=\"5 minutos\" \/>\n<script type=\"application\/ld+json\" class=\"yoast-schema-graph\">{\"@context\":\"https:\/\/schema.org\",\"@graph\":[{\"@type\":\"Article\",\"@id\":\"https:\/\/apuntesdesanluis.com\/index.php\/2025\/02\/13\/comienza-el-campeonato-provincial-de-boxeo-amateur-jose-maria-gatica-2\/#article\",\"isPartOf\":{\"@id\":\"https:\/\/apuntesdesanluis.com\/index.php\/2025\/02\/13\/comienza-el-campeonato-provincial-de-boxeo-amateur-jose-maria-gatica-2\/\"},\"author\":{\"name\":\"apuntesdesanluis.com\",\"@id\":\"https:\/\/apuntesdesanluis.com\/#\/schema\/person\/b55151d52296fcce64d1a72538a70b90\"},\"headline\":\"COMIENZA EL CAMPEONATO PROVINCIAL DE BOXEO AMATEUR \u2018JOS\u00c9 MAR\u00cdA GATICA\u2019\",\"datePublished\":\"2025-02-13T11:25:25+00:00\",\"mainEntityOfPage\":{\"@id\":\"https:\/\/apuntesdesanluis.com\/index.php\/2025\/02\/13\/comienza-el-campeonato-provincial-de-boxeo-amateur-jose-maria-gatica-2\/\"},\"wordCount\":856,\"publisher\":{\"@id\":\"https:\/\/apuntesdesanluis.com\/#\/schema\/person\/b55151d52296fcce64d1a72538a70b90\"},\"image\":{\"@id\":\"https:\/\/apuntesdesanluis.com\/index.php\/2025\/02\/13\/comienza-el-campeonato-provincial-de-boxeo-amateur-jose-maria-gatica-2\/#primaryimage\"},\"thumbnailUrl\":\"https:\/\/apuntesdesanluis.com\/wp-content\/uploads\/2024\/12\/BOXEO-AMATEUR-PINAS.png\",\"articleSection\":[\"Ciudad\/Provincia\"],\"inLanguage\":\"es-AR\"},{\"@type\":\"WebPage\",\"@id\":\"https:\/\/apuntesdesanluis.com\/index.php\/2025\/02\/13\/comienza-el-campeonato-provincial-de-boxeo-amateur-jose-maria-gatica-2\/\",\"url\":\"https:\/\/apuntesdesanluis.com\/index.php\/2025\/02\/13\/comienza-el-campeonato-provincial-de-boxeo-amateur-jose-maria-gatica-2\/\",\"name\":\"COMIENZA EL CAMPEONATO PROVINCIAL DE BOXEO AMATEUR \u2018JOS\u00c9 MAR\u00cdA GATICA\u2019 - Apuntes de San Luis\",\"isPartOf\":{\"@id\":\"https:\/\/apuntesdesanluis.com\/#website\"},\"primaryImageOfPage\":{\"@id\":\"https:\/\/apuntesdesanluis.com\/index.php\/2025\/02\/13\/comienza-el-campeonato-provincial-de-boxeo-amateur-jose-maria-gatica-2\/#primaryimage\"},\"image\":{\"@id\":\"https:\/\/apuntesdesanluis.com\/index.php\/2025\/02\/13\/comienza-el-campeonato-provincial-de-boxeo-amateur-jose-maria-gatica-2\/#primaryimage\"},\"thumbnailUrl\":\"https:\/\/apuntesdesanluis.com\/wp-content\/uploads\/2024\/12\/BOXEO-AMATEUR-PINAS.png\",\"datePublished\":\"2025-02-13T11:25:25+00:00\",\"breadcrumb\":{\"@id\":\"https:\/\/apuntesdesanluis.com\/index.php\/2025\/02\/13\/comienza-el-campeonato-provincial-de-boxeo-amateur-jose-maria-gatica-2\/#breadcrumb\"},\"inLanguage\":\"es-AR\",\"potentialAction\":[{\"@type\":\"ReadAction\",\"target\":[\"https:\/\/apuntesdesanluis.com\/index.php\/2025\/02\/13\/comienza-el-campeonato-provincial-de-boxeo-amateur-jose-maria-gatica-2\/\"]}]},{\"@type\":\"ImageObject\",\"inLanguage\":\"es-AR\",\"@id\":\"https:\/\/apuntesdesanluis.com\/index.php\/2025\/02\/13\/comienza-el-campeonato-provincial-de-boxeo-amateur-jose-maria-gatica-2\/#primaryimage\",\"url\":\"https:\/\/apuntesdesanluis.com\/wp-content\/uploads\/2024\/12\/BOXEO-AMATEUR-PINAS.png\",\"contentUrl\":\"https:\/\/apuntesdesanluis.com\/wp-content\/uploads\/2024\/12\/BOXEO-AMATEUR-PINAS.png\",\"width\":566,\"height\":375},{\"@type\":\"BreadcrumbList\",\"@id\":\"https:\/\/apuntesdesanluis.com\/index.php\/2025\/02\/13\/comienza-el-campeonato-provincial-de-boxeo-amateur-jose-maria-gatica-2\/#breadcrumb\",\"itemListElement\":[{\"@type\":\"ListItem\",\"position\":1,\"name\":\"Inicio\",\"item\":\"https:\/\/apuntesdesanluis.com\/\"},{\"@type\":\"ListItem\",\"position\":2,\"name\":\"COMIENZA EL CAMPEONATO PROVINCIAL DE BOXEO AMATEUR \u2018JOS\u00c9 MAR\u00cdA GATICA\u2019\"}]},{\"@type\":\"WebSite\",\"@id\":\"https:\/\/apuntesdesanluis.com\/#website\",\"url\":\"https:\/\/apuntesdesanluis.com\/\",\"name\":\"Apuntes de San Luis\",\"description\":\"\",\"publisher\":{\"@id\":\"https:\/\/apuntesdesanluis.com\/#\/schema\/person\/b55151d52296fcce64d1a72538a70b90\"},\"potentialAction\":[{\"@type\":\"SearchAction\",\"target\":{\"@type\":\"EntryPoint\",\"urlTemplate\":\"https:\/\/apuntesdesanluis.com\/?s={search_term_string}\"},\"query-input\":{\"@type\":\"PropertyValueSpecification\",\"valueRequired\":true,\"valueName\":\"search_term_string\"}}],\"inLanguage\":\"es-AR\"},{\"@type\":[\"Person\",\"Organization\"],\"@id\":\"https:\/\/apuntesdesanluis.com\/#\/schema\/person\/b55151d52296fcce64d1a72538a70b90\",\"name\":\"apuntesdesanluis.com\",\"image\":{\"@type\":\"ImageObject\",\"inLanguage\":\"es-AR\",\"@id\":\"https:\/\/apuntesdesanluis.com\/#\/schema\/person\/image\/\",\"url\":\"https:\/\/apuntesdesanluis.com\/wp-content\/uploads\/2023\/07\/cropped-apuntesdesanluis.png\",\"contentUrl\":\"https:\/\/apuntesdesanluis.com\/wp-content\/uploads\/2023\/07\/cropped-apuntesdesanluis.png\",\"width\":450,\"height\":112,\"caption\":\"apuntesdesanluis.com\"},\"logo\":{\"@id\":\"https:\/\/apuntesdesanluis.com\/#\/schema\/person\/image\/\"},\"sameAs\":[\"https:\/\/apuntesdesanluis.com\"],\"url\":\"https:\/\/apuntesdesanluis.com\/index.php\/author\/apuntesdesanluis-com\/\"}]}<\/script>\n<!-- \/ Yoast SEO plugin. -->","yoast_head_json":{"title":"COMIENZA EL CAMPEONATO PROVINCIAL DE BOXEO AMATEUR \u2018JOS\u00c9 MAR\u00cdA GATICA\u2019 - Apuntes de San Luis","robots":{"index":"index","follow":"follow","max-snippet":"max-snippet:-1","max-image-preview":"max-image-preview:large","max-video-preview":"max-video-preview:-1"},"canonical":"https:\/\/apuntesdesanluis.com\/index.php\/2025\/02\/13\/comienza-el-campeonato-provincial-de-boxeo-amateur-jose-maria-gatica-2\/","og_locale":"es_ES","og_type":"article","og_title":"COMIENZA EL CAMPEONATO PROVINCIAL DE BOXEO AMATEUR \u2018JOS\u00c9 MAR\u00cdA GATICA\u2019 - Apuntes de San Luis","og_description":"En conferencia de prensa, la secretaria de Deportes, Adelaida Mu\u00f1iz, junto con el intendente de...","og_url":"https:\/\/apuntesdesanluis.com\/index.php\/2025\/02\/13\/comienza-el-campeonato-provincial-de-boxeo-amateur-jose-maria-gatica-2\/","og_site_name":"Apuntes de San Luis","article_published_time":"2025-02-13T11:25:25+00:00","og_image":[{"width":566,"height":375,"url":"https:\/\/apuntesdesanluis.com\/wp-content\/uploads\/2024\/12\/BOXEO-AMATEUR-PINAS.png","type":"image\/png"}],"author":"apuntesdesanluis.com","twitter_card":"summary_large_image","twitter_misc":{"Escrito por":"apuntesdesanluis.com","Tiempo de lectura":"5 minutos"},"schema":{"@context":"https:\/\/schema.org","@graph":[{"@type":"Article","@id":"https:\/\/apuntesdesanluis.com\/index.php\/2025\/02\/13\/comienza-el-campeonato-provincial-de-boxeo-amateur-jose-maria-gatica-2\/#article","isPartOf":{"@id":"https:\/\/apuntesdesanluis.com\/index.php\/2025\/02\/13\/comienza-el-campeonato-provincial-de-boxeo-amateur-jose-maria-gatica-2\/"},"author":{"name":"apuntesdesanluis.com","@id":"https:\/\/apuntesdesanluis.com\/#\/schema\/person\/b55151d52296fcce64d1a72538a70b90"},"headline":"COMIENZA EL CAMPEONATO PROVINCIAL DE BOXEO AMATEUR \u2018JOS\u00c9 MAR\u00cdA GATICA\u2019","datePublished":"2025-02-13T11:25:25+00:00","mainEntityOfPage":{"@id":"https:\/\/apuntesdesanluis.com\/index.php\/2025\/02\/13\/comienza-el-campeonato-provincial-de-boxeo-amateur-jose-maria-gatica-2\/"},"wordCount":856,"publisher":{"@id":"https:\/\/apuntesdesanluis.com\/#\/schema\/person\/b55151d52296fcce64d1a72538a70b90"},"image":{"@id":"https:\/\/apuntesdesanluis.com\/index.php\/2025\/02\/13\/comienza-el-campeonato-provincial-de-boxeo-amateur-jose-maria-gatica-2\/#primaryimage"},"thumbnailUrl":"https:\/\/apuntesdesanluis.com\/wp-content\/uploads\/2024\/12\/BOXEO-AMATEUR-PINAS.png","articleSection":["Ciudad\/Provincia"],"inLanguage":"es-AR"},{"@type":"WebPage","@id":"https:\/\/apuntesdesanluis.com\/index.php\/2025\/02\/13\/comienza-el-campeonato-provincial-de-boxeo-amateur-jose-maria-gatica-2\/","url":"https:\/\/apuntesdesanluis.com\/index.php\/2025\/02\/13\/comienza-el-campeonato-provincial-de-boxeo-amateur-jose-maria-gatica-2\/","name":"COMIENZA EL CAMPEONATO PROVINCIAL DE BOXEO AMATEUR \u2018JOS\u00c9 MAR\u00cdA GATICA\u2019 - Apuntes de San Luis","isPartOf":{"@id":"https:\/\/apuntesdesanluis.com\/#website"},"primaryImageOfPage":{"@id":"https:\/\/apuntesdesanluis.com\/index.php\/2025\/02\/13\/comienza-el-campeonato-provincial-de-boxeo-amateur-jose-maria-gatica-2\/#primaryimage"},"image":{"@id":"https:\/\/apuntesdesanluis.com\/index.php\/2025\/02\/13\/comienza-el-campeonato-provincial-de-boxeo-amateur-jose-maria-gatica-2\/#primaryimage"},"thumbnailUrl":"https:\/\/apuntesdesanluis.com\/wp-content\/uploads\/2024\/12\/BOXEO-AMATEUR-PINAS.png","datePublished":"2025-02-13T11:25:25+00:00","breadcrumb":{"@id":"https:\/\/apuntesdesanluis.com\/index.php\/2025\/02\/13\/comienza-el-campeonato-provincial-de-boxeo-amateur-jose-maria-gatica-2\/#breadcrumb"},"inLanguage":"es-AR","potentialAction":[{"@type":"ReadAction","target":["https:\/\/apuntesdesanluis.com\/index.php\/2025\/02\/13\/comienza-el-campeonato-provincial-de-boxeo-amateur-jose-maria-gatica-2\/"]}]},{"@type":"ImageObject","inLanguage":"es-AR","@id":"https:\/\/apuntesdesanluis.com\/index.php\/2025\/02\/13\/comienza-el-campeonato-provincial-de-boxeo-amateur-jose-maria-gatica-2\/#primaryimage","url":"https:\/\/apuntesdesanluis.com\/wp-content\/uploads\/2024\/12\/BOXEO-AMATEUR-PINAS.png","contentUrl":"https:\/\/apuntesdesanluis.com\/wp-content\/uploads\/2024\/12\/BOXEO-AMATEUR-PINAS.png","width":566,"height":375},{"@type":"BreadcrumbList","@id":"https:\/\/apuntesdesanluis.com\/index.php\/2025\/02\/13\/comienza-el-campeonato-provincial-de-boxeo-amateur-jose-maria-gatica-2\/#breadcrumb","itemListElement":[{"@type":"ListItem","position":1,"name":"Inicio","item":"https:\/\/apuntesdesanluis.com\/"},{"@type":"ListItem","position":2,"name":"COMIENZA EL CAMPEONATO PROVINCIAL DE BOXEO AMATEUR \u2018JOS\u00c9 MAR\u00cdA GATICA\u2019"}]},{"@type":"WebSite","@id":"https:\/\/apuntesdesanluis.com\/#website","url":"https:\/\/apuntesdesanluis.com\/","name":"Apuntes de San Luis","description":"","publisher":{"@id":"https:\/\/apuntesdesanluis.com\/#\/schema\/person\/b55151d52296fcce64d1a72538a70b90"},"potentialAction":[{"@type":"SearchAction","target":{"@type":"EntryPoint","urlTemplate":"https:\/\/apuntesdesanluis.com\/?s={search_term_string}"},"query-input":{"@type":"PropertyValueSpecification","valueRequired":true,"valueName":"search_term_string"}}],"inLanguage":"es-AR"},{"@type":["Person","Organization"],"@id":"https:\/\/apuntesdesanluis.com\/#\/schema\/person\/b55151d52296fcce64d1a72538a70b90","name":"apuntesdesanluis.com","image":{"@type":"ImageObject","inLanguage":"es-AR","@id":"https:\/\/apuntesdesanluis.com\/#\/schema\/person\/image\/","url":"https:\/\/apuntesdesanluis.com\/wp-content\/uploads\/2023\/07\/cropped-apuntesdesanluis.png","contentUrl":"https:\/\/apuntesdesanluis.com\/wp-content\/uploads\/2023\/07\/cropped-apuntesdesanluis.png","width":450,"height":112,"caption":"apuntesdesanluis.com"},"logo":{"@id":"https:\/\/apuntesdesanluis.com\/#\/schema\/person\/image\/"},"sameAs":["https:\/\/apuntesdesanluis.com"],"url":"https:\/\/apuntesdesanluis.com\/index.php\/author\/apuntesdesanluis-com\/"}]}},"featured_image_urls":{"full":["https:\/\/apuntesdesanluis.com\/wp-content\/uploads\/2024\/12\/BOXEO-AMATEUR-PINAS.png",566,375,false],"thumbnail":["https:\/\/apuntesdesanluis.com\/wp-content\/uploads\/2024\/12\/BOXEO-AMATEUR-PINAS-150x150.png",150,150,true],"medium":["https:\/\/apuntesdesanluis.com\/wp-content\/uploads\/2024\/12\/BOXEO-AMATEUR-PINAS-300x199.png",300,199,true],"medium_large":["https:\/\/apuntesdesanluis.com\/wp-content\/uploads\/2024\/12\/BOXEO-AMATEUR-PINAS.png",566,375,false],"large":["https:\/\/apuntesdesanluis.com\/wp-content\/uploads\/2024\/12\/BOXEO-AMATEUR-PINAS.png",566,375,false],"1536x1536":["https:\/\/apuntesdesanluis.com\/wp-content\/uploads\/2024\/12\/BOXEO-AMATEUR-PINAS.png",566,375,false],"2048x2048":["https:\/\/apuntesdesanluis.com\/wp-content\/uploads\/2024\/12\/BOXEO-AMATEUR-PINAS.png",566,375,false],"newsever-slider-full":["https:\/\/apuntesdesanluis.com\/wp-content\/uploads\/2024\/12\/BOXEO-AMATEUR-PINAS.png",566,375,false],"newsever-featured":["https:\/\/apuntesdesanluis.com\/wp-content\/uploads\/2024\/12\/BOXEO-AMATEUR-PINAS.png",566,375,false],"newsever-medium":["https:\/\/apuntesdesanluis.com\/wp-content\/uploads\/2024\/12\/BOXEO-AMATEUR-PINAS.png",566,375,false]},"author_info":{"display_name":"apuntesdesanluis.com","author_link":"https:\/\/apuntesdesanluis.com\/index.php\/author\/apuntesdesanluis-com\/"},"category_info":"<a href=\"https:\/\/apuntesdesanluis.com\/index.php\/category\/ciudad-provincia\/\" rel=\"category tag\">Ciudad\/Provincia<\/a>","tag_info":"Ciudad\/Provincia","comment_count":"0","_links":{"self":[{"href":"https:\/\/apuntesdesanluis.com\/index.php\/wp-json\/wp\/v2\/posts\/29078","targetHints":{"allow":["GET"]}}],"collection":[{"href":"https:\/\/apuntesdesanluis.com\/index.php\/wp-json\/wp\/v2\/posts"}],"about":[{"href":"https:\/\/apuntesdesanluis.com\/index.php\/wp-json\/wp\/v2\/types\/post"}],"author":[{"embeddable":true,"href":"https:\/\/apuntesdesanluis.com\/index.php\/wp-json\/wp\/v2\/users\/1"}],"replies":[{"embeddable":true,"href":"https:\/\/apuntesdesanluis.com\/index.php\/wp-json\/wp\/v2\/comments?post=29078"}],"version-history":[{"count":1,"href":"https:\/\/apuntesdesanluis.com\/index.php\/wp-json\/wp\/v2\/posts\/29078\/revisions"}],"predecessor-version":[{"id":29080,"href":"https:\/\/apuntesdesanluis.com\/index.php\/wp-json\/wp\/v2\/posts\/29078\/revisions\/29080"}],"wp:featuredmedia":[{"embeddable":true,"href":"https:\/\/apuntesdesanluis.com\/index.php\/wp-json\/wp\/v2\/media\/26423"}],"wp:attachment":[{"href":"https:\/\/apuntesdesanluis.com\/index.php\/wp-json\/wp\/v2\/media?parent=29078"}],"wp:term":[{"taxonomy":"category","embeddable":true,"href":"https:\/\/apuntesdesanluis.com\/index.php\/wp-json\/wp\/v2\/categories?post=29078"},{"taxonomy":"post_tag","embeddable":true,"href":"https:\/\/apuntesdesanluis.com\/index.php\/wp-json\/wp\/v2\/tags?post=29078"}],"curies":[{"name":"wp","href":"https:\/\/api.w.org\/{rel}","templated":true}]}}