{"id":29082,"date":"2025-02-12T19:30:41","date_gmt":"2025-02-12T22:30:41","guid":{"rendered":"https:\/\/apuntesdesanluis.com\/?p=29082"},"modified":"2025-02-13T13:11:29","modified_gmt":"2025-02-13T16:11:29","slug":"todo-listo-para-la-v-edicion-de-la-copa-ciudad-de-la-punta","status":"publish","type":"post","link":"https:\/\/apuntesdesanluis.com\/index.php\/2025\/02\/12\/todo-listo-para-la-v-edicion-de-la-copa-ciudad-de-la-punta\/","title":{"rendered":"TODO LISTO PARA LA V EDICI\u00d3N DE LA COPA CIUDAD DE LA PUNTA"},"content":{"rendered":"<h3>La competencia se disputar\u00e1 desde este viernes 14 hasta el domingo 16 de febrero, con dos sedes confirmadas: el <strong>Estadio Provincial \u201cJuan Gilberto Funes\u201d<\/strong> y el <strong>Centro de Alto Rendimiento Deportivo (CARD)<\/strong>.<\/h3>\n<h3>La V edici\u00f3n de la <strong>Copa Ciudad de La Punta<\/strong> de f\u00fatbol fue presentada oficialmente d\u00edas pasados, en una conferencia de prensa que brindaron el Director de F\u00fatbol Seniors de la Secretar\u00eda de Deportes del Gobierno Provincial, <strong>Daniel Hugo Vera<\/strong>; el Secretario de Deporte, Turismo y Cultura de la Municipalidad, <strong>Javier Porco<\/strong>, y la Jefa del Departamento de Deporte Institucional, <strong>Eliana Flores<\/strong>.<\/h3>\n<h3><img fetchpriority=\"high\" decoding=\"async\" class=\"wp-image-29083 aligncenter\" src=\"https:\/\/apuntesdesanluis.com\/wp-content\/uploads\/2025\/02\/porco-y-vera-300x172.png\" alt=\"\" width=\"581\" height=\"333\" srcset=\"https:\/\/apuntesdesanluis.com\/wp-content\/uploads\/2025\/02\/porco-y-vera-300x172.png 300w, https:\/\/apuntesdesanluis.com\/wp-content\/uploads\/2025\/02\/porco-y-vera.png 761w\" sizes=\"(max-width: 581px) 100vw, 581px\" \/><\/h3>\n<h3>\u201cEsta Copa Ciudad de La Punta es un evento que nos llena de orgullo y entusiasmo\u201d, afirm\u00f3 el Secretario de Deporte, Turismo y Cultura. Y resalt\u00f3: \u201cEs una oportunidad para que nuestros vecinos se re\u00fanan y disfruten del deporte, la amistad y la competencia sana\u201d.<\/h3>\n<h3>Adem\u00e1s, Porco y Flores destacaron la importancia de la Copa en materia de turismo para la ciudad y para toda la econom\u00eda provincial.<\/h3>\n<h3>\u201cEstoy emocionado por ver a nuestros equipos locales y a los equipos grandes del pa\u00eds compitiendo y demostrando su pasi\u00f3n por el f\u00fatbol\u201d, concluy\u00f3 Porco.<\/h3>\n<p><img decoding=\"async\" class=\"wp-image-29085 aligncenter\" src=\"https:\/\/apuntesdesanluis.com\/wp-content\/uploads\/2025\/02\/7dc3e66e-a33f-4f34-a030-dbac64b72d3f-300x291.jpg\" alt=\"\" width=\"604\" height=\"586\" srcset=\"https:\/\/apuntesdesanluis.com\/wp-content\/uploads\/2025\/02\/7dc3e66e-a33f-4f34-a030-dbac64b72d3f-300x291.jpg 300w, https:\/\/apuntesdesanluis.com\/wp-content\/uploads\/2025\/02\/7dc3e66e-a33f-4f34-a030-dbac64b72d3f-768x744.jpg 768w, https:\/\/apuntesdesanluis.com\/wp-content\/uploads\/2025\/02\/7dc3e66e-a33f-4f34-a030-dbac64b72d3f.jpg 800w\" sizes=\"(max-width: 604px) 100vw, 604px\" \/><\/p>\n<h3>Por su parte el intendente <strong>Luciano Ayala<\/strong>, confeso hincha de Boca, invit\u00f3 a todos los amantes del f\u00fatbol a concurrir a La Punta \u201cpara disfrutar no solo del f\u00fatbol, sino tambi\u00e9n de toda nuestra geograf\u00eda y los atractivos que tiene nuestra ciudad de La Punta y las localidades vecinas\u201d.<\/h3>\n<h3>Record\u00f3 que son 16 los clubes que conformar\u00e1n el torneo de f\u00fatbol (categor\u00eda senior +43), que se desarrollar\u00e1 en el Estadio Provincial \u201cJuan Gilberto Funes\u201d y en el Centro de Alto Rendimiento Deportivo (CARD). &#8220;Participar\u00e1n equipos de renombre nacional como <strong>San Mart\u00edn de Tucum\u00e1n, Sarmiento de Jun\u00edn y San Mart\u00edn de San Juan, por lo que es una buena medida comparar c\u00f3mo se paran frente al gran nivel que tienen los equipos locales&#8221;, expres\u00f3.<\/strong><\/h3>\n<h3><img decoding=\"async\" class=\"wp-image-29084 aligncenter\" src=\"https:\/\/apuntesdesanluis.com\/wp-content\/uploads\/2025\/02\/lUCHO-AYALA-300x186.png\" alt=\"\" width=\"663\" height=\"411\" srcset=\"https:\/\/apuntesdesanluis.com\/wp-content\/uploads\/2025\/02\/lUCHO-AYALA-300x186.png 300w, https:\/\/apuntesdesanluis.com\/wp-content\/uploads\/2025\/02\/lUCHO-AYALA.png 592w\" sizes=\"(max-width: 663px) 100vw, 663px\" \/><\/h3>\n<h3>Este viernes 14, a partir de las 18:00 hs., acreditar\u00e1n a todas las instituciones; luego, desde las 19:00hs., se llevar\u00e1 a cabo el Acto de Apertura de la Copa, en el que asistir\u00e1n funcionarios provinciales y municipales; finalmente, a las 19:30hs. se jugar\u00e1n los primeros 4 partidos, uno de cada zona de la cabeza de serie.<\/h3>\n<h3>El s\u00e1bado 15, se realizar\u00e1n todos los partidos de fase de grupos, que ser\u00e1n 24 en total. Por \u00faltimo, el domingo 16 se har\u00e1n los cuartos de final por la ma\u00f1ana en el CARD, mientras que las semifinales, partido por el tercer puesto y la final se llevar\u00e1n adelante en horas de la tarde en el \u201cJuan Gilberto Funes\u201d.<\/h3>\n<p>&nbsp;<\/p>\n<p><img loading=\"lazy\" decoding=\"async\" class=\"wp-image-29097 aligncenter\" src=\"https:\/\/apuntesdesanluis.com\/wp-content\/uploads\/2025\/02\/9797026f-267c-4e48-9731-b3b901ab6733-168x300.jpg\" alt=\"\" width=\"508\" height=\"907\" srcset=\"https:\/\/apuntesdesanluis.com\/wp-content\/uploads\/2025\/02\/9797026f-267c-4e48-9731-b3b901ab6733-168x300.jpg 168w, https:\/\/apuntesdesanluis.com\/wp-content\/uploads\/2025\/02\/9797026f-267c-4e48-9731-b3b901ab6733-574x1024.jpg 574w, https:\/\/apuntesdesanluis.com\/wp-content\/uploads\/2025\/02\/9797026f-267c-4e48-9731-b3b901ab6733-768x1369.jpg 768w, https:\/\/apuntesdesanluis.com\/wp-content\/uploads\/2025\/02\/9797026f-267c-4e48-9731-b3b901ab6733-1024x1826.jpg 1024w, https:\/\/apuntesdesanluis.com\/wp-content\/uploads\/2025\/02\/9797026f-267c-4e48-9731-b3b901ab6733.jpg 1436w\" sizes=\"(max-width: 508px) 100vw, 508px\" \/><\/p>\n<p>&nbsp;<\/p>\n<p>&nbsp;<\/p>\n<p>&nbsp;<\/p>\n<p>&nbsp;<\/p>\n<p>&nbsp;<\/p>\n<h3><\/h3>\n<h3><\/h3>\n<h3><\/h3>\n","protected":false},"excerpt":{"rendered":"<p>La competencia se disputar\u00e1 desde este viernes 14 hasta el domingo 16 de febrero, con&#8230;<\/p>\n","protected":false},"author":1,"featured_media":29086,"comment_status":"closed","ping_status":"closed","sticky":false,"template":"","format":"standard","meta":{"footnotes":""},"categories":[6],"tags":[],"class_list":["post-29082","post","type-post","status-publish","format-standard","has-post-thumbnail","hentry","category-ciudad-provincia"],"yoast_head":"<!-- This site is optimized with the Yoast SEO plugin v26.1.1 - https:\/\/yoast.com\/wordpress\/plugins\/seo\/ -->\n<title>TODO LISTO PARA LA V EDICI\u00d3N DE LA COPA CIUDAD DE LA PUNTA - Apuntes de San Luis<\/title>\n<meta name=\"robots\" content=\"index, follow, max-snippet:-1, max-image-preview:large, max-video-preview:-1\" \/>\n<link rel=\"canonical\" href=\"https:\/\/apuntesdesanluis.com\/index.php\/2025\/02\/12\/todo-listo-para-la-v-edicion-de-la-copa-ciudad-de-la-punta\/\" \/>\n<meta property=\"og:locale\" content=\"es_ES\" \/>\n<meta property=\"og:type\" content=\"article\" \/>\n<meta property=\"og:title\" content=\"TODO LISTO PARA LA V EDICI\u00d3N DE LA COPA CIUDAD DE LA PUNTA - Apuntes de San Luis\" \/>\n<meta property=\"og:description\" content=\"La competencia se disputar\u00e1 desde este viernes 14 hasta el domingo 16 de febrero, con...\" \/>\n<meta property=\"og:url\" content=\"https:\/\/apuntesdesanluis.com\/index.php\/2025\/02\/12\/todo-listo-para-la-v-edicion-de-la-copa-ciudad-de-la-punta\/\" \/>\n<meta property=\"og:site_name\" content=\"Apuntes de San Luis\" \/>\n<meta property=\"article:published_time\" content=\"2025-02-12T22:30:41+00:00\" \/>\n<meta property=\"article:modified_time\" content=\"2025-02-13T16:11:29+00:00\" \/>\n<meta property=\"og:image\" content=\"https:\/\/apuntesdesanluis.com\/wp-content\/uploads\/2025\/02\/estagio-Juan-gilberto-funes.png\" \/>\n\t<meta property=\"og:image:width\" content=\"670\" \/>\n\t<meta property=\"og:image:height\" content=\"386\" \/>\n\t<meta property=\"og:image:type\" content=\"image\/png\" \/>\n<meta name=\"author\" content=\"apuntesdesanluis.com\" \/>\n<meta name=\"twitter:card\" content=\"summary_large_image\" \/>\n<meta name=\"twitter:label1\" content=\"Escrito por\" \/>\n\t<meta name=\"twitter:data1\" content=\"apuntesdesanluis.com\" \/>\n\t<meta name=\"twitter:label2\" content=\"Tiempo de lectura\" \/>\n\t<meta name=\"twitter:data2\" content=\"3 minutos\" \/>\n<script type=\"application\/ld+json\" class=\"yoast-schema-graph\">{\"@context\":\"https:\/\/schema.org\",\"@graph\":[{\"@type\":\"Article\",\"@id\":\"https:\/\/apuntesdesanluis.com\/index.php\/2025\/02\/12\/todo-listo-para-la-v-edicion-de-la-copa-ciudad-de-la-punta\/#article\",\"isPartOf\":{\"@id\":\"https:\/\/apuntesdesanluis.com\/index.php\/2025\/02\/12\/todo-listo-para-la-v-edicion-de-la-copa-ciudad-de-la-punta\/\"},\"author\":{\"name\":\"apuntesdesanluis.com\",\"@id\":\"https:\/\/apuntesdesanluis.com\/#\/schema\/person\/b55151d52296fcce64d1a72538a70b90\"},\"headline\":\"TODO LISTO PARA LA V EDICI\u00d3N DE LA COPA CIUDAD DE LA PUNTA\",\"datePublished\":\"2025-02-12T22:30:41+00:00\",\"dateModified\":\"2025-02-13T16:11:29+00:00\",\"mainEntityOfPage\":{\"@id\":\"https:\/\/apuntesdesanluis.com\/index.php\/2025\/02\/12\/todo-listo-para-la-v-edicion-de-la-copa-ciudad-de-la-punta\/\"},\"wordCount\":468,\"publisher\":{\"@id\":\"https:\/\/apuntesdesanluis.com\/#\/schema\/person\/b55151d52296fcce64d1a72538a70b90\"},\"image\":{\"@id\":\"https:\/\/apuntesdesanluis.com\/index.php\/2025\/02\/12\/todo-listo-para-la-v-edicion-de-la-copa-ciudad-de-la-punta\/#primaryimage\"},\"thumbnailUrl\":\"https:\/\/apuntesdesanluis.com\/wp-content\/uploads\/2025\/02\/estagio-Juan-gilberto-funes.png\",\"articleSection\":[\"Ciudad\/Provincia\"],\"inLanguage\":\"es-AR\"},{\"@type\":\"WebPage\",\"@id\":\"https:\/\/apuntesdesanluis.com\/index.php\/2025\/02\/12\/todo-listo-para-la-v-edicion-de-la-copa-ciudad-de-la-punta\/\",\"url\":\"https:\/\/apuntesdesanluis.com\/index.php\/2025\/02\/12\/todo-listo-para-la-v-edicion-de-la-copa-ciudad-de-la-punta\/\",\"name\":\"TODO LISTO PARA LA V EDICI\u00d3N DE LA COPA CIUDAD DE LA PUNTA - Apuntes de San Luis\",\"isPartOf\":{\"@id\":\"https:\/\/apuntesdesanluis.com\/#website\"},\"primaryImageOfPage\":{\"@id\":\"https:\/\/apuntesdesanluis.com\/index.php\/2025\/02\/12\/todo-listo-para-la-v-edicion-de-la-copa-ciudad-de-la-punta\/#primaryimage\"},\"image\":{\"@id\":\"https:\/\/apuntesdesanluis.com\/index.php\/2025\/02\/12\/todo-listo-para-la-v-edicion-de-la-copa-ciudad-de-la-punta\/#primaryimage\"},\"thumbnailUrl\":\"https:\/\/apuntesdesanluis.com\/wp-content\/uploads\/2025\/02\/estagio-Juan-gilberto-funes.png\",\"datePublished\":\"2025-02-12T22:30:41+00:00\",\"dateModified\":\"2025-02-13T16:11:29+00:00\",\"breadcrumb\":{\"@id\":\"https:\/\/apuntesdesanluis.com\/index.php\/2025\/02\/12\/todo-listo-para-la-v-edicion-de-la-copa-ciudad-de-la-punta\/#breadcrumb\"},\"inLanguage\":\"es-AR\",\"potentialAction\":[{\"@type\":\"ReadAction\",\"target\":[\"https:\/\/apuntesdesanluis.com\/index.php\/2025\/02\/12\/todo-listo-para-la-v-edicion-de-la-copa-ciudad-de-la-punta\/\"]}]},{\"@type\":\"ImageObject\",\"inLanguage\":\"es-AR\",\"@id\":\"https:\/\/apuntesdesanluis.com\/index.php\/2025\/02\/12\/todo-listo-para-la-v-edicion-de-la-copa-ciudad-de-la-punta\/#primaryimage\",\"url\":\"https:\/\/apuntesdesanluis.com\/wp-content\/uploads\/2025\/02\/estagio-Juan-gilberto-funes.png\",\"contentUrl\":\"https:\/\/apuntesdesanluis.com\/wp-content\/uploads\/2025\/02\/estagio-Juan-gilberto-funes.png\",\"width\":670,\"height\":386},{\"@type\":\"BreadcrumbList\",\"@id\":\"https:\/\/apuntesdesanluis.com\/index.php\/2025\/02\/12\/todo-listo-para-la-v-edicion-de-la-copa-ciudad-de-la-punta\/#breadcrumb\",\"itemListElement\":[{\"@type\":\"ListItem\",\"position\":1,\"name\":\"Inicio\",\"item\":\"https:\/\/apuntesdesanluis.com\/\"},{\"@type\":\"ListItem\",\"position\":2,\"name\":\"TODO LISTO PARA LA V EDICI\u00d3N DE LA COPA CIUDAD DE LA PUNTA\"}]},{\"@type\":\"WebSite\",\"@id\":\"https:\/\/apuntesdesanluis.com\/#website\",\"url\":\"https:\/\/apuntesdesanluis.com\/\",\"name\":\"Apuntes de San Luis\",\"description\":\"\",\"publisher\":{\"@id\":\"https:\/\/apuntesdesanluis.com\/#\/schema\/person\/b55151d52296fcce64d1a72538a70b90\"},\"potentialAction\":[{\"@type\":\"SearchAction\",\"target\":{\"@type\":\"EntryPoint\",\"urlTemplate\":\"https:\/\/apuntesdesanluis.com\/?s={search_term_string}\"},\"query-input\":{\"@type\":\"PropertyValueSpecification\",\"valueRequired\":true,\"valueName\":\"search_term_string\"}}],\"inLanguage\":\"es-AR\"},{\"@type\":[\"Person\",\"Organization\"],\"@id\":\"https:\/\/apuntesdesanluis.com\/#\/schema\/person\/b55151d52296fcce64d1a72538a70b90\",\"name\":\"apuntesdesanluis.com\",\"image\":{\"@type\":\"ImageObject\",\"inLanguage\":\"es-AR\",\"@id\":\"https:\/\/apuntesdesanluis.com\/#\/schema\/person\/image\/\",\"url\":\"https:\/\/apuntesdesanluis.com\/wp-content\/uploads\/2023\/07\/cropped-apuntesdesanluis.png\",\"contentUrl\":\"https:\/\/apuntesdesanluis.com\/wp-content\/uploads\/2023\/07\/cropped-apuntesdesanluis.png\",\"width\":450,\"height\":112,\"caption\":\"apuntesdesanluis.com\"},\"logo\":{\"@id\":\"https:\/\/apuntesdesanluis.com\/#\/schema\/person\/image\/\"},\"sameAs\":[\"https:\/\/apuntesdesanluis.com\"],\"url\":\"https:\/\/apuntesdesanluis.com\/index.php\/author\/apuntesdesanluis-com\/\"}]}<\/script>\n<!-- \/ Yoast SEO plugin. -->","yoast_head_json":{"title":"TODO LISTO PARA LA V EDICI\u00d3N DE LA COPA CIUDAD DE LA PUNTA - Apuntes de San Luis","robots":{"index":"index","follow":"follow","max-snippet":"max-snippet:-1","max-image-preview":"max-image-preview:large","max-video-preview":"max-video-preview:-1"},"canonical":"https:\/\/apuntesdesanluis.com\/index.php\/2025\/02\/12\/todo-listo-para-la-v-edicion-de-la-copa-ciudad-de-la-punta\/","og_locale":"es_ES","og_type":"article","og_title":"TODO LISTO PARA LA V EDICI\u00d3N DE LA COPA CIUDAD DE LA PUNTA - Apuntes de San Luis","og_description":"La competencia se disputar\u00e1 desde este viernes 14 hasta el domingo 16 de febrero, con...","og_url":"https:\/\/apuntesdesanluis.com\/index.php\/2025\/02\/12\/todo-listo-para-la-v-edicion-de-la-copa-ciudad-de-la-punta\/","og_site_name":"Apuntes de San Luis","article_published_time":"2025-02-12T22:30:41+00:00","article_modified_time":"2025-02-13T16:11:29+00:00","og_image":[{"width":670,"height":386,"url":"https:\/\/apuntesdesanluis.com\/wp-content\/uploads\/2025\/02\/estagio-Juan-gilberto-funes.png","type":"image\/png"}],"author":"apuntesdesanluis.com","twitter_card":"summary_large_image","twitter_misc":{"Escrito por":"apuntesdesanluis.com","Tiempo de lectura":"3 minutos"},"schema":{"@context":"https:\/\/schema.org","@graph":[{"@type":"Article","@id":"https:\/\/apuntesdesanluis.com\/index.php\/2025\/02\/12\/todo-listo-para-la-v-edicion-de-la-copa-ciudad-de-la-punta\/#article","isPartOf":{"@id":"https:\/\/apuntesdesanluis.com\/index.php\/2025\/02\/12\/todo-listo-para-la-v-edicion-de-la-copa-ciudad-de-la-punta\/"},"author":{"name":"apuntesdesanluis.com","@id":"https:\/\/apuntesdesanluis.com\/#\/schema\/person\/b55151d52296fcce64d1a72538a70b90"},"headline":"TODO LISTO PARA LA V EDICI\u00d3N DE LA COPA CIUDAD DE LA PUNTA","datePublished":"2025-02-12T22:30:41+00:00","dateModified":"2025-02-13T16:11:29+00:00","mainEntityOfPage":{"@id":"https:\/\/apuntesdesanluis.com\/index.php\/2025\/02\/12\/todo-listo-para-la-v-edicion-de-la-copa-ciudad-de-la-punta\/"},"wordCount":468,"publisher":{"@id":"https:\/\/apuntesdesanluis.com\/#\/schema\/person\/b55151d52296fcce64d1a72538a70b90"},"image":{"@id":"https:\/\/apuntesdesanluis.com\/index.php\/2025\/02\/12\/todo-listo-para-la-v-edicion-de-la-copa-ciudad-de-la-punta\/#primaryimage"},"thumbnailUrl":"https:\/\/apuntesdesanluis.com\/wp-content\/uploads\/2025\/02\/estagio-Juan-gilberto-funes.png","articleSection":["Ciudad\/Provincia"],"inLanguage":"es-AR"},{"@type":"WebPage","@id":"https:\/\/apuntesdesanluis.com\/index.php\/2025\/02\/12\/todo-listo-para-la-v-edicion-de-la-copa-ciudad-de-la-punta\/","url":"https:\/\/apuntesdesanluis.com\/index.php\/2025\/02\/12\/todo-listo-para-la-v-edicion-de-la-copa-ciudad-de-la-punta\/","name":"TODO LISTO PARA LA V EDICI\u00d3N DE LA COPA CIUDAD DE LA PUNTA - Apuntes de San Luis","isPartOf":{"@id":"https:\/\/apuntesdesanluis.com\/#website"},"primaryImageOfPage":{"@id":"https:\/\/apuntesdesanluis.com\/index.php\/2025\/02\/12\/todo-listo-para-la-v-edicion-de-la-copa-ciudad-de-la-punta\/#primaryimage"},"image":{"@id":"https:\/\/apuntesdesanluis.com\/index.php\/2025\/02\/12\/todo-listo-para-la-v-edicion-de-la-copa-ciudad-de-la-punta\/#primaryimage"},"thumbnailUrl":"https:\/\/apuntesdesanluis.com\/wp-content\/uploads\/2025\/02\/estagio-Juan-gilberto-funes.png","datePublished":"2025-02-12T22:30:41+00:00","dateModified":"2025-02-13T16:11:29+00:00","breadcrumb":{"@id":"https:\/\/apuntesdesanluis.com\/index.php\/2025\/02\/12\/todo-listo-para-la-v-edicion-de-la-copa-ciudad-de-la-punta\/#breadcrumb"},"inLanguage":"es-AR","potentialAction":[{"@type":"ReadAction","target":["https:\/\/apuntesdesanluis.com\/index.php\/2025\/02\/12\/todo-listo-para-la-v-edicion-de-la-copa-ciudad-de-la-punta\/"]}]},{"@type":"ImageObject","inLanguage":"es-AR","@id":"https:\/\/apuntesdesanluis.com\/index.php\/2025\/02\/12\/todo-listo-para-la-v-edicion-de-la-copa-ciudad-de-la-punta\/#primaryimage","url":"https:\/\/apuntesdesanluis.com\/wp-content\/uploads\/2025\/02\/estagio-Juan-gilberto-funes.png","contentUrl":"https:\/\/apuntesdesanluis.com\/wp-content\/uploads\/2025\/02\/estagio-Juan-gilberto-funes.png","width":670,"height":386},{"@type":"BreadcrumbList","@id":"https:\/\/apuntesdesanluis.com\/index.php\/2025\/02\/12\/todo-listo-para-la-v-edicion-de-la-copa-ciudad-de-la-punta\/#breadcrumb","itemListElement":[{"@type":"ListItem","position":1,"name":"Inicio","item":"https:\/\/apuntesdesanluis.com\/"},{"@type":"ListItem","position":2,"name":"TODO LISTO PARA LA V EDICI\u00d3N DE LA COPA CIUDAD DE LA PUNTA"}]},{"@type":"WebSite","@id":"https:\/\/apuntesdesanluis.com\/#website","url":"https:\/\/apuntesdesanluis.com\/","name":"Apuntes de San Luis","description":"","publisher":{"@id":"https:\/\/apuntesdesanluis.com\/#\/schema\/person\/b55151d52296fcce64d1a72538a70b90"},"potentialAction":[{"@type":"SearchAction","target":{"@type":"EntryPoint","urlTemplate":"https:\/\/apuntesdesanluis.com\/?s={search_term_string}"},"query-input":{"@type":"PropertyValueSpecification","valueRequired":true,"valueName":"search_term_string"}}],"inLanguage":"es-AR"},{"@type":["Person","Organization"],"@id":"https:\/\/apuntesdesanluis.com\/#\/schema\/person\/b55151d52296fcce64d1a72538a70b90","name":"apuntesdesanluis.com","image":{"@type":"ImageObject","inLanguage":"es-AR","@id":"https:\/\/apuntesdesanluis.com\/#\/schema\/person\/image\/","url":"https:\/\/apuntesdesanluis.com\/wp-content\/uploads\/2023\/07\/cropped-apuntesdesanluis.png","contentUrl":"https:\/\/apuntesdesanluis.com\/wp-content\/uploads\/2023\/07\/cropped-apuntesdesanluis.png","width":450,"height":112,"caption":"apuntesdesanluis.com"},"logo":{"@id":"https:\/\/apuntesdesanluis.com\/#\/schema\/person\/image\/"},"sameAs":["https:\/\/apuntesdesanluis.com"],"url":"https:\/\/apuntesdesanluis.com\/index.php\/author\/apuntesdesanluis-com\/"}]}},"featured_image_urls":{"full":["https:\/\/apuntesdesanluis.com\/wp-content\/uploads\/2025\/02\/estagio-Juan-gilberto-funes.png",670,386,false],"thumbnail":["https:\/\/apuntesdesanluis.com\/wp-content\/uploads\/2025\/02\/estagio-Juan-gilberto-funes-150x150.png",150,150,true],"medium":["https:\/\/apuntesdesanluis.com\/wp-content\/uploads\/2025\/02\/estagio-Juan-gilberto-funes-300x173.png",300,173,true],"medium_large":["https:\/\/apuntesdesanluis.com\/wp-content\/uploads\/2025\/02\/estagio-Juan-gilberto-funes.png",640,369,false],"large":["https:\/\/apuntesdesanluis.com\/wp-content\/uploads\/2025\/02\/estagio-Juan-gilberto-funes.png",640,369,false],"1536x1536":["https:\/\/apuntesdesanluis.com\/wp-content\/uploads\/2025\/02\/estagio-Juan-gilberto-funes.png",670,386,false],"2048x2048":["https:\/\/apuntesdesanluis.com\/wp-content\/uploads\/2025\/02\/estagio-Juan-gilberto-funes.png",670,386,false],"newsever-slider-full":["https:\/\/apuntesdesanluis.com\/wp-content\/uploads\/2025\/02\/estagio-Juan-gilberto-funes.png",670,386,false],"newsever-featured":["https:\/\/apuntesdesanluis.com\/wp-content\/uploads\/2025\/02\/estagio-Juan-gilberto-funes.png",670,386,false],"newsever-medium":["https:\/\/apuntesdesanluis.com\/wp-content\/uploads\/2025\/02\/estagio-Juan-gilberto-funes.png",670,386,false]},"author_info":{"display_name":"apuntesdesanluis.com","author_link":"https:\/\/apuntesdesanluis.com\/index.php\/author\/apuntesdesanluis-com\/"},"category_info":"<a href=\"https:\/\/apuntesdesanluis.com\/index.php\/category\/ciudad-provincia\/\" rel=\"category tag\">Ciudad\/Provincia<\/a>","tag_info":"Ciudad\/Provincia","comment_count":"0","_links":{"self":[{"href":"https:\/\/apuntesdesanluis.com\/index.php\/wp-json\/wp\/v2\/posts\/29082","targetHints":{"allow":["GET"]}}],"collection":[{"href":"https:\/\/apuntesdesanluis.com\/index.php\/wp-json\/wp\/v2\/posts"}],"about":[{"href":"https:\/\/apuntesdesanluis.com\/index.php\/wp-json\/wp\/v2\/types\/post"}],"author":[{"embeddable":true,"href":"https:\/\/apuntesdesanluis.com\/index.php\/wp-json\/wp\/v2\/users\/1"}],"replies":[{"embeddable":true,"href":"https:\/\/apuntesdesanluis.com\/index.php\/wp-json\/wp\/v2\/comments?post=29082"}],"version-history":[{"count":4,"href":"https:\/\/apuntesdesanluis.com\/index.php\/wp-json\/wp\/v2\/posts\/29082\/revisions"}],"predecessor-version":[{"id":29098,"href":"https:\/\/apuntesdesanluis.com\/index.php\/wp-json\/wp\/v2\/posts\/29082\/revisions\/29098"}],"wp:featuredmedia":[{"embeddable":true,"href":"https:\/\/apuntesdesanluis.com\/index.php\/wp-json\/wp\/v2\/media\/29086"}],"wp:attachment":[{"href":"https:\/\/apuntesdesanluis.com\/index.php\/wp-json\/wp\/v2\/media?parent=29082"}],"wp:term":[{"taxonomy":"category","embeddable":true,"href":"https:\/\/apuntesdesanluis.com\/index.php\/wp-json\/wp\/v2\/categories?post=29082"},{"taxonomy":"post_tag","embeddable":true,"href":"https:\/\/apuntesdesanluis.com\/index.php\/wp-json\/wp\/v2\/tags?post=29082"}],"curies":[{"name":"wp","href":"https:\/\/api.w.org\/{rel}","templated":true}]}}