{"id":29090,"date":"2025-02-14T09:10:40","date_gmt":"2025-02-14T12:10:40","guid":{"rendered":"https:\/\/apuntesdesanluis.com\/?p=29090"},"modified":"2025-02-14T10:22:48","modified_gmt":"2025-02-14T13:22:48","slug":"a-todo-ritmo-continua-este-sabado-el-concurso-la-punta-canta-2025","status":"publish","type":"post","link":"https:\/\/apuntesdesanluis.com\/index.php\/2025\/02\/14\/a-todo-ritmo-continua-este-sabado-el-concurso-la-punta-canta-2025\/","title":{"rendered":"A TODO RITMO, CONTIN\u00daA ESTE S\u00c1BADO EL CONCURSO \u201cLA PUNTA CANTA 2025\u201d"},"content":{"rendered":"<h3>Este s\u00e1bado 15 a las 21 h tendr\u00e1 lugar la tercera noche de esta gran competencia musical organizada por la Municipalidad de La Punta, que nuclea a solistas y bandas locales.<\/h3>\n<h3>La tercera edici\u00f3n del certamen comenz\u00f3 el pasado 1\u00b0 de febrero, a las 20:00, en la Plaza de los Ni\u00f1os de la ciudad de La Punta, y se realiza durante todos los s\u00e1bados.<\/h3>\n<p><img fetchpriority=\"high\" decoding=\"async\" class=\"wp-image-29091 aligncenter\" src=\"https:\/\/apuntesdesanluis.com\/wp-content\/uploads\/2025\/02\/7f6535ce-be7c-4277-9638-906b3098757e-300x300.jpg\" alt=\"\" width=\"624\" height=\"624\" srcset=\"https:\/\/apuntesdesanluis.com\/wp-content\/uploads\/2025\/02\/7f6535ce-be7c-4277-9638-906b3098757e-300x300.jpg 300w, https:\/\/apuntesdesanluis.com\/wp-content\/uploads\/2025\/02\/7f6535ce-be7c-4277-9638-906b3098757e-150x150.jpg 150w, https:\/\/apuntesdesanluis.com\/wp-content\/uploads\/2025\/02\/7f6535ce-be7c-4277-9638-906b3098757e-768x768.jpg 768w, https:\/\/apuntesdesanluis.com\/wp-content\/uploads\/2025\/02\/7f6535ce-be7c-4277-9638-906b3098757e.jpg 800w\" sizes=\"(max-width: 624px) 100vw, 624px\" \/><\/p>\n<h3>Los participantes compiten en los siguientes rubros musicales:<\/h3>\n<h3>\u2013 Folklore y tango.<\/h3>\n<h3>\u2013 Rock nacional e internacional.<\/h3>\n<h3>\u2013 Cuarteto, cumbia y otros ritmos tropicales.<\/h3>\n<h3>\u2013 \u00c9xitos latinos (rom\u00e1ntico y pop).<\/h3>\n<h3>\u2013 Trap, rap, reggaet\u00f3n y otros ritmos similares.<\/h3>\n<h3>Para el cierre de este s\u00e1bado a las 21:00 h, en La Plaza de los Ni\u00f1os, se prev\u00e9 la actuaci\u00f3n de <strong>Cristian Reynoso<\/strong> y <strong>La Banda del Efra<\/strong>.<\/h3>\n<h3><img decoding=\"async\" class=\"wp-image-29092 aligncenter\" src=\"https:\/\/apuntesdesanluis.com\/wp-content\/uploads\/2025\/02\/996868cd-45d1-4663-b73c-bfad41082307-300x290.jpg\" alt=\"\" width=\"631\" height=\"610\" srcset=\"https:\/\/apuntesdesanluis.com\/wp-content\/uploads\/2025\/02\/996868cd-45d1-4663-b73c-bfad41082307-300x290.jpg 300w, https:\/\/apuntesdesanluis.com\/wp-content\/uploads\/2025\/02\/996868cd-45d1-4663-b73c-bfad41082307-768x741.jpg 768w, https:\/\/apuntesdesanluis.com\/wp-content\/uploads\/2025\/02\/996868cd-45d1-4663-b73c-bfad41082307.jpg 800w\" sizes=\"(max-width: 631px) 100vw, 631px\" \/><\/h3>\n<h3>El ganador de cada g\u00e9nero ser\u00e1 premiado con una grabaci\u00f3n en la Casa de la M\u00fasica de Villa Mercedes.<\/h3>\n<p><img decoding=\"async\" class=\"wp-image-29095 aligncenter\" src=\"https:\/\/apuntesdesanluis.com\/wp-content\/uploads\/2025\/02\/Luciano-ayala-2-300x173.png\" alt=\"\" width=\"652\" height=\"376\" srcset=\"https:\/\/apuntesdesanluis.com\/wp-content\/uploads\/2025\/02\/Luciano-ayala-2-300x173.png 300w, https:\/\/apuntesdesanluis.com\/wp-content\/uploads\/2025\/02\/Luciano-ayala-2.png 725w\" sizes=\"(max-width: 652px) 100vw, 652px\" \/><\/p>\n<h3>Finalmente, se record\u00f3 que hasta este viernes est\u00e1 abierto el plazo para poder votar a alguno de los participantes de la segunda noche.<\/h3>\n<p><a href=\"https:\/\/www.facebook.com\/noticiasdelapunta\/posts\/pfbid0TQXZUx7hkYh2pi8BqdvyYgTNxwHp1NeZkWPXucBQPqV5Vq5BGdhZdo9YDcvtLDyyl\" target=\"_blank\" rel=\"noopener\"><img loading=\"lazy\" decoding=\"async\" class=\"wp-image-29093 aligncenter\" src=\"https:\/\/apuntesdesanluis.com\/wp-content\/uploads\/2025\/02\/para-votar-300x253.png\" alt=\"\" width=\"639\" height=\"539\" srcset=\"https:\/\/apuntesdesanluis.com\/wp-content\/uploads\/2025\/02\/para-votar-300x253.png 300w, https:\/\/apuntesdesanluis.com\/wp-content\/uploads\/2025\/02\/para-votar-768x647.png 768w, https:\/\/apuntesdesanluis.com\/wp-content\/uploads\/2025\/02\/para-votar.png 800w\" sizes=\"(max-width: 639px) 100vw, 639px\" \/><\/a><\/p>\n<h4 style=\"text-align: center;\"><span style=\"color: #3366ff;\"><em>(Hacer click sobre la imagen)<\/em><\/span><\/h4>\n<p>&nbsp;<\/p>\n<p>&nbsp;<\/p>\n<p>&nbsp;<\/p>\n","protected":false},"excerpt":{"rendered":"<p>Este s\u00e1bado 15 a las 21 h tendr\u00e1 lugar la tercera noche de esta gran&#8230;<\/p>\n","protected":false},"author":1,"featured_media":29094,"comment_status":"closed","ping_status":"closed","sticky":false,"template":"","format":"standard","meta":{"footnotes":""},"categories":[6],"tags":[],"class_list":["post-29090","post","type-post","status-publish","format-standard","has-post-thumbnail","hentry","category-ciudad-provincia"],"yoast_head":"<!-- This site is optimized with the Yoast SEO plugin v26.1.1 - https:\/\/yoast.com\/wordpress\/plugins\/seo\/ -->\n<title>A TODO RITMO, CONTIN\u00daA ESTE S\u00c1BADO EL CONCURSO \u201cLA PUNTA CANTA 2025\u201d - Apuntes de San Luis<\/title>\n<meta name=\"robots\" content=\"index, follow, max-snippet:-1, max-image-preview:large, max-video-preview:-1\" \/>\n<link rel=\"canonical\" href=\"https:\/\/apuntesdesanluis.com\/index.php\/2025\/02\/14\/a-todo-ritmo-continua-este-sabado-el-concurso-la-punta-canta-2025\/\" \/>\n<meta property=\"og:locale\" content=\"es_ES\" \/>\n<meta property=\"og:type\" content=\"article\" \/>\n<meta property=\"og:title\" content=\"A TODO RITMO, CONTIN\u00daA ESTE S\u00c1BADO EL CONCURSO \u201cLA PUNTA CANTA 2025\u201d - Apuntes de San Luis\" \/>\n<meta property=\"og:description\" content=\"Este s\u00e1bado 15 a las 21 h tendr\u00e1 lugar la tercera noche de esta gran...\" \/>\n<meta property=\"og:url\" content=\"https:\/\/apuntesdesanluis.com\/index.php\/2025\/02\/14\/a-todo-ritmo-continua-este-sabado-el-concurso-la-punta-canta-2025\/\" \/>\n<meta property=\"og:site_name\" content=\"Apuntes de San Luis\" \/>\n<meta property=\"article:published_time\" content=\"2025-02-14T12:10:40+00:00\" \/>\n<meta property=\"article:modified_time\" content=\"2025-02-14T13:22:48+00:00\" \/>\n<meta property=\"og:image\" content=\"https:\/\/apuntesdesanluis.com\/wp-content\/uploads\/2025\/02\/la-punta-canta.png\" \/>\n\t<meta property=\"og:image:width\" content=\"800\" \/>\n\t<meta property=\"og:image:height\" content=\"507\" \/>\n\t<meta property=\"og:image:type\" content=\"image\/png\" \/>\n<meta name=\"author\" content=\"apuntesdesanluis.com\" \/>\n<meta name=\"twitter:card\" content=\"summary_large_image\" \/>\n<meta name=\"twitter:label1\" content=\"Escrito por\" \/>\n\t<meta name=\"twitter:data1\" content=\"apuntesdesanluis.com\" \/>\n\t<meta name=\"twitter:label2\" content=\"Tiempo de lectura\" \/>\n\t<meta name=\"twitter:data2\" content=\"2 minutos\" \/>\n<script type=\"application\/ld+json\" class=\"yoast-schema-graph\">{\"@context\":\"https:\/\/schema.org\",\"@graph\":[{\"@type\":\"Article\",\"@id\":\"https:\/\/apuntesdesanluis.com\/index.php\/2025\/02\/14\/a-todo-ritmo-continua-este-sabado-el-concurso-la-punta-canta-2025\/#article\",\"isPartOf\":{\"@id\":\"https:\/\/apuntesdesanluis.com\/index.php\/2025\/02\/14\/a-todo-ritmo-continua-este-sabado-el-concurso-la-punta-canta-2025\/\"},\"author\":{\"name\":\"apuntesdesanluis.com\",\"@id\":\"https:\/\/apuntesdesanluis.com\/#\/schema\/person\/b55151d52296fcce64d1a72538a70b90\"},\"headline\":\"A TODO RITMO, CONTIN\u00daA ESTE S\u00c1BADO EL CONCURSO \u201cLA PUNTA CANTA 2025\u201d\",\"datePublished\":\"2025-02-14T12:10:40+00:00\",\"dateModified\":\"2025-02-14T13:22:48+00:00\",\"mainEntityOfPage\":{\"@id\":\"https:\/\/apuntesdesanluis.com\/index.php\/2025\/02\/14\/a-todo-ritmo-continua-este-sabado-el-concurso-la-punta-canta-2025\/\"},\"wordCount\":195,\"publisher\":{\"@id\":\"https:\/\/apuntesdesanluis.com\/#\/schema\/person\/b55151d52296fcce64d1a72538a70b90\"},\"image\":{\"@id\":\"https:\/\/apuntesdesanluis.com\/index.php\/2025\/02\/14\/a-todo-ritmo-continua-este-sabado-el-concurso-la-punta-canta-2025\/#primaryimage\"},\"thumbnailUrl\":\"https:\/\/apuntesdesanluis.com\/wp-content\/uploads\/2025\/02\/la-punta-canta.png\",\"articleSection\":[\"Ciudad\/Provincia\"],\"inLanguage\":\"es-AR\"},{\"@type\":\"WebPage\",\"@id\":\"https:\/\/apuntesdesanluis.com\/index.php\/2025\/02\/14\/a-todo-ritmo-continua-este-sabado-el-concurso-la-punta-canta-2025\/\",\"url\":\"https:\/\/apuntesdesanluis.com\/index.php\/2025\/02\/14\/a-todo-ritmo-continua-este-sabado-el-concurso-la-punta-canta-2025\/\",\"name\":\"A TODO RITMO, CONTIN\u00daA ESTE S\u00c1BADO EL CONCURSO \u201cLA PUNTA CANTA 2025\u201d - Apuntes de San Luis\",\"isPartOf\":{\"@id\":\"https:\/\/apuntesdesanluis.com\/#website\"},\"primaryImageOfPage\":{\"@id\":\"https:\/\/apuntesdesanluis.com\/index.php\/2025\/02\/14\/a-todo-ritmo-continua-este-sabado-el-concurso-la-punta-canta-2025\/#primaryimage\"},\"image\":{\"@id\":\"https:\/\/apuntesdesanluis.com\/index.php\/2025\/02\/14\/a-todo-ritmo-continua-este-sabado-el-concurso-la-punta-canta-2025\/#primaryimage\"},\"thumbnailUrl\":\"https:\/\/apuntesdesanluis.com\/wp-content\/uploads\/2025\/02\/la-punta-canta.png\",\"datePublished\":\"2025-02-14T12:10:40+00:00\",\"dateModified\":\"2025-02-14T13:22:48+00:00\",\"breadcrumb\":{\"@id\":\"https:\/\/apuntesdesanluis.com\/index.php\/2025\/02\/14\/a-todo-ritmo-continua-este-sabado-el-concurso-la-punta-canta-2025\/#breadcrumb\"},\"inLanguage\":\"es-AR\",\"potentialAction\":[{\"@type\":\"ReadAction\",\"target\":[\"https:\/\/apuntesdesanluis.com\/index.php\/2025\/02\/14\/a-todo-ritmo-continua-este-sabado-el-concurso-la-punta-canta-2025\/\"]}]},{\"@type\":\"ImageObject\",\"inLanguage\":\"es-AR\",\"@id\":\"https:\/\/apuntesdesanluis.com\/index.php\/2025\/02\/14\/a-todo-ritmo-continua-este-sabado-el-concurso-la-punta-canta-2025\/#primaryimage\",\"url\":\"https:\/\/apuntesdesanluis.com\/wp-content\/uploads\/2025\/02\/la-punta-canta.png\",\"contentUrl\":\"https:\/\/apuntesdesanluis.com\/wp-content\/uploads\/2025\/02\/la-punta-canta.png\",\"width\":800,\"height\":507},{\"@type\":\"BreadcrumbList\",\"@id\":\"https:\/\/apuntesdesanluis.com\/index.php\/2025\/02\/14\/a-todo-ritmo-continua-este-sabado-el-concurso-la-punta-canta-2025\/#breadcrumb\",\"itemListElement\":[{\"@type\":\"ListItem\",\"position\":1,\"name\":\"Inicio\",\"item\":\"https:\/\/apuntesdesanluis.com\/\"},{\"@type\":\"ListItem\",\"position\":2,\"name\":\"A TODO RITMO, CONTIN\u00daA ESTE S\u00c1BADO EL CONCURSO \u201cLA PUNTA CANTA 2025\u201d\"}]},{\"@type\":\"WebSite\",\"@id\":\"https:\/\/apuntesdesanluis.com\/#website\",\"url\":\"https:\/\/apuntesdesanluis.com\/\",\"name\":\"Apuntes de San Luis\",\"description\":\"\",\"publisher\":{\"@id\":\"https:\/\/apuntesdesanluis.com\/#\/schema\/person\/b55151d52296fcce64d1a72538a70b90\"},\"potentialAction\":[{\"@type\":\"SearchAction\",\"target\":{\"@type\":\"EntryPoint\",\"urlTemplate\":\"https:\/\/apuntesdesanluis.com\/?s={search_term_string}\"},\"query-input\":{\"@type\":\"PropertyValueSpecification\",\"valueRequired\":true,\"valueName\":\"search_term_string\"}}],\"inLanguage\":\"es-AR\"},{\"@type\":[\"Person\",\"Organization\"],\"@id\":\"https:\/\/apuntesdesanluis.com\/#\/schema\/person\/b55151d52296fcce64d1a72538a70b90\",\"name\":\"apuntesdesanluis.com\",\"image\":{\"@type\":\"ImageObject\",\"inLanguage\":\"es-AR\",\"@id\":\"https:\/\/apuntesdesanluis.com\/#\/schema\/person\/image\/\",\"url\":\"https:\/\/apuntesdesanluis.com\/wp-content\/uploads\/2023\/07\/cropped-apuntesdesanluis.png\",\"contentUrl\":\"https:\/\/apuntesdesanluis.com\/wp-content\/uploads\/2023\/07\/cropped-apuntesdesanluis.png\",\"width\":450,\"height\":112,\"caption\":\"apuntesdesanluis.com\"},\"logo\":{\"@id\":\"https:\/\/apuntesdesanluis.com\/#\/schema\/person\/image\/\"},\"sameAs\":[\"https:\/\/apuntesdesanluis.com\"],\"url\":\"https:\/\/apuntesdesanluis.com\/index.php\/author\/apuntesdesanluis-com\/\"}]}<\/script>\n<!-- \/ Yoast SEO plugin. -->","yoast_head_json":{"title":"A TODO RITMO, CONTIN\u00daA ESTE S\u00c1BADO EL CONCURSO \u201cLA PUNTA CANTA 2025\u201d - Apuntes de San Luis","robots":{"index":"index","follow":"follow","max-snippet":"max-snippet:-1","max-image-preview":"max-image-preview:large","max-video-preview":"max-video-preview:-1"},"canonical":"https:\/\/apuntesdesanluis.com\/index.php\/2025\/02\/14\/a-todo-ritmo-continua-este-sabado-el-concurso-la-punta-canta-2025\/","og_locale":"es_ES","og_type":"article","og_title":"A TODO RITMO, CONTIN\u00daA ESTE S\u00c1BADO EL CONCURSO \u201cLA PUNTA CANTA 2025\u201d - Apuntes de San Luis","og_description":"Este s\u00e1bado 15 a las 21 h tendr\u00e1 lugar la tercera noche de esta gran...","og_url":"https:\/\/apuntesdesanluis.com\/index.php\/2025\/02\/14\/a-todo-ritmo-continua-este-sabado-el-concurso-la-punta-canta-2025\/","og_site_name":"Apuntes de San Luis","article_published_time":"2025-02-14T12:10:40+00:00","article_modified_time":"2025-02-14T13:22:48+00:00","og_image":[{"width":800,"height":507,"url":"https:\/\/apuntesdesanluis.com\/wp-content\/uploads\/2025\/02\/la-punta-canta.png","type":"image\/png"}],"author":"apuntesdesanluis.com","twitter_card":"summary_large_image","twitter_misc":{"Escrito por":"apuntesdesanluis.com","Tiempo de lectura":"2 minutos"},"schema":{"@context":"https:\/\/schema.org","@graph":[{"@type":"Article","@id":"https:\/\/apuntesdesanluis.com\/index.php\/2025\/02\/14\/a-todo-ritmo-continua-este-sabado-el-concurso-la-punta-canta-2025\/#article","isPartOf":{"@id":"https:\/\/apuntesdesanluis.com\/index.php\/2025\/02\/14\/a-todo-ritmo-continua-este-sabado-el-concurso-la-punta-canta-2025\/"},"author":{"name":"apuntesdesanluis.com","@id":"https:\/\/apuntesdesanluis.com\/#\/schema\/person\/b55151d52296fcce64d1a72538a70b90"},"headline":"A TODO RITMO, CONTIN\u00daA ESTE S\u00c1BADO EL CONCURSO \u201cLA PUNTA CANTA 2025\u201d","datePublished":"2025-02-14T12:10:40+00:00","dateModified":"2025-02-14T13:22:48+00:00","mainEntityOfPage":{"@id":"https:\/\/apuntesdesanluis.com\/index.php\/2025\/02\/14\/a-todo-ritmo-continua-este-sabado-el-concurso-la-punta-canta-2025\/"},"wordCount":195,"publisher":{"@id":"https:\/\/apuntesdesanluis.com\/#\/schema\/person\/b55151d52296fcce64d1a72538a70b90"},"image":{"@id":"https:\/\/apuntesdesanluis.com\/index.php\/2025\/02\/14\/a-todo-ritmo-continua-este-sabado-el-concurso-la-punta-canta-2025\/#primaryimage"},"thumbnailUrl":"https:\/\/apuntesdesanluis.com\/wp-content\/uploads\/2025\/02\/la-punta-canta.png","articleSection":["Ciudad\/Provincia"],"inLanguage":"es-AR"},{"@type":"WebPage","@id":"https:\/\/apuntesdesanluis.com\/index.php\/2025\/02\/14\/a-todo-ritmo-continua-este-sabado-el-concurso-la-punta-canta-2025\/","url":"https:\/\/apuntesdesanluis.com\/index.php\/2025\/02\/14\/a-todo-ritmo-continua-este-sabado-el-concurso-la-punta-canta-2025\/","name":"A TODO RITMO, CONTIN\u00daA ESTE S\u00c1BADO EL CONCURSO \u201cLA PUNTA CANTA 2025\u201d - Apuntes de San Luis","isPartOf":{"@id":"https:\/\/apuntesdesanluis.com\/#website"},"primaryImageOfPage":{"@id":"https:\/\/apuntesdesanluis.com\/index.php\/2025\/02\/14\/a-todo-ritmo-continua-este-sabado-el-concurso-la-punta-canta-2025\/#primaryimage"},"image":{"@id":"https:\/\/apuntesdesanluis.com\/index.php\/2025\/02\/14\/a-todo-ritmo-continua-este-sabado-el-concurso-la-punta-canta-2025\/#primaryimage"},"thumbnailUrl":"https:\/\/apuntesdesanluis.com\/wp-content\/uploads\/2025\/02\/la-punta-canta.png","datePublished":"2025-02-14T12:10:40+00:00","dateModified":"2025-02-14T13:22:48+00:00","breadcrumb":{"@id":"https:\/\/apuntesdesanluis.com\/index.php\/2025\/02\/14\/a-todo-ritmo-continua-este-sabado-el-concurso-la-punta-canta-2025\/#breadcrumb"},"inLanguage":"es-AR","potentialAction":[{"@type":"ReadAction","target":["https:\/\/apuntesdesanluis.com\/index.php\/2025\/02\/14\/a-todo-ritmo-continua-este-sabado-el-concurso-la-punta-canta-2025\/"]}]},{"@type":"ImageObject","inLanguage":"es-AR","@id":"https:\/\/apuntesdesanluis.com\/index.php\/2025\/02\/14\/a-todo-ritmo-continua-este-sabado-el-concurso-la-punta-canta-2025\/#primaryimage","url":"https:\/\/apuntesdesanluis.com\/wp-content\/uploads\/2025\/02\/la-punta-canta.png","contentUrl":"https:\/\/apuntesdesanluis.com\/wp-content\/uploads\/2025\/02\/la-punta-canta.png","width":800,"height":507},{"@type":"BreadcrumbList","@id":"https:\/\/apuntesdesanluis.com\/index.php\/2025\/02\/14\/a-todo-ritmo-continua-este-sabado-el-concurso-la-punta-canta-2025\/#breadcrumb","itemListElement":[{"@type":"ListItem","position":1,"name":"Inicio","item":"https:\/\/apuntesdesanluis.com\/"},{"@type":"ListItem","position":2,"name":"A TODO RITMO, CONTIN\u00daA ESTE S\u00c1BADO EL CONCURSO \u201cLA PUNTA CANTA 2025\u201d"}]},{"@type":"WebSite","@id":"https:\/\/apuntesdesanluis.com\/#website","url":"https:\/\/apuntesdesanluis.com\/","name":"Apuntes de San Luis","description":"","publisher":{"@id":"https:\/\/apuntesdesanluis.com\/#\/schema\/person\/b55151d52296fcce64d1a72538a70b90"},"potentialAction":[{"@type":"SearchAction","target":{"@type":"EntryPoint","urlTemplate":"https:\/\/apuntesdesanluis.com\/?s={search_term_string}"},"query-input":{"@type":"PropertyValueSpecification","valueRequired":true,"valueName":"search_term_string"}}],"inLanguage":"es-AR"},{"@type":["Person","Organization"],"@id":"https:\/\/apuntesdesanluis.com\/#\/schema\/person\/b55151d52296fcce64d1a72538a70b90","name":"apuntesdesanluis.com","image":{"@type":"ImageObject","inLanguage":"es-AR","@id":"https:\/\/apuntesdesanluis.com\/#\/schema\/person\/image\/","url":"https:\/\/apuntesdesanluis.com\/wp-content\/uploads\/2023\/07\/cropped-apuntesdesanluis.png","contentUrl":"https:\/\/apuntesdesanluis.com\/wp-content\/uploads\/2023\/07\/cropped-apuntesdesanluis.png","width":450,"height":112,"caption":"apuntesdesanluis.com"},"logo":{"@id":"https:\/\/apuntesdesanluis.com\/#\/schema\/person\/image\/"},"sameAs":["https:\/\/apuntesdesanluis.com"],"url":"https:\/\/apuntesdesanluis.com\/index.php\/author\/apuntesdesanluis-com\/"}]}},"featured_image_urls":{"full":["https:\/\/apuntesdesanluis.com\/wp-content\/uploads\/2025\/02\/la-punta-canta.png",800,507,false],"thumbnail":["https:\/\/apuntesdesanluis.com\/wp-content\/uploads\/2025\/02\/la-punta-canta-150x150.png",150,150,true],"medium":["https:\/\/apuntesdesanluis.com\/wp-content\/uploads\/2025\/02\/la-punta-canta-300x190.png",300,190,true],"medium_large":["https:\/\/apuntesdesanluis.com\/wp-content\/uploads\/2025\/02\/la-punta-canta-768x487.png",640,406,true],"large":["https:\/\/apuntesdesanluis.com\/wp-content\/uploads\/2025\/02\/la-punta-canta.png",640,406,false],"1536x1536":["https:\/\/apuntesdesanluis.com\/wp-content\/uploads\/2025\/02\/la-punta-canta.png",800,507,false],"2048x2048":["https:\/\/apuntesdesanluis.com\/wp-content\/uploads\/2025\/02\/la-punta-canta.png",800,507,false],"newsever-slider-full":["https:\/\/apuntesdesanluis.com\/wp-content\/uploads\/2025\/02\/la-punta-canta.png",800,507,false],"newsever-featured":["https:\/\/apuntesdesanluis.com\/wp-content\/uploads\/2025\/02\/la-punta-canta.png",800,507,false],"newsever-medium":["https:\/\/apuntesdesanluis.com\/wp-content\/uploads\/2025\/02\/la-punta-canta-720x475.png",720,475,true]},"author_info":{"display_name":"apuntesdesanluis.com","author_link":"https:\/\/apuntesdesanluis.com\/index.php\/author\/apuntesdesanluis-com\/"},"category_info":"<a href=\"https:\/\/apuntesdesanluis.com\/index.php\/category\/ciudad-provincia\/\" rel=\"category tag\">Ciudad\/Provincia<\/a>","tag_info":"Ciudad\/Provincia","comment_count":"0","_links":{"self":[{"href":"https:\/\/apuntesdesanluis.com\/index.php\/wp-json\/wp\/v2\/posts\/29090","targetHints":{"allow":["GET"]}}],"collection":[{"href":"https:\/\/apuntesdesanluis.com\/index.php\/wp-json\/wp\/v2\/posts"}],"about":[{"href":"https:\/\/apuntesdesanluis.com\/index.php\/wp-json\/wp\/v2\/types\/post"}],"author":[{"embeddable":true,"href":"https:\/\/apuntesdesanluis.com\/index.php\/wp-json\/wp\/v2\/users\/1"}],"replies":[{"embeddable":true,"href":"https:\/\/apuntesdesanluis.com\/index.php\/wp-json\/wp\/v2\/comments?post=29090"}],"version-history":[{"count":3,"href":"https:\/\/apuntesdesanluis.com\/index.php\/wp-json\/wp\/v2\/posts\/29090\/revisions"}],"predecessor-version":[{"id":29100,"href":"https:\/\/apuntesdesanluis.com\/index.php\/wp-json\/wp\/v2\/posts\/29090\/revisions\/29100"}],"wp:featuredmedia":[{"embeddable":true,"href":"https:\/\/apuntesdesanluis.com\/index.php\/wp-json\/wp\/v2\/media\/29094"}],"wp:attachment":[{"href":"https:\/\/apuntesdesanluis.com\/index.php\/wp-json\/wp\/v2\/media?parent=29090"}],"wp:term":[{"taxonomy":"category","embeddable":true,"href":"https:\/\/apuntesdesanluis.com\/index.php\/wp-json\/wp\/v2\/categories?post=29090"},{"taxonomy":"post_tag","embeddable":true,"href":"https:\/\/apuntesdesanluis.com\/index.php\/wp-json\/wp\/v2\/tags?post=29090"}],"curies":[{"name":"wp","href":"https:\/\/api.w.org\/{rel}","templated":true}]}}