{"id":2911,"date":"2023-09-07T22:12:21","date_gmt":"2023-09-08T01:12:21","guid":{"rendered":"https:\/\/apuntesdesanluis.com\/?p=2911"},"modified":"2023-09-07T22:12:14","modified_gmt":"2023-09-08T01:12:14","slug":"el-90-plenario-del-cin-delibera-este-viernes-en-nuestra-provincia","status":"publish","type":"post","link":"https:\/\/apuntesdesanluis.com\/index.php\/2023\/09\/07\/el-90-plenario-del-cin-delibera-este-viernes-en-nuestra-provincia\/","title":{"rendered":"EL 90\u00b0 PLENARIO DEL CIN DELIBERA ESTE VIERNES EN NUESTRA PROVINCIA"},"content":{"rendered":"<h3>Este viernes 8 de septiembre, el <strong>Consejo Interuniversitario Nacional<\/strong> (CIN) se reunir\u00e1 en nuestra provincia, en el marco de su <strong>90\u00b0 Plenario de Rectoras y Rectores<\/strong>.<\/h3>\n<h3>El Rector de la UNSL, <strong>V\u00edctor Mori\u00f1igo<\/strong>, Vicepresidente del CIN, inform\u00f3 que se ha planificado un encuentro que contemple la participaci\u00f3n simult\u00e1nea &#8211; mediante la virtualidad &#8211; de quien as\u00ed lo desee. A la vez, el evento contar\u00e1 con transmisi\u00f3n en vivo y abierta mediante el canal YouTube de la universidad.<\/h3>\n<h3>El plenario se llevar\u00e1 a cabo en la ciudad de La Punta, a 20 km al norte de la ciudad de San Luis, capital de la provincia hom\u00f3nima. La Universidad Nacional de San Luis (UNSL) ser\u00e1 anfitriona de esta instancia de acuerdos que se espera compartir con diferentes autoridades nacionales. Asimismo, se proyecta el debate que posibilite arribar al proyecto de presupuesto universitario 2024 que debe ser presentado a la Secretar\u00eda de Pol\u00edticas Universitarias (SPU).<\/h3>\n<h3>El plenario constituye la asamblea general y es el \u00f3rgano m\u00e1ximo del Consejo. Entre sus atribuciones, seg\u00fan lo establecido en el art\u00edculo 8\u00b0 de su estatuto, figuran las siguientes:<\/h3>\n<h3>Definir y aprobar las pol\u00edticas del Consejo.<\/h3>\n<h3>Aprobar convenios o acuerdos de inter\u00e9s interuniversitario, educativo, cient\u00edfico, cultural o tecnol\u00f3gico con entidades nacionales o internacionales, p\u00fablicas o privadas.<\/h3>\n","protected":false},"excerpt":{"rendered":"<p>Este viernes 8 de septiembre, el Consejo Interuniversitario Nacional (CIN) se reunir\u00e1 en nuestra provincia,&#8230;<\/p>\n","protected":false},"author":1,"featured_media":2912,"comment_status":"closed","ping_status":"closed","sticky":false,"template":"","format":"standard","meta":{"footnotes":""},"categories":[6],"tags":[],"class_list":["post-2911","post","type-post","status-publish","format-standard","has-post-thumbnail","hentry","category-ciudad-provincia"],"yoast_head":"<!-- This site is optimized with the Yoast SEO plugin v26.1.1 - https:\/\/yoast.com\/wordpress\/plugins\/seo\/ -->\n<title>EL 90\u00b0 PLENARIO DEL CIN DELIBERA ESTE VIERNES EN NUESTRA PROVINCIA - Apuntes de San Luis<\/title>\n<meta name=\"robots\" content=\"index, follow, max-snippet:-1, max-image-preview:large, max-video-preview:-1\" \/>\n<link rel=\"canonical\" href=\"https:\/\/apuntesdesanluis.com\/index.php\/2023\/09\/07\/el-90-plenario-del-cin-delibera-este-viernes-en-nuestra-provincia\/\" \/>\n<meta property=\"og:locale\" content=\"es_ES\" \/>\n<meta property=\"og:type\" content=\"article\" \/>\n<meta property=\"og:title\" content=\"EL 90\u00b0 PLENARIO DEL CIN DELIBERA ESTE VIERNES EN NUESTRA PROVINCIA - Apuntes de San Luis\" \/>\n<meta property=\"og:description\" content=\"Este viernes 8 de septiembre, el Consejo Interuniversitario Nacional (CIN) se reunir\u00e1 en nuestra provincia,...\" \/>\n<meta property=\"og:url\" content=\"https:\/\/apuntesdesanluis.com\/index.php\/2023\/09\/07\/el-90-plenario-del-cin-delibera-este-viernes-en-nuestra-provincia\/\" \/>\n<meta property=\"og:site_name\" content=\"Apuntes de San Luis\" \/>\n<meta property=\"article:published_time\" content=\"2023-09-08T01:12:21+00:00\" \/>\n<meta property=\"og:image\" content=\"https:\/\/apuntesdesanluis.com\/wp-content\/uploads\/2023\/09\/LA-PUNTA.png\" \/>\n\t<meta property=\"og:image:width\" content=\"625\" \/>\n\t<meta property=\"og:image:height\" content=\"393\" \/>\n\t<meta property=\"og:image:type\" content=\"image\/png\" \/>\n<meta name=\"author\" content=\"apuntesdesanluis.com\" \/>\n<meta name=\"twitter:card\" content=\"summary_large_image\" \/>\n<meta name=\"twitter:label1\" content=\"Escrito por\" \/>\n\t<meta name=\"twitter:data1\" content=\"apuntesdesanluis.com\" \/>\n\t<meta name=\"twitter:label2\" content=\"Tiempo de lectura\" \/>\n\t<meta name=\"twitter:data2\" content=\"1 minuto\" \/>\n<script type=\"application\/ld+json\" class=\"yoast-schema-graph\">{\"@context\":\"https:\/\/schema.org\",\"@graph\":[{\"@type\":\"Article\",\"@id\":\"https:\/\/apuntesdesanluis.com\/index.php\/2023\/09\/07\/el-90-plenario-del-cin-delibera-este-viernes-en-nuestra-provincia\/#article\",\"isPartOf\":{\"@id\":\"https:\/\/apuntesdesanluis.com\/index.php\/2023\/09\/07\/el-90-plenario-del-cin-delibera-este-viernes-en-nuestra-provincia\/\"},\"author\":{\"name\":\"apuntesdesanluis.com\",\"@id\":\"https:\/\/apuntesdesanluis.com\/#\/schema\/person\/b55151d52296fcce64d1a72538a70b90\"},\"headline\":\"EL 90\u00b0 PLENARIO DEL CIN DELIBERA ESTE VIERNES EN NUESTRA PROVINCIA\",\"datePublished\":\"2023-09-08T01:12:21+00:00\",\"mainEntityOfPage\":{\"@id\":\"https:\/\/apuntesdesanluis.com\/index.php\/2023\/09\/07\/el-90-plenario-del-cin-delibera-este-viernes-en-nuestra-provincia\/\"},\"wordCount\":229,\"publisher\":{\"@id\":\"https:\/\/apuntesdesanluis.com\/#\/schema\/person\/b55151d52296fcce64d1a72538a70b90\"},\"image\":{\"@id\":\"https:\/\/apuntesdesanluis.com\/index.php\/2023\/09\/07\/el-90-plenario-del-cin-delibera-este-viernes-en-nuestra-provincia\/#primaryimage\"},\"thumbnailUrl\":\"https:\/\/apuntesdesanluis.com\/wp-content\/uploads\/2023\/09\/LA-PUNTA.png\",\"articleSection\":[\"Ciudad\/Provincia\"],\"inLanguage\":\"es-AR\"},{\"@type\":\"WebPage\",\"@id\":\"https:\/\/apuntesdesanluis.com\/index.php\/2023\/09\/07\/el-90-plenario-del-cin-delibera-este-viernes-en-nuestra-provincia\/\",\"url\":\"https:\/\/apuntesdesanluis.com\/index.php\/2023\/09\/07\/el-90-plenario-del-cin-delibera-este-viernes-en-nuestra-provincia\/\",\"name\":\"EL 90\u00b0 PLENARIO DEL CIN DELIBERA ESTE VIERNES EN NUESTRA PROVINCIA - Apuntes de San Luis\",\"isPartOf\":{\"@id\":\"https:\/\/apuntesdesanluis.com\/#website\"},\"primaryImageOfPage\":{\"@id\":\"https:\/\/apuntesdesanluis.com\/index.php\/2023\/09\/07\/el-90-plenario-del-cin-delibera-este-viernes-en-nuestra-provincia\/#primaryimage\"},\"image\":{\"@id\":\"https:\/\/apuntesdesanluis.com\/index.php\/2023\/09\/07\/el-90-plenario-del-cin-delibera-este-viernes-en-nuestra-provincia\/#primaryimage\"},\"thumbnailUrl\":\"https:\/\/apuntesdesanluis.com\/wp-content\/uploads\/2023\/09\/LA-PUNTA.png\",\"datePublished\":\"2023-09-08T01:12:21+00:00\",\"breadcrumb\":{\"@id\":\"https:\/\/apuntesdesanluis.com\/index.php\/2023\/09\/07\/el-90-plenario-del-cin-delibera-este-viernes-en-nuestra-provincia\/#breadcrumb\"},\"inLanguage\":\"es-AR\",\"potentialAction\":[{\"@type\":\"ReadAction\",\"target\":[\"https:\/\/apuntesdesanluis.com\/index.php\/2023\/09\/07\/el-90-plenario-del-cin-delibera-este-viernes-en-nuestra-provincia\/\"]}]},{\"@type\":\"ImageObject\",\"inLanguage\":\"es-AR\",\"@id\":\"https:\/\/apuntesdesanluis.com\/index.php\/2023\/09\/07\/el-90-plenario-del-cin-delibera-este-viernes-en-nuestra-provincia\/#primaryimage\",\"url\":\"https:\/\/apuntesdesanluis.com\/wp-content\/uploads\/2023\/09\/LA-PUNTA.png\",\"contentUrl\":\"https:\/\/apuntesdesanluis.com\/wp-content\/uploads\/2023\/09\/LA-PUNTA.png\",\"width\":625,\"height\":393},{\"@type\":\"BreadcrumbList\",\"@id\":\"https:\/\/apuntesdesanluis.com\/index.php\/2023\/09\/07\/el-90-plenario-del-cin-delibera-este-viernes-en-nuestra-provincia\/#breadcrumb\",\"itemListElement\":[{\"@type\":\"ListItem\",\"position\":1,\"name\":\"Inicio\",\"item\":\"https:\/\/apuntesdesanluis.com\/\"},{\"@type\":\"ListItem\",\"position\":2,\"name\":\"EL 90\u00b0 PLENARIO DEL CIN DELIBERA ESTE VIERNES EN NUESTRA PROVINCIA\"}]},{\"@type\":\"WebSite\",\"@id\":\"https:\/\/apuntesdesanluis.com\/#website\",\"url\":\"https:\/\/apuntesdesanluis.com\/\",\"name\":\"Apuntes de San Luis\",\"description\":\"\",\"publisher\":{\"@id\":\"https:\/\/apuntesdesanluis.com\/#\/schema\/person\/b55151d52296fcce64d1a72538a70b90\"},\"potentialAction\":[{\"@type\":\"SearchAction\",\"target\":{\"@type\":\"EntryPoint\",\"urlTemplate\":\"https:\/\/apuntesdesanluis.com\/?s={search_term_string}\"},\"query-input\":{\"@type\":\"PropertyValueSpecification\",\"valueRequired\":true,\"valueName\":\"search_term_string\"}}],\"inLanguage\":\"es-AR\"},{\"@type\":[\"Person\",\"Organization\"],\"@id\":\"https:\/\/apuntesdesanluis.com\/#\/schema\/person\/b55151d52296fcce64d1a72538a70b90\",\"name\":\"apuntesdesanluis.com\",\"image\":{\"@type\":\"ImageObject\",\"inLanguage\":\"es-AR\",\"@id\":\"https:\/\/apuntesdesanluis.com\/#\/schema\/person\/image\/\",\"url\":\"https:\/\/apuntesdesanluis.com\/wp-content\/uploads\/2023\/07\/cropped-apuntesdesanluis.png\",\"contentUrl\":\"https:\/\/apuntesdesanluis.com\/wp-content\/uploads\/2023\/07\/cropped-apuntesdesanluis.png\",\"width\":450,\"height\":112,\"caption\":\"apuntesdesanluis.com\"},\"logo\":{\"@id\":\"https:\/\/apuntesdesanluis.com\/#\/schema\/person\/image\/\"},\"sameAs\":[\"https:\/\/apuntesdesanluis.com\"],\"url\":\"https:\/\/apuntesdesanluis.com\/index.php\/author\/apuntesdesanluis-com\/\"}]}<\/script>\n<!-- \/ Yoast SEO plugin. -->","yoast_head_json":{"title":"EL 90\u00b0 PLENARIO DEL CIN DELIBERA ESTE VIERNES EN NUESTRA PROVINCIA - Apuntes de San Luis","robots":{"index":"index","follow":"follow","max-snippet":"max-snippet:-1","max-image-preview":"max-image-preview:large","max-video-preview":"max-video-preview:-1"},"canonical":"https:\/\/apuntesdesanluis.com\/index.php\/2023\/09\/07\/el-90-plenario-del-cin-delibera-este-viernes-en-nuestra-provincia\/","og_locale":"es_ES","og_type":"article","og_title":"EL 90\u00b0 PLENARIO DEL CIN DELIBERA ESTE VIERNES EN NUESTRA PROVINCIA - Apuntes de San Luis","og_description":"Este viernes 8 de septiembre, el Consejo Interuniversitario Nacional (CIN) se reunir\u00e1 en nuestra provincia,...","og_url":"https:\/\/apuntesdesanluis.com\/index.php\/2023\/09\/07\/el-90-plenario-del-cin-delibera-este-viernes-en-nuestra-provincia\/","og_site_name":"Apuntes de San Luis","article_published_time":"2023-09-08T01:12:21+00:00","og_image":[{"width":625,"height":393,"url":"https:\/\/apuntesdesanluis.com\/wp-content\/uploads\/2023\/09\/LA-PUNTA.png","type":"image\/png"}],"author":"apuntesdesanluis.com","twitter_card":"summary_large_image","twitter_misc":{"Escrito por":"apuntesdesanluis.com","Tiempo de lectura":"1 minuto"},"schema":{"@context":"https:\/\/schema.org","@graph":[{"@type":"Article","@id":"https:\/\/apuntesdesanluis.com\/index.php\/2023\/09\/07\/el-90-plenario-del-cin-delibera-este-viernes-en-nuestra-provincia\/#article","isPartOf":{"@id":"https:\/\/apuntesdesanluis.com\/index.php\/2023\/09\/07\/el-90-plenario-del-cin-delibera-este-viernes-en-nuestra-provincia\/"},"author":{"name":"apuntesdesanluis.com","@id":"https:\/\/apuntesdesanluis.com\/#\/schema\/person\/b55151d52296fcce64d1a72538a70b90"},"headline":"EL 90\u00b0 PLENARIO DEL CIN DELIBERA ESTE VIERNES EN NUESTRA PROVINCIA","datePublished":"2023-09-08T01:12:21+00:00","mainEntityOfPage":{"@id":"https:\/\/apuntesdesanluis.com\/index.php\/2023\/09\/07\/el-90-plenario-del-cin-delibera-este-viernes-en-nuestra-provincia\/"},"wordCount":229,"publisher":{"@id":"https:\/\/apuntesdesanluis.com\/#\/schema\/person\/b55151d52296fcce64d1a72538a70b90"},"image":{"@id":"https:\/\/apuntesdesanluis.com\/index.php\/2023\/09\/07\/el-90-plenario-del-cin-delibera-este-viernes-en-nuestra-provincia\/#primaryimage"},"thumbnailUrl":"https:\/\/apuntesdesanluis.com\/wp-content\/uploads\/2023\/09\/LA-PUNTA.png","articleSection":["Ciudad\/Provincia"],"inLanguage":"es-AR"},{"@type":"WebPage","@id":"https:\/\/apuntesdesanluis.com\/index.php\/2023\/09\/07\/el-90-plenario-del-cin-delibera-este-viernes-en-nuestra-provincia\/","url":"https:\/\/apuntesdesanluis.com\/index.php\/2023\/09\/07\/el-90-plenario-del-cin-delibera-este-viernes-en-nuestra-provincia\/","name":"EL 90\u00b0 PLENARIO DEL CIN DELIBERA ESTE VIERNES EN NUESTRA PROVINCIA - Apuntes de San Luis","isPartOf":{"@id":"https:\/\/apuntesdesanluis.com\/#website"},"primaryImageOfPage":{"@id":"https:\/\/apuntesdesanluis.com\/index.php\/2023\/09\/07\/el-90-plenario-del-cin-delibera-este-viernes-en-nuestra-provincia\/#primaryimage"},"image":{"@id":"https:\/\/apuntesdesanluis.com\/index.php\/2023\/09\/07\/el-90-plenario-del-cin-delibera-este-viernes-en-nuestra-provincia\/#primaryimage"},"thumbnailUrl":"https:\/\/apuntesdesanluis.com\/wp-content\/uploads\/2023\/09\/LA-PUNTA.png","datePublished":"2023-09-08T01:12:21+00:00","breadcrumb":{"@id":"https:\/\/apuntesdesanluis.com\/index.php\/2023\/09\/07\/el-90-plenario-del-cin-delibera-este-viernes-en-nuestra-provincia\/#breadcrumb"},"inLanguage":"es-AR","potentialAction":[{"@type":"ReadAction","target":["https:\/\/apuntesdesanluis.com\/index.php\/2023\/09\/07\/el-90-plenario-del-cin-delibera-este-viernes-en-nuestra-provincia\/"]}]},{"@type":"ImageObject","inLanguage":"es-AR","@id":"https:\/\/apuntesdesanluis.com\/index.php\/2023\/09\/07\/el-90-plenario-del-cin-delibera-este-viernes-en-nuestra-provincia\/#primaryimage","url":"https:\/\/apuntesdesanluis.com\/wp-content\/uploads\/2023\/09\/LA-PUNTA.png","contentUrl":"https:\/\/apuntesdesanluis.com\/wp-content\/uploads\/2023\/09\/LA-PUNTA.png","width":625,"height":393},{"@type":"BreadcrumbList","@id":"https:\/\/apuntesdesanluis.com\/index.php\/2023\/09\/07\/el-90-plenario-del-cin-delibera-este-viernes-en-nuestra-provincia\/#breadcrumb","itemListElement":[{"@type":"ListItem","position":1,"name":"Inicio","item":"https:\/\/apuntesdesanluis.com\/"},{"@type":"ListItem","position":2,"name":"EL 90\u00b0 PLENARIO DEL CIN DELIBERA ESTE VIERNES EN NUESTRA PROVINCIA"}]},{"@type":"WebSite","@id":"https:\/\/apuntesdesanluis.com\/#website","url":"https:\/\/apuntesdesanluis.com\/","name":"Apuntes de San Luis","description":"","publisher":{"@id":"https:\/\/apuntesdesanluis.com\/#\/schema\/person\/b55151d52296fcce64d1a72538a70b90"},"potentialAction":[{"@type":"SearchAction","target":{"@type":"EntryPoint","urlTemplate":"https:\/\/apuntesdesanluis.com\/?s={search_term_string}"},"query-input":{"@type":"PropertyValueSpecification","valueRequired":true,"valueName":"search_term_string"}}],"inLanguage":"es-AR"},{"@type":["Person","Organization"],"@id":"https:\/\/apuntesdesanluis.com\/#\/schema\/person\/b55151d52296fcce64d1a72538a70b90","name":"apuntesdesanluis.com","image":{"@type":"ImageObject","inLanguage":"es-AR","@id":"https:\/\/apuntesdesanluis.com\/#\/schema\/person\/image\/","url":"https:\/\/apuntesdesanluis.com\/wp-content\/uploads\/2023\/07\/cropped-apuntesdesanluis.png","contentUrl":"https:\/\/apuntesdesanluis.com\/wp-content\/uploads\/2023\/07\/cropped-apuntesdesanluis.png","width":450,"height":112,"caption":"apuntesdesanluis.com"},"logo":{"@id":"https:\/\/apuntesdesanluis.com\/#\/schema\/person\/image\/"},"sameAs":["https:\/\/apuntesdesanluis.com"],"url":"https:\/\/apuntesdesanluis.com\/index.php\/author\/apuntesdesanluis-com\/"}]}},"featured_image_urls":{"full":["https:\/\/apuntesdesanluis.com\/wp-content\/uploads\/2023\/09\/LA-PUNTA.png",625,393,false],"thumbnail":["https:\/\/apuntesdesanluis.com\/wp-content\/uploads\/2023\/09\/LA-PUNTA-150x150.png",150,150,true],"medium":["https:\/\/apuntesdesanluis.com\/wp-content\/uploads\/2023\/09\/LA-PUNTA-300x189.png",300,189,true],"medium_large":["https:\/\/apuntesdesanluis.com\/wp-content\/uploads\/2023\/09\/LA-PUNTA.png",625,393,false],"large":["https:\/\/apuntesdesanluis.com\/wp-content\/uploads\/2023\/09\/LA-PUNTA.png",625,393,false],"1536x1536":["https:\/\/apuntesdesanluis.com\/wp-content\/uploads\/2023\/09\/LA-PUNTA.png",625,393,false],"2048x2048":["https:\/\/apuntesdesanluis.com\/wp-content\/uploads\/2023\/09\/LA-PUNTA.png",625,393,false],"newsever-slider-full":["https:\/\/apuntesdesanluis.com\/wp-content\/uploads\/2023\/09\/LA-PUNTA.png",625,393,false],"newsever-featured":["https:\/\/apuntesdesanluis.com\/wp-content\/uploads\/2023\/09\/LA-PUNTA.png",625,393,false],"newsever-medium":["https:\/\/apuntesdesanluis.com\/wp-content\/uploads\/2023\/09\/LA-PUNTA.png",625,393,false]},"author_info":{"display_name":"apuntesdesanluis.com","author_link":"https:\/\/apuntesdesanluis.com\/index.php\/author\/apuntesdesanluis-com\/"},"category_info":"<a href=\"https:\/\/apuntesdesanluis.com\/index.php\/category\/ciudad-provincia\/\" rel=\"category tag\">Ciudad\/Provincia<\/a>","tag_info":"Ciudad\/Provincia","comment_count":"0","_links":{"self":[{"href":"https:\/\/apuntesdesanluis.com\/index.php\/wp-json\/wp\/v2\/posts\/2911","targetHints":{"allow":["GET"]}}],"collection":[{"href":"https:\/\/apuntesdesanluis.com\/index.php\/wp-json\/wp\/v2\/posts"}],"about":[{"href":"https:\/\/apuntesdesanluis.com\/index.php\/wp-json\/wp\/v2\/types\/post"}],"author":[{"embeddable":true,"href":"https:\/\/apuntesdesanluis.com\/index.php\/wp-json\/wp\/v2\/users\/1"}],"replies":[{"embeddable":true,"href":"https:\/\/apuntesdesanluis.com\/index.php\/wp-json\/wp\/v2\/comments?post=2911"}],"version-history":[{"count":1,"href":"https:\/\/apuntesdesanluis.com\/index.php\/wp-json\/wp\/v2\/posts\/2911\/revisions"}],"predecessor-version":[{"id":2913,"href":"https:\/\/apuntesdesanluis.com\/index.php\/wp-json\/wp\/v2\/posts\/2911\/revisions\/2913"}],"wp:featuredmedia":[{"embeddable":true,"href":"https:\/\/apuntesdesanluis.com\/index.php\/wp-json\/wp\/v2\/media\/2912"}],"wp:attachment":[{"href":"https:\/\/apuntesdesanluis.com\/index.php\/wp-json\/wp\/v2\/media?parent=2911"}],"wp:term":[{"taxonomy":"category","embeddable":true,"href":"https:\/\/apuntesdesanluis.com\/index.php\/wp-json\/wp\/v2\/categories?post=2911"},{"taxonomy":"post_tag","embeddable":true,"href":"https:\/\/apuntesdesanluis.com\/index.php\/wp-json\/wp\/v2\/tags?post=2911"}],"curies":[{"name":"wp","href":"https:\/\/api.w.org\/{rel}","templated":true}]}}