{"id":29128,"date":"2025-02-13T19:20:31","date_gmt":"2025-02-13T22:20:31","guid":{"rendered":"https:\/\/apuntesdesanluis.com\/?p=29128"},"modified":"2025-02-13T19:56:02","modified_gmt":"2025-02-13T22:56:02","slug":"prision-preventiva-para-acusado-de-golpear-y-privar-de-la-libertad-a-su-pareja","status":"publish","type":"post","link":"https:\/\/apuntesdesanluis.com\/index.php\/2025\/02\/13\/prision-preventiva-para-acusado-de-golpear-y-privar-de-la-libertad-a-su-pareja\/","title":{"rendered":"PRISI\u00d3N PREVENTIVA PARA ACUSADO DE GOLPEAR Y PRIVAR DE LA LIBERTAD A SU PAREJA"},"content":{"rendered":"<h3>El juez de Garant\u00eda N\u00b0 1, Juan Manuel Montiveros Chada, orden\u00f3 la prisi\u00f3n preventiva para <strong>J.R.A<\/strong>., imputado por lesiones leves agravadas por el v\u00ednculo y por mediar violencia de genero (dos hechos), amenazas, privaci\u00f3n ilegitima de la libertad agravada por el v\u00ednculo y da\u00f1os, en perjuicio de su pareja, todo en concurso real con el delito de incumplimiento a una orden judicial.<\/h3>\n<h3>En la continuaci\u00f3n de la audiencia de formulaci\u00f3n de cargos realizada este mi\u00e9rcoles, luego de los ocho d\u00edas de pr\u00f3rroga que solicit\u00f3 la defensa del acusado, el magistrado dio por admitida la acusaci\u00f3n presentada por la Fiscal\u00eda Especializada N\u00b0 1 de la ciudad de San Luis, e hizo lugar al pedido de dictar la preventiva.<\/h3>\n<h3>Si bien la fiscal Antonella Romagnoli solicit\u00f3 que la medida fuera por 90 d\u00edas, Montiveros Chada entendi\u00f3 que deb\u00eda ser de dos meses, mientras contin\u00faa la investigaci\u00f3n. La integrante del Ministerio P\u00fablico Fiscal fundament\u00f3 la solicitud de la privaci\u00f3n de la libertad en la existencia de riesgos procesales como el del entorpecimiento de la investigaci\u00f3n y el de fuga, como as\u00ed tambi\u00e9n en la necesidad de proteger a la v\u00edctima.<\/h3>\n<h3>HECHOS QUE SE LE IMPUTAN<\/h3>\n<h3>De acuerdo con la descripci\u00f3n de los hechos que se le imputan a J.R.A., la fiscal Romagnoli inform\u00f3 que el 3 de octubre de 2024, la v\u00edctima sufri\u00f3 golpes y una mordedura por un mensaje que recibi\u00f3 del padrino de su hijo. El episodio ocurri\u00f3 en el domicilio de la mujer ubicado en Barrio 500 Viviendas Norte. Hac\u00eda dos meses que la pareja conviv\u00eda en ese lugar y a ra\u00edz del hecho, la jueza de Familia N\u00b0 1, Natalia Giunta, dispuso una orden de restricci\u00f3n de seis meses.<\/h3>\n<h3>El d\u00eda 1 de febrero de 2025, a las 23:30hs aproximadamente, el imputado le envi\u00f3 un mensaje a su pareja para que se acercara a su domicilio para retirar prendas de vestir que le hab\u00edan quedado all\u00ed.<\/h3>\n<h3>\u201cPor lo que la denunciante, como estaba saliendo de su lugar de trabajo se acerc\u00f3 a dicho domicilio ubicado en Barrio San Martin, llegando a las 00:20hs aproximadamente. Una vez en el lugar ambos se pusieron a charlar, pero ella advirti\u00f3 que el imputado estaba escribi\u00e9ndole mensajes a una mujer que lo invitaba a consumir estupefacientes, por lo que inmediatamente se quiso retirar del domicilio, pero \u00e9l no se lo permiti\u00f3, le agarr\u00f3 su tel\u00e9fono celular y se lo tir\u00f3 al patio interno de la vivienda y comenz\u00f3 a insultarla\u201d, describi\u00f3 la fiscal.<\/h3>\n<h3>Y agreg\u00f3: \u201cMientras le vocifera amenazas, el imputado comenz\u00f3 a darle golpes. Le dio un cabezazo en la boca y luego en la nariz produci\u00e9ndole un sangrado y luego le dio un golpe de pu\u00f1o en el p\u00f3mulo derecho lo que gener\u00f3 que se le hinchara y no le permitiera ver. En ese momento el imputado se dirigi\u00f3 al ingreso de la vivienda principal coloc\u00f3 dos pilas de ladrillo block y un tabl\u00f3n para trabar la puerta, impidiendo que la v\u00edctima pudiera salir del domicilio\u201d.<\/h3>\n<h3>Seg\u00fan la denuncia, cerca de las 7:00 de la ma\u00f1ana, la v\u00edctima aleg\u00f3 un fuerte dolor de cabeza y se recost\u00f3. El acusado se acost\u00f3 a su lado y la abraz\u00f3. \u201cEsper\u00f3 a que el imputado se durmiera para poder pedir ayuda a madre y hermano. Tom\u00f3 su tel\u00e9fono, que hab\u00eda dejado bajo la almohada al momento de acostarse y le envi\u00f3 mensajes para que la fueran a buscar, pidi\u00e9ndoles que mintieran sobre el motivo de por qu\u00e9 iba a buscarla, luego borr\u00f3 los mensajes para que el imputado no la descubriera. Cerca del mediod\u00eda llegaron a socorrerla su padre, madre y hermano, y pudieron ayudarla a salir de ah\u00ed; pero previo a que golpearan, sacaran los ladrillos y trataran de abrir la puerta, el imputado se dio cuenta y la tom\u00f3 de los pelos y la tiro al piso, le arrebat\u00f3 el celular, tir\u00e1ndolo contra el piso, provocando su rotura\u201d, se\u00f1al\u00f3 Romagnoli.<\/h3>\n<h3>Fue en ese momento cuando la polic\u00eda arrib\u00f3 al domicilio, alertada por un llamado al 911 de una transe\u00fante que escuch\u00f3 los gritos de la v\u00edctima, de acuerdo con lo que dice la denuncia.<\/h3>\n<h3><strong>LA PALABRA DEL DENUNCIADO<\/strong><\/h3>\n<h3>J.R.A pidi\u00f3 declarar ante el juez Montiveros Chada y dijo que mantiene una relaci\u00f3n \u201cenfermiza\u201d con su pareja, pero neg\u00f3 los hechos que le endilgan. \u201cElla me busc\u00f3 todo el tiempo a pesar de la restricci\u00f3n. Tuve un accidente y me lastim\u00e9 una pierna y cada vez que iba a fisioterapia estaba esper\u00e1ndome afuera. No fueron as\u00ed los hechos, ella habl\u00f3 cosas tremendas de m\u00ed y me parti\u00f3 el coraz\u00f3n. Esa noche, ella quer\u00eda salir a tomar a las tres de la ma\u00f1ana porque no se pod\u00eda dormir y le dije que no, entonces se enoj\u00f3. A m\u00ed me peg\u00f3 su familia cuando cay\u00f3 a mi casa\u201d, dijo el joven.<\/h3>\n<h3>Su abogado defensor, Emiliano Ag\u00fandez, adelant\u00f3 que va a solicitar morigerar la prisi\u00f3n preventiva por una domiciliaria debido a los problemas de salud de su defendido.<\/h3>\n<h3><\/h3>\n<p>&nbsp;<\/p>\n<p>&nbsp;<\/p>\n","protected":false},"excerpt":{"rendered":"<p>El juez de Garant\u00eda N\u00b0 1, Juan Manuel Montiveros Chada, orden\u00f3 la prisi\u00f3n preventiva para&#8230;<\/p>\n","protected":false},"author":1,"featured_media":29129,"comment_status":"closed","ping_status":"closed","sticky":false,"template":"","format":"standard","meta":{"footnotes":""},"categories":[6],"tags":[],"class_list":["post-29128","post","type-post","status-publish","format-standard","has-post-thumbnail","hentry","category-ciudad-provincia"],"yoast_head":"<!-- This site is optimized with the Yoast SEO plugin v26.1.1 - https:\/\/yoast.com\/wordpress\/plugins\/seo\/ -->\n<title>PRISI\u00d3N PREVENTIVA PARA ACUSADO DE GOLPEAR Y PRIVAR DE LA LIBERTAD A SU PAREJA - Apuntes de San Luis<\/title>\n<meta name=\"robots\" content=\"index, follow, max-snippet:-1, max-image-preview:large, max-video-preview:-1\" \/>\n<link rel=\"canonical\" href=\"https:\/\/apuntesdesanluis.com\/index.php\/2025\/02\/13\/prision-preventiva-para-acusado-de-golpear-y-privar-de-la-libertad-a-su-pareja\/\" \/>\n<meta property=\"og:locale\" content=\"es_ES\" \/>\n<meta property=\"og:type\" content=\"article\" \/>\n<meta property=\"og:title\" content=\"PRISI\u00d3N PREVENTIVA PARA ACUSADO DE GOLPEAR Y PRIVAR DE LA LIBERTAD A SU PAREJA - Apuntes de San Luis\" \/>\n<meta property=\"og:description\" content=\"El juez de Garant\u00eda N\u00b0 1, Juan Manuel Montiveros Chada, orden\u00f3 la prisi\u00f3n preventiva para...\" \/>\n<meta property=\"og:url\" content=\"https:\/\/apuntesdesanluis.com\/index.php\/2025\/02\/13\/prision-preventiva-para-acusado-de-golpear-y-privar-de-la-libertad-a-su-pareja\/\" \/>\n<meta property=\"og:site_name\" content=\"Apuntes de San Luis\" \/>\n<meta property=\"article:published_time\" content=\"2025-02-13T22:20:31+00:00\" \/>\n<meta property=\"article:modified_time\" content=\"2025-02-13T22:56:02+00:00\" \/>\n<meta property=\"og:image\" content=\"https:\/\/apuntesdesanluis.com\/wp-content\/uploads\/2025\/02\/audiencia-3.png\" \/>\n\t<meta property=\"og:image:width\" content=\"747\" \/>\n\t<meta property=\"og:image:height\" content=\"483\" \/>\n\t<meta property=\"og:image:type\" content=\"image\/png\" \/>\n<meta name=\"author\" content=\"apuntesdesanluis.com\" \/>\n<meta name=\"twitter:card\" content=\"summary_large_image\" \/>\n<meta name=\"twitter:label1\" content=\"Escrito por\" \/>\n\t<meta name=\"twitter:data1\" content=\"apuntesdesanluis.com\" \/>\n\t<meta name=\"twitter:label2\" content=\"Tiempo de lectura\" \/>\n\t<meta name=\"twitter:data2\" content=\"4 minutos\" \/>\n<script type=\"application\/ld+json\" class=\"yoast-schema-graph\">{\"@context\":\"https:\/\/schema.org\",\"@graph\":[{\"@type\":\"Article\",\"@id\":\"https:\/\/apuntesdesanluis.com\/index.php\/2025\/02\/13\/prision-preventiva-para-acusado-de-golpear-y-privar-de-la-libertad-a-su-pareja\/#article\",\"isPartOf\":{\"@id\":\"https:\/\/apuntesdesanluis.com\/index.php\/2025\/02\/13\/prision-preventiva-para-acusado-de-golpear-y-privar-de-la-libertad-a-su-pareja\/\"},\"author\":{\"name\":\"apuntesdesanluis.com\",\"@id\":\"https:\/\/apuntesdesanluis.com\/#\/schema\/person\/b55151d52296fcce64d1a72538a70b90\"},\"headline\":\"PRISI\u00d3N PREVENTIVA PARA ACUSADO DE GOLPEAR Y PRIVAR DE LA LIBERTAD A SU PAREJA\",\"datePublished\":\"2025-02-13T22:20:31+00:00\",\"dateModified\":\"2025-02-13T22:56:02+00:00\",\"mainEntityOfPage\":{\"@id\":\"https:\/\/apuntesdesanluis.com\/index.php\/2025\/02\/13\/prision-preventiva-para-acusado-de-golpear-y-privar-de-la-libertad-a-su-pareja\/\"},\"wordCount\":892,\"publisher\":{\"@id\":\"https:\/\/apuntesdesanluis.com\/#\/schema\/person\/b55151d52296fcce64d1a72538a70b90\"},\"image\":{\"@id\":\"https:\/\/apuntesdesanluis.com\/index.php\/2025\/02\/13\/prision-preventiva-para-acusado-de-golpear-y-privar-de-la-libertad-a-su-pareja\/#primaryimage\"},\"thumbnailUrl\":\"https:\/\/apuntesdesanluis.com\/wp-content\/uploads\/2025\/02\/audiencia-3.png\",\"articleSection\":[\"Ciudad\/Provincia\"],\"inLanguage\":\"es-AR\"},{\"@type\":\"WebPage\",\"@id\":\"https:\/\/apuntesdesanluis.com\/index.php\/2025\/02\/13\/prision-preventiva-para-acusado-de-golpear-y-privar-de-la-libertad-a-su-pareja\/\",\"url\":\"https:\/\/apuntesdesanluis.com\/index.php\/2025\/02\/13\/prision-preventiva-para-acusado-de-golpear-y-privar-de-la-libertad-a-su-pareja\/\",\"name\":\"PRISI\u00d3N PREVENTIVA PARA ACUSADO DE GOLPEAR Y PRIVAR DE LA LIBERTAD A SU PAREJA - Apuntes de San Luis\",\"isPartOf\":{\"@id\":\"https:\/\/apuntesdesanluis.com\/#website\"},\"primaryImageOfPage\":{\"@id\":\"https:\/\/apuntesdesanluis.com\/index.php\/2025\/02\/13\/prision-preventiva-para-acusado-de-golpear-y-privar-de-la-libertad-a-su-pareja\/#primaryimage\"},\"image\":{\"@id\":\"https:\/\/apuntesdesanluis.com\/index.php\/2025\/02\/13\/prision-preventiva-para-acusado-de-golpear-y-privar-de-la-libertad-a-su-pareja\/#primaryimage\"},\"thumbnailUrl\":\"https:\/\/apuntesdesanluis.com\/wp-content\/uploads\/2025\/02\/audiencia-3.png\",\"datePublished\":\"2025-02-13T22:20:31+00:00\",\"dateModified\":\"2025-02-13T22:56:02+00:00\",\"breadcrumb\":{\"@id\":\"https:\/\/apuntesdesanluis.com\/index.php\/2025\/02\/13\/prision-preventiva-para-acusado-de-golpear-y-privar-de-la-libertad-a-su-pareja\/#breadcrumb\"},\"inLanguage\":\"es-AR\",\"potentialAction\":[{\"@type\":\"ReadAction\",\"target\":[\"https:\/\/apuntesdesanluis.com\/index.php\/2025\/02\/13\/prision-preventiva-para-acusado-de-golpear-y-privar-de-la-libertad-a-su-pareja\/\"]}]},{\"@type\":\"ImageObject\",\"inLanguage\":\"es-AR\",\"@id\":\"https:\/\/apuntesdesanluis.com\/index.php\/2025\/02\/13\/prision-preventiva-para-acusado-de-golpear-y-privar-de-la-libertad-a-su-pareja\/#primaryimage\",\"url\":\"https:\/\/apuntesdesanluis.com\/wp-content\/uploads\/2025\/02\/audiencia-3.png\",\"contentUrl\":\"https:\/\/apuntesdesanluis.com\/wp-content\/uploads\/2025\/02\/audiencia-3.png\",\"width\":747,\"height\":483},{\"@type\":\"BreadcrumbList\",\"@id\":\"https:\/\/apuntesdesanluis.com\/index.php\/2025\/02\/13\/prision-preventiva-para-acusado-de-golpear-y-privar-de-la-libertad-a-su-pareja\/#breadcrumb\",\"itemListElement\":[{\"@type\":\"ListItem\",\"position\":1,\"name\":\"Inicio\",\"item\":\"https:\/\/apuntesdesanluis.com\/\"},{\"@type\":\"ListItem\",\"position\":2,\"name\":\"PRISI\u00d3N PREVENTIVA PARA ACUSADO DE GOLPEAR Y PRIVAR DE LA LIBERTAD A SU PAREJA\"}]},{\"@type\":\"WebSite\",\"@id\":\"https:\/\/apuntesdesanluis.com\/#website\",\"url\":\"https:\/\/apuntesdesanluis.com\/\",\"name\":\"Apuntes de San Luis\",\"description\":\"\",\"publisher\":{\"@id\":\"https:\/\/apuntesdesanluis.com\/#\/schema\/person\/b55151d52296fcce64d1a72538a70b90\"},\"potentialAction\":[{\"@type\":\"SearchAction\",\"target\":{\"@type\":\"EntryPoint\",\"urlTemplate\":\"https:\/\/apuntesdesanluis.com\/?s={search_term_string}\"},\"query-input\":{\"@type\":\"PropertyValueSpecification\",\"valueRequired\":true,\"valueName\":\"search_term_string\"}}],\"inLanguage\":\"es-AR\"},{\"@type\":[\"Person\",\"Organization\"],\"@id\":\"https:\/\/apuntesdesanluis.com\/#\/schema\/person\/b55151d52296fcce64d1a72538a70b90\",\"name\":\"apuntesdesanluis.com\",\"image\":{\"@type\":\"ImageObject\",\"inLanguage\":\"es-AR\",\"@id\":\"https:\/\/apuntesdesanluis.com\/#\/schema\/person\/image\/\",\"url\":\"https:\/\/apuntesdesanluis.com\/wp-content\/uploads\/2023\/07\/cropped-apuntesdesanluis.png\",\"contentUrl\":\"https:\/\/apuntesdesanluis.com\/wp-content\/uploads\/2023\/07\/cropped-apuntesdesanluis.png\",\"width\":450,\"height\":112,\"caption\":\"apuntesdesanluis.com\"},\"logo\":{\"@id\":\"https:\/\/apuntesdesanluis.com\/#\/schema\/person\/image\/\"},\"sameAs\":[\"https:\/\/apuntesdesanluis.com\"],\"url\":\"https:\/\/apuntesdesanluis.com\/index.php\/author\/apuntesdesanluis-com\/\"}]}<\/script>\n<!-- \/ Yoast SEO plugin. -->","yoast_head_json":{"title":"PRISI\u00d3N PREVENTIVA PARA ACUSADO DE GOLPEAR Y PRIVAR DE LA LIBERTAD A SU PAREJA - Apuntes de San Luis","robots":{"index":"index","follow":"follow","max-snippet":"max-snippet:-1","max-image-preview":"max-image-preview:large","max-video-preview":"max-video-preview:-1"},"canonical":"https:\/\/apuntesdesanluis.com\/index.php\/2025\/02\/13\/prision-preventiva-para-acusado-de-golpear-y-privar-de-la-libertad-a-su-pareja\/","og_locale":"es_ES","og_type":"article","og_title":"PRISI\u00d3N PREVENTIVA PARA ACUSADO DE GOLPEAR Y PRIVAR DE LA LIBERTAD A SU PAREJA - Apuntes de San Luis","og_description":"El juez de Garant\u00eda N\u00b0 1, Juan Manuel Montiveros Chada, orden\u00f3 la prisi\u00f3n preventiva para...","og_url":"https:\/\/apuntesdesanluis.com\/index.php\/2025\/02\/13\/prision-preventiva-para-acusado-de-golpear-y-privar-de-la-libertad-a-su-pareja\/","og_site_name":"Apuntes de San Luis","article_published_time":"2025-02-13T22:20:31+00:00","article_modified_time":"2025-02-13T22:56:02+00:00","og_image":[{"width":747,"height":483,"url":"https:\/\/apuntesdesanluis.com\/wp-content\/uploads\/2025\/02\/audiencia-3.png","type":"image\/png"}],"author":"apuntesdesanluis.com","twitter_card":"summary_large_image","twitter_misc":{"Escrito por":"apuntesdesanluis.com","Tiempo de lectura":"4 minutos"},"schema":{"@context":"https:\/\/schema.org","@graph":[{"@type":"Article","@id":"https:\/\/apuntesdesanluis.com\/index.php\/2025\/02\/13\/prision-preventiva-para-acusado-de-golpear-y-privar-de-la-libertad-a-su-pareja\/#article","isPartOf":{"@id":"https:\/\/apuntesdesanluis.com\/index.php\/2025\/02\/13\/prision-preventiva-para-acusado-de-golpear-y-privar-de-la-libertad-a-su-pareja\/"},"author":{"name":"apuntesdesanluis.com","@id":"https:\/\/apuntesdesanluis.com\/#\/schema\/person\/b55151d52296fcce64d1a72538a70b90"},"headline":"PRISI\u00d3N PREVENTIVA PARA ACUSADO DE GOLPEAR Y PRIVAR DE LA LIBERTAD A SU PAREJA","datePublished":"2025-02-13T22:20:31+00:00","dateModified":"2025-02-13T22:56:02+00:00","mainEntityOfPage":{"@id":"https:\/\/apuntesdesanluis.com\/index.php\/2025\/02\/13\/prision-preventiva-para-acusado-de-golpear-y-privar-de-la-libertad-a-su-pareja\/"},"wordCount":892,"publisher":{"@id":"https:\/\/apuntesdesanluis.com\/#\/schema\/person\/b55151d52296fcce64d1a72538a70b90"},"image":{"@id":"https:\/\/apuntesdesanluis.com\/index.php\/2025\/02\/13\/prision-preventiva-para-acusado-de-golpear-y-privar-de-la-libertad-a-su-pareja\/#primaryimage"},"thumbnailUrl":"https:\/\/apuntesdesanluis.com\/wp-content\/uploads\/2025\/02\/audiencia-3.png","articleSection":["Ciudad\/Provincia"],"inLanguage":"es-AR"},{"@type":"WebPage","@id":"https:\/\/apuntesdesanluis.com\/index.php\/2025\/02\/13\/prision-preventiva-para-acusado-de-golpear-y-privar-de-la-libertad-a-su-pareja\/","url":"https:\/\/apuntesdesanluis.com\/index.php\/2025\/02\/13\/prision-preventiva-para-acusado-de-golpear-y-privar-de-la-libertad-a-su-pareja\/","name":"PRISI\u00d3N PREVENTIVA PARA ACUSADO DE GOLPEAR Y PRIVAR DE LA LIBERTAD A SU PAREJA - Apuntes de San Luis","isPartOf":{"@id":"https:\/\/apuntesdesanluis.com\/#website"},"primaryImageOfPage":{"@id":"https:\/\/apuntesdesanluis.com\/index.php\/2025\/02\/13\/prision-preventiva-para-acusado-de-golpear-y-privar-de-la-libertad-a-su-pareja\/#primaryimage"},"image":{"@id":"https:\/\/apuntesdesanluis.com\/index.php\/2025\/02\/13\/prision-preventiva-para-acusado-de-golpear-y-privar-de-la-libertad-a-su-pareja\/#primaryimage"},"thumbnailUrl":"https:\/\/apuntesdesanluis.com\/wp-content\/uploads\/2025\/02\/audiencia-3.png","datePublished":"2025-02-13T22:20:31+00:00","dateModified":"2025-02-13T22:56:02+00:00","breadcrumb":{"@id":"https:\/\/apuntesdesanluis.com\/index.php\/2025\/02\/13\/prision-preventiva-para-acusado-de-golpear-y-privar-de-la-libertad-a-su-pareja\/#breadcrumb"},"inLanguage":"es-AR","potentialAction":[{"@type":"ReadAction","target":["https:\/\/apuntesdesanluis.com\/index.php\/2025\/02\/13\/prision-preventiva-para-acusado-de-golpear-y-privar-de-la-libertad-a-su-pareja\/"]}]},{"@type":"ImageObject","inLanguage":"es-AR","@id":"https:\/\/apuntesdesanluis.com\/index.php\/2025\/02\/13\/prision-preventiva-para-acusado-de-golpear-y-privar-de-la-libertad-a-su-pareja\/#primaryimage","url":"https:\/\/apuntesdesanluis.com\/wp-content\/uploads\/2025\/02\/audiencia-3.png","contentUrl":"https:\/\/apuntesdesanluis.com\/wp-content\/uploads\/2025\/02\/audiencia-3.png","width":747,"height":483},{"@type":"BreadcrumbList","@id":"https:\/\/apuntesdesanluis.com\/index.php\/2025\/02\/13\/prision-preventiva-para-acusado-de-golpear-y-privar-de-la-libertad-a-su-pareja\/#breadcrumb","itemListElement":[{"@type":"ListItem","position":1,"name":"Inicio","item":"https:\/\/apuntesdesanluis.com\/"},{"@type":"ListItem","position":2,"name":"PRISI\u00d3N PREVENTIVA PARA ACUSADO DE GOLPEAR Y PRIVAR DE LA LIBERTAD A SU PAREJA"}]},{"@type":"WebSite","@id":"https:\/\/apuntesdesanluis.com\/#website","url":"https:\/\/apuntesdesanluis.com\/","name":"Apuntes de San Luis","description":"","publisher":{"@id":"https:\/\/apuntesdesanluis.com\/#\/schema\/person\/b55151d52296fcce64d1a72538a70b90"},"potentialAction":[{"@type":"SearchAction","target":{"@type":"EntryPoint","urlTemplate":"https:\/\/apuntesdesanluis.com\/?s={search_term_string}"},"query-input":{"@type":"PropertyValueSpecification","valueRequired":true,"valueName":"search_term_string"}}],"inLanguage":"es-AR"},{"@type":["Person","Organization"],"@id":"https:\/\/apuntesdesanluis.com\/#\/schema\/person\/b55151d52296fcce64d1a72538a70b90","name":"apuntesdesanluis.com","image":{"@type":"ImageObject","inLanguage":"es-AR","@id":"https:\/\/apuntesdesanluis.com\/#\/schema\/person\/image\/","url":"https:\/\/apuntesdesanluis.com\/wp-content\/uploads\/2023\/07\/cropped-apuntesdesanluis.png","contentUrl":"https:\/\/apuntesdesanluis.com\/wp-content\/uploads\/2023\/07\/cropped-apuntesdesanluis.png","width":450,"height":112,"caption":"apuntesdesanluis.com"},"logo":{"@id":"https:\/\/apuntesdesanluis.com\/#\/schema\/person\/image\/"},"sameAs":["https:\/\/apuntesdesanluis.com"],"url":"https:\/\/apuntesdesanluis.com\/index.php\/author\/apuntesdesanluis-com\/"}]}},"featured_image_urls":{"full":["https:\/\/apuntesdesanluis.com\/wp-content\/uploads\/2025\/02\/audiencia-3.png",747,483,false],"thumbnail":["https:\/\/apuntesdesanluis.com\/wp-content\/uploads\/2025\/02\/audiencia-3-150x150.png",150,150,true],"medium":["https:\/\/apuntesdesanluis.com\/wp-content\/uploads\/2025\/02\/audiencia-3-300x194.png",300,194,true],"medium_large":["https:\/\/apuntesdesanluis.com\/wp-content\/uploads\/2025\/02\/audiencia-3.png",640,414,false],"large":["https:\/\/apuntesdesanluis.com\/wp-content\/uploads\/2025\/02\/audiencia-3.png",640,414,false],"1536x1536":["https:\/\/apuntesdesanluis.com\/wp-content\/uploads\/2025\/02\/audiencia-3.png",747,483,false],"2048x2048":["https:\/\/apuntesdesanluis.com\/wp-content\/uploads\/2025\/02\/audiencia-3.png",747,483,false],"newsever-slider-full":["https:\/\/apuntesdesanluis.com\/wp-content\/uploads\/2025\/02\/audiencia-3.png",747,483,false],"newsever-featured":["https:\/\/apuntesdesanluis.com\/wp-content\/uploads\/2025\/02\/audiencia-3.png",747,483,false],"newsever-medium":["https:\/\/apuntesdesanluis.com\/wp-content\/uploads\/2025\/02\/audiencia-3-720x475.png",720,475,true]},"author_info":{"display_name":"apuntesdesanluis.com","author_link":"https:\/\/apuntesdesanluis.com\/index.php\/author\/apuntesdesanluis-com\/"},"category_info":"<a href=\"https:\/\/apuntesdesanluis.com\/index.php\/category\/ciudad-provincia\/\" rel=\"category tag\">Ciudad\/Provincia<\/a>","tag_info":"Ciudad\/Provincia","comment_count":"0","_links":{"self":[{"href":"https:\/\/apuntesdesanluis.com\/index.php\/wp-json\/wp\/v2\/posts\/29128","targetHints":{"allow":["GET"]}}],"collection":[{"href":"https:\/\/apuntesdesanluis.com\/index.php\/wp-json\/wp\/v2\/posts"}],"about":[{"href":"https:\/\/apuntesdesanluis.com\/index.php\/wp-json\/wp\/v2\/types\/post"}],"author":[{"embeddable":true,"href":"https:\/\/apuntesdesanluis.com\/index.php\/wp-json\/wp\/v2\/users\/1"}],"replies":[{"embeddable":true,"href":"https:\/\/apuntesdesanluis.com\/index.php\/wp-json\/wp\/v2\/comments?post=29128"}],"version-history":[{"count":1,"href":"https:\/\/apuntesdesanluis.com\/index.php\/wp-json\/wp\/v2\/posts\/29128\/revisions"}],"predecessor-version":[{"id":29130,"href":"https:\/\/apuntesdesanluis.com\/index.php\/wp-json\/wp\/v2\/posts\/29128\/revisions\/29130"}],"wp:featuredmedia":[{"embeddable":true,"href":"https:\/\/apuntesdesanluis.com\/index.php\/wp-json\/wp\/v2\/media\/29129"}],"wp:attachment":[{"href":"https:\/\/apuntesdesanluis.com\/index.php\/wp-json\/wp\/v2\/media?parent=29128"}],"wp:term":[{"taxonomy":"category","embeddable":true,"href":"https:\/\/apuntesdesanluis.com\/index.php\/wp-json\/wp\/v2\/categories?post=29128"},{"taxonomy":"post_tag","embeddable":true,"href":"https:\/\/apuntesdesanluis.com\/index.php\/wp-json\/wp\/v2\/tags?post=29128"}],"curies":[{"name":"wp","href":"https:\/\/api.w.org\/{rel}","templated":true}]}}