{"id":29131,"date":"2025-02-13T19:25:42","date_gmt":"2025-02-13T22:25:42","guid":{"rendered":"https:\/\/apuntesdesanluis.com\/?p=29131"},"modified":"2025-02-13T20:00:47","modified_gmt":"2025-02-13T23:00:47","slug":"fijan-fecha-de-juicio-contra-la-pareja-acusada-de-matar-a-su-bebe","status":"publish","type":"post","link":"https:\/\/apuntesdesanluis.com\/index.php\/2025\/02\/13\/fijan-fecha-de-juicio-contra-la-pareja-acusada-de-matar-a-su-bebe\/","title":{"rendered":"FIJAN FECHA DE JUICIO CONTRA LA PAREJA ACUSADA DE MATAR A SU BEB\u00c9"},"content":{"rendered":"<h3>El 27 y 28 de febrero pr\u00f3ximos se llevar\u00e1 adelante el debate oral contra <strong>Melanie Castro<\/strong> y su pareja <strong>Edgar S\u00e1nchez<\/strong> por el homicidio de una beba de 9 meses, hija de la mujer. El tribunal estar\u00e1 integrado por Adriana Lucero Alfonso, Julio Fernando De Viana y Gustavo Ariel Parrillis y ambas audiencias est\u00e1n fijadas a las 8:30 horas en la Sala Oral del segundo piso de los tribunales de la ciudad de San Luis.<\/h3>\n<h3>El hombre de 32 a\u00f1os llega a juicio acusado de homicidio simple, con un pedido de condena de 20 a\u00f1os de prisi\u00f3n, mientras que la progenitora est\u00e1 imputada como autora de homicidio calificado agravado por el v\u00ednculo, en comisi\u00f3n por omisi\u00f3n, mediando circunstancias extraordinarias de atenuaci\u00f3n (art. 45, 80 inc. 1ro y \u00faltimo p\u00e1rr. del CP), con una solicitud de pena de 10 a\u00f1os. La v\u00edctima se llamaba Catalina.<\/h3>\n<h3>La causa se inici\u00f3 la tarde del 8 de octubre de 2023, cuando la beb\u00e9 fue llevada por su madre al Hospital Cerro de la Cruz en un estado de desvanecimiento y sin signos vitales. Por este motivo, los m\u00e9dicos activaron el C\u00f3digo Rojo por el estado en el que se encontraba la ni\u00f1a y la trasladaron al Hospital Central. Ya en el Policl\u00ednico, el equipo de salud le hizo pr\u00e1cticas de reanimaci\u00f3n y una vez que constataron la fractura de cr\u00e1neo ordenaron su internaci\u00f3n en terapia intensiva.<\/h3>\n<h3>Una de las doctoras que la atendi\u00f3 inform\u00f3 que presentaba un edema cerebral, hematoma subdural en la cabeza, fractura de cr\u00e1neo, y un hematoma en el rostro, y otro en el pie derecho. Dicho diagn\u00f3stico fue coincidente con el que emiti\u00f3 horas m\u00e1s tarde el m\u00e9dico de terapia intensiva. Con el correr de los d\u00edas el cuadro de la beba empeor\u00f3 y el 15 de octubre falleci\u00f3.<\/h3>\n<h3>La m\u00e9dica forense del Poder Judicial, Marcela G\u00f3mez, determin\u00f3 que la ni\u00f1a sufri\u00f3 una muerte cerebral irreversible derivada de la fractura de cr\u00e1neo que padeciera y descart\u00f3 una ca\u00edda accidental de la cama como causa de la lesi\u00f3n. En su informe forense, G\u00f3mez adem\u00e1s advirti\u00f3 la presencia de una hemorragia en llamas en retina, como se dice en los t\u00e9rminos m\u00e9dicos, y que son circunstancias que caracterizan el maltrato infantil.<\/h3>\n<h3>\u201cEl hecho que les endilgo ocurri\u00f3 en el Barrio 208 Viviendas, en el domicilio de S\u00e1nchez, y el lugar donde permanece los fines de semana la se\u00f1ora Castro junto a su beb\u00e9. Ese domingo, estando presentes las personas mencionadas m\u00e1s los tres hijos menores de S\u00e1nchez, se produce el hecho que esta Fiscal\u00eda ha podido reconstruir como una fuerte golpiza o una fuerte ca\u00edda, es decir, que hubo un fuerte impulso que termin\u00f3 provocando en la menor una fractura de cr\u00e1neo, que deriv\u00f3 en una hemorragia aguda cerebral y la muerte\u201d, dijo la fiscal especializada Mar\u00eda del Valle Dur\u00e1n en su acusaci\u00f3n.<\/h3>\n<h3>La Fiscal\u00eda mencion\u00f3 en su imputaci\u00f3n que meses antes de su muerte, la beb\u00e9 sufri\u00f3 una fractura en su pie izquierdo.<\/h3>\n<h3><\/h3>\n<h3><\/h3>\n<p>&nbsp;<\/p>\n","protected":false},"excerpt":{"rendered":"<p>El 27 y 28 de febrero pr\u00f3ximos se llevar\u00e1 adelante el debate oral contra Melanie&#8230;<\/p>\n","protected":false},"author":1,"featured_media":580,"comment_status":"closed","ping_status":"closed","sticky":false,"template":"","format":"standard","meta":{"footnotes":""},"categories":[6],"tags":[],"class_list":["post-29131","post","type-post","status-publish","format-standard","has-post-thumbnail","hentry","category-ciudad-provincia"],"yoast_head":"<!-- This site is optimized with the Yoast SEO plugin v26.1.1 - https:\/\/yoast.com\/wordpress\/plugins\/seo\/ -->\n<title>FIJAN FECHA DE JUICIO CONTRA LA PAREJA ACUSADA DE MATAR A SU BEB\u00c9 - Apuntes de San Luis<\/title>\n<meta name=\"robots\" content=\"index, follow, max-snippet:-1, max-image-preview:large, max-video-preview:-1\" \/>\n<link rel=\"canonical\" href=\"https:\/\/apuntesdesanluis.com\/index.php\/2025\/02\/13\/fijan-fecha-de-juicio-contra-la-pareja-acusada-de-matar-a-su-bebe\/\" \/>\n<meta property=\"og:locale\" content=\"es_ES\" \/>\n<meta property=\"og:type\" content=\"article\" \/>\n<meta property=\"og:title\" content=\"FIJAN FECHA DE JUICIO CONTRA LA PAREJA ACUSADA DE MATAR A SU BEB\u00c9 - Apuntes de San Luis\" \/>\n<meta property=\"og:description\" content=\"El 27 y 28 de febrero pr\u00f3ximos se llevar\u00e1 adelante el debate oral contra Melanie...\" \/>\n<meta property=\"og:url\" content=\"https:\/\/apuntesdesanluis.com\/index.php\/2025\/02\/13\/fijan-fecha-de-juicio-contra-la-pareja-acusada-de-matar-a-su-bebe\/\" \/>\n<meta property=\"og:site_name\" content=\"Apuntes de San Luis\" \/>\n<meta property=\"article:published_time\" content=\"2025-02-13T22:25:42+00:00\" \/>\n<meta property=\"article:modified_time\" content=\"2025-02-13T23:00:47+00:00\" \/>\n<meta property=\"og:image\" content=\"https:\/\/apuntesdesanluis.com\/wp-content\/uploads\/2023\/07\/tribunales-puntanos.png\" \/>\n\t<meta property=\"og:image:width\" content=\"788\" \/>\n\t<meta property=\"og:image:height\" content=\"480\" \/>\n\t<meta property=\"og:image:type\" content=\"image\/png\" \/>\n<meta name=\"author\" content=\"apuntesdesanluis.com\" \/>\n<meta name=\"twitter:card\" content=\"summary_large_image\" \/>\n<meta name=\"twitter:label1\" content=\"Escrito por\" \/>\n\t<meta name=\"twitter:data1\" content=\"apuntesdesanluis.com\" \/>\n\t<meta name=\"twitter:label2\" content=\"Tiempo de lectura\" \/>\n\t<meta name=\"twitter:data2\" content=\"3 minutos\" \/>\n<script type=\"application\/ld+json\" class=\"yoast-schema-graph\">{\"@context\":\"https:\/\/schema.org\",\"@graph\":[{\"@type\":\"Article\",\"@id\":\"https:\/\/apuntesdesanluis.com\/index.php\/2025\/02\/13\/fijan-fecha-de-juicio-contra-la-pareja-acusada-de-matar-a-su-bebe\/#article\",\"isPartOf\":{\"@id\":\"https:\/\/apuntesdesanluis.com\/index.php\/2025\/02\/13\/fijan-fecha-de-juicio-contra-la-pareja-acusada-de-matar-a-su-bebe\/\"},\"author\":{\"name\":\"apuntesdesanluis.com\",\"@id\":\"https:\/\/apuntesdesanluis.com\/#\/schema\/person\/b55151d52296fcce64d1a72538a70b90\"},\"headline\":\"FIJAN FECHA DE JUICIO CONTRA LA PAREJA ACUSADA DE MATAR A SU BEB\u00c9\",\"datePublished\":\"2025-02-13T22:25:42+00:00\",\"dateModified\":\"2025-02-13T23:00:47+00:00\",\"mainEntityOfPage\":{\"@id\":\"https:\/\/apuntesdesanluis.com\/index.php\/2025\/02\/13\/fijan-fecha-de-juicio-contra-la-pareja-acusada-de-matar-a-su-bebe\/\"},\"wordCount\":541,\"publisher\":{\"@id\":\"https:\/\/apuntesdesanluis.com\/#\/schema\/person\/b55151d52296fcce64d1a72538a70b90\"},\"image\":{\"@id\":\"https:\/\/apuntesdesanluis.com\/index.php\/2025\/02\/13\/fijan-fecha-de-juicio-contra-la-pareja-acusada-de-matar-a-su-bebe\/#primaryimage\"},\"thumbnailUrl\":\"https:\/\/apuntesdesanluis.com\/wp-content\/uploads\/2023\/07\/tribunales-puntanos.png\",\"articleSection\":[\"Ciudad\/Provincia\"],\"inLanguage\":\"es-AR\"},{\"@type\":\"WebPage\",\"@id\":\"https:\/\/apuntesdesanluis.com\/index.php\/2025\/02\/13\/fijan-fecha-de-juicio-contra-la-pareja-acusada-de-matar-a-su-bebe\/\",\"url\":\"https:\/\/apuntesdesanluis.com\/index.php\/2025\/02\/13\/fijan-fecha-de-juicio-contra-la-pareja-acusada-de-matar-a-su-bebe\/\",\"name\":\"FIJAN FECHA DE JUICIO CONTRA LA PAREJA ACUSADA DE MATAR A SU BEB\u00c9 - Apuntes de San Luis\",\"isPartOf\":{\"@id\":\"https:\/\/apuntesdesanluis.com\/#website\"},\"primaryImageOfPage\":{\"@id\":\"https:\/\/apuntesdesanluis.com\/index.php\/2025\/02\/13\/fijan-fecha-de-juicio-contra-la-pareja-acusada-de-matar-a-su-bebe\/#primaryimage\"},\"image\":{\"@id\":\"https:\/\/apuntesdesanluis.com\/index.php\/2025\/02\/13\/fijan-fecha-de-juicio-contra-la-pareja-acusada-de-matar-a-su-bebe\/#primaryimage\"},\"thumbnailUrl\":\"https:\/\/apuntesdesanluis.com\/wp-content\/uploads\/2023\/07\/tribunales-puntanos.png\",\"datePublished\":\"2025-02-13T22:25:42+00:00\",\"dateModified\":\"2025-02-13T23:00:47+00:00\",\"breadcrumb\":{\"@id\":\"https:\/\/apuntesdesanluis.com\/index.php\/2025\/02\/13\/fijan-fecha-de-juicio-contra-la-pareja-acusada-de-matar-a-su-bebe\/#breadcrumb\"},\"inLanguage\":\"es-AR\",\"potentialAction\":[{\"@type\":\"ReadAction\",\"target\":[\"https:\/\/apuntesdesanluis.com\/index.php\/2025\/02\/13\/fijan-fecha-de-juicio-contra-la-pareja-acusada-de-matar-a-su-bebe\/\"]}]},{\"@type\":\"ImageObject\",\"inLanguage\":\"es-AR\",\"@id\":\"https:\/\/apuntesdesanluis.com\/index.php\/2025\/02\/13\/fijan-fecha-de-juicio-contra-la-pareja-acusada-de-matar-a-su-bebe\/#primaryimage\",\"url\":\"https:\/\/apuntesdesanluis.com\/wp-content\/uploads\/2023\/07\/tribunales-puntanos.png\",\"contentUrl\":\"https:\/\/apuntesdesanluis.com\/wp-content\/uploads\/2023\/07\/tribunales-puntanos.png\",\"width\":788,\"height\":480},{\"@type\":\"BreadcrumbList\",\"@id\":\"https:\/\/apuntesdesanluis.com\/index.php\/2025\/02\/13\/fijan-fecha-de-juicio-contra-la-pareja-acusada-de-matar-a-su-bebe\/#breadcrumb\",\"itemListElement\":[{\"@type\":\"ListItem\",\"position\":1,\"name\":\"Inicio\",\"item\":\"https:\/\/apuntesdesanluis.com\/\"},{\"@type\":\"ListItem\",\"position\":2,\"name\":\"FIJAN FECHA DE JUICIO CONTRA LA PAREJA ACUSADA DE MATAR A SU BEB\u00c9\"}]},{\"@type\":\"WebSite\",\"@id\":\"https:\/\/apuntesdesanluis.com\/#website\",\"url\":\"https:\/\/apuntesdesanluis.com\/\",\"name\":\"Apuntes de San Luis\",\"description\":\"\",\"publisher\":{\"@id\":\"https:\/\/apuntesdesanluis.com\/#\/schema\/person\/b55151d52296fcce64d1a72538a70b90\"},\"potentialAction\":[{\"@type\":\"SearchAction\",\"target\":{\"@type\":\"EntryPoint\",\"urlTemplate\":\"https:\/\/apuntesdesanluis.com\/?s={search_term_string}\"},\"query-input\":{\"@type\":\"PropertyValueSpecification\",\"valueRequired\":true,\"valueName\":\"search_term_string\"}}],\"inLanguage\":\"es-AR\"},{\"@type\":[\"Person\",\"Organization\"],\"@id\":\"https:\/\/apuntesdesanluis.com\/#\/schema\/person\/b55151d52296fcce64d1a72538a70b90\",\"name\":\"apuntesdesanluis.com\",\"image\":{\"@type\":\"ImageObject\",\"inLanguage\":\"es-AR\",\"@id\":\"https:\/\/apuntesdesanluis.com\/#\/schema\/person\/image\/\",\"url\":\"https:\/\/apuntesdesanluis.com\/wp-content\/uploads\/2023\/07\/cropped-apuntesdesanluis.png\",\"contentUrl\":\"https:\/\/apuntesdesanluis.com\/wp-content\/uploads\/2023\/07\/cropped-apuntesdesanluis.png\",\"width\":450,\"height\":112,\"caption\":\"apuntesdesanluis.com\"},\"logo\":{\"@id\":\"https:\/\/apuntesdesanluis.com\/#\/schema\/person\/image\/\"},\"sameAs\":[\"https:\/\/apuntesdesanluis.com\"],\"url\":\"https:\/\/apuntesdesanluis.com\/index.php\/author\/apuntesdesanluis-com\/\"}]}<\/script>\n<!-- \/ Yoast SEO plugin. -->","yoast_head_json":{"title":"FIJAN FECHA DE JUICIO CONTRA LA PAREJA ACUSADA DE MATAR A SU BEB\u00c9 - Apuntes de San Luis","robots":{"index":"index","follow":"follow","max-snippet":"max-snippet:-1","max-image-preview":"max-image-preview:large","max-video-preview":"max-video-preview:-1"},"canonical":"https:\/\/apuntesdesanluis.com\/index.php\/2025\/02\/13\/fijan-fecha-de-juicio-contra-la-pareja-acusada-de-matar-a-su-bebe\/","og_locale":"es_ES","og_type":"article","og_title":"FIJAN FECHA DE JUICIO CONTRA LA PAREJA ACUSADA DE MATAR A SU BEB\u00c9 - Apuntes de San Luis","og_description":"El 27 y 28 de febrero pr\u00f3ximos se llevar\u00e1 adelante el debate oral contra Melanie...","og_url":"https:\/\/apuntesdesanluis.com\/index.php\/2025\/02\/13\/fijan-fecha-de-juicio-contra-la-pareja-acusada-de-matar-a-su-bebe\/","og_site_name":"Apuntes de San Luis","article_published_time":"2025-02-13T22:25:42+00:00","article_modified_time":"2025-02-13T23:00:47+00:00","og_image":[{"width":788,"height":480,"url":"https:\/\/apuntesdesanluis.com\/wp-content\/uploads\/2023\/07\/tribunales-puntanos.png","type":"image\/png"}],"author":"apuntesdesanluis.com","twitter_card":"summary_large_image","twitter_misc":{"Escrito por":"apuntesdesanluis.com","Tiempo de lectura":"3 minutos"},"schema":{"@context":"https:\/\/schema.org","@graph":[{"@type":"Article","@id":"https:\/\/apuntesdesanluis.com\/index.php\/2025\/02\/13\/fijan-fecha-de-juicio-contra-la-pareja-acusada-de-matar-a-su-bebe\/#article","isPartOf":{"@id":"https:\/\/apuntesdesanluis.com\/index.php\/2025\/02\/13\/fijan-fecha-de-juicio-contra-la-pareja-acusada-de-matar-a-su-bebe\/"},"author":{"name":"apuntesdesanluis.com","@id":"https:\/\/apuntesdesanluis.com\/#\/schema\/person\/b55151d52296fcce64d1a72538a70b90"},"headline":"FIJAN FECHA DE JUICIO CONTRA LA PAREJA ACUSADA DE MATAR A SU BEB\u00c9","datePublished":"2025-02-13T22:25:42+00:00","dateModified":"2025-02-13T23:00:47+00:00","mainEntityOfPage":{"@id":"https:\/\/apuntesdesanluis.com\/index.php\/2025\/02\/13\/fijan-fecha-de-juicio-contra-la-pareja-acusada-de-matar-a-su-bebe\/"},"wordCount":541,"publisher":{"@id":"https:\/\/apuntesdesanluis.com\/#\/schema\/person\/b55151d52296fcce64d1a72538a70b90"},"image":{"@id":"https:\/\/apuntesdesanluis.com\/index.php\/2025\/02\/13\/fijan-fecha-de-juicio-contra-la-pareja-acusada-de-matar-a-su-bebe\/#primaryimage"},"thumbnailUrl":"https:\/\/apuntesdesanluis.com\/wp-content\/uploads\/2023\/07\/tribunales-puntanos.png","articleSection":["Ciudad\/Provincia"],"inLanguage":"es-AR"},{"@type":"WebPage","@id":"https:\/\/apuntesdesanluis.com\/index.php\/2025\/02\/13\/fijan-fecha-de-juicio-contra-la-pareja-acusada-de-matar-a-su-bebe\/","url":"https:\/\/apuntesdesanluis.com\/index.php\/2025\/02\/13\/fijan-fecha-de-juicio-contra-la-pareja-acusada-de-matar-a-su-bebe\/","name":"FIJAN FECHA DE JUICIO CONTRA LA PAREJA ACUSADA DE MATAR A SU BEB\u00c9 - Apuntes de San Luis","isPartOf":{"@id":"https:\/\/apuntesdesanluis.com\/#website"},"primaryImageOfPage":{"@id":"https:\/\/apuntesdesanluis.com\/index.php\/2025\/02\/13\/fijan-fecha-de-juicio-contra-la-pareja-acusada-de-matar-a-su-bebe\/#primaryimage"},"image":{"@id":"https:\/\/apuntesdesanluis.com\/index.php\/2025\/02\/13\/fijan-fecha-de-juicio-contra-la-pareja-acusada-de-matar-a-su-bebe\/#primaryimage"},"thumbnailUrl":"https:\/\/apuntesdesanluis.com\/wp-content\/uploads\/2023\/07\/tribunales-puntanos.png","datePublished":"2025-02-13T22:25:42+00:00","dateModified":"2025-02-13T23:00:47+00:00","breadcrumb":{"@id":"https:\/\/apuntesdesanluis.com\/index.php\/2025\/02\/13\/fijan-fecha-de-juicio-contra-la-pareja-acusada-de-matar-a-su-bebe\/#breadcrumb"},"inLanguage":"es-AR","potentialAction":[{"@type":"ReadAction","target":["https:\/\/apuntesdesanluis.com\/index.php\/2025\/02\/13\/fijan-fecha-de-juicio-contra-la-pareja-acusada-de-matar-a-su-bebe\/"]}]},{"@type":"ImageObject","inLanguage":"es-AR","@id":"https:\/\/apuntesdesanluis.com\/index.php\/2025\/02\/13\/fijan-fecha-de-juicio-contra-la-pareja-acusada-de-matar-a-su-bebe\/#primaryimage","url":"https:\/\/apuntesdesanluis.com\/wp-content\/uploads\/2023\/07\/tribunales-puntanos.png","contentUrl":"https:\/\/apuntesdesanluis.com\/wp-content\/uploads\/2023\/07\/tribunales-puntanos.png","width":788,"height":480},{"@type":"BreadcrumbList","@id":"https:\/\/apuntesdesanluis.com\/index.php\/2025\/02\/13\/fijan-fecha-de-juicio-contra-la-pareja-acusada-de-matar-a-su-bebe\/#breadcrumb","itemListElement":[{"@type":"ListItem","position":1,"name":"Inicio","item":"https:\/\/apuntesdesanluis.com\/"},{"@type":"ListItem","position":2,"name":"FIJAN FECHA DE JUICIO CONTRA LA PAREJA ACUSADA DE MATAR A SU BEB\u00c9"}]},{"@type":"WebSite","@id":"https:\/\/apuntesdesanluis.com\/#website","url":"https:\/\/apuntesdesanluis.com\/","name":"Apuntes de San Luis","description":"","publisher":{"@id":"https:\/\/apuntesdesanluis.com\/#\/schema\/person\/b55151d52296fcce64d1a72538a70b90"},"potentialAction":[{"@type":"SearchAction","target":{"@type":"EntryPoint","urlTemplate":"https:\/\/apuntesdesanluis.com\/?s={search_term_string}"},"query-input":{"@type":"PropertyValueSpecification","valueRequired":true,"valueName":"search_term_string"}}],"inLanguage":"es-AR"},{"@type":["Person","Organization"],"@id":"https:\/\/apuntesdesanluis.com\/#\/schema\/person\/b55151d52296fcce64d1a72538a70b90","name":"apuntesdesanluis.com","image":{"@type":"ImageObject","inLanguage":"es-AR","@id":"https:\/\/apuntesdesanluis.com\/#\/schema\/person\/image\/","url":"https:\/\/apuntesdesanluis.com\/wp-content\/uploads\/2023\/07\/cropped-apuntesdesanluis.png","contentUrl":"https:\/\/apuntesdesanluis.com\/wp-content\/uploads\/2023\/07\/cropped-apuntesdesanluis.png","width":450,"height":112,"caption":"apuntesdesanluis.com"},"logo":{"@id":"https:\/\/apuntesdesanluis.com\/#\/schema\/person\/image\/"},"sameAs":["https:\/\/apuntesdesanluis.com"],"url":"https:\/\/apuntesdesanluis.com\/index.php\/author\/apuntesdesanluis-com\/"}]}},"featured_image_urls":{"full":["https:\/\/apuntesdesanluis.com\/wp-content\/uploads\/2023\/07\/tribunales-puntanos.png",788,480,false],"thumbnail":["https:\/\/apuntesdesanluis.com\/wp-content\/uploads\/2023\/07\/tribunales-puntanos-150x150.png",150,150,true],"medium":["https:\/\/apuntesdesanluis.com\/wp-content\/uploads\/2023\/07\/tribunales-puntanos-300x183.png",300,183,true],"medium_large":["https:\/\/apuntesdesanluis.com\/wp-content\/uploads\/2023\/07\/tribunales-puntanos-768x468.png",640,390,true],"large":["https:\/\/apuntesdesanluis.com\/wp-content\/uploads\/2023\/07\/tribunales-puntanos.png",640,390,false],"1536x1536":["https:\/\/apuntesdesanluis.com\/wp-content\/uploads\/2023\/07\/tribunales-puntanos.png",788,480,false],"2048x2048":["https:\/\/apuntesdesanluis.com\/wp-content\/uploads\/2023\/07\/tribunales-puntanos.png",788,480,false],"newsever-slider-full":["https:\/\/apuntesdesanluis.com\/wp-content\/uploads\/2023\/07\/tribunales-puntanos.png",788,480,false],"newsever-featured":["https:\/\/apuntesdesanluis.com\/wp-content\/uploads\/2023\/07\/tribunales-puntanos.png",788,480,false],"newsever-medium":["https:\/\/apuntesdesanluis.com\/wp-content\/uploads\/2023\/07\/tribunales-puntanos-720x475.png",720,475,true]},"author_info":{"display_name":"apuntesdesanluis.com","author_link":"https:\/\/apuntesdesanluis.com\/index.php\/author\/apuntesdesanluis-com\/"},"category_info":"<a href=\"https:\/\/apuntesdesanluis.com\/index.php\/category\/ciudad-provincia\/\" rel=\"category tag\">Ciudad\/Provincia<\/a>","tag_info":"Ciudad\/Provincia","comment_count":"0","_links":{"self":[{"href":"https:\/\/apuntesdesanluis.com\/index.php\/wp-json\/wp\/v2\/posts\/29131","targetHints":{"allow":["GET"]}}],"collection":[{"href":"https:\/\/apuntesdesanluis.com\/index.php\/wp-json\/wp\/v2\/posts"}],"about":[{"href":"https:\/\/apuntesdesanluis.com\/index.php\/wp-json\/wp\/v2\/types\/post"}],"author":[{"embeddable":true,"href":"https:\/\/apuntesdesanluis.com\/index.php\/wp-json\/wp\/v2\/users\/1"}],"replies":[{"embeddable":true,"href":"https:\/\/apuntesdesanluis.com\/index.php\/wp-json\/wp\/v2\/comments?post=29131"}],"version-history":[{"count":1,"href":"https:\/\/apuntesdesanluis.com\/index.php\/wp-json\/wp\/v2\/posts\/29131\/revisions"}],"predecessor-version":[{"id":29132,"href":"https:\/\/apuntesdesanluis.com\/index.php\/wp-json\/wp\/v2\/posts\/29131\/revisions\/29132"}],"wp:featuredmedia":[{"embeddable":true,"href":"https:\/\/apuntesdesanluis.com\/index.php\/wp-json\/wp\/v2\/media\/580"}],"wp:attachment":[{"href":"https:\/\/apuntesdesanluis.com\/index.php\/wp-json\/wp\/v2\/media?parent=29131"}],"wp:term":[{"taxonomy":"category","embeddable":true,"href":"https:\/\/apuntesdesanluis.com\/index.php\/wp-json\/wp\/v2\/categories?post=29131"},{"taxonomy":"post_tag","embeddable":true,"href":"https:\/\/apuntesdesanluis.com\/index.php\/wp-json\/wp\/v2\/tags?post=29131"}],"curies":[{"name":"wp","href":"https:\/\/api.w.org\/{rel}","templated":true}]}}