{"id":2914,"date":"2023-09-07T14:40:36","date_gmt":"2023-09-07T17:40:36","guid":{"rendered":"https:\/\/apuntesdesanluis.com\/?p=2914"},"modified":"2023-09-07T14:40:36","modified_gmt":"2023-09-07T17:40:36","slug":"prision-preventiva-por-30-dias-para-un-imputado-por-hurto","status":"publish","type":"post","link":"https:\/\/apuntesdesanluis.com\/index.php\/2023\/09\/07\/prision-preventiva-por-30-dias-para-un-imputado-por-hurto\/","title":{"rendered":"PRISI\u00d3N PREVENTIVA POR 30 D\u00cdAS PARA UN IMPUTADO POR HURTO"},"content":{"rendered":"<h3>El hecho ocurri\u00f3 el pasado 1 de septiembre en Villa Mercedes. Al d\u00eda siguiente, en una audiencia de formulaci\u00f3n de cargos se le imput\u00f3 a un hombre el delito de robo simple. La defensa en ese momento solicit\u00f3 una pr\u00f3rroga de detenci\u00f3n de cinco d\u00edas, que fue concedida por la magistrada.<\/h3>\n<h3>Este jueves, y al vencerse la pr\u00f3rroga de detenci\u00f3n, se desarroll\u00f3 una nueva audiencia donde la defensa expres\u00f3, entre otras cuestiones que en los videos de las c\u00e1maras de vigilancia, no se visualizan los hechos con claridad. Asimismo, explic\u00f3 que no se encuentra verificada la existencia de fuerza f\u00edsica o da\u00f1o en el veh\u00edculo.<\/h3>\n<h3>El Dr. Hern\u00e1n Herrera solicit\u00f3 el cambio de la calificaci\u00f3n legal a hurto simple en grado de tentativa y que la medida de coerci\u00f3n sea de un plazo razonable teniendo en cuenta, entre otras cosas, la escala penal m\u00ednima del delito.<\/h3>\n<h3>La Dra. Gisela Milstein \u2013Fiscal Adjunta- inform\u00f3 acerca de la evidencia y de un informe donde da cuenta de la fuerza aplicada. Solicit\u00f3 que se mantenga la calificaci\u00f3n legal del imputado por robo simple y que incorpore la tentativa.<\/h3>\n<h3>Pidi\u00f3 que la medida de coerci\u00f3n sea la prisi\u00f3n preventiva por 90 d\u00edas ya que existe prueba pendiente de producci\u00f3n y riesgo de entorpecimiento al proceso judicial atento a que el hombre est\u00e1 cumpliendo una condena en suspenso por otro delito.<\/h3>\n<h3>La Dra. Mirta Ucelay luego de las exposiciones de las partes y atento a los fundamentos expuestos, resolvi\u00f3 formular cargos por el delito de hurto simple en grado de tentativa previsto y penado en el art. 162,42 y 45 del C\u00f3digo Penal.<\/h3>\n<h3>Para su resoluci\u00f3n tuvo en consideraci\u00f3n los antecedentes penales, la prueba pendiente a recepcionar y orden\u00f3 el traslado al Servicio Penitenciario.<\/h3>\n<h3>El hecho ocurri\u00f3 el pasado 1 de septiembre en la madrugada. En ese momento personal de la Divisi\u00f3n de R\u00e1pida Intervenci\u00f3n Motorizada (DRIM) en un recorrido advirti\u00f3 a una persona con la mitad del cuerpo por la ventanilla dentro de un auto. Al mando de voz, el hombre se dio a la fuga con dos bultos en su poder, luego de unas cuadras se desapodera de los bultos y despu\u00e9s es aprehendido. Dichos bultos eran dos camperas que pertenecian al due\u00f1o del mencionado auto estacionado en el domicilio del damnificado.<\/h3>\n","protected":false},"excerpt":{"rendered":"<p>El hecho ocurri\u00f3 el pasado 1 de septiembre en Villa Mercedes. Al d\u00eda siguiente, en&#8230;<\/p>\n","protected":false},"author":1,"featured_media":2915,"comment_status":"closed","ping_status":"closed","sticky":false,"template":"","format":"standard","meta":{"footnotes":""},"categories":[6],"tags":[],"class_list":["post-2914","post","type-post","status-publish","format-standard","has-post-thumbnail","hentry","category-ciudad-provincia"],"yoast_head":"<!-- This site is optimized with the Yoast SEO plugin v26.1.1 - https:\/\/yoast.com\/wordpress\/plugins\/seo\/ -->\n<title>PRISI\u00d3N PREVENTIVA POR 30 D\u00cdAS PARA UN IMPUTADO POR HURTO - Apuntes de San Luis<\/title>\n<meta name=\"robots\" content=\"index, follow, max-snippet:-1, max-image-preview:large, max-video-preview:-1\" \/>\n<link rel=\"canonical\" href=\"https:\/\/apuntesdesanluis.com\/index.php\/2023\/09\/07\/prision-preventiva-por-30-dias-para-un-imputado-por-hurto\/\" \/>\n<meta property=\"og:locale\" content=\"es_ES\" \/>\n<meta property=\"og:type\" content=\"article\" \/>\n<meta property=\"og:title\" content=\"PRISI\u00d3N PREVENTIVA POR 30 D\u00cdAS PARA UN IMPUTADO POR HURTO - Apuntes de San Luis\" \/>\n<meta property=\"og:description\" content=\"El hecho ocurri\u00f3 el pasado 1 de septiembre en Villa Mercedes. Al d\u00eda siguiente, en...\" \/>\n<meta property=\"og:url\" content=\"https:\/\/apuntesdesanluis.com\/index.php\/2023\/09\/07\/prision-preventiva-por-30-dias-para-un-imputado-por-hurto\/\" \/>\n<meta property=\"og:site_name\" content=\"Apuntes de San Luis\" \/>\n<meta property=\"article:published_time\" content=\"2023-09-07T17:40:36+00:00\" \/>\n<meta property=\"og:image\" content=\"https:\/\/apuntesdesanluis.com\/wp-content\/uploads\/2023\/09\/UCELAY.png\" \/>\n\t<meta property=\"og:image:width\" content=\"600\" \/>\n\t<meta property=\"og:image:height\" content=\"425\" \/>\n\t<meta property=\"og:image:type\" content=\"image\/png\" \/>\n<meta name=\"author\" content=\"apuntesdesanluis.com\" \/>\n<meta name=\"twitter:card\" content=\"summary_large_image\" \/>\n<meta name=\"twitter:label1\" content=\"Escrito por\" \/>\n\t<meta name=\"twitter:data1\" content=\"apuntesdesanluis.com\" \/>\n\t<meta name=\"twitter:label2\" content=\"Tiempo de lectura\" \/>\n\t<meta name=\"twitter:data2\" content=\"2 minutos\" \/>\n<script type=\"application\/ld+json\" class=\"yoast-schema-graph\">{\"@context\":\"https:\/\/schema.org\",\"@graph\":[{\"@type\":\"Article\",\"@id\":\"https:\/\/apuntesdesanluis.com\/index.php\/2023\/09\/07\/prision-preventiva-por-30-dias-para-un-imputado-por-hurto\/#article\",\"isPartOf\":{\"@id\":\"https:\/\/apuntesdesanluis.com\/index.php\/2023\/09\/07\/prision-preventiva-por-30-dias-para-un-imputado-por-hurto\/\"},\"author\":{\"name\":\"apuntesdesanluis.com\",\"@id\":\"https:\/\/apuntesdesanluis.com\/#\/schema\/person\/b55151d52296fcce64d1a72538a70b90\"},\"headline\":\"PRISI\u00d3N PREVENTIVA POR 30 D\u00cdAS PARA UN IMPUTADO POR HURTO\",\"datePublished\":\"2023-09-07T17:40:36+00:00\",\"mainEntityOfPage\":{\"@id\":\"https:\/\/apuntesdesanluis.com\/index.php\/2023\/09\/07\/prision-preventiva-por-30-dias-para-un-imputado-por-hurto\/\"},\"wordCount\":413,\"publisher\":{\"@id\":\"https:\/\/apuntesdesanluis.com\/#\/schema\/person\/b55151d52296fcce64d1a72538a70b90\"},\"image\":{\"@id\":\"https:\/\/apuntesdesanluis.com\/index.php\/2023\/09\/07\/prision-preventiva-por-30-dias-para-un-imputado-por-hurto\/#primaryimage\"},\"thumbnailUrl\":\"https:\/\/apuntesdesanluis.com\/wp-content\/uploads\/2023\/09\/UCELAY.png\",\"articleSection\":[\"Ciudad\/Provincia\"],\"inLanguage\":\"es-AR\"},{\"@type\":\"WebPage\",\"@id\":\"https:\/\/apuntesdesanluis.com\/index.php\/2023\/09\/07\/prision-preventiva-por-30-dias-para-un-imputado-por-hurto\/\",\"url\":\"https:\/\/apuntesdesanluis.com\/index.php\/2023\/09\/07\/prision-preventiva-por-30-dias-para-un-imputado-por-hurto\/\",\"name\":\"PRISI\u00d3N PREVENTIVA POR 30 D\u00cdAS PARA UN IMPUTADO POR HURTO - Apuntes de San Luis\",\"isPartOf\":{\"@id\":\"https:\/\/apuntesdesanluis.com\/#website\"},\"primaryImageOfPage\":{\"@id\":\"https:\/\/apuntesdesanluis.com\/index.php\/2023\/09\/07\/prision-preventiva-por-30-dias-para-un-imputado-por-hurto\/#primaryimage\"},\"image\":{\"@id\":\"https:\/\/apuntesdesanluis.com\/index.php\/2023\/09\/07\/prision-preventiva-por-30-dias-para-un-imputado-por-hurto\/#primaryimage\"},\"thumbnailUrl\":\"https:\/\/apuntesdesanluis.com\/wp-content\/uploads\/2023\/09\/UCELAY.png\",\"datePublished\":\"2023-09-07T17:40:36+00:00\",\"breadcrumb\":{\"@id\":\"https:\/\/apuntesdesanluis.com\/index.php\/2023\/09\/07\/prision-preventiva-por-30-dias-para-un-imputado-por-hurto\/#breadcrumb\"},\"inLanguage\":\"es-AR\",\"potentialAction\":[{\"@type\":\"ReadAction\",\"target\":[\"https:\/\/apuntesdesanluis.com\/index.php\/2023\/09\/07\/prision-preventiva-por-30-dias-para-un-imputado-por-hurto\/\"]}]},{\"@type\":\"ImageObject\",\"inLanguage\":\"es-AR\",\"@id\":\"https:\/\/apuntesdesanluis.com\/index.php\/2023\/09\/07\/prision-preventiva-por-30-dias-para-un-imputado-por-hurto\/#primaryimage\",\"url\":\"https:\/\/apuntesdesanluis.com\/wp-content\/uploads\/2023\/09\/UCELAY.png\",\"contentUrl\":\"https:\/\/apuntesdesanluis.com\/wp-content\/uploads\/2023\/09\/UCELAY.png\",\"width\":600,\"height\":425},{\"@type\":\"BreadcrumbList\",\"@id\":\"https:\/\/apuntesdesanluis.com\/index.php\/2023\/09\/07\/prision-preventiva-por-30-dias-para-un-imputado-por-hurto\/#breadcrumb\",\"itemListElement\":[{\"@type\":\"ListItem\",\"position\":1,\"name\":\"Inicio\",\"item\":\"https:\/\/apuntesdesanluis.com\/\"},{\"@type\":\"ListItem\",\"position\":2,\"name\":\"PRISI\u00d3N PREVENTIVA POR 30 D\u00cdAS PARA UN IMPUTADO POR HURTO\"}]},{\"@type\":\"WebSite\",\"@id\":\"https:\/\/apuntesdesanluis.com\/#website\",\"url\":\"https:\/\/apuntesdesanluis.com\/\",\"name\":\"Apuntes de San Luis\",\"description\":\"\",\"publisher\":{\"@id\":\"https:\/\/apuntesdesanluis.com\/#\/schema\/person\/b55151d52296fcce64d1a72538a70b90\"},\"potentialAction\":[{\"@type\":\"SearchAction\",\"target\":{\"@type\":\"EntryPoint\",\"urlTemplate\":\"https:\/\/apuntesdesanluis.com\/?s={search_term_string}\"},\"query-input\":{\"@type\":\"PropertyValueSpecification\",\"valueRequired\":true,\"valueName\":\"search_term_string\"}}],\"inLanguage\":\"es-AR\"},{\"@type\":[\"Person\",\"Organization\"],\"@id\":\"https:\/\/apuntesdesanluis.com\/#\/schema\/person\/b55151d52296fcce64d1a72538a70b90\",\"name\":\"apuntesdesanluis.com\",\"image\":{\"@type\":\"ImageObject\",\"inLanguage\":\"es-AR\",\"@id\":\"https:\/\/apuntesdesanluis.com\/#\/schema\/person\/image\/\",\"url\":\"https:\/\/apuntesdesanluis.com\/wp-content\/uploads\/2023\/07\/cropped-apuntesdesanluis.png\",\"contentUrl\":\"https:\/\/apuntesdesanluis.com\/wp-content\/uploads\/2023\/07\/cropped-apuntesdesanluis.png\",\"width\":450,\"height\":112,\"caption\":\"apuntesdesanluis.com\"},\"logo\":{\"@id\":\"https:\/\/apuntesdesanluis.com\/#\/schema\/person\/image\/\"},\"sameAs\":[\"https:\/\/apuntesdesanluis.com\"],\"url\":\"https:\/\/apuntesdesanluis.com\/index.php\/author\/apuntesdesanluis-com\/\"}]}<\/script>\n<!-- \/ Yoast SEO plugin. -->","yoast_head_json":{"title":"PRISI\u00d3N PREVENTIVA POR 30 D\u00cdAS PARA UN IMPUTADO POR HURTO - Apuntes de San Luis","robots":{"index":"index","follow":"follow","max-snippet":"max-snippet:-1","max-image-preview":"max-image-preview:large","max-video-preview":"max-video-preview:-1"},"canonical":"https:\/\/apuntesdesanluis.com\/index.php\/2023\/09\/07\/prision-preventiva-por-30-dias-para-un-imputado-por-hurto\/","og_locale":"es_ES","og_type":"article","og_title":"PRISI\u00d3N PREVENTIVA POR 30 D\u00cdAS PARA UN IMPUTADO POR HURTO - Apuntes de San Luis","og_description":"El hecho ocurri\u00f3 el pasado 1 de septiembre en Villa Mercedes. Al d\u00eda siguiente, en...","og_url":"https:\/\/apuntesdesanluis.com\/index.php\/2023\/09\/07\/prision-preventiva-por-30-dias-para-un-imputado-por-hurto\/","og_site_name":"Apuntes de San Luis","article_published_time":"2023-09-07T17:40:36+00:00","og_image":[{"width":600,"height":425,"url":"https:\/\/apuntesdesanluis.com\/wp-content\/uploads\/2023\/09\/UCELAY.png","type":"image\/png"}],"author":"apuntesdesanluis.com","twitter_card":"summary_large_image","twitter_misc":{"Escrito por":"apuntesdesanluis.com","Tiempo de lectura":"2 minutos"},"schema":{"@context":"https:\/\/schema.org","@graph":[{"@type":"Article","@id":"https:\/\/apuntesdesanluis.com\/index.php\/2023\/09\/07\/prision-preventiva-por-30-dias-para-un-imputado-por-hurto\/#article","isPartOf":{"@id":"https:\/\/apuntesdesanluis.com\/index.php\/2023\/09\/07\/prision-preventiva-por-30-dias-para-un-imputado-por-hurto\/"},"author":{"name":"apuntesdesanluis.com","@id":"https:\/\/apuntesdesanluis.com\/#\/schema\/person\/b55151d52296fcce64d1a72538a70b90"},"headline":"PRISI\u00d3N PREVENTIVA POR 30 D\u00cdAS PARA UN IMPUTADO POR HURTO","datePublished":"2023-09-07T17:40:36+00:00","mainEntityOfPage":{"@id":"https:\/\/apuntesdesanluis.com\/index.php\/2023\/09\/07\/prision-preventiva-por-30-dias-para-un-imputado-por-hurto\/"},"wordCount":413,"publisher":{"@id":"https:\/\/apuntesdesanluis.com\/#\/schema\/person\/b55151d52296fcce64d1a72538a70b90"},"image":{"@id":"https:\/\/apuntesdesanluis.com\/index.php\/2023\/09\/07\/prision-preventiva-por-30-dias-para-un-imputado-por-hurto\/#primaryimage"},"thumbnailUrl":"https:\/\/apuntesdesanluis.com\/wp-content\/uploads\/2023\/09\/UCELAY.png","articleSection":["Ciudad\/Provincia"],"inLanguage":"es-AR"},{"@type":"WebPage","@id":"https:\/\/apuntesdesanluis.com\/index.php\/2023\/09\/07\/prision-preventiva-por-30-dias-para-un-imputado-por-hurto\/","url":"https:\/\/apuntesdesanluis.com\/index.php\/2023\/09\/07\/prision-preventiva-por-30-dias-para-un-imputado-por-hurto\/","name":"PRISI\u00d3N PREVENTIVA POR 30 D\u00cdAS PARA UN IMPUTADO POR HURTO - Apuntes de San Luis","isPartOf":{"@id":"https:\/\/apuntesdesanluis.com\/#website"},"primaryImageOfPage":{"@id":"https:\/\/apuntesdesanluis.com\/index.php\/2023\/09\/07\/prision-preventiva-por-30-dias-para-un-imputado-por-hurto\/#primaryimage"},"image":{"@id":"https:\/\/apuntesdesanluis.com\/index.php\/2023\/09\/07\/prision-preventiva-por-30-dias-para-un-imputado-por-hurto\/#primaryimage"},"thumbnailUrl":"https:\/\/apuntesdesanluis.com\/wp-content\/uploads\/2023\/09\/UCELAY.png","datePublished":"2023-09-07T17:40:36+00:00","breadcrumb":{"@id":"https:\/\/apuntesdesanluis.com\/index.php\/2023\/09\/07\/prision-preventiva-por-30-dias-para-un-imputado-por-hurto\/#breadcrumb"},"inLanguage":"es-AR","potentialAction":[{"@type":"ReadAction","target":["https:\/\/apuntesdesanluis.com\/index.php\/2023\/09\/07\/prision-preventiva-por-30-dias-para-un-imputado-por-hurto\/"]}]},{"@type":"ImageObject","inLanguage":"es-AR","@id":"https:\/\/apuntesdesanluis.com\/index.php\/2023\/09\/07\/prision-preventiva-por-30-dias-para-un-imputado-por-hurto\/#primaryimage","url":"https:\/\/apuntesdesanluis.com\/wp-content\/uploads\/2023\/09\/UCELAY.png","contentUrl":"https:\/\/apuntesdesanluis.com\/wp-content\/uploads\/2023\/09\/UCELAY.png","width":600,"height":425},{"@type":"BreadcrumbList","@id":"https:\/\/apuntesdesanluis.com\/index.php\/2023\/09\/07\/prision-preventiva-por-30-dias-para-un-imputado-por-hurto\/#breadcrumb","itemListElement":[{"@type":"ListItem","position":1,"name":"Inicio","item":"https:\/\/apuntesdesanluis.com\/"},{"@type":"ListItem","position":2,"name":"PRISI\u00d3N PREVENTIVA POR 30 D\u00cdAS PARA UN IMPUTADO POR HURTO"}]},{"@type":"WebSite","@id":"https:\/\/apuntesdesanluis.com\/#website","url":"https:\/\/apuntesdesanluis.com\/","name":"Apuntes de San Luis","description":"","publisher":{"@id":"https:\/\/apuntesdesanluis.com\/#\/schema\/person\/b55151d52296fcce64d1a72538a70b90"},"potentialAction":[{"@type":"SearchAction","target":{"@type":"EntryPoint","urlTemplate":"https:\/\/apuntesdesanluis.com\/?s={search_term_string}"},"query-input":{"@type":"PropertyValueSpecification","valueRequired":true,"valueName":"search_term_string"}}],"inLanguage":"es-AR"},{"@type":["Person","Organization"],"@id":"https:\/\/apuntesdesanluis.com\/#\/schema\/person\/b55151d52296fcce64d1a72538a70b90","name":"apuntesdesanluis.com","image":{"@type":"ImageObject","inLanguage":"es-AR","@id":"https:\/\/apuntesdesanluis.com\/#\/schema\/person\/image\/","url":"https:\/\/apuntesdesanluis.com\/wp-content\/uploads\/2023\/07\/cropped-apuntesdesanluis.png","contentUrl":"https:\/\/apuntesdesanluis.com\/wp-content\/uploads\/2023\/07\/cropped-apuntesdesanluis.png","width":450,"height":112,"caption":"apuntesdesanluis.com"},"logo":{"@id":"https:\/\/apuntesdesanluis.com\/#\/schema\/person\/image\/"},"sameAs":["https:\/\/apuntesdesanluis.com"],"url":"https:\/\/apuntesdesanluis.com\/index.php\/author\/apuntesdesanluis-com\/"}]}},"featured_image_urls":{"full":["https:\/\/apuntesdesanluis.com\/wp-content\/uploads\/2023\/09\/UCELAY.png",600,425,false],"thumbnail":["https:\/\/apuntesdesanluis.com\/wp-content\/uploads\/2023\/09\/UCELAY-150x150.png",150,150,true],"medium":["https:\/\/apuntesdesanluis.com\/wp-content\/uploads\/2023\/09\/UCELAY-300x213.png",300,213,true],"medium_large":["https:\/\/apuntesdesanluis.com\/wp-content\/uploads\/2023\/09\/UCELAY.png",600,425,false],"large":["https:\/\/apuntesdesanluis.com\/wp-content\/uploads\/2023\/09\/UCELAY.png",600,425,false],"1536x1536":["https:\/\/apuntesdesanluis.com\/wp-content\/uploads\/2023\/09\/UCELAY.png",600,425,false],"2048x2048":["https:\/\/apuntesdesanluis.com\/wp-content\/uploads\/2023\/09\/UCELAY.png",600,425,false],"newsever-slider-full":["https:\/\/apuntesdesanluis.com\/wp-content\/uploads\/2023\/09\/UCELAY.png",600,425,false],"newsever-featured":["https:\/\/apuntesdesanluis.com\/wp-content\/uploads\/2023\/09\/UCELAY.png",600,425,false],"newsever-medium":["https:\/\/apuntesdesanluis.com\/wp-content\/uploads\/2023\/09\/UCELAY.png",600,425,false]},"author_info":{"display_name":"apuntesdesanluis.com","author_link":"https:\/\/apuntesdesanluis.com\/index.php\/author\/apuntesdesanluis-com\/"},"category_info":"<a href=\"https:\/\/apuntesdesanluis.com\/index.php\/category\/ciudad-provincia\/\" rel=\"category tag\">Ciudad\/Provincia<\/a>","tag_info":"Ciudad\/Provincia","comment_count":"0","_links":{"self":[{"href":"https:\/\/apuntesdesanluis.com\/index.php\/wp-json\/wp\/v2\/posts\/2914","targetHints":{"allow":["GET"]}}],"collection":[{"href":"https:\/\/apuntesdesanluis.com\/index.php\/wp-json\/wp\/v2\/posts"}],"about":[{"href":"https:\/\/apuntesdesanluis.com\/index.php\/wp-json\/wp\/v2\/types\/post"}],"author":[{"embeddable":true,"href":"https:\/\/apuntesdesanluis.com\/index.php\/wp-json\/wp\/v2\/users\/1"}],"replies":[{"embeddable":true,"href":"https:\/\/apuntesdesanluis.com\/index.php\/wp-json\/wp\/v2\/comments?post=2914"}],"version-history":[{"count":1,"href":"https:\/\/apuntesdesanluis.com\/index.php\/wp-json\/wp\/v2\/posts\/2914\/revisions"}],"predecessor-version":[{"id":2916,"href":"https:\/\/apuntesdesanluis.com\/index.php\/wp-json\/wp\/v2\/posts\/2914\/revisions\/2916"}],"wp:featuredmedia":[{"embeddable":true,"href":"https:\/\/apuntesdesanluis.com\/index.php\/wp-json\/wp\/v2\/media\/2915"}],"wp:attachment":[{"href":"https:\/\/apuntesdesanluis.com\/index.php\/wp-json\/wp\/v2\/media?parent=2914"}],"wp:term":[{"taxonomy":"category","embeddable":true,"href":"https:\/\/apuntesdesanluis.com\/index.php\/wp-json\/wp\/v2\/categories?post=2914"},{"taxonomy":"post_tag","embeddable":true,"href":"https:\/\/apuntesdesanluis.com\/index.php\/wp-json\/wp\/v2\/tags?post=2914"}],"curies":[{"name":"wp","href":"https:\/\/api.w.org\/{rel}","templated":true}]}}