{"id":29145,"date":"2025-02-13T20:50:29","date_gmt":"2025-02-13T23:50:29","guid":{"rendered":"https:\/\/apuntesdesanluis.com\/?p=29145"},"modified":"2025-02-13T20:57:38","modified_gmt":"2025-02-13T23:57:38","slug":"renuncio-ana-lamas-la-subsecretaria-de-ambiente-de-la-nacion-y-la-reemplaza-jorge-brom","status":"publish","type":"post","link":"https:\/\/apuntesdesanluis.com\/index.php\/2025\/02\/13\/renuncio-ana-lamas-la-subsecretaria-de-ambiente-de-la-nacion-y-la-reemplaza-jorge-brom\/","title":{"rendered":"RENUNCI\u00d3 ANA LAMAS, LA SUBSECRETARIA DE AMBIENTE DE LA NACI\u00d3N, Y LA REEMPLAZA FERNANDO BROM"},"content":{"rendered":"<h3>Todas las semanas, desde que asumi\u00f3 como presidente, renuncian funcionarios y asumen otros, en una rotaci\u00f3n alocada que ya es un sello distintivo de la administaci\u00f3n de Javier Milei.<\/h3>\n<h3>La subsecretaria de Ambiente de la Naci\u00f3n, <strong>Ana Lamas<\/strong>, confirm\u00f3 su renuncia luego de haberse desempe\u00f1ado como responsable de \u00e1rea de Medio Ambiente desde diciembre de 2023, momento en que asumi\u00f3 el presidente Javier Milei.<\/h3>\n<h3>Paralelamente, esta tarde el Gobierno design\u00f3 a <strong>Fernando Jorge Brom<\/strong> como nuevo subsecretario de Ambiente despu\u00e9s de la renuncia de Ana Alamas a ese cargo, informaron hoy fuentes oficiales a la Agencia Noticias Argentinas.<\/h3>\n<h3><img fetchpriority=\"high\" decoding=\"async\" class=\"wp-image-29146 aligncenter\" src=\"https:\/\/apuntesdesanluis.com\/wp-content\/uploads\/2025\/02\/jorge-brom-300x192.png\" alt=\"\" width=\"695\" height=\"445\" srcset=\"https:\/\/apuntesdesanluis.com\/wp-content\/uploads\/2025\/02\/jorge-brom-300x192.png 300w, https:\/\/apuntesdesanluis.com\/wp-content\/uploads\/2025\/02\/jorge-brom.png 688w\" sizes=\"(max-width: 695px) 100vw, 695px\" \/><\/h3>\n<h3>Brom mantuvo un encuentro por la tarde con el secretario de Turismo, Ambiente y Deportes, Daniel Scioli, como paso previo a su inicio formal en funciones.<\/h3>\n<h3>Seg\u00fan trascendi\u00f3, las razones que habr\u00eda dado la abogada y especialista en Derecho Ambiental no est\u00e1n vinculadas con su desempe\u00f1o, sino que se relacionan con cuestiones \u201cpersonales\u201d y \u201cagotamiento\u201d.<\/h3>\n<p>&nbsp;<\/p>\n<p>&nbsp;<\/p>\n<p>&nbsp;<\/p>\n<p>&nbsp;<\/p>\n<p>&nbsp;<\/p>\n<p>&nbsp;<\/p>\n<h3><\/h3>\n<h3><\/h3>\n<p>&nbsp;<\/p>\n","protected":false},"excerpt":{"rendered":"<p>Todas las semanas, desde que asumi\u00f3 como presidente, renuncian funcionarios y asumen otros, en una&#8230;<\/p>\n","protected":false},"author":1,"featured_media":29147,"comment_status":"closed","ping_status":"closed","sticky":false,"template":"","format":"standard","meta":{"footnotes":""},"categories":[5],"tags":[],"class_list":["post-29145","post","type-post","status-publish","format-standard","has-post-thumbnail","hentry","category-nacionales-internacionales"],"yoast_head":"<!-- This site is optimized with the Yoast SEO plugin v26.1.1 - https:\/\/yoast.com\/wordpress\/plugins\/seo\/ -->\n<title>RENUNCI\u00d3 ANA LAMAS, LA SUBSECRETARIA DE AMBIENTE DE LA NACI\u00d3N, Y LA REEMPLAZA FERNANDO BROM - Apuntes de San Luis<\/title>\n<meta name=\"robots\" content=\"index, follow, max-snippet:-1, max-image-preview:large, max-video-preview:-1\" \/>\n<link rel=\"canonical\" href=\"https:\/\/apuntesdesanluis.com\/index.php\/2025\/02\/13\/renuncio-ana-lamas-la-subsecretaria-de-ambiente-de-la-nacion-y-la-reemplaza-jorge-brom\/\" \/>\n<meta property=\"og:locale\" content=\"es_ES\" \/>\n<meta property=\"og:type\" content=\"article\" \/>\n<meta property=\"og:title\" content=\"RENUNCI\u00d3 ANA LAMAS, LA SUBSECRETARIA DE AMBIENTE DE LA NACI\u00d3N, Y LA REEMPLAZA FERNANDO BROM - Apuntes de San Luis\" \/>\n<meta property=\"og:description\" content=\"Todas las semanas, desde que asumi\u00f3 como presidente, renuncian funcionarios y asumen otros, en una...\" \/>\n<meta property=\"og:url\" content=\"https:\/\/apuntesdesanluis.com\/index.php\/2025\/02\/13\/renuncio-ana-lamas-la-subsecretaria-de-ambiente-de-la-nacion-y-la-reemplaza-jorge-brom\/\" \/>\n<meta property=\"og:site_name\" content=\"Apuntes de San Luis\" \/>\n<meta property=\"article:published_time\" content=\"2025-02-13T23:50:29+00:00\" \/>\n<meta property=\"article:modified_time\" content=\"2025-02-13T23:57:38+00:00\" \/>\n<meta property=\"og:image\" content=\"https:\/\/apuntesdesanluis.com\/wp-content\/uploads\/2025\/02\/ana-lamas.png\" \/>\n\t<meta property=\"og:image:width\" content=\"708\" \/>\n\t<meta property=\"og:image:height\" content=\"443\" \/>\n\t<meta property=\"og:image:type\" content=\"image\/png\" \/>\n<meta name=\"author\" content=\"apuntesdesanluis.com\" \/>\n<meta name=\"twitter:card\" content=\"summary_large_image\" \/>\n<meta name=\"twitter:label1\" content=\"Escrito por\" \/>\n\t<meta name=\"twitter:data1\" content=\"apuntesdesanluis.com\" \/>\n\t<meta name=\"twitter:label2\" content=\"Tiempo de lectura\" \/>\n\t<meta name=\"twitter:data2\" content=\"2 minutos\" \/>\n<script type=\"application\/ld+json\" class=\"yoast-schema-graph\">{\"@context\":\"https:\/\/schema.org\",\"@graph\":[{\"@type\":\"Article\",\"@id\":\"https:\/\/apuntesdesanluis.com\/index.php\/2025\/02\/13\/renuncio-ana-lamas-la-subsecretaria-de-ambiente-de-la-nacion-y-la-reemplaza-jorge-brom\/#article\",\"isPartOf\":{\"@id\":\"https:\/\/apuntesdesanluis.com\/index.php\/2025\/02\/13\/renuncio-ana-lamas-la-subsecretaria-de-ambiente-de-la-nacion-y-la-reemplaza-jorge-brom\/\"},\"author\":{\"name\":\"apuntesdesanluis.com\",\"@id\":\"https:\/\/apuntesdesanluis.com\/#\/schema\/person\/b55151d52296fcce64d1a72538a70b90\"},\"headline\":\"RENUNCI\u00d3 ANA LAMAS, LA SUBSECRETARIA DE AMBIENTE DE LA NACI\u00d3N, Y LA REEMPLAZA FERNANDO BROM\",\"datePublished\":\"2025-02-13T23:50:29+00:00\",\"dateModified\":\"2025-02-13T23:57:38+00:00\",\"mainEntityOfPage\":{\"@id\":\"https:\/\/apuntesdesanluis.com\/index.php\/2025\/02\/13\/renuncio-ana-lamas-la-subsecretaria-de-ambiente-de-la-nacion-y-la-reemplaza-jorge-brom\/\"},\"wordCount\":184,\"publisher\":{\"@id\":\"https:\/\/apuntesdesanluis.com\/#\/schema\/person\/b55151d52296fcce64d1a72538a70b90\"},\"image\":{\"@id\":\"https:\/\/apuntesdesanluis.com\/index.php\/2025\/02\/13\/renuncio-ana-lamas-la-subsecretaria-de-ambiente-de-la-nacion-y-la-reemplaza-jorge-brom\/#primaryimage\"},\"thumbnailUrl\":\"https:\/\/apuntesdesanluis.com\/wp-content\/uploads\/2025\/02\/ana-lamas.png\",\"articleSection\":[\"Nacionales\/Internacionales\"],\"inLanguage\":\"es-AR\"},{\"@type\":\"WebPage\",\"@id\":\"https:\/\/apuntesdesanluis.com\/index.php\/2025\/02\/13\/renuncio-ana-lamas-la-subsecretaria-de-ambiente-de-la-nacion-y-la-reemplaza-jorge-brom\/\",\"url\":\"https:\/\/apuntesdesanluis.com\/index.php\/2025\/02\/13\/renuncio-ana-lamas-la-subsecretaria-de-ambiente-de-la-nacion-y-la-reemplaza-jorge-brom\/\",\"name\":\"RENUNCI\u00d3 ANA LAMAS, LA SUBSECRETARIA DE AMBIENTE DE LA NACI\u00d3N, Y LA REEMPLAZA FERNANDO BROM - Apuntes de San Luis\",\"isPartOf\":{\"@id\":\"https:\/\/apuntesdesanluis.com\/#website\"},\"primaryImageOfPage\":{\"@id\":\"https:\/\/apuntesdesanluis.com\/index.php\/2025\/02\/13\/renuncio-ana-lamas-la-subsecretaria-de-ambiente-de-la-nacion-y-la-reemplaza-jorge-brom\/#primaryimage\"},\"image\":{\"@id\":\"https:\/\/apuntesdesanluis.com\/index.php\/2025\/02\/13\/renuncio-ana-lamas-la-subsecretaria-de-ambiente-de-la-nacion-y-la-reemplaza-jorge-brom\/#primaryimage\"},\"thumbnailUrl\":\"https:\/\/apuntesdesanluis.com\/wp-content\/uploads\/2025\/02\/ana-lamas.png\",\"datePublished\":\"2025-02-13T23:50:29+00:00\",\"dateModified\":\"2025-02-13T23:57:38+00:00\",\"breadcrumb\":{\"@id\":\"https:\/\/apuntesdesanluis.com\/index.php\/2025\/02\/13\/renuncio-ana-lamas-la-subsecretaria-de-ambiente-de-la-nacion-y-la-reemplaza-jorge-brom\/#breadcrumb\"},\"inLanguage\":\"es-AR\",\"potentialAction\":[{\"@type\":\"ReadAction\",\"target\":[\"https:\/\/apuntesdesanluis.com\/index.php\/2025\/02\/13\/renuncio-ana-lamas-la-subsecretaria-de-ambiente-de-la-nacion-y-la-reemplaza-jorge-brom\/\"]}]},{\"@type\":\"ImageObject\",\"inLanguage\":\"es-AR\",\"@id\":\"https:\/\/apuntesdesanluis.com\/index.php\/2025\/02\/13\/renuncio-ana-lamas-la-subsecretaria-de-ambiente-de-la-nacion-y-la-reemplaza-jorge-brom\/#primaryimage\",\"url\":\"https:\/\/apuntesdesanluis.com\/wp-content\/uploads\/2025\/02\/ana-lamas.png\",\"contentUrl\":\"https:\/\/apuntesdesanluis.com\/wp-content\/uploads\/2025\/02\/ana-lamas.png\",\"width\":708,\"height\":443},{\"@type\":\"BreadcrumbList\",\"@id\":\"https:\/\/apuntesdesanluis.com\/index.php\/2025\/02\/13\/renuncio-ana-lamas-la-subsecretaria-de-ambiente-de-la-nacion-y-la-reemplaza-jorge-brom\/#breadcrumb\",\"itemListElement\":[{\"@type\":\"ListItem\",\"position\":1,\"name\":\"Inicio\",\"item\":\"https:\/\/apuntesdesanluis.com\/\"},{\"@type\":\"ListItem\",\"position\":2,\"name\":\"RENUNCI\u00d3 ANA LAMAS, LA SUBSECRETARIA DE AMBIENTE DE LA NACI\u00d3N, Y LA REEMPLAZA FERNANDO BROM\"}]},{\"@type\":\"WebSite\",\"@id\":\"https:\/\/apuntesdesanluis.com\/#website\",\"url\":\"https:\/\/apuntesdesanluis.com\/\",\"name\":\"Apuntes de San Luis\",\"description\":\"\",\"publisher\":{\"@id\":\"https:\/\/apuntesdesanluis.com\/#\/schema\/person\/b55151d52296fcce64d1a72538a70b90\"},\"potentialAction\":[{\"@type\":\"SearchAction\",\"target\":{\"@type\":\"EntryPoint\",\"urlTemplate\":\"https:\/\/apuntesdesanluis.com\/?s={search_term_string}\"},\"query-input\":{\"@type\":\"PropertyValueSpecification\",\"valueRequired\":true,\"valueName\":\"search_term_string\"}}],\"inLanguage\":\"es-AR\"},{\"@type\":[\"Person\",\"Organization\"],\"@id\":\"https:\/\/apuntesdesanluis.com\/#\/schema\/person\/b55151d52296fcce64d1a72538a70b90\",\"name\":\"apuntesdesanluis.com\",\"image\":{\"@type\":\"ImageObject\",\"inLanguage\":\"es-AR\",\"@id\":\"https:\/\/apuntesdesanluis.com\/#\/schema\/person\/image\/\",\"url\":\"https:\/\/apuntesdesanluis.com\/wp-content\/uploads\/2023\/07\/cropped-apuntesdesanluis.png\",\"contentUrl\":\"https:\/\/apuntesdesanluis.com\/wp-content\/uploads\/2023\/07\/cropped-apuntesdesanluis.png\",\"width\":450,\"height\":112,\"caption\":\"apuntesdesanluis.com\"},\"logo\":{\"@id\":\"https:\/\/apuntesdesanluis.com\/#\/schema\/person\/image\/\"},\"sameAs\":[\"https:\/\/apuntesdesanluis.com\"],\"url\":\"https:\/\/apuntesdesanluis.com\/index.php\/author\/apuntesdesanluis-com\/\"}]}<\/script>\n<!-- \/ Yoast SEO plugin. -->","yoast_head_json":{"title":"RENUNCI\u00d3 ANA LAMAS, LA SUBSECRETARIA DE AMBIENTE DE LA NACI\u00d3N, Y LA REEMPLAZA FERNANDO BROM - Apuntes de San Luis","robots":{"index":"index","follow":"follow","max-snippet":"max-snippet:-1","max-image-preview":"max-image-preview:large","max-video-preview":"max-video-preview:-1"},"canonical":"https:\/\/apuntesdesanluis.com\/index.php\/2025\/02\/13\/renuncio-ana-lamas-la-subsecretaria-de-ambiente-de-la-nacion-y-la-reemplaza-jorge-brom\/","og_locale":"es_ES","og_type":"article","og_title":"RENUNCI\u00d3 ANA LAMAS, LA SUBSECRETARIA DE AMBIENTE DE LA NACI\u00d3N, Y LA REEMPLAZA FERNANDO BROM - Apuntes de San Luis","og_description":"Todas las semanas, desde que asumi\u00f3 como presidente, renuncian funcionarios y asumen otros, en una...","og_url":"https:\/\/apuntesdesanluis.com\/index.php\/2025\/02\/13\/renuncio-ana-lamas-la-subsecretaria-de-ambiente-de-la-nacion-y-la-reemplaza-jorge-brom\/","og_site_name":"Apuntes de San Luis","article_published_time":"2025-02-13T23:50:29+00:00","article_modified_time":"2025-02-13T23:57:38+00:00","og_image":[{"width":708,"height":443,"url":"https:\/\/apuntesdesanluis.com\/wp-content\/uploads\/2025\/02\/ana-lamas.png","type":"image\/png"}],"author":"apuntesdesanluis.com","twitter_card":"summary_large_image","twitter_misc":{"Escrito por":"apuntesdesanluis.com","Tiempo de lectura":"2 minutos"},"schema":{"@context":"https:\/\/schema.org","@graph":[{"@type":"Article","@id":"https:\/\/apuntesdesanluis.com\/index.php\/2025\/02\/13\/renuncio-ana-lamas-la-subsecretaria-de-ambiente-de-la-nacion-y-la-reemplaza-jorge-brom\/#article","isPartOf":{"@id":"https:\/\/apuntesdesanluis.com\/index.php\/2025\/02\/13\/renuncio-ana-lamas-la-subsecretaria-de-ambiente-de-la-nacion-y-la-reemplaza-jorge-brom\/"},"author":{"name":"apuntesdesanluis.com","@id":"https:\/\/apuntesdesanluis.com\/#\/schema\/person\/b55151d52296fcce64d1a72538a70b90"},"headline":"RENUNCI\u00d3 ANA LAMAS, LA SUBSECRETARIA DE AMBIENTE DE LA NACI\u00d3N, Y LA REEMPLAZA FERNANDO BROM","datePublished":"2025-02-13T23:50:29+00:00","dateModified":"2025-02-13T23:57:38+00:00","mainEntityOfPage":{"@id":"https:\/\/apuntesdesanluis.com\/index.php\/2025\/02\/13\/renuncio-ana-lamas-la-subsecretaria-de-ambiente-de-la-nacion-y-la-reemplaza-jorge-brom\/"},"wordCount":184,"publisher":{"@id":"https:\/\/apuntesdesanluis.com\/#\/schema\/person\/b55151d52296fcce64d1a72538a70b90"},"image":{"@id":"https:\/\/apuntesdesanluis.com\/index.php\/2025\/02\/13\/renuncio-ana-lamas-la-subsecretaria-de-ambiente-de-la-nacion-y-la-reemplaza-jorge-brom\/#primaryimage"},"thumbnailUrl":"https:\/\/apuntesdesanluis.com\/wp-content\/uploads\/2025\/02\/ana-lamas.png","articleSection":["Nacionales\/Internacionales"],"inLanguage":"es-AR"},{"@type":"WebPage","@id":"https:\/\/apuntesdesanluis.com\/index.php\/2025\/02\/13\/renuncio-ana-lamas-la-subsecretaria-de-ambiente-de-la-nacion-y-la-reemplaza-jorge-brom\/","url":"https:\/\/apuntesdesanluis.com\/index.php\/2025\/02\/13\/renuncio-ana-lamas-la-subsecretaria-de-ambiente-de-la-nacion-y-la-reemplaza-jorge-brom\/","name":"RENUNCI\u00d3 ANA LAMAS, LA SUBSECRETARIA DE AMBIENTE DE LA NACI\u00d3N, Y LA REEMPLAZA FERNANDO BROM - Apuntes de San Luis","isPartOf":{"@id":"https:\/\/apuntesdesanluis.com\/#website"},"primaryImageOfPage":{"@id":"https:\/\/apuntesdesanluis.com\/index.php\/2025\/02\/13\/renuncio-ana-lamas-la-subsecretaria-de-ambiente-de-la-nacion-y-la-reemplaza-jorge-brom\/#primaryimage"},"image":{"@id":"https:\/\/apuntesdesanluis.com\/index.php\/2025\/02\/13\/renuncio-ana-lamas-la-subsecretaria-de-ambiente-de-la-nacion-y-la-reemplaza-jorge-brom\/#primaryimage"},"thumbnailUrl":"https:\/\/apuntesdesanluis.com\/wp-content\/uploads\/2025\/02\/ana-lamas.png","datePublished":"2025-02-13T23:50:29+00:00","dateModified":"2025-02-13T23:57:38+00:00","breadcrumb":{"@id":"https:\/\/apuntesdesanluis.com\/index.php\/2025\/02\/13\/renuncio-ana-lamas-la-subsecretaria-de-ambiente-de-la-nacion-y-la-reemplaza-jorge-brom\/#breadcrumb"},"inLanguage":"es-AR","potentialAction":[{"@type":"ReadAction","target":["https:\/\/apuntesdesanluis.com\/index.php\/2025\/02\/13\/renuncio-ana-lamas-la-subsecretaria-de-ambiente-de-la-nacion-y-la-reemplaza-jorge-brom\/"]}]},{"@type":"ImageObject","inLanguage":"es-AR","@id":"https:\/\/apuntesdesanluis.com\/index.php\/2025\/02\/13\/renuncio-ana-lamas-la-subsecretaria-de-ambiente-de-la-nacion-y-la-reemplaza-jorge-brom\/#primaryimage","url":"https:\/\/apuntesdesanluis.com\/wp-content\/uploads\/2025\/02\/ana-lamas.png","contentUrl":"https:\/\/apuntesdesanluis.com\/wp-content\/uploads\/2025\/02\/ana-lamas.png","width":708,"height":443},{"@type":"BreadcrumbList","@id":"https:\/\/apuntesdesanluis.com\/index.php\/2025\/02\/13\/renuncio-ana-lamas-la-subsecretaria-de-ambiente-de-la-nacion-y-la-reemplaza-jorge-brom\/#breadcrumb","itemListElement":[{"@type":"ListItem","position":1,"name":"Inicio","item":"https:\/\/apuntesdesanluis.com\/"},{"@type":"ListItem","position":2,"name":"RENUNCI\u00d3 ANA LAMAS, LA SUBSECRETARIA DE AMBIENTE DE LA NACI\u00d3N, Y LA REEMPLAZA FERNANDO BROM"}]},{"@type":"WebSite","@id":"https:\/\/apuntesdesanluis.com\/#website","url":"https:\/\/apuntesdesanluis.com\/","name":"Apuntes de San Luis","description":"","publisher":{"@id":"https:\/\/apuntesdesanluis.com\/#\/schema\/person\/b55151d52296fcce64d1a72538a70b90"},"potentialAction":[{"@type":"SearchAction","target":{"@type":"EntryPoint","urlTemplate":"https:\/\/apuntesdesanluis.com\/?s={search_term_string}"},"query-input":{"@type":"PropertyValueSpecification","valueRequired":true,"valueName":"search_term_string"}}],"inLanguage":"es-AR"},{"@type":["Person","Organization"],"@id":"https:\/\/apuntesdesanluis.com\/#\/schema\/person\/b55151d52296fcce64d1a72538a70b90","name":"apuntesdesanluis.com","image":{"@type":"ImageObject","inLanguage":"es-AR","@id":"https:\/\/apuntesdesanluis.com\/#\/schema\/person\/image\/","url":"https:\/\/apuntesdesanluis.com\/wp-content\/uploads\/2023\/07\/cropped-apuntesdesanluis.png","contentUrl":"https:\/\/apuntesdesanluis.com\/wp-content\/uploads\/2023\/07\/cropped-apuntesdesanluis.png","width":450,"height":112,"caption":"apuntesdesanluis.com"},"logo":{"@id":"https:\/\/apuntesdesanluis.com\/#\/schema\/person\/image\/"},"sameAs":["https:\/\/apuntesdesanluis.com"],"url":"https:\/\/apuntesdesanluis.com\/index.php\/author\/apuntesdesanluis-com\/"}]}},"featured_image_urls":{"full":["https:\/\/apuntesdesanluis.com\/wp-content\/uploads\/2025\/02\/ana-lamas.png",708,443,false],"thumbnail":["https:\/\/apuntesdesanluis.com\/wp-content\/uploads\/2025\/02\/ana-lamas-150x150.png",150,150,true],"medium":["https:\/\/apuntesdesanluis.com\/wp-content\/uploads\/2025\/02\/ana-lamas-300x188.png",300,188,true],"medium_large":["https:\/\/apuntesdesanluis.com\/wp-content\/uploads\/2025\/02\/ana-lamas.png",640,400,false],"large":["https:\/\/apuntesdesanluis.com\/wp-content\/uploads\/2025\/02\/ana-lamas.png",640,400,false],"1536x1536":["https:\/\/apuntesdesanluis.com\/wp-content\/uploads\/2025\/02\/ana-lamas.png",708,443,false],"2048x2048":["https:\/\/apuntesdesanluis.com\/wp-content\/uploads\/2025\/02\/ana-lamas.png",708,443,false],"newsever-slider-full":["https:\/\/apuntesdesanluis.com\/wp-content\/uploads\/2025\/02\/ana-lamas.png",708,443,false],"newsever-featured":["https:\/\/apuntesdesanluis.com\/wp-content\/uploads\/2025\/02\/ana-lamas.png",708,443,false],"newsever-medium":["https:\/\/apuntesdesanluis.com\/wp-content\/uploads\/2025\/02\/ana-lamas.png",708,443,false]},"author_info":{"display_name":"apuntesdesanluis.com","author_link":"https:\/\/apuntesdesanluis.com\/index.php\/author\/apuntesdesanluis-com\/"},"category_info":"<a href=\"https:\/\/apuntesdesanluis.com\/index.php\/category\/nacionales-internacionales\/\" rel=\"category tag\">Nacionales\/Internacionales<\/a>","tag_info":"Nacionales\/Internacionales","comment_count":"0","_links":{"self":[{"href":"https:\/\/apuntesdesanluis.com\/index.php\/wp-json\/wp\/v2\/posts\/29145","targetHints":{"allow":["GET"]}}],"collection":[{"href":"https:\/\/apuntesdesanluis.com\/index.php\/wp-json\/wp\/v2\/posts"}],"about":[{"href":"https:\/\/apuntesdesanluis.com\/index.php\/wp-json\/wp\/v2\/types\/post"}],"author":[{"embeddable":true,"href":"https:\/\/apuntesdesanluis.com\/index.php\/wp-json\/wp\/v2\/users\/1"}],"replies":[{"embeddable":true,"href":"https:\/\/apuntesdesanluis.com\/index.php\/wp-json\/wp\/v2\/comments?post=29145"}],"version-history":[{"count":4,"href":"https:\/\/apuntesdesanluis.com\/index.php\/wp-json\/wp\/v2\/posts\/29145\/revisions"}],"predecessor-version":[{"id":29151,"href":"https:\/\/apuntesdesanluis.com\/index.php\/wp-json\/wp\/v2\/posts\/29145\/revisions\/29151"}],"wp:featuredmedia":[{"embeddable":true,"href":"https:\/\/apuntesdesanluis.com\/index.php\/wp-json\/wp\/v2\/media\/29147"}],"wp:attachment":[{"href":"https:\/\/apuntesdesanluis.com\/index.php\/wp-json\/wp\/v2\/media?parent=29145"}],"wp:term":[{"taxonomy":"category","embeddable":true,"href":"https:\/\/apuntesdesanluis.com\/index.php\/wp-json\/wp\/v2\/categories?post=29145"},{"taxonomy":"post_tag","embeddable":true,"href":"https:\/\/apuntesdesanluis.com\/index.php\/wp-json\/wp\/v2\/tags?post=29145"}],"curies":[{"name":"wp","href":"https:\/\/api.w.org\/{rel}","templated":true}]}}