{"id":2917,"date":"2023-09-07T20:28:56","date_gmt":"2023-09-07T23:28:56","guid":{"rendered":"https:\/\/apuntesdesanluis.com\/?p=2917"},"modified":"2023-09-07T20:30:31","modified_gmt":"2023-09-07T23:30:31","slug":"santa-fe-pullaro-y-lewandowski-cerraron-sus-campanas-para-las-elecciones-del-domingo","status":"publish","type":"post","link":"https:\/\/apuntesdesanluis.com\/index.php\/2023\/09\/07\/santa-fe-pullaro-y-lewandowski-cerraron-sus-campanas-para-las-elecciones-del-domingo\/","title":{"rendered":"SANTA FE: PULLARO Y LEWANDOWSKI CERRARON SUS CAMPA\u00d1AS PARA LAS ELECCIONES DEL DOMINGO"},"content":{"rendered":"<h3 class=\"yiv7409174924ydp6329976emsonormal\" style=\"text-align: justify; background: white;\"><span style=\"font-family: 'Arial','sans-serif'; color: #1d2228;\">Los candidatos a gobernador de Santa Fe, <strong>Maximiliano Pullaro<\/strong>, de Unidos para Cambiar Sante Fe (nombre provincial de Juntos por el Cambio), y <strong>Marcelo Lewandowski<\/strong>, de Juntos Avancemos (denominaci\u00f3n local de Uni\u00f3n por la Patria) cerraron sus campa\u00f1as en las \u00faltimas horas de cara a las elecciones de este domingo, en el tercer distrito m\u00e1s poblado del pa\u00eds.<\/span><\/h3>\n<h3 class=\"yiv7409174924ydp6329976emsonormal\" style=\"text-align: justify; background: white;\"><span style=\"font-family: 'Arial','sans-serif'; color: #1d2228;\">Pullaro, m\u00e1ximo favorito tras imponerse en las internas de julio pasado sobre Carolina Losada, cerr\u00f3 este mi\u00e9rcoles su campa\u00f1a en la ciudad de Esperanza, donde prometi\u00f3 que no va a &#8220;perder un minuto en iniciar el cambio en Santa Fe&#8221;. Se trat\u00f3 de un acto en el mismo lugar donde el ex ministro de seguridad provincial comenz\u00f3 su campa\u00f1a el 20 de abril, en el que utiliz\u00f3 el mismo formato que en aquella oportunidad, es decir una ceremonia sin p\u00fablico, transmitida por redes sociales.<\/span><\/h3>\n<h3 class=\"yiv7409174924ydp6329976emsonormal\" style=\"text-align: justify; background: white;\"><span style=\"font-family: 'Arial','sans-serif'; color: #1d2228;\">&#8220;Los santafesinos sabemos que Santa Fe son varias provincias en una. Sabemos tambi\u00e9n del potencial, la capacidad y la tenacidad de todos los santafesinos. Fueron cuatro a\u00f1os de un gobierno provincial kirchnerista que jam\u00e1s defendi\u00f3 los intereses de esta provincia. Que dej\u00f3 que el Gobierno nacional nos pusiera todo el tiempo el pie encima. Que jam\u00e1s quiso ayudarnos&#8221; se\u00f1al\u00f3 Pullaro.<\/span><\/h3>\n<h3 class=\"yiv7409174924ydp6329976emsonormal\" style=\"text-align: justify; background: white;\"><span style=\"font-family: 'Arial','sans-serif'; color: #1d2228;\">El dirigente radical hizo hincapi\u00e9 en el tema seguridad, uno de los principales ejes de la campa\u00f1a santafesina, sobre todo por los episodios violentos que se viven a diario en la principal ciudad de la provincia, Rosario.<\/span><\/h3>\n<h3 class=\"yiv7409174924ydp6329976emsonormal\" style=\"text-align: justify; background: white;\"><span style=\"font-family: 'Arial','sans-serif'; color: #1d2228;\">En ese sentido, Pullaro prometi\u00f3 poner a la polic\u00eda &#8220;en la calle y de pie&#8221; y volver a &#8220;las investigaciones criminales complejas y a controlar las c\u00e1rceles&#8221;. Tambi\u00e9n se\u00f1al\u00f3 que impulsar\u00e1 en la Legislatura &#8220;la ley de narcomenudeo, para destruir cada b\u00fanker en cada barrio y en cada ciudad de la provincia&#8221;. Sobre la tem\u00e1tica de educaci\u00f3n, dijo que Santa Fe volver\u00e1 &#8220;a tener 180 d\u00edas de clase y terminar desde el primer d\u00eda con la no repitencia&#8221;.<\/span><\/h3>\n<h3 class=\"yiv7409174924ydp6329976emsonormal\" style=\"text-align: justify; background: white;\"><span style=\"font-family: 'Arial','sans-serif'; color: #1d2228;\">Pullaro llega bien perfilado a los comicios del domingo, ya que en las PASO de julio obtuvo m\u00e1s votos que los cuatro precandidatos del peronismo juntos y en la sumatoria con los sufragios que cosech\u00f3 Losada su espacio sac\u00f3 m\u00e1s del doble que el oficialismo (980 mil contra 434 mil).<\/span><\/h3>\n<h3 class=\"yiv7409174924ydp6329976emsonormal\" style=\"text-align: justify; background: white;\"><span style=\"font-family: 'Arial','sans-serif'; color: #1d2228;\">Por su parte, Lewandowski, senador nacional y ex periodista deportivo, cerr\u00f3 su campa\u00f1a este jueves con un acto en el Hip\u00f3dromo local, que incluy\u00f3 shows musicales y que reuni\u00f3 a toda la dirigencia peronista santafesina.<\/span><\/h3>\n<h3 class=\"yiv7409174924ydp6329976emsonormal\" style=\"text-align: justify; background: white;\"><span style=\"font-family: 'Arial','sans-serif'; color: #1d2228;\">Lewandowski mantuvo una relaci\u00f3n de tensi\u00f3n durante toda la campa\u00f1a con el gobernador Omar Perotti, pese al acuerdo que sellaron para compartir boleta, con el actual mandatario santafesino yendo como primer postulante a diputado provincial. Se mostraron durante todo este momento proselitista transitando por sus propios andariveles y se mostraron juntos en pocos momentos, incluso al punto de que Perotti no acompa\u00f1\u00f3 al candidato a sucederlo de su espacio en el debate realizado d\u00edas atr\u00e1s.<\/span><\/h3>\n<h3 class=\"yiv7409174924ydp6329976emsonormal\" style=\"text-align: justify; background: white;\"><span style=\"font-family: 'Arial','sans-serif'; color: #1d2228;\">&#8220;Fueron a la tintorer\u00eda a lavar el traje, pero son lo mismo que antes. Se cambiaron el traje, son los mismos. No puede ser futuro el pasado, lo malo para la provincia no puede volver&#8221;, dispar\u00f3 d\u00edas atr\u00e1s el senador peronista en una entrevista, al referirse a Unidos para Cambiar Sante Fe, espacio donde conviven el PRO, la UCR y el socialismo.<\/span><\/h3>\n<p>&nbsp;<\/p>\n<p>&nbsp;<\/p>\n<p>&nbsp;<\/p>\n","protected":false},"excerpt":{"rendered":"<p>Los candidatos a gobernador de Santa Fe, Maximiliano Pullaro, de Unidos para Cambiar Sante Fe&#8230;<\/p>\n","protected":false},"author":1,"featured_media":2918,"comment_status":"closed","ping_status":"closed","sticky":false,"template":"","format":"standard","meta":{"footnotes":""},"categories":[5],"tags":[],"class_list":["post-2917","post","type-post","status-publish","format-standard","has-post-thumbnail","hentry","category-nacionales-internacionales"],"yoast_head":"<!-- This site is optimized with the Yoast SEO plugin v26.1.1 - https:\/\/yoast.com\/wordpress\/plugins\/seo\/ -->\n<title>SANTA FE: PULLARO Y LEWANDOWSKI CERRARON SUS CAMPA\u00d1AS PARA LAS ELECCIONES DEL DOMINGO - Apuntes de San Luis<\/title>\n<meta name=\"robots\" content=\"index, follow, max-snippet:-1, max-image-preview:large, max-video-preview:-1\" \/>\n<link rel=\"canonical\" href=\"https:\/\/apuntesdesanluis.com\/index.php\/2023\/09\/07\/santa-fe-pullaro-y-lewandowski-cerraron-sus-campanas-para-las-elecciones-del-domingo\/\" \/>\n<meta property=\"og:locale\" content=\"es_ES\" \/>\n<meta property=\"og:type\" content=\"article\" \/>\n<meta property=\"og:title\" content=\"SANTA FE: PULLARO Y LEWANDOWSKI CERRARON SUS CAMPA\u00d1AS PARA LAS ELECCIONES DEL DOMINGO - Apuntes de San Luis\" \/>\n<meta property=\"og:description\" content=\"Los candidatos a gobernador de Santa Fe, Maximiliano Pullaro, de Unidos para Cambiar Sante Fe...\" \/>\n<meta property=\"og:url\" content=\"https:\/\/apuntesdesanluis.com\/index.php\/2023\/09\/07\/santa-fe-pullaro-y-lewandowski-cerraron-sus-campanas-para-las-elecciones-del-domingo\/\" \/>\n<meta property=\"og:site_name\" content=\"Apuntes de San Luis\" \/>\n<meta property=\"article:published_time\" content=\"2023-09-07T23:28:56+00:00\" \/>\n<meta property=\"article:modified_time\" content=\"2023-09-07T23:30:31+00:00\" \/>\n<meta property=\"og:image\" content=\"https:\/\/apuntesdesanluis.com\/wp-content\/uploads\/2023\/09\/dos-en-santa-fe.png\" \/>\n\t<meta property=\"og:image:width\" content=\"711\" \/>\n\t<meta property=\"og:image:height\" content=\"427\" \/>\n\t<meta property=\"og:image:type\" content=\"image\/png\" \/>\n<meta name=\"author\" content=\"apuntesdesanluis.com\" \/>\n<meta name=\"twitter:card\" content=\"summary_large_image\" \/>\n<meta name=\"twitter:label1\" content=\"Escrito por\" \/>\n\t<meta name=\"twitter:data1\" content=\"apuntesdesanluis.com\" \/>\n\t<meta name=\"twitter:label2\" content=\"Tiempo de lectura\" \/>\n\t<meta name=\"twitter:data2\" content=\"3 minutos\" \/>\n<script type=\"application\/ld+json\" class=\"yoast-schema-graph\">{\"@context\":\"https:\/\/schema.org\",\"@graph\":[{\"@type\":\"Article\",\"@id\":\"https:\/\/apuntesdesanluis.com\/index.php\/2023\/09\/07\/santa-fe-pullaro-y-lewandowski-cerraron-sus-campanas-para-las-elecciones-del-domingo\/#article\",\"isPartOf\":{\"@id\":\"https:\/\/apuntesdesanluis.com\/index.php\/2023\/09\/07\/santa-fe-pullaro-y-lewandowski-cerraron-sus-campanas-para-las-elecciones-del-domingo\/\"},\"author\":{\"name\":\"apuntesdesanluis.com\",\"@id\":\"https:\/\/apuntesdesanluis.com\/#\/schema\/person\/b55151d52296fcce64d1a72538a70b90\"},\"headline\":\"SANTA FE: PULLARO Y LEWANDOWSKI CERRARON SUS CAMPA\u00d1AS PARA LAS ELECCIONES DEL DOMINGO\",\"datePublished\":\"2023-09-07T23:28:56+00:00\",\"dateModified\":\"2023-09-07T23:30:31+00:00\",\"mainEntityOfPage\":{\"@id\":\"https:\/\/apuntesdesanluis.com\/index.php\/2023\/09\/07\/santa-fe-pullaro-y-lewandowski-cerraron-sus-campanas-para-las-elecciones-del-domingo\/\"},\"wordCount\":589,\"publisher\":{\"@id\":\"https:\/\/apuntesdesanluis.com\/#\/schema\/person\/b55151d52296fcce64d1a72538a70b90\"},\"image\":{\"@id\":\"https:\/\/apuntesdesanluis.com\/index.php\/2023\/09\/07\/santa-fe-pullaro-y-lewandowski-cerraron-sus-campanas-para-las-elecciones-del-domingo\/#primaryimage\"},\"thumbnailUrl\":\"https:\/\/apuntesdesanluis.com\/wp-content\/uploads\/2023\/09\/dos-en-santa-fe.png\",\"articleSection\":[\"Nacionales\/Internacionales\"],\"inLanguage\":\"es-AR\"},{\"@type\":\"WebPage\",\"@id\":\"https:\/\/apuntesdesanluis.com\/index.php\/2023\/09\/07\/santa-fe-pullaro-y-lewandowski-cerraron-sus-campanas-para-las-elecciones-del-domingo\/\",\"url\":\"https:\/\/apuntesdesanluis.com\/index.php\/2023\/09\/07\/santa-fe-pullaro-y-lewandowski-cerraron-sus-campanas-para-las-elecciones-del-domingo\/\",\"name\":\"SANTA FE: PULLARO Y LEWANDOWSKI CERRARON SUS CAMPA\u00d1AS PARA LAS ELECCIONES DEL DOMINGO - Apuntes de San Luis\",\"isPartOf\":{\"@id\":\"https:\/\/apuntesdesanluis.com\/#website\"},\"primaryImageOfPage\":{\"@id\":\"https:\/\/apuntesdesanluis.com\/index.php\/2023\/09\/07\/santa-fe-pullaro-y-lewandowski-cerraron-sus-campanas-para-las-elecciones-del-domingo\/#primaryimage\"},\"image\":{\"@id\":\"https:\/\/apuntesdesanluis.com\/index.php\/2023\/09\/07\/santa-fe-pullaro-y-lewandowski-cerraron-sus-campanas-para-las-elecciones-del-domingo\/#primaryimage\"},\"thumbnailUrl\":\"https:\/\/apuntesdesanluis.com\/wp-content\/uploads\/2023\/09\/dos-en-santa-fe.png\",\"datePublished\":\"2023-09-07T23:28:56+00:00\",\"dateModified\":\"2023-09-07T23:30:31+00:00\",\"breadcrumb\":{\"@id\":\"https:\/\/apuntesdesanluis.com\/index.php\/2023\/09\/07\/santa-fe-pullaro-y-lewandowski-cerraron-sus-campanas-para-las-elecciones-del-domingo\/#breadcrumb\"},\"inLanguage\":\"es-AR\",\"potentialAction\":[{\"@type\":\"ReadAction\",\"target\":[\"https:\/\/apuntesdesanluis.com\/index.php\/2023\/09\/07\/santa-fe-pullaro-y-lewandowski-cerraron-sus-campanas-para-las-elecciones-del-domingo\/\"]}]},{\"@type\":\"ImageObject\",\"inLanguage\":\"es-AR\",\"@id\":\"https:\/\/apuntesdesanluis.com\/index.php\/2023\/09\/07\/santa-fe-pullaro-y-lewandowski-cerraron-sus-campanas-para-las-elecciones-del-domingo\/#primaryimage\",\"url\":\"https:\/\/apuntesdesanluis.com\/wp-content\/uploads\/2023\/09\/dos-en-santa-fe.png\",\"contentUrl\":\"https:\/\/apuntesdesanluis.com\/wp-content\/uploads\/2023\/09\/dos-en-santa-fe.png\",\"width\":711,\"height\":427},{\"@type\":\"BreadcrumbList\",\"@id\":\"https:\/\/apuntesdesanluis.com\/index.php\/2023\/09\/07\/santa-fe-pullaro-y-lewandowski-cerraron-sus-campanas-para-las-elecciones-del-domingo\/#breadcrumb\",\"itemListElement\":[{\"@type\":\"ListItem\",\"position\":1,\"name\":\"Inicio\",\"item\":\"https:\/\/apuntesdesanluis.com\/\"},{\"@type\":\"ListItem\",\"position\":2,\"name\":\"SANTA FE: PULLARO Y LEWANDOWSKI CERRARON SUS CAMPA\u00d1AS PARA LAS ELECCIONES DEL DOMINGO\"}]},{\"@type\":\"WebSite\",\"@id\":\"https:\/\/apuntesdesanluis.com\/#website\",\"url\":\"https:\/\/apuntesdesanluis.com\/\",\"name\":\"Apuntes de San Luis\",\"description\":\"\",\"publisher\":{\"@id\":\"https:\/\/apuntesdesanluis.com\/#\/schema\/person\/b55151d52296fcce64d1a72538a70b90\"},\"potentialAction\":[{\"@type\":\"SearchAction\",\"target\":{\"@type\":\"EntryPoint\",\"urlTemplate\":\"https:\/\/apuntesdesanluis.com\/?s={search_term_string}\"},\"query-input\":{\"@type\":\"PropertyValueSpecification\",\"valueRequired\":true,\"valueName\":\"search_term_string\"}}],\"inLanguage\":\"es-AR\"},{\"@type\":[\"Person\",\"Organization\"],\"@id\":\"https:\/\/apuntesdesanluis.com\/#\/schema\/person\/b55151d52296fcce64d1a72538a70b90\",\"name\":\"apuntesdesanluis.com\",\"image\":{\"@type\":\"ImageObject\",\"inLanguage\":\"es-AR\",\"@id\":\"https:\/\/apuntesdesanluis.com\/#\/schema\/person\/image\/\",\"url\":\"https:\/\/apuntesdesanluis.com\/wp-content\/uploads\/2023\/07\/cropped-apuntesdesanluis.png\",\"contentUrl\":\"https:\/\/apuntesdesanluis.com\/wp-content\/uploads\/2023\/07\/cropped-apuntesdesanluis.png\",\"width\":450,\"height\":112,\"caption\":\"apuntesdesanluis.com\"},\"logo\":{\"@id\":\"https:\/\/apuntesdesanluis.com\/#\/schema\/person\/image\/\"},\"sameAs\":[\"https:\/\/apuntesdesanluis.com\"],\"url\":\"https:\/\/apuntesdesanluis.com\/index.php\/author\/apuntesdesanluis-com\/\"}]}<\/script>\n<!-- \/ Yoast SEO plugin. -->","yoast_head_json":{"title":"SANTA FE: PULLARO Y LEWANDOWSKI CERRARON SUS CAMPA\u00d1AS PARA LAS ELECCIONES DEL DOMINGO - Apuntes de San Luis","robots":{"index":"index","follow":"follow","max-snippet":"max-snippet:-1","max-image-preview":"max-image-preview:large","max-video-preview":"max-video-preview:-1"},"canonical":"https:\/\/apuntesdesanluis.com\/index.php\/2023\/09\/07\/santa-fe-pullaro-y-lewandowski-cerraron-sus-campanas-para-las-elecciones-del-domingo\/","og_locale":"es_ES","og_type":"article","og_title":"SANTA FE: PULLARO Y LEWANDOWSKI CERRARON SUS CAMPA\u00d1AS PARA LAS ELECCIONES DEL DOMINGO - Apuntes de San Luis","og_description":"Los candidatos a gobernador de Santa Fe, Maximiliano Pullaro, de Unidos para Cambiar Sante Fe...","og_url":"https:\/\/apuntesdesanluis.com\/index.php\/2023\/09\/07\/santa-fe-pullaro-y-lewandowski-cerraron-sus-campanas-para-las-elecciones-del-domingo\/","og_site_name":"Apuntes de San Luis","article_published_time":"2023-09-07T23:28:56+00:00","article_modified_time":"2023-09-07T23:30:31+00:00","og_image":[{"width":711,"height":427,"url":"https:\/\/apuntesdesanluis.com\/wp-content\/uploads\/2023\/09\/dos-en-santa-fe.png","type":"image\/png"}],"author":"apuntesdesanluis.com","twitter_card":"summary_large_image","twitter_misc":{"Escrito por":"apuntesdesanluis.com","Tiempo de lectura":"3 minutos"},"schema":{"@context":"https:\/\/schema.org","@graph":[{"@type":"Article","@id":"https:\/\/apuntesdesanluis.com\/index.php\/2023\/09\/07\/santa-fe-pullaro-y-lewandowski-cerraron-sus-campanas-para-las-elecciones-del-domingo\/#article","isPartOf":{"@id":"https:\/\/apuntesdesanluis.com\/index.php\/2023\/09\/07\/santa-fe-pullaro-y-lewandowski-cerraron-sus-campanas-para-las-elecciones-del-domingo\/"},"author":{"name":"apuntesdesanluis.com","@id":"https:\/\/apuntesdesanluis.com\/#\/schema\/person\/b55151d52296fcce64d1a72538a70b90"},"headline":"SANTA FE: PULLARO Y LEWANDOWSKI CERRARON SUS CAMPA\u00d1AS PARA LAS ELECCIONES DEL DOMINGO","datePublished":"2023-09-07T23:28:56+00:00","dateModified":"2023-09-07T23:30:31+00:00","mainEntityOfPage":{"@id":"https:\/\/apuntesdesanluis.com\/index.php\/2023\/09\/07\/santa-fe-pullaro-y-lewandowski-cerraron-sus-campanas-para-las-elecciones-del-domingo\/"},"wordCount":589,"publisher":{"@id":"https:\/\/apuntesdesanluis.com\/#\/schema\/person\/b55151d52296fcce64d1a72538a70b90"},"image":{"@id":"https:\/\/apuntesdesanluis.com\/index.php\/2023\/09\/07\/santa-fe-pullaro-y-lewandowski-cerraron-sus-campanas-para-las-elecciones-del-domingo\/#primaryimage"},"thumbnailUrl":"https:\/\/apuntesdesanluis.com\/wp-content\/uploads\/2023\/09\/dos-en-santa-fe.png","articleSection":["Nacionales\/Internacionales"],"inLanguage":"es-AR"},{"@type":"WebPage","@id":"https:\/\/apuntesdesanluis.com\/index.php\/2023\/09\/07\/santa-fe-pullaro-y-lewandowski-cerraron-sus-campanas-para-las-elecciones-del-domingo\/","url":"https:\/\/apuntesdesanluis.com\/index.php\/2023\/09\/07\/santa-fe-pullaro-y-lewandowski-cerraron-sus-campanas-para-las-elecciones-del-domingo\/","name":"SANTA FE: PULLARO Y LEWANDOWSKI CERRARON SUS CAMPA\u00d1AS PARA LAS ELECCIONES DEL DOMINGO - Apuntes de San Luis","isPartOf":{"@id":"https:\/\/apuntesdesanluis.com\/#website"},"primaryImageOfPage":{"@id":"https:\/\/apuntesdesanluis.com\/index.php\/2023\/09\/07\/santa-fe-pullaro-y-lewandowski-cerraron-sus-campanas-para-las-elecciones-del-domingo\/#primaryimage"},"image":{"@id":"https:\/\/apuntesdesanluis.com\/index.php\/2023\/09\/07\/santa-fe-pullaro-y-lewandowski-cerraron-sus-campanas-para-las-elecciones-del-domingo\/#primaryimage"},"thumbnailUrl":"https:\/\/apuntesdesanluis.com\/wp-content\/uploads\/2023\/09\/dos-en-santa-fe.png","datePublished":"2023-09-07T23:28:56+00:00","dateModified":"2023-09-07T23:30:31+00:00","breadcrumb":{"@id":"https:\/\/apuntesdesanluis.com\/index.php\/2023\/09\/07\/santa-fe-pullaro-y-lewandowski-cerraron-sus-campanas-para-las-elecciones-del-domingo\/#breadcrumb"},"inLanguage":"es-AR","potentialAction":[{"@type":"ReadAction","target":["https:\/\/apuntesdesanluis.com\/index.php\/2023\/09\/07\/santa-fe-pullaro-y-lewandowski-cerraron-sus-campanas-para-las-elecciones-del-domingo\/"]}]},{"@type":"ImageObject","inLanguage":"es-AR","@id":"https:\/\/apuntesdesanluis.com\/index.php\/2023\/09\/07\/santa-fe-pullaro-y-lewandowski-cerraron-sus-campanas-para-las-elecciones-del-domingo\/#primaryimage","url":"https:\/\/apuntesdesanluis.com\/wp-content\/uploads\/2023\/09\/dos-en-santa-fe.png","contentUrl":"https:\/\/apuntesdesanluis.com\/wp-content\/uploads\/2023\/09\/dos-en-santa-fe.png","width":711,"height":427},{"@type":"BreadcrumbList","@id":"https:\/\/apuntesdesanluis.com\/index.php\/2023\/09\/07\/santa-fe-pullaro-y-lewandowski-cerraron-sus-campanas-para-las-elecciones-del-domingo\/#breadcrumb","itemListElement":[{"@type":"ListItem","position":1,"name":"Inicio","item":"https:\/\/apuntesdesanluis.com\/"},{"@type":"ListItem","position":2,"name":"SANTA FE: PULLARO Y LEWANDOWSKI CERRARON SUS CAMPA\u00d1AS PARA LAS ELECCIONES DEL DOMINGO"}]},{"@type":"WebSite","@id":"https:\/\/apuntesdesanluis.com\/#website","url":"https:\/\/apuntesdesanluis.com\/","name":"Apuntes de San Luis","description":"","publisher":{"@id":"https:\/\/apuntesdesanluis.com\/#\/schema\/person\/b55151d52296fcce64d1a72538a70b90"},"potentialAction":[{"@type":"SearchAction","target":{"@type":"EntryPoint","urlTemplate":"https:\/\/apuntesdesanluis.com\/?s={search_term_string}"},"query-input":{"@type":"PropertyValueSpecification","valueRequired":true,"valueName":"search_term_string"}}],"inLanguage":"es-AR"},{"@type":["Person","Organization"],"@id":"https:\/\/apuntesdesanluis.com\/#\/schema\/person\/b55151d52296fcce64d1a72538a70b90","name":"apuntesdesanluis.com","image":{"@type":"ImageObject","inLanguage":"es-AR","@id":"https:\/\/apuntesdesanluis.com\/#\/schema\/person\/image\/","url":"https:\/\/apuntesdesanluis.com\/wp-content\/uploads\/2023\/07\/cropped-apuntesdesanluis.png","contentUrl":"https:\/\/apuntesdesanluis.com\/wp-content\/uploads\/2023\/07\/cropped-apuntesdesanluis.png","width":450,"height":112,"caption":"apuntesdesanluis.com"},"logo":{"@id":"https:\/\/apuntesdesanluis.com\/#\/schema\/person\/image\/"},"sameAs":["https:\/\/apuntesdesanluis.com"],"url":"https:\/\/apuntesdesanluis.com\/index.php\/author\/apuntesdesanluis-com\/"}]}},"featured_image_urls":{"full":["https:\/\/apuntesdesanluis.com\/wp-content\/uploads\/2023\/09\/dos-en-santa-fe.png",711,427,false],"thumbnail":["https:\/\/apuntesdesanluis.com\/wp-content\/uploads\/2023\/09\/dos-en-santa-fe-150x150.png",150,150,true],"medium":["https:\/\/apuntesdesanluis.com\/wp-content\/uploads\/2023\/09\/dos-en-santa-fe-300x180.png",300,180,true],"medium_large":["https:\/\/apuntesdesanluis.com\/wp-content\/uploads\/2023\/09\/dos-en-santa-fe.png",640,384,false],"large":["https:\/\/apuntesdesanluis.com\/wp-content\/uploads\/2023\/09\/dos-en-santa-fe.png",640,384,false],"1536x1536":["https:\/\/apuntesdesanluis.com\/wp-content\/uploads\/2023\/09\/dos-en-santa-fe.png",711,427,false],"2048x2048":["https:\/\/apuntesdesanluis.com\/wp-content\/uploads\/2023\/09\/dos-en-santa-fe.png",711,427,false],"newsever-slider-full":["https:\/\/apuntesdesanluis.com\/wp-content\/uploads\/2023\/09\/dos-en-santa-fe.png",711,427,false],"newsever-featured":["https:\/\/apuntesdesanluis.com\/wp-content\/uploads\/2023\/09\/dos-en-santa-fe.png",711,427,false],"newsever-medium":["https:\/\/apuntesdesanluis.com\/wp-content\/uploads\/2023\/09\/dos-en-santa-fe.png",711,427,false]},"author_info":{"display_name":"apuntesdesanluis.com","author_link":"https:\/\/apuntesdesanluis.com\/index.php\/author\/apuntesdesanluis-com\/"},"category_info":"<a href=\"https:\/\/apuntesdesanluis.com\/index.php\/category\/nacionales-internacionales\/\" rel=\"category tag\">Nacionales\/Internacionales<\/a>","tag_info":"Nacionales\/Internacionales","comment_count":"0","_links":{"self":[{"href":"https:\/\/apuntesdesanluis.com\/index.php\/wp-json\/wp\/v2\/posts\/2917","targetHints":{"allow":["GET"]}}],"collection":[{"href":"https:\/\/apuntesdesanluis.com\/index.php\/wp-json\/wp\/v2\/posts"}],"about":[{"href":"https:\/\/apuntesdesanluis.com\/index.php\/wp-json\/wp\/v2\/types\/post"}],"author":[{"embeddable":true,"href":"https:\/\/apuntesdesanluis.com\/index.php\/wp-json\/wp\/v2\/users\/1"}],"replies":[{"embeddable":true,"href":"https:\/\/apuntesdesanluis.com\/index.php\/wp-json\/wp\/v2\/comments?post=2917"}],"version-history":[{"count":2,"href":"https:\/\/apuntesdesanluis.com\/index.php\/wp-json\/wp\/v2\/posts\/2917\/revisions"}],"predecessor-version":[{"id":2920,"href":"https:\/\/apuntesdesanluis.com\/index.php\/wp-json\/wp\/v2\/posts\/2917\/revisions\/2920"}],"wp:featuredmedia":[{"embeddable":true,"href":"https:\/\/apuntesdesanluis.com\/index.php\/wp-json\/wp\/v2\/media\/2918"}],"wp:attachment":[{"href":"https:\/\/apuntesdesanluis.com\/index.php\/wp-json\/wp\/v2\/media?parent=2917"}],"wp:term":[{"taxonomy":"category","embeddable":true,"href":"https:\/\/apuntesdesanluis.com\/index.php\/wp-json\/wp\/v2\/categories?post=2917"},{"taxonomy":"post_tag","embeddable":true,"href":"https:\/\/apuntesdesanluis.com\/index.php\/wp-json\/wp\/v2\/tags?post=2917"}],"curies":[{"name":"wp","href":"https:\/\/api.w.org\/{rel}","templated":true}]}}