{"id":29170,"date":"2025-02-14T19:19:24","date_gmt":"2025-02-14T22:19:24","guid":{"rendered":"https:\/\/apuntesdesanluis.com\/?p=29170"},"modified":"2025-02-14T19:19:49","modified_gmt":"2025-02-14T22:19:49","slug":"bullrich-anuncio-que-se-eliminaran-permisos-del-cannabis-medicinal-y-le-llovieron-las-criticas","status":"publish","type":"post","link":"https:\/\/apuntesdesanluis.com\/index.php\/2025\/02\/14\/bullrich-anuncio-que-se-eliminaran-permisos-del-cannabis-medicinal-y-le-llovieron-las-criticas\/","title":{"rendered":"BULLRICH ANUNCI\u00d3 QUE SE ELIMINAR\u00c1N PERMISOS DEL CANNABIS MEDICINAL Y LE LLOVIERON LAS CR\u00cdTICAS"},"content":{"rendered":"<h3>La ministra de Seguridad, <strong>Patricia Bullrich<\/strong>, anunci\u00f3 que el Gobierno eliminar\u00e1 al menos 300 mil permisos del <strong>REPROCANN<\/strong>, el programa de cannabis medicinal que lucha contra el narcotr\u00e1fico, mientras que diversas organizaciones criticaron la medida.<\/h3>\n<h3>La titular de la cartera se\u00f1al\u00f3 en declaraciones a la se\u00f1al de cable Todo Noticias que coordin\u00f3 un equipo junto a su par de Salud, <strong>Mario Lugones<\/strong>, para revisar los permisos y afirm\u00f3: &#8220;Vamos a dar todo de baja. Vamos a empezar de cero porque hecha la ley, hecha la trampa. Es ley el cannabis medicinal, no el desv\u00edo de marihuana hacia el mercado ilegal&#8221;.<\/h3>\n<h3>&#8220;En el 2019 se vot\u00f3 la Ley de Cannabis medicinal para una sola enfermedad. Durante el gobierno de Alberto Fern\u00e1ndez se dieron 300 mil permisos para sembrar marihuana y m\u00e1s de 30 mil que pod\u00edan sembrar para venderles remedios a otros, remedios que no est\u00e1n avalados por ANMAT, que son caseros&#8221;, explic\u00f3 la funcionaria.<\/h3>\n<h3>En este marco, diversas ONGs, pacientes con fibromialgia, oncol\u00f3gicos, epilepsia, problemas motrices y con insomnio expresaron su preocupaci\u00f3n y criticaron el anuncio.<\/h3>\n<h3><strong>\u201cSER\u00cdA CATASTR\u00d3FICO\u201d<\/strong><\/h3>\n<h3>La actriz <strong>Valentina Bassi<\/strong> hizo referencia a la problem\u00e1tica. La int\u00e9rprete, adem\u00e1s de su trabajo de m\u00e1s de 30 a\u00f1os en la pantalla chica, cine y sobre las tablas, es madre de Lisandro, un adolescente de 16 a\u00f1os con TEA (Trastorno del Espectro Autista).<\/h3>\n<p><img fetchpriority=\"high\" decoding=\"async\" class=\"wp-image-29172 aligncenter\" src=\"https:\/\/apuntesdesanluis.com\/wp-content\/uploads\/2025\/02\/VALENTINA-BASSI-300x238.png\" alt=\"\" width=\"661\" height=\"524\" srcset=\"https:\/\/apuntesdesanluis.com\/wp-content\/uploads\/2025\/02\/VALENTINA-BASSI-300x238.png 300w, https:\/\/apuntesdesanluis.com\/wp-content\/uploads\/2025\/02\/VALENTINA-BASSI.png 769w\" sizes=\"(max-width: 661px) 100vw, 661px\" \/><\/p>\n<h3>Bassi cultiva cannabis desde hace casi 10 a\u00f1os y actualmente se encuentra en el REPROCANN. Comenz\u00f3 a sembrar tres a\u00f1os antes de que se legalizara con el fin de ayudar a Lisandro como regulador.<\/h3>\n<h3>La int\u00e9rprete remarc\u00f3 que \u201cno se puede dejar a la gente sin su medicina, son derechos adquiridos que cost\u00f3 un mont\u00f3n conseguir\u201d y asegur\u00f3 que las afirmaciones de la ministra son \u201cdichos espantosos\u201d.<\/h3>\n<h3>Entre sus afirmaciones, la funcionaria se\u00f1al\u00f3 que la marihuana cultivada en Argentina tiene un THC (tetrahidrocannabinol) m\u00e1s potente que la permitida en Uruguay. Sin embargo, no hay evidencia cient\u00edfica que respalde que el THC en la marihuana cultivada legalmente en Argentina sea m\u00e1s potente que en otros pa\u00edses como Uruguay, que tiene una regulaci\u00f3n estricta.<\/h3>\n<h3>Los cultivos legales en Argentina deben estar regulados y controlados, lo que implica que se mantienen dentro de ciertos par\u00e1metros de concentraci\u00f3n de THC, seg\u00fan el \u00fatlimo informe sobre Cannabis medicinal y C\u00e1\u00f1amo industrial, realizado por el Gobierno Nacional en junio pasado.<\/h3>\n<h3>Asimismo la actriz explic\u00f3: \u201cHablamos de dejar en banda a ni\u00f1os con epilepsia, autistas, adultos mayores lo toman para el dolor, artritis, fibromialgia y un mont\u00f3n de patolog\u00edas como trastorno de ansiedad y del sue\u00f1o. Quitarles la medicina de un d\u00eda para el otro, ser\u00eda catastr\u00f3fico\u201d.<\/h3>\n<h3>Sobre los dem\u00e1s argumentos de Bullrich, Bassi remarc\u00f3 que la entrevista fue una \u201cnota llena de datos falsos\u201d y agreg\u00f3: \u201cPrimero se desinforma y despu\u00e9s se destruye, es el modus operandi que veo en todas las \u00e1reas. Se desinforma, demoniza y despu\u00e9s se destruye\u201d.<\/h3>\n<h3>\u201cEsperemos que no pase con esto porque cost\u00f3 un mont\u00f3n conseguir esta ley y que funcione, el REPROCANN lo hac\u00eda de manera muy lenta, pero funcionaba, ahora ya no est\u00e1n dando -permisos- a nadie. Si encima dan de baja a los que ya tenemos, que contamos con plantas cultivadas y nuestros hijos toman su medicina, es catastr\u00f3fico\u201d, concluy\u00f3 al respecto.<\/h3>\n<h3><strong>M\u00c1S CR\u00cdTICAS<\/strong><\/h3>\n<h3>La cofundadora de Cannabis Medicinal R\u00edo Negro y Neuqu\u00e9n, <strong>Laura Caldentey<\/strong>, sostuvo en di\u00e1logo con el Diario de R\u00edo Negro: &#8220;Uno ya tiene permiso para para poder realizar acciones que est\u00e1n tipificadas por el C\u00f3digo Penal&#8221;.<\/h3>\n<h3>&#8220;Si se dan de baja todos los permisos, se lanzan\u00a0 todas estas personas a que sean perseguidas por la ley penal&#8221;, a\u00f1adi\u00f3 la asesora legal, quien opin\u00f3: &#8220;Escuchar a la ministra asociar el cannabis medicinal con el narcotr\u00e1fico nos hace sentir que se est\u00e1 volviendo a criminalizar&#8221;.<\/h3>\n<h3>Caldentey calific\u00f3 como un &#8220;error conceptual&#8221; vincular el autocultivo con el narcotr\u00e1fico y que &#8220;invisibiliza la realidad de much\u00edsimas familias con condiciones de salud que dependen del cannabis medicinal para tener una mejor calidad de vida&#8221;.<\/h3>\n<h3>Por su parte, <strong>Perla Peralta<\/strong>, la titular de Evoluci\u00f3n Verde, una ONG que trabaja con cannabis medicinal desde 2018, argument\u00f3 que &#8220;el autocultivo va en contra del narcotr\u00e1fico&#8221;, a la vez que a\u00f1adi\u00f3: &#8220;Lo que hace la ministra es desinformar y mezclar todo. No refleja la realidad de lo que es el REPROCANN&#8221;.<\/h3>\n<h3>Seg\u00fan consta en la p\u00e1gina web del Ministerio de Salud, el REPROCANN &#8220;es una base de datos dise\u00f1ada para poder registrar a aquellas personas que cuenten con las condiciones para acceder a un cultivo controlado de la planta de cannabis, con fines de tratamiento medicinal, terap\u00e9utico y\/o paliativo del dolor&#8221;.<\/h3>\n<h3><\/h3>\n<h3><\/h3>\n<p>&nbsp;<\/p>\n<p>&nbsp;<\/p>\n<h3><\/h3>\n","protected":false},"excerpt":{"rendered":"<p>La ministra de Seguridad, Patricia Bullrich, anunci\u00f3 que el Gobierno eliminar\u00e1 al menos 300 mil&#8230;<\/p>\n","protected":false},"author":1,"featured_media":29171,"comment_status":"closed","ping_status":"closed","sticky":false,"template":"","format":"standard","meta":{"footnotes":""},"categories":[5],"tags":[],"class_list":["post-29170","post","type-post","status-publish","format-standard","has-post-thumbnail","hentry","category-nacionales-internacionales"],"yoast_head":"<!-- This site is optimized with the Yoast SEO plugin v26.1.1 - https:\/\/yoast.com\/wordpress\/plugins\/seo\/ -->\n<title>BULLRICH ANUNCI\u00d3 QUE SE ELIMINAR\u00c1N PERMISOS DEL CANNABIS MEDICINAL Y LE LLOVIERON LAS CR\u00cdTICAS - Apuntes de San Luis<\/title>\n<meta name=\"robots\" content=\"index, follow, max-snippet:-1, max-image-preview:large, max-video-preview:-1\" \/>\n<link rel=\"canonical\" href=\"https:\/\/apuntesdesanluis.com\/index.php\/2025\/02\/14\/bullrich-anuncio-que-se-eliminaran-permisos-del-cannabis-medicinal-y-le-llovieron-las-criticas\/\" \/>\n<meta property=\"og:locale\" content=\"es_ES\" \/>\n<meta property=\"og:type\" content=\"article\" \/>\n<meta property=\"og:title\" content=\"BULLRICH ANUNCI\u00d3 QUE SE ELIMINAR\u00c1N PERMISOS DEL CANNABIS MEDICINAL Y LE LLOVIERON LAS CR\u00cdTICAS - Apuntes de San Luis\" \/>\n<meta property=\"og:description\" content=\"La ministra de Seguridad, Patricia Bullrich, anunci\u00f3 que el Gobierno eliminar\u00e1 al menos 300 mil...\" \/>\n<meta property=\"og:url\" content=\"https:\/\/apuntesdesanluis.com\/index.php\/2025\/02\/14\/bullrich-anuncio-que-se-eliminaran-permisos-del-cannabis-medicinal-y-le-llovieron-las-criticas\/\" \/>\n<meta property=\"og:site_name\" content=\"Apuntes de San Luis\" \/>\n<meta property=\"article:published_time\" content=\"2025-02-14T22:19:24+00:00\" \/>\n<meta property=\"article:modified_time\" content=\"2025-02-14T22:19:49+00:00\" \/>\n<meta property=\"og:image\" content=\"https:\/\/apuntesdesanluis.com\/wp-content\/uploads\/2025\/02\/BULLRICH-Y-REPROCANN.png\" \/>\n\t<meta property=\"og:image:width\" content=\"776\" \/>\n\t<meta property=\"og:image:height\" content=\"421\" \/>\n\t<meta property=\"og:image:type\" content=\"image\/png\" \/>\n<meta name=\"author\" content=\"apuntesdesanluis.com\" \/>\n<meta name=\"twitter:card\" content=\"summary_large_image\" \/>\n<meta name=\"twitter:label1\" content=\"Escrito por\" \/>\n\t<meta name=\"twitter:data1\" content=\"apuntesdesanluis.com\" \/>\n\t<meta name=\"twitter:label2\" content=\"Tiempo de lectura\" \/>\n\t<meta name=\"twitter:data2\" content=\"4 minutos\" \/>\n<script type=\"application\/ld+json\" class=\"yoast-schema-graph\">{\"@context\":\"https:\/\/schema.org\",\"@graph\":[{\"@type\":\"Article\",\"@id\":\"https:\/\/apuntesdesanluis.com\/index.php\/2025\/02\/14\/bullrich-anuncio-que-se-eliminaran-permisos-del-cannabis-medicinal-y-le-llovieron-las-criticas\/#article\",\"isPartOf\":{\"@id\":\"https:\/\/apuntesdesanluis.com\/index.php\/2025\/02\/14\/bullrich-anuncio-que-se-eliminaran-permisos-del-cannabis-medicinal-y-le-llovieron-las-criticas\/\"},\"author\":{\"name\":\"apuntesdesanluis.com\",\"@id\":\"https:\/\/apuntesdesanluis.com\/#\/schema\/person\/b55151d52296fcce64d1a72538a70b90\"},\"headline\":\"BULLRICH ANUNCI\u00d3 QUE SE ELIMINAR\u00c1N PERMISOS DEL CANNABIS MEDICINAL Y LE LLOVIERON LAS CR\u00cdTICAS\",\"datePublished\":\"2025-02-14T22:19:24+00:00\",\"dateModified\":\"2025-02-14T22:19:49+00:00\",\"mainEntityOfPage\":{\"@id\":\"https:\/\/apuntesdesanluis.com\/index.php\/2025\/02\/14\/bullrich-anuncio-que-se-eliminaran-permisos-del-cannabis-medicinal-y-le-llovieron-las-criticas\/\"},\"wordCount\":836,\"publisher\":{\"@id\":\"https:\/\/apuntesdesanluis.com\/#\/schema\/person\/b55151d52296fcce64d1a72538a70b90\"},\"image\":{\"@id\":\"https:\/\/apuntesdesanluis.com\/index.php\/2025\/02\/14\/bullrich-anuncio-que-se-eliminaran-permisos-del-cannabis-medicinal-y-le-llovieron-las-criticas\/#primaryimage\"},\"thumbnailUrl\":\"https:\/\/apuntesdesanluis.com\/wp-content\/uploads\/2025\/02\/BULLRICH-Y-REPROCANN.png\",\"articleSection\":[\"Nacionales\/Internacionales\"],\"inLanguage\":\"es-AR\"},{\"@type\":\"WebPage\",\"@id\":\"https:\/\/apuntesdesanluis.com\/index.php\/2025\/02\/14\/bullrich-anuncio-que-se-eliminaran-permisos-del-cannabis-medicinal-y-le-llovieron-las-criticas\/\",\"url\":\"https:\/\/apuntesdesanluis.com\/index.php\/2025\/02\/14\/bullrich-anuncio-que-se-eliminaran-permisos-del-cannabis-medicinal-y-le-llovieron-las-criticas\/\",\"name\":\"BULLRICH ANUNCI\u00d3 QUE SE ELIMINAR\u00c1N PERMISOS DEL CANNABIS MEDICINAL Y LE LLOVIERON LAS CR\u00cdTICAS - Apuntes de San Luis\",\"isPartOf\":{\"@id\":\"https:\/\/apuntesdesanluis.com\/#website\"},\"primaryImageOfPage\":{\"@id\":\"https:\/\/apuntesdesanluis.com\/index.php\/2025\/02\/14\/bullrich-anuncio-que-se-eliminaran-permisos-del-cannabis-medicinal-y-le-llovieron-las-criticas\/#primaryimage\"},\"image\":{\"@id\":\"https:\/\/apuntesdesanluis.com\/index.php\/2025\/02\/14\/bullrich-anuncio-que-se-eliminaran-permisos-del-cannabis-medicinal-y-le-llovieron-las-criticas\/#primaryimage\"},\"thumbnailUrl\":\"https:\/\/apuntesdesanluis.com\/wp-content\/uploads\/2025\/02\/BULLRICH-Y-REPROCANN.png\",\"datePublished\":\"2025-02-14T22:19:24+00:00\",\"dateModified\":\"2025-02-14T22:19:49+00:00\",\"breadcrumb\":{\"@id\":\"https:\/\/apuntesdesanluis.com\/index.php\/2025\/02\/14\/bullrich-anuncio-que-se-eliminaran-permisos-del-cannabis-medicinal-y-le-llovieron-las-criticas\/#breadcrumb\"},\"inLanguage\":\"es-AR\",\"potentialAction\":[{\"@type\":\"ReadAction\",\"target\":[\"https:\/\/apuntesdesanluis.com\/index.php\/2025\/02\/14\/bullrich-anuncio-que-se-eliminaran-permisos-del-cannabis-medicinal-y-le-llovieron-las-criticas\/\"]}]},{\"@type\":\"ImageObject\",\"inLanguage\":\"es-AR\",\"@id\":\"https:\/\/apuntesdesanluis.com\/index.php\/2025\/02\/14\/bullrich-anuncio-que-se-eliminaran-permisos-del-cannabis-medicinal-y-le-llovieron-las-criticas\/#primaryimage\",\"url\":\"https:\/\/apuntesdesanluis.com\/wp-content\/uploads\/2025\/02\/BULLRICH-Y-REPROCANN.png\",\"contentUrl\":\"https:\/\/apuntesdesanluis.com\/wp-content\/uploads\/2025\/02\/BULLRICH-Y-REPROCANN.png\",\"width\":776,\"height\":421},{\"@type\":\"BreadcrumbList\",\"@id\":\"https:\/\/apuntesdesanluis.com\/index.php\/2025\/02\/14\/bullrich-anuncio-que-se-eliminaran-permisos-del-cannabis-medicinal-y-le-llovieron-las-criticas\/#breadcrumb\",\"itemListElement\":[{\"@type\":\"ListItem\",\"position\":1,\"name\":\"Inicio\",\"item\":\"https:\/\/apuntesdesanluis.com\/\"},{\"@type\":\"ListItem\",\"position\":2,\"name\":\"BULLRICH ANUNCI\u00d3 QUE SE ELIMINAR\u00c1N PERMISOS DEL CANNABIS MEDICINAL Y LE LLOVIERON LAS CR\u00cdTICAS\"}]},{\"@type\":\"WebSite\",\"@id\":\"https:\/\/apuntesdesanluis.com\/#website\",\"url\":\"https:\/\/apuntesdesanluis.com\/\",\"name\":\"Apuntes de San Luis\",\"description\":\"\",\"publisher\":{\"@id\":\"https:\/\/apuntesdesanluis.com\/#\/schema\/person\/b55151d52296fcce64d1a72538a70b90\"},\"potentialAction\":[{\"@type\":\"SearchAction\",\"target\":{\"@type\":\"EntryPoint\",\"urlTemplate\":\"https:\/\/apuntesdesanluis.com\/?s={search_term_string}\"},\"query-input\":{\"@type\":\"PropertyValueSpecification\",\"valueRequired\":true,\"valueName\":\"search_term_string\"}}],\"inLanguage\":\"es-AR\"},{\"@type\":[\"Person\",\"Organization\"],\"@id\":\"https:\/\/apuntesdesanluis.com\/#\/schema\/person\/b55151d52296fcce64d1a72538a70b90\",\"name\":\"apuntesdesanluis.com\",\"image\":{\"@type\":\"ImageObject\",\"inLanguage\":\"es-AR\",\"@id\":\"https:\/\/apuntesdesanluis.com\/#\/schema\/person\/image\/\",\"url\":\"https:\/\/apuntesdesanluis.com\/wp-content\/uploads\/2023\/07\/cropped-apuntesdesanluis.png\",\"contentUrl\":\"https:\/\/apuntesdesanluis.com\/wp-content\/uploads\/2023\/07\/cropped-apuntesdesanluis.png\",\"width\":450,\"height\":112,\"caption\":\"apuntesdesanluis.com\"},\"logo\":{\"@id\":\"https:\/\/apuntesdesanluis.com\/#\/schema\/person\/image\/\"},\"sameAs\":[\"https:\/\/apuntesdesanluis.com\"],\"url\":\"https:\/\/apuntesdesanluis.com\/index.php\/author\/apuntesdesanluis-com\/\"}]}<\/script>\n<!-- \/ Yoast SEO plugin. -->","yoast_head_json":{"title":"BULLRICH ANUNCI\u00d3 QUE SE ELIMINAR\u00c1N PERMISOS DEL CANNABIS MEDICINAL Y LE LLOVIERON LAS CR\u00cdTICAS - Apuntes de San Luis","robots":{"index":"index","follow":"follow","max-snippet":"max-snippet:-1","max-image-preview":"max-image-preview:large","max-video-preview":"max-video-preview:-1"},"canonical":"https:\/\/apuntesdesanluis.com\/index.php\/2025\/02\/14\/bullrich-anuncio-que-se-eliminaran-permisos-del-cannabis-medicinal-y-le-llovieron-las-criticas\/","og_locale":"es_ES","og_type":"article","og_title":"BULLRICH ANUNCI\u00d3 QUE SE ELIMINAR\u00c1N PERMISOS DEL CANNABIS MEDICINAL Y LE LLOVIERON LAS CR\u00cdTICAS - Apuntes de San Luis","og_description":"La ministra de Seguridad, Patricia Bullrich, anunci\u00f3 que el Gobierno eliminar\u00e1 al menos 300 mil...","og_url":"https:\/\/apuntesdesanluis.com\/index.php\/2025\/02\/14\/bullrich-anuncio-que-se-eliminaran-permisos-del-cannabis-medicinal-y-le-llovieron-las-criticas\/","og_site_name":"Apuntes de San Luis","article_published_time":"2025-02-14T22:19:24+00:00","article_modified_time":"2025-02-14T22:19:49+00:00","og_image":[{"width":776,"height":421,"url":"https:\/\/apuntesdesanluis.com\/wp-content\/uploads\/2025\/02\/BULLRICH-Y-REPROCANN.png","type":"image\/png"}],"author":"apuntesdesanluis.com","twitter_card":"summary_large_image","twitter_misc":{"Escrito por":"apuntesdesanluis.com","Tiempo de lectura":"4 minutos"},"schema":{"@context":"https:\/\/schema.org","@graph":[{"@type":"Article","@id":"https:\/\/apuntesdesanluis.com\/index.php\/2025\/02\/14\/bullrich-anuncio-que-se-eliminaran-permisos-del-cannabis-medicinal-y-le-llovieron-las-criticas\/#article","isPartOf":{"@id":"https:\/\/apuntesdesanluis.com\/index.php\/2025\/02\/14\/bullrich-anuncio-que-se-eliminaran-permisos-del-cannabis-medicinal-y-le-llovieron-las-criticas\/"},"author":{"name":"apuntesdesanluis.com","@id":"https:\/\/apuntesdesanluis.com\/#\/schema\/person\/b55151d52296fcce64d1a72538a70b90"},"headline":"BULLRICH ANUNCI\u00d3 QUE SE ELIMINAR\u00c1N PERMISOS DEL CANNABIS MEDICINAL Y LE LLOVIERON LAS CR\u00cdTICAS","datePublished":"2025-02-14T22:19:24+00:00","dateModified":"2025-02-14T22:19:49+00:00","mainEntityOfPage":{"@id":"https:\/\/apuntesdesanluis.com\/index.php\/2025\/02\/14\/bullrich-anuncio-que-se-eliminaran-permisos-del-cannabis-medicinal-y-le-llovieron-las-criticas\/"},"wordCount":836,"publisher":{"@id":"https:\/\/apuntesdesanluis.com\/#\/schema\/person\/b55151d52296fcce64d1a72538a70b90"},"image":{"@id":"https:\/\/apuntesdesanluis.com\/index.php\/2025\/02\/14\/bullrich-anuncio-que-se-eliminaran-permisos-del-cannabis-medicinal-y-le-llovieron-las-criticas\/#primaryimage"},"thumbnailUrl":"https:\/\/apuntesdesanluis.com\/wp-content\/uploads\/2025\/02\/BULLRICH-Y-REPROCANN.png","articleSection":["Nacionales\/Internacionales"],"inLanguage":"es-AR"},{"@type":"WebPage","@id":"https:\/\/apuntesdesanluis.com\/index.php\/2025\/02\/14\/bullrich-anuncio-que-se-eliminaran-permisos-del-cannabis-medicinal-y-le-llovieron-las-criticas\/","url":"https:\/\/apuntesdesanluis.com\/index.php\/2025\/02\/14\/bullrich-anuncio-que-se-eliminaran-permisos-del-cannabis-medicinal-y-le-llovieron-las-criticas\/","name":"BULLRICH ANUNCI\u00d3 QUE SE ELIMINAR\u00c1N PERMISOS DEL CANNABIS MEDICINAL Y LE LLOVIERON LAS CR\u00cdTICAS - Apuntes de San Luis","isPartOf":{"@id":"https:\/\/apuntesdesanluis.com\/#website"},"primaryImageOfPage":{"@id":"https:\/\/apuntesdesanluis.com\/index.php\/2025\/02\/14\/bullrich-anuncio-que-se-eliminaran-permisos-del-cannabis-medicinal-y-le-llovieron-las-criticas\/#primaryimage"},"image":{"@id":"https:\/\/apuntesdesanluis.com\/index.php\/2025\/02\/14\/bullrich-anuncio-que-se-eliminaran-permisos-del-cannabis-medicinal-y-le-llovieron-las-criticas\/#primaryimage"},"thumbnailUrl":"https:\/\/apuntesdesanluis.com\/wp-content\/uploads\/2025\/02\/BULLRICH-Y-REPROCANN.png","datePublished":"2025-02-14T22:19:24+00:00","dateModified":"2025-02-14T22:19:49+00:00","breadcrumb":{"@id":"https:\/\/apuntesdesanluis.com\/index.php\/2025\/02\/14\/bullrich-anuncio-que-se-eliminaran-permisos-del-cannabis-medicinal-y-le-llovieron-las-criticas\/#breadcrumb"},"inLanguage":"es-AR","potentialAction":[{"@type":"ReadAction","target":["https:\/\/apuntesdesanluis.com\/index.php\/2025\/02\/14\/bullrich-anuncio-que-se-eliminaran-permisos-del-cannabis-medicinal-y-le-llovieron-las-criticas\/"]}]},{"@type":"ImageObject","inLanguage":"es-AR","@id":"https:\/\/apuntesdesanluis.com\/index.php\/2025\/02\/14\/bullrich-anuncio-que-se-eliminaran-permisos-del-cannabis-medicinal-y-le-llovieron-las-criticas\/#primaryimage","url":"https:\/\/apuntesdesanluis.com\/wp-content\/uploads\/2025\/02\/BULLRICH-Y-REPROCANN.png","contentUrl":"https:\/\/apuntesdesanluis.com\/wp-content\/uploads\/2025\/02\/BULLRICH-Y-REPROCANN.png","width":776,"height":421},{"@type":"BreadcrumbList","@id":"https:\/\/apuntesdesanluis.com\/index.php\/2025\/02\/14\/bullrich-anuncio-que-se-eliminaran-permisos-del-cannabis-medicinal-y-le-llovieron-las-criticas\/#breadcrumb","itemListElement":[{"@type":"ListItem","position":1,"name":"Inicio","item":"https:\/\/apuntesdesanluis.com\/"},{"@type":"ListItem","position":2,"name":"BULLRICH ANUNCI\u00d3 QUE SE ELIMINAR\u00c1N PERMISOS DEL CANNABIS MEDICINAL Y LE LLOVIERON LAS CR\u00cdTICAS"}]},{"@type":"WebSite","@id":"https:\/\/apuntesdesanluis.com\/#website","url":"https:\/\/apuntesdesanluis.com\/","name":"Apuntes de San Luis","description":"","publisher":{"@id":"https:\/\/apuntesdesanluis.com\/#\/schema\/person\/b55151d52296fcce64d1a72538a70b90"},"potentialAction":[{"@type":"SearchAction","target":{"@type":"EntryPoint","urlTemplate":"https:\/\/apuntesdesanluis.com\/?s={search_term_string}"},"query-input":{"@type":"PropertyValueSpecification","valueRequired":true,"valueName":"search_term_string"}}],"inLanguage":"es-AR"},{"@type":["Person","Organization"],"@id":"https:\/\/apuntesdesanluis.com\/#\/schema\/person\/b55151d52296fcce64d1a72538a70b90","name":"apuntesdesanluis.com","image":{"@type":"ImageObject","inLanguage":"es-AR","@id":"https:\/\/apuntesdesanluis.com\/#\/schema\/person\/image\/","url":"https:\/\/apuntesdesanluis.com\/wp-content\/uploads\/2023\/07\/cropped-apuntesdesanluis.png","contentUrl":"https:\/\/apuntesdesanluis.com\/wp-content\/uploads\/2023\/07\/cropped-apuntesdesanluis.png","width":450,"height":112,"caption":"apuntesdesanluis.com"},"logo":{"@id":"https:\/\/apuntesdesanluis.com\/#\/schema\/person\/image\/"},"sameAs":["https:\/\/apuntesdesanluis.com"],"url":"https:\/\/apuntesdesanluis.com\/index.php\/author\/apuntesdesanluis-com\/"}]}},"featured_image_urls":{"full":["https:\/\/apuntesdesanluis.com\/wp-content\/uploads\/2025\/02\/BULLRICH-Y-REPROCANN.png",776,421,false],"thumbnail":["https:\/\/apuntesdesanluis.com\/wp-content\/uploads\/2025\/02\/BULLRICH-Y-REPROCANN-150x150.png",150,150,true],"medium":["https:\/\/apuntesdesanluis.com\/wp-content\/uploads\/2025\/02\/BULLRICH-Y-REPROCANN-300x163.png",300,163,true],"medium_large":["https:\/\/apuntesdesanluis.com\/wp-content\/uploads\/2025\/02\/BULLRICH-Y-REPROCANN-768x417.png",640,348,true],"large":["https:\/\/apuntesdesanluis.com\/wp-content\/uploads\/2025\/02\/BULLRICH-Y-REPROCANN.png",640,347,false],"1536x1536":["https:\/\/apuntesdesanluis.com\/wp-content\/uploads\/2025\/02\/BULLRICH-Y-REPROCANN.png",776,421,false],"2048x2048":["https:\/\/apuntesdesanluis.com\/wp-content\/uploads\/2025\/02\/BULLRICH-Y-REPROCANN.png",776,421,false],"newsever-slider-full":["https:\/\/apuntesdesanluis.com\/wp-content\/uploads\/2025\/02\/BULLRICH-Y-REPROCANN.png",776,421,false],"newsever-featured":["https:\/\/apuntesdesanluis.com\/wp-content\/uploads\/2025\/02\/BULLRICH-Y-REPROCANN.png",776,421,false],"newsever-medium":["https:\/\/apuntesdesanluis.com\/wp-content\/uploads\/2025\/02\/BULLRICH-Y-REPROCANN-720x421.png",720,421,true]},"author_info":{"display_name":"apuntesdesanluis.com","author_link":"https:\/\/apuntesdesanluis.com\/index.php\/author\/apuntesdesanluis-com\/"},"category_info":"<a href=\"https:\/\/apuntesdesanluis.com\/index.php\/category\/nacionales-internacionales\/\" rel=\"category tag\">Nacionales\/Internacionales<\/a>","tag_info":"Nacionales\/Internacionales","comment_count":"0","_links":{"self":[{"href":"https:\/\/apuntesdesanluis.com\/index.php\/wp-json\/wp\/v2\/posts\/29170","targetHints":{"allow":["GET"]}}],"collection":[{"href":"https:\/\/apuntesdesanluis.com\/index.php\/wp-json\/wp\/v2\/posts"}],"about":[{"href":"https:\/\/apuntesdesanluis.com\/index.php\/wp-json\/wp\/v2\/types\/post"}],"author":[{"embeddable":true,"href":"https:\/\/apuntesdesanluis.com\/index.php\/wp-json\/wp\/v2\/users\/1"}],"replies":[{"embeddable":true,"href":"https:\/\/apuntesdesanluis.com\/index.php\/wp-json\/wp\/v2\/comments?post=29170"}],"version-history":[{"count":2,"href":"https:\/\/apuntesdesanluis.com\/index.php\/wp-json\/wp\/v2\/posts\/29170\/revisions"}],"predecessor-version":[{"id":29174,"href":"https:\/\/apuntesdesanluis.com\/index.php\/wp-json\/wp\/v2\/posts\/29170\/revisions\/29174"}],"wp:featuredmedia":[{"embeddable":true,"href":"https:\/\/apuntesdesanluis.com\/index.php\/wp-json\/wp\/v2\/media\/29171"}],"wp:attachment":[{"href":"https:\/\/apuntesdesanluis.com\/index.php\/wp-json\/wp\/v2\/media?parent=29170"}],"wp:term":[{"taxonomy":"category","embeddable":true,"href":"https:\/\/apuntesdesanluis.com\/index.php\/wp-json\/wp\/v2\/categories?post=29170"},{"taxonomy":"post_tag","embeddable":true,"href":"https:\/\/apuntesdesanluis.com\/index.php\/wp-json\/wp\/v2\/tags?post=29170"}],"curies":[{"name":"wp","href":"https:\/\/api.w.org\/{rel}","templated":true}]}}