{"id":29175,"date":"2025-02-14T19:54:13","date_gmt":"2025-02-14T22:54:13","guid":{"rendered":"https:\/\/apuntesdesanluis.com\/?p=29175"},"modified":"2025-02-14T19:54:13","modified_gmt":"2025-02-14T22:54:13","slug":"brindaran-charla-informativa-sobre-la-licenciatura-en-seguridad-publica","status":"publish","type":"post","link":"https:\/\/apuntesdesanluis.com\/index.php\/2025\/02\/14\/brindaran-charla-informativa-sobre-la-licenciatura-en-seguridad-publica\/","title":{"rendered":"BRINDAR\u00c1N CHARLA INFORMATIVA SOBRE LA LICENCIATURA EN SEGURIDAD P\u00daBLICA"},"content":{"rendered":"<h3>La Secretar\u00eda Acad\u00e9mica invita a la charla informativa que la<strong> Facultad de Ciencias Econ\u00f3micas Jur\u00eddicas y Sociales <\/strong>(FCEJS-UNSL) brindar\u00e1 a todos los interesados, sobre el nuevo Ciclo de Complementaci\u00f3n Curricular (CCC) de la <strong>Licenciatura en Seguridad P\u00fablica<\/strong>.<\/h3>\n<h3>La misma se realizar\u00e1 de manera virtual el jueves 20 de febrero a las 18 horas en la plataforma de video YouTube.<\/h3>\n<h3>Aquellos interesados en participar deben ingresar al siguiente enlace:<\/h3>\n<h3 style=\"text-align: center;\"><a href=\"https:\/\/www.youtube.com\/live\/cH2FuckNjNs?si=1QQzSzFxSFcHoevm\" target=\"_blank\" rel=\"noopener\"><span style=\"color: #3366ff;\"><strong>CHARLA INFORMATIVA | LICENCIATURA EN SEGURIDAD P\u00daBLICA<\/strong><\/span><\/a><\/h3>\n<h3>Luego de realizada la charla, se podr\u00e1 acceder a la misma en cualquier momento, ya que permanecer\u00e1 grabada en el canal de la FCEJS de YouTube.<\/h3>\n<h3>Se record\u00f3 asimismo que las <strong>inscripciones<\/strong> a la nueva carrera de la FCEJS permanecen abiertas hasta el <strong>28 de febrero<\/strong>.<\/h3>\n<h3><strong>DETALLES<\/strong><\/h3>\n<h3>El CCC, que dar\u00e1 inicio en 2025 en la FCEJS, est\u00e1 dise\u00f1ado para brindar una formaci\u00f3n acad\u00e9mica integral a los agentes de seguridad, promoviendo el desarrollo de competencias clave en el marco del Estado de Derecho, la Democracia y los Derechos Humanos. Con un enfoque interdisciplinario, el plan de estudios combina asignaturas te\u00f3ricas y pr\u00e1cticas, materias obligatorias y optativas, y un Trabajo Final destinado a consolidar los conocimientos adquiridos.<\/h3>\n<h3>Este programa acad\u00e9mico responde a la evoluci\u00f3n del concepto de Seguridad P\u00fablica, que hoy exige profesionales altamente capacitados para abordar los desaf\u00edos contempor\u00e1neos. La UNSL, a trav\u00e9s de la FCEJS, refuerza su compromiso con la sociedad al ofrecer una formaci\u00f3n de excelencia que eleva el nivel de preparaci\u00f3n de las fuerzas de seguridad, permiti\u00e9ndoles actuar con mayor eficacia y responsabilidad en el resguardo de la ciudadan\u00eda.<\/h3>\n<h3><\/h3>\n<h3><\/h3>\n<p>&nbsp;<\/p>\n","protected":false},"excerpt":{"rendered":"<p>La Secretar\u00eda Acad\u00e9mica invita a la charla informativa que la Facultad de Ciencias Econ\u00f3micas Jur\u00eddicas&#8230;<\/p>\n","protected":false},"author":1,"featured_media":29176,"comment_status":"closed","ping_status":"closed","sticky":false,"template":"","format":"standard","meta":{"footnotes":""},"categories":[6],"tags":[],"class_list":["post-29175","post","type-post","status-publish","format-standard","has-post-thumbnail","hentry","category-ciudad-provincia"],"yoast_head":"<!-- This site is optimized with the Yoast SEO plugin v26.1.1 - https:\/\/yoast.com\/wordpress\/plugins\/seo\/ -->\n<title>BRINDAR\u00c1N CHARLA INFORMATIVA SOBRE LA LICENCIATURA EN SEGURIDAD P\u00daBLICA - Apuntes de San Luis<\/title>\n<meta name=\"robots\" content=\"index, follow, max-snippet:-1, max-image-preview:large, max-video-preview:-1\" \/>\n<link rel=\"canonical\" href=\"https:\/\/apuntesdesanluis.com\/index.php\/2025\/02\/14\/brindaran-charla-informativa-sobre-la-licenciatura-en-seguridad-publica\/\" \/>\n<meta property=\"og:locale\" content=\"es_ES\" \/>\n<meta property=\"og:type\" content=\"article\" \/>\n<meta property=\"og:title\" content=\"BRINDAR\u00c1N CHARLA INFORMATIVA SOBRE LA LICENCIATURA EN SEGURIDAD P\u00daBLICA - Apuntes de San Luis\" \/>\n<meta property=\"og:description\" content=\"La Secretar\u00eda Acad\u00e9mica invita a la charla informativa que la Facultad de Ciencias Econ\u00f3micas Jur\u00eddicas...\" \/>\n<meta property=\"og:url\" content=\"https:\/\/apuntesdesanluis.com\/index.php\/2025\/02\/14\/brindaran-charla-informativa-sobre-la-licenciatura-en-seguridad-publica\/\" \/>\n<meta property=\"og:site_name\" content=\"Apuntes de San Luis\" \/>\n<meta property=\"article:published_time\" content=\"2025-02-14T22:54:13+00:00\" \/>\n<meta property=\"og:image\" content=\"https:\/\/apuntesdesanluis.com\/wp-content\/uploads\/2025\/02\/CHARLA-INFORMATIVA-LICENCIATURA-EN-SEGURIDAD-PUBLICA.png\" \/>\n\t<meta property=\"og:image:width\" content=\"651\" \/>\n\t<meta property=\"og:image:height\" content=\"410\" \/>\n\t<meta property=\"og:image:type\" content=\"image\/png\" \/>\n<meta name=\"author\" content=\"apuntesdesanluis.com\" \/>\n<meta name=\"twitter:card\" content=\"summary_large_image\" \/>\n<meta name=\"twitter:label1\" content=\"Escrito por\" \/>\n\t<meta name=\"twitter:data1\" content=\"apuntesdesanluis.com\" \/>\n\t<meta name=\"twitter:label2\" content=\"Tiempo de lectura\" \/>\n\t<meta name=\"twitter:data2\" content=\"2 minutos\" \/>\n<script type=\"application\/ld+json\" class=\"yoast-schema-graph\">{\"@context\":\"https:\/\/schema.org\",\"@graph\":[{\"@type\":\"Article\",\"@id\":\"https:\/\/apuntesdesanluis.com\/index.php\/2025\/02\/14\/brindaran-charla-informativa-sobre-la-licenciatura-en-seguridad-publica\/#article\",\"isPartOf\":{\"@id\":\"https:\/\/apuntesdesanluis.com\/index.php\/2025\/02\/14\/brindaran-charla-informativa-sobre-la-licenciatura-en-seguridad-publica\/\"},\"author\":{\"name\":\"apuntesdesanluis.com\",\"@id\":\"https:\/\/apuntesdesanluis.com\/#\/schema\/person\/b55151d52296fcce64d1a72538a70b90\"},\"headline\":\"BRINDAR\u00c1N CHARLA INFORMATIVA SOBRE LA LICENCIATURA EN SEGURIDAD P\u00daBLICA\",\"datePublished\":\"2025-02-14T22:54:13+00:00\",\"mainEntityOfPage\":{\"@id\":\"https:\/\/apuntesdesanluis.com\/index.php\/2025\/02\/14\/brindaran-charla-informativa-sobre-la-licenciatura-en-seguridad-publica\/\"},\"wordCount\":286,\"publisher\":{\"@id\":\"https:\/\/apuntesdesanluis.com\/#\/schema\/person\/b55151d52296fcce64d1a72538a70b90\"},\"image\":{\"@id\":\"https:\/\/apuntesdesanluis.com\/index.php\/2025\/02\/14\/brindaran-charla-informativa-sobre-la-licenciatura-en-seguridad-publica\/#primaryimage\"},\"thumbnailUrl\":\"https:\/\/apuntesdesanluis.com\/wp-content\/uploads\/2025\/02\/CHARLA-INFORMATIVA-LICENCIATURA-EN-SEGURIDAD-PUBLICA.png\",\"articleSection\":[\"Ciudad\/Provincia\"],\"inLanguage\":\"es-AR\"},{\"@type\":\"WebPage\",\"@id\":\"https:\/\/apuntesdesanluis.com\/index.php\/2025\/02\/14\/brindaran-charla-informativa-sobre-la-licenciatura-en-seguridad-publica\/\",\"url\":\"https:\/\/apuntesdesanluis.com\/index.php\/2025\/02\/14\/brindaran-charla-informativa-sobre-la-licenciatura-en-seguridad-publica\/\",\"name\":\"BRINDAR\u00c1N CHARLA INFORMATIVA SOBRE LA LICENCIATURA EN SEGURIDAD P\u00daBLICA - Apuntes de San Luis\",\"isPartOf\":{\"@id\":\"https:\/\/apuntesdesanluis.com\/#website\"},\"primaryImageOfPage\":{\"@id\":\"https:\/\/apuntesdesanluis.com\/index.php\/2025\/02\/14\/brindaran-charla-informativa-sobre-la-licenciatura-en-seguridad-publica\/#primaryimage\"},\"image\":{\"@id\":\"https:\/\/apuntesdesanluis.com\/index.php\/2025\/02\/14\/brindaran-charla-informativa-sobre-la-licenciatura-en-seguridad-publica\/#primaryimage\"},\"thumbnailUrl\":\"https:\/\/apuntesdesanluis.com\/wp-content\/uploads\/2025\/02\/CHARLA-INFORMATIVA-LICENCIATURA-EN-SEGURIDAD-PUBLICA.png\",\"datePublished\":\"2025-02-14T22:54:13+00:00\",\"breadcrumb\":{\"@id\":\"https:\/\/apuntesdesanluis.com\/index.php\/2025\/02\/14\/brindaran-charla-informativa-sobre-la-licenciatura-en-seguridad-publica\/#breadcrumb\"},\"inLanguage\":\"es-AR\",\"potentialAction\":[{\"@type\":\"ReadAction\",\"target\":[\"https:\/\/apuntesdesanluis.com\/index.php\/2025\/02\/14\/brindaran-charla-informativa-sobre-la-licenciatura-en-seguridad-publica\/\"]}]},{\"@type\":\"ImageObject\",\"inLanguage\":\"es-AR\",\"@id\":\"https:\/\/apuntesdesanluis.com\/index.php\/2025\/02\/14\/brindaran-charla-informativa-sobre-la-licenciatura-en-seguridad-publica\/#primaryimage\",\"url\":\"https:\/\/apuntesdesanluis.com\/wp-content\/uploads\/2025\/02\/CHARLA-INFORMATIVA-LICENCIATURA-EN-SEGURIDAD-PUBLICA.png\",\"contentUrl\":\"https:\/\/apuntesdesanluis.com\/wp-content\/uploads\/2025\/02\/CHARLA-INFORMATIVA-LICENCIATURA-EN-SEGURIDAD-PUBLICA.png\",\"width\":651,\"height\":410},{\"@type\":\"BreadcrumbList\",\"@id\":\"https:\/\/apuntesdesanluis.com\/index.php\/2025\/02\/14\/brindaran-charla-informativa-sobre-la-licenciatura-en-seguridad-publica\/#breadcrumb\",\"itemListElement\":[{\"@type\":\"ListItem\",\"position\":1,\"name\":\"Inicio\",\"item\":\"https:\/\/apuntesdesanluis.com\/\"},{\"@type\":\"ListItem\",\"position\":2,\"name\":\"BRINDAR\u00c1N CHARLA INFORMATIVA SOBRE LA LICENCIATURA EN SEGURIDAD P\u00daBLICA\"}]},{\"@type\":\"WebSite\",\"@id\":\"https:\/\/apuntesdesanluis.com\/#website\",\"url\":\"https:\/\/apuntesdesanluis.com\/\",\"name\":\"Apuntes de San Luis\",\"description\":\"\",\"publisher\":{\"@id\":\"https:\/\/apuntesdesanluis.com\/#\/schema\/person\/b55151d52296fcce64d1a72538a70b90\"},\"potentialAction\":[{\"@type\":\"SearchAction\",\"target\":{\"@type\":\"EntryPoint\",\"urlTemplate\":\"https:\/\/apuntesdesanluis.com\/?s={search_term_string}\"},\"query-input\":{\"@type\":\"PropertyValueSpecification\",\"valueRequired\":true,\"valueName\":\"search_term_string\"}}],\"inLanguage\":\"es-AR\"},{\"@type\":[\"Person\",\"Organization\"],\"@id\":\"https:\/\/apuntesdesanluis.com\/#\/schema\/person\/b55151d52296fcce64d1a72538a70b90\",\"name\":\"apuntesdesanluis.com\",\"image\":{\"@type\":\"ImageObject\",\"inLanguage\":\"es-AR\",\"@id\":\"https:\/\/apuntesdesanluis.com\/#\/schema\/person\/image\/\",\"url\":\"https:\/\/apuntesdesanluis.com\/wp-content\/uploads\/2023\/07\/cropped-apuntesdesanluis.png\",\"contentUrl\":\"https:\/\/apuntesdesanluis.com\/wp-content\/uploads\/2023\/07\/cropped-apuntesdesanluis.png\",\"width\":450,\"height\":112,\"caption\":\"apuntesdesanluis.com\"},\"logo\":{\"@id\":\"https:\/\/apuntesdesanluis.com\/#\/schema\/person\/image\/\"},\"sameAs\":[\"https:\/\/apuntesdesanluis.com\"],\"url\":\"https:\/\/apuntesdesanluis.com\/index.php\/author\/apuntesdesanluis-com\/\"}]}<\/script>\n<!-- \/ Yoast SEO plugin. -->","yoast_head_json":{"title":"BRINDAR\u00c1N CHARLA INFORMATIVA SOBRE LA LICENCIATURA EN SEGURIDAD P\u00daBLICA - Apuntes de San Luis","robots":{"index":"index","follow":"follow","max-snippet":"max-snippet:-1","max-image-preview":"max-image-preview:large","max-video-preview":"max-video-preview:-1"},"canonical":"https:\/\/apuntesdesanluis.com\/index.php\/2025\/02\/14\/brindaran-charla-informativa-sobre-la-licenciatura-en-seguridad-publica\/","og_locale":"es_ES","og_type":"article","og_title":"BRINDAR\u00c1N CHARLA INFORMATIVA SOBRE LA LICENCIATURA EN SEGURIDAD P\u00daBLICA - Apuntes de San Luis","og_description":"La Secretar\u00eda Acad\u00e9mica invita a la charla informativa que la Facultad de Ciencias Econ\u00f3micas Jur\u00eddicas...","og_url":"https:\/\/apuntesdesanluis.com\/index.php\/2025\/02\/14\/brindaran-charla-informativa-sobre-la-licenciatura-en-seguridad-publica\/","og_site_name":"Apuntes de San Luis","article_published_time":"2025-02-14T22:54:13+00:00","og_image":[{"width":651,"height":410,"url":"https:\/\/apuntesdesanluis.com\/wp-content\/uploads\/2025\/02\/CHARLA-INFORMATIVA-LICENCIATURA-EN-SEGURIDAD-PUBLICA.png","type":"image\/png"}],"author":"apuntesdesanluis.com","twitter_card":"summary_large_image","twitter_misc":{"Escrito por":"apuntesdesanluis.com","Tiempo de lectura":"2 minutos"},"schema":{"@context":"https:\/\/schema.org","@graph":[{"@type":"Article","@id":"https:\/\/apuntesdesanluis.com\/index.php\/2025\/02\/14\/brindaran-charla-informativa-sobre-la-licenciatura-en-seguridad-publica\/#article","isPartOf":{"@id":"https:\/\/apuntesdesanluis.com\/index.php\/2025\/02\/14\/brindaran-charla-informativa-sobre-la-licenciatura-en-seguridad-publica\/"},"author":{"name":"apuntesdesanluis.com","@id":"https:\/\/apuntesdesanluis.com\/#\/schema\/person\/b55151d52296fcce64d1a72538a70b90"},"headline":"BRINDAR\u00c1N CHARLA INFORMATIVA SOBRE LA LICENCIATURA EN SEGURIDAD P\u00daBLICA","datePublished":"2025-02-14T22:54:13+00:00","mainEntityOfPage":{"@id":"https:\/\/apuntesdesanluis.com\/index.php\/2025\/02\/14\/brindaran-charla-informativa-sobre-la-licenciatura-en-seguridad-publica\/"},"wordCount":286,"publisher":{"@id":"https:\/\/apuntesdesanluis.com\/#\/schema\/person\/b55151d52296fcce64d1a72538a70b90"},"image":{"@id":"https:\/\/apuntesdesanluis.com\/index.php\/2025\/02\/14\/brindaran-charla-informativa-sobre-la-licenciatura-en-seguridad-publica\/#primaryimage"},"thumbnailUrl":"https:\/\/apuntesdesanluis.com\/wp-content\/uploads\/2025\/02\/CHARLA-INFORMATIVA-LICENCIATURA-EN-SEGURIDAD-PUBLICA.png","articleSection":["Ciudad\/Provincia"],"inLanguage":"es-AR"},{"@type":"WebPage","@id":"https:\/\/apuntesdesanluis.com\/index.php\/2025\/02\/14\/brindaran-charla-informativa-sobre-la-licenciatura-en-seguridad-publica\/","url":"https:\/\/apuntesdesanluis.com\/index.php\/2025\/02\/14\/brindaran-charla-informativa-sobre-la-licenciatura-en-seguridad-publica\/","name":"BRINDAR\u00c1N CHARLA INFORMATIVA SOBRE LA LICENCIATURA EN SEGURIDAD P\u00daBLICA - Apuntes de San Luis","isPartOf":{"@id":"https:\/\/apuntesdesanluis.com\/#website"},"primaryImageOfPage":{"@id":"https:\/\/apuntesdesanluis.com\/index.php\/2025\/02\/14\/brindaran-charla-informativa-sobre-la-licenciatura-en-seguridad-publica\/#primaryimage"},"image":{"@id":"https:\/\/apuntesdesanluis.com\/index.php\/2025\/02\/14\/brindaran-charla-informativa-sobre-la-licenciatura-en-seguridad-publica\/#primaryimage"},"thumbnailUrl":"https:\/\/apuntesdesanluis.com\/wp-content\/uploads\/2025\/02\/CHARLA-INFORMATIVA-LICENCIATURA-EN-SEGURIDAD-PUBLICA.png","datePublished":"2025-02-14T22:54:13+00:00","breadcrumb":{"@id":"https:\/\/apuntesdesanluis.com\/index.php\/2025\/02\/14\/brindaran-charla-informativa-sobre-la-licenciatura-en-seguridad-publica\/#breadcrumb"},"inLanguage":"es-AR","potentialAction":[{"@type":"ReadAction","target":["https:\/\/apuntesdesanluis.com\/index.php\/2025\/02\/14\/brindaran-charla-informativa-sobre-la-licenciatura-en-seguridad-publica\/"]}]},{"@type":"ImageObject","inLanguage":"es-AR","@id":"https:\/\/apuntesdesanluis.com\/index.php\/2025\/02\/14\/brindaran-charla-informativa-sobre-la-licenciatura-en-seguridad-publica\/#primaryimage","url":"https:\/\/apuntesdesanluis.com\/wp-content\/uploads\/2025\/02\/CHARLA-INFORMATIVA-LICENCIATURA-EN-SEGURIDAD-PUBLICA.png","contentUrl":"https:\/\/apuntesdesanluis.com\/wp-content\/uploads\/2025\/02\/CHARLA-INFORMATIVA-LICENCIATURA-EN-SEGURIDAD-PUBLICA.png","width":651,"height":410},{"@type":"BreadcrumbList","@id":"https:\/\/apuntesdesanluis.com\/index.php\/2025\/02\/14\/brindaran-charla-informativa-sobre-la-licenciatura-en-seguridad-publica\/#breadcrumb","itemListElement":[{"@type":"ListItem","position":1,"name":"Inicio","item":"https:\/\/apuntesdesanluis.com\/"},{"@type":"ListItem","position":2,"name":"BRINDAR\u00c1N CHARLA INFORMATIVA SOBRE LA LICENCIATURA EN SEGURIDAD P\u00daBLICA"}]},{"@type":"WebSite","@id":"https:\/\/apuntesdesanluis.com\/#website","url":"https:\/\/apuntesdesanluis.com\/","name":"Apuntes de San Luis","description":"","publisher":{"@id":"https:\/\/apuntesdesanluis.com\/#\/schema\/person\/b55151d52296fcce64d1a72538a70b90"},"potentialAction":[{"@type":"SearchAction","target":{"@type":"EntryPoint","urlTemplate":"https:\/\/apuntesdesanluis.com\/?s={search_term_string}"},"query-input":{"@type":"PropertyValueSpecification","valueRequired":true,"valueName":"search_term_string"}}],"inLanguage":"es-AR"},{"@type":["Person","Organization"],"@id":"https:\/\/apuntesdesanluis.com\/#\/schema\/person\/b55151d52296fcce64d1a72538a70b90","name":"apuntesdesanluis.com","image":{"@type":"ImageObject","inLanguage":"es-AR","@id":"https:\/\/apuntesdesanluis.com\/#\/schema\/person\/image\/","url":"https:\/\/apuntesdesanluis.com\/wp-content\/uploads\/2023\/07\/cropped-apuntesdesanluis.png","contentUrl":"https:\/\/apuntesdesanluis.com\/wp-content\/uploads\/2023\/07\/cropped-apuntesdesanluis.png","width":450,"height":112,"caption":"apuntesdesanluis.com"},"logo":{"@id":"https:\/\/apuntesdesanluis.com\/#\/schema\/person\/image\/"},"sameAs":["https:\/\/apuntesdesanluis.com"],"url":"https:\/\/apuntesdesanluis.com\/index.php\/author\/apuntesdesanluis-com\/"}]}},"featured_image_urls":{"full":["https:\/\/apuntesdesanluis.com\/wp-content\/uploads\/2025\/02\/CHARLA-INFORMATIVA-LICENCIATURA-EN-SEGURIDAD-PUBLICA.png",651,410,false],"thumbnail":["https:\/\/apuntesdesanluis.com\/wp-content\/uploads\/2025\/02\/CHARLA-INFORMATIVA-LICENCIATURA-EN-SEGURIDAD-PUBLICA-150x150.png",150,150,true],"medium":["https:\/\/apuntesdesanluis.com\/wp-content\/uploads\/2025\/02\/CHARLA-INFORMATIVA-LICENCIATURA-EN-SEGURIDAD-PUBLICA-300x189.png",300,189,true],"medium_large":["https:\/\/apuntesdesanluis.com\/wp-content\/uploads\/2025\/02\/CHARLA-INFORMATIVA-LICENCIATURA-EN-SEGURIDAD-PUBLICA.png",640,403,false],"large":["https:\/\/apuntesdesanluis.com\/wp-content\/uploads\/2025\/02\/CHARLA-INFORMATIVA-LICENCIATURA-EN-SEGURIDAD-PUBLICA.png",640,403,false],"1536x1536":["https:\/\/apuntesdesanluis.com\/wp-content\/uploads\/2025\/02\/CHARLA-INFORMATIVA-LICENCIATURA-EN-SEGURIDAD-PUBLICA.png",651,410,false],"2048x2048":["https:\/\/apuntesdesanluis.com\/wp-content\/uploads\/2025\/02\/CHARLA-INFORMATIVA-LICENCIATURA-EN-SEGURIDAD-PUBLICA.png",651,410,false],"newsever-slider-full":["https:\/\/apuntesdesanluis.com\/wp-content\/uploads\/2025\/02\/CHARLA-INFORMATIVA-LICENCIATURA-EN-SEGURIDAD-PUBLICA.png",651,410,false],"newsever-featured":["https:\/\/apuntesdesanluis.com\/wp-content\/uploads\/2025\/02\/CHARLA-INFORMATIVA-LICENCIATURA-EN-SEGURIDAD-PUBLICA.png",651,410,false],"newsever-medium":["https:\/\/apuntesdesanluis.com\/wp-content\/uploads\/2025\/02\/CHARLA-INFORMATIVA-LICENCIATURA-EN-SEGURIDAD-PUBLICA.png",651,410,false]},"author_info":{"display_name":"apuntesdesanluis.com","author_link":"https:\/\/apuntesdesanluis.com\/index.php\/author\/apuntesdesanluis-com\/"},"category_info":"<a href=\"https:\/\/apuntesdesanluis.com\/index.php\/category\/ciudad-provincia\/\" rel=\"category tag\">Ciudad\/Provincia<\/a>","tag_info":"Ciudad\/Provincia","comment_count":"0","_links":{"self":[{"href":"https:\/\/apuntesdesanluis.com\/index.php\/wp-json\/wp\/v2\/posts\/29175","targetHints":{"allow":["GET"]}}],"collection":[{"href":"https:\/\/apuntesdesanluis.com\/index.php\/wp-json\/wp\/v2\/posts"}],"about":[{"href":"https:\/\/apuntesdesanluis.com\/index.php\/wp-json\/wp\/v2\/types\/post"}],"author":[{"embeddable":true,"href":"https:\/\/apuntesdesanluis.com\/index.php\/wp-json\/wp\/v2\/users\/1"}],"replies":[{"embeddable":true,"href":"https:\/\/apuntesdesanluis.com\/index.php\/wp-json\/wp\/v2\/comments?post=29175"}],"version-history":[{"count":1,"href":"https:\/\/apuntesdesanluis.com\/index.php\/wp-json\/wp\/v2\/posts\/29175\/revisions"}],"predecessor-version":[{"id":29177,"href":"https:\/\/apuntesdesanluis.com\/index.php\/wp-json\/wp\/v2\/posts\/29175\/revisions\/29177"}],"wp:featuredmedia":[{"embeddable":true,"href":"https:\/\/apuntesdesanluis.com\/index.php\/wp-json\/wp\/v2\/media\/29176"}],"wp:attachment":[{"href":"https:\/\/apuntesdesanluis.com\/index.php\/wp-json\/wp\/v2\/media?parent=29175"}],"wp:term":[{"taxonomy":"category","embeddable":true,"href":"https:\/\/apuntesdesanluis.com\/index.php\/wp-json\/wp\/v2\/categories?post=29175"},{"taxonomy":"post_tag","embeddable":true,"href":"https:\/\/apuntesdesanluis.com\/index.php\/wp-json\/wp\/v2\/tags?post=29175"}],"curies":[{"name":"wp","href":"https:\/\/api.w.org\/{rel}","templated":true}]}}