{"id":29178,"date":"2025-02-14T20:56:49","date_gmt":"2025-02-14T23:56:49","guid":{"rendered":"https:\/\/apuntesdesanluis.com\/?p=29178"},"modified":"2025-02-14T20:56:49","modified_gmt":"2025-02-14T23:56:49","slug":"preocupacion-por-la-salud-del-papa-francisco-primer-parte-medico-del-hospital-gemelli","status":"publish","type":"post","link":"https:\/\/apuntesdesanluis.com\/index.php\/2025\/02\/14\/preocupacion-por-la-salud-del-papa-francisco-primer-parte-medico-del-hospital-gemelli\/","title":{"rendered":"PREOCUPACI\u00d3N POR LA SALUD DEL PAPA FRANCISCO: PRIMER PARTE M\u00c9DICO DEL HOSPITAL GEMELLI"},"content":{"rendered":"<h3>La oficina de prensa de la Santa Sede confirm\u00f3 que el <strong>Papa Francisco<\/strong> fue internado en el <strong>hospital Gemelli<\/strong> de Roma tras un empeoramiento de su cuadro de bronquitis en los \u00faltimos d\u00edas.<\/h3>\n<h3>\u201cEl Santo Padre ha realizado pruebas especializadas y ha iniciado un tratamiento farmacol\u00f3gico hospitalario\u201d, comunicaron las autoridades vaticanas.<\/h3>\n<h3>Seg\u00fan el informe m\u00e9dico, las primeras pruebas revelaron una infecci\u00f3n en el tracto respiratorio. Si bien las condiciones cl\u00ednicas son estables, el Papa presenta una leve alteraci\u00f3n febril.<\/h3>\n<h3>El vocero del Vaticano, Matteo Bruni, asegur\u00f3 que Francisco &#8220;est\u00e1 tranquilo, de buen humor y ha le\u00eddo algunos peri\u00f3dicos&#8221;.<\/h3>\n<h3>La salud del Pont\u00edfice es motivo de atenci\u00f3n constante debido a sus antecedentes m\u00e9dicos. La internaci\u00f3n en el hospital Gemelli se suma a episodios anteriores en los que el Papa debi\u00f3 ser tratado por diversas afecciones.<\/h3>\n<h3><\/h3>\n<h3><\/h3>\n<h3><\/h3>\n<p>&nbsp;<\/p>\n","protected":false},"excerpt":{"rendered":"<p>La oficina de prensa de la Santa Sede confirm\u00f3 que el Papa Francisco fue internado&#8230;<\/p>\n","protected":false},"author":1,"featured_media":29179,"comment_status":"closed","ping_status":"closed","sticky":false,"template":"","format":"standard","meta":{"footnotes":""},"categories":[5],"tags":[],"class_list":["post-29178","post","type-post","status-publish","format-standard","has-post-thumbnail","hentry","category-nacionales-internacionales"],"yoast_head":"<!-- This site is optimized with the Yoast SEO plugin v26.1.1 - https:\/\/yoast.com\/wordpress\/plugins\/seo\/ -->\n<title>PREOCUPACI\u00d3N POR LA SALUD DEL PAPA FRANCISCO: PRIMER PARTE M\u00c9DICO DEL HOSPITAL GEMELLI - Apuntes de San Luis<\/title>\n<meta name=\"robots\" content=\"index, follow, max-snippet:-1, max-image-preview:large, max-video-preview:-1\" \/>\n<link rel=\"canonical\" href=\"https:\/\/apuntesdesanluis.com\/index.php\/2025\/02\/14\/preocupacion-por-la-salud-del-papa-francisco-primer-parte-medico-del-hospital-gemelli\/\" \/>\n<meta property=\"og:locale\" content=\"es_ES\" \/>\n<meta property=\"og:type\" content=\"article\" \/>\n<meta property=\"og:title\" content=\"PREOCUPACI\u00d3N POR LA SALUD DEL PAPA FRANCISCO: PRIMER PARTE M\u00c9DICO DEL HOSPITAL GEMELLI - Apuntes de San Luis\" \/>\n<meta property=\"og:description\" content=\"La oficina de prensa de la Santa Sede confirm\u00f3 que el Papa Francisco fue internado...\" \/>\n<meta property=\"og:url\" content=\"https:\/\/apuntesdesanluis.com\/index.php\/2025\/02\/14\/preocupacion-por-la-salud-del-papa-francisco-primer-parte-medico-del-hospital-gemelli\/\" \/>\n<meta property=\"og:site_name\" content=\"Apuntes de San Luis\" \/>\n<meta property=\"article:published_time\" content=\"2025-02-14T23:56:49+00:00\" \/>\n<meta property=\"og:image\" content=\"https:\/\/apuntesdesanluis.com\/wp-content\/uploads\/2025\/02\/francisco.png\" \/>\n\t<meta property=\"og:image:width\" content=\"776\" \/>\n\t<meta property=\"og:image:height\" content=\"460\" \/>\n\t<meta property=\"og:image:type\" content=\"image\/png\" \/>\n<meta name=\"author\" content=\"apuntesdesanluis.com\" \/>\n<meta name=\"twitter:card\" content=\"summary_large_image\" \/>\n<meta name=\"twitter:label1\" content=\"Escrito por\" \/>\n\t<meta name=\"twitter:data1\" content=\"apuntesdesanluis.com\" \/>\n\t<meta name=\"twitter:label2\" content=\"Tiempo de lectura\" \/>\n\t<meta name=\"twitter:data2\" content=\"1 minuto\" \/>\n<script type=\"application\/ld+json\" class=\"yoast-schema-graph\">{\"@context\":\"https:\/\/schema.org\",\"@graph\":[{\"@type\":\"Article\",\"@id\":\"https:\/\/apuntesdesanluis.com\/index.php\/2025\/02\/14\/preocupacion-por-la-salud-del-papa-francisco-primer-parte-medico-del-hospital-gemelli\/#article\",\"isPartOf\":{\"@id\":\"https:\/\/apuntesdesanluis.com\/index.php\/2025\/02\/14\/preocupacion-por-la-salud-del-papa-francisco-primer-parte-medico-del-hospital-gemelli\/\"},\"author\":{\"name\":\"apuntesdesanluis.com\",\"@id\":\"https:\/\/apuntesdesanluis.com\/#\/schema\/person\/b55151d52296fcce64d1a72538a70b90\"},\"headline\":\"PREOCUPACI\u00d3N POR LA SALUD DEL PAPA FRANCISCO: PRIMER PARTE M\u00c9DICO DEL HOSPITAL GEMELLI\",\"datePublished\":\"2025-02-14T23:56:49+00:00\",\"mainEntityOfPage\":{\"@id\":\"https:\/\/apuntesdesanluis.com\/index.php\/2025\/02\/14\/preocupacion-por-la-salud-del-papa-francisco-primer-parte-medico-del-hospital-gemelli\/\"},\"wordCount\":163,\"publisher\":{\"@id\":\"https:\/\/apuntesdesanluis.com\/#\/schema\/person\/b55151d52296fcce64d1a72538a70b90\"},\"image\":{\"@id\":\"https:\/\/apuntesdesanluis.com\/index.php\/2025\/02\/14\/preocupacion-por-la-salud-del-papa-francisco-primer-parte-medico-del-hospital-gemelli\/#primaryimage\"},\"thumbnailUrl\":\"https:\/\/apuntesdesanluis.com\/wp-content\/uploads\/2025\/02\/francisco.png\",\"articleSection\":[\"Nacionales\/Internacionales\"],\"inLanguage\":\"es-AR\"},{\"@type\":\"WebPage\",\"@id\":\"https:\/\/apuntesdesanluis.com\/index.php\/2025\/02\/14\/preocupacion-por-la-salud-del-papa-francisco-primer-parte-medico-del-hospital-gemelli\/\",\"url\":\"https:\/\/apuntesdesanluis.com\/index.php\/2025\/02\/14\/preocupacion-por-la-salud-del-papa-francisco-primer-parte-medico-del-hospital-gemelli\/\",\"name\":\"PREOCUPACI\u00d3N POR LA SALUD DEL PAPA FRANCISCO: PRIMER PARTE M\u00c9DICO DEL HOSPITAL GEMELLI - Apuntes de San Luis\",\"isPartOf\":{\"@id\":\"https:\/\/apuntesdesanluis.com\/#website\"},\"primaryImageOfPage\":{\"@id\":\"https:\/\/apuntesdesanluis.com\/index.php\/2025\/02\/14\/preocupacion-por-la-salud-del-papa-francisco-primer-parte-medico-del-hospital-gemelli\/#primaryimage\"},\"image\":{\"@id\":\"https:\/\/apuntesdesanluis.com\/index.php\/2025\/02\/14\/preocupacion-por-la-salud-del-papa-francisco-primer-parte-medico-del-hospital-gemelli\/#primaryimage\"},\"thumbnailUrl\":\"https:\/\/apuntesdesanluis.com\/wp-content\/uploads\/2025\/02\/francisco.png\",\"datePublished\":\"2025-02-14T23:56:49+00:00\",\"breadcrumb\":{\"@id\":\"https:\/\/apuntesdesanluis.com\/index.php\/2025\/02\/14\/preocupacion-por-la-salud-del-papa-francisco-primer-parte-medico-del-hospital-gemelli\/#breadcrumb\"},\"inLanguage\":\"es-AR\",\"potentialAction\":[{\"@type\":\"ReadAction\",\"target\":[\"https:\/\/apuntesdesanluis.com\/index.php\/2025\/02\/14\/preocupacion-por-la-salud-del-papa-francisco-primer-parte-medico-del-hospital-gemelli\/\"]}]},{\"@type\":\"ImageObject\",\"inLanguage\":\"es-AR\",\"@id\":\"https:\/\/apuntesdesanluis.com\/index.php\/2025\/02\/14\/preocupacion-por-la-salud-del-papa-francisco-primer-parte-medico-del-hospital-gemelli\/#primaryimage\",\"url\":\"https:\/\/apuntesdesanluis.com\/wp-content\/uploads\/2025\/02\/francisco.png\",\"contentUrl\":\"https:\/\/apuntesdesanluis.com\/wp-content\/uploads\/2025\/02\/francisco.png\",\"width\":776,\"height\":460},{\"@type\":\"BreadcrumbList\",\"@id\":\"https:\/\/apuntesdesanluis.com\/index.php\/2025\/02\/14\/preocupacion-por-la-salud-del-papa-francisco-primer-parte-medico-del-hospital-gemelli\/#breadcrumb\",\"itemListElement\":[{\"@type\":\"ListItem\",\"position\":1,\"name\":\"Inicio\",\"item\":\"https:\/\/apuntesdesanluis.com\/\"},{\"@type\":\"ListItem\",\"position\":2,\"name\":\"PREOCUPACI\u00d3N POR LA SALUD DEL PAPA FRANCISCO: PRIMER PARTE M\u00c9DICO DEL HOSPITAL GEMELLI\"}]},{\"@type\":\"WebSite\",\"@id\":\"https:\/\/apuntesdesanluis.com\/#website\",\"url\":\"https:\/\/apuntesdesanluis.com\/\",\"name\":\"Apuntes de San Luis\",\"description\":\"\",\"publisher\":{\"@id\":\"https:\/\/apuntesdesanluis.com\/#\/schema\/person\/b55151d52296fcce64d1a72538a70b90\"},\"potentialAction\":[{\"@type\":\"SearchAction\",\"target\":{\"@type\":\"EntryPoint\",\"urlTemplate\":\"https:\/\/apuntesdesanluis.com\/?s={search_term_string}\"},\"query-input\":{\"@type\":\"PropertyValueSpecification\",\"valueRequired\":true,\"valueName\":\"search_term_string\"}}],\"inLanguage\":\"es-AR\"},{\"@type\":[\"Person\",\"Organization\"],\"@id\":\"https:\/\/apuntesdesanluis.com\/#\/schema\/person\/b55151d52296fcce64d1a72538a70b90\",\"name\":\"apuntesdesanluis.com\",\"image\":{\"@type\":\"ImageObject\",\"inLanguage\":\"es-AR\",\"@id\":\"https:\/\/apuntesdesanluis.com\/#\/schema\/person\/image\/\",\"url\":\"https:\/\/apuntesdesanluis.com\/wp-content\/uploads\/2023\/07\/cropped-apuntesdesanluis.png\",\"contentUrl\":\"https:\/\/apuntesdesanluis.com\/wp-content\/uploads\/2023\/07\/cropped-apuntesdesanluis.png\",\"width\":450,\"height\":112,\"caption\":\"apuntesdesanluis.com\"},\"logo\":{\"@id\":\"https:\/\/apuntesdesanluis.com\/#\/schema\/person\/image\/\"},\"sameAs\":[\"https:\/\/apuntesdesanluis.com\"],\"url\":\"https:\/\/apuntesdesanluis.com\/index.php\/author\/apuntesdesanluis-com\/\"}]}<\/script>\n<!-- \/ Yoast SEO plugin. -->","yoast_head_json":{"title":"PREOCUPACI\u00d3N POR LA SALUD DEL PAPA FRANCISCO: PRIMER PARTE M\u00c9DICO DEL HOSPITAL GEMELLI - Apuntes de San Luis","robots":{"index":"index","follow":"follow","max-snippet":"max-snippet:-1","max-image-preview":"max-image-preview:large","max-video-preview":"max-video-preview:-1"},"canonical":"https:\/\/apuntesdesanluis.com\/index.php\/2025\/02\/14\/preocupacion-por-la-salud-del-papa-francisco-primer-parte-medico-del-hospital-gemelli\/","og_locale":"es_ES","og_type":"article","og_title":"PREOCUPACI\u00d3N POR LA SALUD DEL PAPA FRANCISCO: PRIMER PARTE M\u00c9DICO DEL HOSPITAL GEMELLI - Apuntes de San Luis","og_description":"La oficina de prensa de la Santa Sede confirm\u00f3 que el Papa Francisco fue internado...","og_url":"https:\/\/apuntesdesanluis.com\/index.php\/2025\/02\/14\/preocupacion-por-la-salud-del-papa-francisco-primer-parte-medico-del-hospital-gemelli\/","og_site_name":"Apuntes de San Luis","article_published_time":"2025-02-14T23:56:49+00:00","og_image":[{"width":776,"height":460,"url":"https:\/\/apuntesdesanluis.com\/wp-content\/uploads\/2025\/02\/francisco.png","type":"image\/png"}],"author":"apuntesdesanluis.com","twitter_card":"summary_large_image","twitter_misc":{"Escrito por":"apuntesdesanluis.com","Tiempo de lectura":"1 minuto"},"schema":{"@context":"https:\/\/schema.org","@graph":[{"@type":"Article","@id":"https:\/\/apuntesdesanluis.com\/index.php\/2025\/02\/14\/preocupacion-por-la-salud-del-papa-francisco-primer-parte-medico-del-hospital-gemelli\/#article","isPartOf":{"@id":"https:\/\/apuntesdesanluis.com\/index.php\/2025\/02\/14\/preocupacion-por-la-salud-del-papa-francisco-primer-parte-medico-del-hospital-gemelli\/"},"author":{"name":"apuntesdesanluis.com","@id":"https:\/\/apuntesdesanluis.com\/#\/schema\/person\/b55151d52296fcce64d1a72538a70b90"},"headline":"PREOCUPACI\u00d3N POR LA SALUD DEL PAPA FRANCISCO: PRIMER PARTE M\u00c9DICO DEL HOSPITAL GEMELLI","datePublished":"2025-02-14T23:56:49+00:00","mainEntityOfPage":{"@id":"https:\/\/apuntesdesanluis.com\/index.php\/2025\/02\/14\/preocupacion-por-la-salud-del-papa-francisco-primer-parte-medico-del-hospital-gemelli\/"},"wordCount":163,"publisher":{"@id":"https:\/\/apuntesdesanluis.com\/#\/schema\/person\/b55151d52296fcce64d1a72538a70b90"},"image":{"@id":"https:\/\/apuntesdesanluis.com\/index.php\/2025\/02\/14\/preocupacion-por-la-salud-del-papa-francisco-primer-parte-medico-del-hospital-gemelli\/#primaryimage"},"thumbnailUrl":"https:\/\/apuntesdesanluis.com\/wp-content\/uploads\/2025\/02\/francisco.png","articleSection":["Nacionales\/Internacionales"],"inLanguage":"es-AR"},{"@type":"WebPage","@id":"https:\/\/apuntesdesanluis.com\/index.php\/2025\/02\/14\/preocupacion-por-la-salud-del-papa-francisco-primer-parte-medico-del-hospital-gemelli\/","url":"https:\/\/apuntesdesanluis.com\/index.php\/2025\/02\/14\/preocupacion-por-la-salud-del-papa-francisco-primer-parte-medico-del-hospital-gemelli\/","name":"PREOCUPACI\u00d3N POR LA SALUD DEL PAPA FRANCISCO: PRIMER PARTE M\u00c9DICO DEL HOSPITAL GEMELLI - Apuntes de San Luis","isPartOf":{"@id":"https:\/\/apuntesdesanluis.com\/#website"},"primaryImageOfPage":{"@id":"https:\/\/apuntesdesanluis.com\/index.php\/2025\/02\/14\/preocupacion-por-la-salud-del-papa-francisco-primer-parte-medico-del-hospital-gemelli\/#primaryimage"},"image":{"@id":"https:\/\/apuntesdesanluis.com\/index.php\/2025\/02\/14\/preocupacion-por-la-salud-del-papa-francisco-primer-parte-medico-del-hospital-gemelli\/#primaryimage"},"thumbnailUrl":"https:\/\/apuntesdesanluis.com\/wp-content\/uploads\/2025\/02\/francisco.png","datePublished":"2025-02-14T23:56:49+00:00","breadcrumb":{"@id":"https:\/\/apuntesdesanluis.com\/index.php\/2025\/02\/14\/preocupacion-por-la-salud-del-papa-francisco-primer-parte-medico-del-hospital-gemelli\/#breadcrumb"},"inLanguage":"es-AR","potentialAction":[{"@type":"ReadAction","target":["https:\/\/apuntesdesanluis.com\/index.php\/2025\/02\/14\/preocupacion-por-la-salud-del-papa-francisco-primer-parte-medico-del-hospital-gemelli\/"]}]},{"@type":"ImageObject","inLanguage":"es-AR","@id":"https:\/\/apuntesdesanluis.com\/index.php\/2025\/02\/14\/preocupacion-por-la-salud-del-papa-francisco-primer-parte-medico-del-hospital-gemelli\/#primaryimage","url":"https:\/\/apuntesdesanluis.com\/wp-content\/uploads\/2025\/02\/francisco.png","contentUrl":"https:\/\/apuntesdesanluis.com\/wp-content\/uploads\/2025\/02\/francisco.png","width":776,"height":460},{"@type":"BreadcrumbList","@id":"https:\/\/apuntesdesanluis.com\/index.php\/2025\/02\/14\/preocupacion-por-la-salud-del-papa-francisco-primer-parte-medico-del-hospital-gemelli\/#breadcrumb","itemListElement":[{"@type":"ListItem","position":1,"name":"Inicio","item":"https:\/\/apuntesdesanluis.com\/"},{"@type":"ListItem","position":2,"name":"PREOCUPACI\u00d3N POR LA SALUD DEL PAPA FRANCISCO: PRIMER PARTE M\u00c9DICO DEL HOSPITAL GEMELLI"}]},{"@type":"WebSite","@id":"https:\/\/apuntesdesanluis.com\/#website","url":"https:\/\/apuntesdesanluis.com\/","name":"Apuntes de San Luis","description":"","publisher":{"@id":"https:\/\/apuntesdesanluis.com\/#\/schema\/person\/b55151d52296fcce64d1a72538a70b90"},"potentialAction":[{"@type":"SearchAction","target":{"@type":"EntryPoint","urlTemplate":"https:\/\/apuntesdesanluis.com\/?s={search_term_string}"},"query-input":{"@type":"PropertyValueSpecification","valueRequired":true,"valueName":"search_term_string"}}],"inLanguage":"es-AR"},{"@type":["Person","Organization"],"@id":"https:\/\/apuntesdesanluis.com\/#\/schema\/person\/b55151d52296fcce64d1a72538a70b90","name":"apuntesdesanluis.com","image":{"@type":"ImageObject","inLanguage":"es-AR","@id":"https:\/\/apuntesdesanluis.com\/#\/schema\/person\/image\/","url":"https:\/\/apuntesdesanluis.com\/wp-content\/uploads\/2023\/07\/cropped-apuntesdesanluis.png","contentUrl":"https:\/\/apuntesdesanluis.com\/wp-content\/uploads\/2023\/07\/cropped-apuntesdesanluis.png","width":450,"height":112,"caption":"apuntesdesanluis.com"},"logo":{"@id":"https:\/\/apuntesdesanluis.com\/#\/schema\/person\/image\/"},"sameAs":["https:\/\/apuntesdesanluis.com"],"url":"https:\/\/apuntesdesanluis.com\/index.php\/author\/apuntesdesanluis-com\/"}]}},"featured_image_urls":{"full":["https:\/\/apuntesdesanluis.com\/wp-content\/uploads\/2025\/02\/francisco.png",776,460,false],"thumbnail":["https:\/\/apuntesdesanluis.com\/wp-content\/uploads\/2025\/02\/francisco-150x150.png",150,150,true],"medium":["https:\/\/apuntesdesanluis.com\/wp-content\/uploads\/2025\/02\/francisco-300x178.png",300,178,true],"medium_large":["https:\/\/apuntesdesanluis.com\/wp-content\/uploads\/2025\/02\/francisco-768x455.png",640,379,true],"large":["https:\/\/apuntesdesanluis.com\/wp-content\/uploads\/2025\/02\/francisco.png",640,379,false],"1536x1536":["https:\/\/apuntesdesanluis.com\/wp-content\/uploads\/2025\/02\/francisco.png",776,460,false],"2048x2048":["https:\/\/apuntesdesanluis.com\/wp-content\/uploads\/2025\/02\/francisco.png",776,460,false],"newsever-slider-full":["https:\/\/apuntesdesanluis.com\/wp-content\/uploads\/2025\/02\/francisco.png",776,460,false],"newsever-featured":["https:\/\/apuntesdesanluis.com\/wp-content\/uploads\/2025\/02\/francisco.png",776,460,false],"newsever-medium":["https:\/\/apuntesdesanluis.com\/wp-content\/uploads\/2025\/02\/francisco-720x460.png",720,460,true]},"author_info":{"display_name":"apuntesdesanluis.com","author_link":"https:\/\/apuntesdesanluis.com\/index.php\/author\/apuntesdesanluis-com\/"},"category_info":"<a href=\"https:\/\/apuntesdesanluis.com\/index.php\/category\/nacionales-internacionales\/\" rel=\"category tag\">Nacionales\/Internacionales<\/a>","tag_info":"Nacionales\/Internacionales","comment_count":"0","_links":{"self":[{"href":"https:\/\/apuntesdesanluis.com\/index.php\/wp-json\/wp\/v2\/posts\/29178","targetHints":{"allow":["GET"]}}],"collection":[{"href":"https:\/\/apuntesdesanluis.com\/index.php\/wp-json\/wp\/v2\/posts"}],"about":[{"href":"https:\/\/apuntesdesanluis.com\/index.php\/wp-json\/wp\/v2\/types\/post"}],"author":[{"embeddable":true,"href":"https:\/\/apuntesdesanluis.com\/index.php\/wp-json\/wp\/v2\/users\/1"}],"replies":[{"embeddable":true,"href":"https:\/\/apuntesdesanluis.com\/index.php\/wp-json\/wp\/v2\/comments?post=29178"}],"version-history":[{"count":1,"href":"https:\/\/apuntesdesanluis.com\/index.php\/wp-json\/wp\/v2\/posts\/29178\/revisions"}],"predecessor-version":[{"id":29180,"href":"https:\/\/apuntesdesanluis.com\/index.php\/wp-json\/wp\/v2\/posts\/29178\/revisions\/29180"}],"wp:featuredmedia":[{"embeddable":true,"href":"https:\/\/apuntesdesanluis.com\/index.php\/wp-json\/wp\/v2\/media\/29179"}],"wp:attachment":[{"href":"https:\/\/apuntesdesanluis.com\/index.php\/wp-json\/wp\/v2\/media?parent=29178"}],"wp:term":[{"taxonomy":"category","embeddable":true,"href":"https:\/\/apuntesdesanluis.com\/index.php\/wp-json\/wp\/v2\/categories?post=29178"},{"taxonomy":"post_tag","embeddable":true,"href":"https:\/\/apuntesdesanluis.com\/index.php\/wp-json\/wp\/v2\/tags?post=29178"}],"curies":[{"name":"wp","href":"https:\/\/api.w.org\/{rel}","templated":true}]}}