{"id":29195,"date":"2025-02-15T10:17:36","date_gmt":"2025-02-15T13:17:36","guid":{"rendered":"https:\/\/apuntesdesanluis.com\/?p=29195"},"modified":"2025-02-15T10:17:36","modified_gmt":"2025-02-15T13:17:36","slug":"luego-del-papelon-no-sabia-los-pormenores-dijo-milei-y-borro-el-posteo","status":"publish","type":"post","link":"https:\/\/apuntesdesanluis.com\/index.php\/2025\/02\/15\/luego-del-papelon-no-sabia-los-pormenores-dijo-milei-y-borro-el-posteo\/","title":{"rendered":"LUEGO DEL PAPEL\u00d3N: &#8220;NO SAB\u00cdA LOS PORMENORES&#8221;, DIJO MILEI Y BORR\u00d3 EL POSTEO"},"content":{"rendered":"<h3>El presidente <strong>Javier Milei<\/strong> elimin\u00f3 el tuit en el que promocionaba el token cripto $LIBRA, vinculado al proyecto Viva La Libertad Project, tras reconocer que no estaba al tanto de los &#8220;pormenores&#8221; de la iniciativa. En un nuevo mensaje, explic\u00f3 su decisi\u00f3n y apunt\u00f3 directamente contra la &#8220;casta pol\u00edtica&#8221; por intentar sacar r\u00e9dito del episodio.<\/h3>\n<h3><img fetchpriority=\"high\" decoding=\"async\" class=\"wp-image-29196 aligncenter\" src=\"https:\/\/apuntesdesanluis.com\/wp-content\/uploads\/2025\/02\/desmentida-266x300.png\" alt=\"\" width=\"599\" height=\"676\" srcset=\"https:\/\/apuntesdesanluis.com\/wp-content\/uploads\/2025\/02\/desmentida-266x300.png 266w, https:\/\/apuntesdesanluis.com\/wp-content\/uploads\/2025\/02\/desmentida.png 670w\" sizes=\"(max-width: 599px) 100vw, 599px\" \/><\/h3>\n<h3><strong>\u00bfC\u00d3MO FUNCIONABA EL PROYECTO?<\/strong><\/h3>\n<h3>Este viernes Milei sorprendi\u00f3 al anunciar en X (ex Twitter) el lanzamiento de Viva La Libertad Project, una iniciativa presentada como un puente entre inversores internacionales y emprendedores argentinos, a trav\u00e9s del token $LIBRA.<\/h3>\n<h3>En su publicaci\u00f3n original, el presidente describi\u00f3 el proyecto como una herramienta para financiar peque\u00f1as empresas y startups. Poco despu\u00e9s, confirm\u00f3 a Bloomberg L\u00ednea que el proyecto era real y que implicaba &#8220;puro financiamiento privado&#8221;, aunque aclar\u00f3 que no estaba directamente involucrado en su desarrollo.<\/h3>\n<h3>Seg\u00fan la web oficial de Viva La Libertad Project, el token $LIBRA operaba en la blockchain de Solana, y promet\u00eda financiar proyectos locales a trav\u00e9s de un formulario de registro online. Sin embargo, no especificaba criterios de selecci\u00f3n ni detalles t\u00e9cnicos sobre la distribuci\u00f3n de los fondos, lo que despert\u00f3 dudas en el mundo cripto.<\/h3>\n<h3>El sitio tambi\u00e9n ofrec\u00eda una direcci\u00f3n de contacto con un correo de Gmail, lo que gener\u00f3 cr\u00edticas y sospechas sobre la seriedad del proyecto.<\/h3>\n<h3><strong>POL\u00c9MICA Y REACCIONES<\/strong><\/h3>\n<h3>El anuncio del token gener\u00f3 fuertes reacciones. Desde la comunidad cripto, el influencer <strong>Javier Bastardo<\/strong> le pregunt\u00f3 directamente a Milei si le hab\u00edan hackeado la cuenta. La trader Lady Market advirti\u00f3 que el token &#8220;ten\u00eda dos cuentas con el 70% del supply&#8221; y pidi\u00f3 explicaciones.<\/h3>\n<h3>Uno de los m\u00e1s cr\u00edticos fue el economista liberal Carlos <strong>Maslat\u00f3n<\/strong>, quien acus\u00f3 p\u00fablicamente a Milei de estar &#8220;directamente involucrado en un fraude criptogr\u00e1fico&#8221; y calific\u00f3 el episodio como &#8220;causal de juicio pol\u00edtico&#8221;.<\/h3>\n<h3>Durante el tiempo que estuvo publicado el posteo hubo criticas pol\u00edticas. Uno de ellos fue <strong>Mart\u00edn Lousteau<\/strong> quien advirti\u00f3 sobre la criptomoneda y plante\u00f3: \u201cVamos a exigir que los organismos responsables auditen para que se pueda saber qui\u00e9nes son los que lucraron a costa de argentinos que creyeron en el posteo del Presidente\u201d.<\/h3>\n<h3>Mientras que <strong>Maximiliano Ferraro<\/strong> consider\u00f3 que \u201csi esto no fue un hackeo (hace tres horas, el Presidente mantiene un post fijado en su cuenta oficial de X y, hasta el momento, ning\u00fan funcionario ni el propio Milei han salido a desmentirlo), entonces estamos ante un hecho grav\u00edsimo y escandaloso\u201d.<\/h3>\n<h3>Desde el entorno presidencial, confirmaron a Agencia Noticias Argentinas que no hubo hackeo de la cuenta del presidente, desmintiendo las especulaciones iniciales.<\/h3>\n<h3><strong>TENDENCIA<\/strong><\/h3>\n<h3>Queda ver en las pr\u00f3ximas horas, entonces, hasta donde llegan las esquirlas de semejante paso en falso. Pese al control de da\u00f1os, con los habituales posteos de militantes libertarios &#8220;elogiando&#8221; al mandatario en medio del desastre causado por su posteo, el costo definitivo del tema todav\u00eda resulta imposible de medir.<\/h3>\n<h3>La cantidad de dinero que se haya &#8220;esfumado&#8221; en ese s\u00fabito movimiento de $LIBRA, primero de suba y luego de baja abrupta, tal vez juegue un papel importante, y habr\u00e1 que ver el volumen de las denuncias judiciales que el tema genere, posiblemente relacionado en su virulencia con las cifras que se vayan conociendo.<\/h3>\n<h3>El hecho de que se repitieran en los mensajes conceptos como &#8220;Presidente Ponzi&#8221; o #MileiEstafador, incluso esta \u00faltima como primera tendencia nacional hasta medianoche, habla de un esc\u00e1ndalo &#8220;en desarrollo&#8221;. Veremos entonces hasta donde llega, y si hay nuevas &#8220;aclaraciones&#8221; presidenciales. O qu\u00e9 dice el vocero Manuel Adorni, de sonoro silencio desde las 18 de este viernes tenso.<\/h3>\n<p>&nbsp;<\/p>\n<p>&nbsp;<\/p>\n<p>&nbsp;<\/p>\n<h3><\/h3>\n<p>&nbsp;<\/p>\n<p>&nbsp;<\/p>\n<p>&nbsp;<\/p>\n","protected":false},"excerpt":{"rendered":"<p>El presidente Javier Milei elimin\u00f3 el tuit en el que promocionaba el token cripto $LIBRA,&#8230;<\/p>\n","protected":false},"author":1,"featured_media":17464,"comment_status":"closed","ping_status":"closed","sticky":false,"template":"","format":"standard","meta":{"footnotes":""},"categories":[5],"tags":[],"class_list":["post-29195","post","type-post","status-publish","format-standard","has-post-thumbnail","hentry","category-nacionales-internacionales"],"yoast_head":"<!-- This site is optimized with the Yoast SEO plugin v26.1.1 - https:\/\/yoast.com\/wordpress\/plugins\/seo\/ -->\n<title>LUEGO DEL PAPEL\u00d3N: &quot;NO SAB\u00cdA LOS PORMENORES&quot;, DIJO MILEI Y BORR\u00d3 EL POSTEO - Apuntes de San Luis<\/title>\n<meta name=\"robots\" content=\"index, follow, max-snippet:-1, max-image-preview:large, max-video-preview:-1\" \/>\n<link rel=\"canonical\" href=\"https:\/\/apuntesdesanluis.com\/index.php\/2025\/02\/15\/luego-del-papelon-no-sabia-los-pormenores-dijo-milei-y-borro-el-posteo\/\" \/>\n<meta property=\"og:locale\" content=\"es_ES\" \/>\n<meta property=\"og:type\" content=\"article\" \/>\n<meta property=\"og:title\" content=\"LUEGO DEL PAPEL\u00d3N: &quot;NO SAB\u00cdA LOS PORMENORES&quot;, DIJO MILEI Y BORR\u00d3 EL POSTEO - Apuntes de San Luis\" \/>\n<meta property=\"og:description\" content=\"El presidente Javier Milei elimin\u00f3 el tuit en el que promocionaba el token cripto $LIBRA,...\" \/>\n<meta property=\"og:url\" content=\"https:\/\/apuntesdesanluis.com\/index.php\/2025\/02\/15\/luego-del-papelon-no-sabia-los-pormenores-dijo-milei-y-borro-el-posteo\/\" \/>\n<meta property=\"og:site_name\" content=\"Apuntes de San Luis\" \/>\n<meta property=\"article:published_time\" content=\"2025-02-15T13:17:36+00:00\" \/>\n<meta property=\"og:image\" content=\"https:\/\/apuntesdesanluis.com\/wp-content\/uploads\/2024\/06\/MILEI-1.png\" \/>\n\t<meta property=\"og:image:width\" content=\"766\" \/>\n\t<meta property=\"og:image:height\" content=\"506\" \/>\n\t<meta property=\"og:image:type\" content=\"image\/png\" \/>\n<meta name=\"author\" content=\"apuntesdesanluis.com\" \/>\n<meta name=\"twitter:card\" content=\"summary_large_image\" \/>\n<meta name=\"twitter:label1\" content=\"Escrito por\" \/>\n\t<meta name=\"twitter:data1\" content=\"apuntesdesanluis.com\" \/>\n\t<meta name=\"twitter:label2\" content=\"Tiempo de lectura\" \/>\n\t<meta name=\"twitter:data2\" content=\"4 minutos\" \/>\n<script type=\"application\/ld+json\" class=\"yoast-schema-graph\">{\"@context\":\"https:\/\/schema.org\",\"@graph\":[{\"@type\":\"Article\",\"@id\":\"https:\/\/apuntesdesanluis.com\/index.php\/2025\/02\/15\/luego-del-papelon-no-sabia-los-pormenores-dijo-milei-y-borro-el-posteo\/#article\",\"isPartOf\":{\"@id\":\"https:\/\/apuntesdesanluis.com\/index.php\/2025\/02\/15\/luego-del-papelon-no-sabia-los-pormenores-dijo-milei-y-borro-el-posteo\/\"},\"author\":{\"name\":\"apuntesdesanluis.com\",\"@id\":\"https:\/\/apuntesdesanluis.com\/#\/schema\/person\/b55151d52296fcce64d1a72538a70b90\"},\"headline\":\"LUEGO DEL PAPEL\u00d3N: &#8220;NO SAB\u00cdA LOS PORMENORES&#8221;, DIJO MILEI Y BORR\u00d3 EL POSTEO\",\"datePublished\":\"2025-02-15T13:17:36+00:00\",\"mainEntityOfPage\":{\"@id\":\"https:\/\/apuntesdesanluis.com\/index.php\/2025\/02\/15\/luego-del-papelon-no-sabia-los-pormenores-dijo-milei-y-borro-el-posteo\/\"},\"wordCount\":642,\"publisher\":{\"@id\":\"https:\/\/apuntesdesanluis.com\/#\/schema\/person\/b55151d52296fcce64d1a72538a70b90\"},\"image\":{\"@id\":\"https:\/\/apuntesdesanluis.com\/index.php\/2025\/02\/15\/luego-del-papelon-no-sabia-los-pormenores-dijo-milei-y-borro-el-posteo\/#primaryimage\"},\"thumbnailUrl\":\"https:\/\/apuntesdesanluis.com\/wp-content\/uploads\/2024\/06\/MILEI-1.png\",\"articleSection\":[\"Nacionales\/Internacionales\"],\"inLanguage\":\"es-AR\"},{\"@type\":\"WebPage\",\"@id\":\"https:\/\/apuntesdesanluis.com\/index.php\/2025\/02\/15\/luego-del-papelon-no-sabia-los-pormenores-dijo-milei-y-borro-el-posteo\/\",\"url\":\"https:\/\/apuntesdesanluis.com\/index.php\/2025\/02\/15\/luego-del-papelon-no-sabia-los-pormenores-dijo-milei-y-borro-el-posteo\/\",\"name\":\"LUEGO DEL PAPEL\u00d3N: \\\"NO SAB\u00cdA LOS PORMENORES\\\", DIJO MILEI Y BORR\u00d3 EL POSTEO - Apuntes de San Luis\",\"isPartOf\":{\"@id\":\"https:\/\/apuntesdesanluis.com\/#website\"},\"primaryImageOfPage\":{\"@id\":\"https:\/\/apuntesdesanluis.com\/index.php\/2025\/02\/15\/luego-del-papelon-no-sabia-los-pormenores-dijo-milei-y-borro-el-posteo\/#primaryimage\"},\"image\":{\"@id\":\"https:\/\/apuntesdesanluis.com\/index.php\/2025\/02\/15\/luego-del-papelon-no-sabia-los-pormenores-dijo-milei-y-borro-el-posteo\/#primaryimage\"},\"thumbnailUrl\":\"https:\/\/apuntesdesanluis.com\/wp-content\/uploads\/2024\/06\/MILEI-1.png\",\"datePublished\":\"2025-02-15T13:17:36+00:00\",\"breadcrumb\":{\"@id\":\"https:\/\/apuntesdesanluis.com\/index.php\/2025\/02\/15\/luego-del-papelon-no-sabia-los-pormenores-dijo-milei-y-borro-el-posteo\/#breadcrumb\"},\"inLanguage\":\"es-AR\",\"potentialAction\":[{\"@type\":\"ReadAction\",\"target\":[\"https:\/\/apuntesdesanluis.com\/index.php\/2025\/02\/15\/luego-del-papelon-no-sabia-los-pormenores-dijo-milei-y-borro-el-posteo\/\"]}]},{\"@type\":\"ImageObject\",\"inLanguage\":\"es-AR\",\"@id\":\"https:\/\/apuntesdesanluis.com\/index.php\/2025\/02\/15\/luego-del-papelon-no-sabia-los-pormenores-dijo-milei-y-borro-el-posteo\/#primaryimage\",\"url\":\"https:\/\/apuntesdesanluis.com\/wp-content\/uploads\/2024\/06\/MILEI-1.png\",\"contentUrl\":\"https:\/\/apuntesdesanluis.com\/wp-content\/uploads\/2024\/06\/MILEI-1.png\",\"width\":766,\"height\":506},{\"@type\":\"BreadcrumbList\",\"@id\":\"https:\/\/apuntesdesanluis.com\/index.php\/2025\/02\/15\/luego-del-papelon-no-sabia-los-pormenores-dijo-milei-y-borro-el-posteo\/#breadcrumb\",\"itemListElement\":[{\"@type\":\"ListItem\",\"position\":1,\"name\":\"Inicio\",\"item\":\"https:\/\/apuntesdesanluis.com\/\"},{\"@type\":\"ListItem\",\"position\":2,\"name\":\"LUEGO DEL PAPEL\u00d3N: &#8220;NO SAB\u00cdA LOS PORMENORES&#8221;, DIJO MILEI Y BORR\u00d3 EL POSTEO\"}]},{\"@type\":\"WebSite\",\"@id\":\"https:\/\/apuntesdesanluis.com\/#website\",\"url\":\"https:\/\/apuntesdesanluis.com\/\",\"name\":\"Apuntes de San Luis\",\"description\":\"\",\"publisher\":{\"@id\":\"https:\/\/apuntesdesanluis.com\/#\/schema\/person\/b55151d52296fcce64d1a72538a70b90\"},\"potentialAction\":[{\"@type\":\"SearchAction\",\"target\":{\"@type\":\"EntryPoint\",\"urlTemplate\":\"https:\/\/apuntesdesanluis.com\/?s={search_term_string}\"},\"query-input\":{\"@type\":\"PropertyValueSpecification\",\"valueRequired\":true,\"valueName\":\"search_term_string\"}}],\"inLanguage\":\"es-AR\"},{\"@type\":[\"Person\",\"Organization\"],\"@id\":\"https:\/\/apuntesdesanluis.com\/#\/schema\/person\/b55151d52296fcce64d1a72538a70b90\",\"name\":\"apuntesdesanluis.com\",\"image\":{\"@type\":\"ImageObject\",\"inLanguage\":\"es-AR\",\"@id\":\"https:\/\/apuntesdesanluis.com\/#\/schema\/person\/image\/\",\"url\":\"https:\/\/apuntesdesanluis.com\/wp-content\/uploads\/2023\/07\/cropped-apuntesdesanluis.png\",\"contentUrl\":\"https:\/\/apuntesdesanluis.com\/wp-content\/uploads\/2023\/07\/cropped-apuntesdesanluis.png\",\"width\":450,\"height\":112,\"caption\":\"apuntesdesanluis.com\"},\"logo\":{\"@id\":\"https:\/\/apuntesdesanluis.com\/#\/schema\/person\/image\/\"},\"sameAs\":[\"https:\/\/apuntesdesanluis.com\"],\"url\":\"https:\/\/apuntesdesanluis.com\/index.php\/author\/apuntesdesanluis-com\/\"}]}<\/script>\n<!-- \/ Yoast SEO plugin. -->","yoast_head_json":{"title":"LUEGO DEL PAPEL\u00d3N: \"NO SAB\u00cdA LOS PORMENORES\", DIJO MILEI Y BORR\u00d3 EL POSTEO - Apuntes de San Luis","robots":{"index":"index","follow":"follow","max-snippet":"max-snippet:-1","max-image-preview":"max-image-preview:large","max-video-preview":"max-video-preview:-1"},"canonical":"https:\/\/apuntesdesanluis.com\/index.php\/2025\/02\/15\/luego-del-papelon-no-sabia-los-pormenores-dijo-milei-y-borro-el-posteo\/","og_locale":"es_ES","og_type":"article","og_title":"LUEGO DEL PAPEL\u00d3N: \"NO SAB\u00cdA LOS PORMENORES\", DIJO MILEI Y BORR\u00d3 EL POSTEO - Apuntes de San Luis","og_description":"El presidente Javier Milei elimin\u00f3 el tuit en el que promocionaba el token cripto $LIBRA,...","og_url":"https:\/\/apuntesdesanluis.com\/index.php\/2025\/02\/15\/luego-del-papelon-no-sabia-los-pormenores-dijo-milei-y-borro-el-posteo\/","og_site_name":"Apuntes de San Luis","article_published_time":"2025-02-15T13:17:36+00:00","og_image":[{"width":766,"height":506,"url":"https:\/\/apuntesdesanluis.com\/wp-content\/uploads\/2024\/06\/MILEI-1.png","type":"image\/png"}],"author":"apuntesdesanluis.com","twitter_card":"summary_large_image","twitter_misc":{"Escrito por":"apuntesdesanluis.com","Tiempo de lectura":"4 minutos"},"schema":{"@context":"https:\/\/schema.org","@graph":[{"@type":"Article","@id":"https:\/\/apuntesdesanluis.com\/index.php\/2025\/02\/15\/luego-del-papelon-no-sabia-los-pormenores-dijo-milei-y-borro-el-posteo\/#article","isPartOf":{"@id":"https:\/\/apuntesdesanluis.com\/index.php\/2025\/02\/15\/luego-del-papelon-no-sabia-los-pormenores-dijo-milei-y-borro-el-posteo\/"},"author":{"name":"apuntesdesanluis.com","@id":"https:\/\/apuntesdesanluis.com\/#\/schema\/person\/b55151d52296fcce64d1a72538a70b90"},"headline":"LUEGO DEL PAPEL\u00d3N: &#8220;NO SAB\u00cdA LOS PORMENORES&#8221;, DIJO MILEI Y BORR\u00d3 EL POSTEO","datePublished":"2025-02-15T13:17:36+00:00","mainEntityOfPage":{"@id":"https:\/\/apuntesdesanluis.com\/index.php\/2025\/02\/15\/luego-del-papelon-no-sabia-los-pormenores-dijo-milei-y-borro-el-posteo\/"},"wordCount":642,"publisher":{"@id":"https:\/\/apuntesdesanluis.com\/#\/schema\/person\/b55151d52296fcce64d1a72538a70b90"},"image":{"@id":"https:\/\/apuntesdesanluis.com\/index.php\/2025\/02\/15\/luego-del-papelon-no-sabia-los-pormenores-dijo-milei-y-borro-el-posteo\/#primaryimage"},"thumbnailUrl":"https:\/\/apuntesdesanluis.com\/wp-content\/uploads\/2024\/06\/MILEI-1.png","articleSection":["Nacionales\/Internacionales"],"inLanguage":"es-AR"},{"@type":"WebPage","@id":"https:\/\/apuntesdesanluis.com\/index.php\/2025\/02\/15\/luego-del-papelon-no-sabia-los-pormenores-dijo-milei-y-borro-el-posteo\/","url":"https:\/\/apuntesdesanluis.com\/index.php\/2025\/02\/15\/luego-del-papelon-no-sabia-los-pormenores-dijo-milei-y-borro-el-posteo\/","name":"LUEGO DEL PAPEL\u00d3N: \"NO SAB\u00cdA LOS PORMENORES\", DIJO MILEI Y BORR\u00d3 EL POSTEO - Apuntes de San Luis","isPartOf":{"@id":"https:\/\/apuntesdesanluis.com\/#website"},"primaryImageOfPage":{"@id":"https:\/\/apuntesdesanluis.com\/index.php\/2025\/02\/15\/luego-del-papelon-no-sabia-los-pormenores-dijo-milei-y-borro-el-posteo\/#primaryimage"},"image":{"@id":"https:\/\/apuntesdesanluis.com\/index.php\/2025\/02\/15\/luego-del-papelon-no-sabia-los-pormenores-dijo-milei-y-borro-el-posteo\/#primaryimage"},"thumbnailUrl":"https:\/\/apuntesdesanluis.com\/wp-content\/uploads\/2024\/06\/MILEI-1.png","datePublished":"2025-02-15T13:17:36+00:00","breadcrumb":{"@id":"https:\/\/apuntesdesanluis.com\/index.php\/2025\/02\/15\/luego-del-papelon-no-sabia-los-pormenores-dijo-milei-y-borro-el-posteo\/#breadcrumb"},"inLanguage":"es-AR","potentialAction":[{"@type":"ReadAction","target":["https:\/\/apuntesdesanluis.com\/index.php\/2025\/02\/15\/luego-del-papelon-no-sabia-los-pormenores-dijo-milei-y-borro-el-posteo\/"]}]},{"@type":"ImageObject","inLanguage":"es-AR","@id":"https:\/\/apuntesdesanluis.com\/index.php\/2025\/02\/15\/luego-del-papelon-no-sabia-los-pormenores-dijo-milei-y-borro-el-posteo\/#primaryimage","url":"https:\/\/apuntesdesanluis.com\/wp-content\/uploads\/2024\/06\/MILEI-1.png","contentUrl":"https:\/\/apuntesdesanluis.com\/wp-content\/uploads\/2024\/06\/MILEI-1.png","width":766,"height":506},{"@type":"BreadcrumbList","@id":"https:\/\/apuntesdesanluis.com\/index.php\/2025\/02\/15\/luego-del-papelon-no-sabia-los-pormenores-dijo-milei-y-borro-el-posteo\/#breadcrumb","itemListElement":[{"@type":"ListItem","position":1,"name":"Inicio","item":"https:\/\/apuntesdesanluis.com\/"},{"@type":"ListItem","position":2,"name":"LUEGO DEL PAPEL\u00d3N: &#8220;NO SAB\u00cdA LOS PORMENORES&#8221;, DIJO MILEI Y BORR\u00d3 EL POSTEO"}]},{"@type":"WebSite","@id":"https:\/\/apuntesdesanluis.com\/#website","url":"https:\/\/apuntesdesanluis.com\/","name":"Apuntes de San Luis","description":"","publisher":{"@id":"https:\/\/apuntesdesanluis.com\/#\/schema\/person\/b55151d52296fcce64d1a72538a70b90"},"potentialAction":[{"@type":"SearchAction","target":{"@type":"EntryPoint","urlTemplate":"https:\/\/apuntesdesanluis.com\/?s={search_term_string}"},"query-input":{"@type":"PropertyValueSpecification","valueRequired":true,"valueName":"search_term_string"}}],"inLanguage":"es-AR"},{"@type":["Person","Organization"],"@id":"https:\/\/apuntesdesanluis.com\/#\/schema\/person\/b55151d52296fcce64d1a72538a70b90","name":"apuntesdesanluis.com","image":{"@type":"ImageObject","inLanguage":"es-AR","@id":"https:\/\/apuntesdesanluis.com\/#\/schema\/person\/image\/","url":"https:\/\/apuntesdesanluis.com\/wp-content\/uploads\/2023\/07\/cropped-apuntesdesanluis.png","contentUrl":"https:\/\/apuntesdesanluis.com\/wp-content\/uploads\/2023\/07\/cropped-apuntesdesanluis.png","width":450,"height":112,"caption":"apuntesdesanluis.com"},"logo":{"@id":"https:\/\/apuntesdesanluis.com\/#\/schema\/person\/image\/"},"sameAs":["https:\/\/apuntesdesanluis.com"],"url":"https:\/\/apuntesdesanluis.com\/index.php\/author\/apuntesdesanluis-com\/"}]}},"featured_image_urls":{"full":["https:\/\/apuntesdesanluis.com\/wp-content\/uploads\/2024\/06\/MILEI-1.png",766,506,false],"thumbnail":["https:\/\/apuntesdesanluis.com\/wp-content\/uploads\/2024\/06\/MILEI-1-150x150.png",150,150,true],"medium":["https:\/\/apuntesdesanluis.com\/wp-content\/uploads\/2024\/06\/MILEI-1-300x198.png",300,198,true],"medium_large":["https:\/\/apuntesdesanluis.com\/wp-content\/uploads\/2024\/06\/MILEI-1.png",640,423,false],"large":["https:\/\/apuntesdesanluis.com\/wp-content\/uploads\/2024\/06\/MILEI-1.png",640,423,false],"1536x1536":["https:\/\/apuntesdesanluis.com\/wp-content\/uploads\/2024\/06\/MILEI-1.png",766,506,false],"2048x2048":["https:\/\/apuntesdesanluis.com\/wp-content\/uploads\/2024\/06\/MILEI-1.png",766,506,false],"newsever-slider-full":["https:\/\/apuntesdesanluis.com\/wp-content\/uploads\/2024\/06\/MILEI-1.png",766,506,false],"newsever-featured":["https:\/\/apuntesdesanluis.com\/wp-content\/uploads\/2024\/06\/MILEI-1.png",766,506,false],"newsever-medium":["https:\/\/apuntesdesanluis.com\/wp-content\/uploads\/2024\/06\/MILEI-1-720x475.png",720,475,true]},"author_info":{"display_name":"apuntesdesanluis.com","author_link":"https:\/\/apuntesdesanluis.com\/index.php\/author\/apuntesdesanluis-com\/"},"category_info":"<a href=\"https:\/\/apuntesdesanluis.com\/index.php\/category\/nacionales-internacionales\/\" rel=\"category tag\">Nacionales\/Internacionales<\/a>","tag_info":"Nacionales\/Internacionales","comment_count":"0","_links":{"self":[{"href":"https:\/\/apuntesdesanluis.com\/index.php\/wp-json\/wp\/v2\/posts\/29195","targetHints":{"allow":["GET"]}}],"collection":[{"href":"https:\/\/apuntesdesanluis.com\/index.php\/wp-json\/wp\/v2\/posts"}],"about":[{"href":"https:\/\/apuntesdesanluis.com\/index.php\/wp-json\/wp\/v2\/types\/post"}],"author":[{"embeddable":true,"href":"https:\/\/apuntesdesanluis.com\/index.php\/wp-json\/wp\/v2\/users\/1"}],"replies":[{"embeddable":true,"href":"https:\/\/apuntesdesanluis.com\/index.php\/wp-json\/wp\/v2\/comments?post=29195"}],"version-history":[{"count":1,"href":"https:\/\/apuntesdesanluis.com\/index.php\/wp-json\/wp\/v2\/posts\/29195\/revisions"}],"predecessor-version":[{"id":29197,"href":"https:\/\/apuntesdesanluis.com\/index.php\/wp-json\/wp\/v2\/posts\/29195\/revisions\/29197"}],"wp:featuredmedia":[{"embeddable":true,"href":"https:\/\/apuntesdesanluis.com\/index.php\/wp-json\/wp\/v2\/media\/17464"}],"wp:attachment":[{"href":"https:\/\/apuntesdesanluis.com\/index.php\/wp-json\/wp\/v2\/media?parent=29195"}],"wp:term":[{"taxonomy":"category","embeddable":true,"href":"https:\/\/apuntesdesanluis.com\/index.php\/wp-json\/wp\/v2\/categories?post=29195"},{"taxonomy":"post_tag","embeddable":true,"href":"https:\/\/apuntesdesanluis.com\/index.php\/wp-json\/wp\/v2\/tags?post=29195"}],"curies":[{"name":"wp","href":"https:\/\/api.w.org\/{rel}","templated":true}]}}