{"id":29198,"date":"2025-02-15T10:24:19","date_gmt":"2025-02-15T13:24:19","guid":{"rendered":"https:\/\/apuntesdesanluis.com\/?p=29198"},"modified":"2025-02-15T10:25:45","modified_gmt":"2025-02-15T13:25:45","slug":"el-diputado-esteban-paulon-presentara-este-lunes-un-pedido-de-juicio-politico-contra-milei","status":"publish","type":"post","link":"https:\/\/apuntesdesanluis.com\/index.php\/2025\/02\/15\/el-diputado-esteban-paulon-presentara-este-lunes-un-pedido-de-juicio-politico-contra-milei\/","title":{"rendered":"EL DIPUTADO ESTEBAN PAUL\u00d3N PRESENTAR\u00c1 ESTE LUNES UN PEDIDO DE JUICIO POL\u00cdTICO CONTRA MILEI"},"content":{"rendered":"<h3>El diputado socialista por la provincia de Santa Fe <strong>Esteban Paul\u00f3n<\/strong> dijo en esta madrugada del s\u00e1bado que el lunes presentar\u00e1 un pedido de juicio pol\u00edtico contra el presidente Javier Milei, que qued\u00f3 en medio de un esc\u00e1ndalo tras promocionar una cripto.<\/h3>\n<h3>&#8220;El lunes ingresaremos el pedido de juicio pol\u00edtico hacia el Presidente Ojal\u00e1 las autoridades (de la C\u00e1mara de Diputados) avancen en la designaci\u00f3n de las autoridades de la Comisi\u00f3n y se aboquen a la investigaci\u00f3n Es muy grave lo que ha sucedido&#8221;, poste\u00f3 el legislador.<\/h3>\n<p><img fetchpriority=\"high\" decoding=\"async\" class=\"wp-image-29200 aligncenter\" src=\"https:\/\/apuntesdesanluis.com\/wp-content\/uploads\/2025\/02\/juicio-politico-271x300.png\" alt=\"\" width=\"616\" height=\"682\" srcset=\"https:\/\/apuntesdesanluis.com\/wp-content\/uploads\/2025\/02\/juicio-politico-271x300.png 271w, https:\/\/apuntesdesanluis.com\/wp-content\/uploads\/2025\/02\/juicio-politico.png 657w\" sizes=\"(max-width: 616px) 100vw, 616px\" \/><\/p>\n<h3>Casi a la misma hora, reaccion\u00f3 el descargo del Presidente, que borr\u00f3 el tuit e intent\u00f3 desligarse de la responsabilidad, aunque cruz\u00f3 a la oposici\u00f3n con frases como &#8220;ratas de inmundas de la casta&#8221;.<\/h3>\n<h3>&#8220;\u00bfCinco horas tardaste en \u201cinteriorizarte\u201d? Cinco horas promocionaste una estafa Cinco horas para que algunos vivos con el apoyo de todo tu aparato de comunicaci\u00f3n se lleven millones de d\u00f3lares No se te ocurri\u00f3 una excusa mejor?&#8221;, lanz\u00f3 Paul\u00f3n.<\/h3>\n<h3>Paul\u00f3n, miembro de la colectividad LGBTQ, viene cruzando seguido al Presidente por sus discuros de violencia contra la comunidad. De hecho, en enero lo denunci\u00f3 penalmante.<\/h3>\n<h3>En la noche del viernes, cuando explot\u00f3 el esc\u00e1ndalo, Paul\u00f3n exigi\u00f3 que el Gobierno, a trav\u00e9s del jefe de Gabinete, Guillermo Francos, diera explicaciones ante el Congreso sobre lo ocurrido.<\/h3>\n<h3>&#8220;Ante la promoci\u00f3n de la memecoin $ Librapor parte del Presidente, presentamos un pedido de informes para que el Jefe de Gabinete informe (en Diputados) sobre la posible comisi\u00f3n de m\u00faltiples delitos por parte del primer mandatario&#8221;, anunci\u00f3 primero. Luego hizo una aclaraci\u00f3n para reafirmar que se tratar\u00e1 de un pedido de juicio pol\u00edtico.<\/h3>\n<h3>El posteo y posterior descargo de Milei shocke\u00f3 al ambiente pol\u00edtico y de las finanzas. Primero se habl\u00f3 de un hackeo, pero desde el propio Gobierno confirmaron la veracidad del posteo presidencial. Las redes se llenaron de hashtags como #PresidentePonzi y #MileiEstafador.<\/h3>\n<p>&nbsp;<\/p>\n<p>&nbsp;<\/p>\n<p>&nbsp;<\/p>\n<p>&nbsp;<\/p>\n<p>&nbsp;<\/p>\n<p>&nbsp;<\/p>\n","protected":false},"excerpt":{"rendered":"<p>El diputado socialista por la provincia de Santa Fe Esteban Paul\u00f3n dijo en esta madrugada&#8230;<\/p>\n","protected":false},"author":1,"featured_media":29199,"comment_status":"closed","ping_status":"closed","sticky":false,"template":"","format":"standard","meta":{"footnotes":""},"categories":[5],"tags":[],"class_list":["post-29198","post","type-post","status-publish","format-standard","has-post-thumbnail","hentry","category-nacionales-internacionales"],"yoast_head":"<!-- This site is optimized with the Yoast SEO plugin v26.1.1 - https:\/\/yoast.com\/wordpress\/plugins\/seo\/ -->\n<title>EL DIPUTADO ESTEBAN PAUL\u00d3N PRESENTAR\u00c1 ESTE LUNES UN PEDIDO DE JUICIO POL\u00cdTICO CONTRA MILEI - Apuntes de San Luis<\/title>\n<meta name=\"robots\" content=\"index, follow, max-snippet:-1, max-image-preview:large, max-video-preview:-1\" \/>\n<link rel=\"canonical\" href=\"https:\/\/apuntesdesanluis.com\/index.php\/2025\/02\/15\/el-diputado-esteban-paulon-presentara-este-lunes-un-pedido-de-juicio-politico-contra-milei\/\" \/>\n<meta property=\"og:locale\" content=\"es_ES\" \/>\n<meta property=\"og:type\" content=\"article\" \/>\n<meta property=\"og:title\" content=\"EL DIPUTADO ESTEBAN PAUL\u00d3N PRESENTAR\u00c1 ESTE LUNES UN PEDIDO DE JUICIO POL\u00cdTICO CONTRA MILEI - Apuntes de San Luis\" \/>\n<meta property=\"og:description\" content=\"El diputado socialista por la provincia de Santa Fe Esteban Paul\u00f3n dijo en esta madrugada...\" \/>\n<meta property=\"og:url\" content=\"https:\/\/apuntesdesanluis.com\/index.php\/2025\/02\/15\/el-diputado-esteban-paulon-presentara-este-lunes-un-pedido-de-juicio-politico-contra-milei\/\" \/>\n<meta property=\"og:site_name\" content=\"Apuntes de San Luis\" \/>\n<meta property=\"article:published_time\" content=\"2025-02-15T13:24:19+00:00\" \/>\n<meta property=\"article:modified_time\" content=\"2025-02-15T13:25:45+00:00\" \/>\n<meta property=\"og:image\" content=\"https:\/\/apuntesdesanluis.com\/wp-content\/uploads\/2025\/02\/ESTEBAN-PAULON-1.png\" \/>\n\t<meta property=\"og:image:width\" content=\"657\" \/>\n\t<meta property=\"og:image:height\" content=\"412\" \/>\n\t<meta property=\"og:image:type\" content=\"image\/png\" \/>\n<meta name=\"author\" content=\"apuntesdesanluis.com\" \/>\n<meta name=\"twitter:card\" content=\"summary_large_image\" \/>\n<meta name=\"twitter:label1\" content=\"Escrito por\" \/>\n\t<meta name=\"twitter:data1\" content=\"apuntesdesanluis.com\" \/>\n\t<meta name=\"twitter:label2\" content=\"Tiempo de lectura\" \/>\n\t<meta name=\"twitter:data2\" content=\"2 minutos\" \/>\n<script type=\"application\/ld+json\" class=\"yoast-schema-graph\">{\"@context\":\"https:\/\/schema.org\",\"@graph\":[{\"@type\":\"Article\",\"@id\":\"https:\/\/apuntesdesanluis.com\/index.php\/2025\/02\/15\/el-diputado-esteban-paulon-presentara-este-lunes-un-pedido-de-juicio-politico-contra-milei\/#article\",\"isPartOf\":{\"@id\":\"https:\/\/apuntesdesanluis.com\/index.php\/2025\/02\/15\/el-diputado-esteban-paulon-presentara-este-lunes-un-pedido-de-juicio-politico-contra-milei\/\"},\"author\":{\"name\":\"apuntesdesanluis.com\",\"@id\":\"https:\/\/apuntesdesanluis.com\/#\/schema\/person\/b55151d52296fcce64d1a72538a70b90\"},\"headline\":\"EL DIPUTADO ESTEBAN PAUL\u00d3N PRESENTAR\u00c1 ESTE LUNES UN PEDIDO DE JUICIO POL\u00cdTICO CONTRA MILEI\",\"datePublished\":\"2025-02-15T13:24:19+00:00\",\"dateModified\":\"2025-02-15T13:25:45+00:00\",\"mainEntityOfPage\":{\"@id\":\"https:\/\/apuntesdesanluis.com\/index.php\/2025\/02\/15\/el-diputado-esteban-paulon-presentara-este-lunes-un-pedido-de-juicio-politico-contra-milei\/\"},\"wordCount\":356,\"publisher\":{\"@id\":\"https:\/\/apuntesdesanluis.com\/#\/schema\/person\/b55151d52296fcce64d1a72538a70b90\"},\"image\":{\"@id\":\"https:\/\/apuntesdesanluis.com\/index.php\/2025\/02\/15\/el-diputado-esteban-paulon-presentara-este-lunes-un-pedido-de-juicio-politico-contra-milei\/#primaryimage\"},\"thumbnailUrl\":\"https:\/\/apuntesdesanluis.com\/wp-content\/uploads\/2025\/02\/ESTEBAN-PAULON-1.png\",\"articleSection\":[\"Nacionales\/Internacionales\"],\"inLanguage\":\"es-AR\"},{\"@type\":\"WebPage\",\"@id\":\"https:\/\/apuntesdesanluis.com\/index.php\/2025\/02\/15\/el-diputado-esteban-paulon-presentara-este-lunes-un-pedido-de-juicio-politico-contra-milei\/\",\"url\":\"https:\/\/apuntesdesanluis.com\/index.php\/2025\/02\/15\/el-diputado-esteban-paulon-presentara-este-lunes-un-pedido-de-juicio-politico-contra-milei\/\",\"name\":\"EL DIPUTADO ESTEBAN PAUL\u00d3N PRESENTAR\u00c1 ESTE LUNES UN PEDIDO DE JUICIO POL\u00cdTICO CONTRA MILEI - Apuntes de San Luis\",\"isPartOf\":{\"@id\":\"https:\/\/apuntesdesanluis.com\/#website\"},\"primaryImageOfPage\":{\"@id\":\"https:\/\/apuntesdesanluis.com\/index.php\/2025\/02\/15\/el-diputado-esteban-paulon-presentara-este-lunes-un-pedido-de-juicio-politico-contra-milei\/#primaryimage\"},\"image\":{\"@id\":\"https:\/\/apuntesdesanluis.com\/index.php\/2025\/02\/15\/el-diputado-esteban-paulon-presentara-este-lunes-un-pedido-de-juicio-politico-contra-milei\/#primaryimage\"},\"thumbnailUrl\":\"https:\/\/apuntesdesanluis.com\/wp-content\/uploads\/2025\/02\/ESTEBAN-PAULON-1.png\",\"datePublished\":\"2025-02-15T13:24:19+00:00\",\"dateModified\":\"2025-02-15T13:25:45+00:00\",\"breadcrumb\":{\"@id\":\"https:\/\/apuntesdesanluis.com\/index.php\/2025\/02\/15\/el-diputado-esteban-paulon-presentara-este-lunes-un-pedido-de-juicio-politico-contra-milei\/#breadcrumb\"},\"inLanguage\":\"es-AR\",\"potentialAction\":[{\"@type\":\"ReadAction\",\"target\":[\"https:\/\/apuntesdesanluis.com\/index.php\/2025\/02\/15\/el-diputado-esteban-paulon-presentara-este-lunes-un-pedido-de-juicio-politico-contra-milei\/\"]}]},{\"@type\":\"ImageObject\",\"inLanguage\":\"es-AR\",\"@id\":\"https:\/\/apuntesdesanluis.com\/index.php\/2025\/02\/15\/el-diputado-esteban-paulon-presentara-este-lunes-un-pedido-de-juicio-politico-contra-milei\/#primaryimage\",\"url\":\"https:\/\/apuntesdesanluis.com\/wp-content\/uploads\/2025\/02\/ESTEBAN-PAULON-1.png\",\"contentUrl\":\"https:\/\/apuntesdesanluis.com\/wp-content\/uploads\/2025\/02\/ESTEBAN-PAULON-1.png\",\"width\":657,\"height\":412},{\"@type\":\"BreadcrumbList\",\"@id\":\"https:\/\/apuntesdesanluis.com\/index.php\/2025\/02\/15\/el-diputado-esteban-paulon-presentara-este-lunes-un-pedido-de-juicio-politico-contra-milei\/#breadcrumb\",\"itemListElement\":[{\"@type\":\"ListItem\",\"position\":1,\"name\":\"Inicio\",\"item\":\"https:\/\/apuntesdesanluis.com\/\"},{\"@type\":\"ListItem\",\"position\":2,\"name\":\"EL DIPUTADO ESTEBAN PAUL\u00d3N PRESENTAR\u00c1 ESTE LUNES UN PEDIDO DE JUICIO POL\u00cdTICO CONTRA MILEI\"}]},{\"@type\":\"WebSite\",\"@id\":\"https:\/\/apuntesdesanluis.com\/#website\",\"url\":\"https:\/\/apuntesdesanluis.com\/\",\"name\":\"Apuntes de San Luis\",\"description\":\"\",\"publisher\":{\"@id\":\"https:\/\/apuntesdesanluis.com\/#\/schema\/person\/b55151d52296fcce64d1a72538a70b90\"},\"potentialAction\":[{\"@type\":\"SearchAction\",\"target\":{\"@type\":\"EntryPoint\",\"urlTemplate\":\"https:\/\/apuntesdesanluis.com\/?s={search_term_string}\"},\"query-input\":{\"@type\":\"PropertyValueSpecification\",\"valueRequired\":true,\"valueName\":\"search_term_string\"}}],\"inLanguage\":\"es-AR\"},{\"@type\":[\"Person\",\"Organization\"],\"@id\":\"https:\/\/apuntesdesanluis.com\/#\/schema\/person\/b55151d52296fcce64d1a72538a70b90\",\"name\":\"apuntesdesanluis.com\",\"image\":{\"@type\":\"ImageObject\",\"inLanguage\":\"es-AR\",\"@id\":\"https:\/\/apuntesdesanluis.com\/#\/schema\/person\/image\/\",\"url\":\"https:\/\/apuntesdesanluis.com\/wp-content\/uploads\/2023\/07\/cropped-apuntesdesanluis.png\",\"contentUrl\":\"https:\/\/apuntesdesanluis.com\/wp-content\/uploads\/2023\/07\/cropped-apuntesdesanluis.png\",\"width\":450,\"height\":112,\"caption\":\"apuntesdesanluis.com\"},\"logo\":{\"@id\":\"https:\/\/apuntesdesanluis.com\/#\/schema\/person\/image\/\"},\"sameAs\":[\"https:\/\/apuntesdesanluis.com\"],\"url\":\"https:\/\/apuntesdesanluis.com\/index.php\/author\/apuntesdesanluis-com\/\"}]}<\/script>\n<!-- \/ Yoast SEO plugin. -->","yoast_head_json":{"title":"EL DIPUTADO ESTEBAN PAUL\u00d3N PRESENTAR\u00c1 ESTE LUNES UN PEDIDO DE JUICIO POL\u00cdTICO CONTRA MILEI - Apuntes de San Luis","robots":{"index":"index","follow":"follow","max-snippet":"max-snippet:-1","max-image-preview":"max-image-preview:large","max-video-preview":"max-video-preview:-1"},"canonical":"https:\/\/apuntesdesanluis.com\/index.php\/2025\/02\/15\/el-diputado-esteban-paulon-presentara-este-lunes-un-pedido-de-juicio-politico-contra-milei\/","og_locale":"es_ES","og_type":"article","og_title":"EL DIPUTADO ESTEBAN PAUL\u00d3N PRESENTAR\u00c1 ESTE LUNES UN PEDIDO DE JUICIO POL\u00cdTICO CONTRA MILEI - Apuntes de San Luis","og_description":"El diputado socialista por la provincia de Santa Fe Esteban Paul\u00f3n dijo en esta madrugada...","og_url":"https:\/\/apuntesdesanluis.com\/index.php\/2025\/02\/15\/el-diputado-esteban-paulon-presentara-este-lunes-un-pedido-de-juicio-politico-contra-milei\/","og_site_name":"Apuntes de San Luis","article_published_time":"2025-02-15T13:24:19+00:00","article_modified_time":"2025-02-15T13:25:45+00:00","og_image":[{"width":657,"height":412,"url":"https:\/\/apuntesdesanluis.com\/wp-content\/uploads\/2025\/02\/ESTEBAN-PAULON-1.png","type":"image\/png"}],"author":"apuntesdesanluis.com","twitter_card":"summary_large_image","twitter_misc":{"Escrito por":"apuntesdesanluis.com","Tiempo de lectura":"2 minutos"},"schema":{"@context":"https:\/\/schema.org","@graph":[{"@type":"Article","@id":"https:\/\/apuntesdesanluis.com\/index.php\/2025\/02\/15\/el-diputado-esteban-paulon-presentara-este-lunes-un-pedido-de-juicio-politico-contra-milei\/#article","isPartOf":{"@id":"https:\/\/apuntesdesanluis.com\/index.php\/2025\/02\/15\/el-diputado-esteban-paulon-presentara-este-lunes-un-pedido-de-juicio-politico-contra-milei\/"},"author":{"name":"apuntesdesanluis.com","@id":"https:\/\/apuntesdesanluis.com\/#\/schema\/person\/b55151d52296fcce64d1a72538a70b90"},"headline":"EL DIPUTADO ESTEBAN PAUL\u00d3N PRESENTAR\u00c1 ESTE LUNES UN PEDIDO DE JUICIO POL\u00cdTICO CONTRA MILEI","datePublished":"2025-02-15T13:24:19+00:00","dateModified":"2025-02-15T13:25:45+00:00","mainEntityOfPage":{"@id":"https:\/\/apuntesdesanluis.com\/index.php\/2025\/02\/15\/el-diputado-esteban-paulon-presentara-este-lunes-un-pedido-de-juicio-politico-contra-milei\/"},"wordCount":356,"publisher":{"@id":"https:\/\/apuntesdesanluis.com\/#\/schema\/person\/b55151d52296fcce64d1a72538a70b90"},"image":{"@id":"https:\/\/apuntesdesanluis.com\/index.php\/2025\/02\/15\/el-diputado-esteban-paulon-presentara-este-lunes-un-pedido-de-juicio-politico-contra-milei\/#primaryimage"},"thumbnailUrl":"https:\/\/apuntesdesanluis.com\/wp-content\/uploads\/2025\/02\/ESTEBAN-PAULON-1.png","articleSection":["Nacionales\/Internacionales"],"inLanguage":"es-AR"},{"@type":"WebPage","@id":"https:\/\/apuntesdesanluis.com\/index.php\/2025\/02\/15\/el-diputado-esteban-paulon-presentara-este-lunes-un-pedido-de-juicio-politico-contra-milei\/","url":"https:\/\/apuntesdesanluis.com\/index.php\/2025\/02\/15\/el-diputado-esteban-paulon-presentara-este-lunes-un-pedido-de-juicio-politico-contra-milei\/","name":"EL DIPUTADO ESTEBAN PAUL\u00d3N PRESENTAR\u00c1 ESTE LUNES UN PEDIDO DE JUICIO POL\u00cdTICO CONTRA MILEI - Apuntes de San Luis","isPartOf":{"@id":"https:\/\/apuntesdesanluis.com\/#website"},"primaryImageOfPage":{"@id":"https:\/\/apuntesdesanluis.com\/index.php\/2025\/02\/15\/el-diputado-esteban-paulon-presentara-este-lunes-un-pedido-de-juicio-politico-contra-milei\/#primaryimage"},"image":{"@id":"https:\/\/apuntesdesanluis.com\/index.php\/2025\/02\/15\/el-diputado-esteban-paulon-presentara-este-lunes-un-pedido-de-juicio-politico-contra-milei\/#primaryimage"},"thumbnailUrl":"https:\/\/apuntesdesanluis.com\/wp-content\/uploads\/2025\/02\/ESTEBAN-PAULON-1.png","datePublished":"2025-02-15T13:24:19+00:00","dateModified":"2025-02-15T13:25:45+00:00","breadcrumb":{"@id":"https:\/\/apuntesdesanluis.com\/index.php\/2025\/02\/15\/el-diputado-esteban-paulon-presentara-este-lunes-un-pedido-de-juicio-politico-contra-milei\/#breadcrumb"},"inLanguage":"es-AR","potentialAction":[{"@type":"ReadAction","target":["https:\/\/apuntesdesanluis.com\/index.php\/2025\/02\/15\/el-diputado-esteban-paulon-presentara-este-lunes-un-pedido-de-juicio-politico-contra-milei\/"]}]},{"@type":"ImageObject","inLanguage":"es-AR","@id":"https:\/\/apuntesdesanluis.com\/index.php\/2025\/02\/15\/el-diputado-esteban-paulon-presentara-este-lunes-un-pedido-de-juicio-politico-contra-milei\/#primaryimage","url":"https:\/\/apuntesdesanluis.com\/wp-content\/uploads\/2025\/02\/ESTEBAN-PAULON-1.png","contentUrl":"https:\/\/apuntesdesanluis.com\/wp-content\/uploads\/2025\/02\/ESTEBAN-PAULON-1.png","width":657,"height":412},{"@type":"BreadcrumbList","@id":"https:\/\/apuntesdesanluis.com\/index.php\/2025\/02\/15\/el-diputado-esteban-paulon-presentara-este-lunes-un-pedido-de-juicio-politico-contra-milei\/#breadcrumb","itemListElement":[{"@type":"ListItem","position":1,"name":"Inicio","item":"https:\/\/apuntesdesanluis.com\/"},{"@type":"ListItem","position":2,"name":"EL DIPUTADO ESTEBAN PAUL\u00d3N PRESENTAR\u00c1 ESTE LUNES UN PEDIDO DE JUICIO POL\u00cdTICO CONTRA MILEI"}]},{"@type":"WebSite","@id":"https:\/\/apuntesdesanluis.com\/#website","url":"https:\/\/apuntesdesanluis.com\/","name":"Apuntes de San Luis","description":"","publisher":{"@id":"https:\/\/apuntesdesanluis.com\/#\/schema\/person\/b55151d52296fcce64d1a72538a70b90"},"potentialAction":[{"@type":"SearchAction","target":{"@type":"EntryPoint","urlTemplate":"https:\/\/apuntesdesanluis.com\/?s={search_term_string}"},"query-input":{"@type":"PropertyValueSpecification","valueRequired":true,"valueName":"search_term_string"}}],"inLanguage":"es-AR"},{"@type":["Person","Organization"],"@id":"https:\/\/apuntesdesanluis.com\/#\/schema\/person\/b55151d52296fcce64d1a72538a70b90","name":"apuntesdesanluis.com","image":{"@type":"ImageObject","inLanguage":"es-AR","@id":"https:\/\/apuntesdesanluis.com\/#\/schema\/person\/image\/","url":"https:\/\/apuntesdesanluis.com\/wp-content\/uploads\/2023\/07\/cropped-apuntesdesanluis.png","contentUrl":"https:\/\/apuntesdesanluis.com\/wp-content\/uploads\/2023\/07\/cropped-apuntesdesanluis.png","width":450,"height":112,"caption":"apuntesdesanluis.com"},"logo":{"@id":"https:\/\/apuntesdesanluis.com\/#\/schema\/person\/image\/"},"sameAs":["https:\/\/apuntesdesanluis.com"],"url":"https:\/\/apuntesdesanluis.com\/index.php\/author\/apuntesdesanluis-com\/"}]}},"featured_image_urls":{"full":["https:\/\/apuntesdesanluis.com\/wp-content\/uploads\/2025\/02\/ESTEBAN-PAULON-1.png",657,412,false],"thumbnail":["https:\/\/apuntesdesanluis.com\/wp-content\/uploads\/2025\/02\/ESTEBAN-PAULON-1-150x150.png",150,150,true],"medium":["https:\/\/apuntesdesanluis.com\/wp-content\/uploads\/2025\/02\/ESTEBAN-PAULON-1-300x188.png",300,188,true],"medium_large":["https:\/\/apuntesdesanluis.com\/wp-content\/uploads\/2025\/02\/ESTEBAN-PAULON-1.png",640,401,false],"large":["https:\/\/apuntesdesanluis.com\/wp-content\/uploads\/2025\/02\/ESTEBAN-PAULON-1.png",640,401,false],"1536x1536":["https:\/\/apuntesdesanluis.com\/wp-content\/uploads\/2025\/02\/ESTEBAN-PAULON-1.png",657,412,false],"2048x2048":["https:\/\/apuntesdesanluis.com\/wp-content\/uploads\/2025\/02\/ESTEBAN-PAULON-1.png",657,412,false],"newsever-slider-full":["https:\/\/apuntesdesanluis.com\/wp-content\/uploads\/2025\/02\/ESTEBAN-PAULON-1.png",657,412,false],"newsever-featured":["https:\/\/apuntesdesanluis.com\/wp-content\/uploads\/2025\/02\/ESTEBAN-PAULON-1.png",657,412,false],"newsever-medium":["https:\/\/apuntesdesanluis.com\/wp-content\/uploads\/2025\/02\/ESTEBAN-PAULON-1.png",657,412,false]},"author_info":{"display_name":"apuntesdesanluis.com","author_link":"https:\/\/apuntesdesanluis.com\/index.php\/author\/apuntesdesanluis-com\/"},"category_info":"<a href=\"https:\/\/apuntesdesanluis.com\/index.php\/category\/nacionales-internacionales\/\" rel=\"category tag\">Nacionales\/Internacionales<\/a>","tag_info":"Nacionales\/Internacionales","comment_count":"0","_links":{"self":[{"href":"https:\/\/apuntesdesanluis.com\/index.php\/wp-json\/wp\/v2\/posts\/29198","targetHints":{"allow":["GET"]}}],"collection":[{"href":"https:\/\/apuntesdesanluis.com\/index.php\/wp-json\/wp\/v2\/posts"}],"about":[{"href":"https:\/\/apuntesdesanluis.com\/index.php\/wp-json\/wp\/v2\/types\/post"}],"author":[{"embeddable":true,"href":"https:\/\/apuntesdesanluis.com\/index.php\/wp-json\/wp\/v2\/users\/1"}],"replies":[{"embeddable":true,"href":"https:\/\/apuntesdesanluis.com\/index.php\/wp-json\/wp\/v2\/comments?post=29198"}],"version-history":[{"count":1,"href":"https:\/\/apuntesdesanluis.com\/index.php\/wp-json\/wp\/v2\/posts\/29198\/revisions"}],"predecessor-version":[{"id":29201,"href":"https:\/\/apuntesdesanluis.com\/index.php\/wp-json\/wp\/v2\/posts\/29198\/revisions\/29201"}],"wp:featuredmedia":[{"embeddable":true,"href":"https:\/\/apuntesdesanluis.com\/index.php\/wp-json\/wp\/v2\/media\/29199"}],"wp:attachment":[{"href":"https:\/\/apuntesdesanluis.com\/index.php\/wp-json\/wp\/v2\/media?parent=29198"}],"wp:term":[{"taxonomy":"category","embeddable":true,"href":"https:\/\/apuntesdesanluis.com\/index.php\/wp-json\/wp\/v2\/categories?post=29198"},{"taxonomy":"post_tag","embeddable":true,"href":"https:\/\/apuntesdesanluis.com\/index.php\/wp-json\/wp\/v2\/tags?post=29198"}],"curies":[{"name":"wp","href":"https:\/\/api.w.org\/{rel}","templated":true}]}}