{"id":29216,"date":"2025-02-15T21:28:27","date_gmt":"2025-02-16T00:28:27","guid":{"rendered":"https:\/\/apuntesdesanluis.com\/?p=29216"},"modified":"2025-02-15T21:28:27","modified_gmt":"2025-02-16T00:28:27","slug":"le-hicieron-el-cuento-del-tio-y-le-robaron-la-camioneta","status":"publish","type":"post","link":"https:\/\/apuntesdesanluis.com\/index.php\/2025\/02\/15\/le-hicieron-el-cuento-del-tio-y-le-robaron-la-camioneta\/","title":{"rendered":"LE HICIERON EL CUENTO DEL T\u00cdO Y LE ROBARON LA CAMIONETA"},"content":{"rendered":"<h3>En el procedimiento intervinieron efectivos de la Comisar\u00eda Seccional 7\u00b0 y otras dependencias de la Unidad Regional N\u00b0 1, en la ciudad de San Luis, mediante el cual recuperaron una camioneta Fiat Fiorino.<\/h3>\n<h3>El pasado 10 de febrero, un hombre de 34 a\u00f1os de edad denunci\u00f3 en la Comisar\u00eda Seccional 7\u00b0 que el d\u00eda jueves 30 de enero un sujeto conocido le hab\u00eda comentado que ten\u00eda un comprador para su camioneta Fiat Fiorino. El propietario de la camioneta le manifest\u00f3 que el veh\u00edculo presentaba algunos inconvenientes el\u00e9ctricos, por lo que el otro individuo le propuso llevarla a un amigo de \u00e9l que ten\u00eda un lavadero en inmediaciones de las calles Paso de los Libres y Nogol\u00ed y que tambi\u00e9n realizaba arreglos el\u00e9ctricos.<\/h3>\n<h3>Ese d\u00eda, luego de llevar la camioneta a ese lugar, quedaron de acuerdo en reunirse al d\u00eda siguiente en una escriban\u00eda de la zona c\u00e9ntrica para realizar los tr\u00e1mites con los papeles del veh\u00edculo.<\/h3>\n<h3>El hombre de 34 a\u00f1os coment\u00f3 en su denuncia que el d\u00eda viernes 31 de enero el sujeto le envi\u00f3 mensajes por la ma\u00f1ana temprano aduciendo que el supuesto comprador ten\u00eda algunas demoras, ya que era de Villa Mercedes. En el transcurso de la ma\u00f1ana el damnificado intent\u00f3 comunicarse con el sujeto, pero el individuo no le respondi\u00f3 m\u00e1s los mensajes y las llamadas.<\/h3>\n<h3>Por tal motivo se dirigi\u00f3 hacia el lavadero donde hab\u00edan dejado la camioneta el d\u00eda anterior, y se encontr\u00f3 con la novedad que el sujeto hab\u00eda retirado el rodado en horas tempranas del d\u00eda viernes 31 de enero, sin su consentimiento.<\/h3>\n<h3>El s\u00e1bado 1 de febrero, al no poder comunicarse con el sujeto, el propietario de la camioneta se dirigi\u00f3 hacia el domicilio del hombre, en la ciudad de Juana Koslay, pero en el lugar una mujer le manifest\u00f3 que el individuo ya no viv\u00eda en ese domicilio desde hac\u00eda 6 meses.<\/h3>\n<h3>Ese mismo s\u00e1bado por la noche, el damnificado recibi\u00f3 un llamado telef\u00f3nico del sujeto conocido, quien lo amenaz\u00f3 verbalmente. Sin embargo, el d\u00eda domingo 2 de febrero el sujeto volvi\u00f3 a comunicarse con el damnificado, dici\u00e9ndole que el lunes 3 de febrero terminar\u00edan de cerrar la compra de la camioneta.<\/h3>\n<h3>Ante esta situaci\u00f3n, el propietario le exigi\u00f3 que le devolviera el veh\u00edculo, pero el otro sujeto se neg\u00f3 y lo amenaz\u00f3 con iniciar acciones legales en su contra.<\/h3>\n<h3>Ante este contexto, y a partir de la denuncia del damnificado, los efectivos policiales iniciaron diversas tareas investigativas para lograr recuperar el veh\u00edculo en cuesti\u00f3n. En ese marco, este jueves 13 de febrero, a partir del aporte de las c\u00e1maras de monitoreo del Sistema Inteligente de Seguridad Provincial (SISPRO) y de efectivos policiales de distintas dependencias, personal de la Comisar\u00eda Seccional 7\u00b0 recuper\u00f3 la camioneta Fiat Fiorino, la cual hab\u00eda sido interceptada en inmediaciones de avenida Juan Gilberto Funes y calle Falucho.<\/h3>\n<h3>La causa est\u00e1 caratulada \u201cAveriguaci\u00f3n defraudaci\u00f3n y amenazas\u201d e interviene la Unidad de Abordaje Fiscal de la Primera Circunscripci\u00f3n Judicial.<\/h3>\n<h3><\/h3>\n<p>&nbsp;<\/p>\n<p>&nbsp;<\/p>\n","protected":false},"excerpt":{"rendered":"<p>En el procedimiento intervinieron efectivos de la Comisar\u00eda Seccional 7\u00b0 y otras dependencias de la&#8230;<\/p>\n","protected":false},"author":1,"featured_media":29217,"comment_status":"closed","ping_status":"closed","sticky":false,"template":"","format":"standard","meta":{"footnotes":""},"categories":[6],"tags":[],"class_list":["post-29216","post","type-post","status-publish","format-standard","has-post-thumbnail","hentry","category-ciudad-provincia"],"yoast_head":"<!-- This site is optimized with the Yoast SEO plugin v26.1.1 - https:\/\/yoast.com\/wordpress\/plugins\/seo\/ -->\n<title>LE HICIERON EL CUENTO DEL T\u00cdO Y LE ROBARON LA CAMIONETA - Apuntes de San Luis<\/title>\n<meta name=\"robots\" content=\"index, follow, max-snippet:-1, max-image-preview:large, max-video-preview:-1\" \/>\n<link rel=\"canonical\" href=\"https:\/\/apuntesdesanluis.com\/index.php\/2025\/02\/15\/le-hicieron-el-cuento-del-tio-y-le-robaron-la-camioneta\/\" \/>\n<meta property=\"og:locale\" content=\"es_ES\" \/>\n<meta property=\"og:type\" content=\"article\" \/>\n<meta property=\"og:title\" content=\"LE HICIERON EL CUENTO DEL T\u00cdO Y LE ROBARON LA CAMIONETA - Apuntes de San Luis\" \/>\n<meta property=\"og:description\" content=\"En el procedimiento intervinieron efectivos de la Comisar\u00eda Seccional 7\u00b0 y otras dependencias de la...\" \/>\n<meta property=\"og:url\" content=\"https:\/\/apuntesdesanluis.com\/index.php\/2025\/02\/15\/le-hicieron-el-cuento-del-tio-y-le-robaron-la-camioneta\/\" \/>\n<meta property=\"og:site_name\" content=\"Apuntes de San Luis\" \/>\n<meta property=\"article:published_time\" content=\"2025-02-16T00:28:27+00:00\" \/>\n<meta property=\"og:image\" content=\"https:\/\/apuntesdesanluis.com\/wp-content\/uploads\/2025\/02\/Imagen-de-WhatsApp-2025-02-14-a-las-22.00.51_c2c1ab25.jpg\" \/>\n\t<meta property=\"og:image:width\" content=\"800\" \/>\n\t<meta property=\"og:image:height\" content=\"568\" \/>\n\t<meta property=\"og:image:type\" content=\"image\/jpeg\" \/>\n<meta name=\"author\" content=\"apuntesdesanluis.com\" \/>\n<meta name=\"twitter:card\" content=\"summary_large_image\" \/>\n<meta name=\"twitter:label1\" content=\"Escrito por\" \/>\n\t<meta name=\"twitter:data1\" content=\"apuntesdesanluis.com\" \/>\n\t<meta name=\"twitter:label2\" content=\"Tiempo de lectura\" \/>\n\t<meta name=\"twitter:data2\" content=\"3 minutos\" \/>\n<script type=\"application\/ld+json\" class=\"yoast-schema-graph\">{\"@context\":\"https:\/\/schema.org\",\"@graph\":[{\"@type\":\"Article\",\"@id\":\"https:\/\/apuntesdesanluis.com\/index.php\/2025\/02\/15\/le-hicieron-el-cuento-del-tio-y-le-robaron-la-camioneta\/#article\",\"isPartOf\":{\"@id\":\"https:\/\/apuntesdesanluis.com\/index.php\/2025\/02\/15\/le-hicieron-el-cuento-del-tio-y-le-robaron-la-camioneta\/\"},\"author\":{\"name\":\"apuntesdesanluis.com\",\"@id\":\"https:\/\/apuntesdesanluis.com\/#\/schema\/person\/b55151d52296fcce64d1a72538a70b90\"},\"headline\":\"LE HICIERON EL CUENTO DEL T\u00cdO Y LE ROBARON LA CAMIONETA\",\"datePublished\":\"2025-02-16T00:28:27+00:00\",\"mainEntityOfPage\":{\"@id\":\"https:\/\/apuntesdesanluis.com\/index.php\/2025\/02\/15\/le-hicieron-el-cuento-del-tio-y-le-robaron-la-camioneta\/\"},\"wordCount\":536,\"publisher\":{\"@id\":\"https:\/\/apuntesdesanluis.com\/#\/schema\/person\/b55151d52296fcce64d1a72538a70b90\"},\"image\":{\"@id\":\"https:\/\/apuntesdesanluis.com\/index.php\/2025\/02\/15\/le-hicieron-el-cuento-del-tio-y-le-robaron-la-camioneta\/#primaryimage\"},\"thumbnailUrl\":\"https:\/\/apuntesdesanluis.com\/wp-content\/uploads\/2025\/02\/Imagen-de-WhatsApp-2025-02-14-a-las-22.00.51_c2c1ab25.jpg\",\"articleSection\":[\"Ciudad\/Provincia\"],\"inLanguage\":\"es-AR\"},{\"@type\":\"WebPage\",\"@id\":\"https:\/\/apuntesdesanluis.com\/index.php\/2025\/02\/15\/le-hicieron-el-cuento-del-tio-y-le-robaron-la-camioneta\/\",\"url\":\"https:\/\/apuntesdesanluis.com\/index.php\/2025\/02\/15\/le-hicieron-el-cuento-del-tio-y-le-robaron-la-camioneta\/\",\"name\":\"LE HICIERON EL CUENTO DEL T\u00cdO Y LE ROBARON LA CAMIONETA - Apuntes de San Luis\",\"isPartOf\":{\"@id\":\"https:\/\/apuntesdesanluis.com\/#website\"},\"primaryImageOfPage\":{\"@id\":\"https:\/\/apuntesdesanluis.com\/index.php\/2025\/02\/15\/le-hicieron-el-cuento-del-tio-y-le-robaron-la-camioneta\/#primaryimage\"},\"image\":{\"@id\":\"https:\/\/apuntesdesanluis.com\/index.php\/2025\/02\/15\/le-hicieron-el-cuento-del-tio-y-le-robaron-la-camioneta\/#primaryimage\"},\"thumbnailUrl\":\"https:\/\/apuntesdesanluis.com\/wp-content\/uploads\/2025\/02\/Imagen-de-WhatsApp-2025-02-14-a-las-22.00.51_c2c1ab25.jpg\",\"datePublished\":\"2025-02-16T00:28:27+00:00\",\"breadcrumb\":{\"@id\":\"https:\/\/apuntesdesanluis.com\/index.php\/2025\/02\/15\/le-hicieron-el-cuento-del-tio-y-le-robaron-la-camioneta\/#breadcrumb\"},\"inLanguage\":\"es-AR\",\"potentialAction\":[{\"@type\":\"ReadAction\",\"target\":[\"https:\/\/apuntesdesanluis.com\/index.php\/2025\/02\/15\/le-hicieron-el-cuento-del-tio-y-le-robaron-la-camioneta\/\"]}]},{\"@type\":\"ImageObject\",\"inLanguage\":\"es-AR\",\"@id\":\"https:\/\/apuntesdesanluis.com\/index.php\/2025\/02\/15\/le-hicieron-el-cuento-del-tio-y-le-robaron-la-camioneta\/#primaryimage\",\"url\":\"https:\/\/apuntesdesanluis.com\/wp-content\/uploads\/2025\/02\/Imagen-de-WhatsApp-2025-02-14-a-las-22.00.51_c2c1ab25.jpg\",\"contentUrl\":\"https:\/\/apuntesdesanluis.com\/wp-content\/uploads\/2025\/02\/Imagen-de-WhatsApp-2025-02-14-a-las-22.00.51_c2c1ab25.jpg\",\"width\":800,\"height\":568},{\"@type\":\"BreadcrumbList\",\"@id\":\"https:\/\/apuntesdesanluis.com\/index.php\/2025\/02\/15\/le-hicieron-el-cuento-del-tio-y-le-robaron-la-camioneta\/#breadcrumb\",\"itemListElement\":[{\"@type\":\"ListItem\",\"position\":1,\"name\":\"Inicio\",\"item\":\"https:\/\/apuntesdesanluis.com\/\"},{\"@type\":\"ListItem\",\"position\":2,\"name\":\"LE HICIERON EL CUENTO DEL T\u00cdO Y LE ROBARON LA CAMIONETA\"}]},{\"@type\":\"WebSite\",\"@id\":\"https:\/\/apuntesdesanluis.com\/#website\",\"url\":\"https:\/\/apuntesdesanluis.com\/\",\"name\":\"Apuntes de San Luis\",\"description\":\"\",\"publisher\":{\"@id\":\"https:\/\/apuntesdesanluis.com\/#\/schema\/person\/b55151d52296fcce64d1a72538a70b90\"},\"potentialAction\":[{\"@type\":\"SearchAction\",\"target\":{\"@type\":\"EntryPoint\",\"urlTemplate\":\"https:\/\/apuntesdesanluis.com\/?s={search_term_string}\"},\"query-input\":{\"@type\":\"PropertyValueSpecification\",\"valueRequired\":true,\"valueName\":\"search_term_string\"}}],\"inLanguage\":\"es-AR\"},{\"@type\":[\"Person\",\"Organization\"],\"@id\":\"https:\/\/apuntesdesanluis.com\/#\/schema\/person\/b55151d52296fcce64d1a72538a70b90\",\"name\":\"apuntesdesanluis.com\",\"image\":{\"@type\":\"ImageObject\",\"inLanguage\":\"es-AR\",\"@id\":\"https:\/\/apuntesdesanluis.com\/#\/schema\/person\/image\/\",\"url\":\"https:\/\/apuntesdesanluis.com\/wp-content\/uploads\/2023\/07\/cropped-apuntesdesanluis.png\",\"contentUrl\":\"https:\/\/apuntesdesanluis.com\/wp-content\/uploads\/2023\/07\/cropped-apuntesdesanluis.png\",\"width\":450,\"height\":112,\"caption\":\"apuntesdesanluis.com\"},\"logo\":{\"@id\":\"https:\/\/apuntesdesanluis.com\/#\/schema\/person\/image\/\"},\"sameAs\":[\"https:\/\/apuntesdesanluis.com\"],\"url\":\"https:\/\/apuntesdesanluis.com\/index.php\/author\/apuntesdesanluis-com\/\"}]}<\/script>\n<!-- \/ Yoast SEO plugin. -->","yoast_head_json":{"title":"LE HICIERON EL CUENTO DEL T\u00cdO Y LE ROBARON LA CAMIONETA - Apuntes de San Luis","robots":{"index":"index","follow":"follow","max-snippet":"max-snippet:-1","max-image-preview":"max-image-preview:large","max-video-preview":"max-video-preview:-1"},"canonical":"https:\/\/apuntesdesanluis.com\/index.php\/2025\/02\/15\/le-hicieron-el-cuento-del-tio-y-le-robaron-la-camioneta\/","og_locale":"es_ES","og_type":"article","og_title":"LE HICIERON EL CUENTO DEL T\u00cdO Y LE ROBARON LA CAMIONETA - Apuntes de San Luis","og_description":"En el procedimiento intervinieron efectivos de la Comisar\u00eda Seccional 7\u00b0 y otras dependencias de la...","og_url":"https:\/\/apuntesdesanluis.com\/index.php\/2025\/02\/15\/le-hicieron-el-cuento-del-tio-y-le-robaron-la-camioneta\/","og_site_name":"Apuntes de San Luis","article_published_time":"2025-02-16T00:28:27+00:00","og_image":[{"width":800,"height":568,"url":"https:\/\/apuntesdesanluis.com\/wp-content\/uploads\/2025\/02\/Imagen-de-WhatsApp-2025-02-14-a-las-22.00.51_c2c1ab25.jpg","type":"image\/jpeg"}],"author":"apuntesdesanluis.com","twitter_card":"summary_large_image","twitter_misc":{"Escrito por":"apuntesdesanluis.com","Tiempo de lectura":"3 minutos"},"schema":{"@context":"https:\/\/schema.org","@graph":[{"@type":"Article","@id":"https:\/\/apuntesdesanluis.com\/index.php\/2025\/02\/15\/le-hicieron-el-cuento-del-tio-y-le-robaron-la-camioneta\/#article","isPartOf":{"@id":"https:\/\/apuntesdesanluis.com\/index.php\/2025\/02\/15\/le-hicieron-el-cuento-del-tio-y-le-robaron-la-camioneta\/"},"author":{"name":"apuntesdesanluis.com","@id":"https:\/\/apuntesdesanluis.com\/#\/schema\/person\/b55151d52296fcce64d1a72538a70b90"},"headline":"LE HICIERON EL CUENTO DEL T\u00cdO Y LE ROBARON LA CAMIONETA","datePublished":"2025-02-16T00:28:27+00:00","mainEntityOfPage":{"@id":"https:\/\/apuntesdesanluis.com\/index.php\/2025\/02\/15\/le-hicieron-el-cuento-del-tio-y-le-robaron-la-camioneta\/"},"wordCount":536,"publisher":{"@id":"https:\/\/apuntesdesanluis.com\/#\/schema\/person\/b55151d52296fcce64d1a72538a70b90"},"image":{"@id":"https:\/\/apuntesdesanluis.com\/index.php\/2025\/02\/15\/le-hicieron-el-cuento-del-tio-y-le-robaron-la-camioneta\/#primaryimage"},"thumbnailUrl":"https:\/\/apuntesdesanluis.com\/wp-content\/uploads\/2025\/02\/Imagen-de-WhatsApp-2025-02-14-a-las-22.00.51_c2c1ab25.jpg","articleSection":["Ciudad\/Provincia"],"inLanguage":"es-AR"},{"@type":"WebPage","@id":"https:\/\/apuntesdesanluis.com\/index.php\/2025\/02\/15\/le-hicieron-el-cuento-del-tio-y-le-robaron-la-camioneta\/","url":"https:\/\/apuntesdesanluis.com\/index.php\/2025\/02\/15\/le-hicieron-el-cuento-del-tio-y-le-robaron-la-camioneta\/","name":"LE HICIERON EL CUENTO DEL T\u00cdO Y LE ROBARON LA CAMIONETA - Apuntes de San Luis","isPartOf":{"@id":"https:\/\/apuntesdesanluis.com\/#website"},"primaryImageOfPage":{"@id":"https:\/\/apuntesdesanluis.com\/index.php\/2025\/02\/15\/le-hicieron-el-cuento-del-tio-y-le-robaron-la-camioneta\/#primaryimage"},"image":{"@id":"https:\/\/apuntesdesanluis.com\/index.php\/2025\/02\/15\/le-hicieron-el-cuento-del-tio-y-le-robaron-la-camioneta\/#primaryimage"},"thumbnailUrl":"https:\/\/apuntesdesanluis.com\/wp-content\/uploads\/2025\/02\/Imagen-de-WhatsApp-2025-02-14-a-las-22.00.51_c2c1ab25.jpg","datePublished":"2025-02-16T00:28:27+00:00","breadcrumb":{"@id":"https:\/\/apuntesdesanluis.com\/index.php\/2025\/02\/15\/le-hicieron-el-cuento-del-tio-y-le-robaron-la-camioneta\/#breadcrumb"},"inLanguage":"es-AR","potentialAction":[{"@type":"ReadAction","target":["https:\/\/apuntesdesanluis.com\/index.php\/2025\/02\/15\/le-hicieron-el-cuento-del-tio-y-le-robaron-la-camioneta\/"]}]},{"@type":"ImageObject","inLanguage":"es-AR","@id":"https:\/\/apuntesdesanluis.com\/index.php\/2025\/02\/15\/le-hicieron-el-cuento-del-tio-y-le-robaron-la-camioneta\/#primaryimage","url":"https:\/\/apuntesdesanluis.com\/wp-content\/uploads\/2025\/02\/Imagen-de-WhatsApp-2025-02-14-a-las-22.00.51_c2c1ab25.jpg","contentUrl":"https:\/\/apuntesdesanluis.com\/wp-content\/uploads\/2025\/02\/Imagen-de-WhatsApp-2025-02-14-a-las-22.00.51_c2c1ab25.jpg","width":800,"height":568},{"@type":"BreadcrumbList","@id":"https:\/\/apuntesdesanluis.com\/index.php\/2025\/02\/15\/le-hicieron-el-cuento-del-tio-y-le-robaron-la-camioneta\/#breadcrumb","itemListElement":[{"@type":"ListItem","position":1,"name":"Inicio","item":"https:\/\/apuntesdesanluis.com\/"},{"@type":"ListItem","position":2,"name":"LE HICIERON EL CUENTO DEL T\u00cdO Y LE ROBARON LA CAMIONETA"}]},{"@type":"WebSite","@id":"https:\/\/apuntesdesanluis.com\/#website","url":"https:\/\/apuntesdesanluis.com\/","name":"Apuntes de San Luis","description":"","publisher":{"@id":"https:\/\/apuntesdesanluis.com\/#\/schema\/person\/b55151d52296fcce64d1a72538a70b90"},"potentialAction":[{"@type":"SearchAction","target":{"@type":"EntryPoint","urlTemplate":"https:\/\/apuntesdesanluis.com\/?s={search_term_string}"},"query-input":{"@type":"PropertyValueSpecification","valueRequired":true,"valueName":"search_term_string"}}],"inLanguage":"es-AR"},{"@type":["Person","Organization"],"@id":"https:\/\/apuntesdesanluis.com\/#\/schema\/person\/b55151d52296fcce64d1a72538a70b90","name":"apuntesdesanluis.com","image":{"@type":"ImageObject","inLanguage":"es-AR","@id":"https:\/\/apuntesdesanluis.com\/#\/schema\/person\/image\/","url":"https:\/\/apuntesdesanluis.com\/wp-content\/uploads\/2023\/07\/cropped-apuntesdesanluis.png","contentUrl":"https:\/\/apuntesdesanluis.com\/wp-content\/uploads\/2023\/07\/cropped-apuntesdesanluis.png","width":450,"height":112,"caption":"apuntesdesanluis.com"},"logo":{"@id":"https:\/\/apuntesdesanluis.com\/#\/schema\/person\/image\/"},"sameAs":["https:\/\/apuntesdesanluis.com"],"url":"https:\/\/apuntesdesanluis.com\/index.php\/author\/apuntesdesanluis-com\/"}]}},"featured_image_urls":{"full":["https:\/\/apuntesdesanluis.com\/wp-content\/uploads\/2025\/02\/Imagen-de-WhatsApp-2025-02-14-a-las-22.00.51_c2c1ab25.jpg",800,568,false],"thumbnail":["https:\/\/apuntesdesanluis.com\/wp-content\/uploads\/2025\/02\/Imagen-de-WhatsApp-2025-02-14-a-las-22.00.51_c2c1ab25-150x150.jpg",150,150,true],"medium":["https:\/\/apuntesdesanluis.com\/wp-content\/uploads\/2025\/02\/Imagen-de-WhatsApp-2025-02-14-a-las-22.00.51_c2c1ab25-300x213.jpg",300,213,true],"medium_large":["https:\/\/apuntesdesanluis.com\/wp-content\/uploads\/2025\/02\/Imagen-de-WhatsApp-2025-02-14-a-las-22.00.51_c2c1ab25-768x545.jpg",640,454,true],"large":["https:\/\/apuntesdesanluis.com\/wp-content\/uploads\/2025\/02\/Imagen-de-WhatsApp-2025-02-14-a-las-22.00.51_c2c1ab25.jpg",640,454,false],"1536x1536":["https:\/\/apuntesdesanluis.com\/wp-content\/uploads\/2025\/02\/Imagen-de-WhatsApp-2025-02-14-a-las-22.00.51_c2c1ab25.jpg",800,568,false],"2048x2048":["https:\/\/apuntesdesanluis.com\/wp-content\/uploads\/2025\/02\/Imagen-de-WhatsApp-2025-02-14-a-las-22.00.51_c2c1ab25.jpg",800,568,false],"newsever-slider-full":["https:\/\/apuntesdesanluis.com\/wp-content\/uploads\/2025\/02\/Imagen-de-WhatsApp-2025-02-14-a-las-22.00.51_c2c1ab25.jpg",800,568,false],"newsever-featured":["https:\/\/apuntesdesanluis.com\/wp-content\/uploads\/2025\/02\/Imagen-de-WhatsApp-2025-02-14-a-las-22.00.51_c2c1ab25.jpg",800,568,false],"newsever-medium":["https:\/\/apuntesdesanluis.com\/wp-content\/uploads\/2025\/02\/Imagen-de-WhatsApp-2025-02-14-a-las-22.00.51_c2c1ab25-720x475.jpg",720,475,true]},"author_info":{"display_name":"apuntesdesanluis.com","author_link":"https:\/\/apuntesdesanluis.com\/index.php\/author\/apuntesdesanluis-com\/"},"category_info":"<a href=\"https:\/\/apuntesdesanluis.com\/index.php\/category\/ciudad-provincia\/\" rel=\"category tag\">Ciudad\/Provincia<\/a>","tag_info":"Ciudad\/Provincia","comment_count":"0","_links":{"self":[{"href":"https:\/\/apuntesdesanluis.com\/index.php\/wp-json\/wp\/v2\/posts\/29216","targetHints":{"allow":["GET"]}}],"collection":[{"href":"https:\/\/apuntesdesanluis.com\/index.php\/wp-json\/wp\/v2\/posts"}],"about":[{"href":"https:\/\/apuntesdesanluis.com\/index.php\/wp-json\/wp\/v2\/types\/post"}],"author":[{"embeddable":true,"href":"https:\/\/apuntesdesanluis.com\/index.php\/wp-json\/wp\/v2\/users\/1"}],"replies":[{"embeddable":true,"href":"https:\/\/apuntesdesanluis.com\/index.php\/wp-json\/wp\/v2\/comments?post=29216"}],"version-history":[{"count":1,"href":"https:\/\/apuntesdesanluis.com\/index.php\/wp-json\/wp\/v2\/posts\/29216\/revisions"}],"predecessor-version":[{"id":29218,"href":"https:\/\/apuntesdesanluis.com\/index.php\/wp-json\/wp\/v2\/posts\/29216\/revisions\/29218"}],"wp:featuredmedia":[{"embeddable":true,"href":"https:\/\/apuntesdesanluis.com\/index.php\/wp-json\/wp\/v2\/media\/29217"}],"wp:attachment":[{"href":"https:\/\/apuntesdesanluis.com\/index.php\/wp-json\/wp\/v2\/media?parent=29216"}],"wp:term":[{"taxonomy":"category","embeddable":true,"href":"https:\/\/apuntesdesanluis.com\/index.php\/wp-json\/wp\/v2\/categories?post=29216"},{"taxonomy":"post_tag","embeddable":true,"href":"https:\/\/apuntesdesanluis.com\/index.php\/wp-json\/wp\/v2\/tags?post=29216"}],"curies":[{"name":"wp","href":"https:\/\/api.w.org\/{rel}","templated":true}]}}