{"id":29219,"date":"2025-02-15T21:34:31","date_gmt":"2025-02-16T00:34:31","guid":{"rendered":"https:\/\/apuntesdesanluis.com\/?p=29219"},"modified":"2025-02-15T21:35:26","modified_gmt":"2025-02-16T00:35:26","slug":"le-clavo-un-cuchillo-en-la-cabeza-al-hermano-fue-a-la-comisaria-y-se-entrego","status":"publish","type":"post","link":"https:\/\/apuntesdesanluis.com\/index.php\/2025\/02\/15\/le-clavo-un-cuchillo-en-la-cabeza-al-hermano-fue-a-la-comisaria-y-se-entrego\/","title":{"rendered":"LE CLAV\u00d3 UN CUCHILLO EN LA CABEZA AL HERMANO, FUE A LA COMISARIA Y SE ENTREG\u00d3"},"content":{"rendered":"<h3>Este viernes el Juzgado de Garant\u00eda N\u00b0 3 de la Primera Circunscripci\u00f3n Judicial, a cargo del Dr. Juan Manuel Montiveros Chada (Juez Subrogante), orden\u00f3 la prisi\u00f3n preventiva por el t\u00e9rmino de 90 d\u00edas para el sujeto de 31 a\u00f1os de edad, imputado por la causa de \u201cHomicidio en grado de tentativa\u201d.<\/h3>\n<h3>El hecho ocurri\u00f3 este jueves 13 de febrero alrededor de las 6:00, en la plaza Trinidad, ubicada en inmediaciones de las calles Juan Pekolj y El Poleo, en la zona este de la ciudad capital.<\/h3>\n<h3>En esa ocasi\u00f3n, dos hombres de 24 y 25 a\u00f1os de edad hab\u00edan estado ingiriendo bebidas alcoh\u00f3licas en un domicilio y se dirigieron hacia un negocio de la zona a comprar m\u00e1s provisiones.<\/h3>\n<h3>Posteriormente, se quedaron en el sector de la plaza y en ese momento se hizo presente el hombre de 31 a\u00f1os, quien sin mediar palabras agredi\u00f3 a su hermano (el sujeto de 24 a\u00f1os de edad), clav\u00e1ndole un cuchillo en la cabeza. Despu\u00e9s de la agresi\u00f3n el hombre\u00a0 de 31 a\u00f1os se retir\u00f3 del lugar.<\/h3>\n<h3>Personal de la Comisar\u00eda Seccional 7\u00b0acudi\u00f3 inmediatamente al lugar para realizar las averiguaciones correspondientes del hecho, mientras que personal del Sempro brind\u00f3 las primeras atenciones al hombre de 24 a\u00f1os. Posteriormente, el hombre herido fue trasladado hacia el Hospital Central \u201cDr. Ram\u00f3n Carrillo\u201d, para recibir atenci\u00f3n m\u00e9dica m\u00e1s compleja debido a la herida.<\/h3>\n<h3>En cuanto al agresor, se present\u00f3 voluntariamente en la Comisar\u00eda Seccional 7\u00b0, donde confes\u00f3 que \u00e9l hab\u00eda agredido con el cuchillo a su hermano, por lo que fue demorado y luego detenido.<\/h3>\n<h3>Tras la audiencia de formulaci\u00f3n de cargos de este viernes, el individuo fue trasladado al Servicio Penitenciario Provincial.<\/h3>\n<p>&nbsp;<\/p>\n<p>&nbsp;<\/p>\n<p>&nbsp;<\/p>\n<p>&nbsp;<\/p>\n<p>&nbsp;<\/p>\n<p>&nbsp;<\/p>\n","protected":false},"excerpt":{"rendered":"<p>Este viernes el Juzgado de Garant\u00eda N\u00b0 3 de la Primera Circunscripci\u00f3n Judicial, a cargo&#8230;<\/p>\n","protected":false},"author":1,"featured_media":29220,"comment_status":"closed","ping_status":"closed","sticky":false,"template":"","format":"standard","meta":{"footnotes":""},"categories":[6],"tags":[],"class_list":["post-29219","post","type-post","status-publish","format-standard","has-post-thumbnail","hentry","category-ciudad-provincia"],"yoast_head":"<!-- This site is optimized with the Yoast SEO plugin v26.1.1 - https:\/\/yoast.com\/wordpress\/plugins\/seo\/ -->\n<title>LE CLAV\u00d3 UN CUCHILLO EN LA CABEZA AL HERMANO, FUE A LA COMISARIA Y SE ENTREG\u00d3 - Apuntes de San Luis<\/title>\n<meta name=\"robots\" content=\"index, follow, max-snippet:-1, max-image-preview:large, max-video-preview:-1\" \/>\n<link rel=\"canonical\" href=\"https:\/\/apuntesdesanluis.com\/index.php\/2025\/02\/15\/le-clavo-un-cuchillo-en-la-cabeza-al-hermano-fue-a-la-comisaria-y-se-entrego\/\" \/>\n<meta property=\"og:locale\" content=\"es_ES\" \/>\n<meta property=\"og:type\" content=\"article\" \/>\n<meta property=\"og:title\" content=\"LE CLAV\u00d3 UN CUCHILLO EN LA CABEZA AL HERMANO, FUE A LA COMISARIA Y SE ENTREG\u00d3 - Apuntes de San Luis\" \/>\n<meta property=\"og:description\" content=\"Este viernes el Juzgado de Garant\u00eda N\u00b0 3 de la Primera Circunscripci\u00f3n Judicial, a cargo...\" \/>\n<meta property=\"og:url\" content=\"https:\/\/apuntesdesanluis.com\/index.php\/2025\/02\/15\/le-clavo-un-cuchillo-en-la-cabeza-al-hermano-fue-a-la-comisaria-y-se-entrego\/\" \/>\n<meta property=\"og:site_name\" content=\"Apuntes de San Luis\" \/>\n<meta property=\"article:published_time\" content=\"2025-02-16T00:34:31+00:00\" \/>\n<meta property=\"article:modified_time\" content=\"2025-02-16T00:35:26+00:00\" \/>\n<meta property=\"og:image\" content=\"https:\/\/apuntesdesanluis.com\/wp-content\/uploads\/2025\/02\/Imagen-de-WhatsApp-2025-02-14-a-las-22.00.27_83fa7187.jpg\" \/>\n\t<meta property=\"og:image:width\" content=\"614\" \/>\n\t<meta property=\"og:image:height\" content=\"446\" \/>\n\t<meta property=\"og:image:type\" content=\"image\/jpeg\" \/>\n<meta name=\"author\" content=\"apuntesdesanluis.com\" \/>\n<meta name=\"twitter:card\" content=\"summary_large_image\" \/>\n<meta name=\"twitter:label1\" content=\"Escrito por\" \/>\n\t<meta name=\"twitter:data1\" content=\"apuntesdesanluis.com\" \/>\n\t<meta name=\"twitter:label2\" content=\"Tiempo de lectura\" \/>\n\t<meta name=\"twitter:data2\" content=\"2 minutos\" \/>\n<script type=\"application\/ld+json\" class=\"yoast-schema-graph\">{\"@context\":\"https:\/\/schema.org\",\"@graph\":[{\"@type\":\"Article\",\"@id\":\"https:\/\/apuntesdesanluis.com\/index.php\/2025\/02\/15\/le-clavo-un-cuchillo-en-la-cabeza-al-hermano-fue-a-la-comisaria-y-se-entrego\/#article\",\"isPartOf\":{\"@id\":\"https:\/\/apuntesdesanluis.com\/index.php\/2025\/02\/15\/le-clavo-un-cuchillo-en-la-cabeza-al-hermano-fue-a-la-comisaria-y-se-entrego\/\"},\"author\":{\"name\":\"apuntesdesanluis.com\",\"@id\":\"https:\/\/apuntesdesanluis.com\/#\/schema\/person\/b55151d52296fcce64d1a72538a70b90\"},\"headline\":\"LE CLAV\u00d3 UN CUCHILLO EN LA CABEZA AL HERMANO, FUE A LA COMISARIA Y SE ENTREG\u00d3\",\"datePublished\":\"2025-02-16T00:34:31+00:00\",\"dateModified\":\"2025-02-16T00:35:26+00:00\",\"mainEntityOfPage\":{\"@id\":\"https:\/\/apuntesdesanluis.com\/index.php\/2025\/02\/15\/le-clavo-un-cuchillo-en-la-cabeza-al-hermano-fue-a-la-comisaria-y-se-entrego\/\"},\"wordCount\":313,\"publisher\":{\"@id\":\"https:\/\/apuntesdesanluis.com\/#\/schema\/person\/b55151d52296fcce64d1a72538a70b90\"},\"image\":{\"@id\":\"https:\/\/apuntesdesanluis.com\/index.php\/2025\/02\/15\/le-clavo-un-cuchillo-en-la-cabeza-al-hermano-fue-a-la-comisaria-y-se-entrego\/#primaryimage\"},\"thumbnailUrl\":\"https:\/\/apuntesdesanluis.com\/wp-content\/uploads\/2025\/02\/Imagen-de-WhatsApp-2025-02-14-a-las-22.00.27_83fa7187.jpg\",\"articleSection\":[\"Ciudad\/Provincia\"],\"inLanguage\":\"es-AR\"},{\"@type\":\"WebPage\",\"@id\":\"https:\/\/apuntesdesanluis.com\/index.php\/2025\/02\/15\/le-clavo-un-cuchillo-en-la-cabeza-al-hermano-fue-a-la-comisaria-y-se-entrego\/\",\"url\":\"https:\/\/apuntesdesanluis.com\/index.php\/2025\/02\/15\/le-clavo-un-cuchillo-en-la-cabeza-al-hermano-fue-a-la-comisaria-y-se-entrego\/\",\"name\":\"LE CLAV\u00d3 UN CUCHILLO EN LA CABEZA AL HERMANO, FUE A LA COMISARIA Y SE ENTREG\u00d3 - Apuntes de San Luis\",\"isPartOf\":{\"@id\":\"https:\/\/apuntesdesanluis.com\/#website\"},\"primaryImageOfPage\":{\"@id\":\"https:\/\/apuntesdesanluis.com\/index.php\/2025\/02\/15\/le-clavo-un-cuchillo-en-la-cabeza-al-hermano-fue-a-la-comisaria-y-se-entrego\/#primaryimage\"},\"image\":{\"@id\":\"https:\/\/apuntesdesanluis.com\/index.php\/2025\/02\/15\/le-clavo-un-cuchillo-en-la-cabeza-al-hermano-fue-a-la-comisaria-y-se-entrego\/#primaryimage\"},\"thumbnailUrl\":\"https:\/\/apuntesdesanluis.com\/wp-content\/uploads\/2025\/02\/Imagen-de-WhatsApp-2025-02-14-a-las-22.00.27_83fa7187.jpg\",\"datePublished\":\"2025-02-16T00:34:31+00:00\",\"dateModified\":\"2025-02-16T00:35:26+00:00\",\"breadcrumb\":{\"@id\":\"https:\/\/apuntesdesanluis.com\/index.php\/2025\/02\/15\/le-clavo-un-cuchillo-en-la-cabeza-al-hermano-fue-a-la-comisaria-y-se-entrego\/#breadcrumb\"},\"inLanguage\":\"es-AR\",\"potentialAction\":[{\"@type\":\"ReadAction\",\"target\":[\"https:\/\/apuntesdesanluis.com\/index.php\/2025\/02\/15\/le-clavo-un-cuchillo-en-la-cabeza-al-hermano-fue-a-la-comisaria-y-se-entrego\/\"]}]},{\"@type\":\"ImageObject\",\"inLanguage\":\"es-AR\",\"@id\":\"https:\/\/apuntesdesanluis.com\/index.php\/2025\/02\/15\/le-clavo-un-cuchillo-en-la-cabeza-al-hermano-fue-a-la-comisaria-y-se-entrego\/#primaryimage\",\"url\":\"https:\/\/apuntesdesanluis.com\/wp-content\/uploads\/2025\/02\/Imagen-de-WhatsApp-2025-02-14-a-las-22.00.27_83fa7187.jpg\",\"contentUrl\":\"https:\/\/apuntesdesanluis.com\/wp-content\/uploads\/2025\/02\/Imagen-de-WhatsApp-2025-02-14-a-las-22.00.27_83fa7187.jpg\",\"width\":614,\"height\":446},{\"@type\":\"BreadcrumbList\",\"@id\":\"https:\/\/apuntesdesanluis.com\/index.php\/2025\/02\/15\/le-clavo-un-cuchillo-en-la-cabeza-al-hermano-fue-a-la-comisaria-y-se-entrego\/#breadcrumb\",\"itemListElement\":[{\"@type\":\"ListItem\",\"position\":1,\"name\":\"Inicio\",\"item\":\"https:\/\/apuntesdesanluis.com\/\"},{\"@type\":\"ListItem\",\"position\":2,\"name\":\"LE CLAV\u00d3 UN CUCHILLO EN LA CABEZA AL HERMANO, FUE A LA COMISARIA Y SE ENTREG\u00d3\"}]},{\"@type\":\"WebSite\",\"@id\":\"https:\/\/apuntesdesanluis.com\/#website\",\"url\":\"https:\/\/apuntesdesanluis.com\/\",\"name\":\"Apuntes de San Luis\",\"description\":\"\",\"publisher\":{\"@id\":\"https:\/\/apuntesdesanluis.com\/#\/schema\/person\/b55151d52296fcce64d1a72538a70b90\"},\"potentialAction\":[{\"@type\":\"SearchAction\",\"target\":{\"@type\":\"EntryPoint\",\"urlTemplate\":\"https:\/\/apuntesdesanluis.com\/?s={search_term_string}\"},\"query-input\":{\"@type\":\"PropertyValueSpecification\",\"valueRequired\":true,\"valueName\":\"search_term_string\"}}],\"inLanguage\":\"es-AR\"},{\"@type\":[\"Person\",\"Organization\"],\"@id\":\"https:\/\/apuntesdesanluis.com\/#\/schema\/person\/b55151d52296fcce64d1a72538a70b90\",\"name\":\"apuntesdesanluis.com\",\"image\":{\"@type\":\"ImageObject\",\"inLanguage\":\"es-AR\",\"@id\":\"https:\/\/apuntesdesanluis.com\/#\/schema\/person\/image\/\",\"url\":\"https:\/\/apuntesdesanluis.com\/wp-content\/uploads\/2023\/07\/cropped-apuntesdesanluis.png\",\"contentUrl\":\"https:\/\/apuntesdesanluis.com\/wp-content\/uploads\/2023\/07\/cropped-apuntesdesanluis.png\",\"width\":450,\"height\":112,\"caption\":\"apuntesdesanluis.com\"},\"logo\":{\"@id\":\"https:\/\/apuntesdesanluis.com\/#\/schema\/person\/image\/\"},\"sameAs\":[\"https:\/\/apuntesdesanluis.com\"],\"url\":\"https:\/\/apuntesdesanluis.com\/index.php\/author\/apuntesdesanluis-com\/\"}]}<\/script>\n<!-- \/ Yoast SEO plugin. -->","yoast_head_json":{"title":"LE CLAV\u00d3 UN CUCHILLO EN LA CABEZA AL HERMANO, FUE A LA COMISARIA Y SE ENTREG\u00d3 - Apuntes de San Luis","robots":{"index":"index","follow":"follow","max-snippet":"max-snippet:-1","max-image-preview":"max-image-preview:large","max-video-preview":"max-video-preview:-1"},"canonical":"https:\/\/apuntesdesanluis.com\/index.php\/2025\/02\/15\/le-clavo-un-cuchillo-en-la-cabeza-al-hermano-fue-a-la-comisaria-y-se-entrego\/","og_locale":"es_ES","og_type":"article","og_title":"LE CLAV\u00d3 UN CUCHILLO EN LA CABEZA AL HERMANO, FUE A LA COMISARIA Y SE ENTREG\u00d3 - Apuntes de San Luis","og_description":"Este viernes el Juzgado de Garant\u00eda N\u00b0 3 de la Primera Circunscripci\u00f3n Judicial, a cargo...","og_url":"https:\/\/apuntesdesanluis.com\/index.php\/2025\/02\/15\/le-clavo-un-cuchillo-en-la-cabeza-al-hermano-fue-a-la-comisaria-y-se-entrego\/","og_site_name":"Apuntes de San Luis","article_published_time":"2025-02-16T00:34:31+00:00","article_modified_time":"2025-02-16T00:35:26+00:00","og_image":[{"width":614,"height":446,"url":"https:\/\/apuntesdesanluis.com\/wp-content\/uploads\/2025\/02\/Imagen-de-WhatsApp-2025-02-14-a-las-22.00.27_83fa7187.jpg","type":"image\/jpeg"}],"author":"apuntesdesanluis.com","twitter_card":"summary_large_image","twitter_misc":{"Escrito por":"apuntesdesanluis.com","Tiempo de lectura":"2 minutos"},"schema":{"@context":"https:\/\/schema.org","@graph":[{"@type":"Article","@id":"https:\/\/apuntesdesanluis.com\/index.php\/2025\/02\/15\/le-clavo-un-cuchillo-en-la-cabeza-al-hermano-fue-a-la-comisaria-y-se-entrego\/#article","isPartOf":{"@id":"https:\/\/apuntesdesanluis.com\/index.php\/2025\/02\/15\/le-clavo-un-cuchillo-en-la-cabeza-al-hermano-fue-a-la-comisaria-y-se-entrego\/"},"author":{"name":"apuntesdesanluis.com","@id":"https:\/\/apuntesdesanluis.com\/#\/schema\/person\/b55151d52296fcce64d1a72538a70b90"},"headline":"LE CLAV\u00d3 UN CUCHILLO EN LA CABEZA AL HERMANO, FUE A LA COMISARIA Y SE ENTREG\u00d3","datePublished":"2025-02-16T00:34:31+00:00","dateModified":"2025-02-16T00:35:26+00:00","mainEntityOfPage":{"@id":"https:\/\/apuntesdesanluis.com\/index.php\/2025\/02\/15\/le-clavo-un-cuchillo-en-la-cabeza-al-hermano-fue-a-la-comisaria-y-se-entrego\/"},"wordCount":313,"publisher":{"@id":"https:\/\/apuntesdesanluis.com\/#\/schema\/person\/b55151d52296fcce64d1a72538a70b90"},"image":{"@id":"https:\/\/apuntesdesanluis.com\/index.php\/2025\/02\/15\/le-clavo-un-cuchillo-en-la-cabeza-al-hermano-fue-a-la-comisaria-y-se-entrego\/#primaryimage"},"thumbnailUrl":"https:\/\/apuntesdesanluis.com\/wp-content\/uploads\/2025\/02\/Imagen-de-WhatsApp-2025-02-14-a-las-22.00.27_83fa7187.jpg","articleSection":["Ciudad\/Provincia"],"inLanguage":"es-AR"},{"@type":"WebPage","@id":"https:\/\/apuntesdesanluis.com\/index.php\/2025\/02\/15\/le-clavo-un-cuchillo-en-la-cabeza-al-hermano-fue-a-la-comisaria-y-se-entrego\/","url":"https:\/\/apuntesdesanluis.com\/index.php\/2025\/02\/15\/le-clavo-un-cuchillo-en-la-cabeza-al-hermano-fue-a-la-comisaria-y-se-entrego\/","name":"LE CLAV\u00d3 UN CUCHILLO EN LA CABEZA AL HERMANO, FUE A LA COMISARIA Y SE ENTREG\u00d3 - Apuntes de San Luis","isPartOf":{"@id":"https:\/\/apuntesdesanluis.com\/#website"},"primaryImageOfPage":{"@id":"https:\/\/apuntesdesanluis.com\/index.php\/2025\/02\/15\/le-clavo-un-cuchillo-en-la-cabeza-al-hermano-fue-a-la-comisaria-y-se-entrego\/#primaryimage"},"image":{"@id":"https:\/\/apuntesdesanluis.com\/index.php\/2025\/02\/15\/le-clavo-un-cuchillo-en-la-cabeza-al-hermano-fue-a-la-comisaria-y-se-entrego\/#primaryimage"},"thumbnailUrl":"https:\/\/apuntesdesanluis.com\/wp-content\/uploads\/2025\/02\/Imagen-de-WhatsApp-2025-02-14-a-las-22.00.27_83fa7187.jpg","datePublished":"2025-02-16T00:34:31+00:00","dateModified":"2025-02-16T00:35:26+00:00","breadcrumb":{"@id":"https:\/\/apuntesdesanluis.com\/index.php\/2025\/02\/15\/le-clavo-un-cuchillo-en-la-cabeza-al-hermano-fue-a-la-comisaria-y-se-entrego\/#breadcrumb"},"inLanguage":"es-AR","potentialAction":[{"@type":"ReadAction","target":["https:\/\/apuntesdesanluis.com\/index.php\/2025\/02\/15\/le-clavo-un-cuchillo-en-la-cabeza-al-hermano-fue-a-la-comisaria-y-se-entrego\/"]}]},{"@type":"ImageObject","inLanguage":"es-AR","@id":"https:\/\/apuntesdesanluis.com\/index.php\/2025\/02\/15\/le-clavo-un-cuchillo-en-la-cabeza-al-hermano-fue-a-la-comisaria-y-se-entrego\/#primaryimage","url":"https:\/\/apuntesdesanluis.com\/wp-content\/uploads\/2025\/02\/Imagen-de-WhatsApp-2025-02-14-a-las-22.00.27_83fa7187.jpg","contentUrl":"https:\/\/apuntesdesanluis.com\/wp-content\/uploads\/2025\/02\/Imagen-de-WhatsApp-2025-02-14-a-las-22.00.27_83fa7187.jpg","width":614,"height":446},{"@type":"BreadcrumbList","@id":"https:\/\/apuntesdesanluis.com\/index.php\/2025\/02\/15\/le-clavo-un-cuchillo-en-la-cabeza-al-hermano-fue-a-la-comisaria-y-se-entrego\/#breadcrumb","itemListElement":[{"@type":"ListItem","position":1,"name":"Inicio","item":"https:\/\/apuntesdesanluis.com\/"},{"@type":"ListItem","position":2,"name":"LE CLAV\u00d3 UN CUCHILLO EN LA CABEZA AL HERMANO, FUE A LA COMISARIA Y SE ENTREG\u00d3"}]},{"@type":"WebSite","@id":"https:\/\/apuntesdesanluis.com\/#website","url":"https:\/\/apuntesdesanluis.com\/","name":"Apuntes de San Luis","description":"","publisher":{"@id":"https:\/\/apuntesdesanluis.com\/#\/schema\/person\/b55151d52296fcce64d1a72538a70b90"},"potentialAction":[{"@type":"SearchAction","target":{"@type":"EntryPoint","urlTemplate":"https:\/\/apuntesdesanluis.com\/?s={search_term_string}"},"query-input":{"@type":"PropertyValueSpecification","valueRequired":true,"valueName":"search_term_string"}}],"inLanguage":"es-AR"},{"@type":["Person","Organization"],"@id":"https:\/\/apuntesdesanluis.com\/#\/schema\/person\/b55151d52296fcce64d1a72538a70b90","name":"apuntesdesanluis.com","image":{"@type":"ImageObject","inLanguage":"es-AR","@id":"https:\/\/apuntesdesanluis.com\/#\/schema\/person\/image\/","url":"https:\/\/apuntesdesanluis.com\/wp-content\/uploads\/2023\/07\/cropped-apuntesdesanluis.png","contentUrl":"https:\/\/apuntesdesanluis.com\/wp-content\/uploads\/2023\/07\/cropped-apuntesdesanluis.png","width":450,"height":112,"caption":"apuntesdesanluis.com"},"logo":{"@id":"https:\/\/apuntesdesanluis.com\/#\/schema\/person\/image\/"},"sameAs":["https:\/\/apuntesdesanluis.com"],"url":"https:\/\/apuntesdesanluis.com\/index.php\/author\/apuntesdesanluis-com\/"}]}},"featured_image_urls":{"full":["https:\/\/apuntesdesanluis.com\/wp-content\/uploads\/2025\/02\/Imagen-de-WhatsApp-2025-02-14-a-las-22.00.27_83fa7187.jpg",614,446,false],"thumbnail":["https:\/\/apuntesdesanluis.com\/wp-content\/uploads\/2025\/02\/Imagen-de-WhatsApp-2025-02-14-a-las-22.00.27_83fa7187-150x150.jpg",150,150,true],"medium":["https:\/\/apuntesdesanluis.com\/wp-content\/uploads\/2025\/02\/Imagen-de-WhatsApp-2025-02-14-a-las-22.00.27_83fa7187-300x218.jpg",300,218,true],"medium_large":["https:\/\/apuntesdesanluis.com\/wp-content\/uploads\/2025\/02\/Imagen-de-WhatsApp-2025-02-14-a-las-22.00.27_83fa7187.jpg",614,446,false],"large":["https:\/\/apuntesdesanluis.com\/wp-content\/uploads\/2025\/02\/Imagen-de-WhatsApp-2025-02-14-a-las-22.00.27_83fa7187.jpg",614,446,false],"1536x1536":["https:\/\/apuntesdesanluis.com\/wp-content\/uploads\/2025\/02\/Imagen-de-WhatsApp-2025-02-14-a-las-22.00.27_83fa7187.jpg",614,446,false],"2048x2048":["https:\/\/apuntesdesanluis.com\/wp-content\/uploads\/2025\/02\/Imagen-de-WhatsApp-2025-02-14-a-las-22.00.27_83fa7187.jpg",614,446,false],"newsever-slider-full":["https:\/\/apuntesdesanluis.com\/wp-content\/uploads\/2025\/02\/Imagen-de-WhatsApp-2025-02-14-a-las-22.00.27_83fa7187.jpg",614,446,false],"newsever-featured":["https:\/\/apuntesdesanluis.com\/wp-content\/uploads\/2025\/02\/Imagen-de-WhatsApp-2025-02-14-a-las-22.00.27_83fa7187.jpg",614,446,false],"newsever-medium":["https:\/\/apuntesdesanluis.com\/wp-content\/uploads\/2025\/02\/Imagen-de-WhatsApp-2025-02-14-a-las-22.00.27_83fa7187.jpg",614,446,false]},"author_info":{"display_name":"apuntesdesanluis.com","author_link":"https:\/\/apuntesdesanluis.com\/index.php\/author\/apuntesdesanluis-com\/"},"category_info":"<a href=\"https:\/\/apuntesdesanluis.com\/index.php\/category\/ciudad-provincia\/\" rel=\"category tag\">Ciudad\/Provincia<\/a>","tag_info":"Ciudad\/Provincia","comment_count":"0","_links":{"self":[{"href":"https:\/\/apuntesdesanluis.com\/index.php\/wp-json\/wp\/v2\/posts\/29219","targetHints":{"allow":["GET"]}}],"collection":[{"href":"https:\/\/apuntesdesanluis.com\/index.php\/wp-json\/wp\/v2\/posts"}],"about":[{"href":"https:\/\/apuntesdesanluis.com\/index.php\/wp-json\/wp\/v2\/types\/post"}],"author":[{"embeddable":true,"href":"https:\/\/apuntesdesanluis.com\/index.php\/wp-json\/wp\/v2\/users\/1"}],"replies":[{"embeddable":true,"href":"https:\/\/apuntesdesanluis.com\/index.php\/wp-json\/wp\/v2\/comments?post=29219"}],"version-history":[{"count":2,"href":"https:\/\/apuntesdesanluis.com\/index.php\/wp-json\/wp\/v2\/posts\/29219\/revisions"}],"predecessor-version":[{"id":29222,"href":"https:\/\/apuntesdesanluis.com\/index.php\/wp-json\/wp\/v2\/posts\/29219\/revisions\/29222"}],"wp:featuredmedia":[{"embeddable":true,"href":"https:\/\/apuntesdesanluis.com\/index.php\/wp-json\/wp\/v2\/media\/29220"}],"wp:attachment":[{"href":"https:\/\/apuntesdesanluis.com\/index.php\/wp-json\/wp\/v2\/media?parent=29219"}],"wp:term":[{"taxonomy":"category","embeddable":true,"href":"https:\/\/apuntesdesanluis.com\/index.php\/wp-json\/wp\/v2\/categories?post=29219"},{"taxonomy":"post_tag","embeddable":true,"href":"https:\/\/apuntesdesanluis.com\/index.php\/wp-json\/wp\/v2\/tags?post=29219"}],"curies":[{"name":"wp","href":"https:\/\/api.w.org\/{rel}","templated":true}]}}