{"id":29234,"date":"2025-02-15T10:31:17","date_gmt":"2025-02-15T13:31:17","guid":{"rendered":"https:\/\/apuntesdesanluis.com\/?p=29234"},"modified":"2025-02-16T22:22:42","modified_gmt":"2025-02-17T01:22:42","slug":"la-punta-la-nueva-casa-del-futbol-seniors-a-nivel-nacional","status":"publish","type":"post","link":"https:\/\/apuntesdesanluis.com\/index.php\/2025\/02\/15\/la-punta-la-nueva-casa-del-futbol-seniors-a-nivel-nacional\/","title":{"rendered":"LA PUNTA: LA NUEVA CASA DEL F\u00daTBOL SENIORS A NIVEL NACIONAL."},"content":{"rendered":"<h3>El viernes \u00faltimo en el Estadio Provincial \u201cJuan Gilberto Funes\u201d se realiz\u00f3 el tradicional Acto de Apertura de la <strong>Copa Ciudad de La Punta<\/strong>, la V edici\u00f3n de una competencia que promete llevar la disciplina a lo m\u00e1s alto.<\/h3>\n<p><img fetchpriority=\"high\" decoding=\"async\" class=\"wp-image-29236 aligncenter\" src=\"https:\/\/apuntesdesanluis.com\/wp-content\/uploads\/2025\/02\/apertura-300x167.png\" alt=\"\" width=\"622\" height=\"346\" srcset=\"https:\/\/apuntesdesanluis.com\/wp-content\/uploads\/2025\/02\/apertura-300x167.png 300w, https:\/\/apuntesdesanluis.com\/wp-content\/uploads\/2025\/02\/apertura-768x428.png 768w, https:\/\/apuntesdesanluis.com\/wp-content\/uploads\/2025\/02\/apertura.png 783w\" sizes=\"(max-width: 622px) 100vw, 622px\" \/><\/p>\n<h3>La ceremonia, que se llev\u00f3 a cabo luego de que se acreditaran los 16 equipos que van a competir en el torneo, fue encabezada por el Intendente de La Punta, <strong>Luciano Ayala<\/strong>, quien brind\u00f3 unas palabras a los presentes: \u201cMe llena de orgullo y emoci\u00f3n ver c\u00f3mo nuestra ciudad se convierte en un escenario deportivo de excelencia con la Copa Ciudad de La Punta. La participaci\u00f3n de equipos locales y de otras provincias en el Estadio y en el CARD (Centro de Alto Rendimiento Deportivo) es un testimonio del creciente inter\u00e9s por este tipo de eventos y de la pasi\u00f3n que nos une como comunidad\u201d.<\/h3>\n<h3><img decoding=\"async\" class=\"wp-image-29237 aligncenter\" src=\"https:\/\/apuntesdesanluis.com\/wp-content\/uploads\/2025\/02\/ayala-300x203.png\" alt=\"\" width=\"622\" height=\"421\" srcset=\"https:\/\/apuntesdesanluis.com\/wp-content\/uploads\/2025\/02\/ayala-300x203.png 300w, https:\/\/apuntesdesanluis.com\/wp-content\/uploads\/2025\/02\/ayala.png 700w\" sizes=\"(max-width: 622px) 100vw, 622px\" \/><\/h3>\n<h3><img decoding=\"async\" class=\"wp-image-29238 aligncenter\" src=\"https:\/\/apuntesdesanluis.com\/wp-content\/uploads\/2025\/02\/olivero-300x213.png\" alt=\"\" width=\"620\" height=\"440\" srcset=\"https:\/\/apuntesdesanluis.com\/wp-content\/uploads\/2025\/02\/olivero-300x213.png 300w, https:\/\/apuntesdesanluis.com\/wp-content\/uploads\/2025\/02\/olivero.png 700w\" sizes=\"(max-width: 620px) 100vw, 620px\" \/><\/h3>\n<h3>Tambi\u00e9n estuvieron presentes en el acto el Senador Provincial, Mart\u00edn Olivero; la Diputada Provincial, Luciana Perano; la Diputada por Ayacucho, Aida Beatriz L\u00f3pez; el Intendente de Luj\u00e1n, Pablo Oscar L\u00f3pez; el Director de F\u00fatbol Seniors de la Secretar\u00eda de Deportes del Gobierno de San Luis, Daniel Hugo Vera; autoridades del Estadio Provincial y del CARD, Secretarios y Directivos de la Municipalidad de La Punta.<\/h3>\n<h3>Tras la ceremonia, se jugaron los primeros 4 partidos, uno de cada zona de la cabeza de serie.<\/h3>\n<p><img loading=\"lazy\" decoding=\"async\" class=\"wp-image-29239 aligncenter\" src=\"https:\/\/apuntesdesanluis.com\/wp-content\/uploads\/2025\/02\/480096869_1189271536534041_8590174738780149000_n-300x133.jpg\" alt=\"\" width=\"616\" height=\"273\" srcset=\"https:\/\/apuntesdesanluis.com\/wp-content\/uploads\/2025\/02\/480096869_1189271536534041_8590174738780149000_n-300x133.jpg 300w, https:\/\/apuntesdesanluis.com\/wp-content\/uploads\/2025\/02\/480096869_1189271536534041_8590174738780149000_n.jpg 586w\" sizes=\"(max-width: 616px) 100vw, 616px\" \/><\/p>\n<p><img loading=\"lazy\" decoding=\"async\" class=\"wp-image-29240 aligncenter\" src=\"https:\/\/apuntesdesanluis.com\/wp-content\/uploads\/2025\/02\/480426241_1189271406534054_6527480092194095113_n-300x133.jpg\" alt=\"\" width=\"614\" height=\"272\" srcset=\"https:\/\/apuntesdesanluis.com\/wp-content\/uploads\/2025\/02\/480426241_1189271406534054_6527480092194095113_n-300x133.jpg 300w, https:\/\/apuntesdesanluis.com\/wp-content\/uploads\/2025\/02\/480426241_1189271406534054_6527480092194095113_n.jpg 586w\" sizes=\"(max-width: 614px) 100vw, 614px\" \/><\/p>\n<p><img loading=\"lazy\" decoding=\"async\" class=\"wp-image-29241 aligncenter\" src=\"https:\/\/apuntesdesanluis.com\/wp-content\/uploads\/2025\/02\/480443046_1189271263200735_4705153119315643907_n-300x133.jpg\" alt=\"\" width=\"611\" height=\"271\" srcset=\"https:\/\/apuntesdesanluis.com\/wp-content\/uploads\/2025\/02\/480443046_1189271263200735_4705153119315643907_n-300x133.jpg 300w, https:\/\/apuntesdesanluis.com\/wp-content\/uploads\/2025\/02\/480443046_1189271263200735_4705153119315643907_n.jpg 586w\" sizes=\"(max-width: 611px) 100vw, 611px\" \/><\/p>\n<p><img loading=\"lazy\" decoding=\"async\" class=\"wp-image-29242 aligncenter\" src=\"https:\/\/apuntesdesanluis.com\/wp-content\/uploads\/2025\/02\/Screenshot_1-300x158.png\" alt=\"\" width=\"609\" height=\"321\" srcset=\"https:\/\/apuntesdesanluis.com\/wp-content\/uploads\/2025\/02\/Screenshot_1-300x158.png 300w, https:\/\/apuntesdesanluis.com\/wp-content\/uploads\/2025\/02\/Screenshot_1-768x406.png 768w, https:\/\/apuntesdesanluis.com\/wp-content\/uploads\/2025\/02\/Screenshot_1.png 981w\" sizes=\"(max-width: 609px) 100vw, 609px\" \/><\/p>\n<h3>Los resultados de los primeros 4 partidos de la V edici\u00f3n de la Copa Ciudad de La Punta, uno de cada zona de la cabeza de serie, fueron los siguientes:<\/h3>\n<div class=\"x11i5rnm xat24cr x1mh8g0r x1vvkbs xtlvy1s x126k92a\">\n<h3 dir=\"auto\">&#8211; Hurac\u00e1n de Tres Arroyos 1 \u2013 1 Liga Senior Dupuy<\/h3>\n<h3 dir=\"auto\">&#8211; San Mart\u00edn de Tucum\u00e1n 0 \u2013 0 FOECYT<\/h3>\n<h3 dir=\"auto\">&#8211; Villa Mar\u00eda 5 \u2013 2 Nogol\u00ed<\/h3>\n<h3 dir=\"auto\">&#8211; Sarmiento de Jun\u00edn 3 \u2013 3 Rawson<\/h3>\n<\/div>\n<p>&nbsp;<\/p>\n<p>&nbsp;<\/p>\n<p>&nbsp;<\/p>\n<p>&nbsp;<\/p>\n","protected":false},"excerpt":{"rendered":"<p>El viernes \u00faltimo en el Estadio Provincial \u201cJuan Gilberto Funes\u201d se realiz\u00f3 el tradicional Acto&#8230;<\/p>\n","protected":false},"author":1,"featured_media":29235,"comment_status":"closed","ping_status":"closed","sticky":false,"template":"","format":"standard","meta":{"footnotes":""},"categories":[6],"tags":[],"class_list":["post-29234","post","type-post","status-publish","format-standard","has-post-thumbnail","hentry","category-ciudad-provincia"],"yoast_head":"<!-- This site is optimized with the Yoast SEO plugin v26.1.1 - https:\/\/yoast.com\/wordpress\/plugins\/seo\/ -->\n<title>LA PUNTA: LA NUEVA CASA DEL F\u00daTBOL SENIORS A NIVEL NACIONAL. - Apuntes de San Luis<\/title>\n<meta name=\"robots\" content=\"index, follow, max-snippet:-1, max-image-preview:large, max-video-preview:-1\" \/>\n<link rel=\"canonical\" href=\"https:\/\/apuntesdesanluis.com\/index.php\/2025\/02\/15\/la-punta-la-nueva-casa-del-futbol-seniors-a-nivel-nacional\/\" \/>\n<meta property=\"og:locale\" content=\"es_ES\" \/>\n<meta property=\"og:type\" content=\"article\" \/>\n<meta property=\"og:title\" content=\"LA PUNTA: LA NUEVA CASA DEL F\u00daTBOL SENIORS A NIVEL NACIONAL. - Apuntes de San Luis\" \/>\n<meta property=\"og:description\" content=\"El viernes \u00faltimo en el Estadio Provincial \u201cJuan Gilberto Funes\u201d se realiz\u00f3 el tradicional Acto...\" \/>\n<meta property=\"og:url\" content=\"https:\/\/apuntesdesanluis.com\/index.php\/2025\/02\/15\/la-punta-la-nueva-casa-del-futbol-seniors-a-nivel-nacional\/\" \/>\n<meta property=\"og:site_name\" content=\"Apuntes de San Luis\" \/>\n<meta property=\"article:published_time\" content=\"2025-02-15T13:31:17+00:00\" \/>\n<meta property=\"article:modified_time\" content=\"2025-02-17T01:22:42+00:00\" \/>\n<meta property=\"og:image\" content=\"https:\/\/apuntesdesanluis.com\/wp-content\/uploads\/2025\/02\/luciano-ayala.jpg\" \/>\n\t<meta property=\"og:image:width\" content=\"600\" \/>\n\t<meta property=\"og:image:height\" content=\"421\" \/>\n\t<meta property=\"og:image:type\" content=\"image\/jpeg\" \/>\n<meta name=\"author\" content=\"apuntesdesanluis.com\" \/>\n<meta name=\"twitter:card\" content=\"summary_large_image\" \/>\n<meta name=\"twitter:label1\" content=\"Escrito por\" \/>\n\t<meta name=\"twitter:data1\" content=\"apuntesdesanluis.com\" \/>\n\t<meta name=\"twitter:label2\" content=\"Tiempo de lectura\" \/>\n\t<meta name=\"twitter:data2\" content=\"3 minutos\" \/>\n<script type=\"application\/ld+json\" class=\"yoast-schema-graph\">{\"@context\":\"https:\/\/schema.org\",\"@graph\":[{\"@type\":\"Article\",\"@id\":\"https:\/\/apuntesdesanluis.com\/index.php\/2025\/02\/15\/la-punta-la-nueva-casa-del-futbol-seniors-a-nivel-nacional\/#article\",\"isPartOf\":{\"@id\":\"https:\/\/apuntesdesanluis.com\/index.php\/2025\/02\/15\/la-punta-la-nueva-casa-del-futbol-seniors-a-nivel-nacional\/\"},\"author\":{\"name\":\"apuntesdesanluis.com\",\"@id\":\"https:\/\/apuntesdesanluis.com\/#\/schema\/person\/b55151d52296fcce64d1a72538a70b90\"},\"headline\":\"LA PUNTA: LA NUEVA CASA DEL F\u00daTBOL SENIORS A NIVEL NACIONAL.\",\"datePublished\":\"2025-02-15T13:31:17+00:00\",\"dateModified\":\"2025-02-17T01:22:42+00:00\",\"mainEntityOfPage\":{\"@id\":\"https:\/\/apuntesdesanluis.com\/index.php\/2025\/02\/15\/la-punta-la-nueva-casa-del-futbol-seniors-a-nivel-nacional\/\"},\"wordCount\":312,\"publisher\":{\"@id\":\"https:\/\/apuntesdesanluis.com\/#\/schema\/person\/b55151d52296fcce64d1a72538a70b90\"},\"image\":{\"@id\":\"https:\/\/apuntesdesanluis.com\/index.php\/2025\/02\/15\/la-punta-la-nueva-casa-del-futbol-seniors-a-nivel-nacional\/#primaryimage\"},\"thumbnailUrl\":\"https:\/\/apuntesdesanluis.com\/wp-content\/uploads\/2025\/02\/luciano-ayala.jpg\",\"articleSection\":[\"Ciudad\/Provincia\"],\"inLanguage\":\"es-AR\"},{\"@type\":\"WebPage\",\"@id\":\"https:\/\/apuntesdesanluis.com\/index.php\/2025\/02\/15\/la-punta-la-nueva-casa-del-futbol-seniors-a-nivel-nacional\/\",\"url\":\"https:\/\/apuntesdesanluis.com\/index.php\/2025\/02\/15\/la-punta-la-nueva-casa-del-futbol-seniors-a-nivel-nacional\/\",\"name\":\"LA PUNTA: LA NUEVA CASA DEL F\u00daTBOL SENIORS A NIVEL NACIONAL. - Apuntes de San Luis\",\"isPartOf\":{\"@id\":\"https:\/\/apuntesdesanluis.com\/#website\"},\"primaryImageOfPage\":{\"@id\":\"https:\/\/apuntesdesanluis.com\/index.php\/2025\/02\/15\/la-punta-la-nueva-casa-del-futbol-seniors-a-nivel-nacional\/#primaryimage\"},\"image\":{\"@id\":\"https:\/\/apuntesdesanluis.com\/index.php\/2025\/02\/15\/la-punta-la-nueva-casa-del-futbol-seniors-a-nivel-nacional\/#primaryimage\"},\"thumbnailUrl\":\"https:\/\/apuntesdesanluis.com\/wp-content\/uploads\/2025\/02\/luciano-ayala.jpg\",\"datePublished\":\"2025-02-15T13:31:17+00:00\",\"dateModified\":\"2025-02-17T01:22:42+00:00\",\"breadcrumb\":{\"@id\":\"https:\/\/apuntesdesanluis.com\/index.php\/2025\/02\/15\/la-punta-la-nueva-casa-del-futbol-seniors-a-nivel-nacional\/#breadcrumb\"},\"inLanguage\":\"es-AR\",\"potentialAction\":[{\"@type\":\"ReadAction\",\"target\":[\"https:\/\/apuntesdesanluis.com\/index.php\/2025\/02\/15\/la-punta-la-nueva-casa-del-futbol-seniors-a-nivel-nacional\/\"]}]},{\"@type\":\"ImageObject\",\"inLanguage\":\"es-AR\",\"@id\":\"https:\/\/apuntesdesanluis.com\/index.php\/2025\/02\/15\/la-punta-la-nueva-casa-del-futbol-seniors-a-nivel-nacional\/#primaryimage\",\"url\":\"https:\/\/apuntesdesanluis.com\/wp-content\/uploads\/2025\/02\/luciano-ayala.jpg\",\"contentUrl\":\"https:\/\/apuntesdesanluis.com\/wp-content\/uploads\/2025\/02\/luciano-ayala.jpg\",\"width\":600,\"height\":421},{\"@type\":\"BreadcrumbList\",\"@id\":\"https:\/\/apuntesdesanluis.com\/index.php\/2025\/02\/15\/la-punta-la-nueva-casa-del-futbol-seniors-a-nivel-nacional\/#breadcrumb\",\"itemListElement\":[{\"@type\":\"ListItem\",\"position\":1,\"name\":\"Inicio\",\"item\":\"https:\/\/apuntesdesanluis.com\/\"},{\"@type\":\"ListItem\",\"position\":2,\"name\":\"LA PUNTA: LA NUEVA CASA DEL F\u00daTBOL SENIORS A NIVEL NACIONAL.\"}]},{\"@type\":\"WebSite\",\"@id\":\"https:\/\/apuntesdesanluis.com\/#website\",\"url\":\"https:\/\/apuntesdesanluis.com\/\",\"name\":\"Apuntes de San Luis\",\"description\":\"\",\"publisher\":{\"@id\":\"https:\/\/apuntesdesanluis.com\/#\/schema\/person\/b55151d52296fcce64d1a72538a70b90\"},\"potentialAction\":[{\"@type\":\"SearchAction\",\"target\":{\"@type\":\"EntryPoint\",\"urlTemplate\":\"https:\/\/apuntesdesanluis.com\/?s={search_term_string}\"},\"query-input\":{\"@type\":\"PropertyValueSpecification\",\"valueRequired\":true,\"valueName\":\"search_term_string\"}}],\"inLanguage\":\"es-AR\"},{\"@type\":[\"Person\",\"Organization\"],\"@id\":\"https:\/\/apuntesdesanluis.com\/#\/schema\/person\/b55151d52296fcce64d1a72538a70b90\",\"name\":\"apuntesdesanluis.com\",\"image\":{\"@type\":\"ImageObject\",\"inLanguage\":\"es-AR\",\"@id\":\"https:\/\/apuntesdesanluis.com\/#\/schema\/person\/image\/\",\"url\":\"https:\/\/apuntesdesanluis.com\/wp-content\/uploads\/2023\/07\/cropped-apuntesdesanluis.png\",\"contentUrl\":\"https:\/\/apuntesdesanluis.com\/wp-content\/uploads\/2023\/07\/cropped-apuntesdesanluis.png\",\"width\":450,\"height\":112,\"caption\":\"apuntesdesanluis.com\"},\"logo\":{\"@id\":\"https:\/\/apuntesdesanluis.com\/#\/schema\/person\/image\/\"},\"sameAs\":[\"https:\/\/apuntesdesanluis.com\"],\"url\":\"https:\/\/apuntesdesanluis.com\/index.php\/author\/apuntesdesanluis-com\/\"}]}<\/script>\n<!-- \/ Yoast SEO plugin. -->","yoast_head_json":{"title":"LA PUNTA: LA NUEVA CASA DEL F\u00daTBOL SENIORS A NIVEL NACIONAL. - Apuntes de San Luis","robots":{"index":"index","follow":"follow","max-snippet":"max-snippet:-1","max-image-preview":"max-image-preview:large","max-video-preview":"max-video-preview:-1"},"canonical":"https:\/\/apuntesdesanluis.com\/index.php\/2025\/02\/15\/la-punta-la-nueva-casa-del-futbol-seniors-a-nivel-nacional\/","og_locale":"es_ES","og_type":"article","og_title":"LA PUNTA: LA NUEVA CASA DEL F\u00daTBOL SENIORS A NIVEL NACIONAL. - Apuntes de San Luis","og_description":"El viernes \u00faltimo en el Estadio Provincial \u201cJuan Gilberto Funes\u201d se realiz\u00f3 el tradicional Acto...","og_url":"https:\/\/apuntesdesanluis.com\/index.php\/2025\/02\/15\/la-punta-la-nueva-casa-del-futbol-seniors-a-nivel-nacional\/","og_site_name":"Apuntes de San Luis","article_published_time":"2025-02-15T13:31:17+00:00","article_modified_time":"2025-02-17T01:22:42+00:00","og_image":[{"width":600,"height":421,"url":"https:\/\/apuntesdesanluis.com\/wp-content\/uploads\/2025\/02\/luciano-ayala.jpg","type":"image\/jpeg"}],"author":"apuntesdesanluis.com","twitter_card":"summary_large_image","twitter_misc":{"Escrito por":"apuntesdesanluis.com","Tiempo de lectura":"3 minutos"},"schema":{"@context":"https:\/\/schema.org","@graph":[{"@type":"Article","@id":"https:\/\/apuntesdesanluis.com\/index.php\/2025\/02\/15\/la-punta-la-nueva-casa-del-futbol-seniors-a-nivel-nacional\/#article","isPartOf":{"@id":"https:\/\/apuntesdesanluis.com\/index.php\/2025\/02\/15\/la-punta-la-nueva-casa-del-futbol-seniors-a-nivel-nacional\/"},"author":{"name":"apuntesdesanluis.com","@id":"https:\/\/apuntesdesanluis.com\/#\/schema\/person\/b55151d52296fcce64d1a72538a70b90"},"headline":"LA PUNTA: LA NUEVA CASA DEL F\u00daTBOL SENIORS A NIVEL NACIONAL.","datePublished":"2025-02-15T13:31:17+00:00","dateModified":"2025-02-17T01:22:42+00:00","mainEntityOfPage":{"@id":"https:\/\/apuntesdesanluis.com\/index.php\/2025\/02\/15\/la-punta-la-nueva-casa-del-futbol-seniors-a-nivel-nacional\/"},"wordCount":312,"publisher":{"@id":"https:\/\/apuntesdesanluis.com\/#\/schema\/person\/b55151d52296fcce64d1a72538a70b90"},"image":{"@id":"https:\/\/apuntesdesanluis.com\/index.php\/2025\/02\/15\/la-punta-la-nueva-casa-del-futbol-seniors-a-nivel-nacional\/#primaryimage"},"thumbnailUrl":"https:\/\/apuntesdesanluis.com\/wp-content\/uploads\/2025\/02\/luciano-ayala.jpg","articleSection":["Ciudad\/Provincia"],"inLanguage":"es-AR"},{"@type":"WebPage","@id":"https:\/\/apuntesdesanluis.com\/index.php\/2025\/02\/15\/la-punta-la-nueva-casa-del-futbol-seniors-a-nivel-nacional\/","url":"https:\/\/apuntesdesanluis.com\/index.php\/2025\/02\/15\/la-punta-la-nueva-casa-del-futbol-seniors-a-nivel-nacional\/","name":"LA PUNTA: LA NUEVA CASA DEL F\u00daTBOL SENIORS A NIVEL NACIONAL. - Apuntes de San Luis","isPartOf":{"@id":"https:\/\/apuntesdesanluis.com\/#website"},"primaryImageOfPage":{"@id":"https:\/\/apuntesdesanluis.com\/index.php\/2025\/02\/15\/la-punta-la-nueva-casa-del-futbol-seniors-a-nivel-nacional\/#primaryimage"},"image":{"@id":"https:\/\/apuntesdesanluis.com\/index.php\/2025\/02\/15\/la-punta-la-nueva-casa-del-futbol-seniors-a-nivel-nacional\/#primaryimage"},"thumbnailUrl":"https:\/\/apuntesdesanluis.com\/wp-content\/uploads\/2025\/02\/luciano-ayala.jpg","datePublished":"2025-02-15T13:31:17+00:00","dateModified":"2025-02-17T01:22:42+00:00","breadcrumb":{"@id":"https:\/\/apuntesdesanluis.com\/index.php\/2025\/02\/15\/la-punta-la-nueva-casa-del-futbol-seniors-a-nivel-nacional\/#breadcrumb"},"inLanguage":"es-AR","potentialAction":[{"@type":"ReadAction","target":["https:\/\/apuntesdesanluis.com\/index.php\/2025\/02\/15\/la-punta-la-nueva-casa-del-futbol-seniors-a-nivel-nacional\/"]}]},{"@type":"ImageObject","inLanguage":"es-AR","@id":"https:\/\/apuntesdesanluis.com\/index.php\/2025\/02\/15\/la-punta-la-nueva-casa-del-futbol-seniors-a-nivel-nacional\/#primaryimage","url":"https:\/\/apuntesdesanluis.com\/wp-content\/uploads\/2025\/02\/luciano-ayala.jpg","contentUrl":"https:\/\/apuntesdesanluis.com\/wp-content\/uploads\/2025\/02\/luciano-ayala.jpg","width":600,"height":421},{"@type":"BreadcrumbList","@id":"https:\/\/apuntesdesanluis.com\/index.php\/2025\/02\/15\/la-punta-la-nueva-casa-del-futbol-seniors-a-nivel-nacional\/#breadcrumb","itemListElement":[{"@type":"ListItem","position":1,"name":"Inicio","item":"https:\/\/apuntesdesanluis.com\/"},{"@type":"ListItem","position":2,"name":"LA PUNTA: LA NUEVA CASA DEL F\u00daTBOL SENIORS A NIVEL NACIONAL."}]},{"@type":"WebSite","@id":"https:\/\/apuntesdesanluis.com\/#website","url":"https:\/\/apuntesdesanluis.com\/","name":"Apuntes de San Luis","description":"","publisher":{"@id":"https:\/\/apuntesdesanluis.com\/#\/schema\/person\/b55151d52296fcce64d1a72538a70b90"},"potentialAction":[{"@type":"SearchAction","target":{"@type":"EntryPoint","urlTemplate":"https:\/\/apuntesdesanluis.com\/?s={search_term_string}"},"query-input":{"@type":"PropertyValueSpecification","valueRequired":true,"valueName":"search_term_string"}}],"inLanguage":"es-AR"},{"@type":["Person","Organization"],"@id":"https:\/\/apuntesdesanluis.com\/#\/schema\/person\/b55151d52296fcce64d1a72538a70b90","name":"apuntesdesanluis.com","image":{"@type":"ImageObject","inLanguage":"es-AR","@id":"https:\/\/apuntesdesanluis.com\/#\/schema\/person\/image\/","url":"https:\/\/apuntesdesanluis.com\/wp-content\/uploads\/2023\/07\/cropped-apuntesdesanluis.png","contentUrl":"https:\/\/apuntesdesanluis.com\/wp-content\/uploads\/2023\/07\/cropped-apuntesdesanluis.png","width":450,"height":112,"caption":"apuntesdesanluis.com"},"logo":{"@id":"https:\/\/apuntesdesanluis.com\/#\/schema\/person\/image\/"},"sameAs":["https:\/\/apuntesdesanluis.com"],"url":"https:\/\/apuntesdesanluis.com\/index.php\/author\/apuntesdesanluis-com\/"}]}},"featured_image_urls":{"full":["https:\/\/apuntesdesanluis.com\/wp-content\/uploads\/2025\/02\/luciano-ayala.jpg",600,421,false],"thumbnail":["https:\/\/apuntesdesanluis.com\/wp-content\/uploads\/2025\/02\/luciano-ayala-150x150.jpg",150,150,true],"medium":["https:\/\/apuntesdesanluis.com\/wp-content\/uploads\/2025\/02\/luciano-ayala-300x211.jpg",300,211,true],"medium_large":["https:\/\/apuntesdesanluis.com\/wp-content\/uploads\/2025\/02\/luciano-ayala.jpg",600,421,false],"large":["https:\/\/apuntesdesanluis.com\/wp-content\/uploads\/2025\/02\/luciano-ayala.jpg",600,421,false],"1536x1536":["https:\/\/apuntesdesanluis.com\/wp-content\/uploads\/2025\/02\/luciano-ayala.jpg",600,421,false],"2048x2048":["https:\/\/apuntesdesanluis.com\/wp-content\/uploads\/2025\/02\/luciano-ayala.jpg",600,421,false],"newsever-slider-full":["https:\/\/apuntesdesanluis.com\/wp-content\/uploads\/2025\/02\/luciano-ayala.jpg",600,421,false],"newsever-featured":["https:\/\/apuntesdesanluis.com\/wp-content\/uploads\/2025\/02\/luciano-ayala.jpg",600,421,false],"newsever-medium":["https:\/\/apuntesdesanluis.com\/wp-content\/uploads\/2025\/02\/luciano-ayala.jpg",600,421,false]},"author_info":{"display_name":"apuntesdesanluis.com","author_link":"https:\/\/apuntesdesanluis.com\/index.php\/author\/apuntesdesanluis-com\/"},"category_info":"<a href=\"https:\/\/apuntesdesanluis.com\/index.php\/category\/ciudad-provincia\/\" rel=\"category tag\">Ciudad\/Provincia<\/a>","tag_info":"Ciudad\/Provincia","comment_count":"0","_links":{"self":[{"href":"https:\/\/apuntesdesanluis.com\/index.php\/wp-json\/wp\/v2\/posts\/29234","targetHints":{"allow":["GET"]}}],"collection":[{"href":"https:\/\/apuntesdesanluis.com\/index.php\/wp-json\/wp\/v2\/posts"}],"about":[{"href":"https:\/\/apuntesdesanluis.com\/index.php\/wp-json\/wp\/v2\/types\/post"}],"author":[{"embeddable":true,"href":"https:\/\/apuntesdesanluis.com\/index.php\/wp-json\/wp\/v2\/users\/1"}],"replies":[{"embeddable":true,"href":"https:\/\/apuntesdesanluis.com\/index.php\/wp-json\/wp\/v2\/comments?post=29234"}],"version-history":[{"count":3,"href":"https:\/\/apuntesdesanluis.com\/index.php\/wp-json\/wp\/v2\/posts\/29234\/revisions"}],"predecessor-version":[{"id":29286,"href":"https:\/\/apuntesdesanluis.com\/index.php\/wp-json\/wp\/v2\/posts\/29234\/revisions\/29286"}],"wp:featuredmedia":[{"embeddable":true,"href":"https:\/\/apuntesdesanluis.com\/index.php\/wp-json\/wp\/v2\/media\/29235"}],"wp:attachment":[{"href":"https:\/\/apuntesdesanluis.com\/index.php\/wp-json\/wp\/v2\/media?parent=29234"}],"wp:term":[{"taxonomy":"category","embeddable":true,"href":"https:\/\/apuntesdesanluis.com\/index.php\/wp-json\/wp\/v2\/categories?post=29234"},{"taxonomy":"post_tag","embeddable":true,"href":"https:\/\/apuntesdesanluis.com\/index.php\/wp-json\/wp\/v2\/tags?post=29234"}],"curies":[{"name":"wp","href":"https:\/\/api.w.org\/{rel}","templated":true}]}}