{"id":2925,"date":"2023-09-07T13:27:12","date_gmt":"2023-09-07T16:27:12","guid":{"rendered":"https:\/\/apuntesdesanluis.com\/?p=2925"},"modified":"2023-09-07T21:29:19","modified_gmt":"2023-09-08T00:29:19","slug":"ana-trifiro-reitero-la-preocupacion-por-las-situaciones-de-violencia-que-padecen-los-profesionales-de-la-salud","status":"publish","type":"post","link":"https:\/\/apuntesdesanluis.com\/index.php\/2023\/09\/07\/ana-trifiro-reitero-la-preocupacion-por-las-situaciones-de-violencia-que-padecen-los-profesionales-de-la-salud\/","title":{"rendered":"ANA TRIFIR\u00d3 REITER\u00d3 LA PREOCUPACI\u00d3N POR LAS SITUACIONES DE VIOLENCIA QUE PADECEN LOS PROFESIONALES DE LA SALUD"},"content":{"rendered":"<h3>La Secretaria General de la Asociaci\u00f3n de Profesionales y T\u00e9cnicos de la Salud, Dra. <strong>Ana L\u00eda Trifir\u00f3<\/strong>, reiter\u00f3 la preocupaci\u00f3n que existe en el sector \u201cpor la inseguridad en que trabaja\u201d el personal de salud, al relatar la agresi\u00f3n que sufri\u00f3 una asistente social en el hall del CAPS Hospital del Norte, la semana pasada.<\/h3>\n<h3>Explic\u00f3 que al ser un Centro de Atenci\u00f3n Primaria de la Salud (no un hospital), el establecimiento no brinda el servicio de emergencia, \u201csino atenci\u00f3n programada\u201d, aclarando no obstante que si llega una urgencia de todos modos se la atiende.<\/h3>\n<h3>En este caso, un hombre solicit\u00f3 ser atendido de forma urgente porque su madre ten\u00eda hinchados sus pies. \u201cComo no era una urgencia, una enfermera le dio turno para el otro d\u00eda, por lo que se ofusc\u00f3, se retir\u00f3 pero luego regres\u00f3 y comenz\u00f3 a agredir verbalmente a la enfermera. La asistente social sali\u00f3, se interpuso y recibi\u00f3 dos pi\u00f1as\u201d, describi\u00f3.<\/h3>\n<h3>Ello llev\u00f3 a que APTS declarara en ese centro asistencial el Estado de Asamblea Permanente, que se tradujo en la restricci\u00f3n de turnos de 10:00 a 13:00 hs, y a que reclamara por nota seguridad policial las 24 hs a los Ministerios de Salud y Seguridad, al tiempo que expres\u00f3 su repudio al violento hecho.<\/h3>\n<h3>\u201cHemos exigido respuestas concretas e inmediatas para la protecci\u00f3n integral (f\u00edsica y psicol\u00f3gica) de los trabajadores de la salud. La gente comienza a sentirse insegura en su lugar de trabajo. Yo siempre digo que nosotros somos personas que atendemos personas, pero somos personas. Estar ah\u00ed pensando que alguien puede venir y darnos una pi\u00f1a, la verdad es que no es nada agradable\u201d, se lament\u00f3.<\/h3>\n<h3>Entrevistada por Apuntes de San Luis, Trifir\u00f3 inform\u00f3 que se comunic\u00f3 personalmente con el ministro de Salud, <strong>Cristian Ni\u00f1o<\/strong>, quien se comprometi\u00f3 a dar una urgente soluci\u00f3n a esta problem\u00e1tica. \u201cPor mi experiencia personal con este ministro, yo s\u00e9 que le va a dar una soluci\u00f3n, podr\u00e1 tardar un poquito, pero se va a solucionar prontamente\u201d, confi\u00f3.<\/h3>\n<h3>En un contexto mayor, la titular de APTS reconoci\u00f3 que \u201cse est\u00e1 viviendo una \u00e9poca lamentable de inseguridad social, de mucha rabia, de que a la gente no le alcanza. Uno sabe que esto no debe pasar, pero por ah\u00ed a la gente se le van los libros, nosotros somos conscientes de eso. Lo que no queremos es que esto pase a mayores. Porque ya tenemos el caso de un m\u00e9dico que fue muerto a tiros, en Santiago del Estero, hace aproximadamente dos semanas. Si a esto no le ponemos un freno, va a seguir creciendo, como tambi\u00e9n se est\u00e1 dando en el sector de la educaci\u00f3n\u201d.<\/h3>\n<h3>Reconoci\u00f3 que \u201ces cierto que tambi\u00e9n hay problemas en los centros de salud, tanto en la atenci\u00f3n por la demora en la entrega de los turnos como por la falta de profesionales\u201d, pero enfatiz\u00f3: \u201cNo hay ning\u00fan derecho a que nos golpeen, hay que terminar con esto de alguna manera, hay que ponerle un freno, ahora con la polic\u00eda, pero tal vez con mayor educaci\u00f3n\u201d<\/h3>\n<h3>Admiti\u00f3 que \u201ces terrible la falta de m\u00e9dicos\u201d y anticip\u00f3, en ese sentido, que \u201chasta que no se consigan, vamos a pedir a las autoridades que no jubilen a los profesionales que tenemos\u201d.<\/h3>\n<p>&nbsp;<\/p>\n<!--[if lt IE 9]><script>document.createElement('audio');<\/script><![endif]-->\n<audio class=\"wp-audio-shortcode\" id=\"audio-2925-1\" preload=\"none\" style=\"width: 100%;\" controls=\"controls\"><source type=\"audio\/mpeg\" src=\"https:\/\/apuntesdesanluis.com\/wp-content\/uploads\/2023\/09\/ANA-LIA-TRIFIRO.mp3?_=1\" \/><a href=\"https:\/\/apuntesdesanluis.com\/wp-content\/uploads\/2023\/09\/ANA-LIA-TRIFIRO.mp3\">https:\/\/apuntesdesanluis.com\/wp-content\/uploads\/2023\/09\/ANA-LIA-TRIFIRO.mp3<\/a><\/audio>\n<p>&nbsp;<\/p>\n<p>&nbsp;<\/p>\n<p>&nbsp;<\/p>\n","protected":false},"excerpt":{"rendered":"<p>La Secretaria General de la Asociaci\u00f3n de Profesionales y T\u00e9cnicos de la Salud, Dra. Ana&#8230;<\/p>\n","protected":false},"author":1,"featured_media":2926,"comment_status":"closed","ping_status":"closed","sticky":false,"template":"","format":"standard","meta":{"footnotes":""},"categories":[6],"tags":[],"class_list":["post-2925","post","type-post","status-publish","format-standard","has-post-thumbnail","hentry","category-ciudad-provincia"],"yoast_head":"<!-- This site is optimized with the Yoast SEO plugin v26.1.1 - https:\/\/yoast.com\/wordpress\/plugins\/seo\/ -->\n<title>ANA TRIFIR\u00d3 REITER\u00d3 LA PREOCUPACI\u00d3N POR LAS SITUACIONES DE VIOLENCIA QUE PADECEN LOS PROFESIONALES DE LA SALUD - Apuntes de San Luis<\/title>\n<meta name=\"robots\" content=\"index, follow, max-snippet:-1, max-image-preview:large, max-video-preview:-1\" \/>\n<link rel=\"canonical\" href=\"https:\/\/apuntesdesanluis.com\/index.php\/2023\/09\/07\/ana-trifiro-reitero-la-preocupacion-por-las-situaciones-de-violencia-que-padecen-los-profesionales-de-la-salud\/\" \/>\n<meta property=\"og:locale\" content=\"es_ES\" \/>\n<meta property=\"og:type\" content=\"article\" \/>\n<meta property=\"og:title\" content=\"ANA TRIFIR\u00d3 REITER\u00d3 LA PREOCUPACI\u00d3N POR LAS SITUACIONES DE VIOLENCIA QUE PADECEN LOS PROFESIONALES DE LA SALUD - Apuntes de San Luis\" \/>\n<meta property=\"og:description\" content=\"La Secretaria General de la Asociaci\u00f3n de Profesionales y T\u00e9cnicos de la Salud, Dra. Ana...\" \/>\n<meta property=\"og:url\" content=\"https:\/\/apuntesdesanluis.com\/index.php\/2023\/09\/07\/ana-trifiro-reitero-la-preocupacion-por-las-situaciones-de-violencia-que-padecen-los-profesionales-de-la-salud\/\" \/>\n<meta property=\"og:site_name\" content=\"Apuntes de San Luis\" \/>\n<meta property=\"article:published_time\" content=\"2023-09-07T16:27:12+00:00\" \/>\n<meta property=\"article:modified_time\" content=\"2023-09-08T00:29:19+00:00\" \/>\n<meta property=\"og:image\" content=\"https:\/\/apuntesdesanluis.com\/wp-content\/uploads\/2023\/09\/ana-lia-trifiro-entrevista.png\" \/>\n\t<meta property=\"og:image:width\" content=\"860\" \/>\n\t<meta property=\"og:image:height\" content=\"497\" \/>\n\t<meta property=\"og:image:type\" content=\"image\/png\" \/>\n<meta name=\"author\" content=\"apuntesdesanluis.com\" \/>\n<meta name=\"twitter:card\" content=\"summary_large_image\" \/>\n<meta name=\"twitter:label1\" content=\"Escrito por\" \/>\n\t<meta name=\"twitter:data1\" content=\"apuntesdesanluis.com\" \/>\n\t<meta name=\"twitter:label2\" content=\"Tiempo de lectura\" \/>\n\t<meta name=\"twitter:data2\" content=\"3 minutos\" \/>\n<script type=\"application\/ld+json\" class=\"yoast-schema-graph\">{\"@context\":\"https:\/\/schema.org\",\"@graph\":[{\"@type\":\"Article\",\"@id\":\"https:\/\/apuntesdesanluis.com\/index.php\/2023\/09\/07\/ana-trifiro-reitero-la-preocupacion-por-las-situaciones-de-violencia-que-padecen-los-profesionales-de-la-salud\/#article\",\"isPartOf\":{\"@id\":\"https:\/\/apuntesdesanluis.com\/index.php\/2023\/09\/07\/ana-trifiro-reitero-la-preocupacion-por-las-situaciones-de-violencia-que-padecen-los-profesionales-de-la-salud\/\"},\"author\":{\"name\":\"apuntesdesanluis.com\",\"@id\":\"https:\/\/apuntesdesanluis.com\/#\/schema\/person\/b55151d52296fcce64d1a72538a70b90\"},\"headline\":\"ANA TRIFIR\u00d3 REITER\u00d3 LA PREOCUPACI\u00d3N POR LAS SITUACIONES DE VIOLENCIA QUE PADECEN LOS PROFESIONALES DE LA SALUD\",\"datePublished\":\"2023-09-07T16:27:12+00:00\",\"dateModified\":\"2023-09-08T00:29:19+00:00\",\"mainEntityOfPage\":{\"@id\":\"https:\/\/apuntesdesanluis.com\/index.php\/2023\/09\/07\/ana-trifiro-reitero-la-preocupacion-por-las-situaciones-de-violencia-que-padecen-los-profesionales-de-la-salud\/\"},\"wordCount\":594,\"publisher\":{\"@id\":\"https:\/\/apuntesdesanluis.com\/#\/schema\/person\/b55151d52296fcce64d1a72538a70b90\"},\"image\":{\"@id\":\"https:\/\/apuntesdesanluis.com\/index.php\/2023\/09\/07\/ana-trifiro-reitero-la-preocupacion-por-las-situaciones-de-violencia-que-padecen-los-profesionales-de-la-salud\/#primaryimage\"},\"thumbnailUrl\":\"https:\/\/apuntesdesanluis.com\/wp-content\/uploads\/2023\/09\/ana-lia-trifiro-entrevista.png\",\"articleSection\":[\"Ciudad\/Provincia\"],\"inLanguage\":\"es-AR\"},{\"@type\":\"WebPage\",\"@id\":\"https:\/\/apuntesdesanluis.com\/index.php\/2023\/09\/07\/ana-trifiro-reitero-la-preocupacion-por-las-situaciones-de-violencia-que-padecen-los-profesionales-de-la-salud\/\",\"url\":\"https:\/\/apuntesdesanluis.com\/index.php\/2023\/09\/07\/ana-trifiro-reitero-la-preocupacion-por-las-situaciones-de-violencia-que-padecen-los-profesionales-de-la-salud\/\",\"name\":\"ANA TRIFIR\u00d3 REITER\u00d3 LA PREOCUPACI\u00d3N POR LAS SITUACIONES DE VIOLENCIA QUE PADECEN LOS PROFESIONALES DE LA SALUD - Apuntes de San Luis\",\"isPartOf\":{\"@id\":\"https:\/\/apuntesdesanluis.com\/#website\"},\"primaryImageOfPage\":{\"@id\":\"https:\/\/apuntesdesanluis.com\/index.php\/2023\/09\/07\/ana-trifiro-reitero-la-preocupacion-por-las-situaciones-de-violencia-que-padecen-los-profesionales-de-la-salud\/#primaryimage\"},\"image\":{\"@id\":\"https:\/\/apuntesdesanluis.com\/index.php\/2023\/09\/07\/ana-trifiro-reitero-la-preocupacion-por-las-situaciones-de-violencia-que-padecen-los-profesionales-de-la-salud\/#primaryimage\"},\"thumbnailUrl\":\"https:\/\/apuntesdesanluis.com\/wp-content\/uploads\/2023\/09\/ana-lia-trifiro-entrevista.png\",\"datePublished\":\"2023-09-07T16:27:12+00:00\",\"dateModified\":\"2023-09-08T00:29:19+00:00\",\"breadcrumb\":{\"@id\":\"https:\/\/apuntesdesanluis.com\/index.php\/2023\/09\/07\/ana-trifiro-reitero-la-preocupacion-por-las-situaciones-de-violencia-que-padecen-los-profesionales-de-la-salud\/#breadcrumb\"},\"inLanguage\":\"es-AR\",\"potentialAction\":[{\"@type\":\"ReadAction\",\"target\":[\"https:\/\/apuntesdesanluis.com\/index.php\/2023\/09\/07\/ana-trifiro-reitero-la-preocupacion-por-las-situaciones-de-violencia-que-padecen-los-profesionales-de-la-salud\/\"]}]},{\"@type\":\"ImageObject\",\"inLanguage\":\"es-AR\",\"@id\":\"https:\/\/apuntesdesanluis.com\/index.php\/2023\/09\/07\/ana-trifiro-reitero-la-preocupacion-por-las-situaciones-de-violencia-que-padecen-los-profesionales-de-la-salud\/#primaryimage\",\"url\":\"https:\/\/apuntesdesanluis.com\/wp-content\/uploads\/2023\/09\/ana-lia-trifiro-entrevista.png\",\"contentUrl\":\"https:\/\/apuntesdesanluis.com\/wp-content\/uploads\/2023\/09\/ana-lia-trifiro-entrevista.png\",\"width\":860,\"height\":497},{\"@type\":\"BreadcrumbList\",\"@id\":\"https:\/\/apuntesdesanluis.com\/index.php\/2023\/09\/07\/ana-trifiro-reitero-la-preocupacion-por-las-situaciones-de-violencia-que-padecen-los-profesionales-de-la-salud\/#breadcrumb\",\"itemListElement\":[{\"@type\":\"ListItem\",\"position\":1,\"name\":\"Inicio\",\"item\":\"https:\/\/apuntesdesanluis.com\/\"},{\"@type\":\"ListItem\",\"position\":2,\"name\":\"ANA TRIFIR\u00d3 REITER\u00d3 LA PREOCUPACI\u00d3N POR LAS SITUACIONES DE VIOLENCIA QUE PADECEN LOS PROFESIONALES DE LA SALUD\"}]},{\"@type\":\"WebSite\",\"@id\":\"https:\/\/apuntesdesanluis.com\/#website\",\"url\":\"https:\/\/apuntesdesanluis.com\/\",\"name\":\"Apuntes de San Luis\",\"description\":\"\",\"publisher\":{\"@id\":\"https:\/\/apuntesdesanluis.com\/#\/schema\/person\/b55151d52296fcce64d1a72538a70b90\"},\"potentialAction\":[{\"@type\":\"SearchAction\",\"target\":{\"@type\":\"EntryPoint\",\"urlTemplate\":\"https:\/\/apuntesdesanluis.com\/?s={search_term_string}\"},\"query-input\":{\"@type\":\"PropertyValueSpecification\",\"valueRequired\":true,\"valueName\":\"search_term_string\"}}],\"inLanguage\":\"es-AR\"},{\"@type\":[\"Person\",\"Organization\"],\"@id\":\"https:\/\/apuntesdesanluis.com\/#\/schema\/person\/b55151d52296fcce64d1a72538a70b90\",\"name\":\"apuntesdesanluis.com\",\"image\":{\"@type\":\"ImageObject\",\"inLanguage\":\"es-AR\",\"@id\":\"https:\/\/apuntesdesanluis.com\/#\/schema\/person\/image\/\",\"url\":\"https:\/\/apuntesdesanluis.com\/wp-content\/uploads\/2023\/07\/cropped-apuntesdesanluis.png\",\"contentUrl\":\"https:\/\/apuntesdesanluis.com\/wp-content\/uploads\/2023\/07\/cropped-apuntesdesanluis.png\",\"width\":450,\"height\":112,\"caption\":\"apuntesdesanluis.com\"},\"logo\":{\"@id\":\"https:\/\/apuntesdesanluis.com\/#\/schema\/person\/image\/\"},\"sameAs\":[\"https:\/\/apuntesdesanluis.com\"],\"url\":\"https:\/\/apuntesdesanluis.com\/index.php\/author\/apuntesdesanluis-com\/\"}]}<\/script>\n<!-- \/ Yoast SEO plugin. -->","yoast_head_json":{"title":"ANA TRIFIR\u00d3 REITER\u00d3 LA PREOCUPACI\u00d3N POR LAS SITUACIONES DE VIOLENCIA QUE PADECEN LOS PROFESIONALES DE LA SALUD - Apuntes de San Luis","robots":{"index":"index","follow":"follow","max-snippet":"max-snippet:-1","max-image-preview":"max-image-preview:large","max-video-preview":"max-video-preview:-1"},"canonical":"https:\/\/apuntesdesanluis.com\/index.php\/2023\/09\/07\/ana-trifiro-reitero-la-preocupacion-por-las-situaciones-de-violencia-que-padecen-los-profesionales-de-la-salud\/","og_locale":"es_ES","og_type":"article","og_title":"ANA TRIFIR\u00d3 REITER\u00d3 LA PREOCUPACI\u00d3N POR LAS SITUACIONES DE VIOLENCIA QUE PADECEN LOS PROFESIONALES DE LA SALUD - Apuntes de San Luis","og_description":"La Secretaria General de la Asociaci\u00f3n de Profesionales y T\u00e9cnicos de la Salud, Dra. Ana...","og_url":"https:\/\/apuntesdesanluis.com\/index.php\/2023\/09\/07\/ana-trifiro-reitero-la-preocupacion-por-las-situaciones-de-violencia-que-padecen-los-profesionales-de-la-salud\/","og_site_name":"Apuntes de San Luis","article_published_time":"2023-09-07T16:27:12+00:00","article_modified_time":"2023-09-08T00:29:19+00:00","og_image":[{"width":860,"height":497,"url":"https:\/\/apuntesdesanluis.com\/wp-content\/uploads\/2023\/09\/ana-lia-trifiro-entrevista.png","type":"image\/png"}],"author":"apuntesdesanluis.com","twitter_card":"summary_large_image","twitter_misc":{"Escrito por":"apuntesdesanluis.com","Tiempo de lectura":"3 minutos"},"schema":{"@context":"https:\/\/schema.org","@graph":[{"@type":"Article","@id":"https:\/\/apuntesdesanluis.com\/index.php\/2023\/09\/07\/ana-trifiro-reitero-la-preocupacion-por-las-situaciones-de-violencia-que-padecen-los-profesionales-de-la-salud\/#article","isPartOf":{"@id":"https:\/\/apuntesdesanluis.com\/index.php\/2023\/09\/07\/ana-trifiro-reitero-la-preocupacion-por-las-situaciones-de-violencia-que-padecen-los-profesionales-de-la-salud\/"},"author":{"name":"apuntesdesanluis.com","@id":"https:\/\/apuntesdesanluis.com\/#\/schema\/person\/b55151d52296fcce64d1a72538a70b90"},"headline":"ANA TRIFIR\u00d3 REITER\u00d3 LA PREOCUPACI\u00d3N POR LAS SITUACIONES DE VIOLENCIA QUE PADECEN LOS PROFESIONALES DE LA SALUD","datePublished":"2023-09-07T16:27:12+00:00","dateModified":"2023-09-08T00:29:19+00:00","mainEntityOfPage":{"@id":"https:\/\/apuntesdesanluis.com\/index.php\/2023\/09\/07\/ana-trifiro-reitero-la-preocupacion-por-las-situaciones-de-violencia-que-padecen-los-profesionales-de-la-salud\/"},"wordCount":594,"publisher":{"@id":"https:\/\/apuntesdesanluis.com\/#\/schema\/person\/b55151d52296fcce64d1a72538a70b90"},"image":{"@id":"https:\/\/apuntesdesanluis.com\/index.php\/2023\/09\/07\/ana-trifiro-reitero-la-preocupacion-por-las-situaciones-de-violencia-que-padecen-los-profesionales-de-la-salud\/#primaryimage"},"thumbnailUrl":"https:\/\/apuntesdesanluis.com\/wp-content\/uploads\/2023\/09\/ana-lia-trifiro-entrevista.png","articleSection":["Ciudad\/Provincia"],"inLanguage":"es-AR"},{"@type":"WebPage","@id":"https:\/\/apuntesdesanluis.com\/index.php\/2023\/09\/07\/ana-trifiro-reitero-la-preocupacion-por-las-situaciones-de-violencia-que-padecen-los-profesionales-de-la-salud\/","url":"https:\/\/apuntesdesanluis.com\/index.php\/2023\/09\/07\/ana-trifiro-reitero-la-preocupacion-por-las-situaciones-de-violencia-que-padecen-los-profesionales-de-la-salud\/","name":"ANA TRIFIR\u00d3 REITER\u00d3 LA PREOCUPACI\u00d3N POR LAS SITUACIONES DE VIOLENCIA QUE PADECEN LOS PROFESIONALES DE LA SALUD - Apuntes de San Luis","isPartOf":{"@id":"https:\/\/apuntesdesanluis.com\/#website"},"primaryImageOfPage":{"@id":"https:\/\/apuntesdesanluis.com\/index.php\/2023\/09\/07\/ana-trifiro-reitero-la-preocupacion-por-las-situaciones-de-violencia-que-padecen-los-profesionales-de-la-salud\/#primaryimage"},"image":{"@id":"https:\/\/apuntesdesanluis.com\/index.php\/2023\/09\/07\/ana-trifiro-reitero-la-preocupacion-por-las-situaciones-de-violencia-que-padecen-los-profesionales-de-la-salud\/#primaryimage"},"thumbnailUrl":"https:\/\/apuntesdesanluis.com\/wp-content\/uploads\/2023\/09\/ana-lia-trifiro-entrevista.png","datePublished":"2023-09-07T16:27:12+00:00","dateModified":"2023-09-08T00:29:19+00:00","breadcrumb":{"@id":"https:\/\/apuntesdesanluis.com\/index.php\/2023\/09\/07\/ana-trifiro-reitero-la-preocupacion-por-las-situaciones-de-violencia-que-padecen-los-profesionales-de-la-salud\/#breadcrumb"},"inLanguage":"es-AR","potentialAction":[{"@type":"ReadAction","target":["https:\/\/apuntesdesanluis.com\/index.php\/2023\/09\/07\/ana-trifiro-reitero-la-preocupacion-por-las-situaciones-de-violencia-que-padecen-los-profesionales-de-la-salud\/"]}]},{"@type":"ImageObject","inLanguage":"es-AR","@id":"https:\/\/apuntesdesanluis.com\/index.php\/2023\/09\/07\/ana-trifiro-reitero-la-preocupacion-por-las-situaciones-de-violencia-que-padecen-los-profesionales-de-la-salud\/#primaryimage","url":"https:\/\/apuntesdesanluis.com\/wp-content\/uploads\/2023\/09\/ana-lia-trifiro-entrevista.png","contentUrl":"https:\/\/apuntesdesanluis.com\/wp-content\/uploads\/2023\/09\/ana-lia-trifiro-entrevista.png","width":860,"height":497},{"@type":"BreadcrumbList","@id":"https:\/\/apuntesdesanluis.com\/index.php\/2023\/09\/07\/ana-trifiro-reitero-la-preocupacion-por-las-situaciones-de-violencia-que-padecen-los-profesionales-de-la-salud\/#breadcrumb","itemListElement":[{"@type":"ListItem","position":1,"name":"Inicio","item":"https:\/\/apuntesdesanluis.com\/"},{"@type":"ListItem","position":2,"name":"ANA TRIFIR\u00d3 REITER\u00d3 LA PREOCUPACI\u00d3N POR LAS SITUACIONES DE VIOLENCIA QUE PADECEN LOS PROFESIONALES DE LA SALUD"}]},{"@type":"WebSite","@id":"https:\/\/apuntesdesanluis.com\/#website","url":"https:\/\/apuntesdesanluis.com\/","name":"Apuntes de San Luis","description":"","publisher":{"@id":"https:\/\/apuntesdesanluis.com\/#\/schema\/person\/b55151d52296fcce64d1a72538a70b90"},"potentialAction":[{"@type":"SearchAction","target":{"@type":"EntryPoint","urlTemplate":"https:\/\/apuntesdesanluis.com\/?s={search_term_string}"},"query-input":{"@type":"PropertyValueSpecification","valueRequired":true,"valueName":"search_term_string"}}],"inLanguage":"es-AR"},{"@type":["Person","Organization"],"@id":"https:\/\/apuntesdesanluis.com\/#\/schema\/person\/b55151d52296fcce64d1a72538a70b90","name":"apuntesdesanluis.com","image":{"@type":"ImageObject","inLanguage":"es-AR","@id":"https:\/\/apuntesdesanluis.com\/#\/schema\/person\/image\/","url":"https:\/\/apuntesdesanluis.com\/wp-content\/uploads\/2023\/07\/cropped-apuntesdesanluis.png","contentUrl":"https:\/\/apuntesdesanluis.com\/wp-content\/uploads\/2023\/07\/cropped-apuntesdesanluis.png","width":450,"height":112,"caption":"apuntesdesanluis.com"},"logo":{"@id":"https:\/\/apuntesdesanluis.com\/#\/schema\/person\/image\/"},"sameAs":["https:\/\/apuntesdesanluis.com"],"url":"https:\/\/apuntesdesanluis.com\/index.php\/author\/apuntesdesanluis-com\/"}]}},"featured_image_urls":{"full":["https:\/\/apuntesdesanluis.com\/wp-content\/uploads\/2023\/09\/ana-lia-trifiro-entrevista.png",860,497,false],"thumbnail":["https:\/\/apuntesdesanluis.com\/wp-content\/uploads\/2023\/09\/ana-lia-trifiro-entrevista-150x150.png",150,150,true],"medium":["https:\/\/apuntesdesanluis.com\/wp-content\/uploads\/2023\/09\/ana-lia-trifiro-entrevista-300x173.png",300,173,true],"medium_large":["https:\/\/apuntesdesanluis.com\/wp-content\/uploads\/2023\/09\/ana-lia-trifiro-entrevista-768x444.png",640,370,true],"large":["https:\/\/apuntesdesanluis.com\/wp-content\/uploads\/2023\/09\/ana-lia-trifiro-entrevista.png",640,370,false],"1536x1536":["https:\/\/apuntesdesanluis.com\/wp-content\/uploads\/2023\/09\/ana-lia-trifiro-entrevista.png",860,497,false],"2048x2048":["https:\/\/apuntesdesanluis.com\/wp-content\/uploads\/2023\/09\/ana-lia-trifiro-entrevista.png",860,497,false],"newsever-slider-full":["https:\/\/apuntesdesanluis.com\/wp-content\/uploads\/2023\/09\/ana-lia-trifiro-entrevista.png",860,497,false],"newsever-featured":["https:\/\/apuntesdesanluis.com\/wp-content\/uploads\/2023\/09\/ana-lia-trifiro-entrevista.png",860,497,false],"newsever-medium":["https:\/\/apuntesdesanluis.com\/wp-content\/uploads\/2023\/09\/ana-lia-trifiro-entrevista-720x475.png",720,475,true]},"author_info":{"display_name":"apuntesdesanluis.com","author_link":"https:\/\/apuntesdesanluis.com\/index.php\/author\/apuntesdesanluis-com\/"},"category_info":"<a href=\"https:\/\/apuntesdesanluis.com\/index.php\/category\/ciudad-provincia\/\" rel=\"category tag\">Ciudad\/Provincia<\/a>","tag_info":"Ciudad\/Provincia","comment_count":"0","_links":{"self":[{"href":"https:\/\/apuntesdesanluis.com\/index.php\/wp-json\/wp\/v2\/posts\/2925","targetHints":{"allow":["GET"]}}],"collection":[{"href":"https:\/\/apuntesdesanluis.com\/index.php\/wp-json\/wp\/v2\/posts"}],"about":[{"href":"https:\/\/apuntesdesanluis.com\/index.php\/wp-json\/wp\/v2\/types\/post"}],"author":[{"embeddable":true,"href":"https:\/\/apuntesdesanluis.com\/index.php\/wp-json\/wp\/v2\/users\/1"}],"replies":[{"embeddable":true,"href":"https:\/\/apuntesdesanluis.com\/index.php\/wp-json\/wp\/v2\/comments?post=2925"}],"version-history":[{"count":2,"href":"https:\/\/apuntesdesanluis.com\/index.php\/wp-json\/wp\/v2\/posts\/2925\/revisions"}],"predecessor-version":[{"id":2929,"href":"https:\/\/apuntesdesanluis.com\/index.php\/wp-json\/wp\/v2\/posts\/2925\/revisions\/2929"}],"wp:featuredmedia":[{"embeddable":true,"href":"https:\/\/apuntesdesanluis.com\/index.php\/wp-json\/wp\/v2\/media\/2926"}],"wp:attachment":[{"href":"https:\/\/apuntesdesanluis.com\/index.php\/wp-json\/wp\/v2\/media?parent=2925"}],"wp:term":[{"taxonomy":"category","embeddable":true,"href":"https:\/\/apuntesdesanluis.com\/index.php\/wp-json\/wp\/v2\/categories?post=2925"},{"taxonomy":"post_tag","embeddable":true,"href":"https:\/\/apuntesdesanluis.com\/index.php\/wp-json\/wp\/v2\/tags?post=2925"}],"curies":[{"name":"wp","href":"https:\/\/api.w.org\/{rel}","templated":true}]}}