{"id":29261,"date":"2025-02-16T20:02:09","date_gmt":"2025-02-16T23:02:09","guid":{"rendered":"https:\/\/apuntesdesanluis.com\/?p=29261"},"modified":"2025-02-16T20:03:20","modified_gmt":"2025-02-16T23:03:20","slug":"acorralado-por-el-escandalo-cripto-javier-milei-ordena-intervencion-de-la-oa-y-crea-una-comision","status":"publish","type":"post","link":"https:\/\/apuntesdesanluis.com\/index.php\/2025\/02\/16\/acorralado-por-el-escandalo-cripto-javier-milei-ordena-intervencion-de-la-oa-y-crea-una-comision\/","title":{"rendered":"ACORRALADO POR EL ESC\u00c1NDALO CRIPTO, JAVIER MILEI ORDENA INTERVENCI\u00d3N DE LA OA Y &#8220;CREA UNA COMISI\u00d3N&#8221;"},"content":{"rendered":"<h3><strong>Javier Milei<\/strong> pidi\u00f3 que lo investigue la <strong>Oficina Anticorrupci\u00f3n<\/strong> y, luego del explosivo video de <strong>Hayden Davis<\/strong>, se anunci\u00f3 &#8220;la creaci\u00f3n de una <strong>Unidad de Tareas de Investigaci\u00f3n<\/strong> (UTI), con representantes vinculados a criptoactivos, lavado, actividades financieras y dem\u00e1s, para iniciar una investigaci\u00f3n urgente respecto de la criptomoneda $LIBRA&#8221;. Se remarc\u00f3, como marca el manual, que &#8220;se ir\u00e1 hasta las \u00faltimas consecuencias&#8221;.<\/h3>\n<h3>Cuentan como parte del eterno folclore peronista, que el General alguna vez dijo &#8220;si uno no quiere que una investigaci\u00f3n avance, tiene que crear una comisi\u00f3n&#8230;&#8221;. Cierta o no, la frase ha probado su genialidad hasta el hartazgo en nuestra pol\u00edtica, con decenas de comisiones que jam\u00e1s llegaron a nada, aunque se repitiera con entusiasmo a cada paso la decisi\u00f3n de &#8220;llegar hasta las ultimas consecuencias&#8221;. Y justamente eso hizo en las \u00faltimas horas el Gobierno, que en un comunicado insisti\u00f3 en que el presidente Javier Milei nada tiene nada que ver con la millonaria estafa cripto del token $LIBRA, y que &#8220;se crear\u00e1 una unidad investigativa&#8221; para descubrir a los responsables del criptogate, ya que la decisi\u00f3n del mandatario es, para que no queden dudas, &#8220;avanzar hasta las \u00faltimas consecuencias&#8221;.<\/h3>\n<h3>Sucede que la &#8220;guillotina&#8221; libertaria necesita cabezas, de manera imperiosa. A alguien hay que &#8220;echarle la culpa&#8221; de un esc\u00e1ndalo que ha convertido a Milei en una suerte de &#8220;estafador cripto&#8221; a escala global. Y si se tiene en cuenta que este Gobierno ha hecho del despido de funcionarios casi una rutina, nadie que haya estado siquiera cerca del &#8220;Proyecto $LIBRA&#8221; puede considerarse a salvo de la furia de la familia Milei. Hayden Davis habl\u00f3 en su video de &#8220;un proyecto&#8221; acordado con &#8220;Milei y sus asociados&#8221;, deslizando que el mandatario conoc\u00eda el asunto, incluso dijo ser &#8220;asesor del Gobierno&#8221; en temas de token y criptos.<\/h3>\n<h3>El tema ya deja de ser &#8220;folcl\u00f3rico&#8221;, por m\u00e1s que Milei haya querido cerrarlo con sus habituales insultos a la casta: se trata de algo extremadamente grave, con posibles responsabilidades penales, ya que unos pocos se alzaron con casi 100 millones de d\u00f3lares, hay v\u00edctimas regadas por medio planeta y eso podr\u00eda dar intervenci\u00f3n de \u00e1mbitos judiciales extranjeros, poco amigables.<\/h3>\n<p><iframe title=\"\ud83d\udea8 ESTAFA DE MILEI : LO ULTIMOApareci\u00f3 Hayden Davis el due\u00f1o de la cryptoestafa $LIBRA\" width=\"640\" height=\"360\" src=\"https:\/\/www.youtube.com\/embed\/0r2pL1zpQ3I?feature=oembed\" frameborder=\"0\" allow=\"accelerometer; autoplay; clipboard-write; encrypted-media; gyroscope; picture-in-picture; web-share\" referrerpolicy=\"strict-origin-when-cross-origin\" allowfullscreen><\/iframe><\/p>\n<h3>Ante el video de <strong>Hayden Davis<\/strong>, que se refiere al tema como un &#8220;negocio con compromisos acordados&#8221;, los estrategas libertarios de Oficina del Presidente salieron a poner distancia de un asunto cuyo horizonte puede definirse, cuanto menos, de &#8220;muy preocupante&#8221;.<\/h3>\n<h3>As\u00ed luego de 24 horas de pensante silencio, luego que el mundo entero se haya referido al asunto, este s\u00e1bado casi a las 11 de la noche, la cuenta Oficina del Presidente finalmente habl\u00f3 de la cripto estafa. Su comubicado solo insisti\u00f3 en tratar de separar a Milei de la estafa, recalcando que publicit\u00f3 el tema &#8220;como tantos&#8221; que destaca para apoyar la inversi\u00f3n o la creaci\u00f3n de empleo en el pa\u00eds. Pero remarc\u00f3 que no hab\u00eda relaci\u00f3n con Davis, asegurando que el joven norteamericano no tiene ninguna relaci\u00f3n con el Gobierno.<\/h3>\n<h3><img fetchpriority=\"high\" decoding=\"async\" class=\"wp-image-29262 aligncenter\" src=\"https:\/\/apuntesdesanluis.com\/wp-content\/uploads\/2025\/02\/oficina-del-presi-300x253.png\" alt=\"\" width=\"574\" height=\"484\" srcset=\"https:\/\/apuntesdesanluis.com\/wp-content\/uploads\/2025\/02\/oficina-del-presi-300x253.png 300w, https:\/\/apuntesdesanluis.com\/wp-content\/uploads\/2025\/02\/oficina-del-presi.png 467w\" sizes=\"(max-width: 574px) 100vw, 574px\" \/><\/h3>\n<h3>&#8220;Oficina del Presidente informa que el pasado 19 de octubre el presidente Javier Milei mantuvo un encuentro con los representantes de KIP Protocol en Argentina en el que se le coment\u00f3 la intenci\u00f3n de la empresa de desarrollar un proyecto llamado &#8216;Viva la Libertad&#8217; para financiar emprendimientos privados en la Rep\u00fablica Argentina utilizando tecnolog\u00eda blockchain&#8221;, comenz\u00f3 diciendo la nota libertaria.<\/h3>\n<h3>&#8220;De ese encuentro, que fue debidamente asentado en el Registro de Audiencias P\u00fablicas, participaron el Presidente de la Naci\u00f3n; los representantes de la empresa KIP Protocol, Mauricio Novellli y Julian Peh; y el vocero presidencial, Manuel Adorni&#8221;, se agreg\u00f3, precisando luego que &#8220;en ese marco, el 30 de enero de 2025, el Presidente mantuvo una reuni\u00f3n en Casa Rosada con Hayden Mark Davis, quien, de acuerdo a lo expresado por los representantes de KIP Protocol, proveer\u00eda la infraestructura tecnol\u00f3gica para su proyecto. El Sr. Davis no tuvo ni tiene ninguna vinculaci\u00f3n con el gobierno argentino y fue presentado por los representantes de KIP Protocol como uno de sus socios en el proyecto&#8221;.<\/h3>\n<h3>Davis, aclaraci\u00f3n al margen, hab\u00eda aparecido un rato antes en redes diciendo que &#8220;no es un estafador&#8221;, que Milei no cumpli\u00f3 con el apoyo prometido y que fue su mensaje dando marcha atr\u00e1s con el apoyo en redes, el que hizo que &#8220;los inversores se sintieran traicionados&#8221;, generando la infausta corrida que termin\u00f3 en desastre. Para algunos, porque para otro termin\u00f3 con millones de d\u00f3lares en billeteras virtuales.<\/h3>\n<h3>Volvamos al comunicado del Gobierno, que luego se\u00f1al\u00f3: &#8220;Finalmente, en el d\u00eda de ayer, el Presidente comparti\u00f3 una publicaci\u00f3n en sus cuentas personales comunicando el lanzamiento del proyecto de KIP Protocol, al igual que lo hace cotidianamente con muchos emprendedores que quieren lanzar un proyecto en Argentina para crear empleo y conseguir inversiones. No habiendo sido parte en ninguna instancia del desarrollo de la criptomoneda, luego de las repercusiones que el lanzamiento del proyecto tuvo y para evitar cualquier especulaci\u00f3n y no darle mayor difusi\u00f3n, decidi\u00f3 eliminar la publicaci\u00f3n&#8221;.<\/h3>\n<h3><img decoding=\"async\" class=\"wp-image-29263 aligncenter\" src=\"https:\/\/apuntesdesanluis.com\/wp-content\/uploads\/2025\/02\/ofic.-del-presi-300x260.png\" alt=\"\" width=\"606\" height=\"525\" srcset=\"https:\/\/apuntesdesanluis.com\/wp-content\/uploads\/2025\/02\/ofic.-del-presi-300x260.png 300w, https:\/\/apuntesdesanluis.com\/wp-content\/uploads\/2025\/02\/ofic.-del-presi.png 454w\" sizes=\"(max-width: 606px) 100vw, 606px\" \/><\/h3>\n<h3>&#8220;En virtud de los hechos, el Presidente Javier Milei ha decidido darle intervenci\u00f3n de forma inmediata a la Oficina Anticorrupci\u00f3n (OA) para que determine si existi\u00f3 una conducta impropia por parte de alg\u00fan miembro del Gobierno Nacional, incluido el propio Presidente&#8221;, se destaca en la presentaci\u00f3n de la cuenta oficial, indicando que &#8220;por otro lado, el Presidente de la Naci\u00f3n ha decidido crear una Unidad de Tareas de Investigaci\u00f3n (UTI) en la \u00f3rbita de la Presidencia de la Naci\u00f3n, compuesta por representantes de los \u00f3rganos y organismos con competencias vinculadas a los criptoactivos, actividades financieras, lavado de activos, y otras \u00e1reas relacionadas, que integrar\u00e1n su informaci\u00f3n a los efectos de iniciar una investigaci\u00f3n urgente respecto del lanzamiento de la criptomoneda $LIBRA y todas las empresas o personas implicadas en dicha operaci\u00f3n. Toda la informaci\u00f3n recabada en la investigaci\u00f3n ser\u00e1 entregada a la Justicia para que determine si alguna de las empresas o personas vinculadas con el proyecto de KIP Protocol cometieron un delito&#8221;.<\/h3>\n<h3>Quedaba la frase final, apuntando a tranquilizar tanto a quienes tienen sed de Justicia, como a quienes tienen sed de ver si pueden salvar algo de lo que $LIBRA se llev\u00f3: &#8220;El Presidente Milei ha demostrado con hechos su vocaci\u00f3n por la verdad y est\u00e1 comprometido con el debido esclarecimiento de este hecho hasta las \u00faltimas consecuencias&#8221;. El General, viendo eso de &#8220;unidad investigativa&#8221;, y el remate de &#8220;\u00faltimas consecuencias&#8221;, seguramente hubiera sonre\u00eddo.<\/h3>\n<p><img decoding=\"async\" class=\"wp-image-29264 aligncenter\" src=\"https:\/\/apuntesdesanluis.com\/wp-content\/uploads\/2025\/02\/oficina-3-300x146.png\" alt=\"\" width=\"606\" height=\"295\" srcset=\"https:\/\/apuntesdesanluis.com\/wp-content\/uploads\/2025\/02\/oficina-3-300x146.png 300w, https:\/\/apuntesdesanluis.com\/wp-content\/uploads\/2025\/02\/oficina-3.png 509w\" sizes=\"(max-width: 606px) 100vw, 606px\" \/><\/p>\n<h3>Queda esperar y ver, si la &#8220;guillotina&#8221; encuentra a qui\u00e9n, seg\u00fan alguien que sabe del tema como Leonardo Cositorto, le &#8220;tendi\u00f3 semejante cama&#8221; al presidente. Algo, por cierto, poco creible, con tantos conocimientos y t\u00edtulos sobre econom\u00eda.<\/h3>\n<p>&nbsp;<\/p>\n<p>&nbsp;<\/p>\n<p>&nbsp;<\/p>\n<p>&nbsp;<\/p>\n<p>&nbsp;<\/p>\n<p>&nbsp;<\/p>\n","protected":false},"excerpt":{"rendered":"<p>Javier Milei pidi\u00f3 que lo investigue la Oficina Anticorrupci\u00f3n y, luego del explosivo video de&#8230;<\/p>\n","protected":false},"author":1,"featured_media":29265,"comment_status":"closed","ping_status":"closed","sticky":false,"template":"","format":"standard","meta":{"footnotes":""},"categories":[5],"tags":[],"class_list":["post-29261","post","type-post","status-publish","format-standard","has-post-thumbnail","hentry","category-nacionales-internacionales"],"yoast_head":"<!-- This site is optimized with the Yoast SEO plugin v26.1.1 - https:\/\/yoast.com\/wordpress\/plugins\/seo\/ -->\n<title>ACORRALADO POR EL ESC\u00c1NDALO CRIPTO, JAVIER MILEI ORDENA INTERVENCI\u00d3N DE LA OA Y &quot;CREA UNA COMISI\u00d3N&quot; - Apuntes de San Luis<\/title>\n<meta name=\"robots\" content=\"index, follow, max-snippet:-1, max-image-preview:large, max-video-preview:-1\" \/>\n<link rel=\"canonical\" href=\"https:\/\/apuntesdesanluis.com\/index.php\/2025\/02\/16\/acorralado-por-el-escandalo-cripto-javier-milei-ordena-intervencion-de-la-oa-y-crea-una-comision\/\" \/>\n<meta property=\"og:locale\" content=\"es_ES\" \/>\n<meta property=\"og:type\" content=\"article\" \/>\n<meta property=\"og:title\" content=\"ACORRALADO POR EL ESC\u00c1NDALO CRIPTO, JAVIER MILEI ORDENA INTERVENCI\u00d3N DE LA OA Y &quot;CREA UNA COMISI\u00d3N&quot; - Apuntes de San Luis\" \/>\n<meta property=\"og:description\" content=\"Javier Milei pidi\u00f3 que lo investigue la Oficina Anticorrupci\u00f3n y, luego del explosivo video de...\" \/>\n<meta property=\"og:url\" content=\"https:\/\/apuntesdesanluis.com\/index.php\/2025\/02\/16\/acorralado-por-el-escandalo-cripto-javier-milei-ordena-intervencion-de-la-oa-y-crea-una-comision\/\" \/>\n<meta property=\"og:site_name\" content=\"Apuntes de San Luis\" \/>\n<meta property=\"article:published_time\" content=\"2025-02-16T23:02:09+00:00\" \/>\n<meta property=\"article:modified_time\" content=\"2025-02-16T23:03:20+00:00\" \/>\n<meta property=\"og:image\" content=\"https:\/\/apuntesdesanluis.com\/wp-content\/uploads\/2025\/02\/milei-laje-y-adornis.png\" \/>\n\t<meta property=\"og:image:width\" content=\"710\" \/>\n\t<meta property=\"og:image:height\" content=\"434\" \/>\n\t<meta property=\"og:image:type\" content=\"image\/png\" \/>\n<meta name=\"author\" content=\"apuntesdesanluis.com\" \/>\n<meta name=\"twitter:card\" content=\"summary_large_image\" \/>\n<meta name=\"twitter:label1\" content=\"Escrito por\" \/>\n\t<meta name=\"twitter:data1\" content=\"apuntesdesanluis.com\" \/>\n\t<meta name=\"twitter:label2\" content=\"Tiempo de lectura\" \/>\n\t<meta name=\"twitter:data2\" content=\"6 minutos\" \/>\n<script type=\"application\/ld+json\" class=\"yoast-schema-graph\">{\"@context\":\"https:\/\/schema.org\",\"@graph\":[{\"@type\":\"Article\",\"@id\":\"https:\/\/apuntesdesanluis.com\/index.php\/2025\/02\/16\/acorralado-por-el-escandalo-cripto-javier-milei-ordena-intervencion-de-la-oa-y-crea-una-comision\/#article\",\"isPartOf\":{\"@id\":\"https:\/\/apuntesdesanluis.com\/index.php\/2025\/02\/16\/acorralado-por-el-escandalo-cripto-javier-milei-ordena-intervencion-de-la-oa-y-crea-una-comision\/\"},\"author\":{\"name\":\"apuntesdesanluis.com\",\"@id\":\"https:\/\/apuntesdesanluis.com\/#\/schema\/person\/b55151d52296fcce64d1a72538a70b90\"},\"headline\":\"ACORRALADO POR EL ESC\u00c1NDALO CRIPTO, JAVIER MILEI ORDENA INTERVENCI\u00d3N DE LA OA Y &#8220;CREA UNA COMISI\u00d3N&#8221;\",\"datePublished\":\"2025-02-16T23:02:09+00:00\",\"dateModified\":\"2025-02-16T23:03:20+00:00\",\"mainEntityOfPage\":{\"@id\":\"https:\/\/apuntesdesanluis.com\/index.php\/2025\/02\/16\/acorralado-por-el-escandalo-cripto-javier-milei-ordena-intervencion-de-la-oa-y-crea-una-comision\/\"},\"wordCount\":1191,\"publisher\":{\"@id\":\"https:\/\/apuntesdesanluis.com\/#\/schema\/person\/b55151d52296fcce64d1a72538a70b90\"},\"image\":{\"@id\":\"https:\/\/apuntesdesanluis.com\/index.php\/2025\/02\/16\/acorralado-por-el-escandalo-cripto-javier-milei-ordena-intervencion-de-la-oa-y-crea-una-comision\/#primaryimage\"},\"thumbnailUrl\":\"https:\/\/apuntesdesanluis.com\/wp-content\/uploads\/2025\/02\/milei-laje-y-adornis.png\",\"articleSection\":[\"Nacionales\/Internacionales\"],\"inLanguage\":\"es-AR\"},{\"@type\":\"WebPage\",\"@id\":\"https:\/\/apuntesdesanluis.com\/index.php\/2025\/02\/16\/acorralado-por-el-escandalo-cripto-javier-milei-ordena-intervencion-de-la-oa-y-crea-una-comision\/\",\"url\":\"https:\/\/apuntesdesanluis.com\/index.php\/2025\/02\/16\/acorralado-por-el-escandalo-cripto-javier-milei-ordena-intervencion-de-la-oa-y-crea-una-comision\/\",\"name\":\"ACORRALADO POR EL ESC\u00c1NDALO CRIPTO, JAVIER MILEI ORDENA INTERVENCI\u00d3N DE LA OA Y \\\"CREA UNA COMISI\u00d3N\\\" - Apuntes de San Luis\",\"isPartOf\":{\"@id\":\"https:\/\/apuntesdesanluis.com\/#website\"},\"primaryImageOfPage\":{\"@id\":\"https:\/\/apuntesdesanluis.com\/index.php\/2025\/02\/16\/acorralado-por-el-escandalo-cripto-javier-milei-ordena-intervencion-de-la-oa-y-crea-una-comision\/#primaryimage\"},\"image\":{\"@id\":\"https:\/\/apuntesdesanluis.com\/index.php\/2025\/02\/16\/acorralado-por-el-escandalo-cripto-javier-milei-ordena-intervencion-de-la-oa-y-crea-una-comision\/#primaryimage\"},\"thumbnailUrl\":\"https:\/\/apuntesdesanluis.com\/wp-content\/uploads\/2025\/02\/milei-laje-y-adornis.png\",\"datePublished\":\"2025-02-16T23:02:09+00:00\",\"dateModified\":\"2025-02-16T23:03:20+00:00\",\"breadcrumb\":{\"@id\":\"https:\/\/apuntesdesanluis.com\/index.php\/2025\/02\/16\/acorralado-por-el-escandalo-cripto-javier-milei-ordena-intervencion-de-la-oa-y-crea-una-comision\/#breadcrumb\"},\"inLanguage\":\"es-AR\",\"potentialAction\":[{\"@type\":\"ReadAction\",\"target\":[\"https:\/\/apuntesdesanluis.com\/index.php\/2025\/02\/16\/acorralado-por-el-escandalo-cripto-javier-milei-ordena-intervencion-de-la-oa-y-crea-una-comision\/\"]}]},{\"@type\":\"ImageObject\",\"inLanguage\":\"es-AR\",\"@id\":\"https:\/\/apuntesdesanluis.com\/index.php\/2025\/02\/16\/acorralado-por-el-escandalo-cripto-javier-milei-ordena-intervencion-de-la-oa-y-crea-una-comision\/#primaryimage\",\"url\":\"https:\/\/apuntesdesanluis.com\/wp-content\/uploads\/2025\/02\/milei-laje-y-adornis.png\",\"contentUrl\":\"https:\/\/apuntesdesanluis.com\/wp-content\/uploads\/2025\/02\/milei-laje-y-adornis.png\",\"width\":710,\"height\":434},{\"@type\":\"BreadcrumbList\",\"@id\":\"https:\/\/apuntesdesanluis.com\/index.php\/2025\/02\/16\/acorralado-por-el-escandalo-cripto-javier-milei-ordena-intervencion-de-la-oa-y-crea-una-comision\/#breadcrumb\",\"itemListElement\":[{\"@type\":\"ListItem\",\"position\":1,\"name\":\"Inicio\",\"item\":\"https:\/\/apuntesdesanluis.com\/\"},{\"@type\":\"ListItem\",\"position\":2,\"name\":\"ACORRALADO POR EL ESC\u00c1NDALO CRIPTO, JAVIER MILEI ORDENA INTERVENCI\u00d3N DE LA OA Y &#8220;CREA UNA COMISI\u00d3N&#8221;\"}]},{\"@type\":\"WebSite\",\"@id\":\"https:\/\/apuntesdesanluis.com\/#website\",\"url\":\"https:\/\/apuntesdesanluis.com\/\",\"name\":\"Apuntes de San Luis\",\"description\":\"\",\"publisher\":{\"@id\":\"https:\/\/apuntesdesanluis.com\/#\/schema\/person\/b55151d52296fcce64d1a72538a70b90\"},\"potentialAction\":[{\"@type\":\"SearchAction\",\"target\":{\"@type\":\"EntryPoint\",\"urlTemplate\":\"https:\/\/apuntesdesanluis.com\/?s={search_term_string}\"},\"query-input\":{\"@type\":\"PropertyValueSpecification\",\"valueRequired\":true,\"valueName\":\"search_term_string\"}}],\"inLanguage\":\"es-AR\"},{\"@type\":[\"Person\",\"Organization\"],\"@id\":\"https:\/\/apuntesdesanluis.com\/#\/schema\/person\/b55151d52296fcce64d1a72538a70b90\",\"name\":\"apuntesdesanluis.com\",\"image\":{\"@type\":\"ImageObject\",\"inLanguage\":\"es-AR\",\"@id\":\"https:\/\/apuntesdesanluis.com\/#\/schema\/person\/image\/\",\"url\":\"https:\/\/apuntesdesanluis.com\/wp-content\/uploads\/2023\/07\/cropped-apuntesdesanluis.png\",\"contentUrl\":\"https:\/\/apuntesdesanluis.com\/wp-content\/uploads\/2023\/07\/cropped-apuntesdesanluis.png\",\"width\":450,\"height\":112,\"caption\":\"apuntesdesanluis.com\"},\"logo\":{\"@id\":\"https:\/\/apuntesdesanluis.com\/#\/schema\/person\/image\/\"},\"sameAs\":[\"https:\/\/apuntesdesanluis.com\"],\"url\":\"https:\/\/apuntesdesanluis.com\/index.php\/author\/apuntesdesanluis-com\/\"}]}<\/script>\n<!-- \/ Yoast SEO plugin. -->","yoast_head_json":{"title":"ACORRALADO POR EL ESC\u00c1NDALO CRIPTO, JAVIER MILEI ORDENA INTERVENCI\u00d3N DE LA OA Y \"CREA UNA COMISI\u00d3N\" - Apuntes de San Luis","robots":{"index":"index","follow":"follow","max-snippet":"max-snippet:-1","max-image-preview":"max-image-preview:large","max-video-preview":"max-video-preview:-1"},"canonical":"https:\/\/apuntesdesanluis.com\/index.php\/2025\/02\/16\/acorralado-por-el-escandalo-cripto-javier-milei-ordena-intervencion-de-la-oa-y-crea-una-comision\/","og_locale":"es_ES","og_type":"article","og_title":"ACORRALADO POR EL ESC\u00c1NDALO CRIPTO, JAVIER MILEI ORDENA INTERVENCI\u00d3N DE LA OA Y \"CREA UNA COMISI\u00d3N\" - Apuntes de San Luis","og_description":"Javier Milei pidi\u00f3 que lo investigue la Oficina Anticorrupci\u00f3n y, luego del explosivo video de...","og_url":"https:\/\/apuntesdesanluis.com\/index.php\/2025\/02\/16\/acorralado-por-el-escandalo-cripto-javier-milei-ordena-intervencion-de-la-oa-y-crea-una-comision\/","og_site_name":"Apuntes de San Luis","article_published_time":"2025-02-16T23:02:09+00:00","article_modified_time":"2025-02-16T23:03:20+00:00","og_image":[{"width":710,"height":434,"url":"https:\/\/apuntesdesanluis.com\/wp-content\/uploads\/2025\/02\/milei-laje-y-adornis.png","type":"image\/png"}],"author":"apuntesdesanluis.com","twitter_card":"summary_large_image","twitter_misc":{"Escrito por":"apuntesdesanluis.com","Tiempo de lectura":"6 minutos"},"schema":{"@context":"https:\/\/schema.org","@graph":[{"@type":"Article","@id":"https:\/\/apuntesdesanluis.com\/index.php\/2025\/02\/16\/acorralado-por-el-escandalo-cripto-javier-milei-ordena-intervencion-de-la-oa-y-crea-una-comision\/#article","isPartOf":{"@id":"https:\/\/apuntesdesanluis.com\/index.php\/2025\/02\/16\/acorralado-por-el-escandalo-cripto-javier-milei-ordena-intervencion-de-la-oa-y-crea-una-comision\/"},"author":{"name":"apuntesdesanluis.com","@id":"https:\/\/apuntesdesanluis.com\/#\/schema\/person\/b55151d52296fcce64d1a72538a70b90"},"headline":"ACORRALADO POR EL ESC\u00c1NDALO CRIPTO, JAVIER MILEI ORDENA INTERVENCI\u00d3N DE LA OA Y &#8220;CREA UNA COMISI\u00d3N&#8221;","datePublished":"2025-02-16T23:02:09+00:00","dateModified":"2025-02-16T23:03:20+00:00","mainEntityOfPage":{"@id":"https:\/\/apuntesdesanluis.com\/index.php\/2025\/02\/16\/acorralado-por-el-escandalo-cripto-javier-milei-ordena-intervencion-de-la-oa-y-crea-una-comision\/"},"wordCount":1191,"publisher":{"@id":"https:\/\/apuntesdesanluis.com\/#\/schema\/person\/b55151d52296fcce64d1a72538a70b90"},"image":{"@id":"https:\/\/apuntesdesanluis.com\/index.php\/2025\/02\/16\/acorralado-por-el-escandalo-cripto-javier-milei-ordena-intervencion-de-la-oa-y-crea-una-comision\/#primaryimage"},"thumbnailUrl":"https:\/\/apuntesdesanluis.com\/wp-content\/uploads\/2025\/02\/milei-laje-y-adornis.png","articleSection":["Nacionales\/Internacionales"],"inLanguage":"es-AR"},{"@type":"WebPage","@id":"https:\/\/apuntesdesanluis.com\/index.php\/2025\/02\/16\/acorralado-por-el-escandalo-cripto-javier-milei-ordena-intervencion-de-la-oa-y-crea-una-comision\/","url":"https:\/\/apuntesdesanluis.com\/index.php\/2025\/02\/16\/acorralado-por-el-escandalo-cripto-javier-milei-ordena-intervencion-de-la-oa-y-crea-una-comision\/","name":"ACORRALADO POR EL ESC\u00c1NDALO CRIPTO, JAVIER MILEI ORDENA INTERVENCI\u00d3N DE LA OA Y \"CREA UNA COMISI\u00d3N\" - Apuntes de San Luis","isPartOf":{"@id":"https:\/\/apuntesdesanluis.com\/#website"},"primaryImageOfPage":{"@id":"https:\/\/apuntesdesanluis.com\/index.php\/2025\/02\/16\/acorralado-por-el-escandalo-cripto-javier-milei-ordena-intervencion-de-la-oa-y-crea-una-comision\/#primaryimage"},"image":{"@id":"https:\/\/apuntesdesanluis.com\/index.php\/2025\/02\/16\/acorralado-por-el-escandalo-cripto-javier-milei-ordena-intervencion-de-la-oa-y-crea-una-comision\/#primaryimage"},"thumbnailUrl":"https:\/\/apuntesdesanluis.com\/wp-content\/uploads\/2025\/02\/milei-laje-y-adornis.png","datePublished":"2025-02-16T23:02:09+00:00","dateModified":"2025-02-16T23:03:20+00:00","breadcrumb":{"@id":"https:\/\/apuntesdesanluis.com\/index.php\/2025\/02\/16\/acorralado-por-el-escandalo-cripto-javier-milei-ordena-intervencion-de-la-oa-y-crea-una-comision\/#breadcrumb"},"inLanguage":"es-AR","potentialAction":[{"@type":"ReadAction","target":["https:\/\/apuntesdesanluis.com\/index.php\/2025\/02\/16\/acorralado-por-el-escandalo-cripto-javier-milei-ordena-intervencion-de-la-oa-y-crea-una-comision\/"]}]},{"@type":"ImageObject","inLanguage":"es-AR","@id":"https:\/\/apuntesdesanluis.com\/index.php\/2025\/02\/16\/acorralado-por-el-escandalo-cripto-javier-milei-ordena-intervencion-de-la-oa-y-crea-una-comision\/#primaryimage","url":"https:\/\/apuntesdesanluis.com\/wp-content\/uploads\/2025\/02\/milei-laje-y-adornis.png","contentUrl":"https:\/\/apuntesdesanluis.com\/wp-content\/uploads\/2025\/02\/milei-laje-y-adornis.png","width":710,"height":434},{"@type":"BreadcrumbList","@id":"https:\/\/apuntesdesanluis.com\/index.php\/2025\/02\/16\/acorralado-por-el-escandalo-cripto-javier-milei-ordena-intervencion-de-la-oa-y-crea-una-comision\/#breadcrumb","itemListElement":[{"@type":"ListItem","position":1,"name":"Inicio","item":"https:\/\/apuntesdesanluis.com\/"},{"@type":"ListItem","position":2,"name":"ACORRALADO POR EL ESC\u00c1NDALO CRIPTO, JAVIER MILEI ORDENA INTERVENCI\u00d3N DE LA OA Y &#8220;CREA UNA COMISI\u00d3N&#8221;"}]},{"@type":"WebSite","@id":"https:\/\/apuntesdesanluis.com\/#website","url":"https:\/\/apuntesdesanluis.com\/","name":"Apuntes de San Luis","description":"","publisher":{"@id":"https:\/\/apuntesdesanluis.com\/#\/schema\/person\/b55151d52296fcce64d1a72538a70b90"},"potentialAction":[{"@type":"SearchAction","target":{"@type":"EntryPoint","urlTemplate":"https:\/\/apuntesdesanluis.com\/?s={search_term_string}"},"query-input":{"@type":"PropertyValueSpecification","valueRequired":true,"valueName":"search_term_string"}}],"inLanguage":"es-AR"},{"@type":["Person","Organization"],"@id":"https:\/\/apuntesdesanluis.com\/#\/schema\/person\/b55151d52296fcce64d1a72538a70b90","name":"apuntesdesanluis.com","image":{"@type":"ImageObject","inLanguage":"es-AR","@id":"https:\/\/apuntesdesanluis.com\/#\/schema\/person\/image\/","url":"https:\/\/apuntesdesanluis.com\/wp-content\/uploads\/2023\/07\/cropped-apuntesdesanluis.png","contentUrl":"https:\/\/apuntesdesanluis.com\/wp-content\/uploads\/2023\/07\/cropped-apuntesdesanluis.png","width":450,"height":112,"caption":"apuntesdesanluis.com"},"logo":{"@id":"https:\/\/apuntesdesanluis.com\/#\/schema\/person\/image\/"},"sameAs":["https:\/\/apuntesdesanluis.com"],"url":"https:\/\/apuntesdesanluis.com\/index.php\/author\/apuntesdesanluis-com\/"}]}},"featured_image_urls":{"full":["https:\/\/apuntesdesanluis.com\/wp-content\/uploads\/2025\/02\/milei-laje-y-adornis.png",710,434,false],"thumbnail":["https:\/\/apuntesdesanluis.com\/wp-content\/uploads\/2025\/02\/milei-laje-y-adornis-150x150.png",150,150,true],"medium":["https:\/\/apuntesdesanluis.com\/wp-content\/uploads\/2025\/02\/milei-laje-y-adornis-300x183.png",300,183,true],"medium_large":["https:\/\/apuntesdesanluis.com\/wp-content\/uploads\/2025\/02\/milei-laje-y-adornis.png",640,391,false],"large":["https:\/\/apuntesdesanluis.com\/wp-content\/uploads\/2025\/02\/milei-laje-y-adornis.png",640,391,false],"1536x1536":["https:\/\/apuntesdesanluis.com\/wp-content\/uploads\/2025\/02\/milei-laje-y-adornis.png",710,434,false],"2048x2048":["https:\/\/apuntesdesanluis.com\/wp-content\/uploads\/2025\/02\/milei-laje-y-adornis.png",710,434,false],"newsever-slider-full":["https:\/\/apuntesdesanluis.com\/wp-content\/uploads\/2025\/02\/milei-laje-y-adornis.png",710,434,false],"newsever-featured":["https:\/\/apuntesdesanluis.com\/wp-content\/uploads\/2025\/02\/milei-laje-y-adornis.png",710,434,false],"newsever-medium":["https:\/\/apuntesdesanluis.com\/wp-content\/uploads\/2025\/02\/milei-laje-y-adornis.png",710,434,false]},"author_info":{"display_name":"apuntesdesanluis.com","author_link":"https:\/\/apuntesdesanluis.com\/index.php\/author\/apuntesdesanluis-com\/"},"category_info":"<a href=\"https:\/\/apuntesdesanluis.com\/index.php\/category\/nacionales-internacionales\/\" rel=\"category tag\">Nacionales\/Internacionales<\/a>","tag_info":"Nacionales\/Internacionales","comment_count":"0","_links":{"self":[{"href":"https:\/\/apuntesdesanluis.com\/index.php\/wp-json\/wp\/v2\/posts\/29261","targetHints":{"allow":["GET"]}}],"collection":[{"href":"https:\/\/apuntesdesanluis.com\/index.php\/wp-json\/wp\/v2\/posts"}],"about":[{"href":"https:\/\/apuntesdesanluis.com\/index.php\/wp-json\/wp\/v2\/types\/post"}],"author":[{"embeddable":true,"href":"https:\/\/apuntesdesanluis.com\/index.php\/wp-json\/wp\/v2\/users\/1"}],"replies":[{"embeddable":true,"href":"https:\/\/apuntesdesanluis.com\/index.php\/wp-json\/wp\/v2\/comments?post=29261"}],"version-history":[{"count":3,"href":"https:\/\/apuntesdesanluis.com\/index.php\/wp-json\/wp\/v2\/posts\/29261\/revisions"}],"predecessor-version":[{"id":29268,"href":"https:\/\/apuntesdesanluis.com\/index.php\/wp-json\/wp\/v2\/posts\/29261\/revisions\/29268"}],"wp:featuredmedia":[{"embeddable":true,"href":"https:\/\/apuntesdesanluis.com\/index.php\/wp-json\/wp\/v2\/media\/29265"}],"wp:attachment":[{"href":"https:\/\/apuntesdesanluis.com\/index.php\/wp-json\/wp\/v2\/media?parent=29261"}],"wp:term":[{"taxonomy":"category","embeddable":true,"href":"https:\/\/apuntesdesanluis.com\/index.php\/wp-json\/wp\/v2\/categories?post=29261"},{"taxonomy":"post_tag","embeddable":true,"href":"https:\/\/apuntesdesanluis.com\/index.php\/wp-json\/wp\/v2\/tags?post=29261"}],"curies":[{"name":"wp","href":"https:\/\/api.w.org\/{rel}","templated":true}]}}