{"id":29275,"date":"2025-02-16T21:17:13","date_gmt":"2025-02-17T00:17:13","guid":{"rendered":"https:\/\/apuntesdesanluis.com\/?p=29275"},"modified":"2025-02-16T21:17:13","modified_gmt":"2025-02-17T00:17:13","slug":"una-joven-le-sustrajo-un-parlante-a-su-padre-y-lo-vendio-pero-la-detuvieron","status":"publish","type":"post","link":"https:\/\/apuntesdesanluis.com\/index.php\/2025\/02\/16\/una-joven-le-sustrajo-un-parlante-a-su-padre-y-lo-vendio-pero-la-detuvieron\/","title":{"rendered":"UNA JOVEN LE SUSTRAJO UN PARLANTE A SU PADRE Y LO VENDI\u00d3, PERO LA DETUVIERON"},"content":{"rendered":"<h3>El hecho ocurri\u00f3 el s\u00e1bado por la tarde, tras lo cual efectivos de la Divisi\u00f3n Respuesta Inmediata Motorizada (DRIM) demoraron a una joven de 21 a\u00f1os de edad, en un procedimiento realizado en la ciudad de Villa Mercedes.<\/h3>\n<h3>Los motoristas fueron alertados por el Centro de Operaciones Policiales debido a un robo en una vivienda ubicada en calle Suipacha al 1690.<\/h3>\n<h3>En el lugar se entrevistaron con el propietario del domicilio, un hombre de 71 a\u00f1os de edad, quien les coment\u00f3 que su hija (la joven de 21 a\u00f1os) hab\u00eda acudido a su vivienda, incumpliendo una orden de restricci\u00f3n de acercamiento, y hab\u00eda sustra\u00eddo un parlante en caja.<\/h3>\n<h3>Los uniformados iniciaron la b\u00fasqueda de la joven, quien fue localizada en la intersecci\u00f3n de las calles Olagaray y Guayaquil.<\/h3>\n<h3>Al ser interceptada, admiti\u00f3 haber vendido el parlante, pero se neg\u00f3 a revelar su ubicaci\u00f3n.<\/h3>\n<h3>Por tal motivo, fue demorada y trasladada a la Comisar\u00eda Seccional 9\u00b0.<\/h3>\n<p>&nbsp;<\/p>\n<p>&nbsp;<\/p>\n<p>&nbsp;<\/p>\n","protected":false},"excerpt":{"rendered":"<p>El hecho ocurri\u00f3 el s\u00e1bado por la tarde, tras lo cual efectivos de la Divisi\u00f3n&#8230;<\/p>\n","protected":false},"author":1,"featured_media":29276,"comment_status":"closed","ping_status":"closed","sticky":false,"template":"","format":"standard","meta":{"footnotes":""},"categories":[6],"tags":[],"class_list":["post-29275","post","type-post","status-publish","format-standard","has-post-thumbnail","hentry","category-ciudad-provincia"],"yoast_head":"<!-- This site is optimized with the Yoast SEO plugin v26.1.1 - https:\/\/yoast.com\/wordpress\/plugins\/seo\/ -->\n<title>UNA JOVEN LE SUSTRAJO UN PARLANTE A SU PADRE Y LO VENDI\u00d3, PERO LA DETUVIERON - Apuntes de San Luis<\/title>\n<meta name=\"robots\" content=\"index, follow, max-snippet:-1, max-image-preview:large, max-video-preview:-1\" \/>\n<link rel=\"canonical\" href=\"https:\/\/apuntesdesanluis.com\/index.php\/2025\/02\/16\/una-joven-le-sustrajo-un-parlante-a-su-padre-y-lo-vendio-pero-la-detuvieron\/\" \/>\n<meta property=\"og:locale\" content=\"es_ES\" \/>\n<meta property=\"og:type\" content=\"article\" \/>\n<meta property=\"og:title\" content=\"UNA JOVEN LE SUSTRAJO UN PARLANTE A SU PADRE Y LO VENDI\u00d3, PERO LA DETUVIERON - Apuntes de San Luis\" \/>\n<meta property=\"og:description\" content=\"El hecho ocurri\u00f3 el s\u00e1bado por la tarde, tras lo cual efectivos de la Divisi\u00f3n...\" \/>\n<meta property=\"og:url\" content=\"https:\/\/apuntesdesanluis.com\/index.php\/2025\/02\/16\/una-joven-le-sustrajo-un-parlante-a-su-padre-y-lo-vendio-pero-la-detuvieron\/\" \/>\n<meta property=\"og:site_name\" content=\"Apuntes de San Luis\" \/>\n<meta property=\"article:published_time\" content=\"2025-02-17T00:17:13+00:00\" \/>\n<meta property=\"og:image\" content=\"https:\/\/apuntesdesanluis.com\/wp-content\/uploads\/2025\/02\/Imagen-de-WhatsApp-2025-02-16-a-las-12.41.38_964d2a7b.jpg\" \/>\n\t<meta property=\"og:image:width\" content=\"688\" \/>\n\t<meta property=\"og:image:height\" content=\"507\" \/>\n\t<meta property=\"og:image:type\" content=\"image\/jpeg\" \/>\n<meta name=\"author\" content=\"apuntesdesanluis.com\" \/>\n<meta name=\"twitter:card\" content=\"summary_large_image\" \/>\n<meta name=\"twitter:label1\" content=\"Escrito por\" \/>\n\t<meta name=\"twitter:data1\" content=\"apuntesdesanluis.com\" \/>\n\t<meta name=\"twitter:label2\" content=\"Tiempo de lectura\" \/>\n\t<meta name=\"twitter:data2\" content=\"1 minuto\" \/>\n<script type=\"application\/ld+json\" class=\"yoast-schema-graph\">{\"@context\":\"https:\/\/schema.org\",\"@graph\":[{\"@type\":\"Article\",\"@id\":\"https:\/\/apuntesdesanluis.com\/index.php\/2025\/02\/16\/una-joven-le-sustrajo-un-parlante-a-su-padre-y-lo-vendio-pero-la-detuvieron\/#article\",\"isPartOf\":{\"@id\":\"https:\/\/apuntesdesanluis.com\/index.php\/2025\/02\/16\/una-joven-le-sustrajo-un-parlante-a-su-padre-y-lo-vendio-pero-la-detuvieron\/\"},\"author\":{\"name\":\"apuntesdesanluis.com\",\"@id\":\"https:\/\/apuntesdesanluis.com\/#\/schema\/person\/b55151d52296fcce64d1a72538a70b90\"},\"headline\":\"UNA JOVEN LE SUSTRAJO UN PARLANTE A SU PADRE Y LO VENDI\u00d3, PERO LA DETUVIERON\",\"datePublished\":\"2025-02-17T00:17:13+00:00\",\"mainEntityOfPage\":{\"@id\":\"https:\/\/apuntesdesanluis.com\/index.php\/2025\/02\/16\/una-joven-le-sustrajo-un-parlante-a-su-padre-y-lo-vendio-pero-la-detuvieron\/\"},\"wordCount\":181,\"publisher\":{\"@id\":\"https:\/\/apuntesdesanluis.com\/#\/schema\/person\/b55151d52296fcce64d1a72538a70b90\"},\"image\":{\"@id\":\"https:\/\/apuntesdesanluis.com\/index.php\/2025\/02\/16\/una-joven-le-sustrajo-un-parlante-a-su-padre-y-lo-vendio-pero-la-detuvieron\/#primaryimage\"},\"thumbnailUrl\":\"https:\/\/apuntesdesanluis.com\/wp-content\/uploads\/2025\/02\/Imagen-de-WhatsApp-2025-02-16-a-las-12.41.38_964d2a7b.jpg\",\"articleSection\":[\"Ciudad\/Provincia\"],\"inLanguage\":\"es-AR\"},{\"@type\":\"WebPage\",\"@id\":\"https:\/\/apuntesdesanluis.com\/index.php\/2025\/02\/16\/una-joven-le-sustrajo-un-parlante-a-su-padre-y-lo-vendio-pero-la-detuvieron\/\",\"url\":\"https:\/\/apuntesdesanluis.com\/index.php\/2025\/02\/16\/una-joven-le-sustrajo-un-parlante-a-su-padre-y-lo-vendio-pero-la-detuvieron\/\",\"name\":\"UNA JOVEN LE SUSTRAJO UN PARLANTE A SU PADRE Y LO VENDI\u00d3, PERO LA DETUVIERON - Apuntes de San Luis\",\"isPartOf\":{\"@id\":\"https:\/\/apuntesdesanluis.com\/#website\"},\"primaryImageOfPage\":{\"@id\":\"https:\/\/apuntesdesanluis.com\/index.php\/2025\/02\/16\/una-joven-le-sustrajo-un-parlante-a-su-padre-y-lo-vendio-pero-la-detuvieron\/#primaryimage\"},\"image\":{\"@id\":\"https:\/\/apuntesdesanluis.com\/index.php\/2025\/02\/16\/una-joven-le-sustrajo-un-parlante-a-su-padre-y-lo-vendio-pero-la-detuvieron\/#primaryimage\"},\"thumbnailUrl\":\"https:\/\/apuntesdesanluis.com\/wp-content\/uploads\/2025\/02\/Imagen-de-WhatsApp-2025-02-16-a-las-12.41.38_964d2a7b.jpg\",\"datePublished\":\"2025-02-17T00:17:13+00:00\",\"breadcrumb\":{\"@id\":\"https:\/\/apuntesdesanluis.com\/index.php\/2025\/02\/16\/una-joven-le-sustrajo-un-parlante-a-su-padre-y-lo-vendio-pero-la-detuvieron\/#breadcrumb\"},\"inLanguage\":\"es-AR\",\"potentialAction\":[{\"@type\":\"ReadAction\",\"target\":[\"https:\/\/apuntesdesanluis.com\/index.php\/2025\/02\/16\/una-joven-le-sustrajo-un-parlante-a-su-padre-y-lo-vendio-pero-la-detuvieron\/\"]}]},{\"@type\":\"ImageObject\",\"inLanguage\":\"es-AR\",\"@id\":\"https:\/\/apuntesdesanluis.com\/index.php\/2025\/02\/16\/una-joven-le-sustrajo-un-parlante-a-su-padre-y-lo-vendio-pero-la-detuvieron\/#primaryimage\",\"url\":\"https:\/\/apuntesdesanluis.com\/wp-content\/uploads\/2025\/02\/Imagen-de-WhatsApp-2025-02-16-a-las-12.41.38_964d2a7b.jpg\",\"contentUrl\":\"https:\/\/apuntesdesanluis.com\/wp-content\/uploads\/2025\/02\/Imagen-de-WhatsApp-2025-02-16-a-las-12.41.38_964d2a7b.jpg\",\"width\":688,\"height\":507},{\"@type\":\"BreadcrumbList\",\"@id\":\"https:\/\/apuntesdesanluis.com\/index.php\/2025\/02\/16\/una-joven-le-sustrajo-un-parlante-a-su-padre-y-lo-vendio-pero-la-detuvieron\/#breadcrumb\",\"itemListElement\":[{\"@type\":\"ListItem\",\"position\":1,\"name\":\"Inicio\",\"item\":\"https:\/\/apuntesdesanluis.com\/\"},{\"@type\":\"ListItem\",\"position\":2,\"name\":\"UNA JOVEN LE SUSTRAJO UN PARLANTE A SU PADRE Y LO VENDI\u00d3, PERO LA DETUVIERON\"}]},{\"@type\":\"WebSite\",\"@id\":\"https:\/\/apuntesdesanluis.com\/#website\",\"url\":\"https:\/\/apuntesdesanluis.com\/\",\"name\":\"Apuntes de San Luis\",\"description\":\"\",\"publisher\":{\"@id\":\"https:\/\/apuntesdesanluis.com\/#\/schema\/person\/b55151d52296fcce64d1a72538a70b90\"},\"potentialAction\":[{\"@type\":\"SearchAction\",\"target\":{\"@type\":\"EntryPoint\",\"urlTemplate\":\"https:\/\/apuntesdesanluis.com\/?s={search_term_string}\"},\"query-input\":{\"@type\":\"PropertyValueSpecification\",\"valueRequired\":true,\"valueName\":\"search_term_string\"}}],\"inLanguage\":\"es-AR\"},{\"@type\":[\"Person\",\"Organization\"],\"@id\":\"https:\/\/apuntesdesanluis.com\/#\/schema\/person\/b55151d52296fcce64d1a72538a70b90\",\"name\":\"apuntesdesanluis.com\",\"image\":{\"@type\":\"ImageObject\",\"inLanguage\":\"es-AR\",\"@id\":\"https:\/\/apuntesdesanluis.com\/#\/schema\/person\/image\/\",\"url\":\"https:\/\/apuntesdesanluis.com\/wp-content\/uploads\/2023\/07\/cropped-apuntesdesanluis.png\",\"contentUrl\":\"https:\/\/apuntesdesanluis.com\/wp-content\/uploads\/2023\/07\/cropped-apuntesdesanluis.png\",\"width\":450,\"height\":112,\"caption\":\"apuntesdesanluis.com\"},\"logo\":{\"@id\":\"https:\/\/apuntesdesanluis.com\/#\/schema\/person\/image\/\"},\"sameAs\":[\"https:\/\/apuntesdesanluis.com\"],\"url\":\"https:\/\/apuntesdesanluis.com\/index.php\/author\/apuntesdesanluis-com\/\"}]}<\/script>\n<!-- \/ Yoast SEO plugin. -->","yoast_head_json":{"title":"UNA JOVEN LE SUSTRAJO UN PARLANTE A SU PADRE Y LO VENDI\u00d3, PERO LA DETUVIERON - Apuntes de San Luis","robots":{"index":"index","follow":"follow","max-snippet":"max-snippet:-1","max-image-preview":"max-image-preview:large","max-video-preview":"max-video-preview:-1"},"canonical":"https:\/\/apuntesdesanluis.com\/index.php\/2025\/02\/16\/una-joven-le-sustrajo-un-parlante-a-su-padre-y-lo-vendio-pero-la-detuvieron\/","og_locale":"es_ES","og_type":"article","og_title":"UNA JOVEN LE SUSTRAJO UN PARLANTE A SU PADRE Y LO VENDI\u00d3, PERO LA DETUVIERON - Apuntes de San Luis","og_description":"El hecho ocurri\u00f3 el s\u00e1bado por la tarde, tras lo cual efectivos de la Divisi\u00f3n...","og_url":"https:\/\/apuntesdesanluis.com\/index.php\/2025\/02\/16\/una-joven-le-sustrajo-un-parlante-a-su-padre-y-lo-vendio-pero-la-detuvieron\/","og_site_name":"Apuntes de San Luis","article_published_time":"2025-02-17T00:17:13+00:00","og_image":[{"width":688,"height":507,"url":"https:\/\/apuntesdesanluis.com\/wp-content\/uploads\/2025\/02\/Imagen-de-WhatsApp-2025-02-16-a-las-12.41.38_964d2a7b.jpg","type":"image\/jpeg"}],"author":"apuntesdesanluis.com","twitter_card":"summary_large_image","twitter_misc":{"Escrito por":"apuntesdesanluis.com","Tiempo de lectura":"1 minuto"},"schema":{"@context":"https:\/\/schema.org","@graph":[{"@type":"Article","@id":"https:\/\/apuntesdesanluis.com\/index.php\/2025\/02\/16\/una-joven-le-sustrajo-un-parlante-a-su-padre-y-lo-vendio-pero-la-detuvieron\/#article","isPartOf":{"@id":"https:\/\/apuntesdesanluis.com\/index.php\/2025\/02\/16\/una-joven-le-sustrajo-un-parlante-a-su-padre-y-lo-vendio-pero-la-detuvieron\/"},"author":{"name":"apuntesdesanluis.com","@id":"https:\/\/apuntesdesanluis.com\/#\/schema\/person\/b55151d52296fcce64d1a72538a70b90"},"headline":"UNA JOVEN LE SUSTRAJO UN PARLANTE A SU PADRE Y LO VENDI\u00d3, PERO LA DETUVIERON","datePublished":"2025-02-17T00:17:13+00:00","mainEntityOfPage":{"@id":"https:\/\/apuntesdesanluis.com\/index.php\/2025\/02\/16\/una-joven-le-sustrajo-un-parlante-a-su-padre-y-lo-vendio-pero-la-detuvieron\/"},"wordCount":181,"publisher":{"@id":"https:\/\/apuntesdesanluis.com\/#\/schema\/person\/b55151d52296fcce64d1a72538a70b90"},"image":{"@id":"https:\/\/apuntesdesanluis.com\/index.php\/2025\/02\/16\/una-joven-le-sustrajo-un-parlante-a-su-padre-y-lo-vendio-pero-la-detuvieron\/#primaryimage"},"thumbnailUrl":"https:\/\/apuntesdesanluis.com\/wp-content\/uploads\/2025\/02\/Imagen-de-WhatsApp-2025-02-16-a-las-12.41.38_964d2a7b.jpg","articleSection":["Ciudad\/Provincia"],"inLanguage":"es-AR"},{"@type":"WebPage","@id":"https:\/\/apuntesdesanluis.com\/index.php\/2025\/02\/16\/una-joven-le-sustrajo-un-parlante-a-su-padre-y-lo-vendio-pero-la-detuvieron\/","url":"https:\/\/apuntesdesanluis.com\/index.php\/2025\/02\/16\/una-joven-le-sustrajo-un-parlante-a-su-padre-y-lo-vendio-pero-la-detuvieron\/","name":"UNA JOVEN LE SUSTRAJO UN PARLANTE A SU PADRE Y LO VENDI\u00d3, PERO LA DETUVIERON - Apuntes de San Luis","isPartOf":{"@id":"https:\/\/apuntesdesanluis.com\/#website"},"primaryImageOfPage":{"@id":"https:\/\/apuntesdesanluis.com\/index.php\/2025\/02\/16\/una-joven-le-sustrajo-un-parlante-a-su-padre-y-lo-vendio-pero-la-detuvieron\/#primaryimage"},"image":{"@id":"https:\/\/apuntesdesanluis.com\/index.php\/2025\/02\/16\/una-joven-le-sustrajo-un-parlante-a-su-padre-y-lo-vendio-pero-la-detuvieron\/#primaryimage"},"thumbnailUrl":"https:\/\/apuntesdesanluis.com\/wp-content\/uploads\/2025\/02\/Imagen-de-WhatsApp-2025-02-16-a-las-12.41.38_964d2a7b.jpg","datePublished":"2025-02-17T00:17:13+00:00","breadcrumb":{"@id":"https:\/\/apuntesdesanluis.com\/index.php\/2025\/02\/16\/una-joven-le-sustrajo-un-parlante-a-su-padre-y-lo-vendio-pero-la-detuvieron\/#breadcrumb"},"inLanguage":"es-AR","potentialAction":[{"@type":"ReadAction","target":["https:\/\/apuntesdesanluis.com\/index.php\/2025\/02\/16\/una-joven-le-sustrajo-un-parlante-a-su-padre-y-lo-vendio-pero-la-detuvieron\/"]}]},{"@type":"ImageObject","inLanguage":"es-AR","@id":"https:\/\/apuntesdesanluis.com\/index.php\/2025\/02\/16\/una-joven-le-sustrajo-un-parlante-a-su-padre-y-lo-vendio-pero-la-detuvieron\/#primaryimage","url":"https:\/\/apuntesdesanluis.com\/wp-content\/uploads\/2025\/02\/Imagen-de-WhatsApp-2025-02-16-a-las-12.41.38_964d2a7b.jpg","contentUrl":"https:\/\/apuntesdesanluis.com\/wp-content\/uploads\/2025\/02\/Imagen-de-WhatsApp-2025-02-16-a-las-12.41.38_964d2a7b.jpg","width":688,"height":507},{"@type":"BreadcrumbList","@id":"https:\/\/apuntesdesanluis.com\/index.php\/2025\/02\/16\/una-joven-le-sustrajo-un-parlante-a-su-padre-y-lo-vendio-pero-la-detuvieron\/#breadcrumb","itemListElement":[{"@type":"ListItem","position":1,"name":"Inicio","item":"https:\/\/apuntesdesanluis.com\/"},{"@type":"ListItem","position":2,"name":"UNA JOVEN LE SUSTRAJO UN PARLANTE A SU PADRE Y LO VENDI\u00d3, PERO LA DETUVIERON"}]},{"@type":"WebSite","@id":"https:\/\/apuntesdesanluis.com\/#website","url":"https:\/\/apuntesdesanluis.com\/","name":"Apuntes de San Luis","description":"","publisher":{"@id":"https:\/\/apuntesdesanluis.com\/#\/schema\/person\/b55151d52296fcce64d1a72538a70b90"},"potentialAction":[{"@type":"SearchAction","target":{"@type":"EntryPoint","urlTemplate":"https:\/\/apuntesdesanluis.com\/?s={search_term_string}"},"query-input":{"@type":"PropertyValueSpecification","valueRequired":true,"valueName":"search_term_string"}}],"inLanguage":"es-AR"},{"@type":["Person","Organization"],"@id":"https:\/\/apuntesdesanluis.com\/#\/schema\/person\/b55151d52296fcce64d1a72538a70b90","name":"apuntesdesanluis.com","image":{"@type":"ImageObject","inLanguage":"es-AR","@id":"https:\/\/apuntesdesanluis.com\/#\/schema\/person\/image\/","url":"https:\/\/apuntesdesanluis.com\/wp-content\/uploads\/2023\/07\/cropped-apuntesdesanluis.png","contentUrl":"https:\/\/apuntesdesanluis.com\/wp-content\/uploads\/2023\/07\/cropped-apuntesdesanluis.png","width":450,"height":112,"caption":"apuntesdesanluis.com"},"logo":{"@id":"https:\/\/apuntesdesanluis.com\/#\/schema\/person\/image\/"},"sameAs":["https:\/\/apuntesdesanluis.com"],"url":"https:\/\/apuntesdesanluis.com\/index.php\/author\/apuntesdesanluis-com\/"}]}},"featured_image_urls":{"full":["https:\/\/apuntesdesanluis.com\/wp-content\/uploads\/2025\/02\/Imagen-de-WhatsApp-2025-02-16-a-las-12.41.38_964d2a7b.jpg",688,507,false],"thumbnail":["https:\/\/apuntesdesanluis.com\/wp-content\/uploads\/2025\/02\/Imagen-de-WhatsApp-2025-02-16-a-las-12.41.38_964d2a7b-150x150.jpg",150,150,true],"medium":["https:\/\/apuntesdesanluis.com\/wp-content\/uploads\/2025\/02\/Imagen-de-WhatsApp-2025-02-16-a-las-12.41.38_964d2a7b-300x221.jpg",300,221,true],"medium_large":["https:\/\/apuntesdesanluis.com\/wp-content\/uploads\/2025\/02\/Imagen-de-WhatsApp-2025-02-16-a-las-12.41.38_964d2a7b.jpg",640,472,false],"large":["https:\/\/apuntesdesanluis.com\/wp-content\/uploads\/2025\/02\/Imagen-de-WhatsApp-2025-02-16-a-las-12.41.38_964d2a7b.jpg",640,472,false],"1536x1536":["https:\/\/apuntesdesanluis.com\/wp-content\/uploads\/2025\/02\/Imagen-de-WhatsApp-2025-02-16-a-las-12.41.38_964d2a7b.jpg",688,507,false],"2048x2048":["https:\/\/apuntesdesanluis.com\/wp-content\/uploads\/2025\/02\/Imagen-de-WhatsApp-2025-02-16-a-las-12.41.38_964d2a7b.jpg",688,507,false],"newsever-slider-full":["https:\/\/apuntesdesanluis.com\/wp-content\/uploads\/2025\/02\/Imagen-de-WhatsApp-2025-02-16-a-las-12.41.38_964d2a7b.jpg",688,507,false],"newsever-featured":["https:\/\/apuntesdesanluis.com\/wp-content\/uploads\/2025\/02\/Imagen-de-WhatsApp-2025-02-16-a-las-12.41.38_964d2a7b.jpg",688,507,false],"newsever-medium":["https:\/\/apuntesdesanluis.com\/wp-content\/uploads\/2025\/02\/Imagen-de-WhatsApp-2025-02-16-a-las-12.41.38_964d2a7b-688x475.jpg",688,475,true]},"author_info":{"display_name":"apuntesdesanluis.com","author_link":"https:\/\/apuntesdesanluis.com\/index.php\/author\/apuntesdesanluis-com\/"},"category_info":"<a href=\"https:\/\/apuntesdesanluis.com\/index.php\/category\/ciudad-provincia\/\" rel=\"category tag\">Ciudad\/Provincia<\/a>","tag_info":"Ciudad\/Provincia","comment_count":"0","_links":{"self":[{"href":"https:\/\/apuntesdesanluis.com\/index.php\/wp-json\/wp\/v2\/posts\/29275","targetHints":{"allow":["GET"]}}],"collection":[{"href":"https:\/\/apuntesdesanluis.com\/index.php\/wp-json\/wp\/v2\/posts"}],"about":[{"href":"https:\/\/apuntesdesanluis.com\/index.php\/wp-json\/wp\/v2\/types\/post"}],"author":[{"embeddable":true,"href":"https:\/\/apuntesdesanluis.com\/index.php\/wp-json\/wp\/v2\/users\/1"}],"replies":[{"embeddable":true,"href":"https:\/\/apuntesdesanluis.com\/index.php\/wp-json\/wp\/v2\/comments?post=29275"}],"version-history":[{"count":1,"href":"https:\/\/apuntesdesanluis.com\/index.php\/wp-json\/wp\/v2\/posts\/29275\/revisions"}],"predecessor-version":[{"id":29277,"href":"https:\/\/apuntesdesanluis.com\/index.php\/wp-json\/wp\/v2\/posts\/29275\/revisions\/29277"}],"wp:featuredmedia":[{"embeddable":true,"href":"https:\/\/apuntesdesanluis.com\/index.php\/wp-json\/wp\/v2\/media\/29276"}],"wp:attachment":[{"href":"https:\/\/apuntesdesanluis.com\/index.php\/wp-json\/wp\/v2\/media?parent=29275"}],"wp:term":[{"taxonomy":"category","embeddable":true,"href":"https:\/\/apuntesdesanluis.com\/index.php\/wp-json\/wp\/v2\/categories?post=29275"},{"taxonomy":"post_tag","embeddable":true,"href":"https:\/\/apuntesdesanluis.com\/index.php\/wp-json\/wp\/v2\/tags?post=29275"}],"curies":[{"name":"wp","href":"https:\/\/api.w.org\/{rel}","templated":true}]}}