{"id":29287,"date":"2025-02-16T22:30:08","date_gmt":"2025-02-17T01:30:08","guid":{"rendered":"https:\/\/apuntesdesanluis.com\/?p=29287"},"modified":"2025-02-16T22:30:08","modified_gmt":"2025-02-17T01:30:08","slug":"la-unvime-participo-del-homenaje-a-facundo-quiroga-y-jose-santos-ortiz-primer-gobernador-de-la-provincia","status":"publish","type":"post","link":"https:\/\/apuntesdesanluis.com\/index.php\/2025\/02\/16\/la-unvime-participo-del-homenaje-a-facundo-quiroga-y-jose-santos-ortiz-primer-gobernador-de-la-provincia\/","title":{"rendered":"LA UNVIME PARTICIP\u00d3 DEL HOMENAJE A FACUNDO QUIROGA Y JOS\u00c9 SANTOS ORT\u00cdZ, PRIMER GOBERNADOR DE LA PROVINCIA"},"content":{"rendered":"<h3>En el marco del mes facundiano, se realiz\u00f3 este domingo en el <strong>Museo Posta de Sinsacate<\/strong> (C\u00f3rdoba), donde se record\u00f3 el <strong>190\u00ba aniversario del asesinato en Barranca Yaco del caudillo riojano y del militar y pol\u00edtico que fuera primer gobernador de San Luis<\/strong>.<\/h3>\n<h3>La ceremonia fue organizada en conjunto por los Municipios de Sinsacate, Sarmiento y Villa del Totoral.<\/h3>\n<h3>Invitados por la Junta de Historia de San Luis, en representaci\u00f3n de la Universidad Nacional de Villa Mercedes (UNViMe) concurrieron el rector <strong>Marcelo Sosa<\/strong>, el Secretario General <strong>Santiago Tell<\/strong> y la profesora <strong>Cintia Mart\u00ednez<\/strong>.<\/h3>\n<h3>Tambi\u00e9n participaron representantes de La Rioja y Oncativo, el intendente anfitri\u00f3n Carlos Cipri\u00e1n y autoridades de localidades vecinas; el legislador provincial V\u00edctor Molina, agrupaciones gauchas de Totoral, Sarmiento, Jes\u00fas Mar\u00eda, Sinsacate y San Lorenzo y el director Carlos Ferreyra Bertone.<\/h3>\n<h3>La nutrida delegaci\u00f3n puntana cont\u00f3 con la presencia del <strong>Dr. Ra\u00fal Fourcade<\/strong>, presidente de la Junta de Historia de San Luis; el Escribano de Gobierno de la Provincia, <strong>Juan Jos\u00e9 Laborda Ibarra<\/strong>, y del historiador <strong>Mart\u00edn Bacca<\/strong>, quienes evocaron la figura del coronel Dr. Jos\u00e9 Santos Ortiz. El Dr. <strong>Guillermo Genini<\/strong>, el licenciado <strong>Rub\u00e9n \u00c1vila<\/strong>, la profesora <strong>Judith Aguilar<\/strong> del Ministerio de Turismo y Cultura, tambi\u00e9n se hicieron presentes en la magna recordaci\u00f3n.<\/h3>\n<p><img fetchpriority=\"high\" decoding=\"async\" class=\"wp-image-29289 aligncenter\" src=\"https:\/\/apuntesdesanluis.com\/wp-content\/uploads\/2025\/02\/flores-300x200.png\" alt=\"\" width=\"650\" height=\"433\" srcset=\"https:\/\/apuntesdesanluis.com\/wp-content\/uploads\/2025\/02\/flores-300x200.png 300w, https:\/\/apuntesdesanluis.com\/wp-content\/uploads\/2025\/02\/flores.png 590w\" sizes=\"(max-width: 650px) 100vw, 650px\" \/><\/p>\n<h3>Como todos los a\u00f1os, en Sinsacate se organizan en febrero una serie de actividades en conmemoraci\u00f3n por la muerte de Facundo Quiroga, que contemplan espect\u00e1culos art\u00edsticos, feria y un acto homenaje en Barranca Yaco.<\/h3>\n<h3>El momento art\u00edstico estuvo a cargo de un cuerpo de baile folcl\u00f3rico aportado por la Agencia C\u00f3rdoba Cultura, el peque\u00f1o Lorenzo Bothamley que recit\u00f3 unos versos y la participaci\u00f3n del cantante y autor Alberto Mu\u00f1oz.<\/h3>\n<h3><strong>PALABRAS DEL RECTOR<\/strong><\/h3>\n<h3>El rector Marcelo Sosa fue invitado a pronunciar unas palabras alusivas, destacando que \u201chacer presente la historia da sentido de pertenencia, ayuda a entendernos como naci\u00f3n en construcci\u00f3n y permite avizorar el futuro con compromiso \u00e9tico y ciudadano\u201d.<\/h3>\n<p><img decoding=\"async\" class=\"wp-image-29290 aligncenter\" src=\"https:\/\/apuntesdesanluis.com\/wp-content\/uploads\/2025\/02\/rector-marcelo-sosa-en-homenaje-300x228.png\" alt=\"\" width=\"647\" height=\"492\" srcset=\"https:\/\/apuntesdesanluis.com\/wp-content\/uploads\/2025\/02\/rector-marcelo-sosa-en-homenaje-300x228.png 300w, https:\/\/apuntesdesanluis.com\/wp-content\/uploads\/2025\/02\/rector-marcelo-sosa-en-homenaje.png 593w\" sizes=\"(max-width: 647px) 100vw, 647px\" \/><\/p>\n<h3>\u201cEn nuestra universidad formamos j\u00f3venes, y queremos que crezcan alto y al igual que los \u00e1rboles, necesitan profundas ra\u00edces, y a esas ra\u00edces las fecunda nuestra historia\u201d, rese\u00f1\u00f3 el rector, para concluir con un \u201c\u00a1Viva la Patria!\u201d, replicado por los presentes.<\/h3>\n<h3>Luego particip\u00f3 de la colocaci\u00f3n de una corona de laureles.<\/h3>\n<h3>La Posta de Sinsacate fue testigo del paso de los ej\u00e9rcitos patriotas que marchaban al Alto Per\u00fa, y tambi\u00e9n del general Jos\u00e9 de San Mart\u00edn cuando march\u00f3 para hacerse cargo del Ej\u00e9rcito del Norte.<\/h3>\n<h3>El Dr. Marcelo Sosa, autor del art\u00edculo \u201cEl puntano Jos\u00e9 Santos Ortiz\u201d, premio especial del concurso nacional Centralismo vs. Federalismo y que fuera publicado en la revista Todo es historia, dirigida por F\u00e9lix Luna, dedic\u00f3 sentidas palabras para resaltar la figura del primer gobernador de la provincia de San Luis en la construcci\u00f3n de su autonom\u00eda respecto de Cuyo.<\/h3>\n<p>&nbsp;<\/p>\n<p>&nbsp;<\/p>\n<p>&nbsp;<\/p>\n<p>&nbsp;<\/p>\n<p>&nbsp;<\/p>\n","protected":false},"excerpt":{"rendered":"<p>En el marco del mes facundiano, se realiz\u00f3 este domingo en el Museo Posta de&#8230;<\/p>\n","protected":false},"author":1,"featured_media":29288,"comment_status":"closed","ping_status":"closed","sticky":false,"template":"","format":"standard","meta":{"footnotes":""},"categories":[6],"tags":[],"class_list":["post-29287","post","type-post","status-publish","format-standard","has-post-thumbnail","hentry","category-ciudad-provincia"],"yoast_head":"<!-- This site is optimized with the Yoast SEO plugin v26.1.1 - https:\/\/yoast.com\/wordpress\/plugins\/seo\/ -->\n<title>LA UNVIME PARTICIP\u00d3 DEL HOMENAJE A FACUNDO QUIROGA Y JOS\u00c9 SANTOS ORT\u00cdZ, PRIMER GOBERNADOR DE LA PROVINCIA - Apuntes de San Luis<\/title>\n<meta name=\"robots\" content=\"index, follow, max-snippet:-1, max-image-preview:large, max-video-preview:-1\" \/>\n<link rel=\"canonical\" href=\"https:\/\/apuntesdesanluis.com\/index.php\/2025\/02\/16\/la-unvime-participo-del-homenaje-a-facundo-quiroga-y-jose-santos-ortiz-primer-gobernador-de-la-provincia\/\" \/>\n<meta property=\"og:locale\" content=\"es_ES\" \/>\n<meta property=\"og:type\" content=\"article\" \/>\n<meta property=\"og:title\" content=\"LA UNVIME PARTICIP\u00d3 DEL HOMENAJE A FACUNDO QUIROGA Y JOS\u00c9 SANTOS ORT\u00cdZ, PRIMER GOBERNADOR DE LA PROVINCIA - Apuntes de San Luis\" \/>\n<meta property=\"og:description\" content=\"En el marco del mes facundiano, se realiz\u00f3 este domingo en el Museo Posta de...\" \/>\n<meta property=\"og:url\" content=\"https:\/\/apuntesdesanluis.com\/index.php\/2025\/02\/16\/la-unvime-participo-del-homenaje-a-facundo-quiroga-y-jose-santos-ortiz-primer-gobernador-de-la-provincia\/\" \/>\n<meta property=\"og:site_name\" content=\"Apuntes de San Luis\" \/>\n<meta property=\"article:published_time\" content=\"2025-02-17T01:30:08+00:00\" \/>\n<meta property=\"og:image\" content=\"https:\/\/apuntesdesanluis.com\/wp-content\/uploads\/2025\/02\/homenaje.png\" \/>\n\t<meta property=\"og:image:width\" content=\"561\" \/>\n\t<meta property=\"og:image:height\" content=\"354\" \/>\n\t<meta property=\"og:image:type\" content=\"image\/png\" \/>\n<meta name=\"author\" content=\"apuntesdesanluis.com\" \/>\n<meta name=\"twitter:card\" content=\"summary_large_image\" \/>\n<meta name=\"twitter:label1\" content=\"Escrito por\" \/>\n\t<meta name=\"twitter:data1\" content=\"apuntesdesanluis.com\" \/>\n\t<meta name=\"twitter:label2\" content=\"Tiempo de lectura\" \/>\n\t<meta name=\"twitter:data2\" content=\"3 minutos\" \/>\n<script type=\"application\/ld+json\" class=\"yoast-schema-graph\">{\"@context\":\"https:\/\/schema.org\",\"@graph\":[{\"@type\":\"Article\",\"@id\":\"https:\/\/apuntesdesanluis.com\/index.php\/2025\/02\/16\/la-unvime-participo-del-homenaje-a-facundo-quiroga-y-jose-santos-ortiz-primer-gobernador-de-la-provincia\/#article\",\"isPartOf\":{\"@id\":\"https:\/\/apuntesdesanluis.com\/index.php\/2025\/02\/16\/la-unvime-participo-del-homenaje-a-facundo-quiroga-y-jose-santos-ortiz-primer-gobernador-de-la-provincia\/\"},\"author\":{\"name\":\"apuntesdesanluis.com\",\"@id\":\"https:\/\/apuntesdesanluis.com\/#\/schema\/person\/b55151d52296fcce64d1a72538a70b90\"},\"headline\":\"LA UNVIME PARTICIP\u00d3 DEL HOMENAJE A FACUNDO QUIROGA Y JOS\u00c9 SANTOS ORT\u00cdZ, PRIMER GOBERNADOR DE LA PROVINCIA\",\"datePublished\":\"2025-02-17T01:30:08+00:00\",\"mainEntityOfPage\":{\"@id\":\"https:\/\/apuntesdesanluis.com\/index.php\/2025\/02\/16\/la-unvime-participo-del-homenaje-a-facundo-quiroga-y-jose-santos-ortiz-primer-gobernador-de-la-provincia\/\"},\"wordCount\":522,\"publisher\":{\"@id\":\"https:\/\/apuntesdesanluis.com\/#\/schema\/person\/b55151d52296fcce64d1a72538a70b90\"},\"image\":{\"@id\":\"https:\/\/apuntesdesanluis.com\/index.php\/2025\/02\/16\/la-unvime-participo-del-homenaje-a-facundo-quiroga-y-jose-santos-ortiz-primer-gobernador-de-la-provincia\/#primaryimage\"},\"thumbnailUrl\":\"https:\/\/apuntesdesanluis.com\/wp-content\/uploads\/2025\/02\/homenaje.png\",\"articleSection\":[\"Ciudad\/Provincia\"],\"inLanguage\":\"es-AR\"},{\"@type\":\"WebPage\",\"@id\":\"https:\/\/apuntesdesanluis.com\/index.php\/2025\/02\/16\/la-unvime-participo-del-homenaje-a-facundo-quiroga-y-jose-santos-ortiz-primer-gobernador-de-la-provincia\/\",\"url\":\"https:\/\/apuntesdesanluis.com\/index.php\/2025\/02\/16\/la-unvime-participo-del-homenaje-a-facundo-quiroga-y-jose-santos-ortiz-primer-gobernador-de-la-provincia\/\",\"name\":\"LA UNVIME PARTICIP\u00d3 DEL HOMENAJE A FACUNDO QUIROGA Y JOS\u00c9 SANTOS ORT\u00cdZ, PRIMER GOBERNADOR DE LA PROVINCIA - Apuntes de San Luis\",\"isPartOf\":{\"@id\":\"https:\/\/apuntesdesanluis.com\/#website\"},\"primaryImageOfPage\":{\"@id\":\"https:\/\/apuntesdesanluis.com\/index.php\/2025\/02\/16\/la-unvime-participo-del-homenaje-a-facundo-quiroga-y-jose-santos-ortiz-primer-gobernador-de-la-provincia\/#primaryimage\"},\"image\":{\"@id\":\"https:\/\/apuntesdesanluis.com\/index.php\/2025\/02\/16\/la-unvime-participo-del-homenaje-a-facundo-quiroga-y-jose-santos-ortiz-primer-gobernador-de-la-provincia\/#primaryimage\"},\"thumbnailUrl\":\"https:\/\/apuntesdesanluis.com\/wp-content\/uploads\/2025\/02\/homenaje.png\",\"datePublished\":\"2025-02-17T01:30:08+00:00\",\"breadcrumb\":{\"@id\":\"https:\/\/apuntesdesanluis.com\/index.php\/2025\/02\/16\/la-unvime-participo-del-homenaje-a-facundo-quiroga-y-jose-santos-ortiz-primer-gobernador-de-la-provincia\/#breadcrumb\"},\"inLanguage\":\"es-AR\",\"potentialAction\":[{\"@type\":\"ReadAction\",\"target\":[\"https:\/\/apuntesdesanluis.com\/index.php\/2025\/02\/16\/la-unvime-participo-del-homenaje-a-facundo-quiroga-y-jose-santos-ortiz-primer-gobernador-de-la-provincia\/\"]}]},{\"@type\":\"ImageObject\",\"inLanguage\":\"es-AR\",\"@id\":\"https:\/\/apuntesdesanluis.com\/index.php\/2025\/02\/16\/la-unvime-participo-del-homenaje-a-facundo-quiroga-y-jose-santos-ortiz-primer-gobernador-de-la-provincia\/#primaryimage\",\"url\":\"https:\/\/apuntesdesanluis.com\/wp-content\/uploads\/2025\/02\/homenaje.png\",\"contentUrl\":\"https:\/\/apuntesdesanluis.com\/wp-content\/uploads\/2025\/02\/homenaje.png\",\"width\":561,\"height\":354},{\"@type\":\"BreadcrumbList\",\"@id\":\"https:\/\/apuntesdesanluis.com\/index.php\/2025\/02\/16\/la-unvime-participo-del-homenaje-a-facundo-quiroga-y-jose-santos-ortiz-primer-gobernador-de-la-provincia\/#breadcrumb\",\"itemListElement\":[{\"@type\":\"ListItem\",\"position\":1,\"name\":\"Inicio\",\"item\":\"https:\/\/apuntesdesanluis.com\/\"},{\"@type\":\"ListItem\",\"position\":2,\"name\":\"LA UNVIME PARTICIP\u00d3 DEL HOMENAJE A FACUNDO QUIROGA Y JOS\u00c9 SANTOS ORT\u00cdZ, PRIMER GOBERNADOR DE LA PROVINCIA\"}]},{\"@type\":\"WebSite\",\"@id\":\"https:\/\/apuntesdesanluis.com\/#website\",\"url\":\"https:\/\/apuntesdesanluis.com\/\",\"name\":\"Apuntes de San Luis\",\"description\":\"\",\"publisher\":{\"@id\":\"https:\/\/apuntesdesanluis.com\/#\/schema\/person\/b55151d52296fcce64d1a72538a70b90\"},\"potentialAction\":[{\"@type\":\"SearchAction\",\"target\":{\"@type\":\"EntryPoint\",\"urlTemplate\":\"https:\/\/apuntesdesanluis.com\/?s={search_term_string}\"},\"query-input\":{\"@type\":\"PropertyValueSpecification\",\"valueRequired\":true,\"valueName\":\"search_term_string\"}}],\"inLanguage\":\"es-AR\"},{\"@type\":[\"Person\",\"Organization\"],\"@id\":\"https:\/\/apuntesdesanluis.com\/#\/schema\/person\/b55151d52296fcce64d1a72538a70b90\",\"name\":\"apuntesdesanluis.com\",\"image\":{\"@type\":\"ImageObject\",\"inLanguage\":\"es-AR\",\"@id\":\"https:\/\/apuntesdesanluis.com\/#\/schema\/person\/image\/\",\"url\":\"https:\/\/apuntesdesanluis.com\/wp-content\/uploads\/2023\/07\/cropped-apuntesdesanluis.png\",\"contentUrl\":\"https:\/\/apuntesdesanluis.com\/wp-content\/uploads\/2023\/07\/cropped-apuntesdesanluis.png\",\"width\":450,\"height\":112,\"caption\":\"apuntesdesanluis.com\"},\"logo\":{\"@id\":\"https:\/\/apuntesdesanluis.com\/#\/schema\/person\/image\/\"},\"sameAs\":[\"https:\/\/apuntesdesanluis.com\"],\"url\":\"https:\/\/apuntesdesanluis.com\/index.php\/author\/apuntesdesanluis-com\/\"}]}<\/script>\n<!-- \/ Yoast SEO plugin. -->","yoast_head_json":{"title":"LA UNVIME PARTICIP\u00d3 DEL HOMENAJE A FACUNDO QUIROGA Y JOS\u00c9 SANTOS ORT\u00cdZ, PRIMER GOBERNADOR DE LA PROVINCIA - Apuntes de San Luis","robots":{"index":"index","follow":"follow","max-snippet":"max-snippet:-1","max-image-preview":"max-image-preview:large","max-video-preview":"max-video-preview:-1"},"canonical":"https:\/\/apuntesdesanluis.com\/index.php\/2025\/02\/16\/la-unvime-participo-del-homenaje-a-facundo-quiroga-y-jose-santos-ortiz-primer-gobernador-de-la-provincia\/","og_locale":"es_ES","og_type":"article","og_title":"LA UNVIME PARTICIP\u00d3 DEL HOMENAJE A FACUNDO QUIROGA Y JOS\u00c9 SANTOS ORT\u00cdZ, PRIMER GOBERNADOR DE LA PROVINCIA - Apuntes de San Luis","og_description":"En el marco del mes facundiano, se realiz\u00f3 este domingo en el Museo Posta de...","og_url":"https:\/\/apuntesdesanluis.com\/index.php\/2025\/02\/16\/la-unvime-participo-del-homenaje-a-facundo-quiroga-y-jose-santos-ortiz-primer-gobernador-de-la-provincia\/","og_site_name":"Apuntes de San Luis","article_published_time":"2025-02-17T01:30:08+00:00","og_image":[{"width":561,"height":354,"url":"https:\/\/apuntesdesanluis.com\/wp-content\/uploads\/2025\/02\/homenaje.png","type":"image\/png"}],"author":"apuntesdesanluis.com","twitter_card":"summary_large_image","twitter_misc":{"Escrito por":"apuntesdesanluis.com","Tiempo de lectura":"3 minutos"},"schema":{"@context":"https:\/\/schema.org","@graph":[{"@type":"Article","@id":"https:\/\/apuntesdesanluis.com\/index.php\/2025\/02\/16\/la-unvime-participo-del-homenaje-a-facundo-quiroga-y-jose-santos-ortiz-primer-gobernador-de-la-provincia\/#article","isPartOf":{"@id":"https:\/\/apuntesdesanluis.com\/index.php\/2025\/02\/16\/la-unvime-participo-del-homenaje-a-facundo-quiroga-y-jose-santos-ortiz-primer-gobernador-de-la-provincia\/"},"author":{"name":"apuntesdesanluis.com","@id":"https:\/\/apuntesdesanluis.com\/#\/schema\/person\/b55151d52296fcce64d1a72538a70b90"},"headline":"LA UNVIME PARTICIP\u00d3 DEL HOMENAJE A FACUNDO QUIROGA Y JOS\u00c9 SANTOS ORT\u00cdZ, PRIMER GOBERNADOR DE LA PROVINCIA","datePublished":"2025-02-17T01:30:08+00:00","mainEntityOfPage":{"@id":"https:\/\/apuntesdesanluis.com\/index.php\/2025\/02\/16\/la-unvime-participo-del-homenaje-a-facundo-quiroga-y-jose-santos-ortiz-primer-gobernador-de-la-provincia\/"},"wordCount":522,"publisher":{"@id":"https:\/\/apuntesdesanluis.com\/#\/schema\/person\/b55151d52296fcce64d1a72538a70b90"},"image":{"@id":"https:\/\/apuntesdesanluis.com\/index.php\/2025\/02\/16\/la-unvime-participo-del-homenaje-a-facundo-quiroga-y-jose-santos-ortiz-primer-gobernador-de-la-provincia\/#primaryimage"},"thumbnailUrl":"https:\/\/apuntesdesanluis.com\/wp-content\/uploads\/2025\/02\/homenaje.png","articleSection":["Ciudad\/Provincia"],"inLanguage":"es-AR"},{"@type":"WebPage","@id":"https:\/\/apuntesdesanluis.com\/index.php\/2025\/02\/16\/la-unvime-participo-del-homenaje-a-facundo-quiroga-y-jose-santos-ortiz-primer-gobernador-de-la-provincia\/","url":"https:\/\/apuntesdesanluis.com\/index.php\/2025\/02\/16\/la-unvime-participo-del-homenaje-a-facundo-quiroga-y-jose-santos-ortiz-primer-gobernador-de-la-provincia\/","name":"LA UNVIME PARTICIP\u00d3 DEL HOMENAJE A FACUNDO QUIROGA Y JOS\u00c9 SANTOS ORT\u00cdZ, PRIMER GOBERNADOR DE LA PROVINCIA - Apuntes de San Luis","isPartOf":{"@id":"https:\/\/apuntesdesanluis.com\/#website"},"primaryImageOfPage":{"@id":"https:\/\/apuntesdesanluis.com\/index.php\/2025\/02\/16\/la-unvime-participo-del-homenaje-a-facundo-quiroga-y-jose-santos-ortiz-primer-gobernador-de-la-provincia\/#primaryimage"},"image":{"@id":"https:\/\/apuntesdesanluis.com\/index.php\/2025\/02\/16\/la-unvime-participo-del-homenaje-a-facundo-quiroga-y-jose-santos-ortiz-primer-gobernador-de-la-provincia\/#primaryimage"},"thumbnailUrl":"https:\/\/apuntesdesanluis.com\/wp-content\/uploads\/2025\/02\/homenaje.png","datePublished":"2025-02-17T01:30:08+00:00","breadcrumb":{"@id":"https:\/\/apuntesdesanluis.com\/index.php\/2025\/02\/16\/la-unvime-participo-del-homenaje-a-facundo-quiroga-y-jose-santos-ortiz-primer-gobernador-de-la-provincia\/#breadcrumb"},"inLanguage":"es-AR","potentialAction":[{"@type":"ReadAction","target":["https:\/\/apuntesdesanluis.com\/index.php\/2025\/02\/16\/la-unvime-participo-del-homenaje-a-facundo-quiroga-y-jose-santos-ortiz-primer-gobernador-de-la-provincia\/"]}]},{"@type":"ImageObject","inLanguage":"es-AR","@id":"https:\/\/apuntesdesanluis.com\/index.php\/2025\/02\/16\/la-unvime-participo-del-homenaje-a-facundo-quiroga-y-jose-santos-ortiz-primer-gobernador-de-la-provincia\/#primaryimage","url":"https:\/\/apuntesdesanluis.com\/wp-content\/uploads\/2025\/02\/homenaje.png","contentUrl":"https:\/\/apuntesdesanluis.com\/wp-content\/uploads\/2025\/02\/homenaje.png","width":561,"height":354},{"@type":"BreadcrumbList","@id":"https:\/\/apuntesdesanluis.com\/index.php\/2025\/02\/16\/la-unvime-participo-del-homenaje-a-facundo-quiroga-y-jose-santos-ortiz-primer-gobernador-de-la-provincia\/#breadcrumb","itemListElement":[{"@type":"ListItem","position":1,"name":"Inicio","item":"https:\/\/apuntesdesanluis.com\/"},{"@type":"ListItem","position":2,"name":"LA UNVIME PARTICIP\u00d3 DEL HOMENAJE A FACUNDO QUIROGA Y JOS\u00c9 SANTOS ORT\u00cdZ, PRIMER GOBERNADOR DE LA PROVINCIA"}]},{"@type":"WebSite","@id":"https:\/\/apuntesdesanluis.com\/#website","url":"https:\/\/apuntesdesanluis.com\/","name":"Apuntes de San Luis","description":"","publisher":{"@id":"https:\/\/apuntesdesanluis.com\/#\/schema\/person\/b55151d52296fcce64d1a72538a70b90"},"potentialAction":[{"@type":"SearchAction","target":{"@type":"EntryPoint","urlTemplate":"https:\/\/apuntesdesanluis.com\/?s={search_term_string}"},"query-input":{"@type":"PropertyValueSpecification","valueRequired":true,"valueName":"search_term_string"}}],"inLanguage":"es-AR"},{"@type":["Person","Organization"],"@id":"https:\/\/apuntesdesanluis.com\/#\/schema\/person\/b55151d52296fcce64d1a72538a70b90","name":"apuntesdesanluis.com","image":{"@type":"ImageObject","inLanguage":"es-AR","@id":"https:\/\/apuntesdesanluis.com\/#\/schema\/person\/image\/","url":"https:\/\/apuntesdesanluis.com\/wp-content\/uploads\/2023\/07\/cropped-apuntesdesanluis.png","contentUrl":"https:\/\/apuntesdesanluis.com\/wp-content\/uploads\/2023\/07\/cropped-apuntesdesanluis.png","width":450,"height":112,"caption":"apuntesdesanluis.com"},"logo":{"@id":"https:\/\/apuntesdesanluis.com\/#\/schema\/person\/image\/"},"sameAs":["https:\/\/apuntesdesanluis.com"],"url":"https:\/\/apuntesdesanluis.com\/index.php\/author\/apuntesdesanluis-com\/"}]}},"featured_image_urls":{"full":["https:\/\/apuntesdesanluis.com\/wp-content\/uploads\/2025\/02\/homenaje.png",561,354,false],"thumbnail":["https:\/\/apuntesdesanluis.com\/wp-content\/uploads\/2025\/02\/homenaje-150x150.png",150,150,true],"medium":["https:\/\/apuntesdesanluis.com\/wp-content\/uploads\/2025\/02\/homenaje-300x189.png",300,189,true],"medium_large":["https:\/\/apuntesdesanluis.com\/wp-content\/uploads\/2025\/02\/homenaje.png",561,354,false],"large":["https:\/\/apuntesdesanluis.com\/wp-content\/uploads\/2025\/02\/homenaje.png",561,354,false],"1536x1536":["https:\/\/apuntesdesanluis.com\/wp-content\/uploads\/2025\/02\/homenaje.png",561,354,false],"2048x2048":["https:\/\/apuntesdesanluis.com\/wp-content\/uploads\/2025\/02\/homenaje.png",561,354,false],"newsever-slider-full":["https:\/\/apuntesdesanluis.com\/wp-content\/uploads\/2025\/02\/homenaje.png",561,354,false],"newsever-featured":["https:\/\/apuntesdesanluis.com\/wp-content\/uploads\/2025\/02\/homenaje.png",561,354,false],"newsever-medium":["https:\/\/apuntesdesanluis.com\/wp-content\/uploads\/2025\/02\/homenaje.png",561,354,false]},"author_info":{"display_name":"apuntesdesanluis.com","author_link":"https:\/\/apuntesdesanluis.com\/index.php\/author\/apuntesdesanluis-com\/"},"category_info":"<a href=\"https:\/\/apuntesdesanluis.com\/index.php\/category\/ciudad-provincia\/\" rel=\"category tag\">Ciudad\/Provincia<\/a>","tag_info":"Ciudad\/Provincia","comment_count":"0","_links":{"self":[{"href":"https:\/\/apuntesdesanluis.com\/index.php\/wp-json\/wp\/v2\/posts\/29287","targetHints":{"allow":["GET"]}}],"collection":[{"href":"https:\/\/apuntesdesanluis.com\/index.php\/wp-json\/wp\/v2\/posts"}],"about":[{"href":"https:\/\/apuntesdesanluis.com\/index.php\/wp-json\/wp\/v2\/types\/post"}],"author":[{"embeddable":true,"href":"https:\/\/apuntesdesanluis.com\/index.php\/wp-json\/wp\/v2\/users\/1"}],"replies":[{"embeddable":true,"href":"https:\/\/apuntesdesanluis.com\/index.php\/wp-json\/wp\/v2\/comments?post=29287"}],"version-history":[{"count":1,"href":"https:\/\/apuntesdesanluis.com\/index.php\/wp-json\/wp\/v2\/posts\/29287\/revisions"}],"predecessor-version":[{"id":29291,"href":"https:\/\/apuntesdesanluis.com\/index.php\/wp-json\/wp\/v2\/posts\/29287\/revisions\/29291"}],"wp:featuredmedia":[{"embeddable":true,"href":"https:\/\/apuntesdesanluis.com\/index.php\/wp-json\/wp\/v2\/media\/29288"}],"wp:attachment":[{"href":"https:\/\/apuntesdesanluis.com\/index.php\/wp-json\/wp\/v2\/media?parent=29287"}],"wp:term":[{"taxonomy":"category","embeddable":true,"href":"https:\/\/apuntesdesanluis.com\/index.php\/wp-json\/wp\/v2\/categories?post=29287"},{"taxonomy":"post_tag","embeddable":true,"href":"https:\/\/apuntesdesanluis.com\/index.php\/wp-json\/wp\/v2\/tags?post=29287"}],"curies":[{"name":"wp","href":"https:\/\/api.w.org\/{rel}","templated":true}]}}