{"id":29292,"date":"2025-02-17T12:52:44","date_gmt":"2025-02-17T15:52:44","guid":{"rendered":"https:\/\/apuntesdesanluis.com\/?p=29292"},"modified":"2025-02-17T12:52:44","modified_gmt":"2025-02-17T15:52:44","slug":"este-lunes-presentan-en-casa-de-gobierno-el-plan-tubi-2025","status":"publish","type":"post","link":"https:\/\/apuntesdesanluis.com\/index.php\/2025\/02\/17\/este-lunes-presentan-en-casa-de-gobierno-el-plan-tubi-2025\/","title":{"rendered":"ESTE LUNES PRESENTAN EN CASA DE GOBIERNO EL PLAN TUBI 2025"},"content":{"rendered":"<h3>Este lunes el Gobierno va a presentar el <strong>Plan Tubi 2025<\/strong>, un proyecto transversal, que abarca a los ministerios de Educaci\u00f3n, Salud y Desarrollo Productivo, m\u00e1s la secretar\u00eda de Transporte, Deportes y Ambiente, adem\u00e1s del organismo que nuclea a los centros de estudiantes provinciales.<\/h3>\n<h3>Ser\u00e1 a partir de las 19.30 en la Plaza C\u00edvica de la Casa de Gobierno. Es un proyecto denominado \u201cSan Luis, mi provincia en bicicleta\u201d y contar\u00e1 con varios proveedores de la provincia, generando as\u00ed m\u00e1s trabajo y moviendo la econom\u00eda. Se destinar\u00e1 a los alumnos del \u00faltimo a\u00f1o del nivel Secundario.<\/h3>\n<h3>El gobernador <strong>Claudio Poggi<\/strong> firmar\u00e1 el decreto para la presentaci\u00f3n del Plan Tubi 2025, y luego proceder\u00e1 a la firma de convenios con proveedores de bicicletas, junto con V\u00edctor Cianchino, secretario de Transporte.<\/h3>\n<h3>El plan busca incentivar el uso de transporte limpio y fomentar el deporte al aire libre. Para este a\u00f1o, se prev\u00e9 la entrega de bicicletas a estudiantes de quinto a\u00f1o de secundaria, promoviendo as\u00ed una sociedad m\u00e1s sustentable.<\/h3>\n<h3>Este tipo de transporte no solo constituye una opci\u00f3n econ\u00f3mica y amigable con el medioambiente, sino que fundamentalmente promueve la salud de nuestros j\u00f3venes.<\/h3>\n<h3>Con respecto a las motivaciones que impulsaron el lanzamiento del plan, el Gobernador coment\u00f3 que est\u00e1 enmarcado en un programa de actitud saludable. \u201cHicimos un estudio con universidades y centros superiores, el cual nos revel\u00f3 que el 70% de los chicos que cursan una carrera superior, en el primer a\u00f1o, no practican actividad f\u00edsica\u201d.<\/h3>\n<h3>Tambi\u00e9n mencion\u00f3 que coordinar\u00e1 la creaci\u00f3n de m\u00e1s bicisendas y\/o mejoras de las ya existentes con los intendentes, a trav\u00e9s del plan \u2018Construyendo con tu Pueblo\u2019 en su edici\u00f3n 2025.<\/h3>\n<h3><\/h3>\n<h3><\/h3>\n<p>&nbsp;<\/p>\n<p>&nbsp;<\/p>\n","protected":false},"excerpt":{"rendered":"<p>Este lunes el Gobierno va a presentar el Plan Tubi 2025, un proyecto transversal, que&#8230;<\/p>\n","protected":false},"author":1,"featured_media":29293,"comment_status":"closed","ping_status":"closed","sticky":false,"template":"","format":"standard","meta":{"footnotes":""},"categories":[6],"tags":[],"class_list":["post-29292","post","type-post","status-publish","format-standard","has-post-thumbnail","hentry","category-ciudad-provincia"],"yoast_head":"<!-- This site is optimized with the Yoast SEO plugin v26.1.1 - https:\/\/yoast.com\/wordpress\/plugins\/seo\/ -->\n<title>ESTE LUNES PRESENTAN EN CASA DE GOBIERNO EL PLAN TUBI 2025 - Apuntes de San Luis<\/title>\n<meta name=\"robots\" content=\"index, follow, max-snippet:-1, max-image-preview:large, max-video-preview:-1\" \/>\n<link rel=\"canonical\" href=\"https:\/\/apuntesdesanluis.com\/index.php\/2025\/02\/17\/este-lunes-presentan-en-casa-de-gobierno-el-plan-tubi-2025\/\" \/>\n<meta property=\"og:locale\" content=\"es_ES\" \/>\n<meta property=\"og:type\" content=\"article\" \/>\n<meta property=\"og:title\" content=\"ESTE LUNES PRESENTAN EN CASA DE GOBIERNO EL PLAN TUBI 2025 - Apuntes de San Luis\" \/>\n<meta property=\"og:description\" content=\"Este lunes el Gobierno va a presentar el Plan Tubi 2025, un proyecto transversal, que...\" \/>\n<meta property=\"og:url\" content=\"https:\/\/apuntesdesanluis.com\/index.php\/2025\/02\/17\/este-lunes-presentan-en-casa-de-gobierno-el-plan-tubi-2025\/\" \/>\n<meta property=\"og:site_name\" content=\"Apuntes de San Luis\" \/>\n<meta property=\"article:published_time\" content=\"2025-02-17T15:52:44+00:00\" \/>\n<meta property=\"og:image\" content=\"https:\/\/apuntesdesanluis.com\/wp-content\/uploads\/2025\/02\/TUBI-BICI.png\" \/>\n\t<meta property=\"og:image:width\" content=\"773\" \/>\n\t<meta property=\"og:image:height\" content=\"513\" \/>\n\t<meta property=\"og:image:type\" content=\"image\/png\" \/>\n<meta name=\"author\" content=\"apuntesdesanluis.com\" \/>\n<meta name=\"twitter:card\" content=\"summary_large_image\" \/>\n<meta name=\"twitter:label1\" content=\"Escrito por\" \/>\n\t<meta name=\"twitter:data1\" content=\"apuntesdesanluis.com\" \/>\n\t<meta name=\"twitter:label2\" content=\"Tiempo de lectura\" \/>\n\t<meta name=\"twitter:data2\" content=\"2 minutos\" \/>\n<script type=\"application\/ld+json\" class=\"yoast-schema-graph\">{\"@context\":\"https:\/\/schema.org\",\"@graph\":[{\"@type\":\"Article\",\"@id\":\"https:\/\/apuntesdesanluis.com\/index.php\/2025\/02\/17\/este-lunes-presentan-en-casa-de-gobierno-el-plan-tubi-2025\/#article\",\"isPartOf\":{\"@id\":\"https:\/\/apuntesdesanluis.com\/index.php\/2025\/02\/17\/este-lunes-presentan-en-casa-de-gobierno-el-plan-tubi-2025\/\"},\"author\":{\"name\":\"apuntesdesanluis.com\",\"@id\":\"https:\/\/apuntesdesanluis.com\/#\/schema\/person\/b55151d52296fcce64d1a72538a70b90\"},\"headline\":\"ESTE LUNES PRESENTAN EN CASA DE GOBIERNO EL PLAN TUBI 2025\",\"datePublished\":\"2025-02-17T15:52:44+00:00\",\"mainEntityOfPage\":{\"@id\":\"https:\/\/apuntesdesanluis.com\/index.php\/2025\/02\/17\/este-lunes-presentan-en-casa-de-gobierno-el-plan-tubi-2025\/\"},\"wordCount\":306,\"publisher\":{\"@id\":\"https:\/\/apuntesdesanluis.com\/#\/schema\/person\/b55151d52296fcce64d1a72538a70b90\"},\"image\":{\"@id\":\"https:\/\/apuntesdesanluis.com\/index.php\/2025\/02\/17\/este-lunes-presentan-en-casa-de-gobierno-el-plan-tubi-2025\/#primaryimage\"},\"thumbnailUrl\":\"https:\/\/apuntesdesanluis.com\/wp-content\/uploads\/2025\/02\/TUBI-BICI.png\",\"articleSection\":[\"Ciudad\/Provincia\"],\"inLanguage\":\"es-AR\"},{\"@type\":\"WebPage\",\"@id\":\"https:\/\/apuntesdesanluis.com\/index.php\/2025\/02\/17\/este-lunes-presentan-en-casa-de-gobierno-el-plan-tubi-2025\/\",\"url\":\"https:\/\/apuntesdesanluis.com\/index.php\/2025\/02\/17\/este-lunes-presentan-en-casa-de-gobierno-el-plan-tubi-2025\/\",\"name\":\"ESTE LUNES PRESENTAN EN CASA DE GOBIERNO EL PLAN TUBI 2025 - Apuntes de San Luis\",\"isPartOf\":{\"@id\":\"https:\/\/apuntesdesanluis.com\/#website\"},\"primaryImageOfPage\":{\"@id\":\"https:\/\/apuntesdesanluis.com\/index.php\/2025\/02\/17\/este-lunes-presentan-en-casa-de-gobierno-el-plan-tubi-2025\/#primaryimage\"},\"image\":{\"@id\":\"https:\/\/apuntesdesanluis.com\/index.php\/2025\/02\/17\/este-lunes-presentan-en-casa-de-gobierno-el-plan-tubi-2025\/#primaryimage\"},\"thumbnailUrl\":\"https:\/\/apuntesdesanluis.com\/wp-content\/uploads\/2025\/02\/TUBI-BICI.png\",\"datePublished\":\"2025-02-17T15:52:44+00:00\",\"breadcrumb\":{\"@id\":\"https:\/\/apuntesdesanluis.com\/index.php\/2025\/02\/17\/este-lunes-presentan-en-casa-de-gobierno-el-plan-tubi-2025\/#breadcrumb\"},\"inLanguage\":\"es-AR\",\"potentialAction\":[{\"@type\":\"ReadAction\",\"target\":[\"https:\/\/apuntesdesanluis.com\/index.php\/2025\/02\/17\/este-lunes-presentan-en-casa-de-gobierno-el-plan-tubi-2025\/\"]}]},{\"@type\":\"ImageObject\",\"inLanguage\":\"es-AR\",\"@id\":\"https:\/\/apuntesdesanluis.com\/index.php\/2025\/02\/17\/este-lunes-presentan-en-casa-de-gobierno-el-plan-tubi-2025\/#primaryimage\",\"url\":\"https:\/\/apuntesdesanluis.com\/wp-content\/uploads\/2025\/02\/TUBI-BICI.png\",\"contentUrl\":\"https:\/\/apuntesdesanluis.com\/wp-content\/uploads\/2025\/02\/TUBI-BICI.png\",\"width\":773,\"height\":513},{\"@type\":\"BreadcrumbList\",\"@id\":\"https:\/\/apuntesdesanluis.com\/index.php\/2025\/02\/17\/este-lunes-presentan-en-casa-de-gobierno-el-plan-tubi-2025\/#breadcrumb\",\"itemListElement\":[{\"@type\":\"ListItem\",\"position\":1,\"name\":\"Inicio\",\"item\":\"https:\/\/apuntesdesanluis.com\/\"},{\"@type\":\"ListItem\",\"position\":2,\"name\":\"ESTE LUNES PRESENTAN EN CASA DE GOBIERNO EL PLAN TUBI 2025\"}]},{\"@type\":\"WebSite\",\"@id\":\"https:\/\/apuntesdesanluis.com\/#website\",\"url\":\"https:\/\/apuntesdesanluis.com\/\",\"name\":\"Apuntes de San Luis\",\"description\":\"\",\"publisher\":{\"@id\":\"https:\/\/apuntesdesanluis.com\/#\/schema\/person\/b55151d52296fcce64d1a72538a70b90\"},\"potentialAction\":[{\"@type\":\"SearchAction\",\"target\":{\"@type\":\"EntryPoint\",\"urlTemplate\":\"https:\/\/apuntesdesanluis.com\/?s={search_term_string}\"},\"query-input\":{\"@type\":\"PropertyValueSpecification\",\"valueRequired\":true,\"valueName\":\"search_term_string\"}}],\"inLanguage\":\"es-AR\"},{\"@type\":[\"Person\",\"Organization\"],\"@id\":\"https:\/\/apuntesdesanluis.com\/#\/schema\/person\/b55151d52296fcce64d1a72538a70b90\",\"name\":\"apuntesdesanluis.com\",\"image\":{\"@type\":\"ImageObject\",\"inLanguage\":\"es-AR\",\"@id\":\"https:\/\/apuntesdesanluis.com\/#\/schema\/person\/image\/\",\"url\":\"https:\/\/apuntesdesanluis.com\/wp-content\/uploads\/2023\/07\/cropped-apuntesdesanluis.png\",\"contentUrl\":\"https:\/\/apuntesdesanluis.com\/wp-content\/uploads\/2023\/07\/cropped-apuntesdesanluis.png\",\"width\":450,\"height\":112,\"caption\":\"apuntesdesanluis.com\"},\"logo\":{\"@id\":\"https:\/\/apuntesdesanluis.com\/#\/schema\/person\/image\/\"},\"sameAs\":[\"https:\/\/apuntesdesanluis.com\"],\"url\":\"https:\/\/apuntesdesanluis.com\/index.php\/author\/apuntesdesanluis-com\/\"}]}<\/script>\n<!-- \/ Yoast SEO plugin. -->","yoast_head_json":{"title":"ESTE LUNES PRESENTAN EN CASA DE GOBIERNO EL PLAN TUBI 2025 - Apuntes de San Luis","robots":{"index":"index","follow":"follow","max-snippet":"max-snippet:-1","max-image-preview":"max-image-preview:large","max-video-preview":"max-video-preview:-1"},"canonical":"https:\/\/apuntesdesanluis.com\/index.php\/2025\/02\/17\/este-lunes-presentan-en-casa-de-gobierno-el-plan-tubi-2025\/","og_locale":"es_ES","og_type":"article","og_title":"ESTE LUNES PRESENTAN EN CASA DE GOBIERNO EL PLAN TUBI 2025 - Apuntes de San Luis","og_description":"Este lunes el Gobierno va a presentar el Plan Tubi 2025, un proyecto transversal, que...","og_url":"https:\/\/apuntesdesanluis.com\/index.php\/2025\/02\/17\/este-lunes-presentan-en-casa-de-gobierno-el-plan-tubi-2025\/","og_site_name":"Apuntes de San Luis","article_published_time":"2025-02-17T15:52:44+00:00","og_image":[{"width":773,"height":513,"url":"https:\/\/apuntesdesanluis.com\/wp-content\/uploads\/2025\/02\/TUBI-BICI.png","type":"image\/png"}],"author":"apuntesdesanluis.com","twitter_card":"summary_large_image","twitter_misc":{"Escrito por":"apuntesdesanluis.com","Tiempo de lectura":"2 minutos"},"schema":{"@context":"https:\/\/schema.org","@graph":[{"@type":"Article","@id":"https:\/\/apuntesdesanluis.com\/index.php\/2025\/02\/17\/este-lunes-presentan-en-casa-de-gobierno-el-plan-tubi-2025\/#article","isPartOf":{"@id":"https:\/\/apuntesdesanluis.com\/index.php\/2025\/02\/17\/este-lunes-presentan-en-casa-de-gobierno-el-plan-tubi-2025\/"},"author":{"name":"apuntesdesanluis.com","@id":"https:\/\/apuntesdesanluis.com\/#\/schema\/person\/b55151d52296fcce64d1a72538a70b90"},"headline":"ESTE LUNES PRESENTAN EN CASA DE GOBIERNO EL PLAN TUBI 2025","datePublished":"2025-02-17T15:52:44+00:00","mainEntityOfPage":{"@id":"https:\/\/apuntesdesanluis.com\/index.php\/2025\/02\/17\/este-lunes-presentan-en-casa-de-gobierno-el-plan-tubi-2025\/"},"wordCount":306,"publisher":{"@id":"https:\/\/apuntesdesanluis.com\/#\/schema\/person\/b55151d52296fcce64d1a72538a70b90"},"image":{"@id":"https:\/\/apuntesdesanluis.com\/index.php\/2025\/02\/17\/este-lunes-presentan-en-casa-de-gobierno-el-plan-tubi-2025\/#primaryimage"},"thumbnailUrl":"https:\/\/apuntesdesanluis.com\/wp-content\/uploads\/2025\/02\/TUBI-BICI.png","articleSection":["Ciudad\/Provincia"],"inLanguage":"es-AR"},{"@type":"WebPage","@id":"https:\/\/apuntesdesanluis.com\/index.php\/2025\/02\/17\/este-lunes-presentan-en-casa-de-gobierno-el-plan-tubi-2025\/","url":"https:\/\/apuntesdesanluis.com\/index.php\/2025\/02\/17\/este-lunes-presentan-en-casa-de-gobierno-el-plan-tubi-2025\/","name":"ESTE LUNES PRESENTAN EN CASA DE GOBIERNO EL PLAN TUBI 2025 - Apuntes de San Luis","isPartOf":{"@id":"https:\/\/apuntesdesanluis.com\/#website"},"primaryImageOfPage":{"@id":"https:\/\/apuntesdesanluis.com\/index.php\/2025\/02\/17\/este-lunes-presentan-en-casa-de-gobierno-el-plan-tubi-2025\/#primaryimage"},"image":{"@id":"https:\/\/apuntesdesanluis.com\/index.php\/2025\/02\/17\/este-lunes-presentan-en-casa-de-gobierno-el-plan-tubi-2025\/#primaryimage"},"thumbnailUrl":"https:\/\/apuntesdesanluis.com\/wp-content\/uploads\/2025\/02\/TUBI-BICI.png","datePublished":"2025-02-17T15:52:44+00:00","breadcrumb":{"@id":"https:\/\/apuntesdesanluis.com\/index.php\/2025\/02\/17\/este-lunes-presentan-en-casa-de-gobierno-el-plan-tubi-2025\/#breadcrumb"},"inLanguage":"es-AR","potentialAction":[{"@type":"ReadAction","target":["https:\/\/apuntesdesanluis.com\/index.php\/2025\/02\/17\/este-lunes-presentan-en-casa-de-gobierno-el-plan-tubi-2025\/"]}]},{"@type":"ImageObject","inLanguage":"es-AR","@id":"https:\/\/apuntesdesanluis.com\/index.php\/2025\/02\/17\/este-lunes-presentan-en-casa-de-gobierno-el-plan-tubi-2025\/#primaryimage","url":"https:\/\/apuntesdesanluis.com\/wp-content\/uploads\/2025\/02\/TUBI-BICI.png","contentUrl":"https:\/\/apuntesdesanluis.com\/wp-content\/uploads\/2025\/02\/TUBI-BICI.png","width":773,"height":513},{"@type":"BreadcrumbList","@id":"https:\/\/apuntesdesanluis.com\/index.php\/2025\/02\/17\/este-lunes-presentan-en-casa-de-gobierno-el-plan-tubi-2025\/#breadcrumb","itemListElement":[{"@type":"ListItem","position":1,"name":"Inicio","item":"https:\/\/apuntesdesanluis.com\/"},{"@type":"ListItem","position":2,"name":"ESTE LUNES PRESENTAN EN CASA DE GOBIERNO EL PLAN TUBI 2025"}]},{"@type":"WebSite","@id":"https:\/\/apuntesdesanluis.com\/#website","url":"https:\/\/apuntesdesanluis.com\/","name":"Apuntes de San Luis","description":"","publisher":{"@id":"https:\/\/apuntesdesanluis.com\/#\/schema\/person\/b55151d52296fcce64d1a72538a70b90"},"potentialAction":[{"@type":"SearchAction","target":{"@type":"EntryPoint","urlTemplate":"https:\/\/apuntesdesanluis.com\/?s={search_term_string}"},"query-input":{"@type":"PropertyValueSpecification","valueRequired":true,"valueName":"search_term_string"}}],"inLanguage":"es-AR"},{"@type":["Person","Organization"],"@id":"https:\/\/apuntesdesanluis.com\/#\/schema\/person\/b55151d52296fcce64d1a72538a70b90","name":"apuntesdesanluis.com","image":{"@type":"ImageObject","inLanguage":"es-AR","@id":"https:\/\/apuntesdesanluis.com\/#\/schema\/person\/image\/","url":"https:\/\/apuntesdesanluis.com\/wp-content\/uploads\/2023\/07\/cropped-apuntesdesanluis.png","contentUrl":"https:\/\/apuntesdesanluis.com\/wp-content\/uploads\/2023\/07\/cropped-apuntesdesanluis.png","width":450,"height":112,"caption":"apuntesdesanluis.com"},"logo":{"@id":"https:\/\/apuntesdesanluis.com\/#\/schema\/person\/image\/"},"sameAs":["https:\/\/apuntesdesanluis.com"],"url":"https:\/\/apuntesdesanluis.com\/index.php\/author\/apuntesdesanluis-com\/"}]}},"featured_image_urls":{"full":["https:\/\/apuntesdesanluis.com\/wp-content\/uploads\/2025\/02\/TUBI-BICI.png",773,513,false],"thumbnail":["https:\/\/apuntesdesanluis.com\/wp-content\/uploads\/2025\/02\/TUBI-BICI-150x150.png",150,150,true],"medium":["https:\/\/apuntesdesanluis.com\/wp-content\/uploads\/2025\/02\/TUBI-BICI-300x199.png",300,199,true],"medium_large":["https:\/\/apuntesdesanluis.com\/wp-content\/uploads\/2025\/02\/TUBI-BICI-768x510.png",640,425,true],"large":["https:\/\/apuntesdesanluis.com\/wp-content\/uploads\/2025\/02\/TUBI-BICI.png",640,425,false],"1536x1536":["https:\/\/apuntesdesanluis.com\/wp-content\/uploads\/2025\/02\/TUBI-BICI.png",773,513,false],"2048x2048":["https:\/\/apuntesdesanluis.com\/wp-content\/uploads\/2025\/02\/TUBI-BICI.png",773,513,false],"newsever-slider-full":["https:\/\/apuntesdesanluis.com\/wp-content\/uploads\/2025\/02\/TUBI-BICI.png",773,513,false],"newsever-featured":["https:\/\/apuntesdesanluis.com\/wp-content\/uploads\/2025\/02\/TUBI-BICI.png",773,513,false],"newsever-medium":["https:\/\/apuntesdesanluis.com\/wp-content\/uploads\/2025\/02\/TUBI-BICI-720x475.png",720,475,true]},"author_info":{"display_name":"apuntesdesanluis.com","author_link":"https:\/\/apuntesdesanluis.com\/index.php\/author\/apuntesdesanluis-com\/"},"category_info":"<a href=\"https:\/\/apuntesdesanluis.com\/index.php\/category\/ciudad-provincia\/\" rel=\"category tag\">Ciudad\/Provincia<\/a>","tag_info":"Ciudad\/Provincia","comment_count":"0","_links":{"self":[{"href":"https:\/\/apuntesdesanluis.com\/index.php\/wp-json\/wp\/v2\/posts\/29292","targetHints":{"allow":["GET"]}}],"collection":[{"href":"https:\/\/apuntesdesanluis.com\/index.php\/wp-json\/wp\/v2\/posts"}],"about":[{"href":"https:\/\/apuntesdesanluis.com\/index.php\/wp-json\/wp\/v2\/types\/post"}],"author":[{"embeddable":true,"href":"https:\/\/apuntesdesanluis.com\/index.php\/wp-json\/wp\/v2\/users\/1"}],"replies":[{"embeddable":true,"href":"https:\/\/apuntesdesanluis.com\/index.php\/wp-json\/wp\/v2\/comments?post=29292"}],"version-history":[{"count":1,"href":"https:\/\/apuntesdesanluis.com\/index.php\/wp-json\/wp\/v2\/posts\/29292\/revisions"}],"predecessor-version":[{"id":29294,"href":"https:\/\/apuntesdesanluis.com\/index.php\/wp-json\/wp\/v2\/posts\/29292\/revisions\/29294"}],"wp:featuredmedia":[{"embeddable":true,"href":"https:\/\/apuntesdesanluis.com\/index.php\/wp-json\/wp\/v2\/media\/29293"}],"wp:attachment":[{"href":"https:\/\/apuntesdesanluis.com\/index.php\/wp-json\/wp\/v2\/media?parent=29292"}],"wp:term":[{"taxonomy":"category","embeddable":true,"href":"https:\/\/apuntesdesanluis.com\/index.php\/wp-json\/wp\/v2\/categories?post=29292"},{"taxonomy":"post_tag","embeddable":true,"href":"https:\/\/apuntesdesanluis.com\/index.php\/wp-json\/wp\/v2\/tags?post=29292"}],"curies":[{"name":"wp","href":"https:\/\/api.w.org\/{rel}","templated":true}]}}