{"id":293,"date":"2023-07-24T14:28:26","date_gmt":"2023-07-24T17:28:26","guid":{"rendered":"https:\/\/apuntesdesanluis.com\/?p=293"},"modified":"2023-07-24T14:28:26","modified_gmt":"2023-07-24T17:28:26","slug":"el-que-venga-y-diga-que-va-a-unificar-el-tipo-de-cambio-el-primer-dia-no-es-serio-lanzo-rodriguez-larreta","status":"publish","type":"post","link":"https:\/\/apuntesdesanluis.com\/index.php\/2023\/07\/24\/el-que-venga-y-diga-que-va-a-unificar-el-tipo-de-cambio-el-primer-dia-no-es-serio-lanzo-rodriguez-larreta\/","title":{"rendered":"&#8220;EL QUE VENGA Y DIGA QUE VA A UNIFICAR EL TIPO DE CAMBIO EL PRIMER D\u00cdA NO ES SERIO&#8221;, LANZ\u00d3 RODR\u00cdGUEZ LARRETA"},"content":{"rendered":"<h3>El jefe de Gobierno porte\u00f1o y precandidato presidencial de Juntos por el Cambio, <strong>Horacio Rodr\u00edguez Larreta<\/strong>, asegur\u00f3 que &#8220;unificar el tipo de cambio&#8221; es un objetivo prioritario de su gesti\u00f3n, pero apunt\u00f3 a los que dicen que eso se puede lograr &#8220;el primer d\u00eda&#8221; de gesti\u00f3n.<\/h3>\n<h3>&#8220;\u00bfCu\u00e1ndo? No es el primer d\u00eda, el que venga ac\u00e1 y diga que va a unificar el primer d\u00eda no es serio, porque no hay d\u00f3lares en el Central&#8221;, resalt\u00f3 el mandatario porte\u00f1o.<\/h3>\n<h3>Al participar de una disertaci\u00f3n de precandidatos presidenciales en la 135 Exposici\u00f3n Rural de Palermo, Rodr\u00edguez Larreta sostuvo que &#8220;la unificaci\u00f3n del tipo de cambio es un objetivo, pero para eso se necesitan recomponer las reservas del Banco Central y recuperar la confianza&#8221;.<\/h3>\n<h3>&#8220;Estas telenovelas de decisiones (del Gobierno) siguen atentando contra la credibilidad del pa\u00eds&#8221;, consider\u00f3 el postulante del PRO.<\/h3>\n<h3>Sobre su gesti\u00f3n en caso de llegar a Balcarce 50, Rodr\u00edguez Larreta se\u00f1al\u00f3: &#8220;Tenemos que ir a d\u00e9ficit fiscal cero el primer a\u00f1o. Vamos a reducir la estructura de ministerios a la mitad, pero con eso no alcanza. Necesitamos gente que sepa mirar cada partida en detalle&#8221;.<\/h3>\n<h3>&#8220;Para el campo lo que es del campo y hay que terminar con esta extracci\u00f3n de los recursos del campo de la era kirchnerista&#8221;, subray\u00f3 Rodr\u00edguez Larreta, que cuestion\u00f3 que &#8220;el Estado ha sido socio en las ganancias, pero se borra en las p\u00e9rdidas&#8221;.<\/h3>\n<h3>Luego de las \u00faltimas medidas adoptadas por el Gobierno, el jefe de Gobierno porte\u00f1o indic\u00f3 que &#8220;todo se va a revisar&#8221;, ya que -seg\u00fan dijo- &#8220;no es justo que traten de adelantar recursos del presupuesto del a\u00f1o que viene&#8221;.<\/h3>\n<h3>&#8220;Ofrezco trabajo, gesti\u00f3n, experiencia y el c\u00f3mo, no tengan dudas de que el campo va a ser uno de los grandes protagonistas de la recuperaci\u00f3n de la Argentina&#8221;, agreg\u00f3 al cerrar su exposici\u00f3n, antes de la ronda de preguntas.<\/h3>\n<h3>En el escenario central de la exposici\u00f3n, Rodr\u00edguez Larreta consider\u00f3 que &#8220;las retenciones son un p\u00e9simo impuesto, m\u00e1s para un pa\u00eds que quiere duplicar sus exportaciones&#8221;.<\/h3>\n<h3>Al ser consultado sobre por qu\u00e9 hab\u00eda incorporado a un dirigente que hab\u00eda acompa\u00f1ado la resoluci\u00f3n 125, en referencia a Miguel \u00c1ngel Pichetto, el postulante del PRO expres\u00f3: &#8220;Nosotros en Juntos por el Cambio tenemos un acuerdo global con cada partido y en cada distrito es el partido qui\u00e9n define a sus candidatos, no soy yo. Yo me remito a acordar con todos aquellos que cada partido define y no tiene nada que ver mi posici\u00f3n respecto del campo&#8221;.<\/h3>\n<h3>&#8220;En la Ciudad de Buenos Aires yo lo que me compromet\u00ed lo cumpl\u00ed&#8221;, enfatiz\u00f3 Rodr\u00edguez Larreta.<\/h3>\n","protected":false},"excerpt":{"rendered":"<p>El jefe de Gobierno porte\u00f1o y precandidato presidencial de Juntos por el Cambio, Horacio Rodr\u00edguez&#8230;<\/p>\n","protected":false},"author":1,"featured_media":294,"comment_status":"closed","ping_status":"closed","sticky":false,"template":"","format":"standard","meta":{"footnotes":""},"categories":[5],"tags":[],"class_list":["post-293","post","type-post","status-publish","format-standard","has-post-thumbnail","hentry","category-nacionales-internacionales"],"yoast_head":"<!-- This site is optimized with the Yoast SEO plugin v26.1.1 - https:\/\/yoast.com\/wordpress\/plugins\/seo\/ -->\n<title>&quot;EL QUE VENGA Y DIGA QUE VA A UNIFICAR EL TIPO DE CAMBIO EL PRIMER D\u00cdA NO ES SERIO&quot;, LANZ\u00d3 RODR\u00cdGUEZ LARRETA - Apuntes de San Luis<\/title>\n<meta name=\"robots\" content=\"index, follow, max-snippet:-1, max-image-preview:large, max-video-preview:-1\" \/>\n<link rel=\"canonical\" href=\"https:\/\/apuntesdesanluis.com\/index.php\/2023\/07\/24\/el-que-venga-y-diga-que-va-a-unificar-el-tipo-de-cambio-el-primer-dia-no-es-serio-lanzo-rodriguez-larreta\/\" \/>\n<meta property=\"og:locale\" content=\"es_ES\" \/>\n<meta property=\"og:type\" content=\"article\" \/>\n<meta property=\"og:title\" content=\"&quot;EL QUE VENGA Y DIGA QUE VA A UNIFICAR EL TIPO DE CAMBIO EL PRIMER D\u00cdA NO ES SERIO&quot;, LANZ\u00d3 RODR\u00cdGUEZ LARRETA - Apuntes de San Luis\" \/>\n<meta property=\"og:description\" content=\"El jefe de Gobierno porte\u00f1o y precandidato presidencial de Juntos por el Cambio, Horacio Rodr\u00edguez...\" \/>\n<meta property=\"og:url\" content=\"https:\/\/apuntesdesanluis.com\/index.php\/2023\/07\/24\/el-que-venga-y-diga-que-va-a-unificar-el-tipo-de-cambio-el-primer-dia-no-es-serio-lanzo-rodriguez-larreta\/\" \/>\n<meta property=\"og:site_name\" content=\"Apuntes de San Luis\" \/>\n<meta property=\"article:published_time\" content=\"2023-07-24T17:28:26+00:00\" \/>\n<meta property=\"og:image\" content=\"https:\/\/apuntesdesanluis.com\/wp-content\/uploads\/2023\/07\/rodriguez-larreta.jpg\" \/>\n\t<meta property=\"og:image:width\" content=\"768\" \/>\n\t<meta property=\"og:image:height\" content=\"432\" \/>\n\t<meta property=\"og:image:type\" content=\"image\/jpeg\" \/>\n<meta name=\"author\" content=\"apuntesdesanluis.com\" \/>\n<meta name=\"twitter:card\" content=\"summary_large_image\" \/>\n<meta name=\"twitter:label1\" content=\"Escrito por\" \/>\n\t<meta name=\"twitter:data1\" content=\"apuntesdesanluis.com\" \/>\n\t<meta name=\"twitter:label2\" content=\"Tiempo de lectura\" \/>\n\t<meta name=\"twitter:data2\" content=\"2 minutos\" \/>\n<script type=\"application\/ld+json\" class=\"yoast-schema-graph\">{\"@context\":\"https:\/\/schema.org\",\"@graph\":[{\"@type\":\"Article\",\"@id\":\"https:\/\/apuntesdesanluis.com\/index.php\/2023\/07\/24\/el-que-venga-y-diga-que-va-a-unificar-el-tipo-de-cambio-el-primer-dia-no-es-serio-lanzo-rodriguez-larreta\/#article\",\"isPartOf\":{\"@id\":\"https:\/\/apuntesdesanluis.com\/index.php\/2023\/07\/24\/el-que-venga-y-diga-que-va-a-unificar-el-tipo-de-cambio-el-primer-dia-no-es-serio-lanzo-rodriguez-larreta\/\"},\"author\":{\"name\":\"apuntesdesanluis.com\",\"@id\":\"https:\/\/apuntesdesanluis.com\/#\/schema\/person\/b55151d52296fcce64d1a72538a70b90\"},\"headline\":\"&#8220;EL QUE VENGA Y DIGA QUE VA A UNIFICAR EL TIPO DE CAMBIO EL PRIMER D\u00cdA NO ES SERIO&#8221;, LANZ\u00d3 RODR\u00cdGUEZ LARRETA\",\"datePublished\":\"2023-07-24T17:28:26+00:00\",\"mainEntityOfPage\":{\"@id\":\"https:\/\/apuntesdesanluis.com\/index.php\/2023\/07\/24\/el-que-venga-y-diga-que-va-a-unificar-el-tipo-de-cambio-el-primer-dia-no-es-serio-lanzo-rodriguez-larreta\/\"},\"wordCount\":493,\"publisher\":{\"@id\":\"https:\/\/apuntesdesanluis.com\/#\/schema\/person\/b55151d52296fcce64d1a72538a70b90\"},\"image\":{\"@id\":\"https:\/\/apuntesdesanluis.com\/index.php\/2023\/07\/24\/el-que-venga-y-diga-que-va-a-unificar-el-tipo-de-cambio-el-primer-dia-no-es-serio-lanzo-rodriguez-larreta\/#primaryimage\"},\"thumbnailUrl\":\"https:\/\/apuntesdesanluis.com\/wp-content\/uploads\/2023\/07\/rodriguez-larreta.jpg\",\"articleSection\":[\"Nacionales\/Internacionales\"],\"inLanguage\":\"es-AR\"},{\"@type\":\"WebPage\",\"@id\":\"https:\/\/apuntesdesanluis.com\/index.php\/2023\/07\/24\/el-que-venga-y-diga-que-va-a-unificar-el-tipo-de-cambio-el-primer-dia-no-es-serio-lanzo-rodriguez-larreta\/\",\"url\":\"https:\/\/apuntesdesanluis.com\/index.php\/2023\/07\/24\/el-que-venga-y-diga-que-va-a-unificar-el-tipo-de-cambio-el-primer-dia-no-es-serio-lanzo-rodriguez-larreta\/\",\"name\":\"\\\"EL QUE VENGA Y DIGA QUE VA A UNIFICAR EL TIPO DE CAMBIO EL PRIMER D\u00cdA NO ES SERIO\\\", LANZ\u00d3 RODR\u00cdGUEZ LARRETA - Apuntes de San Luis\",\"isPartOf\":{\"@id\":\"https:\/\/apuntesdesanluis.com\/#website\"},\"primaryImageOfPage\":{\"@id\":\"https:\/\/apuntesdesanluis.com\/index.php\/2023\/07\/24\/el-que-venga-y-diga-que-va-a-unificar-el-tipo-de-cambio-el-primer-dia-no-es-serio-lanzo-rodriguez-larreta\/#primaryimage\"},\"image\":{\"@id\":\"https:\/\/apuntesdesanluis.com\/index.php\/2023\/07\/24\/el-que-venga-y-diga-que-va-a-unificar-el-tipo-de-cambio-el-primer-dia-no-es-serio-lanzo-rodriguez-larreta\/#primaryimage\"},\"thumbnailUrl\":\"https:\/\/apuntesdesanluis.com\/wp-content\/uploads\/2023\/07\/rodriguez-larreta.jpg\",\"datePublished\":\"2023-07-24T17:28:26+00:00\",\"breadcrumb\":{\"@id\":\"https:\/\/apuntesdesanluis.com\/index.php\/2023\/07\/24\/el-que-venga-y-diga-que-va-a-unificar-el-tipo-de-cambio-el-primer-dia-no-es-serio-lanzo-rodriguez-larreta\/#breadcrumb\"},\"inLanguage\":\"es-AR\",\"potentialAction\":[{\"@type\":\"ReadAction\",\"target\":[\"https:\/\/apuntesdesanluis.com\/index.php\/2023\/07\/24\/el-que-venga-y-diga-que-va-a-unificar-el-tipo-de-cambio-el-primer-dia-no-es-serio-lanzo-rodriguez-larreta\/\"]}]},{\"@type\":\"ImageObject\",\"inLanguage\":\"es-AR\",\"@id\":\"https:\/\/apuntesdesanluis.com\/index.php\/2023\/07\/24\/el-que-venga-y-diga-que-va-a-unificar-el-tipo-de-cambio-el-primer-dia-no-es-serio-lanzo-rodriguez-larreta\/#primaryimage\",\"url\":\"https:\/\/apuntesdesanluis.com\/wp-content\/uploads\/2023\/07\/rodriguez-larreta.jpg\",\"contentUrl\":\"https:\/\/apuntesdesanluis.com\/wp-content\/uploads\/2023\/07\/rodriguez-larreta.jpg\",\"width\":768,\"height\":432},{\"@type\":\"BreadcrumbList\",\"@id\":\"https:\/\/apuntesdesanluis.com\/index.php\/2023\/07\/24\/el-que-venga-y-diga-que-va-a-unificar-el-tipo-de-cambio-el-primer-dia-no-es-serio-lanzo-rodriguez-larreta\/#breadcrumb\",\"itemListElement\":[{\"@type\":\"ListItem\",\"position\":1,\"name\":\"Inicio\",\"item\":\"https:\/\/apuntesdesanluis.com\/\"},{\"@type\":\"ListItem\",\"position\":2,\"name\":\"&#8220;EL QUE VENGA Y DIGA QUE VA A UNIFICAR EL TIPO DE CAMBIO EL PRIMER D\u00cdA NO ES SERIO&#8221;, LANZ\u00d3 RODR\u00cdGUEZ LARRETA\"}]},{\"@type\":\"WebSite\",\"@id\":\"https:\/\/apuntesdesanluis.com\/#website\",\"url\":\"https:\/\/apuntesdesanluis.com\/\",\"name\":\"Apuntes de San Luis\",\"description\":\"\",\"publisher\":{\"@id\":\"https:\/\/apuntesdesanluis.com\/#\/schema\/person\/b55151d52296fcce64d1a72538a70b90\"},\"potentialAction\":[{\"@type\":\"SearchAction\",\"target\":{\"@type\":\"EntryPoint\",\"urlTemplate\":\"https:\/\/apuntesdesanluis.com\/?s={search_term_string}\"},\"query-input\":{\"@type\":\"PropertyValueSpecification\",\"valueRequired\":true,\"valueName\":\"search_term_string\"}}],\"inLanguage\":\"es-AR\"},{\"@type\":[\"Person\",\"Organization\"],\"@id\":\"https:\/\/apuntesdesanluis.com\/#\/schema\/person\/b55151d52296fcce64d1a72538a70b90\",\"name\":\"apuntesdesanluis.com\",\"image\":{\"@type\":\"ImageObject\",\"inLanguage\":\"es-AR\",\"@id\":\"https:\/\/apuntesdesanluis.com\/#\/schema\/person\/image\/\",\"url\":\"https:\/\/apuntesdesanluis.com\/wp-content\/uploads\/2023\/07\/cropped-apuntesdesanluis.png\",\"contentUrl\":\"https:\/\/apuntesdesanluis.com\/wp-content\/uploads\/2023\/07\/cropped-apuntesdesanluis.png\",\"width\":450,\"height\":112,\"caption\":\"apuntesdesanluis.com\"},\"logo\":{\"@id\":\"https:\/\/apuntesdesanluis.com\/#\/schema\/person\/image\/\"},\"sameAs\":[\"https:\/\/apuntesdesanluis.com\"],\"url\":\"https:\/\/apuntesdesanluis.com\/index.php\/author\/apuntesdesanluis-com\/\"}]}<\/script>\n<!-- \/ Yoast SEO plugin. -->","yoast_head_json":{"title":"\"EL QUE VENGA Y DIGA QUE VA A UNIFICAR EL TIPO DE CAMBIO EL PRIMER D\u00cdA NO ES SERIO\", LANZ\u00d3 RODR\u00cdGUEZ LARRETA - Apuntes de San Luis","robots":{"index":"index","follow":"follow","max-snippet":"max-snippet:-1","max-image-preview":"max-image-preview:large","max-video-preview":"max-video-preview:-1"},"canonical":"https:\/\/apuntesdesanluis.com\/index.php\/2023\/07\/24\/el-que-venga-y-diga-que-va-a-unificar-el-tipo-de-cambio-el-primer-dia-no-es-serio-lanzo-rodriguez-larreta\/","og_locale":"es_ES","og_type":"article","og_title":"\"EL QUE VENGA Y DIGA QUE VA A UNIFICAR EL TIPO DE CAMBIO EL PRIMER D\u00cdA NO ES SERIO\", LANZ\u00d3 RODR\u00cdGUEZ LARRETA - Apuntes de San Luis","og_description":"El jefe de Gobierno porte\u00f1o y precandidato presidencial de Juntos por el Cambio, Horacio Rodr\u00edguez...","og_url":"https:\/\/apuntesdesanluis.com\/index.php\/2023\/07\/24\/el-que-venga-y-diga-que-va-a-unificar-el-tipo-de-cambio-el-primer-dia-no-es-serio-lanzo-rodriguez-larreta\/","og_site_name":"Apuntes de San Luis","article_published_time":"2023-07-24T17:28:26+00:00","og_image":[{"width":768,"height":432,"url":"https:\/\/apuntesdesanluis.com\/wp-content\/uploads\/2023\/07\/rodriguez-larreta.jpg","type":"image\/jpeg"}],"author":"apuntesdesanluis.com","twitter_card":"summary_large_image","twitter_misc":{"Escrito por":"apuntesdesanluis.com","Tiempo de lectura":"2 minutos"},"schema":{"@context":"https:\/\/schema.org","@graph":[{"@type":"Article","@id":"https:\/\/apuntesdesanluis.com\/index.php\/2023\/07\/24\/el-que-venga-y-diga-que-va-a-unificar-el-tipo-de-cambio-el-primer-dia-no-es-serio-lanzo-rodriguez-larreta\/#article","isPartOf":{"@id":"https:\/\/apuntesdesanluis.com\/index.php\/2023\/07\/24\/el-que-venga-y-diga-que-va-a-unificar-el-tipo-de-cambio-el-primer-dia-no-es-serio-lanzo-rodriguez-larreta\/"},"author":{"name":"apuntesdesanluis.com","@id":"https:\/\/apuntesdesanluis.com\/#\/schema\/person\/b55151d52296fcce64d1a72538a70b90"},"headline":"&#8220;EL QUE VENGA Y DIGA QUE VA A UNIFICAR EL TIPO DE CAMBIO EL PRIMER D\u00cdA NO ES SERIO&#8221;, LANZ\u00d3 RODR\u00cdGUEZ LARRETA","datePublished":"2023-07-24T17:28:26+00:00","mainEntityOfPage":{"@id":"https:\/\/apuntesdesanluis.com\/index.php\/2023\/07\/24\/el-que-venga-y-diga-que-va-a-unificar-el-tipo-de-cambio-el-primer-dia-no-es-serio-lanzo-rodriguez-larreta\/"},"wordCount":493,"publisher":{"@id":"https:\/\/apuntesdesanluis.com\/#\/schema\/person\/b55151d52296fcce64d1a72538a70b90"},"image":{"@id":"https:\/\/apuntesdesanluis.com\/index.php\/2023\/07\/24\/el-que-venga-y-diga-que-va-a-unificar-el-tipo-de-cambio-el-primer-dia-no-es-serio-lanzo-rodriguez-larreta\/#primaryimage"},"thumbnailUrl":"https:\/\/apuntesdesanluis.com\/wp-content\/uploads\/2023\/07\/rodriguez-larreta.jpg","articleSection":["Nacionales\/Internacionales"],"inLanguage":"es-AR"},{"@type":"WebPage","@id":"https:\/\/apuntesdesanluis.com\/index.php\/2023\/07\/24\/el-que-venga-y-diga-que-va-a-unificar-el-tipo-de-cambio-el-primer-dia-no-es-serio-lanzo-rodriguez-larreta\/","url":"https:\/\/apuntesdesanluis.com\/index.php\/2023\/07\/24\/el-que-venga-y-diga-que-va-a-unificar-el-tipo-de-cambio-el-primer-dia-no-es-serio-lanzo-rodriguez-larreta\/","name":"\"EL QUE VENGA Y DIGA QUE VA A UNIFICAR EL TIPO DE CAMBIO EL PRIMER D\u00cdA NO ES SERIO\", LANZ\u00d3 RODR\u00cdGUEZ LARRETA - Apuntes de San Luis","isPartOf":{"@id":"https:\/\/apuntesdesanluis.com\/#website"},"primaryImageOfPage":{"@id":"https:\/\/apuntesdesanluis.com\/index.php\/2023\/07\/24\/el-que-venga-y-diga-que-va-a-unificar-el-tipo-de-cambio-el-primer-dia-no-es-serio-lanzo-rodriguez-larreta\/#primaryimage"},"image":{"@id":"https:\/\/apuntesdesanluis.com\/index.php\/2023\/07\/24\/el-que-venga-y-diga-que-va-a-unificar-el-tipo-de-cambio-el-primer-dia-no-es-serio-lanzo-rodriguez-larreta\/#primaryimage"},"thumbnailUrl":"https:\/\/apuntesdesanluis.com\/wp-content\/uploads\/2023\/07\/rodriguez-larreta.jpg","datePublished":"2023-07-24T17:28:26+00:00","breadcrumb":{"@id":"https:\/\/apuntesdesanluis.com\/index.php\/2023\/07\/24\/el-que-venga-y-diga-que-va-a-unificar-el-tipo-de-cambio-el-primer-dia-no-es-serio-lanzo-rodriguez-larreta\/#breadcrumb"},"inLanguage":"es-AR","potentialAction":[{"@type":"ReadAction","target":["https:\/\/apuntesdesanluis.com\/index.php\/2023\/07\/24\/el-que-venga-y-diga-que-va-a-unificar-el-tipo-de-cambio-el-primer-dia-no-es-serio-lanzo-rodriguez-larreta\/"]}]},{"@type":"ImageObject","inLanguage":"es-AR","@id":"https:\/\/apuntesdesanluis.com\/index.php\/2023\/07\/24\/el-que-venga-y-diga-que-va-a-unificar-el-tipo-de-cambio-el-primer-dia-no-es-serio-lanzo-rodriguez-larreta\/#primaryimage","url":"https:\/\/apuntesdesanluis.com\/wp-content\/uploads\/2023\/07\/rodriguez-larreta.jpg","contentUrl":"https:\/\/apuntesdesanluis.com\/wp-content\/uploads\/2023\/07\/rodriguez-larreta.jpg","width":768,"height":432},{"@type":"BreadcrumbList","@id":"https:\/\/apuntesdesanluis.com\/index.php\/2023\/07\/24\/el-que-venga-y-diga-que-va-a-unificar-el-tipo-de-cambio-el-primer-dia-no-es-serio-lanzo-rodriguez-larreta\/#breadcrumb","itemListElement":[{"@type":"ListItem","position":1,"name":"Inicio","item":"https:\/\/apuntesdesanluis.com\/"},{"@type":"ListItem","position":2,"name":"&#8220;EL QUE VENGA Y DIGA QUE VA A UNIFICAR EL TIPO DE CAMBIO EL PRIMER D\u00cdA NO ES SERIO&#8221;, LANZ\u00d3 RODR\u00cdGUEZ LARRETA"}]},{"@type":"WebSite","@id":"https:\/\/apuntesdesanluis.com\/#website","url":"https:\/\/apuntesdesanluis.com\/","name":"Apuntes de San Luis","description":"","publisher":{"@id":"https:\/\/apuntesdesanluis.com\/#\/schema\/person\/b55151d52296fcce64d1a72538a70b90"},"potentialAction":[{"@type":"SearchAction","target":{"@type":"EntryPoint","urlTemplate":"https:\/\/apuntesdesanluis.com\/?s={search_term_string}"},"query-input":{"@type":"PropertyValueSpecification","valueRequired":true,"valueName":"search_term_string"}}],"inLanguage":"es-AR"},{"@type":["Person","Organization"],"@id":"https:\/\/apuntesdesanluis.com\/#\/schema\/person\/b55151d52296fcce64d1a72538a70b90","name":"apuntesdesanluis.com","image":{"@type":"ImageObject","inLanguage":"es-AR","@id":"https:\/\/apuntesdesanluis.com\/#\/schema\/person\/image\/","url":"https:\/\/apuntesdesanluis.com\/wp-content\/uploads\/2023\/07\/cropped-apuntesdesanluis.png","contentUrl":"https:\/\/apuntesdesanluis.com\/wp-content\/uploads\/2023\/07\/cropped-apuntesdesanluis.png","width":450,"height":112,"caption":"apuntesdesanluis.com"},"logo":{"@id":"https:\/\/apuntesdesanluis.com\/#\/schema\/person\/image\/"},"sameAs":["https:\/\/apuntesdesanluis.com"],"url":"https:\/\/apuntesdesanluis.com\/index.php\/author\/apuntesdesanluis-com\/"}]}},"featured_image_urls":{"full":["https:\/\/apuntesdesanluis.com\/wp-content\/uploads\/2023\/07\/rodriguez-larreta.jpg",768,432,false],"thumbnail":["https:\/\/apuntesdesanluis.com\/wp-content\/uploads\/2023\/07\/rodriguez-larreta-150x150.jpg",150,150,true],"medium":["https:\/\/apuntesdesanluis.com\/wp-content\/uploads\/2023\/07\/rodriguez-larreta-300x169.jpg",300,169,true],"medium_large":["https:\/\/apuntesdesanluis.com\/wp-content\/uploads\/2023\/07\/rodriguez-larreta.jpg",640,360,false],"large":["https:\/\/apuntesdesanluis.com\/wp-content\/uploads\/2023\/07\/rodriguez-larreta.jpg",640,360,false],"1536x1536":["https:\/\/apuntesdesanluis.com\/wp-content\/uploads\/2023\/07\/rodriguez-larreta.jpg",768,432,false],"2048x2048":["https:\/\/apuntesdesanluis.com\/wp-content\/uploads\/2023\/07\/rodriguez-larreta.jpg",768,432,false],"newsever-slider-full":["https:\/\/apuntesdesanluis.com\/wp-content\/uploads\/2023\/07\/rodriguez-larreta.jpg",768,432,false],"newsever-featured":["https:\/\/apuntesdesanluis.com\/wp-content\/uploads\/2023\/07\/rodriguez-larreta.jpg",768,432,false],"newsever-medium":["https:\/\/apuntesdesanluis.com\/wp-content\/uploads\/2023\/07\/rodriguez-larreta-720x432.jpg",720,432,true]},"author_info":{"display_name":"apuntesdesanluis.com","author_link":"https:\/\/apuntesdesanluis.com\/index.php\/author\/apuntesdesanluis-com\/"},"category_info":"<a href=\"https:\/\/apuntesdesanluis.com\/index.php\/category\/nacionales-internacionales\/\" rel=\"category tag\">Nacionales\/Internacionales<\/a>","tag_info":"Nacionales\/Internacionales","comment_count":"0","_links":{"self":[{"href":"https:\/\/apuntesdesanluis.com\/index.php\/wp-json\/wp\/v2\/posts\/293","targetHints":{"allow":["GET"]}}],"collection":[{"href":"https:\/\/apuntesdesanluis.com\/index.php\/wp-json\/wp\/v2\/posts"}],"about":[{"href":"https:\/\/apuntesdesanluis.com\/index.php\/wp-json\/wp\/v2\/types\/post"}],"author":[{"embeddable":true,"href":"https:\/\/apuntesdesanluis.com\/index.php\/wp-json\/wp\/v2\/users\/1"}],"replies":[{"embeddable":true,"href":"https:\/\/apuntesdesanluis.com\/index.php\/wp-json\/wp\/v2\/comments?post=293"}],"version-history":[{"count":1,"href":"https:\/\/apuntesdesanluis.com\/index.php\/wp-json\/wp\/v2\/posts\/293\/revisions"}],"predecessor-version":[{"id":295,"href":"https:\/\/apuntesdesanluis.com\/index.php\/wp-json\/wp\/v2\/posts\/293\/revisions\/295"}],"wp:featuredmedia":[{"embeddable":true,"href":"https:\/\/apuntesdesanluis.com\/index.php\/wp-json\/wp\/v2\/media\/294"}],"wp:attachment":[{"href":"https:\/\/apuntesdesanluis.com\/index.php\/wp-json\/wp\/v2\/media?parent=293"}],"wp:term":[{"taxonomy":"category","embeddable":true,"href":"https:\/\/apuntesdesanluis.com\/index.php\/wp-json\/wp\/v2\/categories?post=293"},{"taxonomy":"post_tag","embeddable":true,"href":"https:\/\/apuntesdesanluis.com\/index.php\/wp-json\/wp\/v2\/tags?post=293"}],"curies":[{"name":"wp","href":"https:\/\/api.w.org\/{rel}","templated":true}]}}