{"id":2930,"date":"2023-09-07T22:04:17","date_gmt":"2023-09-08T01:04:17","guid":{"rendered":"https:\/\/apuntesdesanluis.com\/?p=2930"},"modified":"2023-09-07T22:10:03","modified_gmt":"2023-09-08T01:10:03","slug":"estrada-destaco-los-avances-en-la-obra-del-nuevo-acueducto-de-avenida-25-de-mayo","status":"publish","type":"post","link":"https:\/\/apuntesdesanluis.com\/index.php\/2023\/09\/07\/estrada-destaco-los-avances-en-la-obra-del-nuevo-acueducto-de-avenida-25-de-mayo\/","title":{"rendered":"ESTRADA DESTAC\u00d3 LOS AVANCES EN LA OBRA DEL NUEVO ACUEDUCTO DE AVENIDA 25 DE MAYO"},"content":{"rendered":"<h3 class=\"yiv7409174924ydp6329976emsonormal\" style=\"text-align: justify; background: white;\"><span style=\"font-family: 'Arial','sans-serif'; color: #1d2228;\">El Administrador de la empresa Obras Sanitarias, <strong>Arq. Sebasti\u00e1n Estrada<\/strong>, afirm\u00f3 que \u201ccontin\u00faan a buen ritmo los trabajos para la renovaci\u00f3n de toda la infraestructura h\u00eddrica del nuevo acueducto de avenida 25 de Mayo\u201d, calculando que en menos de dos meses la obra podr\u00eda estar concluida. <\/span><\/h3>\n<h3 class=\"yiv7409174924ydp6329976emsonormal\" style=\"text-align: justify; background: white;\"><span style=\"font-family: 'Arial','sans-serif'; color: #1d2228;\">Explic\u00f3 que d\u00edas atr\u00e1s se hizo presente en el sector y aprovech\u00f3 para hablar con los vecinos y comerciantes de la zona, para responder a sus inquietudes y comentarles \u201csobre el avance y los contratiempos que han surgido, que han retrasado un poco la obra\u201d.<\/span><\/h3>\n<h3 class=\"yiv7409174924ydp6329976emsonormal\" style=\"text-align: justify; background: white;\"><span style=\"font-family: 'Arial','sans-serif'; color: #1d2228;\">El titular de OSM reiter\u00f3 a <strong>Apuntes de San Luis<\/strong> que \u201cse trata de una obra muy importante, que marca un hito para la ciudad, y que deb\u00eda hacerse, en virtud del estado de los materiales por el desgaste sufrido dado el tiempo transcurrido\u201d, tal como se observa que sucede en otros lugares del pa\u00eds, como Capital Federal, que deben hacer obras de infraestructura por el propio crecimiento de las ciudades.<\/span><\/h3>\n<h3 class=\"yiv7409174924ydp6329976emsonormal\" style=\"text-align: justify; background: white;\"><span style=\"font-family: 'Arial','sans-serif'; color: #1d2228;\">Explic\u00f3 que la gran cantidad de agua que discurre por las calles de la ciudad se debe a la propia naturaleza y complejidad de los trabajos, dado que \u201cdebe hacerse el recambio de ca\u00f1er\u00edas sin cortar el servicio. Por lo que cuando se van habilitando los diferentes tramos del nuevo acueducto, se cortan los ca\u00f1os viejos, el pozo se inunda, se usan bombas de achique para secar el lugar y una vez que \u00e9ste se seca se hace la nueva conexi\u00f3n. Pero lo que se ve es agua, no p\u00e9rdidas de efluentes\u201d, aclar\u00f3.<\/span><\/h3>\n<p><img fetchpriority=\"high\" decoding=\"async\" class=\"wp-image-2933 aligncenter\" src=\"https:\/\/apuntesdesanluis.com\/wp-content\/uploads\/2023\/09\/pozo-300x229.png\" alt=\"\" width=\"713\" height=\"544\" srcset=\"https:\/\/apuntesdesanluis.com\/wp-content\/uploads\/2023\/09\/pozo-300x229.png 300w, https:\/\/apuntesdesanluis.com\/wp-content\/uploads\/2023\/09\/pozo.png 737w\" sizes=\"(max-width: 713px) 100vw, 713px\" \/><\/p>\n<h3 class=\"yiv7409174924ydp6329976emsonormal\" style=\"text-align: justify; background: white;\"><span style=\"font-family: 'Arial','sans-serif'; color: #1d2228;\">Destac\u00f3 tambi\u00e9n que todos los trabajos se est\u00e1n llevando adelante \u201csin interrupci\u00f3n del servicio de provisi\u00f3n de agua a los vecinos\u201d, comentando su conformidad con la ejecuci\u00f3n, puesto que usuarios de algunos barrios \u201cya est\u00e1n notando que les ha mejorado la presi\u00f3n de agua\u201d.<\/span><\/h3>\n<h3 class=\"yiv7409174924ydp6329976emsonormal\" style=\"text-align: justify; background: white;\"><span style=\"font-family: 'Arial','sans-serif'; color: #1d2228;\">\u201cCon el aporte de s\u00f3lo el 50% del acueducto centro al nuevo acueducto, algunos barrios del Este de la ciudad ya nos han informado los vecinos que les ha mejorado el servicio\u201d, expres\u00f3 con optimismo.<\/span><\/h3>\n<h3 class=\"yiv7409174924ydp6329976emsonormal\" style=\"text-align: justify; background: white;\"><span style=\"font-family: 'Arial','sans-serif'; color: #1d2228;\">\u201cContinuamos trabajando arduamente para mejorar el servicio y garantizar un abastecimiento de agua potable \u00f3ptimo en toda la zona\u201d, se\u00f1al\u00f3 el funcionario, calculando que como \u201cfaltan aproximadamente diez conexiones, entre 6 y 8 semanas los trabajos estar\u00e1n llegando a su fin. <\/span><\/h3>\n<h3 class=\"yiv7409174924ydp6329976emsonormal\" style=\"text-align: justify; background: white;\"><span style=\"font-family: 'Arial','sans-serif'; color: #1d2228;\">&#8220;Luego quedar\u00e1 la limpieza, reparaci\u00f3n de cordones, contrapisos, la finalizaci\u00f3n del desag\u00fce pluvial en Aviador Origone-Hilario Cuadros, y el final de la obra civil en los domicilios particulares\u201d, siempre y cuando no surjan inconvenientes clim\u00e1ticos, concluy\u00f3.<\/span><\/h3>\n<p><img decoding=\"async\" class=\"wp-image-2932 aligncenter\" src=\"https:\/\/apuntesdesanluis.com\/wp-content\/uploads\/2023\/09\/trabajos-1-300x160.png\" alt=\"\" width=\"713\" height=\"380\" srcset=\"https:\/\/apuntesdesanluis.com\/wp-content\/uploads\/2023\/09\/trabajos-1-300x160.png 300w, https:\/\/apuntesdesanluis.com\/wp-content\/uploads\/2023\/09\/trabajos-1.png 632w\" sizes=\"(max-width: 713px) 100vw, 713px\" \/><\/p>\n<h3><strong>ENTREVISTA<\/strong><\/h3>\n<!--[if lt IE 9]><script>document.createElement('audio');<\/script><![endif]-->\n<audio class=\"wp-audio-shortcode\" id=\"audio-2930-1\" preload=\"none\" style=\"width: 100%;\" controls=\"controls\"><source type=\"audio\/mpeg\" src=\"https:\/\/apuntesdesanluis.com\/wp-content\/uploads\/2023\/09\/SEBASTIAN-ESTRADA.mp3?_=1\" \/><a href=\"https:\/\/apuntesdesanluis.com\/wp-content\/uploads\/2023\/09\/SEBASTIAN-ESTRADA.mp3\">https:\/\/apuntesdesanluis.com\/wp-content\/uploads\/2023\/09\/SEBASTIAN-ESTRADA.mp3<\/a><\/audio>\n<p>&nbsp;<\/p>\n<p>&nbsp;<\/p>\n<p>&nbsp;<\/p>\n","protected":false},"excerpt":{"rendered":"<p>El Administrador de la empresa Obras Sanitarias, Arq. Sebasti\u00e1n Estrada, afirm\u00f3 que \u201ccontin\u00faan a buen&#8230;<\/p>\n","protected":false},"author":1,"featured_media":2931,"comment_status":"closed","ping_status":"closed","sticky":false,"template":"","format":"standard","meta":{"footnotes":""},"categories":[6],"tags":[],"class_list":["post-2930","post","type-post","status-publish","format-standard","has-post-thumbnail","hentry","category-ciudad-provincia"],"yoast_head":"<!-- This site is optimized with the Yoast SEO plugin v26.1.1 - https:\/\/yoast.com\/wordpress\/plugins\/seo\/ -->\n<title>ESTRADA DESTAC\u00d3 LOS AVANCES EN LA OBRA DEL NUEVO ACUEDUCTO DE AVENIDA 25 DE MAYO - Apuntes de San Luis<\/title>\n<meta name=\"robots\" content=\"index, follow, max-snippet:-1, max-image-preview:large, max-video-preview:-1\" \/>\n<link rel=\"canonical\" href=\"https:\/\/apuntesdesanluis.com\/index.php\/2023\/09\/07\/estrada-destaco-los-avances-en-la-obra-del-nuevo-acueducto-de-avenida-25-de-mayo\/\" \/>\n<meta property=\"og:locale\" content=\"es_ES\" \/>\n<meta property=\"og:type\" content=\"article\" \/>\n<meta property=\"og:title\" content=\"ESTRADA DESTAC\u00d3 LOS AVANCES EN LA OBRA DEL NUEVO ACUEDUCTO DE AVENIDA 25 DE MAYO - Apuntes de San Luis\" \/>\n<meta property=\"og:description\" content=\"El Administrador de la empresa Obras Sanitarias, Arq. Sebasti\u00e1n Estrada, afirm\u00f3 que \u201ccontin\u00faan a buen...\" \/>\n<meta property=\"og:url\" content=\"https:\/\/apuntesdesanluis.com\/index.php\/2023\/09\/07\/estrada-destaco-los-avances-en-la-obra-del-nuevo-acueducto-de-avenida-25-de-mayo\/\" \/>\n<meta property=\"og:site_name\" content=\"Apuntes de San Luis\" \/>\n<meta property=\"article:published_time\" content=\"2023-09-08T01:04:17+00:00\" \/>\n<meta property=\"article:modified_time\" content=\"2023-09-08T01:10:03+00:00\" \/>\n<meta property=\"og:image\" content=\"https:\/\/apuntesdesanluis.com\/wp-content\/uploads\/2023\/09\/estrada.png\" \/>\n\t<meta property=\"og:image:width\" content=\"550\" \/>\n\t<meta property=\"og:image:height\" content=\"369\" \/>\n\t<meta property=\"og:image:type\" content=\"image\/png\" \/>\n<meta name=\"author\" content=\"apuntesdesanluis.com\" \/>\n<meta name=\"twitter:card\" content=\"summary_large_image\" \/>\n<meta name=\"twitter:label1\" content=\"Escrito por\" \/>\n\t<meta name=\"twitter:data1\" content=\"apuntesdesanluis.com\" \/>\n\t<meta name=\"twitter:label2\" content=\"Tiempo de lectura\" \/>\n\t<meta name=\"twitter:data2\" content=\"3 minutos\" \/>\n<script type=\"application\/ld+json\" class=\"yoast-schema-graph\">{\"@context\":\"https:\/\/schema.org\",\"@graph\":[{\"@type\":\"Article\",\"@id\":\"https:\/\/apuntesdesanluis.com\/index.php\/2023\/09\/07\/estrada-destaco-los-avances-en-la-obra-del-nuevo-acueducto-de-avenida-25-de-mayo\/#article\",\"isPartOf\":{\"@id\":\"https:\/\/apuntesdesanluis.com\/index.php\/2023\/09\/07\/estrada-destaco-los-avances-en-la-obra-del-nuevo-acueducto-de-avenida-25-de-mayo\/\"},\"author\":{\"name\":\"apuntesdesanluis.com\",\"@id\":\"https:\/\/apuntesdesanluis.com\/#\/schema\/person\/b55151d52296fcce64d1a72538a70b90\"},\"headline\":\"ESTRADA DESTAC\u00d3 LOS AVANCES EN LA OBRA DEL NUEVO ACUEDUCTO DE AVENIDA 25 DE MAYO\",\"datePublished\":\"2023-09-08T01:04:17+00:00\",\"dateModified\":\"2023-09-08T01:10:03+00:00\",\"mainEntityOfPage\":{\"@id\":\"https:\/\/apuntesdesanluis.com\/index.php\/2023\/09\/07\/estrada-destaco-los-avances-en-la-obra-del-nuevo-acueducto-de-avenida-25-de-mayo\/\"},\"wordCount\":463,\"publisher\":{\"@id\":\"https:\/\/apuntesdesanluis.com\/#\/schema\/person\/b55151d52296fcce64d1a72538a70b90\"},\"image\":{\"@id\":\"https:\/\/apuntesdesanluis.com\/index.php\/2023\/09\/07\/estrada-destaco-los-avances-en-la-obra-del-nuevo-acueducto-de-avenida-25-de-mayo\/#primaryimage\"},\"thumbnailUrl\":\"https:\/\/apuntesdesanluis.com\/wp-content\/uploads\/2023\/09\/estrada.png\",\"articleSection\":[\"Ciudad\/Provincia\"],\"inLanguage\":\"es-AR\"},{\"@type\":\"WebPage\",\"@id\":\"https:\/\/apuntesdesanluis.com\/index.php\/2023\/09\/07\/estrada-destaco-los-avances-en-la-obra-del-nuevo-acueducto-de-avenida-25-de-mayo\/\",\"url\":\"https:\/\/apuntesdesanluis.com\/index.php\/2023\/09\/07\/estrada-destaco-los-avances-en-la-obra-del-nuevo-acueducto-de-avenida-25-de-mayo\/\",\"name\":\"ESTRADA DESTAC\u00d3 LOS AVANCES EN LA OBRA DEL NUEVO ACUEDUCTO DE AVENIDA 25 DE MAYO - Apuntes de San Luis\",\"isPartOf\":{\"@id\":\"https:\/\/apuntesdesanluis.com\/#website\"},\"primaryImageOfPage\":{\"@id\":\"https:\/\/apuntesdesanluis.com\/index.php\/2023\/09\/07\/estrada-destaco-los-avances-en-la-obra-del-nuevo-acueducto-de-avenida-25-de-mayo\/#primaryimage\"},\"image\":{\"@id\":\"https:\/\/apuntesdesanluis.com\/index.php\/2023\/09\/07\/estrada-destaco-los-avances-en-la-obra-del-nuevo-acueducto-de-avenida-25-de-mayo\/#primaryimage\"},\"thumbnailUrl\":\"https:\/\/apuntesdesanluis.com\/wp-content\/uploads\/2023\/09\/estrada.png\",\"datePublished\":\"2023-09-08T01:04:17+00:00\",\"dateModified\":\"2023-09-08T01:10:03+00:00\",\"breadcrumb\":{\"@id\":\"https:\/\/apuntesdesanluis.com\/index.php\/2023\/09\/07\/estrada-destaco-los-avances-en-la-obra-del-nuevo-acueducto-de-avenida-25-de-mayo\/#breadcrumb\"},\"inLanguage\":\"es-AR\",\"potentialAction\":[{\"@type\":\"ReadAction\",\"target\":[\"https:\/\/apuntesdesanluis.com\/index.php\/2023\/09\/07\/estrada-destaco-los-avances-en-la-obra-del-nuevo-acueducto-de-avenida-25-de-mayo\/\"]}]},{\"@type\":\"ImageObject\",\"inLanguage\":\"es-AR\",\"@id\":\"https:\/\/apuntesdesanluis.com\/index.php\/2023\/09\/07\/estrada-destaco-los-avances-en-la-obra-del-nuevo-acueducto-de-avenida-25-de-mayo\/#primaryimage\",\"url\":\"https:\/\/apuntesdesanluis.com\/wp-content\/uploads\/2023\/09\/estrada.png\",\"contentUrl\":\"https:\/\/apuntesdesanluis.com\/wp-content\/uploads\/2023\/09\/estrada.png\",\"width\":550,\"height\":369},{\"@type\":\"BreadcrumbList\",\"@id\":\"https:\/\/apuntesdesanluis.com\/index.php\/2023\/09\/07\/estrada-destaco-los-avances-en-la-obra-del-nuevo-acueducto-de-avenida-25-de-mayo\/#breadcrumb\",\"itemListElement\":[{\"@type\":\"ListItem\",\"position\":1,\"name\":\"Inicio\",\"item\":\"https:\/\/apuntesdesanluis.com\/\"},{\"@type\":\"ListItem\",\"position\":2,\"name\":\"ESTRADA DESTAC\u00d3 LOS AVANCES EN LA OBRA DEL NUEVO ACUEDUCTO DE AVENIDA 25 DE MAYO\"}]},{\"@type\":\"WebSite\",\"@id\":\"https:\/\/apuntesdesanluis.com\/#website\",\"url\":\"https:\/\/apuntesdesanluis.com\/\",\"name\":\"Apuntes de San Luis\",\"description\":\"\",\"publisher\":{\"@id\":\"https:\/\/apuntesdesanluis.com\/#\/schema\/person\/b55151d52296fcce64d1a72538a70b90\"},\"potentialAction\":[{\"@type\":\"SearchAction\",\"target\":{\"@type\":\"EntryPoint\",\"urlTemplate\":\"https:\/\/apuntesdesanluis.com\/?s={search_term_string}\"},\"query-input\":{\"@type\":\"PropertyValueSpecification\",\"valueRequired\":true,\"valueName\":\"search_term_string\"}}],\"inLanguage\":\"es-AR\"},{\"@type\":[\"Person\",\"Organization\"],\"@id\":\"https:\/\/apuntesdesanluis.com\/#\/schema\/person\/b55151d52296fcce64d1a72538a70b90\",\"name\":\"apuntesdesanluis.com\",\"image\":{\"@type\":\"ImageObject\",\"inLanguage\":\"es-AR\",\"@id\":\"https:\/\/apuntesdesanluis.com\/#\/schema\/person\/image\/\",\"url\":\"https:\/\/apuntesdesanluis.com\/wp-content\/uploads\/2023\/07\/cropped-apuntesdesanluis.png\",\"contentUrl\":\"https:\/\/apuntesdesanluis.com\/wp-content\/uploads\/2023\/07\/cropped-apuntesdesanluis.png\",\"width\":450,\"height\":112,\"caption\":\"apuntesdesanluis.com\"},\"logo\":{\"@id\":\"https:\/\/apuntesdesanluis.com\/#\/schema\/person\/image\/\"},\"sameAs\":[\"https:\/\/apuntesdesanluis.com\"],\"url\":\"https:\/\/apuntesdesanluis.com\/index.php\/author\/apuntesdesanluis-com\/\"}]}<\/script>\n<!-- \/ Yoast SEO plugin. -->","yoast_head_json":{"title":"ESTRADA DESTAC\u00d3 LOS AVANCES EN LA OBRA DEL NUEVO ACUEDUCTO DE AVENIDA 25 DE MAYO - Apuntes de San Luis","robots":{"index":"index","follow":"follow","max-snippet":"max-snippet:-1","max-image-preview":"max-image-preview:large","max-video-preview":"max-video-preview:-1"},"canonical":"https:\/\/apuntesdesanluis.com\/index.php\/2023\/09\/07\/estrada-destaco-los-avances-en-la-obra-del-nuevo-acueducto-de-avenida-25-de-mayo\/","og_locale":"es_ES","og_type":"article","og_title":"ESTRADA DESTAC\u00d3 LOS AVANCES EN LA OBRA DEL NUEVO ACUEDUCTO DE AVENIDA 25 DE MAYO - Apuntes de San Luis","og_description":"El Administrador de la empresa Obras Sanitarias, Arq. Sebasti\u00e1n Estrada, afirm\u00f3 que \u201ccontin\u00faan a buen...","og_url":"https:\/\/apuntesdesanluis.com\/index.php\/2023\/09\/07\/estrada-destaco-los-avances-en-la-obra-del-nuevo-acueducto-de-avenida-25-de-mayo\/","og_site_name":"Apuntes de San Luis","article_published_time":"2023-09-08T01:04:17+00:00","article_modified_time":"2023-09-08T01:10:03+00:00","og_image":[{"width":550,"height":369,"url":"https:\/\/apuntesdesanluis.com\/wp-content\/uploads\/2023\/09\/estrada.png","type":"image\/png"}],"author":"apuntesdesanluis.com","twitter_card":"summary_large_image","twitter_misc":{"Escrito por":"apuntesdesanluis.com","Tiempo de lectura":"3 minutos"},"schema":{"@context":"https:\/\/schema.org","@graph":[{"@type":"Article","@id":"https:\/\/apuntesdesanluis.com\/index.php\/2023\/09\/07\/estrada-destaco-los-avances-en-la-obra-del-nuevo-acueducto-de-avenida-25-de-mayo\/#article","isPartOf":{"@id":"https:\/\/apuntesdesanluis.com\/index.php\/2023\/09\/07\/estrada-destaco-los-avances-en-la-obra-del-nuevo-acueducto-de-avenida-25-de-mayo\/"},"author":{"name":"apuntesdesanluis.com","@id":"https:\/\/apuntesdesanluis.com\/#\/schema\/person\/b55151d52296fcce64d1a72538a70b90"},"headline":"ESTRADA DESTAC\u00d3 LOS AVANCES EN LA OBRA DEL NUEVO ACUEDUCTO DE AVENIDA 25 DE MAYO","datePublished":"2023-09-08T01:04:17+00:00","dateModified":"2023-09-08T01:10:03+00:00","mainEntityOfPage":{"@id":"https:\/\/apuntesdesanluis.com\/index.php\/2023\/09\/07\/estrada-destaco-los-avances-en-la-obra-del-nuevo-acueducto-de-avenida-25-de-mayo\/"},"wordCount":463,"publisher":{"@id":"https:\/\/apuntesdesanluis.com\/#\/schema\/person\/b55151d52296fcce64d1a72538a70b90"},"image":{"@id":"https:\/\/apuntesdesanluis.com\/index.php\/2023\/09\/07\/estrada-destaco-los-avances-en-la-obra-del-nuevo-acueducto-de-avenida-25-de-mayo\/#primaryimage"},"thumbnailUrl":"https:\/\/apuntesdesanluis.com\/wp-content\/uploads\/2023\/09\/estrada.png","articleSection":["Ciudad\/Provincia"],"inLanguage":"es-AR"},{"@type":"WebPage","@id":"https:\/\/apuntesdesanluis.com\/index.php\/2023\/09\/07\/estrada-destaco-los-avances-en-la-obra-del-nuevo-acueducto-de-avenida-25-de-mayo\/","url":"https:\/\/apuntesdesanluis.com\/index.php\/2023\/09\/07\/estrada-destaco-los-avances-en-la-obra-del-nuevo-acueducto-de-avenida-25-de-mayo\/","name":"ESTRADA DESTAC\u00d3 LOS AVANCES EN LA OBRA DEL NUEVO ACUEDUCTO DE AVENIDA 25 DE MAYO - Apuntes de San Luis","isPartOf":{"@id":"https:\/\/apuntesdesanluis.com\/#website"},"primaryImageOfPage":{"@id":"https:\/\/apuntesdesanluis.com\/index.php\/2023\/09\/07\/estrada-destaco-los-avances-en-la-obra-del-nuevo-acueducto-de-avenida-25-de-mayo\/#primaryimage"},"image":{"@id":"https:\/\/apuntesdesanluis.com\/index.php\/2023\/09\/07\/estrada-destaco-los-avances-en-la-obra-del-nuevo-acueducto-de-avenida-25-de-mayo\/#primaryimage"},"thumbnailUrl":"https:\/\/apuntesdesanluis.com\/wp-content\/uploads\/2023\/09\/estrada.png","datePublished":"2023-09-08T01:04:17+00:00","dateModified":"2023-09-08T01:10:03+00:00","breadcrumb":{"@id":"https:\/\/apuntesdesanluis.com\/index.php\/2023\/09\/07\/estrada-destaco-los-avances-en-la-obra-del-nuevo-acueducto-de-avenida-25-de-mayo\/#breadcrumb"},"inLanguage":"es-AR","potentialAction":[{"@type":"ReadAction","target":["https:\/\/apuntesdesanluis.com\/index.php\/2023\/09\/07\/estrada-destaco-los-avances-en-la-obra-del-nuevo-acueducto-de-avenida-25-de-mayo\/"]}]},{"@type":"ImageObject","inLanguage":"es-AR","@id":"https:\/\/apuntesdesanluis.com\/index.php\/2023\/09\/07\/estrada-destaco-los-avances-en-la-obra-del-nuevo-acueducto-de-avenida-25-de-mayo\/#primaryimage","url":"https:\/\/apuntesdesanluis.com\/wp-content\/uploads\/2023\/09\/estrada.png","contentUrl":"https:\/\/apuntesdesanluis.com\/wp-content\/uploads\/2023\/09\/estrada.png","width":550,"height":369},{"@type":"BreadcrumbList","@id":"https:\/\/apuntesdesanluis.com\/index.php\/2023\/09\/07\/estrada-destaco-los-avances-en-la-obra-del-nuevo-acueducto-de-avenida-25-de-mayo\/#breadcrumb","itemListElement":[{"@type":"ListItem","position":1,"name":"Inicio","item":"https:\/\/apuntesdesanluis.com\/"},{"@type":"ListItem","position":2,"name":"ESTRADA DESTAC\u00d3 LOS AVANCES EN LA OBRA DEL NUEVO ACUEDUCTO DE AVENIDA 25 DE MAYO"}]},{"@type":"WebSite","@id":"https:\/\/apuntesdesanluis.com\/#website","url":"https:\/\/apuntesdesanluis.com\/","name":"Apuntes de San Luis","description":"","publisher":{"@id":"https:\/\/apuntesdesanluis.com\/#\/schema\/person\/b55151d52296fcce64d1a72538a70b90"},"potentialAction":[{"@type":"SearchAction","target":{"@type":"EntryPoint","urlTemplate":"https:\/\/apuntesdesanluis.com\/?s={search_term_string}"},"query-input":{"@type":"PropertyValueSpecification","valueRequired":true,"valueName":"search_term_string"}}],"inLanguage":"es-AR"},{"@type":["Person","Organization"],"@id":"https:\/\/apuntesdesanluis.com\/#\/schema\/person\/b55151d52296fcce64d1a72538a70b90","name":"apuntesdesanluis.com","image":{"@type":"ImageObject","inLanguage":"es-AR","@id":"https:\/\/apuntesdesanluis.com\/#\/schema\/person\/image\/","url":"https:\/\/apuntesdesanluis.com\/wp-content\/uploads\/2023\/07\/cropped-apuntesdesanluis.png","contentUrl":"https:\/\/apuntesdesanluis.com\/wp-content\/uploads\/2023\/07\/cropped-apuntesdesanluis.png","width":450,"height":112,"caption":"apuntesdesanluis.com"},"logo":{"@id":"https:\/\/apuntesdesanluis.com\/#\/schema\/person\/image\/"},"sameAs":["https:\/\/apuntesdesanluis.com"],"url":"https:\/\/apuntesdesanluis.com\/index.php\/author\/apuntesdesanluis-com\/"}]}},"featured_image_urls":{"full":["https:\/\/apuntesdesanluis.com\/wp-content\/uploads\/2023\/09\/estrada.png",550,369,false],"thumbnail":["https:\/\/apuntesdesanluis.com\/wp-content\/uploads\/2023\/09\/estrada-150x150.png",150,150,true],"medium":["https:\/\/apuntesdesanluis.com\/wp-content\/uploads\/2023\/09\/estrada-300x201.png",300,201,true],"medium_large":["https:\/\/apuntesdesanluis.com\/wp-content\/uploads\/2023\/09\/estrada.png",550,369,false],"large":["https:\/\/apuntesdesanluis.com\/wp-content\/uploads\/2023\/09\/estrada.png",550,369,false],"1536x1536":["https:\/\/apuntesdesanluis.com\/wp-content\/uploads\/2023\/09\/estrada.png",550,369,false],"2048x2048":["https:\/\/apuntesdesanluis.com\/wp-content\/uploads\/2023\/09\/estrada.png",550,369,false],"newsever-slider-full":["https:\/\/apuntesdesanluis.com\/wp-content\/uploads\/2023\/09\/estrada.png",550,369,false],"newsever-featured":["https:\/\/apuntesdesanluis.com\/wp-content\/uploads\/2023\/09\/estrada.png",550,369,false],"newsever-medium":["https:\/\/apuntesdesanluis.com\/wp-content\/uploads\/2023\/09\/estrada.png",550,369,false]},"author_info":{"display_name":"apuntesdesanluis.com","author_link":"https:\/\/apuntesdesanluis.com\/index.php\/author\/apuntesdesanluis-com\/"},"category_info":"<a href=\"https:\/\/apuntesdesanluis.com\/index.php\/category\/ciudad-provincia\/\" rel=\"category tag\">Ciudad\/Provincia<\/a>","tag_info":"Ciudad\/Provincia","comment_count":"0","_links":{"self":[{"href":"https:\/\/apuntesdesanluis.com\/index.php\/wp-json\/wp\/v2\/posts\/2930","targetHints":{"allow":["GET"]}}],"collection":[{"href":"https:\/\/apuntesdesanluis.com\/index.php\/wp-json\/wp\/v2\/posts"}],"about":[{"href":"https:\/\/apuntesdesanluis.com\/index.php\/wp-json\/wp\/v2\/types\/post"}],"author":[{"embeddable":true,"href":"https:\/\/apuntesdesanluis.com\/index.php\/wp-json\/wp\/v2\/users\/1"}],"replies":[{"embeddable":true,"href":"https:\/\/apuntesdesanluis.com\/index.php\/wp-json\/wp\/v2\/comments?post=2930"}],"version-history":[{"count":7,"href":"https:\/\/apuntesdesanluis.com\/index.php\/wp-json\/wp\/v2\/posts\/2930\/revisions"}],"predecessor-version":[{"id":2941,"href":"https:\/\/apuntesdesanluis.com\/index.php\/wp-json\/wp\/v2\/posts\/2930\/revisions\/2941"}],"wp:featuredmedia":[{"embeddable":true,"href":"https:\/\/apuntesdesanluis.com\/index.php\/wp-json\/wp\/v2\/media\/2931"}],"wp:attachment":[{"href":"https:\/\/apuntesdesanluis.com\/index.php\/wp-json\/wp\/v2\/media?parent=2930"}],"wp:term":[{"taxonomy":"category","embeddable":true,"href":"https:\/\/apuntesdesanluis.com\/index.php\/wp-json\/wp\/v2\/categories?post=2930"},{"taxonomy":"post_tag","embeddable":true,"href":"https:\/\/apuntesdesanluis.com\/index.php\/wp-json\/wp\/v2\/tags?post=2930"}],"curies":[{"name":"wp","href":"https:\/\/api.w.org\/{rel}","templated":true}]}}