{"id":29381,"date":"2025-02-17T22:59:05","date_gmt":"2025-02-18T01:59:05","guid":{"rendered":"https:\/\/apuntesdesanluis.com\/?p=29381"},"modified":"2025-02-17T22:59:05","modified_gmt":"2025-02-18T01:59:05","slug":"la-iglesia-argentina-pidio-rezar-por-la-salud-del-papa-francisco","status":"publish","type":"post","link":"https:\/\/apuntesdesanluis.com\/index.php\/2025\/02\/17\/la-iglesia-argentina-pidio-rezar-por-la-salud-del-papa-francisco\/","title":{"rendered":"LA IGLESIA ARGENTINA PIDI\u00d3 REZAR POR LA SALUD DEL PAPA FRANCISCO"},"content":{"rendered":"<h3>La <strong>Conferencia Episcopal Argentina<\/strong> (CEA) llam\u00f3 a rezar por la pronta recuperaci\u00f3n del <strong>Papa Francisco<\/strong>, que est\u00e1 internado en El Vaticano y despierta preocupaci\u00f3n por su estado.<\/h3>\n<h3>&#8220;La Conferencia Episcopal Argentina invita a todas las comunidades a unirse en oraci\u00f3n por la salud del Papa Francisco, pidiendo al Se\u00f1or que le conceda su pronta recuperaci\u00f3n, con gratitud por su servicio incansable a la Iglesia y al mundo, lo acompa\u00f1amos espiritualmente en este momento de internaci\u00f3n y reposo&#8221;, indic\u00f3 la instituci\u00f3n.<\/h3>\n<h3>El mensaje lleva las firmas del presidente de la CEA y arzobispo de Mendoza, Marcelo Daniel Colombo, y de su secretario general y obispo auxiliar de San Isidro, Ra\u00fal Pizarro.<\/h3>\n<h3>El papa Francisco sufre &#8220;una infecci\u00f3n polimicrobiana del tracto respiratorio&#8221;, seg\u00fan inform\u00f3 este lunes el Vaticano y esto &#8220;oblig\u00f3 a modificar a\u00fan m\u00e1s la terapia&#8221;, mientras que adem\u00e1s se se\u00f1al\u00f3 que &#8220;el cuadro cl\u00ednico complejo requerir\u00e1 una hospitalizaci\u00f3n adecuada&#8221;.<\/h3>\n<h3>&#8220;Los resultados de las pruebas realizadas en los \u00faltimos d\u00edas y hoy han demostrado una infecci\u00f3n polimicrobiana del tracto respiratorio que ha obligado a modificar a\u00fan m\u00e1s la terapia&#8221;, se indic\u00f3 en un comunicado.<\/h3>\n<h3>El mismo dado a conocer desde la Oficina de Prensa de la Santa Sede a\u00f1adi\u00f3: &#8220;Todas las pruebas realizadas hasta el momento son indicativas de un cuadro cl\u00ednico complejo que requerir\u00e1 de un internamiento hospitalario adecuado&#8221;.<\/h3>\n<h3>De esta manera, el comunicado actualiz\u00f3 las condiciones de salud del papa Francisco, quien est\u00e1 internado desde el pasado viernes 14 de febrero en el Policl\u00ednico Agostino Gemelli de Roma.<\/h3>\n<h3><\/h3>\n<h3><\/h3>\n<h3><\/h3>\n<p>&nbsp;<\/p>\n","protected":false},"excerpt":{"rendered":"<p>La Conferencia Episcopal Argentina (CEA) llam\u00f3 a rezar por la pronta recuperaci\u00f3n del Papa Francisco,&#8230;<\/p>\n","protected":false},"author":1,"featured_media":29382,"comment_status":"closed","ping_status":"closed","sticky":false,"template":"","format":"standard","meta":{"footnotes":""},"categories":[5],"tags":[],"class_list":["post-29381","post","type-post","status-publish","format-standard","has-post-thumbnail","hentry","category-nacionales-internacionales"],"yoast_head":"<!-- This site is optimized with the Yoast SEO plugin v26.1.1 - https:\/\/yoast.com\/wordpress\/plugins\/seo\/ -->\n<title>LA IGLESIA ARGENTINA PIDI\u00d3 REZAR POR LA SALUD DEL PAPA FRANCISCO - Apuntes de San Luis<\/title>\n<meta name=\"robots\" content=\"index, follow, max-snippet:-1, max-image-preview:large, max-video-preview:-1\" \/>\n<link rel=\"canonical\" href=\"https:\/\/apuntesdesanluis.com\/index.php\/2025\/02\/17\/la-iglesia-argentina-pidio-rezar-por-la-salud-del-papa-francisco\/\" \/>\n<meta property=\"og:locale\" content=\"es_ES\" \/>\n<meta property=\"og:type\" content=\"article\" \/>\n<meta property=\"og:title\" content=\"LA IGLESIA ARGENTINA PIDI\u00d3 REZAR POR LA SALUD DEL PAPA FRANCISCO - Apuntes de San Luis\" \/>\n<meta property=\"og:description\" content=\"La Conferencia Episcopal Argentina (CEA) llam\u00f3 a rezar por la pronta recuperaci\u00f3n del Papa Francisco,...\" \/>\n<meta property=\"og:url\" content=\"https:\/\/apuntesdesanluis.com\/index.php\/2025\/02\/17\/la-iglesia-argentina-pidio-rezar-por-la-salud-del-papa-francisco\/\" \/>\n<meta property=\"og:site_name\" content=\"Apuntes de San Luis\" \/>\n<meta property=\"article:published_time\" content=\"2025-02-18T01:59:05+00:00\" \/>\n<meta property=\"og:image\" content=\"https:\/\/apuntesdesanluis.com\/wp-content\/uploads\/2025\/02\/papa-francisco.png\" \/>\n\t<meta property=\"og:image:width\" content=\"695\" \/>\n\t<meta property=\"og:image:height\" content=\"440\" \/>\n\t<meta property=\"og:image:type\" content=\"image\/png\" \/>\n<meta name=\"author\" content=\"apuntesdesanluis.com\" \/>\n<meta name=\"twitter:card\" content=\"summary_large_image\" \/>\n<meta name=\"twitter:label1\" content=\"Escrito por\" \/>\n\t<meta name=\"twitter:data1\" content=\"apuntesdesanluis.com\" \/>\n\t<meta name=\"twitter:label2\" content=\"Tiempo de lectura\" \/>\n\t<meta name=\"twitter:data2\" content=\"2 minutos\" \/>\n<script type=\"application\/ld+json\" class=\"yoast-schema-graph\">{\"@context\":\"https:\/\/schema.org\",\"@graph\":[{\"@type\":\"Article\",\"@id\":\"https:\/\/apuntesdesanluis.com\/index.php\/2025\/02\/17\/la-iglesia-argentina-pidio-rezar-por-la-salud-del-papa-francisco\/#article\",\"isPartOf\":{\"@id\":\"https:\/\/apuntesdesanluis.com\/index.php\/2025\/02\/17\/la-iglesia-argentina-pidio-rezar-por-la-salud-del-papa-francisco\/\"},\"author\":{\"name\":\"apuntesdesanluis.com\",\"@id\":\"https:\/\/apuntesdesanluis.com\/#\/schema\/person\/b55151d52296fcce64d1a72538a70b90\"},\"headline\":\"LA IGLESIA ARGENTINA PIDI\u00d3 REZAR POR LA SALUD DEL PAPA FRANCISCO\",\"datePublished\":\"2025-02-18T01:59:05+00:00\",\"mainEntityOfPage\":{\"@id\":\"https:\/\/apuntesdesanluis.com\/index.php\/2025\/02\/17\/la-iglesia-argentina-pidio-rezar-por-la-salud-del-papa-francisco\/\"},\"wordCount\":284,\"publisher\":{\"@id\":\"https:\/\/apuntesdesanluis.com\/#\/schema\/person\/b55151d52296fcce64d1a72538a70b90\"},\"image\":{\"@id\":\"https:\/\/apuntesdesanluis.com\/index.php\/2025\/02\/17\/la-iglesia-argentina-pidio-rezar-por-la-salud-del-papa-francisco\/#primaryimage\"},\"thumbnailUrl\":\"https:\/\/apuntesdesanluis.com\/wp-content\/uploads\/2025\/02\/papa-francisco.png\",\"articleSection\":[\"Nacionales\/Internacionales\"],\"inLanguage\":\"es-AR\"},{\"@type\":\"WebPage\",\"@id\":\"https:\/\/apuntesdesanluis.com\/index.php\/2025\/02\/17\/la-iglesia-argentina-pidio-rezar-por-la-salud-del-papa-francisco\/\",\"url\":\"https:\/\/apuntesdesanluis.com\/index.php\/2025\/02\/17\/la-iglesia-argentina-pidio-rezar-por-la-salud-del-papa-francisco\/\",\"name\":\"LA IGLESIA ARGENTINA PIDI\u00d3 REZAR POR LA SALUD DEL PAPA FRANCISCO - Apuntes de San Luis\",\"isPartOf\":{\"@id\":\"https:\/\/apuntesdesanluis.com\/#website\"},\"primaryImageOfPage\":{\"@id\":\"https:\/\/apuntesdesanluis.com\/index.php\/2025\/02\/17\/la-iglesia-argentina-pidio-rezar-por-la-salud-del-papa-francisco\/#primaryimage\"},\"image\":{\"@id\":\"https:\/\/apuntesdesanluis.com\/index.php\/2025\/02\/17\/la-iglesia-argentina-pidio-rezar-por-la-salud-del-papa-francisco\/#primaryimage\"},\"thumbnailUrl\":\"https:\/\/apuntesdesanluis.com\/wp-content\/uploads\/2025\/02\/papa-francisco.png\",\"datePublished\":\"2025-02-18T01:59:05+00:00\",\"breadcrumb\":{\"@id\":\"https:\/\/apuntesdesanluis.com\/index.php\/2025\/02\/17\/la-iglesia-argentina-pidio-rezar-por-la-salud-del-papa-francisco\/#breadcrumb\"},\"inLanguage\":\"es-AR\",\"potentialAction\":[{\"@type\":\"ReadAction\",\"target\":[\"https:\/\/apuntesdesanluis.com\/index.php\/2025\/02\/17\/la-iglesia-argentina-pidio-rezar-por-la-salud-del-papa-francisco\/\"]}]},{\"@type\":\"ImageObject\",\"inLanguage\":\"es-AR\",\"@id\":\"https:\/\/apuntesdesanluis.com\/index.php\/2025\/02\/17\/la-iglesia-argentina-pidio-rezar-por-la-salud-del-papa-francisco\/#primaryimage\",\"url\":\"https:\/\/apuntesdesanluis.com\/wp-content\/uploads\/2025\/02\/papa-francisco.png\",\"contentUrl\":\"https:\/\/apuntesdesanluis.com\/wp-content\/uploads\/2025\/02\/papa-francisco.png\",\"width\":695,\"height\":440},{\"@type\":\"BreadcrumbList\",\"@id\":\"https:\/\/apuntesdesanluis.com\/index.php\/2025\/02\/17\/la-iglesia-argentina-pidio-rezar-por-la-salud-del-papa-francisco\/#breadcrumb\",\"itemListElement\":[{\"@type\":\"ListItem\",\"position\":1,\"name\":\"Inicio\",\"item\":\"https:\/\/apuntesdesanluis.com\/\"},{\"@type\":\"ListItem\",\"position\":2,\"name\":\"LA IGLESIA ARGENTINA PIDI\u00d3 REZAR POR LA SALUD DEL PAPA FRANCISCO\"}]},{\"@type\":\"WebSite\",\"@id\":\"https:\/\/apuntesdesanluis.com\/#website\",\"url\":\"https:\/\/apuntesdesanluis.com\/\",\"name\":\"Apuntes de San Luis\",\"description\":\"\",\"publisher\":{\"@id\":\"https:\/\/apuntesdesanluis.com\/#\/schema\/person\/b55151d52296fcce64d1a72538a70b90\"},\"potentialAction\":[{\"@type\":\"SearchAction\",\"target\":{\"@type\":\"EntryPoint\",\"urlTemplate\":\"https:\/\/apuntesdesanluis.com\/?s={search_term_string}\"},\"query-input\":{\"@type\":\"PropertyValueSpecification\",\"valueRequired\":true,\"valueName\":\"search_term_string\"}}],\"inLanguage\":\"es-AR\"},{\"@type\":[\"Person\",\"Organization\"],\"@id\":\"https:\/\/apuntesdesanluis.com\/#\/schema\/person\/b55151d52296fcce64d1a72538a70b90\",\"name\":\"apuntesdesanluis.com\",\"image\":{\"@type\":\"ImageObject\",\"inLanguage\":\"es-AR\",\"@id\":\"https:\/\/apuntesdesanluis.com\/#\/schema\/person\/image\/\",\"url\":\"https:\/\/apuntesdesanluis.com\/wp-content\/uploads\/2023\/07\/cropped-apuntesdesanluis.png\",\"contentUrl\":\"https:\/\/apuntesdesanluis.com\/wp-content\/uploads\/2023\/07\/cropped-apuntesdesanluis.png\",\"width\":450,\"height\":112,\"caption\":\"apuntesdesanluis.com\"},\"logo\":{\"@id\":\"https:\/\/apuntesdesanluis.com\/#\/schema\/person\/image\/\"},\"sameAs\":[\"https:\/\/apuntesdesanluis.com\"],\"url\":\"https:\/\/apuntesdesanluis.com\/index.php\/author\/apuntesdesanluis-com\/\"}]}<\/script>\n<!-- \/ Yoast SEO plugin. -->","yoast_head_json":{"title":"LA IGLESIA ARGENTINA PIDI\u00d3 REZAR POR LA SALUD DEL PAPA FRANCISCO - Apuntes de San Luis","robots":{"index":"index","follow":"follow","max-snippet":"max-snippet:-1","max-image-preview":"max-image-preview:large","max-video-preview":"max-video-preview:-1"},"canonical":"https:\/\/apuntesdesanluis.com\/index.php\/2025\/02\/17\/la-iglesia-argentina-pidio-rezar-por-la-salud-del-papa-francisco\/","og_locale":"es_ES","og_type":"article","og_title":"LA IGLESIA ARGENTINA PIDI\u00d3 REZAR POR LA SALUD DEL PAPA FRANCISCO - Apuntes de San Luis","og_description":"La Conferencia Episcopal Argentina (CEA) llam\u00f3 a rezar por la pronta recuperaci\u00f3n del Papa Francisco,...","og_url":"https:\/\/apuntesdesanluis.com\/index.php\/2025\/02\/17\/la-iglesia-argentina-pidio-rezar-por-la-salud-del-papa-francisco\/","og_site_name":"Apuntes de San Luis","article_published_time":"2025-02-18T01:59:05+00:00","og_image":[{"width":695,"height":440,"url":"https:\/\/apuntesdesanluis.com\/wp-content\/uploads\/2025\/02\/papa-francisco.png","type":"image\/png"}],"author":"apuntesdesanluis.com","twitter_card":"summary_large_image","twitter_misc":{"Escrito por":"apuntesdesanluis.com","Tiempo de lectura":"2 minutos"},"schema":{"@context":"https:\/\/schema.org","@graph":[{"@type":"Article","@id":"https:\/\/apuntesdesanluis.com\/index.php\/2025\/02\/17\/la-iglesia-argentina-pidio-rezar-por-la-salud-del-papa-francisco\/#article","isPartOf":{"@id":"https:\/\/apuntesdesanluis.com\/index.php\/2025\/02\/17\/la-iglesia-argentina-pidio-rezar-por-la-salud-del-papa-francisco\/"},"author":{"name":"apuntesdesanluis.com","@id":"https:\/\/apuntesdesanluis.com\/#\/schema\/person\/b55151d52296fcce64d1a72538a70b90"},"headline":"LA IGLESIA ARGENTINA PIDI\u00d3 REZAR POR LA SALUD DEL PAPA FRANCISCO","datePublished":"2025-02-18T01:59:05+00:00","mainEntityOfPage":{"@id":"https:\/\/apuntesdesanluis.com\/index.php\/2025\/02\/17\/la-iglesia-argentina-pidio-rezar-por-la-salud-del-papa-francisco\/"},"wordCount":284,"publisher":{"@id":"https:\/\/apuntesdesanluis.com\/#\/schema\/person\/b55151d52296fcce64d1a72538a70b90"},"image":{"@id":"https:\/\/apuntesdesanluis.com\/index.php\/2025\/02\/17\/la-iglesia-argentina-pidio-rezar-por-la-salud-del-papa-francisco\/#primaryimage"},"thumbnailUrl":"https:\/\/apuntesdesanluis.com\/wp-content\/uploads\/2025\/02\/papa-francisco.png","articleSection":["Nacionales\/Internacionales"],"inLanguage":"es-AR"},{"@type":"WebPage","@id":"https:\/\/apuntesdesanluis.com\/index.php\/2025\/02\/17\/la-iglesia-argentina-pidio-rezar-por-la-salud-del-papa-francisco\/","url":"https:\/\/apuntesdesanluis.com\/index.php\/2025\/02\/17\/la-iglesia-argentina-pidio-rezar-por-la-salud-del-papa-francisco\/","name":"LA IGLESIA ARGENTINA PIDI\u00d3 REZAR POR LA SALUD DEL PAPA FRANCISCO - Apuntes de San Luis","isPartOf":{"@id":"https:\/\/apuntesdesanluis.com\/#website"},"primaryImageOfPage":{"@id":"https:\/\/apuntesdesanluis.com\/index.php\/2025\/02\/17\/la-iglesia-argentina-pidio-rezar-por-la-salud-del-papa-francisco\/#primaryimage"},"image":{"@id":"https:\/\/apuntesdesanluis.com\/index.php\/2025\/02\/17\/la-iglesia-argentina-pidio-rezar-por-la-salud-del-papa-francisco\/#primaryimage"},"thumbnailUrl":"https:\/\/apuntesdesanluis.com\/wp-content\/uploads\/2025\/02\/papa-francisco.png","datePublished":"2025-02-18T01:59:05+00:00","breadcrumb":{"@id":"https:\/\/apuntesdesanluis.com\/index.php\/2025\/02\/17\/la-iglesia-argentina-pidio-rezar-por-la-salud-del-papa-francisco\/#breadcrumb"},"inLanguage":"es-AR","potentialAction":[{"@type":"ReadAction","target":["https:\/\/apuntesdesanluis.com\/index.php\/2025\/02\/17\/la-iglesia-argentina-pidio-rezar-por-la-salud-del-papa-francisco\/"]}]},{"@type":"ImageObject","inLanguage":"es-AR","@id":"https:\/\/apuntesdesanluis.com\/index.php\/2025\/02\/17\/la-iglesia-argentina-pidio-rezar-por-la-salud-del-papa-francisco\/#primaryimage","url":"https:\/\/apuntesdesanluis.com\/wp-content\/uploads\/2025\/02\/papa-francisco.png","contentUrl":"https:\/\/apuntesdesanluis.com\/wp-content\/uploads\/2025\/02\/papa-francisco.png","width":695,"height":440},{"@type":"BreadcrumbList","@id":"https:\/\/apuntesdesanluis.com\/index.php\/2025\/02\/17\/la-iglesia-argentina-pidio-rezar-por-la-salud-del-papa-francisco\/#breadcrumb","itemListElement":[{"@type":"ListItem","position":1,"name":"Inicio","item":"https:\/\/apuntesdesanluis.com\/"},{"@type":"ListItem","position":2,"name":"LA IGLESIA ARGENTINA PIDI\u00d3 REZAR POR LA SALUD DEL PAPA FRANCISCO"}]},{"@type":"WebSite","@id":"https:\/\/apuntesdesanluis.com\/#website","url":"https:\/\/apuntesdesanluis.com\/","name":"Apuntes de San Luis","description":"","publisher":{"@id":"https:\/\/apuntesdesanluis.com\/#\/schema\/person\/b55151d52296fcce64d1a72538a70b90"},"potentialAction":[{"@type":"SearchAction","target":{"@type":"EntryPoint","urlTemplate":"https:\/\/apuntesdesanluis.com\/?s={search_term_string}"},"query-input":{"@type":"PropertyValueSpecification","valueRequired":true,"valueName":"search_term_string"}}],"inLanguage":"es-AR"},{"@type":["Person","Organization"],"@id":"https:\/\/apuntesdesanluis.com\/#\/schema\/person\/b55151d52296fcce64d1a72538a70b90","name":"apuntesdesanluis.com","image":{"@type":"ImageObject","inLanguage":"es-AR","@id":"https:\/\/apuntesdesanluis.com\/#\/schema\/person\/image\/","url":"https:\/\/apuntesdesanluis.com\/wp-content\/uploads\/2023\/07\/cropped-apuntesdesanluis.png","contentUrl":"https:\/\/apuntesdesanluis.com\/wp-content\/uploads\/2023\/07\/cropped-apuntesdesanluis.png","width":450,"height":112,"caption":"apuntesdesanluis.com"},"logo":{"@id":"https:\/\/apuntesdesanluis.com\/#\/schema\/person\/image\/"},"sameAs":["https:\/\/apuntesdesanluis.com"],"url":"https:\/\/apuntesdesanluis.com\/index.php\/author\/apuntesdesanluis-com\/"}]}},"featured_image_urls":{"full":["https:\/\/apuntesdesanluis.com\/wp-content\/uploads\/2025\/02\/papa-francisco.png",695,440,false],"thumbnail":["https:\/\/apuntesdesanluis.com\/wp-content\/uploads\/2025\/02\/papa-francisco-150x150.png",150,150,true],"medium":["https:\/\/apuntesdesanluis.com\/wp-content\/uploads\/2025\/02\/papa-francisco-300x190.png",300,190,true],"medium_large":["https:\/\/apuntesdesanluis.com\/wp-content\/uploads\/2025\/02\/papa-francisco.png",640,405,false],"large":["https:\/\/apuntesdesanluis.com\/wp-content\/uploads\/2025\/02\/papa-francisco.png",640,405,false],"1536x1536":["https:\/\/apuntesdesanluis.com\/wp-content\/uploads\/2025\/02\/papa-francisco.png",695,440,false],"2048x2048":["https:\/\/apuntesdesanluis.com\/wp-content\/uploads\/2025\/02\/papa-francisco.png",695,440,false],"newsever-slider-full":["https:\/\/apuntesdesanluis.com\/wp-content\/uploads\/2025\/02\/papa-francisco.png",695,440,false],"newsever-featured":["https:\/\/apuntesdesanluis.com\/wp-content\/uploads\/2025\/02\/papa-francisco.png",695,440,false],"newsever-medium":["https:\/\/apuntesdesanluis.com\/wp-content\/uploads\/2025\/02\/papa-francisco.png",695,440,false]},"author_info":{"display_name":"apuntesdesanluis.com","author_link":"https:\/\/apuntesdesanluis.com\/index.php\/author\/apuntesdesanluis-com\/"},"category_info":"<a href=\"https:\/\/apuntesdesanluis.com\/index.php\/category\/nacionales-internacionales\/\" rel=\"category tag\">Nacionales\/Internacionales<\/a>","tag_info":"Nacionales\/Internacionales","comment_count":"0","_links":{"self":[{"href":"https:\/\/apuntesdesanluis.com\/index.php\/wp-json\/wp\/v2\/posts\/29381","targetHints":{"allow":["GET"]}}],"collection":[{"href":"https:\/\/apuntesdesanluis.com\/index.php\/wp-json\/wp\/v2\/posts"}],"about":[{"href":"https:\/\/apuntesdesanluis.com\/index.php\/wp-json\/wp\/v2\/types\/post"}],"author":[{"embeddable":true,"href":"https:\/\/apuntesdesanluis.com\/index.php\/wp-json\/wp\/v2\/users\/1"}],"replies":[{"embeddable":true,"href":"https:\/\/apuntesdesanluis.com\/index.php\/wp-json\/wp\/v2\/comments?post=29381"}],"version-history":[{"count":1,"href":"https:\/\/apuntesdesanluis.com\/index.php\/wp-json\/wp\/v2\/posts\/29381\/revisions"}],"predecessor-version":[{"id":29383,"href":"https:\/\/apuntesdesanluis.com\/index.php\/wp-json\/wp\/v2\/posts\/29381\/revisions\/29383"}],"wp:featuredmedia":[{"embeddable":true,"href":"https:\/\/apuntesdesanluis.com\/index.php\/wp-json\/wp\/v2\/media\/29382"}],"wp:attachment":[{"href":"https:\/\/apuntesdesanluis.com\/index.php\/wp-json\/wp\/v2\/media?parent=29381"}],"wp:term":[{"taxonomy":"category","embeddable":true,"href":"https:\/\/apuntesdesanluis.com\/index.php\/wp-json\/wp\/v2\/categories?post=29381"},{"taxonomy":"post_tag","embeddable":true,"href":"https:\/\/apuntesdesanluis.com\/index.php\/wp-json\/wp\/v2\/tags?post=29381"}],"curies":[{"name":"wp","href":"https:\/\/api.w.org\/{rel}","templated":true}]}}