{"id":29384,"date":"2025-02-17T23:24:18","date_gmt":"2025-02-18T02:24:18","guid":{"rendered":"https:\/\/apuntesdesanluis.com\/?p=29384"},"modified":"2025-02-17T23:24:18","modified_gmt":"2025-02-18T02:24:18","slug":"poggi-presento-el-plan-tubi-2025-que-alcanza-a-alumnos-de-5to-ano","status":"publish","type":"post","link":"https:\/\/apuntesdesanluis.com\/index.php\/2025\/02\/17\/poggi-presento-el-plan-tubi-2025-que-alcanza-a-alumnos-de-5to-ano\/","title":{"rendered":"POGGI PRESENT\u00d3 EL PLAN TUBI 2025, QUE ALCANZA A ALUMNOS DE 5TO. A\u00d1O"},"content":{"rendered":"<h3>Este lunes en la Plaza C\u00edvica de Casa de Gobierno, el gobernador <strong>Claudio Poggi <\/strong>puso en marcha el Plan TuBI, <strong>\u2018San Luis, mi provincia en bicicleta\u2019<\/strong>, una iniciativa que alcanzar\u00e1 a alumnos de 5\u00ba a\u00f1o del nivel secundario.<\/h3>\n<h3>La presentaci\u00f3n estuvo a cargo del secretario de Transporte, <strong>V\u00edctor Cianchino<\/strong>, quien adem\u00e1s de recordar el objetivo del plan, brind\u00f3 detalles sobre el modelo de la bicicleta que recibir\u00e1n todos los estudiantes sanluise\u00f1os del 5\u00ba a\u00f1o de la secundaria y firm\u00f3 con los proveedores el convenio marco acordado luego de las reuniones informativas que se realizaron en las distintas regiones.<\/h3>\n<h3>Por su parte, el gobernador Claudio Poggi firm\u00f3 el decreto para la implementaci\u00f3n de este Plan que \u00e9l mismo impuls\u00f3 en 2012 y que benefici\u00f3 a cada ni\u00f1o, ni\u00f1a y estudiante universitario de la provincia. \u201cEsto no es un hecho aislado, sino que se enmarca en una pol\u00edtica de recrear, promover fomentar los h\u00e1bitos saludables de vida, que tienen que ver con la salud, con la actividad f\u00edsica, con el sedentarismo y con una lucha cuerpo a cuerpo con el, a veces, mal uso de la tecnolog\u00eda en el tiempo libre y eso se combate con deporte, con cultura, con la escuela ocupando el tiempo libre de los chicos que no queremos que lo usen para otras cosas que no les hacen bien a ellos\u201d, asegur\u00f3 Poggi.<\/h3>\n<h3><img fetchpriority=\"high\" decoding=\"async\" class=\"wp-image-29386 aligncenter\" src=\"https:\/\/apuntesdesanluis.com\/wp-content\/uploads\/2025\/02\/cianchino-300x198.png\" alt=\"\" width=\"648\" height=\"428\" srcset=\"https:\/\/apuntesdesanluis.com\/wp-content\/uploads\/2025\/02\/cianchino-300x198.png 300w, https:\/\/apuntesdesanluis.com\/wp-content\/uploads\/2025\/02\/cianchino-768x507.png 768w, https:\/\/apuntesdesanluis.com\/wp-content\/uploads\/2025\/02\/cianchino-720x475.png 720w, https:\/\/apuntesdesanluis.com\/wp-content\/uploads\/2025\/02\/cianchino.png 795w\" sizes=\"(max-width: 648px) 100vw, 648px\" \/><\/h3>\n<h3>Este lanzamiento tambi\u00e9n impulsa el crecimiento saludable. Seg\u00fan se\u00f1al\u00f3 Cianchino, respecto al sedentarismo, principalmente en los adolescentes, un estudio de la Organizaci\u00f3n Mundial de la Salud (OMG), arroj\u00f3 que m\u00e1s del 84% de los j\u00f3venes entre los 11 y 17 a\u00f1os, no realicen actividad f\u00edsica suficiente.<\/h3>\n<h3>Por eso los beneficiarios del Plan TuBi este a\u00f1o ser\u00e1n los estudiantes que cursen el pen\u00faltimo a\u00f1o de la secundaria. \u201cEntend\u00edamos que los alumnos del quinto a\u00f1o y los \u00faltimos a\u00f1os de la secundaria pod\u00edan cumplir estos requisitos donde se les pod\u00eda dar una bicicleta y se pod\u00edan mover libremente y con responsabilidad dentro de un entorno seguro. As\u00ed que, a partir de noviembre, el Gobernador convoc\u00f3 una mesa de trabajo con todos los bicicleteros de la provincia. En ese momento nos acompa\u00f1aron m\u00e1s de 40 bicicleteros donde plante\u00f3 muy claras dos premisas. Necesit\u00e1bamos volver a preocuparnos y ocuparnos de la salud de los alumnos y generarles h\u00e1bitos saludables, y en simultaneo trabajar en conjunto para el crecimiento del sector privado\u201d, explic\u00f3 el funcionario.<\/h3>\n<p><img decoding=\"async\" class=\"wp-image-29387 aligncenter\" src=\"https:\/\/apuntesdesanluis.com\/wp-content\/uploads\/2025\/02\/chicos-300x205.png\" alt=\"\" width=\"659\" height=\"450\" srcset=\"https:\/\/apuntesdesanluis.com\/wp-content\/uploads\/2025\/02\/chicos-300x205.png 300w, https:\/\/apuntesdesanluis.com\/wp-content\/uploads\/2025\/02\/chicos.png 721w\" sizes=\"(max-width: 659px) 100vw, 659px\" \/><\/p>\n<h3>Cianchino cont\u00f3 que las bicicletas son rodado 29, con frenos a discos delanteros y traseros, tienen suspensi\u00f3n y horquilla, y cambios de la marca Shimano. Cada una de ellas, ser\u00e1 entregada con un casco homologados, un kit de luces delanteras y traseras, el timbre, y tambi\u00e9n espejos derecho e izquierdo para que puedan circular incluyendo todo lo que indique la normativa de seguridad vial.<\/h3>\n<p>&nbsp;<\/p>\n<p>&nbsp;<\/p>\n<p>&nbsp;<\/p>\n<h3><\/h3>\n<h3><\/h3>\n<h3><\/h3>\n","protected":false},"excerpt":{"rendered":"<p>Este lunes en la Plaza C\u00edvica de Casa de Gobierno, el gobernador Claudio Poggi puso&#8230;<\/p>\n","protected":false},"author":1,"featured_media":29385,"comment_status":"closed","ping_status":"closed","sticky":false,"template":"","format":"standard","meta":{"footnotes":""},"categories":[6],"tags":[],"class_list":["post-29384","post","type-post","status-publish","format-standard","has-post-thumbnail","hentry","category-ciudad-provincia"],"yoast_head":"<!-- This site is optimized with the Yoast SEO plugin v26.1.1 - https:\/\/yoast.com\/wordpress\/plugins\/seo\/ -->\n<title>POGGI PRESENT\u00d3 EL PLAN TUBI 2025, QUE ALCANZA A ALUMNOS DE 5TO. A\u00d1O - Apuntes de San Luis<\/title>\n<meta name=\"robots\" content=\"index, follow, max-snippet:-1, max-image-preview:large, max-video-preview:-1\" \/>\n<link rel=\"canonical\" href=\"https:\/\/apuntesdesanluis.com\/index.php\/2025\/02\/17\/poggi-presento-el-plan-tubi-2025-que-alcanza-a-alumnos-de-5to-ano\/\" \/>\n<meta property=\"og:locale\" content=\"es_ES\" \/>\n<meta property=\"og:type\" content=\"article\" \/>\n<meta property=\"og:title\" content=\"POGGI PRESENT\u00d3 EL PLAN TUBI 2025, QUE ALCANZA A ALUMNOS DE 5TO. A\u00d1O - Apuntes de San Luis\" \/>\n<meta property=\"og:description\" content=\"Este lunes en la Plaza C\u00edvica de Casa de Gobierno, el gobernador Claudio Poggi puso...\" \/>\n<meta property=\"og:url\" content=\"https:\/\/apuntesdesanluis.com\/index.php\/2025\/02\/17\/poggi-presento-el-plan-tubi-2025-que-alcanza-a-alumnos-de-5to-ano\/\" \/>\n<meta property=\"og:site_name\" content=\"Apuntes de San Luis\" \/>\n<meta property=\"article:published_time\" content=\"2025-02-18T02:24:18+00:00\" \/>\n<meta property=\"og:image\" content=\"https:\/\/apuntesdesanluis.com\/wp-content\/uploads\/2025\/02\/plan-tubi.png\" \/>\n\t<meta property=\"og:image:width\" content=\"722\" \/>\n\t<meta property=\"og:image:height\" content=\"435\" \/>\n\t<meta property=\"og:image:type\" content=\"image\/png\" \/>\n<meta name=\"author\" content=\"apuntesdesanluis.com\" \/>\n<meta name=\"twitter:card\" content=\"summary_large_image\" \/>\n<meta name=\"twitter:label1\" content=\"Escrito por\" \/>\n\t<meta name=\"twitter:data1\" content=\"apuntesdesanluis.com\" \/>\n\t<meta name=\"twitter:label2\" content=\"Tiempo de lectura\" \/>\n\t<meta name=\"twitter:data2\" content=\"3 minutos\" \/>\n<script type=\"application\/ld+json\" class=\"yoast-schema-graph\">{\"@context\":\"https:\/\/schema.org\",\"@graph\":[{\"@type\":\"Article\",\"@id\":\"https:\/\/apuntesdesanluis.com\/index.php\/2025\/02\/17\/poggi-presento-el-plan-tubi-2025-que-alcanza-a-alumnos-de-5to-ano\/#article\",\"isPartOf\":{\"@id\":\"https:\/\/apuntesdesanluis.com\/index.php\/2025\/02\/17\/poggi-presento-el-plan-tubi-2025-que-alcanza-a-alumnos-de-5to-ano\/\"},\"author\":{\"name\":\"apuntesdesanluis.com\",\"@id\":\"https:\/\/apuntesdesanluis.com\/#\/schema\/person\/b55151d52296fcce64d1a72538a70b90\"},\"headline\":\"POGGI PRESENT\u00d3 EL PLAN TUBI 2025, QUE ALCANZA A ALUMNOS DE 5TO. A\u00d1O\",\"datePublished\":\"2025-02-18T02:24:18+00:00\",\"mainEntityOfPage\":{\"@id\":\"https:\/\/apuntesdesanluis.com\/index.php\/2025\/02\/17\/poggi-presento-el-plan-tubi-2025-que-alcanza-a-alumnos-de-5to-ano\/\"},\"wordCount\":506,\"publisher\":{\"@id\":\"https:\/\/apuntesdesanluis.com\/#\/schema\/person\/b55151d52296fcce64d1a72538a70b90\"},\"image\":{\"@id\":\"https:\/\/apuntesdesanluis.com\/index.php\/2025\/02\/17\/poggi-presento-el-plan-tubi-2025-que-alcanza-a-alumnos-de-5to-ano\/#primaryimage\"},\"thumbnailUrl\":\"https:\/\/apuntesdesanluis.com\/wp-content\/uploads\/2025\/02\/plan-tubi.png\",\"articleSection\":[\"Ciudad\/Provincia\"],\"inLanguage\":\"es-AR\"},{\"@type\":\"WebPage\",\"@id\":\"https:\/\/apuntesdesanluis.com\/index.php\/2025\/02\/17\/poggi-presento-el-plan-tubi-2025-que-alcanza-a-alumnos-de-5to-ano\/\",\"url\":\"https:\/\/apuntesdesanluis.com\/index.php\/2025\/02\/17\/poggi-presento-el-plan-tubi-2025-que-alcanza-a-alumnos-de-5to-ano\/\",\"name\":\"POGGI PRESENT\u00d3 EL PLAN TUBI 2025, QUE ALCANZA A ALUMNOS DE 5TO. A\u00d1O - Apuntes de San Luis\",\"isPartOf\":{\"@id\":\"https:\/\/apuntesdesanluis.com\/#website\"},\"primaryImageOfPage\":{\"@id\":\"https:\/\/apuntesdesanluis.com\/index.php\/2025\/02\/17\/poggi-presento-el-plan-tubi-2025-que-alcanza-a-alumnos-de-5to-ano\/#primaryimage\"},\"image\":{\"@id\":\"https:\/\/apuntesdesanluis.com\/index.php\/2025\/02\/17\/poggi-presento-el-plan-tubi-2025-que-alcanza-a-alumnos-de-5to-ano\/#primaryimage\"},\"thumbnailUrl\":\"https:\/\/apuntesdesanluis.com\/wp-content\/uploads\/2025\/02\/plan-tubi.png\",\"datePublished\":\"2025-02-18T02:24:18+00:00\",\"breadcrumb\":{\"@id\":\"https:\/\/apuntesdesanluis.com\/index.php\/2025\/02\/17\/poggi-presento-el-plan-tubi-2025-que-alcanza-a-alumnos-de-5to-ano\/#breadcrumb\"},\"inLanguage\":\"es-AR\",\"potentialAction\":[{\"@type\":\"ReadAction\",\"target\":[\"https:\/\/apuntesdesanluis.com\/index.php\/2025\/02\/17\/poggi-presento-el-plan-tubi-2025-que-alcanza-a-alumnos-de-5to-ano\/\"]}]},{\"@type\":\"ImageObject\",\"inLanguage\":\"es-AR\",\"@id\":\"https:\/\/apuntesdesanluis.com\/index.php\/2025\/02\/17\/poggi-presento-el-plan-tubi-2025-que-alcanza-a-alumnos-de-5to-ano\/#primaryimage\",\"url\":\"https:\/\/apuntesdesanluis.com\/wp-content\/uploads\/2025\/02\/plan-tubi.png\",\"contentUrl\":\"https:\/\/apuntesdesanluis.com\/wp-content\/uploads\/2025\/02\/plan-tubi.png\",\"width\":722,\"height\":435},{\"@type\":\"BreadcrumbList\",\"@id\":\"https:\/\/apuntesdesanluis.com\/index.php\/2025\/02\/17\/poggi-presento-el-plan-tubi-2025-que-alcanza-a-alumnos-de-5to-ano\/#breadcrumb\",\"itemListElement\":[{\"@type\":\"ListItem\",\"position\":1,\"name\":\"Inicio\",\"item\":\"https:\/\/apuntesdesanluis.com\/\"},{\"@type\":\"ListItem\",\"position\":2,\"name\":\"POGGI PRESENT\u00d3 EL PLAN TUBI 2025, QUE ALCANZA A ALUMNOS DE 5TO. A\u00d1O\"}]},{\"@type\":\"WebSite\",\"@id\":\"https:\/\/apuntesdesanluis.com\/#website\",\"url\":\"https:\/\/apuntesdesanluis.com\/\",\"name\":\"Apuntes de San Luis\",\"description\":\"\",\"publisher\":{\"@id\":\"https:\/\/apuntesdesanluis.com\/#\/schema\/person\/b55151d52296fcce64d1a72538a70b90\"},\"potentialAction\":[{\"@type\":\"SearchAction\",\"target\":{\"@type\":\"EntryPoint\",\"urlTemplate\":\"https:\/\/apuntesdesanluis.com\/?s={search_term_string}\"},\"query-input\":{\"@type\":\"PropertyValueSpecification\",\"valueRequired\":true,\"valueName\":\"search_term_string\"}}],\"inLanguage\":\"es-AR\"},{\"@type\":[\"Person\",\"Organization\"],\"@id\":\"https:\/\/apuntesdesanluis.com\/#\/schema\/person\/b55151d52296fcce64d1a72538a70b90\",\"name\":\"apuntesdesanluis.com\",\"image\":{\"@type\":\"ImageObject\",\"inLanguage\":\"es-AR\",\"@id\":\"https:\/\/apuntesdesanluis.com\/#\/schema\/person\/image\/\",\"url\":\"https:\/\/apuntesdesanluis.com\/wp-content\/uploads\/2023\/07\/cropped-apuntesdesanluis.png\",\"contentUrl\":\"https:\/\/apuntesdesanluis.com\/wp-content\/uploads\/2023\/07\/cropped-apuntesdesanluis.png\",\"width\":450,\"height\":112,\"caption\":\"apuntesdesanluis.com\"},\"logo\":{\"@id\":\"https:\/\/apuntesdesanluis.com\/#\/schema\/person\/image\/\"},\"sameAs\":[\"https:\/\/apuntesdesanluis.com\"],\"url\":\"https:\/\/apuntesdesanluis.com\/index.php\/author\/apuntesdesanluis-com\/\"}]}<\/script>\n<!-- \/ Yoast SEO plugin. -->","yoast_head_json":{"title":"POGGI PRESENT\u00d3 EL PLAN TUBI 2025, QUE ALCANZA A ALUMNOS DE 5TO. A\u00d1O - Apuntes de San Luis","robots":{"index":"index","follow":"follow","max-snippet":"max-snippet:-1","max-image-preview":"max-image-preview:large","max-video-preview":"max-video-preview:-1"},"canonical":"https:\/\/apuntesdesanluis.com\/index.php\/2025\/02\/17\/poggi-presento-el-plan-tubi-2025-que-alcanza-a-alumnos-de-5to-ano\/","og_locale":"es_ES","og_type":"article","og_title":"POGGI PRESENT\u00d3 EL PLAN TUBI 2025, QUE ALCANZA A ALUMNOS DE 5TO. A\u00d1O - Apuntes de San Luis","og_description":"Este lunes en la Plaza C\u00edvica de Casa de Gobierno, el gobernador Claudio Poggi puso...","og_url":"https:\/\/apuntesdesanluis.com\/index.php\/2025\/02\/17\/poggi-presento-el-plan-tubi-2025-que-alcanza-a-alumnos-de-5to-ano\/","og_site_name":"Apuntes de San Luis","article_published_time":"2025-02-18T02:24:18+00:00","og_image":[{"width":722,"height":435,"url":"https:\/\/apuntesdesanluis.com\/wp-content\/uploads\/2025\/02\/plan-tubi.png","type":"image\/png"}],"author":"apuntesdesanluis.com","twitter_card":"summary_large_image","twitter_misc":{"Escrito por":"apuntesdesanluis.com","Tiempo de lectura":"3 minutos"},"schema":{"@context":"https:\/\/schema.org","@graph":[{"@type":"Article","@id":"https:\/\/apuntesdesanluis.com\/index.php\/2025\/02\/17\/poggi-presento-el-plan-tubi-2025-que-alcanza-a-alumnos-de-5to-ano\/#article","isPartOf":{"@id":"https:\/\/apuntesdesanluis.com\/index.php\/2025\/02\/17\/poggi-presento-el-plan-tubi-2025-que-alcanza-a-alumnos-de-5to-ano\/"},"author":{"name":"apuntesdesanluis.com","@id":"https:\/\/apuntesdesanluis.com\/#\/schema\/person\/b55151d52296fcce64d1a72538a70b90"},"headline":"POGGI PRESENT\u00d3 EL PLAN TUBI 2025, QUE ALCANZA A ALUMNOS DE 5TO. A\u00d1O","datePublished":"2025-02-18T02:24:18+00:00","mainEntityOfPage":{"@id":"https:\/\/apuntesdesanluis.com\/index.php\/2025\/02\/17\/poggi-presento-el-plan-tubi-2025-que-alcanza-a-alumnos-de-5to-ano\/"},"wordCount":506,"publisher":{"@id":"https:\/\/apuntesdesanluis.com\/#\/schema\/person\/b55151d52296fcce64d1a72538a70b90"},"image":{"@id":"https:\/\/apuntesdesanluis.com\/index.php\/2025\/02\/17\/poggi-presento-el-plan-tubi-2025-que-alcanza-a-alumnos-de-5to-ano\/#primaryimage"},"thumbnailUrl":"https:\/\/apuntesdesanluis.com\/wp-content\/uploads\/2025\/02\/plan-tubi.png","articleSection":["Ciudad\/Provincia"],"inLanguage":"es-AR"},{"@type":"WebPage","@id":"https:\/\/apuntesdesanluis.com\/index.php\/2025\/02\/17\/poggi-presento-el-plan-tubi-2025-que-alcanza-a-alumnos-de-5to-ano\/","url":"https:\/\/apuntesdesanluis.com\/index.php\/2025\/02\/17\/poggi-presento-el-plan-tubi-2025-que-alcanza-a-alumnos-de-5to-ano\/","name":"POGGI PRESENT\u00d3 EL PLAN TUBI 2025, QUE ALCANZA A ALUMNOS DE 5TO. A\u00d1O - Apuntes de San Luis","isPartOf":{"@id":"https:\/\/apuntesdesanluis.com\/#website"},"primaryImageOfPage":{"@id":"https:\/\/apuntesdesanluis.com\/index.php\/2025\/02\/17\/poggi-presento-el-plan-tubi-2025-que-alcanza-a-alumnos-de-5to-ano\/#primaryimage"},"image":{"@id":"https:\/\/apuntesdesanluis.com\/index.php\/2025\/02\/17\/poggi-presento-el-plan-tubi-2025-que-alcanza-a-alumnos-de-5to-ano\/#primaryimage"},"thumbnailUrl":"https:\/\/apuntesdesanluis.com\/wp-content\/uploads\/2025\/02\/plan-tubi.png","datePublished":"2025-02-18T02:24:18+00:00","breadcrumb":{"@id":"https:\/\/apuntesdesanluis.com\/index.php\/2025\/02\/17\/poggi-presento-el-plan-tubi-2025-que-alcanza-a-alumnos-de-5to-ano\/#breadcrumb"},"inLanguage":"es-AR","potentialAction":[{"@type":"ReadAction","target":["https:\/\/apuntesdesanluis.com\/index.php\/2025\/02\/17\/poggi-presento-el-plan-tubi-2025-que-alcanza-a-alumnos-de-5to-ano\/"]}]},{"@type":"ImageObject","inLanguage":"es-AR","@id":"https:\/\/apuntesdesanluis.com\/index.php\/2025\/02\/17\/poggi-presento-el-plan-tubi-2025-que-alcanza-a-alumnos-de-5to-ano\/#primaryimage","url":"https:\/\/apuntesdesanluis.com\/wp-content\/uploads\/2025\/02\/plan-tubi.png","contentUrl":"https:\/\/apuntesdesanluis.com\/wp-content\/uploads\/2025\/02\/plan-tubi.png","width":722,"height":435},{"@type":"BreadcrumbList","@id":"https:\/\/apuntesdesanluis.com\/index.php\/2025\/02\/17\/poggi-presento-el-plan-tubi-2025-que-alcanza-a-alumnos-de-5to-ano\/#breadcrumb","itemListElement":[{"@type":"ListItem","position":1,"name":"Inicio","item":"https:\/\/apuntesdesanluis.com\/"},{"@type":"ListItem","position":2,"name":"POGGI PRESENT\u00d3 EL PLAN TUBI 2025, QUE ALCANZA A ALUMNOS DE 5TO. A\u00d1O"}]},{"@type":"WebSite","@id":"https:\/\/apuntesdesanluis.com\/#website","url":"https:\/\/apuntesdesanluis.com\/","name":"Apuntes de San Luis","description":"","publisher":{"@id":"https:\/\/apuntesdesanluis.com\/#\/schema\/person\/b55151d52296fcce64d1a72538a70b90"},"potentialAction":[{"@type":"SearchAction","target":{"@type":"EntryPoint","urlTemplate":"https:\/\/apuntesdesanluis.com\/?s={search_term_string}"},"query-input":{"@type":"PropertyValueSpecification","valueRequired":true,"valueName":"search_term_string"}}],"inLanguage":"es-AR"},{"@type":["Person","Organization"],"@id":"https:\/\/apuntesdesanluis.com\/#\/schema\/person\/b55151d52296fcce64d1a72538a70b90","name":"apuntesdesanluis.com","image":{"@type":"ImageObject","inLanguage":"es-AR","@id":"https:\/\/apuntesdesanluis.com\/#\/schema\/person\/image\/","url":"https:\/\/apuntesdesanluis.com\/wp-content\/uploads\/2023\/07\/cropped-apuntesdesanluis.png","contentUrl":"https:\/\/apuntesdesanluis.com\/wp-content\/uploads\/2023\/07\/cropped-apuntesdesanluis.png","width":450,"height":112,"caption":"apuntesdesanluis.com"},"logo":{"@id":"https:\/\/apuntesdesanluis.com\/#\/schema\/person\/image\/"},"sameAs":["https:\/\/apuntesdesanluis.com"],"url":"https:\/\/apuntesdesanluis.com\/index.php\/author\/apuntesdesanluis-com\/"}]}},"featured_image_urls":{"full":["https:\/\/apuntesdesanluis.com\/wp-content\/uploads\/2025\/02\/plan-tubi.png",722,435,false],"thumbnail":["https:\/\/apuntesdesanluis.com\/wp-content\/uploads\/2025\/02\/plan-tubi-150x150.png",150,150,true],"medium":["https:\/\/apuntesdesanluis.com\/wp-content\/uploads\/2025\/02\/plan-tubi-300x181.png",300,181,true],"medium_large":["https:\/\/apuntesdesanluis.com\/wp-content\/uploads\/2025\/02\/plan-tubi.png",640,386,false],"large":["https:\/\/apuntesdesanluis.com\/wp-content\/uploads\/2025\/02\/plan-tubi.png",640,386,false],"1536x1536":["https:\/\/apuntesdesanluis.com\/wp-content\/uploads\/2025\/02\/plan-tubi.png",722,435,false],"2048x2048":["https:\/\/apuntesdesanluis.com\/wp-content\/uploads\/2025\/02\/plan-tubi.png",722,435,false],"newsever-slider-full":["https:\/\/apuntesdesanluis.com\/wp-content\/uploads\/2025\/02\/plan-tubi.png",722,435,false],"newsever-featured":["https:\/\/apuntesdesanluis.com\/wp-content\/uploads\/2025\/02\/plan-tubi.png",722,435,false],"newsever-medium":["https:\/\/apuntesdesanluis.com\/wp-content\/uploads\/2025\/02\/plan-tubi-720x435.png",720,435,true]},"author_info":{"display_name":"apuntesdesanluis.com","author_link":"https:\/\/apuntesdesanluis.com\/index.php\/author\/apuntesdesanluis-com\/"},"category_info":"<a href=\"https:\/\/apuntesdesanluis.com\/index.php\/category\/ciudad-provincia\/\" rel=\"category tag\">Ciudad\/Provincia<\/a>","tag_info":"Ciudad\/Provincia","comment_count":"0","_links":{"self":[{"href":"https:\/\/apuntesdesanluis.com\/index.php\/wp-json\/wp\/v2\/posts\/29384","targetHints":{"allow":["GET"]}}],"collection":[{"href":"https:\/\/apuntesdesanluis.com\/index.php\/wp-json\/wp\/v2\/posts"}],"about":[{"href":"https:\/\/apuntesdesanluis.com\/index.php\/wp-json\/wp\/v2\/types\/post"}],"author":[{"embeddable":true,"href":"https:\/\/apuntesdesanluis.com\/index.php\/wp-json\/wp\/v2\/users\/1"}],"replies":[{"embeddable":true,"href":"https:\/\/apuntesdesanluis.com\/index.php\/wp-json\/wp\/v2\/comments?post=29384"}],"version-history":[{"count":1,"href":"https:\/\/apuntesdesanluis.com\/index.php\/wp-json\/wp\/v2\/posts\/29384\/revisions"}],"predecessor-version":[{"id":29388,"href":"https:\/\/apuntesdesanluis.com\/index.php\/wp-json\/wp\/v2\/posts\/29384\/revisions\/29388"}],"wp:featuredmedia":[{"embeddable":true,"href":"https:\/\/apuntesdesanluis.com\/index.php\/wp-json\/wp\/v2\/media\/29385"}],"wp:attachment":[{"href":"https:\/\/apuntesdesanluis.com\/index.php\/wp-json\/wp\/v2\/media?parent=29384"}],"wp:term":[{"taxonomy":"category","embeddable":true,"href":"https:\/\/apuntesdesanluis.com\/index.php\/wp-json\/wp\/v2\/categories?post=29384"},{"taxonomy":"post_tag","embeddable":true,"href":"https:\/\/apuntesdesanluis.com\/index.php\/wp-json\/wp\/v2\/tags?post=29384"}],"curies":[{"name":"wp","href":"https:\/\/api.w.org\/{rel}","templated":true}]}}