{"id":29410,"date":"2025-02-18T13:19:16","date_gmt":"2025-02-18T16:19:16","guid":{"rendered":"https:\/\/apuntesdesanluis.com\/?p=29410"},"modified":"2025-02-18T15:15:06","modified_gmt":"2025-02-18T18:15:06","slug":"les-vamos-a-dejar-el-orto-como-mandriles-dijo-el-educativo-de-dalesandro","status":"publish","type":"post","link":"https:\/\/apuntesdesanluis.com\/index.php\/2025\/02\/18\/les-vamos-a-dejar-el-orto-como-mandriles-dijo-el-educativo-de-dalesandro\/","title":{"rendered":"\u201cLES VAMOS A DEJAR EL ORTO COMO MANDRILES\u201d, DIJO EL EDUCADITO CARLOS D\u00b4ALESANDRO"},"content":{"rendered":"<h3>El legislador nacional por La Libertad Avanza, <strong>Carlos Gonz\u00e1lez D\u00b4Alesandro,<\/strong> se ha mimetizado absolutamente con el estilo del presidente <strong>Javier Milei<\/strong>, hasta en los modos soeces que utiliza a trav\u00e9s de las redes sociales.<\/h3>\n<h3>Su violenta reacci\u00f3n se origin\u00f3 en algunas publicaciones referidas a las cr\u00edticas que formul\u00f3 el referente del NOS, <strong>Mart\u00edn Olivera<\/strong>, tras el pase del ex intendente de Naschel, <strong>Miguel Bertola<\/strong> (Movipro) a las filas de La Libertad Avanza.<\/h3>\n<h3>\u201cArrancaron los medios pauteros del Gobernador. \u00bfQu\u00e9 pasa muchachos est\u00e1n viendo que les vamos a dejar (el) orto como mandriles?\u201d, se descarg\u00f3 Gonz\u00e1lez D\u2019Alessandro en sus redes, compartiendo la imagen de una publicaci\u00f3n de Radio Dimensi\u00f3n bajo el t\u00edtulo: \u201cPol\u00e9mica en San Luis: Mart\u00edn Olivera (NOS) critica la alianza entre peronistas y libertarios\u201d.<\/h3>\n<p><img fetchpriority=\"high\" decoding=\"async\" class=\"wp-image-29412 aligncenter\" src=\"https:\/\/apuntesdesanluis.com\/wp-content\/uploads\/2025\/02\/d\u00b4alesandro-mandriles-180x300.png\" alt=\"\" width=\"433\" height=\"722\" srcset=\"https:\/\/apuntesdesanluis.com\/wp-content\/uploads\/2025\/02\/d\u00b4alesandro-mandriles-180x300.png 180w, https:\/\/apuntesdesanluis.com\/wp-content\/uploads\/2025\/02\/d\u00b4alesandro-mandriles.png 384w\" sizes=\"(max-width: 433px) 100vw, 433px\" \/><\/p>\n<h3>Posteriormente, cual pi\u00f1\u00f3n fijo, hizo una captura de otra nota, esta vez de El Chorrillero, reproduciendo tambi\u00e9n declaraciones de Olivera bajo el t\u00edtulo \u201cIndigna ver a peronistas subirse a los libertarios de San Luis\u201d.<\/h3>\n<h3>Olivera repas\u00f3 que Miguel Bertola lleg\u00f3 a la intendencia de Naschel en dos oportunidades a trav\u00e9s del Movipro, un partido vecinal aliado al peronismo. Incluso Daniel El\u00edas, presidente del espacio, fue asesor del gobernador Alberto Rodr\u00edguez Sa\u00e1 en su \u00faltima gesti\u00f3n.<\/h3>\n<h3>Tal vez la molestia de D\u00b4Alesandro es que el cuestionamiento a Olivera de alg\u00fan modo se convierte en un espejo en el que deba mirarse el efusivo legislador libertario, quien anteriormente fue funcionario del PJ en La Matanza, luego en la gesti\u00f3n de Juana Koslay y en 2021 candidato a intendente pero por otro partido, el GEN.<\/h3>\n<h3>Similar \u201cductilidad\u201d caracteriza al presidente provisional del Senado de la Naci\u00f3n, <strong>Bartolom\u00e9 Abdala<\/strong>, quien fue ministro de Turismo, Cultura y Deporte de San Luis entre 2008 y 2009, en la segunda gobernaci\u00f3n de Alberto Rodr\u00edguez Sa\u00e1. Luego fund\u00f3 el PRO en San Luis, del que fue diputado provincial de 2013 al 2021. Para despu\u00e9s, en 2022, ser expulsado y convertirse en referente de Milei en San Luis, siendo electo en su actual cargo legislativo.<\/h3>\n<h3>No obstante los libertarios festejan el crecimiento de LLA a partir de la incorporaci\u00f3n del ex intendente de Naschel, a quien le dieron la bienvenida \u201ca las fuerzas del cielo\u201d, adelantando que ser\u00e1 el pr\u00f3ximo candidato a jefe comunal y deslizando que habr\u00e1 otras anexiones en los pr\u00f3ximos d\u00edas.<\/h3>\n<p><a href=\"https:\/\/www.facebook.com\/reel\/\" target=\"_blank\" rel=\"noopener\"><img decoding=\"async\" class=\"wp-image-29413 aligncenter\" src=\"https:\/\/apuntesdesanluis.com\/wp-content\/uploads\/2025\/02\/abdala-bertola-191x300.png\" alt=\"\" width=\"523\" height=\"821\" srcset=\"https:\/\/apuntesdesanluis.com\/wp-content\/uploads\/2025\/02\/abdala-bertola-191x300.png 191w, https:\/\/apuntesdesanluis.com\/wp-content\/uploads\/2025\/02\/abdala-bertola.png 527w\" sizes=\"(max-width: 523px) 100vw, 523px\" \/><\/a><\/p>\n<h4 style=\"text-align: center;\"><em><span style=\"color: #3366ff;\">(Haer click sobre la imagen)<\/span><\/em><\/h4>\n<p>&nbsp;<\/p>\n<p>&nbsp;<\/p>\n<p>&nbsp;<\/p>\n<h3><\/h3>\n<h3><\/h3>\n","protected":false},"excerpt":{"rendered":"<p>El legislador nacional por La Libertad Avanza, Carlos Gonz\u00e1lez D\u00b4Alesandro, se ha mimetizado absolutamente con&#8230;<\/p>\n","protected":false},"author":1,"featured_media":29411,"comment_status":"closed","ping_status":"closed","sticky":false,"template":"","format":"standard","meta":{"footnotes":""},"categories":[6],"tags":[],"class_list":["post-29410","post","type-post","status-publish","format-standard","has-post-thumbnail","hentry","category-ciudad-provincia"],"yoast_head":"<!-- This site is optimized with the Yoast SEO plugin v26.1.1 - https:\/\/yoast.com\/wordpress\/plugins\/seo\/ -->\n<title>\u201cLES VAMOS A DEJAR EL ORTO COMO MANDRILES\u201d, DIJO EL EDUCADITO CARLOS D\u00b4ALESANDRO - Apuntes de San Luis<\/title>\n<meta name=\"robots\" content=\"index, follow, max-snippet:-1, max-image-preview:large, max-video-preview:-1\" \/>\n<link rel=\"canonical\" href=\"https:\/\/apuntesdesanluis.com\/index.php\/2025\/02\/18\/les-vamos-a-dejar-el-orto-como-mandriles-dijo-el-educativo-de-dalesandro\/\" \/>\n<meta property=\"og:locale\" content=\"es_ES\" \/>\n<meta property=\"og:type\" content=\"article\" \/>\n<meta property=\"og:title\" content=\"\u201cLES VAMOS A DEJAR EL ORTO COMO MANDRILES\u201d, DIJO EL EDUCADITO CARLOS D\u00b4ALESANDRO - Apuntes de San Luis\" \/>\n<meta property=\"og:description\" content=\"El legislador nacional por La Libertad Avanza, Carlos Gonz\u00e1lez D\u00b4Alesandro, se ha mimetizado absolutamente con...\" \/>\n<meta property=\"og:url\" content=\"https:\/\/apuntesdesanluis.com\/index.php\/2025\/02\/18\/les-vamos-a-dejar-el-orto-como-mandriles-dijo-el-educativo-de-dalesandro\/\" \/>\n<meta property=\"og:site_name\" content=\"Apuntes de San Luis\" \/>\n<meta property=\"article:published_time\" content=\"2025-02-18T16:19:16+00:00\" \/>\n<meta property=\"article:modified_time\" content=\"2025-02-18T18:15:06+00:00\" \/>\n<meta property=\"og:image\" content=\"https:\/\/apuntesdesanluis.com\/wp-content\/uploads\/2025\/02\/militontos-mandriles.png\" \/>\n\t<meta property=\"og:image:width\" content=\"628\" \/>\n\t<meta property=\"og:image:height\" content=\"475\" \/>\n\t<meta property=\"og:image:type\" content=\"image\/png\" \/>\n<meta name=\"author\" content=\"apuntesdesanluis.com\" \/>\n<meta name=\"twitter:card\" content=\"summary_large_image\" \/>\n<meta name=\"twitter:label1\" content=\"Escrito por\" \/>\n\t<meta name=\"twitter:data1\" content=\"apuntesdesanluis.com\" \/>\n\t<meta name=\"twitter:label2\" content=\"Tiempo de lectura\" \/>\n\t<meta name=\"twitter:data2\" content=\"3 minutos\" \/>\n<script type=\"application\/ld+json\" class=\"yoast-schema-graph\">{\"@context\":\"https:\/\/schema.org\",\"@graph\":[{\"@type\":\"Article\",\"@id\":\"https:\/\/apuntesdesanluis.com\/index.php\/2025\/02\/18\/les-vamos-a-dejar-el-orto-como-mandriles-dijo-el-educativo-de-dalesandro\/#article\",\"isPartOf\":{\"@id\":\"https:\/\/apuntesdesanluis.com\/index.php\/2025\/02\/18\/les-vamos-a-dejar-el-orto-como-mandriles-dijo-el-educativo-de-dalesandro\/\"},\"author\":{\"name\":\"apuntesdesanluis.com\",\"@id\":\"https:\/\/apuntesdesanluis.com\/#\/schema\/person\/b55151d52296fcce64d1a72538a70b90\"},\"headline\":\"\u201cLES VAMOS A DEJAR EL ORTO COMO MANDRILES\u201d, DIJO EL EDUCADITO CARLOS D\u00b4ALESANDRO\",\"datePublished\":\"2025-02-18T16:19:16+00:00\",\"dateModified\":\"2025-02-18T18:15:06+00:00\",\"mainEntityOfPage\":{\"@id\":\"https:\/\/apuntesdesanluis.com\/index.php\/2025\/02\/18\/les-vamos-a-dejar-el-orto-como-mandriles-dijo-el-educativo-de-dalesandro\/\"},\"wordCount\":428,\"publisher\":{\"@id\":\"https:\/\/apuntesdesanluis.com\/#\/schema\/person\/b55151d52296fcce64d1a72538a70b90\"},\"image\":{\"@id\":\"https:\/\/apuntesdesanluis.com\/index.php\/2025\/02\/18\/les-vamos-a-dejar-el-orto-como-mandriles-dijo-el-educativo-de-dalesandro\/#primaryimage\"},\"thumbnailUrl\":\"https:\/\/apuntesdesanluis.com\/wp-content\/uploads\/2025\/02\/militontos-mandriles.png\",\"articleSection\":[\"Ciudad\/Provincia\"],\"inLanguage\":\"es-AR\"},{\"@type\":\"WebPage\",\"@id\":\"https:\/\/apuntesdesanluis.com\/index.php\/2025\/02\/18\/les-vamos-a-dejar-el-orto-como-mandriles-dijo-el-educativo-de-dalesandro\/\",\"url\":\"https:\/\/apuntesdesanluis.com\/index.php\/2025\/02\/18\/les-vamos-a-dejar-el-orto-como-mandriles-dijo-el-educativo-de-dalesandro\/\",\"name\":\"\u201cLES VAMOS A DEJAR EL ORTO COMO MANDRILES\u201d, DIJO EL EDUCADITO CARLOS D\u00b4ALESANDRO - Apuntes de San Luis\",\"isPartOf\":{\"@id\":\"https:\/\/apuntesdesanluis.com\/#website\"},\"primaryImageOfPage\":{\"@id\":\"https:\/\/apuntesdesanluis.com\/index.php\/2025\/02\/18\/les-vamos-a-dejar-el-orto-como-mandriles-dijo-el-educativo-de-dalesandro\/#primaryimage\"},\"image\":{\"@id\":\"https:\/\/apuntesdesanluis.com\/index.php\/2025\/02\/18\/les-vamos-a-dejar-el-orto-como-mandriles-dijo-el-educativo-de-dalesandro\/#primaryimage\"},\"thumbnailUrl\":\"https:\/\/apuntesdesanluis.com\/wp-content\/uploads\/2025\/02\/militontos-mandriles.png\",\"datePublished\":\"2025-02-18T16:19:16+00:00\",\"dateModified\":\"2025-02-18T18:15:06+00:00\",\"breadcrumb\":{\"@id\":\"https:\/\/apuntesdesanluis.com\/index.php\/2025\/02\/18\/les-vamos-a-dejar-el-orto-como-mandriles-dijo-el-educativo-de-dalesandro\/#breadcrumb\"},\"inLanguage\":\"es-AR\",\"potentialAction\":[{\"@type\":\"ReadAction\",\"target\":[\"https:\/\/apuntesdesanluis.com\/index.php\/2025\/02\/18\/les-vamos-a-dejar-el-orto-como-mandriles-dijo-el-educativo-de-dalesandro\/\"]}]},{\"@type\":\"ImageObject\",\"inLanguage\":\"es-AR\",\"@id\":\"https:\/\/apuntesdesanluis.com\/index.php\/2025\/02\/18\/les-vamos-a-dejar-el-orto-como-mandriles-dijo-el-educativo-de-dalesandro\/#primaryimage\",\"url\":\"https:\/\/apuntesdesanluis.com\/wp-content\/uploads\/2025\/02\/militontos-mandriles.png\",\"contentUrl\":\"https:\/\/apuntesdesanluis.com\/wp-content\/uploads\/2025\/02\/militontos-mandriles.png\",\"width\":628,\"height\":475},{\"@type\":\"BreadcrumbList\",\"@id\":\"https:\/\/apuntesdesanluis.com\/index.php\/2025\/02\/18\/les-vamos-a-dejar-el-orto-como-mandriles-dijo-el-educativo-de-dalesandro\/#breadcrumb\",\"itemListElement\":[{\"@type\":\"ListItem\",\"position\":1,\"name\":\"Inicio\",\"item\":\"https:\/\/apuntesdesanluis.com\/\"},{\"@type\":\"ListItem\",\"position\":2,\"name\":\"\u201cLES VAMOS A DEJAR EL ORTO COMO MANDRILES\u201d, DIJO EL EDUCADITO CARLOS D\u00b4ALESANDRO\"}]},{\"@type\":\"WebSite\",\"@id\":\"https:\/\/apuntesdesanluis.com\/#website\",\"url\":\"https:\/\/apuntesdesanluis.com\/\",\"name\":\"Apuntes de San Luis\",\"description\":\"\",\"publisher\":{\"@id\":\"https:\/\/apuntesdesanluis.com\/#\/schema\/person\/b55151d52296fcce64d1a72538a70b90\"},\"potentialAction\":[{\"@type\":\"SearchAction\",\"target\":{\"@type\":\"EntryPoint\",\"urlTemplate\":\"https:\/\/apuntesdesanluis.com\/?s={search_term_string}\"},\"query-input\":{\"@type\":\"PropertyValueSpecification\",\"valueRequired\":true,\"valueName\":\"search_term_string\"}}],\"inLanguage\":\"es-AR\"},{\"@type\":[\"Person\",\"Organization\"],\"@id\":\"https:\/\/apuntesdesanluis.com\/#\/schema\/person\/b55151d52296fcce64d1a72538a70b90\",\"name\":\"apuntesdesanluis.com\",\"image\":{\"@type\":\"ImageObject\",\"inLanguage\":\"es-AR\",\"@id\":\"https:\/\/apuntesdesanluis.com\/#\/schema\/person\/image\/\",\"url\":\"https:\/\/apuntesdesanluis.com\/wp-content\/uploads\/2023\/07\/cropped-apuntesdesanluis.png\",\"contentUrl\":\"https:\/\/apuntesdesanluis.com\/wp-content\/uploads\/2023\/07\/cropped-apuntesdesanluis.png\",\"width\":450,\"height\":112,\"caption\":\"apuntesdesanluis.com\"},\"logo\":{\"@id\":\"https:\/\/apuntesdesanluis.com\/#\/schema\/person\/image\/\"},\"sameAs\":[\"https:\/\/apuntesdesanluis.com\"],\"url\":\"https:\/\/apuntesdesanluis.com\/index.php\/author\/apuntesdesanluis-com\/\"}]}<\/script>\n<!-- \/ Yoast SEO plugin. -->","yoast_head_json":{"title":"\u201cLES VAMOS A DEJAR EL ORTO COMO MANDRILES\u201d, DIJO EL EDUCADITO CARLOS D\u00b4ALESANDRO - Apuntes de San Luis","robots":{"index":"index","follow":"follow","max-snippet":"max-snippet:-1","max-image-preview":"max-image-preview:large","max-video-preview":"max-video-preview:-1"},"canonical":"https:\/\/apuntesdesanluis.com\/index.php\/2025\/02\/18\/les-vamos-a-dejar-el-orto-como-mandriles-dijo-el-educativo-de-dalesandro\/","og_locale":"es_ES","og_type":"article","og_title":"\u201cLES VAMOS A DEJAR EL ORTO COMO MANDRILES\u201d, DIJO EL EDUCADITO CARLOS D\u00b4ALESANDRO - Apuntes de San Luis","og_description":"El legislador nacional por La Libertad Avanza, Carlos Gonz\u00e1lez D\u00b4Alesandro, se ha mimetizado absolutamente con...","og_url":"https:\/\/apuntesdesanluis.com\/index.php\/2025\/02\/18\/les-vamos-a-dejar-el-orto-como-mandriles-dijo-el-educativo-de-dalesandro\/","og_site_name":"Apuntes de San Luis","article_published_time":"2025-02-18T16:19:16+00:00","article_modified_time":"2025-02-18T18:15:06+00:00","og_image":[{"width":628,"height":475,"url":"https:\/\/apuntesdesanluis.com\/wp-content\/uploads\/2025\/02\/militontos-mandriles.png","type":"image\/png"}],"author":"apuntesdesanluis.com","twitter_card":"summary_large_image","twitter_misc":{"Escrito por":"apuntesdesanluis.com","Tiempo de lectura":"3 minutos"},"schema":{"@context":"https:\/\/schema.org","@graph":[{"@type":"Article","@id":"https:\/\/apuntesdesanluis.com\/index.php\/2025\/02\/18\/les-vamos-a-dejar-el-orto-como-mandriles-dijo-el-educativo-de-dalesandro\/#article","isPartOf":{"@id":"https:\/\/apuntesdesanluis.com\/index.php\/2025\/02\/18\/les-vamos-a-dejar-el-orto-como-mandriles-dijo-el-educativo-de-dalesandro\/"},"author":{"name":"apuntesdesanluis.com","@id":"https:\/\/apuntesdesanluis.com\/#\/schema\/person\/b55151d52296fcce64d1a72538a70b90"},"headline":"\u201cLES VAMOS A DEJAR EL ORTO COMO MANDRILES\u201d, DIJO EL EDUCADITO CARLOS D\u00b4ALESANDRO","datePublished":"2025-02-18T16:19:16+00:00","dateModified":"2025-02-18T18:15:06+00:00","mainEntityOfPage":{"@id":"https:\/\/apuntesdesanluis.com\/index.php\/2025\/02\/18\/les-vamos-a-dejar-el-orto-como-mandriles-dijo-el-educativo-de-dalesandro\/"},"wordCount":428,"publisher":{"@id":"https:\/\/apuntesdesanluis.com\/#\/schema\/person\/b55151d52296fcce64d1a72538a70b90"},"image":{"@id":"https:\/\/apuntesdesanluis.com\/index.php\/2025\/02\/18\/les-vamos-a-dejar-el-orto-como-mandriles-dijo-el-educativo-de-dalesandro\/#primaryimage"},"thumbnailUrl":"https:\/\/apuntesdesanluis.com\/wp-content\/uploads\/2025\/02\/militontos-mandriles.png","articleSection":["Ciudad\/Provincia"],"inLanguage":"es-AR"},{"@type":"WebPage","@id":"https:\/\/apuntesdesanluis.com\/index.php\/2025\/02\/18\/les-vamos-a-dejar-el-orto-como-mandriles-dijo-el-educativo-de-dalesandro\/","url":"https:\/\/apuntesdesanluis.com\/index.php\/2025\/02\/18\/les-vamos-a-dejar-el-orto-como-mandriles-dijo-el-educativo-de-dalesandro\/","name":"\u201cLES VAMOS A DEJAR EL ORTO COMO MANDRILES\u201d, DIJO EL EDUCADITO CARLOS D\u00b4ALESANDRO - Apuntes de San Luis","isPartOf":{"@id":"https:\/\/apuntesdesanluis.com\/#website"},"primaryImageOfPage":{"@id":"https:\/\/apuntesdesanluis.com\/index.php\/2025\/02\/18\/les-vamos-a-dejar-el-orto-como-mandriles-dijo-el-educativo-de-dalesandro\/#primaryimage"},"image":{"@id":"https:\/\/apuntesdesanluis.com\/index.php\/2025\/02\/18\/les-vamos-a-dejar-el-orto-como-mandriles-dijo-el-educativo-de-dalesandro\/#primaryimage"},"thumbnailUrl":"https:\/\/apuntesdesanluis.com\/wp-content\/uploads\/2025\/02\/militontos-mandriles.png","datePublished":"2025-02-18T16:19:16+00:00","dateModified":"2025-02-18T18:15:06+00:00","breadcrumb":{"@id":"https:\/\/apuntesdesanluis.com\/index.php\/2025\/02\/18\/les-vamos-a-dejar-el-orto-como-mandriles-dijo-el-educativo-de-dalesandro\/#breadcrumb"},"inLanguage":"es-AR","potentialAction":[{"@type":"ReadAction","target":["https:\/\/apuntesdesanluis.com\/index.php\/2025\/02\/18\/les-vamos-a-dejar-el-orto-como-mandriles-dijo-el-educativo-de-dalesandro\/"]}]},{"@type":"ImageObject","inLanguage":"es-AR","@id":"https:\/\/apuntesdesanluis.com\/index.php\/2025\/02\/18\/les-vamos-a-dejar-el-orto-como-mandriles-dijo-el-educativo-de-dalesandro\/#primaryimage","url":"https:\/\/apuntesdesanluis.com\/wp-content\/uploads\/2025\/02\/militontos-mandriles.png","contentUrl":"https:\/\/apuntesdesanluis.com\/wp-content\/uploads\/2025\/02\/militontos-mandriles.png","width":628,"height":475},{"@type":"BreadcrumbList","@id":"https:\/\/apuntesdesanluis.com\/index.php\/2025\/02\/18\/les-vamos-a-dejar-el-orto-como-mandriles-dijo-el-educativo-de-dalesandro\/#breadcrumb","itemListElement":[{"@type":"ListItem","position":1,"name":"Inicio","item":"https:\/\/apuntesdesanluis.com\/"},{"@type":"ListItem","position":2,"name":"\u201cLES VAMOS A DEJAR EL ORTO COMO MANDRILES\u201d, DIJO EL EDUCADITO CARLOS D\u00b4ALESANDRO"}]},{"@type":"WebSite","@id":"https:\/\/apuntesdesanluis.com\/#website","url":"https:\/\/apuntesdesanluis.com\/","name":"Apuntes de San Luis","description":"","publisher":{"@id":"https:\/\/apuntesdesanluis.com\/#\/schema\/person\/b55151d52296fcce64d1a72538a70b90"},"potentialAction":[{"@type":"SearchAction","target":{"@type":"EntryPoint","urlTemplate":"https:\/\/apuntesdesanluis.com\/?s={search_term_string}"},"query-input":{"@type":"PropertyValueSpecification","valueRequired":true,"valueName":"search_term_string"}}],"inLanguage":"es-AR"},{"@type":["Person","Organization"],"@id":"https:\/\/apuntesdesanluis.com\/#\/schema\/person\/b55151d52296fcce64d1a72538a70b90","name":"apuntesdesanluis.com","image":{"@type":"ImageObject","inLanguage":"es-AR","@id":"https:\/\/apuntesdesanluis.com\/#\/schema\/person\/image\/","url":"https:\/\/apuntesdesanluis.com\/wp-content\/uploads\/2023\/07\/cropped-apuntesdesanluis.png","contentUrl":"https:\/\/apuntesdesanluis.com\/wp-content\/uploads\/2023\/07\/cropped-apuntesdesanluis.png","width":450,"height":112,"caption":"apuntesdesanluis.com"},"logo":{"@id":"https:\/\/apuntesdesanluis.com\/#\/schema\/person\/image\/"},"sameAs":["https:\/\/apuntesdesanluis.com"],"url":"https:\/\/apuntesdesanluis.com\/index.php\/author\/apuntesdesanluis-com\/"}]}},"featured_image_urls":{"full":["https:\/\/apuntesdesanluis.com\/wp-content\/uploads\/2025\/02\/militontos-mandriles.png",628,475,false],"thumbnail":["https:\/\/apuntesdesanluis.com\/wp-content\/uploads\/2025\/02\/militontos-mandriles-150x150.png",150,150,true],"medium":["https:\/\/apuntesdesanluis.com\/wp-content\/uploads\/2025\/02\/militontos-mandriles-300x227.png",300,227,true],"medium_large":["https:\/\/apuntesdesanluis.com\/wp-content\/uploads\/2025\/02\/militontos-mandriles.png",628,475,false],"large":["https:\/\/apuntesdesanluis.com\/wp-content\/uploads\/2025\/02\/militontos-mandriles.png",628,475,false],"1536x1536":["https:\/\/apuntesdesanluis.com\/wp-content\/uploads\/2025\/02\/militontos-mandriles.png",628,475,false],"2048x2048":["https:\/\/apuntesdesanluis.com\/wp-content\/uploads\/2025\/02\/militontos-mandriles.png",628,475,false],"newsever-slider-full":["https:\/\/apuntesdesanluis.com\/wp-content\/uploads\/2025\/02\/militontos-mandriles.png",628,475,false],"newsever-featured":["https:\/\/apuntesdesanluis.com\/wp-content\/uploads\/2025\/02\/militontos-mandriles.png",628,475,false],"newsever-medium":["https:\/\/apuntesdesanluis.com\/wp-content\/uploads\/2025\/02\/militontos-mandriles.png",628,475,false]},"author_info":{"display_name":"apuntesdesanluis.com","author_link":"https:\/\/apuntesdesanluis.com\/index.php\/author\/apuntesdesanluis-com\/"},"category_info":"<a href=\"https:\/\/apuntesdesanluis.com\/index.php\/category\/ciudad-provincia\/\" rel=\"category tag\">Ciudad\/Provincia<\/a>","tag_info":"Ciudad\/Provincia","comment_count":"0","_links":{"self":[{"href":"https:\/\/apuntesdesanluis.com\/index.php\/wp-json\/wp\/v2\/posts\/29410","targetHints":{"allow":["GET"]}}],"collection":[{"href":"https:\/\/apuntesdesanluis.com\/index.php\/wp-json\/wp\/v2\/posts"}],"about":[{"href":"https:\/\/apuntesdesanluis.com\/index.php\/wp-json\/wp\/v2\/types\/post"}],"author":[{"embeddable":true,"href":"https:\/\/apuntesdesanluis.com\/index.php\/wp-json\/wp\/v2\/users\/1"}],"replies":[{"embeddable":true,"href":"https:\/\/apuntesdesanluis.com\/index.php\/wp-json\/wp\/v2\/comments?post=29410"}],"version-history":[{"count":5,"href":"https:\/\/apuntesdesanluis.com\/index.php\/wp-json\/wp\/v2\/posts\/29410\/revisions"}],"predecessor-version":[{"id":29421,"href":"https:\/\/apuntesdesanluis.com\/index.php\/wp-json\/wp\/v2\/posts\/29410\/revisions\/29421"}],"wp:featuredmedia":[{"embeddable":true,"href":"https:\/\/apuntesdesanluis.com\/index.php\/wp-json\/wp\/v2\/media\/29411"}],"wp:attachment":[{"href":"https:\/\/apuntesdesanluis.com\/index.php\/wp-json\/wp\/v2\/media?parent=29410"}],"wp:term":[{"taxonomy":"category","embeddable":true,"href":"https:\/\/apuntesdesanluis.com\/index.php\/wp-json\/wp\/v2\/categories?post=29410"},{"taxonomy":"post_tag","embeddable":true,"href":"https:\/\/apuntesdesanluis.com\/index.php\/wp-json\/wp\/v2\/tags?post=29410"}],"curies":[{"name":"wp","href":"https:\/\/api.w.org\/{rel}","templated":true}]}}