{"id":29422,"date":"2025-02-18T19:23:46","date_gmt":"2025-02-18T22:23:46","guid":{"rendered":"https:\/\/apuntesdesanluis.com\/?p=29422"},"modified":"2025-02-18T19:23:46","modified_gmt":"2025-02-18T22:23:46","slug":"grave-accidente-en-moto-de-marcos-el-chino-maidana","status":"publish","type":"post","link":"https:\/\/apuntesdesanluis.com\/index.php\/2025\/02\/18\/grave-accidente-en-moto-de-marcos-el-chino-maidana\/","title":{"rendered":"GRAVE ACCIDENTE EN MOTO DE MARCOS &#8220;EL CHINO&#8221; MAIDANA"},"content":{"rendered":"<h3>El ex boxeador <strong>Marcos &#8220;El Chino&#8221; Maidana<\/strong> choc\u00f3 cuando conduc\u00eda su moto contra un auto sobre la Ruta Nacional 11 al norte de la ciudad chaque\u00f1a de Reconquista.<\/h3>\n<h3>Seg\u00fan trascendi\u00f3, el deportista, que manejaba una motocicleta BMW 647-R1300, colision\u00f3 con un auto Renault Clio, conducido por un hombre llamado \u00c1ngel Oscar Stangaferro, por lo que fue trasladado en ambulancia al Hospital de la Ciudad de Florencia, donde recibi\u00f3 los primeros auxilios para despu\u00e9s ser derivado a Villa Ocampo.<\/h3>\n<h3>Maidana, quien fue el \u00fanico que result\u00f3 herido, luego fue llevado al Sanatorio Norte de la Ciudad de Avellaneda y ser\u00e1 sometido a distintos an\u00e1lisis por las lesiones que sufri\u00f3 en la espalda y sus pies.<\/h3>\n<div style=\"width: 404px;\" class=\"wp-video\"><!--[if lt IE 9]><script>document.createElement('video');<\/script><![endif]-->\n<video class=\"wp-video-shortcode\" id=\"video-29422-1\" width=\"404\" height=\"720\" preload=\"metadata\" controls=\"controls\"><source type=\"video\/mp4\" src=\"https:\/\/apuntesdesanluis.com\/wp-content\/uploads\/2025\/02\/accidente-chino-1.mp4?_=1\" \/><a href=\"https:\/\/apuntesdesanluis.com\/wp-content\/uploads\/2025\/02\/accidente-chino-1.mp4\">https:\/\/apuntesdesanluis.com\/wp-content\/uploads\/2025\/02\/accidente-chino-1.mp4<\/a><\/video><\/div>\n<h3>El siniestro vial ocurri\u00f3 a la altura de la Comuna de Hardy, situada a unos 125 kil\u00f3metros de la ciudad de Reconquista.<\/h3>\n<h3>La causa fue caratulada como lesiones culposas en accidente de tr\u00e1nsito, luego de que personal de la PDI de la ciudad de las Toscas y el jefe Inspector\u00eda de la Zona VI se hicieran presente en el lugar.<\/h3>\n<h3>El ex campe\u00f3n de peso superligero y welter de la Asociaci\u00f3n Mundial de Boxeo (AMB), de 41 a\u00f1os, debut\u00f3 en la actividad el 12 de junio de 2004 y se retir\u00f3 el 9 de agosto de 2016.<\/h3>\n<h3>En total, pele\u00f3 en 40 combates, tuvo 35 victorias, de las cuales 31 fueron por knock out y cuatro por decisi\u00f3n un\u00e1nime, y cinco derrotas.<\/h3>\n<p>&nbsp;<\/p>\n<p>&nbsp;<\/p>\n<p>&nbsp;<\/p>\n<p>&nbsp;<\/p>\n<p>&nbsp;<\/p>\n<p>&nbsp;<\/p>\n<h3><\/h3>\n<h3><\/h3>\n<p>&nbsp;<\/p>\n<p>&nbsp;<\/p>\n","protected":false},"excerpt":{"rendered":"<p>El ex boxeador Marcos &#8220;El Chino&#8221; Maidana choc\u00f3 cuando conduc\u00eda su moto contra un auto&#8230;<\/p>\n","protected":false},"author":1,"featured_media":29424,"comment_status":"closed","ping_status":"closed","sticky":false,"template":"","format":"standard","meta":{"footnotes":""},"categories":[5],"tags":[],"class_list":["post-29422","post","type-post","status-publish","format-standard","has-post-thumbnail","hentry","category-nacionales-internacionales"],"yoast_head":"<!-- This site is optimized with the Yoast SEO plugin v26.1.1 - https:\/\/yoast.com\/wordpress\/plugins\/seo\/ -->\n<title>GRAVE ACCIDENTE EN MOTO DE MARCOS &quot;EL CHINO&quot; MAIDANA - Apuntes de San Luis<\/title>\n<meta name=\"robots\" content=\"index, follow, max-snippet:-1, max-image-preview:large, max-video-preview:-1\" \/>\n<link rel=\"canonical\" href=\"https:\/\/apuntesdesanluis.com\/index.php\/2025\/02\/18\/grave-accidente-en-moto-de-marcos-el-chino-maidana\/\" \/>\n<meta property=\"og:locale\" content=\"es_ES\" \/>\n<meta property=\"og:type\" content=\"article\" \/>\n<meta property=\"og:title\" content=\"GRAVE ACCIDENTE EN MOTO DE MARCOS &quot;EL CHINO&quot; MAIDANA - Apuntes de San Luis\" \/>\n<meta property=\"og:description\" content=\"El ex boxeador Marcos &#8220;El Chino&#8221; Maidana choc\u00f3 cuando conduc\u00eda su moto contra un auto...\" \/>\n<meta property=\"og:url\" content=\"https:\/\/apuntesdesanluis.com\/index.php\/2025\/02\/18\/grave-accidente-en-moto-de-marcos-el-chino-maidana\/\" \/>\n<meta property=\"og:site_name\" content=\"Apuntes de San Luis\" \/>\n<meta property=\"article:published_time\" content=\"2025-02-18T22:23:46+00:00\" \/>\n<meta property=\"og:image\" content=\"https:\/\/apuntesdesanluis.com\/wp-content\/uploads\/2025\/02\/chino-maidana.png\" \/>\n\t<meta property=\"og:image:width\" content=\"753\" \/>\n\t<meta property=\"og:image:height\" content=\"490\" \/>\n\t<meta property=\"og:image:type\" content=\"image\/png\" \/>\n<meta name=\"author\" content=\"apuntesdesanluis.com\" \/>\n<meta name=\"twitter:card\" content=\"summary_large_image\" \/>\n<meta name=\"twitter:label1\" content=\"Escrito por\" \/>\n\t<meta name=\"twitter:data1\" content=\"apuntesdesanluis.com\" \/>\n\t<meta name=\"twitter:label2\" content=\"Tiempo de lectura\" \/>\n\t<meta name=\"twitter:data2\" content=\"2 minutos\" \/>\n<script type=\"application\/ld+json\" class=\"yoast-schema-graph\">{\"@context\":\"https:\/\/schema.org\",\"@graph\":[{\"@type\":\"Article\",\"@id\":\"https:\/\/apuntesdesanluis.com\/index.php\/2025\/02\/18\/grave-accidente-en-moto-de-marcos-el-chino-maidana\/#article\",\"isPartOf\":{\"@id\":\"https:\/\/apuntesdesanluis.com\/index.php\/2025\/02\/18\/grave-accidente-en-moto-de-marcos-el-chino-maidana\/\"},\"author\":{\"name\":\"apuntesdesanluis.com\",\"@id\":\"https:\/\/apuntesdesanluis.com\/#\/schema\/person\/b55151d52296fcce64d1a72538a70b90\"},\"headline\":\"GRAVE ACCIDENTE EN MOTO DE MARCOS &#8220;EL CHINO&#8221; MAIDANA\",\"datePublished\":\"2025-02-18T22:23:46+00:00\",\"mainEntityOfPage\":{\"@id\":\"https:\/\/apuntesdesanluis.com\/index.php\/2025\/02\/18\/grave-accidente-en-moto-de-marcos-el-chino-maidana\/\"},\"wordCount\":268,\"publisher\":{\"@id\":\"https:\/\/apuntesdesanluis.com\/#\/schema\/person\/b55151d52296fcce64d1a72538a70b90\"},\"image\":{\"@id\":\"https:\/\/apuntesdesanluis.com\/index.php\/2025\/02\/18\/grave-accidente-en-moto-de-marcos-el-chino-maidana\/#primaryimage\"},\"thumbnailUrl\":\"https:\/\/apuntesdesanluis.com\/wp-content\/uploads\/2025\/02\/chino-maidana.png\",\"articleSection\":[\"Nacionales\/Internacionales\"],\"inLanguage\":\"es-AR\"},{\"@type\":\"WebPage\",\"@id\":\"https:\/\/apuntesdesanluis.com\/index.php\/2025\/02\/18\/grave-accidente-en-moto-de-marcos-el-chino-maidana\/\",\"url\":\"https:\/\/apuntesdesanluis.com\/index.php\/2025\/02\/18\/grave-accidente-en-moto-de-marcos-el-chino-maidana\/\",\"name\":\"GRAVE ACCIDENTE EN MOTO DE MARCOS \\\"EL CHINO\\\" MAIDANA - Apuntes de San Luis\",\"isPartOf\":{\"@id\":\"https:\/\/apuntesdesanluis.com\/#website\"},\"primaryImageOfPage\":{\"@id\":\"https:\/\/apuntesdesanluis.com\/index.php\/2025\/02\/18\/grave-accidente-en-moto-de-marcos-el-chino-maidana\/#primaryimage\"},\"image\":{\"@id\":\"https:\/\/apuntesdesanluis.com\/index.php\/2025\/02\/18\/grave-accidente-en-moto-de-marcos-el-chino-maidana\/#primaryimage\"},\"thumbnailUrl\":\"https:\/\/apuntesdesanluis.com\/wp-content\/uploads\/2025\/02\/chino-maidana.png\",\"datePublished\":\"2025-02-18T22:23:46+00:00\",\"breadcrumb\":{\"@id\":\"https:\/\/apuntesdesanluis.com\/index.php\/2025\/02\/18\/grave-accidente-en-moto-de-marcos-el-chino-maidana\/#breadcrumb\"},\"inLanguage\":\"es-AR\",\"potentialAction\":[{\"@type\":\"ReadAction\",\"target\":[\"https:\/\/apuntesdesanluis.com\/index.php\/2025\/02\/18\/grave-accidente-en-moto-de-marcos-el-chino-maidana\/\"]}]},{\"@type\":\"ImageObject\",\"inLanguage\":\"es-AR\",\"@id\":\"https:\/\/apuntesdesanluis.com\/index.php\/2025\/02\/18\/grave-accidente-en-moto-de-marcos-el-chino-maidana\/#primaryimage\",\"url\":\"https:\/\/apuntesdesanluis.com\/wp-content\/uploads\/2025\/02\/chino-maidana.png\",\"contentUrl\":\"https:\/\/apuntesdesanluis.com\/wp-content\/uploads\/2025\/02\/chino-maidana.png\",\"width\":753,\"height\":490},{\"@type\":\"BreadcrumbList\",\"@id\":\"https:\/\/apuntesdesanluis.com\/index.php\/2025\/02\/18\/grave-accidente-en-moto-de-marcos-el-chino-maidana\/#breadcrumb\",\"itemListElement\":[{\"@type\":\"ListItem\",\"position\":1,\"name\":\"Inicio\",\"item\":\"https:\/\/apuntesdesanluis.com\/\"},{\"@type\":\"ListItem\",\"position\":2,\"name\":\"GRAVE ACCIDENTE EN MOTO DE MARCOS &#8220;EL CHINO&#8221; MAIDANA\"}]},{\"@type\":\"WebSite\",\"@id\":\"https:\/\/apuntesdesanluis.com\/#website\",\"url\":\"https:\/\/apuntesdesanluis.com\/\",\"name\":\"Apuntes de San Luis\",\"description\":\"\",\"publisher\":{\"@id\":\"https:\/\/apuntesdesanluis.com\/#\/schema\/person\/b55151d52296fcce64d1a72538a70b90\"},\"potentialAction\":[{\"@type\":\"SearchAction\",\"target\":{\"@type\":\"EntryPoint\",\"urlTemplate\":\"https:\/\/apuntesdesanluis.com\/?s={search_term_string}\"},\"query-input\":{\"@type\":\"PropertyValueSpecification\",\"valueRequired\":true,\"valueName\":\"search_term_string\"}}],\"inLanguage\":\"es-AR\"},{\"@type\":[\"Person\",\"Organization\"],\"@id\":\"https:\/\/apuntesdesanluis.com\/#\/schema\/person\/b55151d52296fcce64d1a72538a70b90\",\"name\":\"apuntesdesanluis.com\",\"image\":{\"@type\":\"ImageObject\",\"inLanguage\":\"es-AR\",\"@id\":\"https:\/\/apuntesdesanluis.com\/#\/schema\/person\/image\/\",\"url\":\"https:\/\/apuntesdesanluis.com\/wp-content\/uploads\/2023\/07\/cropped-apuntesdesanluis.png\",\"contentUrl\":\"https:\/\/apuntesdesanluis.com\/wp-content\/uploads\/2023\/07\/cropped-apuntesdesanluis.png\",\"width\":450,\"height\":112,\"caption\":\"apuntesdesanluis.com\"},\"logo\":{\"@id\":\"https:\/\/apuntesdesanluis.com\/#\/schema\/person\/image\/\"},\"sameAs\":[\"https:\/\/apuntesdesanluis.com\"],\"url\":\"https:\/\/apuntesdesanluis.com\/index.php\/author\/apuntesdesanluis-com\/\"}]}<\/script>\n<!-- \/ Yoast SEO plugin. -->","yoast_head_json":{"title":"GRAVE ACCIDENTE EN MOTO DE MARCOS \"EL CHINO\" MAIDANA - Apuntes de San Luis","robots":{"index":"index","follow":"follow","max-snippet":"max-snippet:-1","max-image-preview":"max-image-preview:large","max-video-preview":"max-video-preview:-1"},"canonical":"https:\/\/apuntesdesanluis.com\/index.php\/2025\/02\/18\/grave-accidente-en-moto-de-marcos-el-chino-maidana\/","og_locale":"es_ES","og_type":"article","og_title":"GRAVE ACCIDENTE EN MOTO DE MARCOS \"EL CHINO\" MAIDANA - Apuntes de San Luis","og_description":"El ex boxeador Marcos &#8220;El Chino&#8221; Maidana choc\u00f3 cuando conduc\u00eda su moto contra un auto...","og_url":"https:\/\/apuntesdesanluis.com\/index.php\/2025\/02\/18\/grave-accidente-en-moto-de-marcos-el-chino-maidana\/","og_site_name":"Apuntes de San Luis","article_published_time":"2025-02-18T22:23:46+00:00","og_image":[{"width":753,"height":490,"url":"https:\/\/apuntesdesanluis.com\/wp-content\/uploads\/2025\/02\/chino-maidana.png","type":"image\/png"}],"author":"apuntesdesanluis.com","twitter_card":"summary_large_image","twitter_misc":{"Escrito por":"apuntesdesanluis.com","Tiempo de lectura":"2 minutos"},"schema":{"@context":"https:\/\/schema.org","@graph":[{"@type":"Article","@id":"https:\/\/apuntesdesanluis.com\/index.php\/2025\/02\/18\/grave-accidente-en-moto-de-marcos-el-chino-maidana\/#article","isPartOf":{"@id":"https:\/\/apuntesdesanluis.com\/index.php\/2025\/02\/18\/grave-accidente-en-moto-de-marcos-el-chino-maidana\/"},"author":{"name":"apuntesdesanluis.com","@id":"https:\/\/apuntesdesanluis.com\/#\/schema\/person\/b55151d52296fcce64d1a72538a70b90"},"headline":"GRAVE ACCIDENTE EN MOTO DE MARCOS &#8220;EL CHINO&#8221; MAIDANA","datePublished":"2025-02-18T22:23:46+00:00","mainEntityOfPage":{"@id":"https:\/\/apuntesdesanluis.com\/index.php\/2025\/02\/18\/grave-accidente-en-moto-de-marcos-el-chino-maidana\/"},"wordCount":268,"publisher":{"@id":"https:\/\/apuntesdesanluis.com\/#\/schema\/person\/b55151d52296fcce64d1a72538a70b90"},"image":{"@id":"https:\/\/apuntesdesanluis.com\/index.php\/2025\/02\/18\/grave-accidente-en-moto-de-marcos-el-chino-maidana\/#primaryimage"},"thumbnailUrl":"https:\/\/apuntesdesanluis.com\/wp-content\/uploads\/2025\/02\/chino-maidana.png","articleSection":["Nacionales\/Internacionales"],"inLanguage":"es-AR"},{"@type":"WebPage","@id":"https:\/\/apuntesdesanluis.com\/index.php\/2025\/02\/18\/grave-accidente-en-moto-de-marcos-el-chino-maidana\/","url":"https:\/\/apuntesdesanluis.com\/index.php\/2025\/02\/18\/grave-accidente-en-moto-de-marcos-el-chino-maidana\/","name":"GRAVE ACCIDENTE EN MOTO DE MARCOS \"EL CHINO\" MAIDANA - Apuntes de San Luis","isPartOf":{"@id":"https:\/\/apuntesdesanluis.com\/#website"},"primaryImageOfPage":{"@id":"https:\/\/apuntesdesanluis.com\/index.php\/2025\/02\/18\/grave-accidente-en-moto-de-marcos-el-chino-maidana\/#primaryimage"},"image":{"@id":"https:\/\/apuntesdesanluis.com\/index.php\/2025\/02\/18\/grave-accidente-en-moto-de-marcos-el-chino-maidana\/#primaryimage"},"thumbnailUrl":"https:\/\/apuntesdesanluis.com\/wp-content\/uploads\/2025\/02\/chino-maidana.png","datePublished":"2025-02-18T22:23:46+00:00","breadcrumb":{"@id":"https:\/\/apuntesdesanluis.com\/index.php\/2025\/02\/18\/grave-accidente-en-moto-de-marcos-el-chino-maidana\/#breadcrumb"},"inLanguage":"es-AR","potentialAction":[{"@type":"ReadAction","target":["https:\/\/apuntesdesanluis.com\/index.php\/2025\/02\/18\/grave-accidente-en-moto-de-marcos-el-chino-maidana\/"]}]},{"@type":"ImageObject","inLanguage":"es-AR","@id":"https:\/\/apuntesdesanluis.com\/index.php\/2025\/02\/18\/grave-accidente-en-moto-de-marcos-el-chino-maidana\/#primaryimage","url":"https:\/\/apuntesdesanluis.com\/wp-content\/uploads\/2025\/02\/chino-maidana.png","contentUrl":"https:\/\/apuntesdesanluis.com\/wp-content\/uploads\/2025\/02\/chino-maidana.png","width":753,"height":490},{"@type":"BreadcrumbList","@id":"https:\/\/apuntesdesanluis.com\/index.php\/2025\/02\/18\/grave-accidente-en-moto-de-marcos-el-chino-maidana\/#breadcrumb","itemListElement":[{"@type":"ListItem","position":1,"name":"Inicio","item":"https:\/\/apuntesdesanluis.com\/"},{"@type":"ListItem","position":2,"name":"GRAVE ACCIDENTE EN MOTO DE MARCOS &#8220;EL CHINO&#8221; MAIDANA"}]},{"@type":"WebSite","@id":"https:\/\/apuntesdesanluis.com\/#website","url":"https:\/\/apuntesdesanluis.com\/","name":"Apuntes de San Luis","description":"","publisher":{"@id":"https:\/\/apuntesdesanluis.com\/#\/schema\/person\/b55151d52296fcce64d1a72538a70b90"},"potentialAction":[{"@type":"SearchAction","target":{"@type":"EntryPoint","urlTemplate":"https:\/\/apuntesdesanluis.com\/?s={search_term_string}"},"query-input":{"@type":"PropertyValueSpecification","valueRequired":true,"valueName":"search_term_string"}}],"inLanguage":"es-AR"},{"@type":["Person","Organization"],"@id":"https:\/\/apuntesdesanluis.com\/#\/schema\/person\/b55151d52296fcce64d1a72538a70b90","name":"apuntesdesanluis.com","image":{"@type":"ImageObject","inLanguage":"es-AR","@id":"https:\/\/apuntesdesanluis.com\/#\/schema\/person\/image\/","url":"https:\/\/apuntesdesanluis.com\/wp-content\/uploads\/2023\/07\/cropped-apuntesdesanluis.png","contentUrl":"https:\/\/apuntesdesanluis.com\/wp-content\/uploads\/2023\/07\/cropped-apuntesdesanluis.png","width":450,"height":112,"caption":"apuntesdesanluis.com"},"logo":{"@id":"https:\/\/apuntesdesanluis.com\/#\/schema\/person\/image\/"},"sameAs":["https:\/\/apuntesdesanluis.com"],"url":"https:\/\/apuntesdesanluis.com\/index.php\/author\/apuntesdesanluis-com\/"}]}},"featured_image_urls":{"full":["https:\/\/apuntesdesanluis.com\/wp-content\/uploads\/2025\/02\/chino-maidana.png",753,490,false],"thumbnail":["https:\/\/apuntesdesanluis.com\/wp-content\/uploads\/2025\/02\/chino-maidana-150x150.png",150,150,true],"medium":["https:\/\/apuntesdesanluis.com\/wp-content\/uploads\/2025\/02\/chino-maidana-300x195.png",300,195,true],"medium_large":["https:\/\/apuntesdesanluis.com\/wp-content\/uploads\/2025\/02\/chino-maidana.png",640,416,false],"large":["https:\/\/apuntesdesanluis.com\/wp-content\/uploads\/2025\/02\/chino-maidana.png",640,416,false],"1536x1536":["https:\/\/apuntesdesanluis.com\/wp-content\/uploads\/2025\/02\/chino-maidana.png",753,490,false],"2048x2048":["https:\/\/apuntesdesanluis.com\/wp-content\/uploads\/2025\/02\/chino-maidana.png",753,490,false],"newsever-slider-full":["https:\/\/apuntesdesanluis.com\/wp-content\/uploads\/2025\/02\/chino-maidana.png",753,490,false],"newsever-featured":["https:\/\/apuntesdesanluis.com\/wp-content\/uploads\/2025\/02\/chino-maidana.png",753,490,false],"newsever-medium":["https:\/\/apuntesdesanluis.com\/wp-content\/uploads\/2025\/02\/chino-maidana-720x475.png",720,475,true]},"author_info":{"display_name":"apuntesdesanluis.com","author_link":"https:\/\/apuntesdesanluis.com\/index.php\/author\/apuntesdesanluis-com\/"},"category_info":"<a href=\"https:\/\/apuntesdesanluis.com\/index.php\/category\/nacionales-internacionales\/\" rel=\"category tag\">Nacionales\/Internacionales<\/a>","tag_info":"Nacionales\/Internacionales","comment_count":"0","_links":{"self":[{"href":"https:\/\/apuntesdesanluis.com\/index.php\/wp-json\/wp\/v2\/posts\/29422","targetHints":{"allow":["GET"]}}],"collection":[{"href":"https:\/\/apuntesdesanluis.com\/index.php\/wp-json\/wp\/v2\/posts"}],"about":[{"href":"https:\/\/apuntesdesanluis.com\/index.php\/wp-json\/wp\/v2\/types\/post"}],"author":[{"embeddable":true,"href":"https:\/\/apuntesdesanluis.com\/index.php\/wp-json\/wp\/v2\/users\/1"}],"replies":[{"embeddable":true,"href":"https:\/\/apuntesdesanluis.com\/index.php\/wp-json\/wp\/v2\/comments?post=29422"}],"version-history":[{"count":1,"href":"https:\/\/apuntesdesanluis.com\/index.php\/wp-json\/wp\/v2\/posts\/29422\/revisions"}],"predecessor-version":[{"id":29426,"href":"https:\/\/apuntesdesanluis.com\/index.php\/wp-json\/wp\/v2\/posts\/29422\/revisions\/29426"}],"wp:featuredmedia":[{"embeddable":true,"href":"https:\/\/apuntesdesanluis.com\/index.php\/wp-json\/wp\/v2\/media\/29424"}],"wp:attachment":[{"href":"https:\/\/apuntesdesanluis.com\/index.php\/wp-json\/wp\/v2\/media?parent=29422"}],"wp:term":[{"taxonomy":"category","embeddable":true,"href":"https:\/\/apuntesdesanluis.com\/index.php\/wp-json\/wp\/v2\/categories?post=29422"},{"taxonomy":"post_tag","embeddable":true,"href":"https:\/\/apuntesdesanluis.com\/index.php\/wp-json\/wp\/v2\/tags?post=29422"}],"curies":[{"name":"wp","href":"https:\/\/api.w.org\/{rel}","templated":true}]}}