{"id":29489,"date":"2025-02-19T18:13:48","date_gmt":"2025-02-19T21:13:48","guid":{"rendered":"https:\/\/apuntesdesanluis.com\/?p=29489"},"modified":"2025-02-19T18:21:19","modified_gmt":"2025-02-19T21:21:19","slug":"el-lunes-comienza-el-juicio-a-la-pareja-acusada-de-matar-a-su-beba","status":"publish","type":"post","link":"https:\/\/apuntesdesanluis.com\/index.php\/2025\/02\/19\/el-lunes-comienza-el-juicio-a-la-pareja-acusada-de-matar-a-su-beba\/","title":{"rendered":"EL LUNES COMIENZA EL JUICIO A LA PAREJA ACUSADA DE MATAR A SU BEBA"},"content":{"rendered":"<h3>La Direcci\u00f3n del Colegio de Jueces de la Primera Circunscripci\u00f3n inform\u00f3 que el inicio del juicio contra <strong>Melanie Castro<\/strong> y su pareja <strong>Edgar S\u00e1nchez<\/strong> por el homicidio de una beba de 9 meses, se desarrollar\u00e1 del 24 al 28 de febrero desde las 8:30 horas.<\/h3>\n<h3>Adem\u00e1s, se produjo un cambio en la integraci\u00f3n del tribunal: el juez Ariel Parrillis, designado como segundo vocal, no podr\u00e1 intervenir en estas audiencias debido a su participaci\u00f3n en otro debate oral. En su lugar, se incorpor\u00f3 el juez <strong>Hugo Guillermo Saa Petrino<\/strong>, seg\u00fan el acta de sorteo correspondiente.<\/h3>\n<h3>El debate inicialmente estaba previsto para el 27 y 28 de febrero. Sin embargo, por la cantidad de testigos y la necesidad de m\u00e1s tiempo para el desarrollo del juicio, se aprovech\u00f3 la disponibilidad de fechas en la agenda judicial y se reprogramaron las audiencias.<\/h3>\n<h3><strong>LA CAUSA<\/strong><\/h3>\n<h3>S\u00e1nchez llega a juicio acusado de homicidio simple, con un pedido de condena de 20 a\u00f1os de prisi\u00f3n, mientras que Castro est\u00e1 imputada como autora de homicidio calificado agravado por el v\u00ednculo, en comisi\u00f3n por omisi\u00f3n, mediando circunstancias extraordinarias de atenuaci\u00f3n (art. 45, 80 inc. 1ro y \u00faltimo p\u00e1rr. del CP), con una solicitud de pena de 10 a\u00f1os. La v\u00edctima se llamaba <strong>Catalina<\/strong> y era hija de la mujer.<\/h3>\n<h3>La causa se inici\u00f3 la tarde del 8 de octubre de 2023, cuando la beb\u00e9 fue llevada por su madre al Hospital Cerro de la Cruz en un estado de desvanecimiento y sin signos vitales. Por este motivo, los m\u00e9dicos activaron el C\u00f3digo Rojo por el estado en el que se encontraba la ni\u00f1a y la trasladaron al Hospital Central. Ya en el Policl\u00ednico, el equipo de salud le hizo pr\u00e1cticas de reanimaci\u00f3n y una vez que constataron la fractura de cr\u00e1neo ordenaron su internaci\u00f3n en terapia intensiva.<\/h3>\n<h3>Una de las doctoras que la atendi\u00f3 inform\u00f3 que presentaba un edema cerebral, hematoma subdural en la cabeza, fractura de cr\u00e1neo, y un hematoma en el rostro, y otro en el pie derecho. Dicho diagn\u00f3stico fue coincidente con el que emiti\u00f3 horas m\u00e1s tarde el m\u00e9dico de terapia intensiva. Con el correr de los d\u00edas el cuadro de la beba empeor\u00f3 y el 15 de octubre falleci\u00f3.<\/h3>\n<h3>La m\u00e9dica forense del Poder Judicial, Marcela G\u00f3mez, determin\u00f3 que la ni\u00f1a sufri\u00f3 una muerte cerebral irreversible derivada de la fractura de cr\u00e1neo que padeciera y descart\u00f3 una ca\u00edda accidental de la cama como causa de la lesi\u00f3n. En su informe forense, G\u00f3mez adem\u00e1s advirti\u00f3 la presencia de una hemorragia en llamas en retina, como se dice en los t\u00e9rminos m\u00e9dicos, y que son circunstancias que caracterizan el maltrato infantil.<\/h3>\n<h3>S\u00e1nchez, de 34 a\u00f1os, y Castro, de 25, ten\u00edan una relaci\u00f3n sentimental desde hac\u00eda dos meses, pero solo se ve\u00edan los fines de semana en la vivienda que el hombre pose\u00eda en el barrio 208 Viviendas, donde ocurri\u00f3 el hecho. Para la progenitora, lo que sucedi\u00f3 ese domingo fue una ca\u00edda accidental.<\/h3>\n<h3>Para la fiscal\u00eda a cargo de la investigaci\u00f3n se trat\u00f3 de una \u201cfuerte ca\u00edda o fuerte impulso que termin\u00f3 provocando en la menor una fractura de cr\u00e1neo, que deriv\u00f3 en una hemorragia aguda cerebral y la muerte\u201d.<\/h3>\n<p>&nbsp;<\/p>\n<p>&nbsp;<\/p>\n<p>&nbsp;<\/p>\n<p>&nbsp;<\/p>\n<p>&nbsp;<\/p>\n<p>&nbsp;<\/p>\n","protected":false},"excerpt":{"rendered":"<p>La Direcci\u00f3n del Colegio de Jueces de la Primera Circunscripci\u00f3n inform\u00f3 que el inicio del&#8230;<\/p>\n","protected":false},"author":1,"featured_media":29490,"comment_status":"closed","ping_status":"closed","sticky":false,"template":"","format":"standard","meta":{"footnotes":""},"categories":[6],"tags":[],"class_list":["post-29489","post","type-post","status-publish","format-standard","has-post-thumbnail","hentry","category-ciudad-provincia"],"yoast_head":"<!-- This site is optimized with the Yoast SEO plugin v26.1.1 - https:\/\/yoast.com\/wordpress\/plugins\/seo\/ -->\n<title>EL LUNES COMIENZA EL JUICIO A LA PAREJA ACUSADA DE MATAR A SU BEBA - Apuntes de San Luis<\/title>\n<meta name=\"robots\" content=\"index, follow, max-snippet:-1, max-image-preview:large, max-video-preview:-1\" \/>\n<link rel=\"canonical\" href=\"https:\/\/apuntesdesanluis.com\/index.php\/2025\/02\/19\/el-lunes-comienza-el-juicio-a-la-pareja-acusada-de-matar-a-su-beba\/\" \/>\n<meta property=\"og:locale\" content=\"es_ES\" \/>\n<meta property=\"og:type\" content=\"article\" \/>\n<meta property=\"og:title\" content=\"EL LUNES COMIENZA EL JUICIO A LA PAREJA ACUSADA DE MATAR A SU BEBA - Apuntes de San Luis\" \/>\n<meta property=\"og:description\" content=\"La Direcci\u00f3n del Colegio de Jueces de la Primera Circunscripci\u00f3n inform\u00f3 que el inicio del...\" \/>\n<meta property=\"og:url\" content=\"https:\/\/apuntesdesanluis.com\/index.php\/2025\/02\/19\/el-lunes-comienza-el-juicio-a-la-pareja-acusada-de-matar-a-su-beba\/\" \/>\n<meta property=\"og:site_name\" content=\"Apuntes de San Luis\" \/>\n<meta property=\"article:published_time\" content=\"2025-02-19T21:13:48+00:00\" \/>\n<meta property=\"article:modified_time\" content=\"2025-02-19T21:21:19+00:00\" \/>\n<meta property=\"og:image\" content=\"https:\/\/apuntesdesanluis.com\/wp-content\/uploads\/2025\/02\/PAREJA-ACUSADA-DE-MATAR-A-SU-BEBA.png\" \/>\n\t<meta property=\"og:image:width\" content=\"761\" \/>\n\t<meta property=\"og:image:height\" content=\"514\" \/>\n\t<meta property=\"og:image:type\" content=\"image\/png\" \/>\n<meta name=\"author\" content=\"apuntesdesanluis.com\" \/>\n<meta name=\"twitter:card\" content=\"summary_large_image\" \/>\n<meta name=\"twitter:label1\" content=\"Escrito por\" \/>\n\t<meta name=\"twitter:data1\" content=\"apuntesdesanluis.com\" \/>\n\t<meta name=\"twitter:label2\" content=\"Tiempo de lectura\" \/>\n\t<meta name=\"twitter:data2\" content=\"3 minutos\" \/>\n<script type=\"application\/ld+json\" class=\"yoast-schema-graph\">{\"@context\":\"https:\/\/schema.org\",\"@graph\":[{\"@type\":\"Article\",\"@id\":\"https:\/\/apuntesdesanluis.com\/index.php\/2025\/02\/19\/el-lunes-comienza-el-juicio-a-la-pareja-acusada-de-matar-a-su-beba\/#article\",\"isPartOf\":{\"@id\":\"https:\/\/apuntesdesanluis.com\/index.php\/2025\/02\/19\/el-lunes-comienza-el-juicio-a-la-pareja-acusada-de-matar-a-su-beba\/\"},\"author\":{\"name\":\"apuntesdesanluis.com\",\"@id\":\"https:\/\/apuntesdesanluis.com\/#\/schema\/person\/b55151d52296fcce64d1a72538a70b90\"},\"headline\":\"EL LUNES COMIENZA EL JUICIO A LA PAREJA ACUSADA DE MATAR A SU BEBA\",\"datePublished\":\"2025-02-19T21:13:48+00:00\",\"dateModified\":\"2025-02-19T21:21:19+00:00\",\"mainEntityOfPage\":{\"@id\":\"https:\/\/apuntesdesanluis.com\/index.php\/2025\/02\/19\/el-lunes-comienza-el-juicio-a-la-pareja-acusada-de-matar-a-su-beba\/\"},\"wordCount\":582,\"publisher\":{\"@id\":\"https:\/\/apuntesdesanluis.com\/#\/schema\/person\/b55151d52296fcce64d1a72538a70b90\"},\"image\":{\"@id\":\"https:\/\/apuntesdesanluis.com\/index.php\/2025\/02\/19\/el-lunes-comienza-el-juicio-a-la-pareja-acusada-de-matar-a-su-beba\/#primaryimage\"},\"thumbnailUrl\":\"https:\/\/apuntesdesanluis.com\/wp-content\/uploads\/2025\/02\/PAREJA-ACUSADA-DE-MATAR-A-SU-BEBA.png\",\"articleSection\":[\"Ciudad\/Provincia\"],\"inLanguage\":\"es-AR\"},{\"@type\":\"WebPage\",\"@id\":\"https:\/\/apuntesdesanluis.com\/index.php\/2025\/02\/19\/el-lunes-comienza-el-juicio-a-la-pareja-acusada-de-matar-a-su-beba\/\",\"url\":\"https:\/\/apuntesdesanluis.com\/index.php\/2025\/02\/19\/el-lunes-comienza-el-juicio-a-la-pareja-acusada-de-matar-a-su-beba\/\",\"name\":\"EL LUNES COMIENZA EL JUICIO A LA PAREJA ACUSADA DE MATAR A SU BEBA - Apuntes de San Luis\",\"isPartOf\":{\"@id\":\"https:\/\/apuntesdesanluis.com\/#website\"},\"primaryImageOfPage\":{\"@id\":\"https:\/\/apuntesdesanluis.com\/index.php\/2025\/02\/19\/el-lunes-comienza-el-juicio-a-la-pareja-acusada-de-matar-a-su-beba\/#primaryimage\"},\"image\":{\"@id\":\"https:\/\/apuntesdesanluis.com\/index.php\/2025\/02\/19\/el-lunes-comienza-el-juicio-a-la-pareja-acusada-de-matar-a-su-beba\/#primaryimage\"},\"thumbnailUrl\":\"https:\/\/apuntesdesanluis.com\/wp-content\/uploads\/2025\/02\/PAREJA-ACUSADA-DE-MATAR-A-SU-BEBA.png\",\"datePublished\":\"2025-02-19T21:13:48+00:00\",\"dateModified\":\"2025-02-19T21:21:19+00:00\",\"breadcrumb\":{\"@id\":\"https:\/\/apuntesdesanluis.com\/index.php\/2025\/02\/19\/el-lunes-comienza-el-juicio-a-la-pareja-acusada-de-matar-a-su-beba\/#breadcrumb\"},\"inLanguage\":\"es-AR\",\"potentialAction\":[{\"@type\":\"ReadAction\",\"target\":[\"https:\/\/apuntesdesanluis.com\/index.php\/2025\/02\/19\/el-lunes-comienza-el-juicio-a-la-pareja-acusada-de-matar-a-su-beba\/\"]}]},{\"@type\":\"ImageObject\",\"inLanguage\":\"es-AR\",\"@id\":\"https:\/\/apuntesdesanluis.com\/index.php\/2025\/02\/19\/el-lunes-comienza-el-juicio-a-la-pareja-acusada-de-matar-a-su-beba\/#primaryimage\",\"url\":\"https:\/\/apuntesdesanluis.com\/wp-content\/uploads\/2025\/02\/PAREJA-ACUSADA-DE-MATAR-A-SU-BEBA.png\",\"contentUrl\":\"https:\/\/apuntesdesanluis.com\/wp-content\/uploads\/2025\/02\/PAREJA-ACUSADA-DE-MATAR-A-SU-BEBA.png\",\"width\":761,\"height\":514},{\"@type\":\"BreadcrumbList\",\"@id\":\"https:\/\/apuntesdesanluis.com\/index.php\/2025\/02\/19\/el-lunes-comienza-el-juicio-a-la-pareja-acusada-de-matar-a-su-beba\/#breadcrumb\",\"itemListElement\":[{\"@type\":\"ListItem\",\"position\":1,\"name\":\"Inicio\",\"item\":\"https:\/\/apuntesdesanluis.com\/\"},{\"@type\":\"ListItem\",\"position\":2,\"name\":\"EL LUNES COMIENZA EL JUICIO A LA PAREJA ACUSADA DE MATAR A SU BEBA\"}]},{\"@type\":\"WebSite\",\"@id\":\"https:\/\/apuntesdesanluis.com\/#website\",\"url\":\"https:\/\/apuntesdesanluis.com\/\",\"name\":\"Apuntes de San Luis\",\"description\":\"\",\"publisher\":{\"@id\":\"https:\/\/apuntesdesanluis.com\/#\/schema\/person\/b55151d52296fcce64d1a72538a70b90\"},\"potentialAction\":[{\"@type\":\"SearchAction\",\"target\":{\"@type\":\"EntryPoint\",\"urlTemplate\":\"https:\/\/apuntesdesanluis.com\/?s={search_term_string}\"},\"query-input\":{\"@type\":\"PropertyValueSpecification\",\"valueRequired\":true,\"valueName\":\"search_term_string\"}}],\"inLanguage\":\"es-AR\"},{\"@type\":[\"Person\",\"Organization\"],\"@id\":\"https:\/\/apuntesdesanluis.com\/#\/schema\/person\/b55151d52296fcce64d1a72538a70b90\",\"name\":\"apuntesdesanluis.com\",\"image\":{\"@type\":\"ImageObject\",\"inLanguage\":\"es-AR\",\"@id\":\"https:\/\/apuntesdesanluis.com\/#\/schema\/person\/image\/\",\"url\":\"https:\/\/apuntesdesanluis.com\/wp-content\/uploads\/2023\/07\/cropped-apuntesdesanluis.png\",\"contentUrl\":\"https:\/\/apuntesdesanluis.com\/wp-content\/uploads\/2023\/07\/cropped-apuntesdesanluis.png\",\"width\":450,\"height\":112,\"caption\":\"apuntesdesanluis.com\"},\"logo\":{\"@id\":\"https:\/\/apuntesdesanluis.com\/#\/schema\/person\/image\/\"},\"sameAs\":[\"https:\/\/apuntesdesanluis.com\"],\"url\":\"https:\/\/apuntesdesanluis.com\/index.php\/author\/apuntesdesanluis-com\/\"}]}<\/script>\n<!-- \/ Yoast SEO plugin. -->","yoast_head_json":{"title":"EL LUNES COMIENZA EL JUICIO A LA PAREJA ACUSADA DE MATAR A SU BEBA - Apuntes de San Luis","robots":{"index":"index","follow":"follow","max-snippet":"max-snippet:-1","max-image-preview":"max-image-preview:large","max-video-preview":"max-video-preview:-1"},"canonical":"https:\/\/apuntesdesanluis.com\/index.php\/2025\/02\/19\/el-lunes-comienza-el-juicio-a-la-pareja-acusada-de-matar-a-su-beba\/","og_locale":"es_ES","og_type":"article","og_title":"EL LUNES COMIENZA EL JUICIO A LA PAREJA ACUSADA DE MATAR A SU BEBA - Apuntes de San Luis","og_description":"La Direcci\u00f3n del Colegio de Jueces de la Primera Circunscripci\u00f3n inform\u00f3 que el inicio del...","og_url":"https:\/\/apuntesdesanluis.com\/index.php\/2025\/02\/19\/el-lunes-comienza-el-juicio-a-la-pareja-acusada-de-matar-a-su-beba\/","og_site_name":"Apuntes de San Luis","article_published_time":"2025-02-19T21:13:48+00:00","article_modified_time":"2025-02-19T21:21:19+00:00","og_image":[{"width":761,"height":514,"url":"https:\/\/apuntesdesanluis.com\/wp-content\/uploads\/2025\/02\/PAREJA-ACUSADA-DE-MATAR-A-SU-BEBA.png","type":"image\/png"}],"author":"apuntesdesanluis.com","twitter_card":"summary_large_image","twitter_misc":{"Escrito por":"apuntesdesanluis.com","Tiempo de lectura":"3 minutos"},"schema":{"@context":"https:\/\/schema.org","@graph":[{"@type":"Article","@id":"https:\/\/apuntesdesanluis.com\/index.php\/2025\/02\/19\/el-lunes-comienza-el-juicio-a-la-pareja-acusada-de-matar-a-su-beba\/#article","isPartOf":{"@id":"https:\/\/apuntesdesanluis.com\/index.php\/2025\/02\/19\/el-lunes-comienza-el-juicio-a-la-pareja-acusada-de-matar-a-su-beba\/"},"author":{"name":"apuntesdesanluis.com","@id":"https:\/\/apuntesdesanluis.com\/#\/schema\/person\/b55151d52296fcce64d1a72538a70b90"},"headline":"EL LUNES COMIENZA EL JUICIO A LA PAREJA ACUSADA DE MATAR A SU BEBA","datePublished":"2025-02-19T21:13:48+00:00","dateModified":"2025-02-19T21:21:19+00:00","mainEntityOfPage":{"@id":"https:\/\/apuntesdesanluis.com\/index.php\/2025\/02\/19\/el-lunes-comienza-el-juicio-a-la-pareja-acusada-de-matar-a-su-beba\/"},"wordCount":582,"publisher":{"@id":"https:\/\/apuntesdesanluis.com\/#\/schema\/person\/b55151d52296fcce64d1a72538a70b90"},"image":{"@id":"https:\/\/apuntesdesanluis.com\/index.php\/2025\/02\/19\/el-lunes-comienza-el-juicio-a-la-pareja-acusada-de-matar-a-su-beba\/#primaryimage"},"thumbnailUrl":"https:\/\/apuntesdesanluis.com\/wp-content\/uploads\/2025\/02\/PAREJA-ACUSADA-DE-MATAR-A-SU-BEBA.png","articleSection":["Ciudad\/Provincia"],"inLanguage":"es-AR"},{"@type":"WebPage","@id":"https:\/\/apuntesdesanluis.com\/index.php\/2025\/02\/19\/el-lunes-comienza-el-juicio-a-la-pareja-acusada-de-matar-a-su-beba\/","url":"https:\/\/apuntesdesanluis.com\/index.php\/2025\/02\/19\/el-lunes-comienza-el-juicio-a-la-pareja-acusada-de-matar-a-su-beba\/","name":"EL LUNES COMIENZA EL JUICIO A LA PAREJA ACUSADA DE MATAR A SU BEBA - Apuntes de San Luis","isPartOf":{"@id":"https:\/\/apuntesdesanluis.com\/#website"},"primaryImageOfPage":{"@id":"https:\/\/apuntesdesanluis.com\/index.php\/2025\/02\/19\/el-lunes-comienza-el-juicio-a-la-pareja-acusada-de-matar-a-su-beba\/#primaryimage"},"image":{"@id":"https:\/\/apuntesdesanluis.com\/index.php\/2025\/02\/19\/el-lunes-comienza-el-juicio-a-la-pareja-acusada-de-matar-a-su-beba\/#primaryimage"},"thumbnailUrl":"https:\/\/apuntesdesanluis.com\/wp-content\/uploads\/2025\/02\/PAREJA-ACUSADA-DE-MATAR-A-SU-BEBA.png","datePublished":"2025-02-19T21:13:48+00:00","dateModified":"2025-02-19T21:21:19+00:00","breadcrumb":{"@id":"https:\/\/apuntesdesanluis.com\/index.php\/2025\/02\/19\/el-lunes-comienza-el-juicio-a-la-pareja-acusada-de-matar-a-su-beba\/#breadcrumb"},"inLanguage":"es-AR","potentialAction":[{"@type":"ReadAction","target":["https:\/\/apuntesdesanluis.com\/index.php\/2025\/02\/19\/el-lunes-comienza-el-juicio-a-la-pareja-acusada-de-matar-a-su-beba\/"]}]},{"@type":"ImageObject","inLanguage":"es-AR","@id":"https:\/\/apuntesdesanluis.com\/index.php\/2025\/02\/19\/el-lunes-comienza-el-juicio-a-la-pareja-acusada-de-matar-a-su-beba\/#primaryimage","url":"https:\/\/apuntesdesanluis.com\/wp-content\/uploads\/2025\/02\/PAREJA-ACUSADA-DE-MATAR-A-SU-BEBA.png","contentUrl":"https:\/\/apuntesdesanluis.com\/wp-content\/uploads\/2025\/02\/PAREJA-ACUSADA-DE-MATAR-A-SU-BEBA.png","width":761,"height":514},{"@type":"BreadcrumbList","@id":"https:\/\/apuntesdesanluis.com\/index.php\/2025\/02\/19\/el-lunes-comienza-el-juicio-a-la-pareja-acusada-de-matar-a-su-beba\/#breadcrumb","itemListElement":[{"@type":"ListItem","position":1,"name":"Inicio","item":"https:\/\/apuntesdesanluis.com\/"},{"@type":"ListItem","position":2,"name":"EL LUNES COMIENZA EL JUICIO A LA PAREJA ACUSADA DE MATAR A SU BEBA"}]},{"@type":"WebSite","@id":"https:\/\/apuntesdesanluis.com\/#website","url":"https:\/\/apuntesdesanluis.com\/","name":"Apuntes de San Luis","description":"","publisher":{"@id":"https:\/\/apuntesdesanluis.com\/#\/schema\/person\/b55151d52296fcce64d1a72538a70b90"},"potentialAction":[{"@type":"SearchAction","target":{"@type":"EntryPoint","urlTemplate":"https:\/\/apuntesdesanluis.com\/?s={search_term_string}"},"query-input":{"@type":"PropertyValueSpecification","valueRequired":true,"valueName":"search_term_string"}}],"inLanguage":"es-AR"},{"@type":["Person","Organization"],"@id":"https:\/\/apuntesdesanluis.com\/#\/schema\/person\/b55151d52296fcce64d1a72538a70b90","name":"apuntesdesanluis.com","image":{"@type":"ImageObject","inLanguage":"es-AR","@id":"https:\/\/apuntesdesanluis.com\/#\/schema\/person\/image\/","url":"https:\/\/apuntesdesanluis.com\/wp-content\/uploads\/2023\/07\/cropped-apuntesdesanluis.png","contentUrl":"https:\/\/apuntesdesanluis.com\/wp-content\/uploads\/2023\/07\/cropped-apuntesdesanluis.png","width":450,"height":112,"caption":"apuntesdesanluis.com"},"logo":{"@id":"https:\/\/apuntesdesanluis.com\/#\/schema\/person\/image\/"},"sameAs":["https:\/\/apuntesdesanluis.com"],"url":"https:\/\/apuntesdesanluis.com\/index.php\/author\/apuntesdesanluis-com\/"}]}},"featured_image_urls":{"full":["https:\/\/apuntesdesanluis.com\/wp-content\/uploads\/2025\/02\/PAREJA-ACUSADA-DE-MATAR-A-SU-BEBA.png",761,514,false],"thumbnail":["https:\/\/apuntesdesanluis.com\/wp-content\/uploads\/2025\/02\/PAREJA-ACUSADA-DE-MATAR-A-SU-BEBA-150x150.png",150,150,true],"medium":["https:\/\/apuntesdesanluis.com\/wp-content\/uploads\/2025\/02\/PAREJA-ACUSADA-DE-MATAR-A-SU-BEBA-300x203.png",300,203,true],"medium_large":["https:\/\/apuntesdesanluis.com\/wp-content\/uploads\/2025\/02\/PAREJA-ACUSADA-DE-MATAR-A-SU-BEBA.png",640,432,false],"large":["https:\/\/apuntesdesanluis.com\/wp-content\/uploads\/2025\/02\/PAREJA-ACUSADA-DE-MATAR-A-SU-BEBA.png",640,432,false],"1536x1536":["https:\/\/apuntesdesanluis.com\/wp-content\/uploads\/2025\/02\/PAREJA-ACUSADA-DE-MATAR-A-SU-BEBA.png",761,514,false],"2048x2048":["https:\/\/apuntesdesanluis.com\/wp-content\/uploads\/2025\/02\/PAREJA-ACUSADA-DE-MATAR-A-SU-BEBA.png",761,514,false],"newsever-slider-full":["https:\/\/apuntesdesanluis.com\/wp-content\/uploads\/2025\/02\/PAREJA-ACUSADA-DE-MATAR-A-SU-BEBA.png",761,514,false],"newsever-featured":["https:\/\/apuntesdesanluis.com\/wp-content\/uploads\/2025\/02\/PAREJA-ACUSADA-DE-MATAR-A-SU-BEBA.png",761,514,false],"newsever-medium":["https:\/\/apuntesdesanluis.com\/wp-content\/uploads\/2025\/02\/PAREJA-ACUSADA-DE-MATAR-A-SU-BEBA-720x475.png",720,475,true]},"author_info":{"display_name":"apuntesdesanluis.com","author_link":"https:\/\/apuntesdesanluis.com\/index.php\/author\/apuntesdesanluis-com\/"},"category_info":"<a href=\"https:\/\/apuntesdesanluis.com\/index.php\/category\/ciudad-provincia\/\" rel=\"category tag\">Ciudad\/Provincia<\/a>","tag_info":"Ciudad\/Provincia","comment_count":"0","_links":{"self":[{"href":"https:\/\/apuntesdesanluis.com\/index.php\/wp-json\/wp\/v2\/posts\/29489","targetHints":{"allow":["GET"]}}],"collection":[{"href":"https:\/\/apuntesdesanluis.com\/index.php\/wp-json\/wp\/v2\/posts"}],"about":[{"href":"https:\/\/apuntesdesanluis.com\/index.php\/wp-json\/wp\/v2\/types\/post"}],"author":[{"embeddable":true,"href":"https:\/\/apuntesdesanluis.com\/index.php\/wp-json\/wp\/v2\/users\/1"}],"replies":[{"embeddable":true,"href":"https:\/\/apuntesdesanluis.com\/index.php\/wp-json\/wp\/v2\/comments?post=29489"}],"version-history":[{"count":2,"href":"https:\/\/apuntesdesanluis.com\/index.php\/wp-json\/wp\/v2\/posts\/29489\/revisions"}],"predecessor-version":[{"id":29492,"href":"https:\/\/apuntesdesanluis.com\/index.php\/wp-json\/wp\/v2\/posts\/29489\/revisions\/29492"}],"wp:featuredmedia":[{"embeddable":true,"href":"https:\/\/apuntesdesanluis.com\/index.php\/wp-json\/wp\/v2\/media\/29490"}],"wp:attachment":[{"href":"https:\/\/apuntesdesanluis.com\/index.php\/wp-json\/wp\/v2\/media?parent=29489"}],"wp:term":[{"taxonomy":"category","embeddable":true,"href":"https:\/\/apuntesdesanluis.com\/index.php\/wp-json\/wp\/v2\/categories?post=29489"},{"taxonomy":"post_tag","embeddable":true,"href":"https:\/\/apuntesdesanluis.com\/index.php\/wp-json\/wp\/v2\/tags?post=29489"}],"curies":[{"name":"wp","href":"https:\/\/api.w.org\/{rel}","templated":true}]}}