{"id":29493,"date":"2025-02-19T18:43:59","date_gmt":"2025-02-19T21:43:59","guid":{"rendered":"https:\/\/apuntesdesanluis.com\/?p=29493"},"modified":"2025-02-19T18:45:06","modified_gmt":"2025-02-19T21:45:06","slug":"el-programa-provincial-escritura-tu-casa-estara-en-la-punta","status":"publish","type":"post","link":"https:\/\/apuntesdesanluis.com\/index.php\/2025\/02\/19\/el-programa-provincial-escritura-tu-casa-estara-en-la-punta\/","title":{"rendered":"EL PROGRAMA PROVINCIAL \u201cESCRITURA TU CASA\u201d ESTAR\u00c1 EN LA PUNTA"},"content":{"rendered":"<h3>Este jueves 20 de febrero, desde las 19:00hs., se llevar\u00e1 a cabo una entrega de escrituras de viviendas en el Balneario Municipal de La Punta, bajo el programa \u201c<strong>Escritur\u00e1 tu Casa<\/strong>\u201d.<\/h3>\n<h3>La municipalidad inform\u00f3 que se espera la presencia del Gobernador de San Luis, <strong>Claudio Poggi.<\/strong><\/h3>\n<h3><strong> <img fetchpriority=\"high\" decoding=\"async\" class=\"wp-image-29495 aligncenter\" src=\"https:\/\/apuntesdesanluis.com\/wp-content\/uploads\/2025\/02\/escritura-tu-casa-300x300.png\" alt=\"\" width=\"423\" height=\"423\" srcset=\"https:\/\/apuntesdesanluis.com\/wp-content\/uploads\/2025\/02\/escritura-tu-casa-300x300.png 300w, https:\/\/apuntesdesanluis.com\/wp-content\/uploads\/2025\/02\/escritura-tu-casa-150x150.png 150w, https:\/\/apuntesdesanluis.com\/wp-content\/uploads\/2025\/02\/escritura-tu-casa.png 612w\" sizes=\"(max-width: 423px) 100vw, 423px\" \/><\/strong><\/h3>\n<h3><strong>CIERRE DEL TALLER MUNICIPAL DE NATACI\u00d3N 2025<\/strong><\/h3>\n<h3>La Municipalidad de La Punta invita a todos los vecinos a vivir el emocionante Cierre del Taller Municipal de Nataci\u00f3n 2025. Este evento se llevar\u00e1 a cabo este jueves desde las 10:00hs. en la pileta semiol\u00edmpica del Polideportivo \u201cManuel Garc\u00eda Ferr\u00e9\u201d.<\/h3>\n<h3><img decoding=\"async\" class=\"wp-image-29496 aligncenter\" src=\"https:\/\/apuntesdesanluis.com\/wp-content\/uploads\/2025\/02\/480537822_1192900839504444_7567923364122498567_n-291x300.jpg\" alt=\"\" width=\"526\" height=\"542\" srcset=\"https:\/\/apuntesdesanluis.com\/wp-content\/uploads\/2025\/02\/480537822_1192900839504444_7567923364122498567_n-291x300.jpg 291w, https:\/\/apuntesdesanluis.com\/wp-content\/uploads\/2025\/02\/480537822_1192900839504444_7567923364122498567_n.jpg 523w\" sizes=\"(max-width: 526px) 100vw, 526px\" \/><\/h3>\n<h3>Se podr\u00e1 disfrutar de una ma\u00f1ana llena de diversi\u00f3n y deporte, donde los participantes del mencionado espacio mostrar\u00e1n todo lo que han aprendido.<\/h3>\n<h3>La Secretar\u00eda de Deporte, Turismo y Cultura del municipio expresa su orgullo por haber ofrecido gratuitamente un lugar de aprendizaje y crecimiento para los vecinos, y espera que todos se unan a celebrar el \u00e9xito de este programa.<\/h3>\n<h3><strong>MANTENIMIENTO EN INSTITUCIONES EDUCATIVAS <\/strong><\/h3>\n<h3>El Departamento de Mantenimiento de Espacios P\u00fablicos y la Direcci\u00f3n de Higiene Urbana, dependientes de la Secretar\u00eda de Servicios P\u00fablicos de la Municipalidad de La Punta, est\u00e1n llevando a cabo tareas de arreglo y puesta en valor en todas las instituciones educativas de la ciudad con la mira puesta en el comienzo del ciclo lectivo 2025.<\/h3>\n<h3><img decoding=\"async\" class=\"wp-image-29497 aligncenter\" src=\"https:\/\/apuntesdesanluis.com\/wp-content\/uploads\/2025\/02\/480605713_1192093166251878_3350584521718029569_n-300x169.jpg\" alt=\"\" width=\"609\" height=\"343\" srcset=\"https:\/\/apuntesdesanluis.com\/wp-content\/uploads\/2025\/02\/480605713_1192093166251878_3350584521718029569_n-300x169.jpg 300w, https:\/\/apuntesdesanluis.com\/wp-content\/uploads\/2025\/02\/480605713_1192093166251878_3350584521718029569_n.jpg 600w\" sizes=\"(max-width: 609px) 100vw, 609px\" \/><\/h3>\n<p><img loading=\"lazy\" decoding=\"async\" class=\"wp-image-29498 aligncenter\" src=\"https:\/\/apuntesdesanluis.com\/wp-content\/uploads\/2025\/02\/481000937_1192093276251867_5072827288762704532_n-300x169.jpg\" alt=\"\" width=\"607\" height=\"342\" srcset=\"https:\/\/apuntesdesanluis.com\/wp-content\/uploads\/2025\/02\/481000937_1192093276251867_5072827288762704532_n-300x169.jpg 300w, https:\/\/apuntesdesanluis.com\/wp-content\/uploads\/2025\/02\/481000937_1192093276251867_5072827288762704532_n.jpg 600w\" sizes=\"(max-width: 607px) 100vw, 607px\" \/><\/p>\n<h3>Las acciones, que se desarrollaron en la Escuela N.\u00b0 434 y en la N.\u00b0 40 H\u00e9roes de Malvinas, consisten en pintada de cordones y de marcaciones en entradas escolares, junto al desmalezado interno.<\/h3>\n<h3><img loading=\"lazy\" decoding=\"async\" class=\"wp-image-29499 aligncenter\" src=\"https:\/\/apuntesdesanluis.com\/wp-content\/uploads\/2025\/02\/480446944_1192093222918539_5437026410881821405_n-300x169.jpg\" alt=\"\" width=\"605\" height=\"341\" srcset=\"https:\/\/apuntesdesanluis.com\/wp-content\/uploads\/2025\/02\/480446944_1192093222918539_5437026410881821405_n-300x169.jpg 300w, https:\/\/apuntesdesanluis.com\/wp-content\/uploads\/2025\/02\/480446944_1192093222918539_5437026410881821405_n.jpg 600w\" sizes=\"(max-width: 605px) 100vw, 605px\" \/><\/h3>\n<h3><strong>TARDES DE VERANO LLEGA A SU FINAL<\/strong><\/h3>\n<h3>El pr\u00f3ximo viernes, a partir de las 20:00hs., la comunidad de adultos mayores de la ciudad de La Punta despide el programa Tardes de Verano en el Polideportivo \u201cManuel Garc\u00eda Ferr\u00e9\u201d, con una fiesta de disfraces.<\/h3>\n<h3>\u00a1Se viene una fiesta tremenda!, anunci\u00f3 el municipio punte\u00f1o.<\/h3>\n<p><img loading=\"lazy\" decoding=\"async\" class=\"wp-image-29500 aligncenter\" src=\"https:\/\/apuntesdesanluis.com\/wp-content\/uploads\/2025\/02\/480415257_1192926992835162_275432608102223113_n-300x297.jpg\" alt=\"\" width=\"605\" height=\"599\" srcset=\"https:\/\/apuntesdesanluis.com\/wp-content\/uploads\/2025\/02\/480415257_1192926992835162_275432608102223113_n-300x297.jpg 300w, https:\/\/apuntesdesanluis.com\/wp-content\/uploads\/2025\/02\/480415257_1192926992835162_275432608102223113_n-150x150.jpg 150w, https:\/\/apuntesdesanluis.com\/wp-content\/uploads\/2025\/02\/480415257_1192926992835162_275432608102223113_n.jpg 526w\" sizes=\"(max-width: 605px) 100vw, 605px\" \/><\/p>\n<p>&nbsp;<\/p>\n<p>&nbsp;<\/p>\n<p>&nbsp;<\/p>\n","protected":false},"excerpt":{"rendered":"<p>Este jueves 20 de febrero, desde las 19:00hs., se llevar\u00e1 a cabo una entrega de&#8230;<\/p>\n","protected":false},"author":1,"featured_media":29494,"comment_status":"closed","ping_status":"closed","sticky":false,"template":"","format":"standard","meta":{"footnotes":""},"categories":[6],"tags":[],"class_list":["post-29493","post","type-post","status-publish","format-standard","has-post-thumbnail","hentry","category-ciudad-provincia"],"yoast_head":"<!-- This site is optimized with the Yoast SEO plugin v26.1.1 - https:\/\/yoast.com\/wordpress\/plugins\/seo\/ -->\n<title>EL PROGRAMA PROVINCIAL \u201cESCRITURA TU CASA\u201d ESTAR\u00c1 EN LA PUNTA - Apuntes de San Luis<\/title>\n<meta name=\"robots\" content=\"index, follow, max-snippet:-1, max-image-preview:large, max-video-preview:-1\" \/>\n<link rel=\"canonical\" href=\"https:\/\/apuntesdesanluis.com\/index.php\/2025\/02\/19\/el-programa-provincial-escritura-tu-casa-estara-en-la-punta\/\" \/>\n<meta property=\"og:locale\" content=\"es_ES\" \/>\n<meta property=\"og:type\" content=\"article\" \/>\n<meta property=\"og:title\" content=\"EL PROGRAMA PROVINCIAL \u201cESCRITURA TU CASA\u201d ESTAR\u00c1 EN LA PUNTA - Apuntes de San Luis\" \/>\n<meta property=\"og:description\" content=\"Este jueves 20 de febrero, desde las 19:00hs., se llevar\u00e1 a cabo una entrega de...\" \/>\n<meta property=\"og:url\" content=\"https:\/\/apuntesdesanluis.com\/index.php\/2025\/02\/19\/el-programa-provincial-escritura-tu-casa-estara-en-la-punta\/\" \/>\n<meta property=\"og:site_name\" content=\"Apuntes de San Luis\" \/>\n<meta property=\"article:published_time\" content=\"2025-02-19T21:43:59+00:00\" \/>\n<meta property=\"article:modified_time\" content=\"2025-02-19T21:45:06+00:00\" \/>\n<meta property=\"og:image\" content=\"https:\/\/apuntesdesanluis.com\/wp-content\/uploads\/2025\/02\/escritura.png\" \/>\n\t<meta property=\"og:image:width\" content=\"462\" \/>\n\t<meta property=\"og:image:height\" content=\"325\" \/>\n\t<meta property=\"og:image:type\" content=\"image\/png\" \/>\n<meta name=\"author\" content=\"apuntesdesanluis.com\" \/>\n<meta name=\"twitter:card\" content=\"summary_large_image\" \/>\n<meta name=\"twitter:label1\" content=\"Escrito por\" \/>\n\t<meta name=\"twitter:data1\" content=\"apuntesdesanluis.com\" \/>\n\t<meta name=\"twitter:label2\" content=\"Tiempo de lectura\" \/>\n\t<meta name=\"twitter:data2\" content=\"3 minutos\" \/>\n<script type=\"application\/ld+json\" class=\"yoast-schema-graph\">{\"@context\":\"https:\/\/schema.org\",\"@graph\":[{\"@type\":\"Article\",\"@id\":\"https:\/\/apuntesdesanluis.com\/index.php\/2025\/02\/19\/el-programa-provincial-escritura-tu-casa-estara-en-la-punta\/#article\",\"isPartOf\":{\"@id\":\"https:\/\/apuntesdesanluis.com\/index.php\/2025\/02\/19\/el-programa-provincial-escritura-tu-casa-estara-en-la-punta\/\"},\"author\":{\"name\":\"apuntesdesanluis.com\",\"@id\":\"https:\/\/apuntesdesanluis.com\/#\/schema\/person\/b55151d52296fcce64d1a72538a70b90\"},\"headline\":\"EL PROGRAMA PROVINCIAL \u201cESCRITURA TU CASA\u201d ESTAR\u00c1 EN LA PUNTA\",\"datePublished\":\"2025-02-19T21:43:59+00:00\",\"dateModified\":\"2025-02-19T21:45:06+00:00\",\"mainEntityOfPage\":{\"@id\":\"https:\/\/apuntesdesanluis.com\/index.php\/2025\/02\/19\/el-programa-provincial-escritura-tu-casa-estara-en-la-punta\/\"},\"wordCount\":324,\"publisher\":{\"@id\":\"https:\/\/apuntesdesanluis.com\/#\/schema\/person\/b55151d52296fcce64d1a72538a70b90\"},\"image\":{\"@id\":\"https:\/\/apuntesdesanluis.com\/index.php\/2025\/02\/19\/el-programa-provincial-escritura-tu-casa-estara-en-la-punta\/#primaryimage\"},\"thumbnailUrl\":\"https:\/\/apuntesdesanluis.com\/wp-content\/uploads\/2025\/02\/escritura.png\",\"articleSection\":[\"Ciudad\/Provincia\"],\"inLanguage\":\"es-AR\"},{\"@type\":\"WebPage\",\"@id\":\"https:\/\/apuntesdesanluis.com\/index.php\/2025\/02\/19\/el-programa-provincial-escritura-tu-casa-estara-en-la-punta\/\",\"url\":\"https:\/\/apuntesdesanluis.com\/index.php\/2025\/02\/19\/el-programa-provincial-escritura-tu-casa-estara-en-la-punta\/\",\"name\":\"EL PROGRAMA PROVINCIAL \u201cESCRITURA TU CASA\u201d ESTAR\u00c1 EN LA PUNTA - Apuntes de San Luis\",\"isPartOf\":{\"@id\":\"https:\/\/apuntesdesanluis.com\/#website\"},\"primaryImageOfPage\":{\"@id\":\"https:\/\/apuntesdesanluis.com\/index.php\/2025\/02\/19\/el-programa-provincial-escritura-tu-casa-estara-en-la-punta\/#primaryimage\"},\"image\":{\"@id\":\"https:\/\/apuntesdesanluis.com\/index.php\/2025\/02\/19\/el-programa-provincial-escritura-tu-casa-estara-en-la-punta\/#primaryimage\"},\"thumbnailUrl\":\"https:\/\/apuntesdesanluis.com\/wp-content\/uploads\/2025\/02\/escritura.png\",\"datePublished\":\"2025-02-19T21:43:59+00:00\",\"dateModified\":\"2025-02-19T21:45:06+00:00\",\"breadcrumb\":{\"@id\":\"https:\/\/apuntesdesanluis.com\/index.php\/2025\/02\/19\/el-programa-provincial-escritura-tu-casa-estara-en-la-punta\/#breadcrumb\"},\"inLanguage\":\"es-AR\",\"potentialAction\":[{\"@type\":\"ReadAction\",\"target\":[\"https:\/\/apuntesdesanluis.com\/index.php\/2025\/02\/19\/el-programa-provincial-escritura-tu-casa-estara-en-la-punta\/\"]}]},{\"@type\":\"ImageObject\",\"inLanguage\":\"es-AR\",\"@id\":\"https:\/\/apuntesdesanluis.com\/index.php\/2025\/02\/19\/el-programa-provincial-escritura-tu-casa-estara-en-la-punta\/#primaryimage\",\"url\":\"https:\/\/apuntesdesanluis.com\/wp-content\/uploads\/2025\/02\/escritura.png\",\"contentUrl\":\"https:\/\/apuntesdesanluis.com\/wp-content\/uploads\/2025\/02\/escritura.png\",\"width\":462,\"height\":325},{\"@type\":\"BreadcrumbList\",\"@id\":\"https:\/\/apuntesdesanluis.com\/index.php\/2025\/02\/19\/el-programa-provincial-escritura-tu-casa-estara-en-la-punta\/#breadcrumb\",\"itemListElement\":[{\"@type\":\"ListItem\",\"position\":1,\"name\":\"Inicio\",\"item\":\"https:\/\/apuntesdesanluis.com\/\"},{\"@type\":\"ListItem\",\"position\":2,\"name\":\"EL PROGRAMA PROVINCIAL \u201cESCRITURA TU CASA\u201d ESTAR\u00c1 EN LA PUNTA\"}]},{\"@type\":\"WebSite\",\"@id\":\"https:\/\/apuntesdesanluis.com\/#website\",\"url\":\"https:\/\/apuntesdesanluis.com\/\",\"name\":\"Apuntes de San Luis\",\"description\":\"\",\"publisher\":{\"@id\":\"https:\/\/apuntesdesanluis.com\/#\/schema\/person\/b55151d52296fcce64d1a72538a70b90\"},\"potentialAction\":[{\"@type\":\"SearchAction\",\"target\":{\"@type\":\"EntryPoint\",\"urlTemplate\":\"https:\/\/apuntesdesanluis.com\/?s={search_term_string}\"},\"query-input\":{\"@type\":\"PropertyValueSpecification\",\"valueRequired\":true,\"valueName\":\"search_term_string\"}}],\"inLanguage\":\"es-AR\"},{\"@type\":[\"Person\",\"Organization\"],\"@id\":\"https:\/\/apuntesdesanluis.com\/#\/schema\/person\/b55151d52296fcce64d1a72538a70b90\",\"name\":\"apuntesdesanluis.com\",\"image\":{\"@type\":\"ImageObject\",\"inLanguage\":\"es-AR\",\"@id\":\"https:\/\/apuntesdesanluis.com\/#\/schema\/person\/image\/\",\"url\":\"https:\/\/apuntesdesanluis.com\/wp-content\/uploads\/2023\/07\/cropped-apuntesdesanluis.png\",\"contentUrl\":\"https:\/\/apuntesdesanluis.com\/wp-content\/uploads\/2023\/07\/cropped-apuntesdesanluis.png\",\"width\":450,\"height\":112,\"caption\":\"apuntesdesanluis.com\"},\"logo\":{\"@id\":\"https:\/\/apuntesdesanluis.com\/#\/schema\/person\/image\/\"},\"sameAs\":[\"https:\/\/apuntesdesanluis.com\"],\"url\":\"https:\/\/apuntesdesanluis.com\/index.php\/author\/apuntesdesanluis-com\/\"}]}<\/script>\n<!-- \/ Yoast SEO plugin. -->","yoast_head_json":{"title":"EL PROGRAMA PROVINCIAL \u201cESCRITURA TU CASA\u201d ESTAR\u00c1 EN LA PUNTA - Apuntes de San Luis","robots":{"index":"index","follow":"follow","max-snippet":"max-snippet:-1","max-image-preview":"max-image-preview:large","max-video-preview":"max-video-preview:-1"},"canonical":"https:\/\/apuntesdesanluis.com\/index.php\/2025\/02\/19\/el-programa-provincial-escritura-tu-casa-estara-en-la-punta\/","og_locale":"es_ES","og_type":"article","og_title":"EL PROGRAMA PROVINCIAL \u201cESCRITURA TU CASA\u201d ESTAR\u00c1 EN LA PUNTA - Apuntes de San Luis","og_description":"Este jueves 20 de febrero, desde las 19:00hs., se llevar\u00e1 a cabo una entrega de...","og_url":"https:\/\/apuntesdesanluis.com\/index.php\/2025\/02\/19\/el-programa-provincial-escritura-tu-casa-estara-en-la-punta\/","og_site_name":"Apuntes de San Luis","article_published_time":"2025-02-19T21:43:59+00:00","article_modified_time":"2025-02-19T21:45:06+00:00","og_image":[{"width":462,"height":325,"url":"https:\/\/apuntesdesanluis.com\/wp-content\/uploads\/2025\/02\/escritura.png","type":"image\/png"}],"author":"apuntesdesanluis.com","twitter_card":"summary_large_image","twitter_misc":{"Escrito por":"apuntesdesanluis.com","Tiempo de lectura":"3 minutos"},"schema":{"@context":"https:\/\/schema.org","@graph":[{"@type":"Article","@id":"https:\/\/apuntesdesanluis.com\/index.php\/2025\/02\/19\/el-programa-provincial-escritura-tu-casa-estara-en-la-punta\/#article","isPartOf":{"@id":"https:\/\/apuntesdesanluis.com\/index.php\/2025\/02\/19\/el-programa-provincial-escritura-tu-casa-estara-en-la-punta\/"},"author":{"name":"apuntesdesanluis.com","@id":"https:\/\/apuntesdesanluis.com\/#\/schema\/person\/b55151d52296fcce64d1a72538a70b90"},"headline":"EL PROGRAMA PROVINCIAL \u201cESCRITURA TU CASA\u201d ESTAR\u00c1 EN LA PUNTA","datePublished":"2025-02-19T21:43:59+00:00","dateModified":"2025-02-19T21:45:06+00:00","mainEntityOfPage":{"@id":"https:\/\/apuntesdesanluis.com\/index.php\/2025\/02\/19\/el-programa-provincial-escritura-tu-casa-estara-en-la-punta\/"},"wordCount":324,"publisher":{"@id":"https:\/\/apuntesdesanluis.com\/#\/schema\/person\/b55151d52296fcce64d1a72538a70b90"},"image":{"@id":"https:\/\/apuntesdesanluis.com\/index.php\/2025\/02\/19\/el-programa-provincial-escritura-tu-casa-estara-en-la-punta\/#primaryimage"},"thumbnailUrl":"https:\/\/apuntesdesanluis.com\/wp-content\/uploads\/2025\/02\/escritura.png","articleSection":["Ciudad\/Provincia"],"inLanguage":"es-AR"},{"@type":"WebPage","@id":"https:\/\/apuntesdesanluis.com\/index.php\/2025\/02\/19\/el-programa-provincial-escritura-tu-casa-estara-en-la-punta\/","url":"https:\/\/apuntesdesanluis.com\/index.php\/2025\/02\/19\/el-programa-provincial-escritura-tu-casa-estara-en-la-punta\/","name":"EL PROGRAMA PROVINCIAL \u201cESCRITURA TU CASA\u201d ESTAR\u00c1 EN LA PUNTA - Apuntes de San Luis","isPartOf":{"@id":"https:\/\/apuntesdesanluis.com\/#website"},"primaryImageOfPage":{"@id":"https:\/\/apuntesdesanluis.com\/index.php\/2025\/02\/19\/el-programa-provincial-escritura-tu-casa-estara-en-la-punta\/#primaryimage"},"image":{"@id":"https:\/\/apuntesdesanluis.com\/index.php\/2025\/02\/19\/el-programa-provincial-escritura-tu-casa-estara-en-la-punta\/#primaryimage"},"thumbnailUrl":"https:\/\/apuntesdesanluis.com\/wp-content\/uploads\/2025\/02\/escritura.png","datePublished":"2025-02-19T21:43:59+00:00","dateModified":"2025-02-19T21:45:06+00:00","breadcrumb":{"@id":"https:\/\/apuntesdesanluis.com\/index.php\/2025\/02\/19\/el-programa-provincial-escritura-tu-casa-estara-en-la-punta\/#breadcrumb"},"inLanguage":"es-AR","potentialAction":[{"@type":"ReadAction","target":["https:\/\/apuntesdesanluis.com\/index.php\/2025\/02\/19\/el-programa-provincial-escritura-tu-casa-estara-en-la-punta\/"]}]},{"@type":"ImageObject","inLanguage":"es-AR","@id":"https:\/\/apuntesdesanluis.com\/index.php\/2025\/02\/19\/el-programa-provincial-escritura-tu-casa-estara-en-la-punta\/#primaryimage","url":"https:\/\/apuntesdesanluis.com\/wp-content\/uploads\/2025\/02\/escritura.png","contentUrl":"https:\/\/apuntesdesanluis.com\/wp-content\/uploads\/2025\/02\/escritura.png","width":462,"height":325},{"@type":"BreadcrumbList","@id":"https:\/\/apuntesdesanluis.com\/index.php\/2025\/02\/19\/el-programa-provincial-escritura-tu-casa-estara-en-la-punta\/#breadcrumb","itemListElement":[{"@type":"ListItem","position":1,"name":"Inicio","item":"https:\/\/apuntesdesanluis.com\/"},{"@type":"ListItem","position":2,"name":"EL PROGRAMA PROVINCIAL \u201cESCRITURA TU CASA\u201d ESTAR\u00c1 EN LA PUNTA"}]},{"@type":"WebSite","@id":"https:\/\/apuntesdesanluis.com\/#website","url":"https:\/\/apuntesdesanluis.com\/","name":"Apuntes de San Luis","description":"","publisher":{"@id":"https:\/\/apuntesdesanluis.com\/#\/schema\/person\/b55151d52296fcce64d1a72538a70b90"},"potentialAction":[{"@type":"SearchAction","target":{"@type":"EntryPoint","urlTemplate":"https:\/\/apuntesdesanluis.com\/?s={search_term_string}"},"query-input":{"@type":"PropertyValueSpecification","valueRequired":true,"valueName":"search_term_string"}}],"inLanguage":"es-AR"},{"@type":["Person","Organization"],"@id":"https:\/\/apuntesdesanluis.com\/#\/schema\/person\/b55151d52296fcce64d1a72538a70b90","name":"apuntesdesanluis.com","image":{"@type":"ImageObject","inLanguage":"es-AR","@id":"https:\/\/apuntesdesanluis.com\/#\/schema\/person\/image\/","url":"https:\/\/apuntesdesanluis.com\/wp-content\/uploads\/2023\/07\/cropped-apuntesdesanluis.png","contentUrl":"https:\/\/apuntesdesanluis.com\/wp-content\/uploads\/2023\/07\/cropped-apuntesdesanluis.png","width":450,"height":112,"caption":"apuntesdesanluis.com"},"logo":{"@id":"https:\/\/apuntesdesanluis.com\/#\/schema\/person\/image\/"},"sameAs":["https:\/\/apuntesdesanluis.com"],"url":"https:\/\/apuntesdesanluis.com\/index.php\/author\/apuntesdesanluis-com\/"}]}},"featured_image_urls":{"full":["https:\/\/apuntesdesanluis.com\/wp-content\/uploads\/2025\/02\/escritura.png",462,325,false],"thumbnail":["https:\/\/apuntesdesanluis.com\/wp-content\/uploads\/2025\/02\/escritura-150x150.png",150,150,true],"medium":["https:\/\/apuntesdesanluis.com\/wp-content\/uploads\/2025\/02\/escritura-300x211.png",300,211,true],"medium_large":["https:\/\/apuntesdesanluis.com\/wp-content\/uploads\/2025\/02\/escritura.png",462,325,false],"large":["https:\/\/apuntesdesanluis.com\/wp-content\/uploads\/2025\/02\/escritura.png",462,325,false],"1536x1536":["https:\/\/apuntesdesanluis.com\/wp-content\/uploads\/2025\/02\/escritura.png",462,325,false],"2048x2048":["https:\/\/apuntesdesanluis.com\/wp-content\/uploads\/2025\/02\/escritura.png",462,325,false],"newsever-slider-full":["https:\/\/apuntesdesanluis.com\/wp-content\/uploads\/2025\/02\/escritura.png",462,325,false],"newsever-featured":["https:\/\/apuntesdesanluis.com\/wp-content\/uploads\/2025\/02\/escritura.png",462,325,false],"newsever-medium":["https:\/\/apuntesdesanluis.com\/wp-content\/uploads\/2025\/02\/escritura.png",462,325,false]},"author_info":{"display_name":"apuntesdesanluis.com","author_link":"https:\/\/apuntesdesanluis.com\/index.php\/author\/apuntesdesanluis-com\/"},"category_info":"<a href=\"https:\/\/apuntesdesanluis.com\/index.php\/category\/ciudad-provincia\/\" rel=\"category tag\">Ciudad\/Provincia<\/a>","tag_info":"Ciudad\/Provincia","comment_count":"0","_links":{"self":[{"href":"https:\/\/apuntesdesanluis.com\/index.php\/wp-json\/wp\/v2\/posts\/29493","targetHints":{"allow":["GET"]}}],"collection":[{"href":"https:\/\/apuntesdesanluis.com\/index.php\/wp-json\/wp\/v2\/posts"}],"about":[{"href":"https:\/\/apuntesdesanluis.com\/index.php\/wp-json\/wp\/v2\/types\/post"}],"author":[{"embeddable":true,"href":"https:\/\/apuntesdesanluis.com\/index.php\/wp-json\/wp\/v2\/users\/1"}],"replies":[{"embeddable":true,"href":"https:\/\/apuntesdesanluis.com\/index.php\/wp-json\/wp\/v2\/comments?post=29493"}],"version-history":[{"count":6,"href":"https:\/\/apuntesdesanluis.com\/index.php\/wp-json\/wp\/v2\/posts\/29493\/revisions"}],"predecessor-version":[{"id":29506,"href":"https:\/\/apuntesdesanluis.com\/index.php\/wp-json\/wp\/v2\/posts\/29493\/revisions\/29506"}],"wp:featuredmedia":[{"embeddable":true,"href":"https:\/\/apuntesdesanluis.com\/index.php\/wp-json\/wp\/v2\/media\/29494"}],"wp:attachment":[{"href":"https:\/\/apuntesdesanluis.com\/index.php\/wp-json\/wp\/v2\/media?parent=29493"}],"wp:term":[{"taxonomy":"category","embeddable":true,"href":"https:\/\/apuntesdesanluis.com\/index.php\/wp-json\/wp\/v2\/categories?post=29493"},{"taxonomy":"post_tag","embeddable":true,"href":"https:\/\/apuntesdesanluis.com\/index.php\/wp-json\/wp\/v2\/tags?post=29493"}],"curies":[{"name":"wp","href":"https:\/\/api.w.org\/{rel}","templated":true}]}}