{"id":29507,"date":"2025-02-19T19:27:11","date_gmt":"2025-02-19T22:27:11","guid":{"rendered":"https:\/\/apuntesdesanluis.com\/?p=29507"},"modified":"2025-02-19T19:27:11","modified_gmt":"2025-02-19T22:27:11","slug":"la-upro-abre-las-inscripciones-para-el-nivel-iii-de-sus-tecnicaturas","status":"publish","type":"post","link":"https:\/\/apuntesdesanluis.com\/index.php\/2025\/02\/19\/la-upro-abre-las-inscripciones-para-el-nivel-iii-de-sus-tecnicaturas\/","title":{"rendered":"LA UPRO ABRE LAS INSCRIPCIONES PARA EL NIVEL III DE SUS TECNICATURAS"},"content":{"rendered":"<h3>Desde el <strong>24 de febrero hasta el 7 de marzo<\/strong>, la <strong>Universidad Provincial de Oficios Eva Per\u00f3n <\/strong>(UPrO) habilitar\u00e1 las inscripciones para el <strong>Nivel III de sus tecnicaturas<\/strong>. Los estudiantes que iniciaron su formaci\u00f3n en 2024 podr\u00e1n continuar su trayecto educativo en distintas sedes de la provincia.<\/h3>\n<h3>Uno de los principales objetivos para este ciclo lectivo es fortalecer la actividad acad\u00e9mica en las sedes del interior. En localidades como San Mart\u00edn, Buena Esperanza, Quines, Candelaria y La Calera, los estudiantes cursar\u00e1n dos d\u00edas a la semana y contar\u00e1n con transporte gratuito, gestionado en conjunto con los municipios. Esta medida busca promover la inclusi\u00f3n educativa y garantizar el acceso a la formaci\u00f3n t\u00e9cnica en toda la provincia.<\/h3>\n<h3>El rector de la UPrO, <strong>Rudy Camera<\/strong>, destac\u00f3 la importancia de estas acciones: \u201cEstamos consolidando nuestra presencia en el interior y mejorando la infraestructura para acompa\u00f1ar la creciente demanda. La educaci\u00f3n en oficios es clave para el desarrollo de San Luis y queremos garantizar que todos los estudiantes tengan las mismas oportunidades de formaci\u00f3n\u201d.<\/h3>\n<h3>Para responder a esta demanda, la UPrO est\u00e1 ejecutando obras de mejora en su infraestructura. En la sede central de Villa Mercedes se est\u00e1n acondicionando nuevos espacios para aulas y talleres, incluyendo un estudio de producci\u00f3n audiovisual para la carrera de Producci\u00f3n de Contenido Digital. Adem\u00e1s, se optimiz\u00f3 la distribuci\u00f3n de los talleres t\u00e9cnicos para mejorar la organizaci\u00f3n y seguridad en el uso de materiales y herramientas. Tambi\u00e9n se est\u00e1n realizando mejoras en los talleres de torner\u00eda, soldadura y otras \u00e1reas clave para potenciar la formaci\u00f3n pr\u00e1ctica de los estudiantes.<\/h3>\n<p><img fetchpriority=\"high\" decoding=\"async\" class=\"wp-image-29509 aligncenter\" src=\"https:\/\/apuntesdesanluis.com\/wp-content\/uploads\/2025\/02\/upro-238x300.png\" alt=\"\" width=\"514\" height=\"648\" srcset=\"https:\/\/apuntesdesanluis.com\/wp-content\/uploads\/2025\/02\/upro-238x300.png 238w, https:\/\/apuntesdesanluis.com\/wp-content\/uploads\/2025\/02\/upro.png 660w\" sizes=\"(max-width: 514px) 100vw, 514px\" \/><\/p>\n<h3>Las tecnicaturas disponibles para este nivel se dictar\u00e1n en las siguientes sedes:<\/h3>\n<h3><span style=\"color: #3366ff;\"><strong>SEDE VILLA MERCEDES<\/strong><\/span><\/h3>\n<h3>Tecnicatura en Electricista Avanzado.<\/h3>\n<h3>Tecnicatura en Soldador Avanzado.<\/h3>\n<h3>Tecnicatura en Dise\u00f1o y Mantenimiento de Energ\u00edas Renovables.<\/h3>\n<h3>Tecnicatura en Rob\u00f3tica con Orientaci\u00f3n en Inteligencia Artificial.<\/h3>\n<h3><span style=\"color: #3366ff;\"><strong>SEDE TERCERA ROTONDA<\/strong><\/span><\/h3>\n<h3>Tecnicatura en Electricista Avanzado.<\/h3>\n<h3><span style=\"color: #3366ff;\"><strong>SEDE CENTENARIO (EX SCAC)<\/strong><\/span><\/h3>\n<h3>Tecnicatura en Soldador Avanzado.<\/h3>\n<h3>Tecnicatura en Mec\u00e1nico Integral Avanzado.<\/h3>\n<h3><span style=\"color: #3366ff;\"><strong>SEDE MERLO<\/strong><\/span><\/h3>\n<h3>Tecnicatura en Electricista Avanzado.<\/h3>\n<h3>Los interesados en inscribirse pueden acercarse a las sedes correspondientes o consultar los requisitos a trav\u00e9s del WhatsApp <strong>+54 9 2657 262582<\/strong>; al mail <strong>info@uprosanluis.edu.ar<\/strong> o al tel\u00e9fono <strong>(02657) 0800-345-4222<\/strong>.<\/h3>\n<p>&nbsp;<\/p>\n<p>&nbsp;<\/p>\n<p>&nbsp;<\/p>\n<p>&nbsp;<\/p>\n<p>&nbsp;<\/p>\n<p>&nbsp;<\/p>\n<p>&nbsp;<\/p>\n<p>&nbsp;<\/p>\n","protected":false},"excerpt":{"rendered":"<p>Desde el 24 de febrero hasta el 7 de marzo, la Universidad Provincial de Oficios&#8230;<\/p>\n","protected":false},"author":1,"featured_media":29508,"comment_status":"closed","ping_status":"closed","sticky":false,"template":"","format":"standard","meta":{"footnotes":""},"categories":[6],"tags":[],"class_list":["post-29507","post","type-post","status-publish","format-standard","has-post-thumbnail","hentry","category-ciudad-provincia"],"yoast_head":"<!-- This site is optimized with the Yoast SEO plugin v26.1.1 - https:\/\/yoast.com\/wordpress\/plugins\/seo\/ -->\n<title>LA UPRO ABRE LAS INSCRIPCIONES PARA EL NIVEL III DE SUS TECNICATURAS - Apuntes de San Luis<\/title>\n<meta name=\"robots\" content=\"index, follow, max-snippet:-1, max-image-preview:large, max-video-preview:-1\" \/>\n<link rel=\"canonical\" href=\"https:\/\/apuntesdesanluis.com\/index.php\/2025\/02\/19\/la-upro-abre-las-inscripciones-para-el-nivel-iii-de-sus-tecnicaturas\/\" \/>\n<meta property=\"og:locale\" content=\"es_ES\" \/>\n<meta property=\"og:type\" content=\"article\" \/>\n<meta property=\"og:title\" content=\"LA UPRO ABRE LAS INSCRIPCIONES PARA EL NIVEL III DE SUS TECNICATURAS - Apuntes de San Luis\" \/>\n<meta property=\"og:description\" content=\"Desde el 24 de febrero hasta el 7 de marzo, la Universidad Provincial de Oficios...\" \/>\n<meta property=\"og:url\" content=\"https:\/\/apuntesdesanluis.com\/index.php\/2025\/02\/19\/la-upro-abre-las-inscripciones-para-el-nivel-iii-de-sus-tecnicaturas\/\" \/>\n<meta property=\"og:site_name\" content=\"Apuntes de San Luis\" \/>\n<meta property=\"article:published_time\" content=\"2025-02-19T22:27:11+00:00\" \/>\n<meta property=\"og:image\" content=\"https:\/\/apuntesdesanluis.com\/wp-content\/uploads\/2025\/02\/sede-upro.png\" \/>\n\t<meta property=\"og:image:width\" content=\"673\" \/>\n\t<meta property=\"og:image:height\" content=\"410\" \/>\n\t<meta property=\"og:image:type\" content=\"image\/png\" \/>\n<meta name=\"author\" content=\"apuntesdesanluis.com\" \/>\n<meta name=\"twitter:card\" content=\"summary_large_image\" \/>\n<meta name=\"twitter:label1\" content=\"Escrito por\" \/>\n\t<meta name=\"twitter:data1\" content=\"apuntesdesanluis.com\" \/>\n\t<meta name=\"twitter:label2\" content=\"Tiempo de lectura\" \/>\n\t<meta name=\"twitter:data2\" content=\"3 minutos\" \/>\n<script type=\"application\/ld+json\" class=\"yoast-schema-graph\">{\"@context\":\"https:\/\/schema.org\",\"@graph\":[{\"@type\":\"Article\",\"@id\":\"https:\/\/apuntesdesanluis.com\/index.php\/2025\/02\/19\/la-upro-abre-las-inscripciones-para-el-nivel-iii-de-sus-tecnicaturas\/#article\",\"isPartOf\":{\"@id\":\"https:\/\/apuntesdesanluis.com\/index.php\/2025\/02\/19\/la-upro-abre-las-inscripciones-para-el-nivel-iii-de-sus-tecnicaturas\/\"},\"author\":{\"name\":\"apuntesdesanluis.com\",\"@id\":\"https:\/\/apuntesdesanluis.com\/#\/schema\/person\/b55151d52296fcce64d1a72538a70b90\"},\"headline\":\"LA UPRO ABRE LAS INSCRIPCIONES PARA EL NIVEL III DE SUS TECNICATURAS\",\"datePublished\":\"2025-02-19T22:27:11+00:00\",\"mainEntityOfPage\":{\"@id\":\"https:\/\/apuntesdesanluis.com\/index.php\/2025\/02\/19\/la-upro-abre-las-inscripciones-para-el-nivel-iii-de-sus-tecnicaturas\/\"},\"wordCount\":405,\"publisher\":{\"@id\":\"https:\/\/apuntesdesanluis.com\/#\/schema\/person\/b55151d52296fcce64d1a72538a70b90\"},\"image\":{\"@id\":\"https:\/\/apuntesdesanluis.com\/index.php\/2025\/02\/19\/la-upro-abre-las-inscripciones-para-el-nivel-iii-de-sus-tecnicaturas\/#primaryimage\"},\"thumbnailUrl\":\"https:\/\/apuntesdesanluis.com\/wp-content\/uploads\/2025\/02\/sede-upro.png\",\"articleSection\":[\"Ciudad\/Provincia\"],\"inLanguage\":\"es-AR\"},{\"@type\":\"WebPage\",\"@id\":\"https:\/\/apuntesdesanluis.com\/index.php\/2025\/02\/19\/la-upro-abre-las-inscripciones-para-el-nivel-iii-de-sus-tecnicaturas\/\",\"url\":\"https:\/\/apuntesdesanluis.com\/index.php\/2025\/02\/19\/la-upro-abre-las-inscripciones-para-el-nivel-iii-de-sus-tecnicaturas\/\",\"name\":\"LA UPRO ABRE LAS INSCRIPCIONES PARA EL NIVEL III DE SUS TECNICATURAS - Apuntes de San Luis\",\"isPartOf\":{\"@id\":\"https:\/\/apuntesdesanluis.com\/#website\"},\"primaryImageOfPage\":{\"@id\":\"https:\/\/apuntesdesanluis.com\/index.php\/2025\/02\/19\/la-upro-abre-las-inscripciones-para-el-nivel-iii-de-sus-tecnicaturas\/#primaryimage\"},\"image\":{\"@id\":\"https:\/\/apuntesdesanluis.com\/index.php\/2025\/02\/19\/la-upro-abre-las-inscripciones-para-el-nivel-iii-de-sus-tecnicaturas\/#primaryimage\"},\"thumbnailUrl\":\"https:\/\/apuntesdesanluis.com\/wp-content\/uploads\/2025\/02\/sede-upro.png\",\"datePublished\":\"2025-02-19T22:27:11+00:00\",\"breadcrumb\":{\"@id\":\"https:\/\/apuntesdesanluis.com\/index.php\/2025\/02\/19\/la-upro-abre-las-inscripciones-para-el-nivel-iii-de-sus-tecnicaturas\/#breadcrumb\"},\"inLanguage\":\"es-AR\",\"potentialAction\":[{\"@type\":\"ReadAction\",\"target\":[\"https:\/\/apuntesdesanluis.com\/index.php\/2025\/02\/19\/la-upro-abre-las-inscripciones-para-el-nivel-iii-de-sus-tecnicaturas\/\"]}]},{\"@type\":\"ImageObject\",\"inLanguage\":\"es-AR\",\"@id\":\"https:\/\/apuntesdesanluis.com\/index.php\/2025\/02\/19\/la-upro-abre-las-inscripciones-para-el-nivel-iii-de-sus-tecnicaturas\/#primaryimage\",\"url\":\"https:\/\/apuntesdesanluis.com\/wp-content\/uploads\/2025\/02\/sede-upro.png\",\"contentUrl\":\"https:\/\/apuntesdesanluis.com\/wp-content\/uploads\/2025\/02\/sede-upro.png\",\"width\":673,\"height\":410},{\"@type\":\"BreadcrumbList\",\"@id\":\"https:\/\/apuntesdesanluis.com\/index.php\/2025\/02\/19\/la-upro-abre-las-inscripciones-para-el-nivel-iii-de-sus-tecnicaturas\/#breadcrumb\",\"itemListElement\":[{\"@type\":\"ListItem\",\"position\":1,\"name\":\"Inicio\",\"item\":\"https:\/\/apuntesdesanluis.com\/\"},{\"@type\":\"ListItem\",\"position\":2,\"name\":\"LA UPRO ABRE LAS INSCRIPCIONES PARA EL NIVEL III DE SUS TECNICATURAS\"}]},{\"@type\":\"WebSite\",\"@id\":\"https:\/\/apuntesdesanluis.com\/#website\",\"url\":\"https:\/\/apuntesdesanluis.com\/\",\"name\":\"Apuntes de San Luis\",\"description\":\"\",\"publisher\":{\"@id\":\"https:\/\/apuntesdesanluis.com\/#\/schema\/person\/b55151d52296fcce64d1a72538a70b90\"},\"potentialAction\":[{\"@type\":\"SearchAction\",\"target\":{\"@type\":\"EntryPoint\",\"urlTemplate\":\"https:\/\/apuntesdesanluis.com\/?s={search_term_string}\"},\"query-input\":{\"@type\":\"PropertyValueSpecification\",\"valueRequired\":true,\"valueName\":\"search_term_string\"}}],\"inLanguage\":\"es-AR\"},{\"@type\":[\"Person\",\"Organization\"],\"@id\":\"https:\/\/apuntesdesanluis.com\/#\/schema\/person\/b55151d52296fcce64d1a72538a70b90\",\"name\":\"apuntesdesanluis.com\",\"image\":{\"@type\":\"ImageObject\",\"inLanguage\":\"es-AR\",\"@id\":\"https:\/\/apuntesdesanluis.com\/#\/schema\/person\/image\/\",\"url\":\"https:\/\/apuntesdesanluis.com\/wp-content\/uploads\/2023\/07\/cropped-apuntesdesanluis.png\",\"contentUrl\":\"https:\/\/apuntesdesanluis.com\/wp-content\/uploads\/2023\/07\/cropped-apuntesdesanluis.png\",\"width\":450,\"height\":112,\"caption\":\"apuntesdesanluis.com\"},\"logo\":{\"@id\":\"https:\/\/apuntesdesanluis.com\/#\/schema\/person\/image\/\"},\"sameAs\":[\"https:\/\/apuntesdesanluis.com\"],\"url\":\"https:\/\/apuntesdesanluis.com\/index.php\/author\/apuntesdesanluis-com\/\"}]}<\/script>\n<!-- \/ Yoast SEO plugin. -->","yoast_head_json":{"title":"LA UPRO ABRE LAS INSCRIPCIONES PARA EL NIVEL III DE SUS TECNICATURAS - Apuntes de San Luis","robots":{"index":"index","follow":"follow","max-snippet":"max-snippet:-1","max-image-preview":"max-image-preview:large","max-video-preview":"max-video-preview:-1"},"canonical":"https:\/\/apuntesdesanluis.com\/index.php\/2025\/02\/19\/la-upro-abre-las-inscripciones-para-el-nivel-iii-de-sus-tecnicaturas\/","og_locale":"es_ES","og_type":"article","og_title":"LA UPRO ABRE LAS INSCRIPCIONES PARA EL NIVEL III DE SUS TECNICATURAS - Apuntes de San Luis","og_description":"Desde el 24 de febrero hasta el 7 de marzo, la Universidad Provincial de Oficios...","og_url":"https:\/\/apuntesdesanluis.com\/index.php\/2025\/02\/19\/la-upro-abre-las-inscripciones-para-el-nivel-iii-de-sus-tecnicaturas\/","og_site_name":"Apuntes de San Luis","article_published_time":"2025-02-19T22:27:11+00:00","og_image":[{"width":673,"height":410,"url":"https:\/\/apuntesdesanluis.com\/wp-content\/uploads\/2025\/02\/sede-upro.png","type":"image\/png"}],"author":"apuntesdesanluis.com","twitter_card":"summary_large_image","twitter_misc":{"Escrito por":"apuntesdesanluis.com","Tiempo de lectura":"3 minutos"},"schema":{"@context":"https:\/\/schema.org","@graph":[{"@type":"Article","@id":"https:\/\/apuntesdesanluis.com\/index.php\/2025\/02\/19\/la-upro-abre-las-inscripciones-para-el-nivel-iii-de-sus-tecnicaturas\/#article","isPartOf":{"@id":"https:\/\/apuntesdesanluis.com\/index.php\/2025\/02\/19\/la-upro-abre-las-inscripciones-para-el-nivel-iii-de-sus-tecnicaturas\/"},"author":{"name":"apuntesdesanluis.com","@id":"https:\/\/apuntesdesanluis.com\/#\/schema\/person\/b55151d52296fcce64d1a72538a70b90"},"headline":"LA UPRO ABRE LAS INSCRIPCIONES PARA EL NIVEL III DE SUS TECNICATURAS","datePublished":"2025-02-19T22:27:11+00:00","mainEntityOfPage":{"@id":"https:\/\/apuntesdesanluis.com\/index.php\/2025\/02\/19\/la-upro-abre-las-inscripciones-para-el-nivel-iii-de-sus-tecnicaturas\/"},"wordCount":405,"publisher":{"@id":"https:\/\/apuntesdesanluis.com\/#\/schema\/person\/b55151d52296fcce64d1a72538a70b90"},"image":{"@id":"https:\/\/apuntesdesanluis.com\/index.php\/2025\/02\/19\/la-upro-abre-las-inscripciones-para-el-nivel-iii-de-sus-tecnicaturas\/#primaryimage"},"thumbnailUrl":"https:\/\/apuntesdesanluis.com\/wp-content\/uploads\/2025\/02\/sede-upro.png","articleSection":["Ciudad\/Provincia"],"inLanguage":"es-AR"},{"@type":"WebPage","@id":"https:\/\/apuntesdesanluis.com\/index.php\/2025\/02\/19\/la-upro-abre-las-inscripciones-para-el-nivel-iii-de-sus-tecnicaturas\/","url":"https:\/\/apuntesdesanluis.com\/index.php\/2025\/02\/19\/la-upro-abre-las-inscripciones-para-el-nivel-iii-de-sus-tecnicaturas\/","name":"LA UPRO ABRE LAS INSCRIPCIONES PARA EL NIVEL III DE SUS TECNICATURAS - Apuntes de San Luis","isPartOf":{"@id":"https:\/\/apuntesdesanluis.com\/#website"},"primaryImageOfPage":{"@id":"https:\/\/apuntesdesanluis.com\/index.php\/2025\/02\/19\/la-upro-abre-las-inscripciones-para-el-nivel-iii-de-sus-tecnicaturas\/#primaryimage"},"image":{"@id":"https:\/\/apuntesdesanluis.com\/index.php\/2025\/02\/19\/la-upro-abre-las-inscripciones-para-el-nivel-iii-de-sus-tecnicaturas\/#primaryimage"},"thumbnailUrl":"https:\/\/apuntesdesanluis.com\/wp-content\/uploads\/2025\/02\/sede-upro.png","datePublished":"2025-02-19T22:27:11+00:00","breadcrumb":{"@id":"https:\/\/apuntesdesanluis.com\/index.php\/2025\/02\/19\/la-upro-abre-las-inscripciones-para-el-nivel-iii-de-sus-tecnicaturas\/#breadcrumb"},"inLanguage":"es-AR","potentialAction":[{"@type":"ReadAction","target":["https:\/\/apuntesdesanluis.com\/index.php\/2025\/02\/19\/la-upro-abre-las-inscripciones-para-el-nivel-iii-de-sus-tecnicaturas\/"]}]},{"@type":"ImageObject","inLanguage":"es-AR","@id":"https:\/\/apuntesdesanluis.com\/index.php\/2025\/02\/19\/la-upro-abre-las-inscripciones-para-el-nivel-iii-de-sus-tecnicaturas\/#primaryimage","url":"https:\/\/apuntesdesanluis.com\/wp-content\/uploads\/2025\/02\/sede-upro.png","contentUrl":"https:\/\/apuntesdesanluis.com\/wp-content\/uploads\/2025\/02\/sede-upro.png","width":673,"height":410},{"@type":"BreadcrumbList","@id":"https:\/\/apuntesdesanluis.com\/index.php\/2025\/02\/19\/la-upro-abre-las-inscripciones-para-el-nivel-iii-de-sus-tecnicaturas\/#breadcrumb","itemListElement":[{"@type":"ListItem","position":1,"name":"Inicio","item":"https:\/\/apuntesdesanluis.com\/"},{"@type":"ListItem","position":2,"name":"LA UPRO ABRE LAS INSCRIPCIONES PARA EL NIVEL III DE SUS TECNICATURAS"}]},{"@type":"WebSite","@id":"https:\/\/apuntesdesanluis.com\/#website","url":"https:\/\/apuntesdesanluis.com\/","name":"Apuntes de San Luis","description":"","publisher":{"@id":"https:\/\/apuntesdesanluis.com\/#\/schema\/person\/b55151d52296fcce64d1a72538a70b90"},"potentialAction":[{"@type":"SearchAction","target":{"@type":"EntryPoint","urlTemplate":"https:\/\/apuntesdesanluis.com\/?s={search_term_string}"},"query-input":{"@type":"PropertyValueSpecification","valueRequired":true,"valueName":"search_term_string"}}],"inLanguage":"es-AR"},{"@type":["Person","Organization"],"@id":"https:\/\/apuntesdesanluis.com\/#\/schema\/person\/b55151d52296fcce64d1a72538a70b90","name":"apuntesdesanluis.com","image":{"@type":"ImageObject","inLanguage":"es-AR","@id":"https:\/\/apuntesdesanluis.com\/#\/schema\/person\/image\/","url":"https:\/\/apuntesdesanluis.com\/wp-content\/uploads\/2023\/07\/cropped-apuntesdesanluis.png","contentUrl":"https:\/\/apuntesdesanluis.com\/wp-content\/uploads\/2023\/07\/cropped-apuntesdesanluis.png","width":450,"height":112,"caption":"apuntesdesanluis.com"},"logo":{"@id":"https:\/\/apuntesdesanluis.com\/#\/schema\/person\/image\/"},"sameAs":["https:\/\/apuntesdesanluis.com"],"url":"https:\/\/apuntesdesanluis.com\/index.php\/author\/apuntesdesanluis-com\/"}]}},"featured_image_urls":{"full":["https:\/\/apuntesdesanluis.com\/wp-content\/uploads\/2025\/02\/sede-upro.png",673,410,false],"thumbnail":["https:\/\/apuntesdesanluis.com\/wp-content\/uploads\/2025\/02\/sede-upro-150x150.png",150,150,true],"medium":["https:\/\/apuntesdesanluis.com\/wp-content\/uploads\/2025\/02\/sede-upro-300x183.png",300,183,true],"medium_large":["https:\/\/apuntesdesanluis.com\/wp-content\/uploads\/2025\/02\/sede-upro.png",640,390,false],"large":["https:\/\/apuntesdesanluis.com\/wp-content\/uploads\/2025\/02\/sede-upro.png",640,390,false],"1536x1536":["https:\/\/apuntesdesanluis.com\/wp-content\/uploads\/2025\/02\/sede-upro.png",673,410,false],"2048x2048":["https:\/\/apuntesdesanluis.com\/wp-content\/uploads\/2025\/02\/sede-upro.png",673,410,false],"newsever-slider-full":["https:\/\/apuntesdesanluis.com\/wp-content\/uploads\/2025\/02\/sede-upro.png",673,410,false],"newsever-featured":["https:\/\/apuntesdesanluis.com\/wp-content\/uploads\/2025\/02\/sede-upro.png",673,410,false],"newsever-medium":["https:\/\/apuntesdesanluis.com\/wp-content\/uploads\/2025\/02\/sede-upro.png",673,410,false]},"author_info":{"display_name":"apuntesdesanluis.com","author_link":"https:\/\/apuntesdesanluis.com\/index.php\/author\/apuntesdesanluis-com\/"},"category_info":"<a href=\"https:\/\/apuntesdesanluis.com\/index.php\/category\/ciudad-provincia\/\" rel=\"category tag\">Ciudad\/Provincia<\/a>","tag_info":"Ciudad\/Provincia","comment_count":"0","_links":{"self":[{"href":"https:\/\/apuntesdesanluis.com\/index.php\/wp-json\/wp\/v2\/posts\/29507","targetHints":{"allow":["GET"]}}],"collection":[{"href":"https:\/\/apuntesdesanluis.com\/index.php\/wp-json\/wp\/v2\/posts"}],"about":[{"href":"https:\/\/apuntesdesanluis.com\/index.php\/wp-json\/wp\/v2\/types\/post"}],"author":[{"embeddable":true,"href":"https:\/\/apuntesdesanluis.com\/index.php\/wp-json\/wp\/v2\/users\/1"}],"replies":[{"embeddable":true,"href":"https:\/\/apuntesdesanluis.com\/index.php\/wp-json\/wp\/v2\/comments?post=29507"}],"version-history":[{"count":1,"href":"https:\/\/apuntesdesanluis.com\/index.php\/wp-json\/wp\/v2\/posts\/29507\/revisions"}],"predecessor-version":[{"id":29510,"href":"https:\/\/apuntesdesanluis.com\/index.php\/wp-json\/wp\/v2\/posts\/29507\/revisions\/29510"}],"wp:featuredmedia":[{"embeddable":true,"href":"https:\/\/apuntesdesanluis.com\/index.php\/wp-json\/wp\/v2\/media\/29508"}],"wp:attachment":[{"href":"https:\/\/apuntesdesanluis.com\/index.php\/wp-json\/wp\/v2\/media?parent=29507"}],"wp:term":[{"taxonomy":"category","embeddable":true,"href":"https:\/\/apuntesdesanluis.com\/index.php\/wp-json\/wp\/v2\/categories?post=29507"},{"taxonomy":"post_tag","embeddable":true,"href":"https:\/\/apuntesdesanluis.com\/index.php\/wp-json\/wp\/v2\/tags?post=29507"}],"curies":[{"name":"wp","href":"https:\/\/api.w.org\/{rel}","templated":true}]}}