{"id":29511,"date":"2025-02-19T19:38:52","date_gmt":"2025-02-19T22:38:52","guid":{"rendered":"https:\/\/apuntesdesanluis.com\/?p=29511"},"modified":"2025-02-19T19:39:58","modified_gmt":"2025-02-19T22:39:58","slug":"ingreso-2025-a-la-fcejs-la-preinscripcion-on-line-se-extendio-hasta-el-14-de-marzo","status":"publish","type":"post","link":"https:\/\/apuntesdesanluis.com\/index.php\/2025\/02\/19\/ingreso-2025-a-la-fcejs-la-preinscripcion-on-line-se-extendio-hasta-el-14-de-marzo\/","title":{"rendered":"INGRESO 2025 A LA FCEJS: EXTIENDEN PREINSCRIPCI\u00d3N ON-LINE HASTA EL 14 DE MARZO"},"content":{"rendered":"<h3>La Secretar\u00eda Acad\u00e9mica informa a todos los ingresantes, que la instancia de Preinscripci\u00f3n On- line ha sido prorrogada hasta el viernes <strong>14 de marzo<\/strong> de 2025 para todas las carreras de la <strong>Facultad de Ciencias Econ\u00f3micas Jur\u00eddicas y Sociales (FCEJS-UNSL)<\/strong>.<\/h3>\n<h3><strong>\u00bfC\u00f3mo me preinscribo?<\/strong><\/h3>\n<h3>Quienes deseen ser parte de la UNSL deber\u00e1n seguir unos simples pasos: en primer lugar elegir una carrera, luego realizar la preinscripci\u00f3n online y finalmente, presentar la documentaci\u00f3n (en las fechas informadas oportunamente por cada Facultad).<\/h3>\n<h3>Para ello, deber\u00e1n ingresar a la p\u00e1gina de carreras de la UNSL. All\u00ed, tendr\u00e1n que seleccionar la Facultad en la que iniciar\u00e1n su vida universitaria. Como pr\u00f3ximo paso ser\u00e1 necesario que creen un usuario. Para ello, es necesario que coloquen un email y una contrase\u00f1a sencilla, ya que solo les servir\u00e1 para completar este proceso. Al finalizar, les llegar\u00e1 un email de confirmaci\u00f3n al correo electr\u00f3nico.<\/h3>\n<h3>Luego, deber\u00e1n llenar el formulario de preinscripci\u00f3n con todos los datos solicitados. En la ficha tendr\u00e1n que completar los datos requeridos y subir los requisitos solicitados (DNI en PDF o imagen, certificado de finalizaci\u00f3n de estudios o que adeudan tres (3) materias como m\u00e1ximo y la foto 4\u00d74). Este paso podr\u00e1 ser realizado en diferentes etapas. Una vez finalizado el formulario, se les descargar\u00e1 una declaraci\u00f3n jurada, que deber\u00e1n firmar y llevar al momento de presentar la documentaci\u00f3n.<\/h3>\n<h3><strong>\u00bfQu\u00e9 documentaci\u00f3n debo presentar?<\/strong><\/h3>\n<h3>La recepci\u00f3n de documentaci\u00f3n en cada una de las Facultades inici\u00f3 el pasado 16 de diciembre. A partir de ese momento se debe presentar:<\/h3>\n<h3>Formulario de preinscripci\u00f3n online, completo e impreso.<\/h3>\n<ul>\n<li>\n<h3>Fotocopia color del documento de identidad, con el \u00faltimo domicilio vigente.<\/h3>\n<\/li>\n<li>\n<h3>Comprobante de finalizaci\u00f3n de estudios secundarios. Si fuese necesario indicar materias adeudadas (no m\u00e1s de tres (3)).<\/h3>\n<\/li>\n<li>\n<h3>Partida o acta de nacimiento (los datos de la misma deben coincidir con el documento).<\/h3>\n<\/li>\n<li>\n<h3>Dos (2) fotos 4 x 4.<\/h3>\n<\/li>\n<li>\n<h3>Certificado de salud.<\/h3>\n<\/li>\n<\/ul>\n<h3><strong>\u00bfQu\u00e9 debo saber sobre el certificado de salud?<\/strong><\/h3>\n<h3>El mismo podr\u00e1 ser emitido por el Centro de Salud Estudiantil de la sede donde reside la Facultad; o por una entidad p\u00fablica. Para que el certificado pueda ser emitido, deber\u00e1n presentarse los siguientes estudios m\u00e9dicos: hemograma completo, glucemia, colesterol total, VDRL, VSG (eritrosedimentaci\u00f3n), chagas, grupo y factor sangu\u00edneo, orina completa.<\/h3>\n<h3>Quienes acudan a los Centros de Salud Estudiantil de la UNSL, podr\u00e1n hacerlo en:<\/h3>\n<h3>\u2013 <strong>San Luis:<\/strong> Centro de Salud Estudiantil Universitaria (CeSEU) \u2013 Rivadavia 1359.<\/h3>\n<h3>\u2013 <strong>Villa Mercedes:<\/strong> Centro Universitario de Salud Estudiantil (CUSE) \u2013 Jun\u00edn 269.<\/h3>\n<h3>Los estudios realizados por entidades p\u00fablicas, deber\u00e1n ser visados por el Centro de Salud Estudiantil de la sede donde reside la Facultad, a excepci\u00f3n de la Villa de Merlo que no requiere visado del Centro de Salud Estudiantil.<\/h3>\n<h3><strong>\u00bfQu\u00e9 tengo que tener en cuenta si soy estudiante extranjero\/a?<\/strong><\/h3>\n<h3>Aquellos\/as que hayan realizado el secundario en la Argentina ingresar\u00e1n de la misma forma que los\/as estudiantes argentinos\/as. En caso de no haber cursado el nivel secundario en el pa\u00eds, deber\u00e1n realizar la convalidaci\u00f3n a trav\u00e9s de la p\u00e1gina del Ministerio de Educaci\u00f3n o de Migraciones.<\/h3>\n<h3><strong>\u00bfQu\u00e9 otros datos tengo que tener en cuenta?<\/strong><\/h3>\n<h3>Es importante que los datos del acta de nacimiento coincidan con los datos del DNI. Es decir, en caso de nombres o apellidos escritos de distinta manera (con o sin tilde, por ejemplo) en ambos documentos, se tomar\u00e1n los datos del acta de nacimiento y se pedir\u00e1 que se realice nuevamente el documento, para evitar incongruencias a la hora de la entrega de t\u00edtulos universitarios.<\/h3>\n<h3>Quienes se preinscriban, no podr\u00e1n deber m\u00e1s de tres (3) materias del secundario. Cuando las materias se rindan, antes del 30 de abril, deber\u00e1n presentar el comprobante de finalizaci\u00f3n de estudios.<\/h3>\n<h3>Las fechas de cierre de preinscripci\u00f3n y de entrega de documentaci\u00f3n dependen de cada Facultad. Es por ello que se recomienda que se sigan las p\u00e1ginas y\/o redes sociales de cada Unidad Acad\u00e9mica para tener informaci\u00f3n m\u00e1s precisa de estos procesos.<\/h3>\n<h3><strong>DATO<\/strong><\/h3>\n<h3>Durante la propuesta acad\u00e9mica de los d\u00edas 25 y 27 de septiembre los\/as estudiantes podr\u00e1n acercarse hasta el Hall del Auditorio Mauricio L\u00f3pez para consultar todo lo referido a los pasos que deben seguir para preinscribirse a una carrera, cursos de ingresos, documentaci\u00f3n a presentar, etc. Al mismo tiempo, Mesa informativa de la UNSL y los Departamentos Estudiantes de cada Unidad Acad\u00e9mica estar\u00e1n dispuestos en este lugar para resolver todas las dudas y consultas que tengan los\/as interesados\/as.<\/h3>\n<h3>A partir del 30 de septiembre podr\u00e1n dirigirse a Mesa Informativa de Rectorado (ubicada en la planta baja) y a los diferentes Departamentos de Estudiantes de las Facultades.<\/h3>\n<h3>Ante cualquier consulta podr\u00e1n comunicarse telef\u00f3nicamente al 4520300 internos: 5100 (Secretar\u00eda Acad\u00e9mica UNSL) \/ 5292 (Mesa Informativa), o al email: <a href=\"mailto:carreras.unsl@gmail.com\">carreras.unsl@gmail.com<\/a><\/h3>\n<h3><span style=\"color: #3366ff;\"><strong>V\u00edas de contacto y redes sociales:<\/strong><\/span><\/h3>\n<h3>Facultad de Ciencias Econ\u00f3micas, Jur\u00eddicas y Sociales: p\u00e1gina web\/ instagram\/ facebook\/ tel\u00e9fono: <span style=\"color: #3366ff;\"><strong>(2657) 531000, interno: 7258.<\/strong><\/span><\/h3>\n<p>&nbsp;<\/p>\n<p>&nbsp;<\/p>\n<p>&nbsp;<\/p>\n<p>&nbsp;<\/p>\n<h3><\/h3>\n<h3><\/h3>\n<h3><\/h3>\n","protected":false},"excerpt":{"rendered":"<p>La Secretar\u00eda Acad\u00e9mica informa a todos los ingresantes, que la instancia de Preinscripci\u00f3n On- line&#8230;<\/p>\n","protected":false},"author":1,"featured_media":29512,"comment_status":"closed","ping_status":"closed","sticky":false,"template":"","format":"standard","meta":{"footnotes":""},"categories":[6],"tags":[],"class_list":["post-29511","post","type-post","status-publish","format-standard","has-post-thumbnail","hentry","category-ciudad-provincia"],"yoast_head":"<!-- This site is optimized with the Yoast SEO plugin v26.1.1 - https:\/\/yoast.com\/wordpress\/plugins\/seo\/ -->\n<title>INGRESO 2025 A LA FCEJS: EXTIENDEN PREINSCRIPCI\u00d3N ON-LINE HASTA EL 14 DE MARZO - Apuntes de San Luis<\/title>\n<meta name=\"robots\" content=\"index, follow, max-snippet:-1, max-image-preview:large, max-video-preview:-1\" \/>\n<link rel=\"canonical\" href=\"https:\/\/apuntesdesanluis.com\/index.php\/2025\/02\/19\/ingreso-2025-a-la-fcejs-la-preinscripcion-on-line-se-extendio-hasta-el-14-de-marzo\/\" \/>\n<meta property=\"og:locale\" content=\"es_ES\" \/>\n<meta property=\"og:type\" content=\"article\" \/>\n<meta property=\"og:title\" content=\"INGRESO 2025 A LA FCEJS: EXTIENDEN PREINSCRIPCI\u00d3N ON-LINE HASTA EL 14 DE MARZO - Apuntes de San Luis\" \/>\n<meta property=\"og:description\" content=\"La Secretar\u00eda Acad\u00e9mica informa a todos los ingresantes, que la instancia de Preinscripci\u00f3n On- line...\" \/>\n<meta property=\"og:url\" content=\"https:\/\/apuntesdesanluis.com\/index.php\/2025\/02\/19\/ingreso-2025-a-la-fcejs-la-preinscripcion-on-line-se-extendio-hasta-el-14-de-marzo\/\" \/>\n<meta property=\"og:site_name\" content=\"Apuntes de San Luis\" \/>\n<meta property=\"article:published_time\" content=\"2025-02-19T22:38:52+00:00\" \/>\n<meta property=\"article:modified_time\" content=\"2025-02-19T22:39:58+00:00\" \/>\n<meta property=\"og:image\" content=\"https:\/\/apuntesdesanluis.com\/wp-content\/uploads\/2025\/02\/ingreso-2025-fcejs.png\" \/>\n\t<meta property=\"og:image:width\" content=\"715\" \/>\n\t<meta property=\"og:image:height\" content=\"425\" \/>\n\t<meta property=\"og:image:type\" content=\"image\/png\" \/>\n<meta name=\"author\" content=\"apuntesdesanluis.com\" \/>\n<meta name=\"twitter:card\" content=\"summary_large_image\" \/>\n<meta name=\"twitter:label1\" content=\"Escrito por\" \/>\n\t<meta name=\"twitter:data1\" content=\"apuntesdesanluis.com\" \/>\n\t<meta name=\"twitter:label2\" content=\"Tiempo de lectura\" \/>\n\t<meta name=\"twitter:data2\" content=\"4 minutos\" \/>\n<script type=\"application\/ld+json\" class=\"yoast-schema-graph\">{\"@context\":\"https:\/\/schema.org\",\"@graph\":[{\"@type\":\"Article\",\"@id\":\"https:\/\/apuntesdesanluis.com\/index.php\/2025\/02\/19\/ingreso-2025-a-la-fcejs-la-preinscripcion-on-line-se-extendio-hasta-el-14-de-marzo\/#article\",\"isPartOf\":{\"@id\":\"https:\/\/apuntesdesanluis.com\/index.php\/2025\/02\/19\/ingreso-2025-a-la-fcejs-la-preinscripcion-on-line-se-extendio-hasta-el-14-de-marzo\/\"},\"author\":{\"name\":\"apuntesdesanluis.com\",\"@id\":\"https:\/\/apuntesdesanluis.com\/#\/schema\/person\/b55151d52296fcce64d1a72538a70b90\"},\"headline\":\"INGRESO 2025 A LA FCEJS: EXTIENDEN PREINSCRIPCI\u00d3N ON-LINE HASTA EL 14 DE MARZO\",\"datePublished\":\"2025-02-19T22:38:52+00:00\",\"dateModified\":\"2025-02-19T22:39:58+00:00\",\"mainEntityOfPage\":{\"@id\":\"https:\/\/apuntesdesanluis.com\/index.php\/2025\/02\/19\/ingreso-2025-a-la-fcejs-la-preinscripcion-on-line-se-extendio-hasta-el-14-de-marzo\/\"},\"wordCount\":873,\"publisher\":{\"@id\":\"https:\/\/apuntesdesanluis.com\/#\/schema\/person\/b55151d52296fcce64d1a72538a70b90\"},\"image\":{\"@id\":\"https:\/\/apuntesdesanluis.com\/index.php\/2025\/02\/19\/ingreso-2025-a-la-fcejs-la-preinscripcion-on-line-se-extendio-hasta-el-14-de-marzo\/#primaryimage\"},\"thumbnailUrl\":\"https:\/\/apuntesdesanluis.com\/wp-content\/uploads\/2025\/02\/ingreso-2025-fcejs.png\",\"articleSection\":[\"Ciudad\/Provincia\"],\"inLanguage\":\"es-AR\"},{\"@type\":\"WebPage\",\"@id\":\"https:\/\/apuntesdesanluis.com\/index.php\/2025\/02\/19\/ingreso-2025-a-la-fcejs-la-preinscripcion-on-line-se-extendio-hasta-el-14-de-marzo\/\",\"url\":\"https:\/\/apuntesdesanluis.com\/index.php\/2025\/02\/19\/ingreso-2025-a-la-fcejs-la-preinscripcion-on-line-se-extendio-hasta-el-14-de-marzo\/\",\"name\":\"INGRESO 2025 A LA FCEJS: EXTIENDEN PREINSCRIPCI\u00d3N ON-LINE HASTA EL 14 DE MARZO - Apuntes de San Luis\",\"isPartOf\":{\"@id\":\"https:\/\/apuntesdesanluis.com\/#website\"},\"primaryImageOfPage\":{\"@id\":\"https:\/\/apuntesdesanluis.com\/index.php\/2025\/02\/19\/ingreso-2025-a-la-fcejs-la-preinscripcion-on-line-se-extendio-hasta-el-14-de-marzo\/#primaryimage\"},\"image\":{\"@id\":\"https:\/\/apuntesdesanluis.com\/index.php\/2025\/02\/19\/ingreso-2025-a-la-fcejs-la-preinscripcion-on-line-se-extendio-hasta-el-14-de-marzo\/#primaryimage\"},\"thumbnailUrl\":\"https:\/\/apuntesdesanluis.com\/wp-content\/uploads\/2025\/02\/ingreso-2025-fcejs.png\",\"datePublished\":\"2025-02-19T22:38:52+00:00\",\"dateModified\":\"2025-02-19T22:39:58+00:00\",\"breadcrumb\":{\"@id\":\"https:\/\/apuntesdesanluis.com\/index.php\/2025\/02\/19\/ingreso-2025-a-la-fcejs-la-preinscripcion-on-line-se-extendio-hasta-el-14-de-marzo\/#breadcrumb\"},\"inLanguage\":\"es-AR\",\"potentialAction\":[{\"@type\":\"ReadAction\",\"target\":[\"https:\/\/apuntesdesanluis.com\/index.php\/2025\/02\/19\/ingreso-2025-a-la-fcejs-la-preinscripcion-on-line-se-extendio-hasta-el-14-de-marzo\/\"]}]},{\"@type\":\"ImageObject\",\"inLanguage\":\"es-AR\",\"@id\":\"https:\/\/apuntesdesanluis.com\/index.php\/2025\/02\/19\/ingreso-2025-a-la-fcejs-la-preinscripcion-on-line-se-extendio-hasta-el-14-de-marzo\/#primaryimage\",\"url\":\"https:\/\/apuntesdesanluis.com\/wp-content\/uploads\/2025\/02\/ingreso-2025-fcejs.png\",\"contentUrl\":\"https:\/\/apuntesdesanluis.com\/wp-content\/uploads\/2025\/02\/ingreso-2025-fcejs.png\",\"width\":715,\"height\":425},{\"@type\":\"BreadcrumbList\",\"@id\":\"https:\/\/apuntesdesanluis.com\/index.php\/2025\/02\/19\/ingreso-2025-a-la-fcejs-la-preinscripcion-on-line-se-extendio-hasta-el-14-de-marzo\/#breadcrumb\",\"itemListElement\":[{\"@type\":\"ListItem\",\"position\":1,\"name\":\"Inicio\",\"item\":\"https:\/\/apuntesdesanluis.com\/\"},{\"@type\":\"ListItem\",\"position\":2,\"name\":\"INGRESO 2025 A LA FCEJS: EXTIENDEN PREINSCRIPCI\u00d3N ON-LINE HASTA EL 14 DE MARZO\"}]},{\"@type\":\"WebSite\",\"@id\":\"https:\/\/apuntesdesanluis.com\/#website\",\"url\":\"https:\/\/apuntesdesanluis.com\/\",\"name\":\"Apuntes de San Luis\",\"description\":\"\",\"publisher\":{\"@id\":\"https:\/\/apuntesdesanluis.com\/#\/schema\/person\/b55151d52296fcce64d1a72538a70b90\"},\"potentialAction\":[{\"@type\":\"SearchAction\",\"target\":{\"@type\":\"EntryPoint\",\"urlTemplate\":\"https:\/\/apuntesdesanluis.com\/?s={search_term_string}\"},\"query-input\":{\"@type\":\"PropertyValueSpecification\",\"valueRequired\":true,\"valueName\":\"search_term_string\"}}],\"inLanguage\":\"es-AR\"},{\"@type\":[\"Person\",\"Organization\"],\"@id\":\"https:\/\/apuntesdesanluis.com\/#\/schema\/person\/b55151d52296fcce64d1a72538a70b90\",\"name\":\"apuntesdesanluis.com\",\"image\":{\"@type\":\"ImageObject\",\"inLanguage\":\"es-AR\",\"@id\":\"https:\/\/apuntesdesanluis.com\/#\/schema\/person\/image\/\",\"url\":\"https:\/\/apuntesdesanluis.com\/wp-content\/uploads\/2023\/07\/cropped-apuntesdesanluis.png\",\"contentUrl\":\"https:\/\/apuntesdesanluis.com\/wp-content\/uploads\/2023\/07\/cropped-apuntesdesanluis.png\",\"width\":450,\"height\":112,\"caption\":\"apuntesdesanluis.com\"},\"logo\":{\"@id\":\"https:\/\/apuntesdesanluis.com\/#\/schema\/person\/image\/\"},\"sameAs\":[\"https:\/\/apuntesdesanluis.com\"],\"url\":\"https:\/\/apuntesdesanluis.com\/index.php\/author\/apuntesdesanluis-com\/\"}]}<\/script>\n<!-- \/ Yoast SEO plugin. -->","yoast_head_json":{"title":"INGRESO 2025 A LA FCEJS: EXTIENDEN PREINSCRIPCI\u00d3N ON-LINE HASTA EL 14 DE MARZO - Apuntes de San Luis","robots":{"index":"index","follow":"follow","max-snippet":"max-snippet:-1","max-image-preview":"max-image-preview:large","max-video-preview":"max-video-preview:-1"},"canonical":"https:\/\/apuntesdesanluis.com\/index.php\/2025\/02\/19\/ingreso-2025-a-la-fcejs-la-preinscripcion-on-line-se-extendio-hasta-el-14-de-marzo\/","og_locale":"es_ES","og_type":"article","og_title":"INGRESO 2025 A LA FCEJS: EXTIENDEN PREINSCRIPCI\u00d3N ON-LINE HASTA EL 14 DE MARZO - Apuntes de San Luis","og_description":"La Secretar\u00eda Acad\u00e9mica informa a todos los ingresantes, que la instancia de Preinscripci\u00f3n On- line...","og_url":"https:\/\/apuntesdesanluis.com\/index.php\/2025\/02\/19\/ingreso-2025-a-la-fcejs-la-preinscripcion-on-line-se-extendio-hasta-el-14-de-marzo\/","og_site_name":"Apuntes de San Luis","article_published_time":"2025-02-19T22:38:52+00:00","article_modified_time":"2025-02-19T22:39:58+00:00","og_image":[{"width":715,"height":425,"url":"https:\/\/apuntesdesanluis.com\/wp-content\/uploads\/2025\/02\/ingreso-2025-fcejs.png","type":"image\/png"}],"author":"apuntesdesanluis.com","twitter_card":"summary_large_image","twitter_misc":{"Escrito por":"apuntesdesanluis.com","Tiempo de lectura":"4 minutos"},"schema":{"@context":"https:\/\/schema.org","@graph":[{"@type":"Article","@id":"https:\/\/apuntesdesanluis.com\/index.php\/2025\/02\/19\/ingreso-2025-a-la-fcejs-la-preinscripcion-on-line-se-extendio-hasta-el-14-de-marzo\/#article","isPartOf":{"@id":"https:\/\/apuntesdesanluis.com\/index.php\/2025\/02\/19\/ingreso-2025-a-la-fcejs-la-preinscripcion-on-line-se-extendio-hasta-el-14-de-marzo\/"},"author":{"name":"apuntesdesanluis.com","@id":"https:\/\/apuntesdesanluis.com\/#\/schema\/person\/b55151d52296fcce64d1a72538a70b90"},"headline":"INGRESO 2025 A LA FCEJS: EXTIENDEN PREINSCRIPCI\u00d3N ON-LINE HASTA EL 14 DE MARZO","datePublished":"2025-02-19T22:38:52+00:00","dateModified":"2025-02-19T22:39:58+00:00","mainEntityOfPage":{"@id":"https:\/\/apuntesdesanluis.com\/index.php\/2025\/02\/19\/ingreso-2025-a-la-fcejs-la-preinscripcion-on-line-se-extendio-hasta-el-14-de-marzo\/"},"wordCount":873,"publisher":{"@id":"https:\/\/apuntesdesanluis.com\/#\/schema\/person\/b55151d52296fcce64d1a72538a70b90"},"image":{"@id":"https:\/\/apuntesdesanluis.com\/index.php\/2025\/02\/19\/ingreso-2025-a-la-fcejs-la-preinscripcion-on-line-se-extendio-hasta-el-14-de-marzo\/#primaryimage"},"thumbnailUrl":"https:\/\/apuntesdesanluis.com\/wp-content\/uploads\/2025\/02\/ingreso-2025-fcejs.png","articleSection":["Ciudad\/Provincia"],"inLanguage":"es-AR"},{"@type":"WebPage","@id":"https:\/\/apuntesdesanluis.com\/index.php\/2025\/02\/19\/ingreso-2025-a-la-fcejs-la-preinscripcion-on-line-se-extendio-hasta-el-14-de-marzo\/","url":"https:\/\/apuntesdesanluis.com\/index.php\/2025\/02\/19\/ingreso-2025-a-la-fcejs-la-preinscripcion-on-line-se-extendio-hasta-el-14-de-marzo\/","name":"INGRESO 2025 A LA FCEJS: EXTIENDEN PREINSCRIPCI\u00d3N ON-LINE HASTA EL 14 DE MARZO - Apuntes de San Luis","isPartOf":{"@id":"https:\/\/apuntesdesanluis.com\/#website"},"primaryImageOfPage":{"@id":"https:\/\/apuntesdesanluis.com\/index.php\/2025\/02\/19\/ingreso-2025-a-la-fcejs-la-preinscripcion-on-line-se-extendio-hasta-el-14-de-marzo\/#primaryimage"},"image":{"@id":"https:\/\/apuntesdesanluis.com\/index.php\/2025\/02\/19\/ingreso-2025-a-la-fcejs-la-preinscripcion-on-line-se-extendio-hasta-el-14-de-marzo\/#primaryimage"},"thumbnailUrl":"https:\/\/apuntesdesanluis.com\/wp-content\/uploads\/2025\/02\/ingreso-2025-fcejs.png","datePublished":"2025-02-19T22:38:52+00:00","dateModified":"2025-02-19T22:39:58+00:00","breadcrumb":{"@id":"https:\/\/apuntesdesanluis.com\/index.php\/2025\/02\/19\/ingreso-2025-a-la-fcejs-la-preinscripcion-on-line-se-extendio-hasta-el-14-de-marzo\/#breadcrumb"},"inLanguage":"es-AR","potentialAction":[{"@type":"ReadAction","target":["https:\/\/apuntesdesanluis.com\/index.php\/2025\/02\/19\/ingreso-2025-a-la-fcejs-la-preinscripcion-on-line-se-extendio-hasta-el-14-de-marzo\/"]}]},{"@type":"ImageObject","inLanguage":"es-AR","@id":"https:\/\/apuntesdesanluis.com\/index.php\/2025\/02\/19\/ingreso-2025-a-la-fcejs-la-preinscripcion-on-line-se-extendio-hasta-el-14-de-marzo\/#primaryimage","url":"https:\/\/apuntesdesanluis.com\/wp-content\/uploads\/2025\/02\/ingreso-2025-fcejs.png","contentUrl":"https:\/\/apuntesdesanluis.com\/wp-content\/uploads\/2025\/02\/ingreso-2025-fcejs.png","width":715,"height":425},{"@type":"BreadcrumbList","@id":"https:\/\/apuntesdesanluis.com\/index.php\/2025\/02\/19\/ingreso-2025-a-la-fcejs-la-preinscripcion-on-line-se-extendio-hasta-el-14-de-marzo\/#breadcrumb","itemListElement":[{"@type":"ListItem","position":1,"name":"Inicio","item":"https:\/\/apuntesdesanluis.com\/"},{"@type":"ListItem","position":2,"name":"INGRESO 2025 A LA FCEJS: EXTIENDEN PREINSCRIPCI\u00d3N ON-LINE HASTA EL 14 DE MARZO"}]},{"@type":"WebSite","@id":"https:\/\/apuntesdesanluis.com\/#website","url":"https:\/\/apuntesdesanluis.com\/","name":"Apuntes de San Luis","description":"","publisher":{"@id":"https:\/\/apuntesdesanluis.com\/#\/schema\/person\/b55151d52296fcce64d1a72538a70b90"},"potentialAction":[{"@type":"SearchAction","target":{"@type":"EntryPoint","urlTemplate":"https:\/\/apuntesdesanluis.com\/?s={search_term_string}"},"query-input":{"@type":"PropertyValueSpecification","valueRequired":true,"valueName":"search_term_string"}}],"inLanguage":"es-AR"},{"@type":["Person","Organization"],"@id":"https:\/\/apuntesdesanluis.com\/#\/schema\/person\/b55151d52296fcce64d1a72538a70b90","name":"apuntesdesanluis.com","image":{"@type":"ImageObject","inLanguage":"es-AR","@id":"https:\/\/apuntesdesanluis.com\/#\/schema\/person\/image\/","url":"https:\/\/apuntesdesanluis.com\/wp-content\/uploads\/2023\/07\/cropped-apuntesdesanluis.png","contentUrl":"https:\/\/apuntesdesanluis.com\/wp-content\/uploads\/2023\/07\/cropped-apuntesdesanluis.png","width":450,"height":112,"caption":"apuntesdesanluis.com"},"logo":{"@id":"https:\/\/apuntesdesanluis.com\/#\/schema\/person\/image\/"},"sameAs":["https:\/\/apuntesdesanluis.com"],"url":"https:\/\/apuntesdesanluis.com\/index.php\/author\/apuntesdesanluis-com\/"}]}},"featured_image_urls":{"full":["https:\/\/apuntesdesanluis.com\/wp-content\/uploads\/2025\/02\/ingreso-2025-fcejs.png",715,425,false],"thumbnail":["https:\/\/apuntesdesanluis.com\/wp-content\/uploads\/2025\/02\/ingreso-2025-fcejs-150x150.png",150,150,true],"medium":["https:\/\/apuntesdesanluis.com\/wp-content\/uploads\/2025\/02\/ingreso-2025-fcejs-300x178.png",300,178,true],"medium_large":["https:\/\/apuntesdesanluis.com\/wp-content\/uploads\/2025\/02\/ingreso-2025-fcejs.png",640,380,false],"large":["https:\/\/apuntesdesanluis.com\/wp-content\/uploads\/2025\/02\/ingreso-2025-fcejs.png",640,380,false],"1536x1536":["https:\/\/apuntesdesanluis.com\/wp-content\/uploads\/2025\/02\/ingreso-2025-fcejs.png",715,425,false],"2048x2048":["https:\/\/apuntesdesanluis.com\/wp-content\/uploads\/2025\/02\/ingreso-2025-fcejs.png",715,425,false],"newsever-slider-full":["https:\/\/apuntesdesanluis.com\/wp-content\/uploads\/2025\/02\/ingreso-2025-fcejs.png",715,425,false],"newsever-featured":["https:\/\/apuntesdesanluis.com\/wp-content\/uploads\/2025\/02\/ingreso-2025-fcejs.png",715,425,false],"newsever-medium":["https:\/\/apuntesdesanluis.com\/wp-content\/uploads\/2025\/02\/ingreso-2025-fcejs.png",715,425,false]},"author_info":{"display_name":"apuntesdesanluis.com","author_link":"https:\/\/apuntesdesanluis.com\/index.php\/author\/apuntesdesanluis-com\/"},"category_info":"<a href=\"https:\/\/apuntesdesanluis.com\/index.php\/category\/ciudad-provincia\/\" rel=\"category tag\">Ciudad\/Provincia<\/a>","tag_info":"Ciudad\/Provincia","comment_count":"0","_links":{"self":[{"href":"https:\/\/apuntesdesanluis.com\/index.php\/wp-json\/wp\/v2\/posts\/29511","targetHints":{"allow":["GET"]}}],"collection":[{"href":"https:\/\/apuntesdesanluis.com\/index.php\/wp-json\/wp\/v2\/posts"}],"about":[{"href":"https:\/\/apuntesdesanluis.com\/index.php\/wp-json\/wp\/v2\/types\/post"}],"author":[{"embeddable":true,"href":"https:\/\/apuntesdesanluis.com\/index.php\/wp-json\/wp\/v2\/users\/1"}],"replies":[{"embeddable":true,"href":"https:\/\/apuntesdesanluis.com\/index.php\/wp-json\/wp\/v2\/comments?post=29511"}],"version-history":[{"count":3,"href":"https:\/\/apuntesdesanluis.com\/index.php\/wp-json\/wp\/v2\/posts\/29511\/revisions"}],"predecessor-version":[{"id":29515,"href":"https:\/\/apuntesdesanluis.com\/index.php\/wp-json\/wp\/v2\/posts\/29511\/revisions\/29515"}],"wp:featuredmedia":[{"embeddable":true,"href":"https:\/\/apuntesdesanluis.com\/index.php\/wp-json\/wp\/v2\/media\/29512"}],"wp:attachment":[{"href":"https:\/\/apuntesdesanluis.com\/index.php\/wp-json\/wp\/v2\/media?parent=29511"}],"wp:term":[{"taxonomy":"category","embeddable":true,"href":"https:\/\/apuntesdesanluis.com\/index.php\/wp-json\/wp\/v2\/categories?post=29511"},{"taxonomy":"post_tag","embeddable":true,"href":"https:\/\/apuntesdesanluis.com\/index.php\/wp-json\/wp\/v2\/tags?post=29511"}],"curies":[{"name":"wp","href":"https:\/\/api.w.org\/{rel}","templated":true}]}}