{"id":29533,"date":"2025-02-19T21:14:10","date_gmt":"2025-02-20T00:14:10","guid":{"rendered":"https:\/\/apuntesdesanluis.com\/?p=29533"},"modified":"2025-02-19T21:22:03","modified_gmt":"2025-02-20T00:22:03","slug":"incidentes-en-el-congreso-tension-en-la-marcha-de-los-jubilados","status":"publish","type":"post","link":"https:\/\/apuntesdesanluis.com\/index.php\/2025\/02\/19\/incidentes-en-el-congreso-tension-en-la-marcha-de-los-jubilados\/","title":{"rendered":"INCIDENTES EN EL CONGRESO: TENSI\u00d3N EN LA MARCHA DE LOS JUBILADOS"},"content":{"rendered":"<h3>Una serie de incidentes se registraron hoy en las inmediaciones del Congreso, donde un grupo de <strong>jubilados <\/strong>y de <strong>trabajadores del<\/strong> <strong>Hospital Garrahan<\/strong> fueron reprimidos con golpes y gases por efectivos policiales durante una protesta.<\/h3>\n<h3>La represi\u00f3n tuvo lugar por la tarde durante una de las movilizaciones que los jubilados llevan a cabo todos los mi\u00e9rcoles en reclamo de un aumento para el sector pasivo, y que en esta oportunidad estuvieron acompa\u00f1ados por los trabajadores del Garrahan.<\/h3>\n<h3>Efectivos de la Polic\u00eda Federal arremetieron con palos y gas pimienta contra las personas que se manifestaban frente al edificio Anexo de la C\u00e1mara de Diputados, sobre la avenida Rivadavia del centro porte\u00f1o.<\/h3>\n<p><a href=\"https:\/\/twitter.com\/i\/status\/1892318336609837247\" target=\"_blank\" rel=\"noopener\"><img fetchpriority=\"high\" decoding=\"async\" class=\"wp-image-29537 aligncenter\" src=\"https:\/\/apuntesdesanluis.com\/wp-content\/uploads\/2025\/02\/posteo-1-300x300.png\" alt=\"\" width=\"665\" height=\"665\" srcset=\"https:\/\/apuntesdesanluis.com\/wp-content\/uploads\/2025\/02\/posteo-1-300x300.png 300w, https:\/\/apuntesdesanluis.com\/wp-content\/uploads\/2025\/02\/posteo-1-150x150.png 150w, https:\/\/apuntesdesanluis.com\/wp-content\/uploads\/2025\/02\/posteo-1.png 566w\" sizes=\"(max-width: 665px) 100vw, 665px\" \/><\/a><\/p>\n<h3>En efecto, como consecuencia de la represi\u00f3n, una mujer termin\u00f3 tirada en el suelo, donde debi\u00f3 ser asistida por otros ciudadanos que acompa\u00f1aban la manifestaci\u00f3n. Se dijo que tambi\u00e9n hubo dos polic\u00edas heridos.<\/h3>\n<h3>Incluso se registraron episodios de violencia contra la prensa que cubr\u00eda la movilizaci\u00f3n.<\/h3>\n<p><iframe title=\"Incidentes entre jubilados y la Polic\u00eda en el Congreso: dos detenidos y dos polic\u00edas heridos\" width=\"640\" height=\"360\" src=\"https:\/\/www.youtube.com\/embed\/8DtW5EvmG-Y?feature=oembed\" frameborder=\"0\" allow=\"accelerometer; autoplay; clipboard-write; encrypted-media; gyroscope; picture-in-picture; web-share\" referrerpolicy=\"strict-origin-when-cross-origin\" allowfullscreen><\/iframe><\/p>\n<p>&nbsp;<\/p>\n<p>&nbsp;<\/p>\n<p>&nbsp;<\/p>\n<p>&nbsp;<\/p>\n<p>&nbsp;<\/p>\n<p>&nbsp;<\/p>\n","protected":false},"excerpt":{"rendered":"<p>Una serie de incidentes se registraron hoy en las inmediaciones del Congreso, donde un grupo&#8230;<\/p>\n","protected":false},"author":1,"featured_media":29534,"comment_status":"closed","ping_status":"closed","sticky":false,"template":"","format":"standard","meta":{"footnotes":""},"categories":[5],"tags":[],"class_list":["post-29533","post","type-post","status-publish","format-standard","has-post-thumbnail","hentry","category-nacionales-internacionales"],"yoast_head":"<!-- This site is optimized with the Yoast SEO plugin v26.1.1 - https:\/\/yoast.com\/wordpress\/plugins\/seo\/ -->\n<title>INCIDENTES EN EL CONGRESO: TENSI\u00d3N EN LA MARCHA DE LOS JUBILADOS - Apuntes de San Luis<\/title>\n<meta name=\"robots\" content=\"index, follow, max-snippet:-1, max-image-preview:large, max-video-preview:-1\" \/>\n<link rel=\"canonical\" href=\"https:\/\/apuntesdesanluis.com\/index.php\/2025\/02\/19\/incidentes-en-el-congreso-tension-en-la-marcha-de-los-jubilados\/\" \/>\n<meta property=\"og:locale\" content=\"es_ES\" \/>\n<meta property=\"og:type\" content=\"article\" \/>\n<meta property=\"og:title\" content=\"INCIDENTES EN EL CONGRESO: TENSI\u00d3N EN LA MARCHA DE LOS JUBILADOS - Apuntes de San Luis\" \/>\n<meta property=\"og:description\" content=\"Una serie de incidentes se registraron hoy en las inmediaciones del Congreso, donde un grupo...\" \/>\n<meta property=\"og:url\" content=\"https:\/\/apuntesdesanluis.com\/index.php\/2025\/02\/19\/incidentes-en-el-congreso-tension-en-la-marcha-de-los-jubilados\/\" \/>\n<meta property=\"og:site_name\" content=\"Apuntes de San Luis\" \/>\n<meta property=\"article:published_time\" content=\"2025-02-20T00:14:10+00:00\" \/>\n<meta property=\"article:modified_time\" content=\"2025-02-20T00:22:03+00:00\" \/>\n<meta property=\"og:image\" content=\"https:\/\/apuntesdesanluis.com\/wp-content\/uploads\/2025\/02\/JUBILADA.png\" \/>\n\t<meta property=\"og:image:width\" content=\"824\" \/>\n\t<meta property=\"og:image:height\" content=\"494\" \/>\n\t<meta property=\"og:image:type\" content=\"image\/png\" \/>\n<meta name=\"author\" content=\"apuntesdesanluis.com\" \/>\n<meta name=\"twitter:card\" content=\"summary_large_image\" \/>\n<meta name=\"twitter:label1\" content=\"Escrito por\" \/>\n\t<meta name=\"twitter:data1\" content=\"apuntesdesanluis.com\" \/>\n\t<meta name=\"twitter:label2\" content=\"Tiempo de lectura\" \/>\n\t<meta name=\"twitter:data2\" content=\"2 minutos\" \/>\n<script type=\"application\/ld+json\" class=\"yoast-schema-graph\">{\"@context\":\"https:\/\/schema.org\",\"@graph\":[{\"@type\":\"Article\",\"@id\":\"https:\/\/apuntesdesanluis.com\/index.php\/2025\/02\/19\/incidentes-en-el-congreso-tension-en-la-marcha-de-los-jubilados\/#article\",\"isPartOf\":{\"@id\":\"https:\/\/apuntesdesanluis.com\/index.php\/2025\/02\/19\/incidentes-en-el-congreso-tension-en-la-marcha-de-los-jubilados\/\"},\"author\":{\"name\":\"apuntesdesanluis.com\",\"@id\":\"https:\/\/apuntesdesanluis.com\/#\/schema\/person\/b55151d52296fcce64d1a72538a70b90\"},\"headline\":\"INCIDENTES EN EL CONGRESO: TENSI\u00d3N EN LA MARCHA DE LOS JUBILADOS\",\"datePublished\":\"2025-02-20T00:14:10+00:00\",\"dateModified\":\"2025-02-20T00:22:03+00:00\",\"mainEntityOfPage\":{\"@id\":\"https:\/\/apuntesdesanluis.com\/index.php\/2025\/02\/19\/incidentes-en-el-congreso-tension-en-la-marcha-de-los-jubilados\/\"},\"wordCount\":196,\"publisher\":{\"@id\":\"https:\/\/apuntesdesanluis.com\/#\/schema\/person\/b55151d52296fcce64d1a72538a70b90\"},\"image\":{\"@id\":\"https:\/\/apuntesdesanluis.com\/index.php\/2025\/02\/19\/incidentes-en-el-congreso-tension-en-la-marcha-de-los-jubilados\/#primaryimage\"},\"thumbnailUrl\":\"https:\/\/apuntesdesanluis.com\/wp-content\/uploads\/2025\/02\/JUBILADA.png\",\"articleSection\":[\"Nacionales\/Internacionales\"],\"inLanguage\":\"es-AR\"},{\"@type\":\"WebPage\",\"@id\":\"https:\/\/apuntesdesanluis.com\/index.php\/2025\/02\/19\/incidentes-en-el-congreso-tension-en-la-marcha-de-los-jubilados\/\",\"url\":\"https:\/\/apuntesdesanluis.com\/index.php\/2025\/02\/19\/incidentes-en-el-congreso-tension-en-la-marcha-de-los-jubilados\/\",\"name\":\"INCIDENTES EN EL CONGRESO: TENSI\u00d3N EN LA MARCHA DE LOS JUBILADOS - Apuntes de San Luis\",\"isPartOf\":{\"@id\":\"https:\/\/apuntesdesanluis.com\/#website\"},\"primaryImageOfPage\":{\"@id\":\"https:\/\/apuntesdesanluis.com\/index.php\/2025\/02\/19\/incidentes-en-el-congreso-tension-en-la-marcha-de-los-jubilados\/#primaryimage\"},\"image\":{\"@id\":\"https:\/\/apuntesdesanluis.com\/index.php\/2025\/02\/19\/incidentes-en-el-congreso-tension-en-la-marcha-de-los-jubilados\/#primaryimage\"},\"thumbnailUrl\":\"https:\/\/apuntesdesanluis.com\/wp-content\/uploads\/2025\/02\/JUBILADA.png\",\"datePublished\":\"2025-02-20T00:14:10+00:00\",\"dateModified\":\"2025-02-20T00:22:03+00:00\",\"breadcrumb\":{\"@id\":\"https:\/\/apuntesdesanluis.com\/index.php\/2025\/02\/19\/incidentes-en-el-congreso-tension-en-la-marcha-de-los-jubilados\/#breadcrumb\"},\"inLanguage\":\"es-AR\",\"potentialAction\":[{\"@type\":\"ReadAction\",\"target\":[\"https:\/\/apuntesdesanluis.com\/index.php\/2025\/02\/19\/incidentes-en-el-congreso-tension-en-la-marcha-de-los-jubilados\/\"]}]},{\"@type\":\"ImageObject\",\"inLanguage\":\"es-AR\",\"@id\":\"https:\/\/apuntesdesanluis.com\/index.php\/2025\/02\/19\/incidentes-en-el-congreso-tension-en-la-marcha-de-los-jubilados\/#primaryimage\",\"url\":\"https:\/\/apuntesdesanluis.com\/wp-content\/uploads\/2025\/02\/JUBILADA.png\",\"contentUrl\":\"https:\/\/apuntesdesanluis.com\/wp-content\/uploads\/2025\/02\/JUBILADA.png\",\"width\":824,\"height\":494},{\"@type\":\"BreadcrumbList\",\"@id\":\"https:\/\/apuntesdesanluis.com\/index.php\/2025\/02\/19\/incidentes-en-el-congreso-tension-en-la-marcha-de-los-jubilados\/#breadcrumb\",\"itemListElement\":[{\"@type\":\"ListItem\",\"position\":1,\"name\":\"Inicio\",\"item\":\"https:\/\/apuntesdesanluis.com\/\"},{\"@type\":\"ListItem\",\"position\":2,\"name\":\"INCIDENTES EN EL CONGRESO: TENSI\u00d3N EN LA MARCHA DE LOS JUBILADOS\"}]},{\"@type\":\"WebSite\",\"@id\":\"https:\/\/apuntesdesanluis.com\/#website\",\"url\":\"https:\/\/apuntesdesanluis.com\/\",\"name\":\"Apuntes de San Luis\",\"description\":\"\",\"publisher\":{\"@id\":\"https:\/\/apuntesdesanluis.com\/#\/schema\/person\/b55151d52296fcce64d1a72538a70b90\"},\"potentialAction\":[{\"@type\":\"SearchAction\",\"target\":{\"@type\":\"EntryPoint\",\"urlTemplate\":\"https:\/\/apuntesdesanluis.com\/?s={search_term_string}\"},\"query-input\":{\"@type\":\"PropertyValueSpecification\",\"valueRequired\":true,\"valueName\":\"search_term_string\"}}],\"inLanguage\":\"es-AR\"},{\"@type\":[\"Person\",\"Organization\"],\"@id\":\"https:\/\/apuntesdesanluis.com\/#\/schema\/person\/b55151d52296fcce64d1a72538a70b90\",\"name\":\"apuntesdesanluis.com\",\"image\":{\"@type\":\"ImageObject\",\"inLanguage\":\"es-AR\",\"@id\":\"https:\/\/apuntesdesanluis.com\/#\/schema\/person\/image\/\",\"url\":\"https:\/\/apuntesdesanluis.com\/wp-content\/uploads\/2023\/07\/cropped-apuntesdesanluis.png\",\"contentUrl\":\"https:\/\/apuntesdesanluis.com\/wp-content\/uploads\/2023\/07\/cropped-apuntesdesanluis.png\",\"width\":450,\"height\":112,\"caption\":\"apuntesdesanluis.com\"},\"logo\":{\"@id\":\"https:\/\/apuntesdesanluis.com\/#\/schema\/person\/image\/\"},\"sameAs\":[\"https:\/\/apuntesdesanluis.com\"],\"url\":\"https:\/\/apuntesdesanluis.com\/index.php\/author\/apuntesdesanluis-com\/\"}]}<\/script>\n<!-- \/ Yoast SEO plugin. -->","yoast_head_json":{"title":"INCIDENTES EN EL CONGRESO: TENSI\u00d3N EN LA MARCHA DE LOS JUBILADOS - Apuntes de San Luis","robots":{"index":"index","follow":"follow","max-snippet":"max-snippet:-1","max-image-preview":"max-image-preview:large","max-video-preview":"max-video-preview:-1"},"canonical":"https:\/\/apuntesdesanluis.com\/index.php\/2025\/02\/19\/incidentes-en-el-congreso-tension-en-la-marcha-de-los-jubilados\/","og_locale":"es_ES","og_type":"article","og_title":"INCIDENTES EN EL CONGRESO: TENSI\u00d3N EN LA MARCHA DE LOS JUBILADOS - Apuntes de San Luis","og_description":"Una serie de incidentes se registraron hoy en las inmediaciones del Congreso, donde un grupo...","og_url":"https:\/\/apuntesdesanluis.com\/index.php\/2025\/02\/19\/incidentes-en-el-congreso-tension-en-la-marcha-de-los-jubilados\/","og_site_name":"Apuntes de San Luis","article_published_time":"2025-02-20T00:14:10+00:00","article_modified_time":"2025-02-20T00:22:03+00:00","og_image":[{"width":824,"height":494,"url":"https:\/\/apuntesdesanluis.com\/wp-content\/uploads\/2025\/02\/JUBILADA.png","type":"image\/png"}],"author":"apuntesdesanluis.com","twitter_card":"summary_large_image","twitter_misc":{"Escrito por":"apuntesdesanluis.com","Tiempo de lectura":"2 minutos"},"schema":{"@context":"https:\/\/schema.org","@graph":[{"@type":"Article","@id":"https:\/\/apuntesdesanluis.com\/index.php\/2025\/02\/19\/incidentes-en-el-congreso-tension-en-la-marcha-de-los-jubilados\/#article","isPartOf":{"@id":"https:\/\/apuntesdesanluis.com\/index.php\/2025\/02\/19\/incidentes-en-el-congreso-tension-en-la-marcha-de-los-jubilados\/"},"author":{"name":"apuntesdesanluis.com","@id":"https:\/\/apuntesdesanluis.com\/#\/schema\/person\/b55151d52296fcce64d1a72538a70b90"},"headline":"INCIDENTES EN EL CONGRESO: TENSI\u00d3N EN LA MARCHA DE LOS JUBILADOS","datePublished":"2025-02-20T00:14:10+00:00","dateModified":"2025-02-20T00:22:03+00:00","mainEntityOfPage":{"@id":"https:\/\/apuntesdesanluis.com\/index.php\/2025\/02\/19\/incidentes-en-el-congreso-tension-en-la-marcha-de-los-jubilados\/"},"wordCount":196,"publisher":{"@id":"https:\/\/apuntesdesanluis.com\/#\/schema\/person\/b55151d52296fcce64d1a72538a70b90"},"image":{"@id":"https:\/\/apuntesdesanluis.com\/index.php\/2025\/02\/19\/incidentes-en-el-congreso-tension-en-la-marcha-de-los-jubilados\/#primaryimage"},"thumbnailUrl":"https:\/\/apuntesdesanluis.com\/wp-content\/uploads\/2025\/02\/JUBILADA.png","articleSection":["Nacionales\/Internacionales"],"inLanguage":"es-AR"},{"@type":"WebPage","@id":"https:\/\/apuntesdesanluis.com\/index.php\/2025\/02\/19\/incidentes-en-el-congreso-tension-en-la-marcha-de-los-jubilados\/","url":"https:\/\/apuntesdesanluis.com\/index.php\/2025\/02\/19\/incidentes-en-el-congreso-tension-en-la-marcha-de-los-jubilados\/","name":"INCIDENTES EN EL CONGRESO: TENSI\u00d3N EN LA MARCHA DE LOS JUBILADOS - Apuntes de San Luis","isPartOf":{"@id":"https:\/\/apuntesdesanluis.com\/#website"},"primaryImageOfPage":{"@id":"https:\/\/apuntesdesanluis.com\/index.php\/2025\/02\/19\/incidentes-en-el-congreso-tension-en-la-marcha-de-los-jubilados\/#primaryimage"},"image":{"@id":"https:\/\/apuntesdesanluis.com\/index.php\/2025\/02\/19\/incidentes-en-el-congreso-tension-en-la-marcha-de-los-jubilados\/#primaryimage"},"thumbnailUrl":"https:\/\/apuntesdesanluis.com\/wp-content\/uploads\/2025\/02\/JUBILADA.png","datePublished":"2025-02-20T00:14:10+00:00","dateModified":"2025-02-20T00:22:03+00:00","breadcrumb":{"@id":"https:\/\/apuntesdesanluis.com\/index.php\/2025\/02\/19\/incidentes-en-el-congreso-tension-en-la-marcha-de-los-jubilados\/#breadcrumb"},"inLanguage":"es-AR","potentialAction":[{"@type":"ReadAction","target":["https:\/\/apuntesdesanluis.com\/index.php\/2025\/02\/19\/incidentes-en-el-congreso-tension-en-la-marcha-de-los-jubilados\/"]}]},{"@type":"ImageObject","inLanguage":"es-AR","@id":"https:\/\/apuntesdesanluis.com\/index.php\/2025\/02\/19\/incidentes-en-el-congreso-tension-en-la-marcha-de-los-jubilados\/#primaryimage","url":"https:\/\/apuntesdesanluis.com\/wp-content\/uploads\/2025\/02\/JUBILADA.png","contentUrl":"https:\/\/apuntesdesanluis.com\/wp-content\/uploads\/2025\/02\/JUBILADA.png","width":824,"height":494},{"@type":"BreadcrumbList","@id":"https:\/\/apuntesdesanluis.com\/index.php\/2025\/02\/19\/incidentes-en-el-congreso-tension-en-la-marcha-de-los-jubilados\/#breadcrumb","itemListElement":[{"@type":"ListItem","position":1,"name":"Inicio","item":"https:\/\/apuntesdesanluis.com\/"},{"@type":"ListItem","position":2,"name":"INCIDENTES EN EL CONGRESO: TENSI\u00d3N EN LA MARCHA DE LOS JUBILADOS"}]},{"@type":"WebSite","@id":"https:\/\/apuntesdesanluis.com\/#website","url":"https:\/\/apuntesdesanluis.com\/","name":"Apuntes de San Luis","description":"","publisher":{"@id":"https:\/\/apuntesdesanluis.com\/#\/schema\/person\/b55151d52296fcce64d1a72538a70b90"},"potentialAction":[{"@type":"SearchAction","target":{"@type":"EntryPoint","urlTemplate":"https:\/\/apuntesdesanluis.com\/?s={search_term_string}"},"query-input":{"@type":"PropertyValueSpecification","valueRequired":true,"valueName":"search_term_string"}}],"inLanguage":"es-AR"},{"@type":["Person","Organization"],"@id":"https:\/\/apuntesdesanluis.com\/#\/schema\/person\/b55151d52296fcce64d1a72538a70b90","name":"apuntesdesanluis.com","image":{"@type":"ImageObject","inLanguage":"es-AR","@id":"https:\/\/apuntesdesanluis.com\/#\/schema\/person\/image\/","url":"https:\/\/apuntesdesanluis.com\/wp-content\/uploads\/2023\/07\/cropped-apuntesdesanluis.png","contentUrl":"https:\/\/apuntesdesanluis.com\/wp-content\/uploads\/2023\/07\/cropped-apuntesdesanluis.png","width":450,"height":112,"caption":"apuntesdesanluis.com"},"logo":{"@id":"https:\/\/apuntesdesanluis.com\/#\/schema\/person\/image\/"},"sameAs":["https:\/\/apuntesdesanluis.com"],"url":"https:\/\/apuntesdesanluis.com\/index.php\/author\/apuntesdesanluis-com\/"}]}},"featured_image_urls":{"full":["https:\/\/apuntesdesanluis.com\/wp-content\/uploads\/2025\/02\/JUBILADA.png",824,494,false],"thumbnail":["https:\/\/apuntesdesanluis.com\/wp-content\/uploads\/2025\/02\/JUBILADA-150x150.png",150,150,true],"medium":["https:\/\/apuntesdesanluis.com\/wp-content\/uploads\/2025\/02\/JUBILADA-300x180.png",300,180,true],"medium_large":["https:\/\/apuntesdesanluis.com\/wp-content\/uploads\/2025\/02\/JUBILADA-768x460.png",640,383,true],"large":["https:\/\/apuntesdesanluis.com\/wp-content\/uploads\/2025\/02\/JUBILADA.png",640,384,false],"1536x1536":["https:\/\/apuntesdesanluis.com\/wp-content\/uploads\/2025\/02\/JUBILADA.png",824,494,false],"2048x2048":["https:\/\/apuntesdesanluis.com\/wp-content\/uploads\/2025\/02\/JUBILADA.png",824,494,false],"newsever-slider-full":["https:\/\/apuntesdesanluis.com\/wp-content\/uploads\/2025\/02\/JUBILADA.png",824,494,false],"newsever-featured":["https:\/\/apuntesdesanluis.com\/wp-content\/uploads\/2025\/02\/JUBILADA.png",824,494,false],"newsever-medium":["https:\/\/apuntesdesanluis.com\/wp-content\/uploads\/2025\/02\/JUBILADA-720x475.png",720,475,true]},"author_info":{"display_name":"apuntesdesanluis.com","author_link":"https:\/\/apuntesdesanluis.com\/index.php\/author\/apuntesdesanluis-com\/"},"category_info":"<a href=\"https:\/\/apuntesdesanluis.com\/index.php\/category\/nacionales-internacionales\/\" rel=\"category tag\">Nacionales\/Internacionales<\/a>","tag_info":"Nacionales\/Internacionales","comment_count":"0","_links":{"self":[{"href":"https:\/\/apuntesdesanluis.com\/index.php\/wp-json\/wp\/v2\/posts\/29533","targetHints":{"allow":["GET"]}}],"collection":[{"href":"https:\/\/apuntesdesanluis.com\/index.php\/wp-json\/wp\/v2\/posts"}],"about":[{"href":"https:\/\/apuntesdesanluis.com\/index.php\/wp-json\/wp\/v2\/types\/post"}],"author":[{"embeddable":true,"href":"https:\/\/apuntesdesanluis.com\/index.php\/wp-json\/wp\/v2\/users\/1"}],"replies":[{"embeddable":true,"href":"https:\/\/apuntesdesanluis.com\/index.php\/wp-json\/wp\/v2\/comments?post=29533"}],"version-history":[{"count":3,"href":"https:\/\/apuntesdesanluis.com\/index.php\/wp-json\/wp\/v2\/posts\/29533\/revisions"}],"predecessor-version":[{"id":29538,"href":"https:\/\/apuntesdesanluis.com\/index.php\/wp-json\/wp\/v2\/posts\/29533\/revisions\/29538"}],"wp:featuredmedia":[{"embeddable":true,"href":"https:\/\/apuntesdesanluis.com\/index.php\/wp-json\/wp\/v2\/media\/29534"}],"wp:attachment":[{"href":"https:\/\/apuntesdesanluis.com\/index.php\/wp-json\/wp\/v2\/media?parent=29533"}],"wp:term":[{"taxonomy":"category","embeddable":true,"href":"https:\/\/apuntesdesanluis.com\/index.php\/wp-json\/wp\/v2\/categories?post=29533"},{"taxonomy":"post_tag","embeddable":true,"href":"https:\/\/apuntesdesanluis.com\/index.php\/wp-json\/wp\/v2\/tags?post=29533"}],"curies":[{"name":"wp","href":"https:\/\/api.w.org\/{rel}","templated":true}]}}