{"id":2956,"date":"2023-09-08T19:48:40","date_gmt":"2023-09-08T22:48:40","guid":{"rendered":"https:\/\/apuntesdesanluis.com\/?p=2956"},"modified":"2023-09-08T19:48:40","modified_gmt":"2023-09-08T22:48:40","slug":"la-unsl-fue-anfitriona-del-encuentro-plenario-de-rectores-del-cin","status":"publish","type":"post","link":"https:\/\/apuntesdesanluis.com\/index.php\/2023\/09\/08\/la-unsl-fue-anfitriona-del-encuentro-plenario-de-rectores-del-cin\/","title":{"rendered":"LA UNSL FUE ANFITRIONA DEL ENCUENTRO PLENARIO DE RECTORES DEL CIN"},"content":{"rendered":"<h3 class=\"yiv7409174924ydp6329976emsonormal\" style=\"text-align: justify; background: white;\"><span style=\"font-family: 'Arial','sans-serif'; color: #1d2228;\">Este viernes se realiz\u00f3 el 90\u00b0 Plenario de Rectoras y Rectores del <strong>Consejo Interuniversitario Nacional<\/strong> (CIN) en la ciudad de La Punta. El encuentro bimodal fue un espacio de deliberaci\u00f3n en el que trataron el proyecto presupuestario de universidades para el 2024.<\/span><\/h3>\n<h3 class=\"yiv7409174924ydp6329976emsonormal\" style=\"text-align: justify; background: white;\"><span style=\"font-family: 'Arial','sans-serif'; color: #1d2228;\">En la apertura, tom\u00f3 la palabra el rector de la Universidad Nacional de San Luis (UNSL), C.P.N. <strong>V\u00edctor Mori\u00f1igo<\/strong>, quien agradeci\u00f3 la presencia del ministro de Educaci\u00f3n de la Naci\u00f3n, <strong>Jaime Perczyk<\/strong>; del secretario de Pol\u00edticas Universitarias, <strong>Oscar Alpa<\/strong>; del Presidente del CIN, <strong>Carlos Greco<\/strong>; del intendente de La Punta, <strong>Mart\u00edn Olivero<\/strong>; y de todas las autoridades de las 70 universidades p\u00fablicas del pa\u00eds.<\/span><\/h3>\n<h3 class=\"yiv7409174924ydp6329976emsonormal\" style=\"text-align: justify; background: white;\"><span style=\"font-family: 'Arial','sans-serif'; color: #1d2228;\">Por su parte, el presidente del CIN remarc\u00f3 la importancia de desarrollar este Plenario como tradici\u00f3n del sistema universitario. En ese sentido expres\u00f3: \u00ablas cuestiones que vamos a plantear hoy como siempre lo hemos planteado en diversos espacios es pensar c\u00f3mo hacemos para mejorar, para que los\/as estudiantes progresen en su rendimiento acad\u00e9mico, para mejorar las certificaciones de sus estudios, la virtualizaci\u00f3n de la educaci\u00f3n superior, nuestras ofertas acad\u00e9micas, la resignificaci\u00f3n de las horas acad\u00e9micas. Todo esto vamos a discutir hoy y son cuestiones valiosas porque son trascendentes en tiempo y en espacio\u00bb.<\/span><\/h3>\n<h3 class=\"yiv7409174924ydp6329976emsonormal\" style=\"text-align: justify; background: white;\"><span style=\"font-family: 'Arial','sans-serif'; color: #1d2228;\">Greco, adem\u00e1s, afirm\u00f3 que este tipo de eventos tiene un grado de cobertura muy amplio por ser un sistema federal que re\u00fane a cada representante provincial. A su vez, agradeci\u00f3 la participaci\u00f3n en esta jornada a la delegaci\u00f3n del Centro Universitario Argentino-Alem\u00e1n (CUAA). Seguidamente, la autoridad m\u00e1xima de la Secretar\u00eda de Pol\u00edticas Universitarias (SPU) detall\u00f3 que a trav\u00e9s del Programa Nacional de Internacionalizaci\u00f3n se efect\u00faa esta relaci\u00f3n con Alemania, la cual representa m\u00e1s del 50% del convenio. <\/span><\/h3>\n<h3 class=\"yiv7409174924ydp6329976emsonormal\" style=\"text-align: justify; background: white;\"><span style=\"font-family: 'Arial','sans-serif'; color: #1d2228;\">Asimismo, Alpa explic\u00f3 que la internacionalizaci\u00f3n se realiza con la idea de trabajar fuertemente con carreras binacionales de doctorado, de posgrado e incluso algunas de grado, como una pol\u00edtica de \u00abLa universidad para el progreso social y desarrollo econ\u00f3mico\u00bb. Manifest\u00f3 que la formalizaci\u00f3n de estos siete (7) puntos acad\u00e9micos es vital como gu\u00eda para entender las necesidades del sistema universitario, para conocerse y para pensar en los\/as estudiantes. El funcionario dijo que desde el 2019 trabajan en este proyecto, el cual tendr\u00e1 continua revisi\u00f3n y modificaci\u00f3n, sujeto a las demandas.<\/span><\/h3>\n<h3 class=\"yiv7409174924ydp6329976emsonormal\" style=\"text-align: justify; background: white;\"><span style=\"font-family: 'Arial','sans-serif'; color: #1d2228;\">Durante el Plenario, particip\u00f3 tambi\u00e9n el Ministro de Educaci\u00f3n, quien defendi\u00f3 que las universidades no son un negocio. Al respecto formul\u00f3 una serie de preguntas para dar cuenta de sus convicciones: \u00ab\u00bfCu\u00e1l es el negocio de becar a m\u00e1s de un mill\u00f3n de pibes\/as? \u00bfCu\u00e1l es el negocio en el que un pibe, que es el primero de la familia en llegar a la universidad, pueda hacer una carrera binacional con Alemania? No hay negocio. Es la inversi\u00f3n para construir una sociedad que sea m\u00e1s justa y m\u00e1s federal. Hay que entender que Argentina no es un pa\u00eds que tiene provincias, sino que somos provincias que hicimos un pa\u00eds\u00bb. <\/span><\/h3>\n<h3 class=\"yiv7409174924ydp6329976emsonormal\" style=\"text-align: justify; background: white;\"><span style=\"font-family: 'Arial','sans-serif'; color: #1d2228;\">Por otro lado, las autoridades llevaron a cabo cada punto del temario y dieron lugar a la libre expresi\u00f3n de los gremios.<\/span><\/h3>\n<h3 class=\"yiv7409174924ydp6329976emsonormal\" style=\"text-align: justify; background: white;\"><span style=\"font-family: 'Arial','sans-serif'; color: #1d2228;\">Finalmente el 90 Plenario de Rectoras y Rectores emiti\u00f3 una declaraci\u00f3n, ratificando que \u201cla educaci\u00f3n superior debe contribuir al buen vivir de la sociedad\u201d, al tiempo que reafirm\u00f3 \u201csu rol transformador inclusivo\u201d (<strong>Ver documento en nota aparte<\/strong>)<\/span><\/h3>\n","protected":false},"excerpt":{"rendered":"<p>Este viernes se realiz\u00f3 el 90\u00b0 Plenario de Rectoras y Rectores del Consejo Interuniversitario Nacional&#8230;<\/p>\n","protected":false},"author":1,"featured_media":2957,"comment_status":"closed","ping_status":"closed","sticky":false,"template":"","format":"standard","meta":{"footnotes":""},"categories":[6],"tags":[],"class_list":["post-2956","post","type-post","status-publish","format-standard","has-post-thumbnail","hentry","category-ciudad-provincia"],"yoast_head":"<!-- This site is optimized with the Yoast SEO plugin v26.1.1 - https:\/\/yoast.com\/wordpress\/plugins\/seo\/ -->\n<title>LA UNSL FUE ANFITRIONA DEL ENCUENTRO PLENARIO DE RECTORES DEL CIN - Apuntes de San Luis<\/title>\n<meta name=\"robots\" content=\"index, follow, max-snippet:-1, max-image-preview:large, max-video-preview:-1\" \/>\n<link rel=\"canonical\" href=\"https:\/\/apuntesdesanluis.com\/index.php\/2023\/09\/08\/la-unsl-fue-anfitriona-del-encuentro-plenario-de-rectores-del-cin\/\" \/>\n<meta property=\"og:locale\" content=\"es_ES\" \/>\n<meta property=\"og:type\" content=\"article\" \/>\n<meta property=\"og:title\" content=\"LA UNSL FUE ANFITRIONA DEL ENCUENTRO PLENARIO DE RECTORES DEL CIN - Apuntes de San Luis\" \/>\n<meta property=\"og:description\" content=\"Este viernes se realiz\u00f3 el 90\u00b0 Plenario de Rectoras y Rectores del Consejo Interuniversitario Nacional...\" \/>\n<meta property=\"og:url\" content=\"https:\/\/apuntesdesanluis.com\/index.php\/2023\/09\/08\/la-unsl-fue-anfitriona-del-encuentro-plenario-de-rectores-del-cin\/\" \/>\n<meta property=\"og:site_name\" content=\"Apuntes de San Luis\" \/>\n<meta property=\"article:published_time\" content=\"2023-09-08T22:48:40+00:00\" \/>\n<meta property=\"og:image\" content=\"https:\/\/apuntesdesanluis.com\/wp-content\/uploads\/2023\/09\/morinigo.png\" \/>\n\t<meta property=\"og:image:width\" content=\"691\" \/>\n\t<meta property=\"og:image:height\" content=\"430\" \/>\n\t<meta property=\"og:image:type\" content=\"image\/png\" \/>\n<meta name=\"author\" content=\"apuntesdesanluis.com\" \/>\n<meta name=\"twitter:card\" content=\"summary_large_image\" \/>\n<meta name=\"twitter:label1\" content=\"Escrito por\" \/>\n\t<meta name=\"twitter:data1\" content=\"apuntesdesanluis.com\" \/>\n\t<meta name=\"twitter:label2\" content=\"Tiempo de lectura\" \/>\n\t<meta name=\"twitter:data2\" content=\"3 minutos\" \/>\n<script type=\"application\/ld+json\" class=\"yoast-schema-graph\">{\"@context\":\"https:\/\/schema.org\",\"@graph\":[{\"@type\":\"Article\",\"@id\":\"https:\/\/apuntesdesanluis.com\/index.php\/2023\/09\/08\/la-unsl-fue-anfitriona-del-encuentro-plenario-de-rectores-del-cin\/#article\",\"isPartOf\":{\"@id\":\"https:\/\/apuntesdesanluis.com\/index.php\/2023\/09\/08\/la-unsl-fue-anfitriona-del-encuentro-plenario-de-rectores-del-cin\/\"},\"author\":{\"name\":\"apuntesdesanluis.com\",\"@id\":\"https:\/\/apuntesdesanluis.com\/#\/schema\/person\/b55151d52296fcce64d1a72538a70b90\"},\"headline\":\"LA UNSL FUE ANFITRIONA DEL ENCUENTRO PLENARIO DE RECTORES DEL CIN\",\"datePublished\":\"2023-09-08T22:48:40+00:00\",\"mainEntityOfPage\":{\"@id\":\"https:\/\/apuntesdesanluis.com\/index.php\/2023\/09\/08\/la-unsl-fue-anfitriona-del-encuentro-plenario-de-rectores-del-cin\/\"},\"wordCount\":595,\"publisher\":{\"@id\":\"https:\/\/apuntesdesanluis.com\/#\/schema\/person\/b55151d52296fcce64d1a72538a70b90\"},\"image\":{\"@id\":\"https:\/\/apuntesdesanluis.com\/index.php\/2023\/09\/08\/la-unsl-fue-anfitriona-del-encuentro-plenario-de-rectores-del-cin\/#primaryimage\"},\"thumbnailUrl\":\"https:\/\/apuntesdesanluis.com\/wp-content\/uploads\/2023\/09\/morinigo.png\",\"articleSection\":[\"Ciudad\/Provincia\"],\"inLanguage\":\"es-AR\"},{\"@type\":\"WebPage\",\"@id\":\"https:\/\/apuntesdesanluis.com\/index.php\/2023\/09\/08\/la-unsl-fue-anfitriona-del-encuentro-plenario-de-rectores-del-cin\/\",\"url\":\"https:\/\/apuntesdesanluis.com\/index.php\/2023\/09\/08\/la-unsl-fue-anfitriona-del-encuentro-plenario-de-rectores-del-cin\/\",\"name\":\"LA UNSL FUE ANFITRIONA DEL ENCUENTRO PLENARIO DE RECTORES DEL CIN - Apuntes de San Luis\",\"isPartOf\":{\"@id\":\"https:\/\/apuntesdesanluis.com\/#website\"},\"primaryImageOfPage\":{\"@id\":\"https:\/\/apuntesdesanluis.com\/index.php\/2023\/09\/08\/la-unsl-fue-anfitriona-del-encuentro-plenario-de-rectores-del-cin\/#primaryimage\"},\"image\":{\"@id\":\"https:\/\/apuntesdesanluis.com\/index.php\/2023\/09\/08\/la-unsl-fue-anfitriona-del-encuentro-plenario-de-rectores-del-cin\/#primaryimage\"},\"thumbnailUrl\":\"https:\/\/apuntesdesanluis.com\/wp-content\/uploads\/2023\/09\/morinigo.png\",\"datePublished\":\"2023-09-08T22:48:40+00:00\",\"breadcrumb\":{\"@id\":\"https:\/\/apuntesdesanluis.com\/index.php\/2023\/09\/08\/la-unsl-fue-anfitriona-del-encuentro-plenario-de-rectores-del-cin\/#breadcrumb\"},\"inLanguage\":\"es-AR\",\"potentialAction\":[{\"@type\":\"ReadAction\",\"target\":[\"https:\/\/apuntesdesanluis.com\/index.php\/2023\/09\/08\/la-unsl-fue-anfitriona-del-encuentro-plenario-de-rectores-del-cin\/\"]}]},{\"@type\":\"ImageObject\",\"inLanguage\":\"es-AR\",\"@id\":\"https:\/\/apuntesdesanluis.com\/index.php\/2023\/09\/08\/la-unsl-fue-anfitriona-del-encuentro-plenario-de-rectores-del-cin\/#primaryimage\",\"url\":\"https:\/\/apuntesdesanluis.com\/wp-content\/uploads\/2023\/09\/morinigo.png\",\"contentUrl\":\"https:\/\/apuntesdesanluis.com\/wp-content\/uploads\/2023\/09\/morinigo.png\",\"width\":691,\"height\":430},{\"@type\":\"BreadcrumbList\",\"@id\":\"https:\/\/apuntesdesanluis.com\/index.php\/2023\/09\/08\/la-unsl-fue-anfitriona-del-encuentro-plenario-de-rectores-del-cin\/#breadcrumb\",\"itemListElement\":[{\"@type\":\"ListItem\",\"position\":1,\"name\":\"Inicio\",\"item\":\"https:\/\/apuntesdesanluis.com\/\"},{\"@type\":\"ListItem\",\"position\":2,\"name\":\"LA UNSL FUE ANFITRIONA DEL ENCUENTRO PLENARIO DE RECTORES DEL CIN\"}]},{\"@type\":\"WebSite\",\"@id\":\"https:\/\/apuntesdesanluis.com\/#website\",\"url\":\"https:\/\/apuntesdesanluis.com\/\",\"name\":\"Apuntes de San Luis\",\"description\":\"\",\"publisher\":{\"@id\":\"https:\/\/apuntesdesanluis.com\/#\/schema\/person\/b55151d52296fcce64d1a72538a70b90\"},\"potentialAction\":[{\"@type\":\"SearchAction\",\"target\":{\"@type\":\"EntryPoint\",\"urlTemplate\":\"https:\/\/apuntesdesanluis.com\/?s={search_term_string}\"},\"query-input\":{\"@type\":\"PropertyValueSpecification\",\"valueRequired\":true,\"valueName\":\"search_term_string\"}}],\"inLanguage\":\"es-AR\"},{\"@type\":[\"Person\",\"Organization\"],\"@id\":\"https:\/\/apuntesdesanluis.com\/#\/schema\/person\/b55151d52296fcce64d1a72538a70b90\",\"name\":\"apuntesdesanluis.com\",\"image\":{\"@type\":\"ImageObject\",\"inLanguage\":\"es-AR\",\"@id\":\"https:\/\/apuntesdesanluis.com\/#\/schema\/person\/image\/\",\"url\":\"https:\/\/apuntesdesanluis.com\/wp-content\/uploads\/2023\/07\/cropped-apuntesdesanluis.png\",\"contentUrl\":\"https:\/\/apuntesdesanluis.com\/wp-content\/uploads\/2023\/07\/cropped-apuntesdesanluis.png\",\"width\":450,\"height\":112,\"caption\":\"apuntesdesanluis.com\"},\"logo\":{\"@id\":\"https:\/\/apuntesdesanluis.com\/#\/schema\/person\/image\/\"},\"sameAs\":[\"https:\/\/apuntesdesanluis.com\"],\"url\":\"https:\/\/apuntesdesanluis.com\/index.php\/author\/apuntesdesanluis-com\/\"}]}<\/script>\n<!-- \/ Yoast SEO plugin. -->","yoast_head_json":{"title":"LA UNSL FUE ANFITRIONA DEL ENCUENTRO PLENARIO DE RECTORES DEL CIN - Apuntes de San Luis","robots":{"index":"index","follow":"follow","max-snippet":"max-snippet:-1","max-image-preview":"max-image-preview:large","max-video-preview":"max-video-preview:-1"},"canonical":"https:\/\/apuntesdesanluis.com\/index.php\/2023\/09\/08\/la-unsl-fue-anfitriona-del-encuentro-plenario-de-rectores-del-cin\/","og_locale":"es_ES","og_type":"article","og_title":"LA UNSL FUE ANFITRIONA DEL ENCUENTRO PLENARIO DE RECTORES DEL CIN - Apuntes de San Luis","og_description":"Este viernes se realiz\u00f3 el 90\u00b0 Plenario de Rectoras y Rectores del Consejo Interuniversitario Nacional...","og_url":"https:\/\/apuntesdesanluis.com\/index.php\/2023\/09\/08\/la-unsl-fue-anfitriona-del-encuentro-plenario-de-rectores-del-cin\/","og_site_name":"Apuntes de San Luis","article_published_time":"2023-09-08T22:48:40+00:00","og_image":[{"width":691,"height":430,"url":"https:\/\/apuntesdesanluis.com\/wp-content\/uploads\/2023\/09\/morinigo.png","type":"image\/png"}],"author":"apuntesdesanluis.com","twitter_card":"summary_large_image","twitter_misc":{"Escrito por":"apuntesdesanluis.com","Tiempo de lectura":"3 minutos"},"schema":{"@context":"https:\/\/schema.org","@graph":[{"@type":"Article","@id":"https:\/\/apuntesdesanluis.com\/index.php\/2023\/09\/08\/la-unsl-fue-anfitriona-del-encuentro-plenario-de-rectores-del-cin\/#article","isPartOf":{"@id":"https:\/\/apuntesdesanluis.com\/index.php\/2023\/09\/08\/la-unsl-fue-anfitriona-del-encuentro-plenario-de-rectores-del-cin\/"},"author":{"name":"apuntesdesanluis.com","@id":"https:\/\/apuntesdesanluis.com\/#\/schema\/person\/b55151d52296fcce64d1a72538a70b90"},"headline":"LA UNSL FUE ANFITRIONA DEL ENCUENTRO PLENARIO DE RECTORES DEL CIN","datePublished":"2023-09-08T22:48:40+00:00","mainEntityOfPage":{"@id":"https:\/\/apuntesdesanluis.com\/index.php\/2023\/09\/08\/la-unsl-fue-anfitriona-del-encuentro-plenario-de-rectores-del-cin\/"},"wordCount":595,"publisher":{"@id":"https:\/\/apuntesdesanluis.com\/#\/schema\/person\/b55151d52296fcce64d1a72538a70b90"},"image":{"@id":"https:\/\/apuntesdesanluis.com\/index.php\/2023\/09\/08\/la-unsl-fue-anfitriona-del-encuentro-plenario-de-rectores-del-cin\/#primaryimage"},"thumbnailUrl":"https:\/\/apuntesdesanluis.com\/wp-content\/uploads\/2023\/09\/morinigo.png","articleSection":["Ciudad\/Provincia"],"inLanguage":"es-AR"},{"@type":"WebPage","@id":"https:\/\/apuntesdesanluis.com\/index.php\/2023\/09\/08\/la-unsl-fue-anfitriona-del-encuentro-plenario-de-rectores-del-cin\/","url":"https:\/\/apuntesdesanluis.com\/index.php\/2023\/09\/08\/la-unsl-fue-anfitriona-del-encuentro-plenario-de-rectores-del-cin\/","name":"LA UNSL FUE ANFITRIONA DEL ENCUENTRO PLENARIO DE RECTORES DEL CIN - Apuntes de San Luis","isPartOf":{"@id":"https:\/\/apuntesdesanluis.com\/#website"},"primaryImageOfPage":{"@id":"https:\/\/apuntesdesanluis.com\/index.php\/2023\/09\/08\/la-unsl-fue-anfitriona-del-encuentro-plenario-de-rectores-del-cin\/#primaryimage"},"image":{"@id":"https:\/\/apuntesdesanluis.com\/index.php\/2023\/09\/08\/la-unsl-fue-anfitriona-del-encuentro-plenario-de-rectores-del-cin\/#primaryimage"},"thumbnailUrl":"https:\/\/apuntesdesanluis.com\/wp-content\/uploads\/2023\/09\/morinigo.png","datePublished":"2023-09-08T22:48:40+00:00","breadcrumb":{"@id":"https:\/\/apuntesdesanluis.com\/index.php\/2023\/09\/08\/la-unsl-fue-anfitriona-del-encuentro-plenario-de-rectores-del-cin\/#breadcrumb"},"inLanguage":"es-AR","potentialAction":[{"@type":"ReadAction","target":["https:\/\/apuntesdesanluis.com\/index.php\/2023\/09\/08\/la-unsl-fue-anfitriona-del-encuentro-plenario-de-rectores-del-cin\/"]}]},{"@type":"ImageObject","inLanguage":"es-AR","@id":"https:\/\/apuntesdesanluis.com\/index.php\/2023\/09\/08\/la-unsl-fue-anfitriona-del-encuentro-plenario-de-rectores-del-cin\/#primaryimage","url":"https:\/\/apuntesdesanluis.com\/wp-content\/uploads\/2023\/09\/morinigo.png","contentUrl":"https:\/\/apuntesdesanluis.com\/wp-content\/uploads\/2023\/09\/morinigo.png","width":691,"height":430},{"@type":"BreadcrumbList","@id":"https:\/\/apuntesdesanluis.com\/index.php\/2023\/09\/08\/la-unsl-fue-anfitriona-del-encuentro-plenario-de-rectores-del-cin\/#breadcrumb","itemListElement":[{"@type":"ListItem","position":1,"name":"Inicio","item":"https:\/\/apuntesdesanluis.com\/"},{"@type":"ListItem","position":2,"name":"LA UNSL FUE ANFITRIONA DEL ENCUENTRO PLENARIO DE RECTORES DEL CIN"}]},{"@type":"WebSite","@id":"https:\/\/apuntesdesanluis.com\/#website","url":"https:\/\/apuntesdesanluis.com\/","name":"Apuntes de San Luis","description":"","publisher":{"@id":"https:\/\/apuntesdesanluis.com\/#\/schema\/person\/b55151d52296fcce64d1a72538a70b90"},"potentialAction":[{"@type":"SearchAction","target":{"@type":"EntryPoint","urlTemplate":"https:\/\/apuntesdesanluis.com\/?s={search_term_string}"},"query-input":{"@type":"PropertyValueSpecification","valueRequired":true,"valueName":"search_term_string"}}],"inLanguage":"es-AR"},{"@type":["Person","Organization"],"@id":"https:\/\/apuntesdesanluis.com\/#\/schema\/person\/b55151d52296fcce64d1a72538a70b90","name":"apuntesdesanluis.com","image":{"@type":"ImageObject","inLanguage":"es-AR","@id":"https:\/\/apuntesdesanluis.com\/#\/schema\/person\/image\/","url":"https:\/\/apuntesdesanluis.com\/wp-content\/uploads\/2023\/07\/cropped-apuntesdesanluis.png","contentUrl":"https:\/\/apuntesdesanluis.com\/wp-content\/uploads\/2023\/07\/cropped-apuntesdesanluis.png","width":450,"height":112,"caption":"apuntesdesanluis.com"},"logo":{"@id":"https:\/\/apuntesdesanluis.com\/#\/schema\/person\/image\/"},"sameAs":["https:\/\/apuntesdesanluis.com"],"url":"https:\/\/apuntesdesanluis.com\/index.php\/author\/apuntesdesanluis-com\/"}]}},"featured_image_urls":{"full":["https:\/\/apuntesdesanluis.com\/wp-content\/uploads\/2023\/09\/morinigo.png",691,430,false],"thumbnail":["https:\/\/apuntesdesanluis.com\/wp-content\/uploads\/2023\/09\/morinigo-150x150.png",150,150,true],"medium":["https:\/\/apuntesdesanluis.com\/wp-content\/uploads\/2023\/09\/morinigo-300x187.png",300,187,true],"medium_large":["https:\/\/apuntesdesanluis.com\/wp-content\/uploads\/2023\/09\/morinigo.png",640,398,false],"large":["https:\/\/apuntesdesanluis.com\/wp-content\/uploads\/2023\/09\/morinigo.png",640,398,false],"1536x1536":["https:\/\/apuntesdesanluis.com\/wp-content\/uploads\/2023\/09\/morinigo.png",691,430,false],"2048x2048":["https:\/\/apuntesdesanluis.com\/wp-content\/uploads\/2023\/09\/morinigo.png",691,430,false],"newsever-slider-full":["https:\/\/apuntesdesanluis.com\/wp-content\/uploads\/2023\/09\/morinigo.png",691,430,false],"newsever-featured":["https:\/\/apuntesdesanluis.com\/wp-content\/uploads\/2023\/09\/morinigo.png",691,430,false],"newsever-medium":["https:\/\/apuntesdesanluis.com\/wp-content\/uploads\/2023\/09\/morinigo.png",691,430,false]},"author_info":{"display_name":"apuntesdesanluis.com","author_link":"https:\/\/apuntesdesanluis.com\/index.php\/author\/apuntesdesanluis-com\/"},"category_info":"<a href=\"https:\/\/apuntesdesanluis.com\/index.php\/category\/ciudad-provincia\/\" rel=\"category tag\">Ciudad\/Provincia<\/a>","tag_info":"Ciudad\/Provincia","comment_count":"0","_links":{"self":[{"href":"https:\/\/apuntesdesanluis.com\/index.php\/wp-json\/wp\/v2\/posts\/2956","targetHints":{"allow":["GET"]}}],"collection":[{"href":"https:\/\/apuntesdesanluis.com\/index.php\/wp-json\/wp\/v2\/posts"}],"about":[{"href":"https:\/\/apuntesdesanluis.com\/index.php\/wp-json\/wp\/v2\/types\/post"}],"author":[{"embeddable":true,"href":"https:\/\/apuntesdesanluis.com\/index.php\/wp-json\/wp\/v2\/users\/1"}],"replies":[{"embeddable":true,"href":"https:\/\/apuntesdesanluis.com\/index.php\/wp-json\/wp\/v2\/comments?post=2956"}],"version-history":[{"count":1,"href":"https:\/\/apuntesdesanluis.com\/index.php\/wp-json\/wp\/v2\/posts\/2956\/revisions"}],"predecessor-version":[{"id":2958,"href":"https:\/\/apuntesdesanluis.com\/index.php\/wp-json\/wp\/v2\/posts\/2956\/revisions\/2958"}],"wp:featuredmedia":[{"embeddable":true,"href":"https:\/\/apuntesdesanluis.com\/index.php\/wp-json\/wp\/v2\/media\/2957"}],"wp:attachment":[{"href":"https:\/\/apuntesdesanluis.com\/index.php\/wp-json\/wp\/v2\/media?parent=2956"}],"wp:term":[{"taxonomy":"category","embeddable":true,"href":"https:\/\/apuntesdesanluis.com\/index.php\/wp-json\/wp\/v2\/categories?post=2956"},{"taxonomy":"post_tag","embeddable":true,"href":"https:\/\/apuntesdesanluis.com\/index.php\/wp-json\/wp\/v2\/tags?post=2956"}],"curies":[{"name":"wp","href":"https:\/\/api.w.org\/{rel}","templated":true}]}}