{"id":29576,"date":"2025-02-20T23:22:01","date_gmt":"2025-02-21T02:22:01","guid":{"rendered":"https:\/\/apuntesdesanluis.com\/?p=29576"},"modified":"2025-02-21T00:04:23","modified_gmt":"2025-02-21T03:04:23","slug":"el-senado-sanciono-la-ley-que-suspende-las-paso-para-este-ano","status":"publish","type":"post","link":"https:\/\/apuntesdesanluis.com\/index.php\/2025\/02\/20\/el-senado-sanciono-la-ley-que-suspende-las-paso-para-este-ano\/","title":{"rendered":"EL SENADO SANCION\u00d3 LA LEY QUE SUSPENDE LAS PASO PARA ESTE A\u00d1O"},"content":{"rendered":"<h3>El pleno del <strong>Senado sancion\u00f3 esta noche la ley que suspende las PASO<\/strong> para el corriente a\u00f1o, por lo que el Gobierno consigui\u00f3 cumplir con el objetivo primordial de las sesiones extraordinarias, que finalizan ma\u00f1ana.<\/h3>\n<h3>La iniciativa obtuvo la mayor\u00eda absoluta -37, obligatorio- de 43 votos entre oficialistas, varios dialoguistas -algunos, divididos- y un kirchnerismo que se fractur\u00f3 en este tema como en Diputados, mientras que hubo 20 rechazos y seis abstenciones.<\/h3>\n<h3>\u201cSon muy pocos los espacios que han tenido la posibilidad de dirimir su propia interna a la hora de las PASO\u201d, asegur\u00f3 la senadora del peronismo disidente y titular de la comisi\u00f3n de Asuntos Constitucionales de la C\u00e1mara alta, Alejandra Vigo (C\u00f3rdoba), quien fue la miembro informante.<\/h3>\n<h3>Vigo repiti\u00f3 argumentos del Ejecutivo en relaci\u00f3n con el proyecto, en cuanto a que las PASO no significaron ning\u00fan \u201cremedio\u201d para la crisis de representaci\u00f3n pol\u00edtica y que sirven \u201ccomo una gran encuesta\u201d, seg\u00fan dijo. Y agreg\u00f3: \u201cCon su eliminaci\u00f3n -en realidad, suspensi\u00f3n-, los partidos retoman la libertad de elegir su propia organizaci\u00f3n, cosa que tambi\u00e9n contempla en la actualidad la ley de partidos pol\u00edticos\u201d.<\/h3>\n<h3>La legisladora cordobesa luego desliz\u00f3 que el Gobierno fij\u00f3 el gasto de las PASO en USD 150 millones. Seguido a ello, destac\u00f3 que result\u00f3 \u201cno ser el mejor sistema\u201d y que, si bien no era ideal tratar el tema, \u201cel ciudadano de a pie, a la larga, va a valorar este proyecto\u201d, sobre todo, \u201cen el contexto que transitamos\u201d.<\/h3>\n<p><img fetchpriority=\"high\" decoding=\"async\" class=\"wp-image-29578 aligncenter\" src=\"https:\/\/apuntesdesanluis.com\/wp-content\/uploads\/2025\/02\/paso-suspendidas-300x191.png\" alt=\"\" width=\"694\" height=\"442\" srcset=\"https:\/\/apuntesdesanluis.com\/wp-content\/uploads\/2025\/02\/paso-suspendidas-300x191.png 300w, https:\/\/apuntesdesanluis.com\/wp-content\/uploads\/2025\/02\/paso-suspendidas-768x489.png 768w, https:\/\/apuntesdesanluis.com\/wp-content\/uploads\/2025\/02\/paso-suspendidas.png 791w\" sizes=\"(max-width: 694px) 100vw, 694px\" \/><\/p>\n<h3>Desde el Frente de Todos, el peronista pampeano Pablo Bensus\u00e1n -se abstuvo- critic\u00f3 la gesti\u00f3n econ\u00f3mica del Gobierno libertario. \u201c\u00bfLes parece, con la crisis que est\u00e1n viviendo los argentinos, que estemos tratando la suspensi\u00f3n de las PASO en sesiones extraordinarias? Me parece que le estamos errando\u201d, manifest\u00f3. Y advirti\u00f3 al Ejecutivo para que \u201caproveche el tiempo para empezar a capacitar a la ciudadan\u00eda, que no tiene idea c\u00f3mo votar la Boleta \u00danica de Papel\u201d.<\/h3>\n<h3>Quien vot\u00f3 en contra fue el radical Pablo Blanco, pese a que suscribi\u00f3 el dictamen de mayor\u00eda en disidencia y permiti\u00f3 que aterrizara el tema en el recinto. \u201cEs una herramienta que permiti\u00f3 a varios poder haber accedido a una banca. Si hubiera sido una interna cerrada o abierta, algunos no estar\u00edan sentados\u201d, enfatiz\u00f3.<\/h3>\n<h3>Blanco apunt\u00f3 sobre el potencial \u201cahorro\u201d de USD 150 millones. En ese sentido, pregunt\u00f3: \u201c\u00bfD\u00f3nde van a ir? \u00bfA a partidas de libre disponibilidad del Gobierno nacional, que est\u00e1 con un presupuesto reconducido de dos a\u00f1os atr\u00e1s?\u201d. Y finaliz\u00f3: \u201cCuando tratamos la boleta \u00fanica, dec\u00edamos que iba a haber un mont\u00f3n de ahorro de plata y ahora es un gastadero las PASO\u201d. En tanto, su colega Edith Terenzi (Chubut) comprometi\u00f3 el voto a favor de la ley y, de manera curiosa, a\u00f1adi\u00f3 que no volver\u00e1 aprobar un texto similar. Una postura similar adopt\u00f3 Guadalupe Tagliaferri (PRO).<\/h3>\n<h3>Uno de los que se diferenci\u00f3 en el Frente de Todos fue el catamarque\u00f1o Guillermo Andrada. \u201cDe 2011 a 2023 ha ido lentamente cayendo la participaci\u00f3n. Si uno toma mi provincia, en ninguna de las elecciones generales ha sido menos que en las PASO. De un 78% pas\u00f3 a casi un 70%, lo que genera una idea de que el ciudadano lo toma como una acci\u00f3n secundaria\u201d, sostuvo el legislador peronista.<\/h3>\n<h3>Su compa\u00f1era de interbloque, Carolina Mois\u00e9s (Jujuy), se\u00f1al\u00f3: \u201cNo hay una molestia de la sociedad con la democracia o la pol\u00edtica, sino con los partidos pol\u00edticos, que no se han democratizado m\u00e1s por las PASO. Esa molestia est\u00e1 generada porque el sistema le exige demasiado a los ciudadanos y genera confusi\u00f3n. Ahora tenemos que ser capaces de contrastar entre lo ideal que planteaba el proyecto con la realidad\u201d.<\/h3>\n<h3>Otro radical que se opuso a la suspensi\u00f3n de las PASO fue el bonaerense Maximiliano Abad (Buenos Aires), quien reflexion\u00f3: \u201c\u00bfDebemos reconsiderar las primarias cuando no hay competencia interna? Por supuesto. \u00bfHay que intentar optimizar recursos y bajar el gasto? Tambi\u00e9n, pero circunscribir este debate al plano econ\u00f3mico implica ponerle precio a la democracia. Remover un sistema que funciona, y que legitima la representaci\u00f3n pol\u00edtica colocando en el centro de la escena a los electores, nos deja ante un panorama de retroceso en t\u00e9rminos institucionales\u201d. El hasta hace meses libertario Francisco Paoltroni fue en el mismo sentido.<\/h3>\n<h3>El cierre del debate estuvo a cargo del jefe de la Libertad Avanza en la C\u00e1mara alta, Ezequiel Atauche. \u201cDesde 2011 hubo s\u00f3lo diez agrupaciones pol\u00edticas que dirimieron internas: el 40% obtuvo el 1,5% -pasar clasificar a la general-, es un abuso del sistema\u201d. Y sum\u00f3 que \u201cning\u00fan pa\u00eds de la regi\u00f3n tiene PASO\u201d.<\/h3>\n<p>&nbsp;<\/p>\n<p>&nbsp;<\/p>\n<p>&nbsp;<\/p>\n<h3><\/h3>\n<h3><\/h3>\n<p>&nbsp;<\/p>\n","protected":false},"excerpt":{"rendered":"<p>El pleno del Senado sancion\u00f3 esta noche la ley que suspende las PASO para el&#8230;<\/p>\n","protected":false},"author":1,"featured_media":29580,"comment_status":"closed","ping_status":"closed","sticky":false,"template":"","format":"standard","meta":{"footnotes":""},"categories":[5],"tags":[],"class_list":["post-29576","post","type-post","status-publish","format-standard","has-post-thumbnail","hentry","category-nacionales-internacionales"],"yoast_head":"<!-- This site is optimized with the Yoast SEO plugin v26.1.1 - https:\/\/yoast.com\/wordpress\/plugins\/seo\/ -->\n<title>EL SENADO SANCION\u00d3 LA LEY QUE SUSPENDE LAS PASO PARA ESTE A\u00d1O - Apuntes de San Luis<\/title>\n<meta name=\"robots\" content=\"index, follow, max-snippet:-1, max-image-preview:large, max-video-preview:-1\" \/>\n<link rel=\"canonical\" href=\"https:\/\/apuntesdesanluis.com\/index.php\/2025\/02\/20\/el-senado-sanciono-la-ley-que-suspende-las-paso-para-este-ano\/\" \/>\n<meta property=\"og:locale\" content=\"es_ES\" \/>\n<meta property=\"og:type\" content=\"article\" \/>\n<meta property=\"og:title\" content=\"EL SENADO SANCION\u00d3 LA LEY QUE SUSPENDE LAS PASO PARA ESTE A\u00d1O - Apuntes de San Luis\" \/>\n<meta property=\"og:description\" content=\"El pleno del Senado sancion\u00f3 esta noche la ley que suspende las PASO para el...\" \/>\n<meta property=\"og:url\" content=\"https:\/\/apuntesdesanluis.com\/index.php\/2025\/02\/20\/el-senado-sanciono-la-ley-que-suspende-las-paso-para-este-ano\/\" \/>\n<meta property=\"og:site_name\" content=\"Apuntes de San Luis\" \/>\n<meta property=\"article:published_time\" content=\"2025-02-21T02:22:01+00:00\" \/>\n<meta property=\"article:modified_time\" content=\"2025-02-21T03:04:23+00:00\" \/>\n<meta property=\"og:image\" content=\"https:\/\/apuntesdesanluis.com\/wp-content\/uploads\/2025\/02\/abdala-caNSADO.png\" \/>\n\t<meta property=\"og:image:width\" content=\"825\" \/>\n\t<meta property=\"og:image:height\" content=\"523\" \/>\n\t<meta property=\"og:image:type\" content=\"image\/png\" \/>\n<meta name=\"author\" content=\"apuntesdesanluis.com\" \/>\n<meta name=\"twitter:card\" content=\"summary_large_image\" \/>\n<meta name=\"twitter:label1\" content=\"Escrito por\" \/>\n\t<meta name=\"twitter:data1\" content=\"apuntesdesanluis.com\" \/>\n\t<meta name=\"twitter:label2\" content=\"Tiempo de lectura\" \/>\n\t<meta name=\"twitter:data2\" content=\"4 minutos\" \/>\n<script type=\"application\/ld+json\" class=\"yoast-schema-graph\">{\"@context\":\"https:\/\/schema.org\",\"@graph\":[{\"@type\":\"Article\",\"@id\":\"https:\/\/apuntesdesanluis.com\/index.php\/2025\/02\/20\/el-senado-sanciono-la-ley-que-suspende-las-paso-para-este-ano\/#article\",\"isPartOf\":{\"@id\":\"https:\/\/apuntesdesanluis.com\/index.php\/2025\/02\/20\/el-senado-sanciono-la-ley-que-suspende-las-paso-para-este-ano\/\"},\"author\":{\"name\":\"apuntesdesanluis.com\",\"@id\":\"https:\/\/apuntesdesanluis.com\/#\/schema\/person\/b55151d52296fcce64d1a72538a70b90\"},\"headline\":\"EL SENADO SANCION\u00d3 LA LEY QUE SUSPENDE LAS PASO PARA ESTE A\u00d1O\",\"datePublished\":\"2025-02-21T02:22:01+00:00\",\"dateModified\":\"2025-02-21T03:04:23+00:00\",\"mainEntityOfPage\":{\"@id\":\"https:\/\/apuntesdesanluis.com\/index.php\/2025\/02\/20\/el-senado-sanciono-la-ley-que-suspende-las-paso-para-este-ano\/\"},\"wordCount\":816,\"publisher\":{\"@id\":\"https:\/\/apuntesdesanluis.com\/#\/schema\/person\/b55151d52296fcce64d1a72538a70b90\"},\"image\":{\"@id\":\"https:\/\/apuntesdesanluis.com\/index.php\/2025\/02\/20\/el-senado-sanciono-la-ley-que-suspende-las-paso-para-este-ano\/#primaryimage\"},\"thumbnailUrl\":\"https:\/\/apuntesdesanluis.com\/wp-content\/uploads\/2025\/02\/abdala-caNSADO.png\",\"articleSection\":[\"Nacionales\/Internacionales\"],\"inLanguage\":\"es-AR\"},{\"@type\":\"WebPage\",\"@id\":\"https:\/\/apuntesdesanluis.com\/index.php\/2025\/02\/20\/el-senado-sanciono-la-ley-que-suspende-las-paso-para-este-ano\/\",\"url\":\"https:\/\/apuntesdesanluis.com\/index.php\/2025\/02\/20\/el-senado-sanciono-la-ley-que-suspende-las-paso-para-este-ano\/\",\"name\":\"EL SENADO SANCION\u00d3 LA LEY QUE SUSPENDE LAS PASO PARA ESTE A\u00d1O - Apuntes de San Luis\",\"isPartOf\":{\"@id\":\"https:\/\/apuntesdesanluis.com\/#website\"},\"primaryImageOfPage\":{\"@id\":\"https:\/\/apuntesdesanluis.com\/index.php\/2025\/02\/20\/el-senado-sanciono-la-ley-que-suspende-las-paso-para-este-ano\/#primaryimage\"},\"image\":{\"@id\":\"https:\/\/apuntesdesanluis.com\/index.php\/2025\/02\/20\/el-senado-sanciono-la-ley-que-suspende-las-paso-para-este-ano\/#primaryimage\"},\"thumbnailUrl\":\"https:\/\/apuntesdesanluis.com\/wp-content\/uploads\/2025\/02\/abdala-caNSADO.png\",\"datePublished\":\"2025-02-21T02:22:01+00:00\",\"dateModified\":\"2025-02-21T03:04:23+00:00\",\"breadcrumb\":{\"@id\":\"https:\/\/apuntesdesanluis.com\/index.php\/2025\/02\/20\/el-senado-sanciono-la-ley-que-suspende-las-paso-para-este-ano\/#breadcrumb\"},\"inLanguage\":\"es-AR\",\"potentialAction\":[{\"@type\":\"ReadAction\",\"target\":[\"https:\/\/apuntesdesanluis.com\/index.php\/2025\/02\/20\/el-senado-sanciono-la-ley-que-suspende-las-paso-para-este-ano\/\"]}]},{\"@type\":\"ImageObject\",\"inLanguage\":\"es-AR\",\"@id\":\"https:\/\/apuntesdesanluis.com\/index.php\/2025\/02\/20\/el-senado-sanciono-la-ley-que-suspende-las-paso-para-este-ano\/#primaryimage\",\"url\":\"https:\/\/apuntesdesanluis.com\/wp-content\/uploads\/2025\/02\/abdala-caNSADO.png\",\"contentUrl\":\"https:\/\/apuntesdesanluis.com\/wp-content\/uploads\/2025\/02\/abdala-caNSADO.png\",\"width\":825,\"height\":523},{\"@type\":\"BreadcrumbList\",\"@id\":\"https:\/\/apuntesdesanluis.com\/index.php\/2025\/02\/20\/el-senado-sanciono-la-ley-que-suspende-las-paso-para-este-ano\/#breadcrumb\",\"itemListElement\":[{\"@type\":\"ListItem\",\"position\":1,\"name\":\"Inicio\",\"item\":\"https:\/\/apuntesdesanluis.com\/\"},{\"@type\":\"ListItem\",\"position\":2,\"name\":\"EL SENADO SANCION\u00d3 LA LEY QUE SUSPENDE LAS PASO PARA ESTE A\u00d1O\"}]},{\"@type\":\"WebSite\",\"@id\":\"https:\/\/apuntesdesanluis.com\/#website\",\"url\":\"https:\/\/apuntesdesanluis.com\/\",\"name\":\"Apuntes de San Luis\",\"description\":\"\",\"publisher\":{\"@id\":\"https:\/\/apuntesdesanluis.com\/#\/schema\/person\/b55151d52296fcce64d1a72538a70b90\"},\"potentialAction\":[{\"@type\":\"SearchAction\",\"target\":{\"@type\":\"EntryPoint\",\"urlTemplate\":\"https:\/\/apuntesdesanluis.com\/?s={search_term_string}\"},\"query-input\":{\"@type\":\"PropertyValueSpecification\",\"valueRequired\":true,\"valueName\":\"search_term_string\"}}],\"inLanguage\":\"es-AR\"},{\"@type\":[\"Person\",\"Organization\"],\"@id\":\"https:\/\/apuntesdesanluis.com\/#\/schema\/person\/b55151d52296fcce64d1a72538a70b90\",\"name\":\"apuntesdesanluis.com\",\"image\":{\"@type\":\"ImageObject\",\"inLanguage\":\"es-AR\",\"@id\":\"https:\/\/apuntesdesanluis.com\/#\/schema\/person\/image\/\",\"url\":\"https:\/\/apuntesdesanluis.com\/wp-content\/uploads\/2023\/07\/cropped-apuntesdesanluis.png\",\"contentUrl\":\"https:\/\/apuntesdesanluis.com\/wp-content\/uploads\/2023\/07\/cropped-apuntesdesanluis.png\",\"width\":450,\"height\":112,\"caption\":\"apuntesdesanluis.com\"},\"logo\":{\"@id\":\"https:\/\/apuntesdesanluis.com\/#\/schema\/person\/image\/\"},\"sameAs\":[\"https:\/\/apuntesdesanluis.com\"],\"url\":\"https:\/\/apuntesdesanluis.com\/index.php\/author\/apuntesdesanluis-com\/\"}]}<\/script>\n<!-- \/ Yoast SEO plugin. -->","yoast_head_json":{"title":"EL SENADO SANCION\u00d3 LA LEY QUE SUSPENDE LAS PASO PARA ESTE A\u00d1O - Apuntes de San Luis","robots":{"index":"index","follow":"follow","max-snippet":"max-snippet:-1","max-image-preview":"max-image-preview:large","max-video-preview":"max-video-preview:-1"},"canonical":"https:\/\/apuntesdesanluis.com\/index.php\/2025\/02\/20\/el-senado-sanciono-la-ley-que-suspende-las-paso-para-este-ano\/","og_locale":"es_ES","og_type":"article","og_title":"EL SENADO SANCION\u00d3 LA LEY QUE SUSPENDE LAS PASO PARA ESTE A\u00d1O - Apuntes de San Luis","og_description":"El pleno del Senado sancion\u00f3 esta noche la ley que suspende las PASO para el...","og_url":"https:\/\/apuntesdesanluis.com\/index.php\/2025\/02\/20\/el-senado-sanciono-la-ley-que-suspende-las-paso-para-este-ano\/","og_site_name":"Apuntes de San Luis","article_published_time":"2025-02-21T02:22:01+00:00","article_modified_time":"2025-02-21T03:04:23+00:00","og_image":[{"width":825,"height":523,"url":"https:\/\/apuntesdesanluis.com\/wp-content\/uploads\/2025\/02\/abdala-caNSADO.png","type":"image\/png"}],"author":"apuntesdesanluis.com","twitter_card":"summary_large_image","twitter_misc":{"Escrito por":"apuntesdesanluis.com","Tiempo de lectura":"4 minutos"},"schema":{"@context":"https:\/\/schema.org","@graph":[{"@type":"Article","@id":"https:\/\/apuntesdesanluis.com\/index.php\/2025\/02\/20\/el-senado-sanciono-la-ley-que-suspende-las-paso-para-este-ano\/#article","isPartOf":{"@id":"https:\/\/apuntesdesanluis.com\/index.php\/2025\/02\/20\/el-senado-sanciono-la-ley-que-suspende-las-paso-para-este-ano\/"},"author":{"name":"apuntesdesanluis.com","@id":"https:\/\/apuntesdesanluis.com\/#\/schema\/person\/b55151d52296fcce64d1a72538a70b90"},"headline":"EL SENADO SANCION\u00d3 LA LEY QUE SUSPENDE LAS PASO PARA ESTE A\u00d1O","datePublished":"2025-02-21T02:22:01+00:00","dateModified":"2025-02-21T03:04:23+00:00","mainEntityOfPage":{"@id":"https:\/\/apuntesdesanluis.com\/index.php\/2025\/02\/20\/el-senado-sanciono-la-ley-que-suspende-las-paso-para-este-ano\/"},"wordCount":816,"publisher":{"@id":"https:\/\/apuntesdesanluis.com\/#\/schema\/person\/b55151d52296fcce64d1a72538a70b90"},"image":{"@id":"https:\/\/apuntesdesanluis.com\/index.php\/2025\/02\/20\/el-senado-sanciono-la-ley-que-suspende-las-paso-para-este-ano\/#primaryimage"},"thumbnailUrl":"https:\/\/apuntesdesanluis.com\/wp-content\/uploads\/2025\/02\/abdala-caNSADO.png","articleSection":["Nacionales\/Internacionales"],"inLanguage":"es-AR"},{"@type":"WebPage","@id":"https:\/\/apuntesdesanluis.com\/index.php\/2025\/02\/20\/el-senado-sanciono-la-ley-que-suspende-las-paso-para-este-ano\/","url":"https:\/\/apuntesdesanluis.com\/index.php\/2025\/02\/20\/el-senado-sanciono-la-ley-que-suspende-las-paso-para-este-ano\/","name":"EL SENADO SANCION\u00d3 LA LEY QUE SUSPENDE LAS PASO PARA ESTE A\u00d1O - Apuntes de San Luis","isPartOf":{"@id":"https:\/\/apuntesdesanluis.com\/#website"},"primaryImageOfPage":{"@id":"https:\/\/apuntesdesanluis.com\/index.php\/2025\/02\/20\/el-senado-sanciono-la-ley-que-suspende-las-paso-para-este-ano\/#primaryimage"},"image":{"@id":"https:\/\/apuntesdesanluis.com\/index.php\/2025\/02\/20\/el-senado-sanciono-la-ley-que-suspende-las-paso-para-este-ano\/#primaryimage"},"thumbnailUrl":"https:\/\/apuntesdesanluis.com\/wp-content\/uploads\/2025\/02\/abdala-caNSADO.png","datePublished":"2025-02-21T02:22:01+00:00","dateModified":"2025-02-21T03:04:23+00:00","breadcrumb":{"@id":"https:\/\/apuntesdesanluis.com\/index.php\/2025\/02\/20\/el-senado-sanciono-la-ley-que-suspende-las-paso-para-este-ano\/#breadcrumb"},"inLanguage":"es-AR","potentialAction":[{"@type":"ReadAction","target":["https:\/\/apuntesdesanluis.com\/index.php\/2025\/02\/20\/el-senado-sanciono-la-ley-que-suspende-las-paso-para-este-ano\/"]}]},{"@type":"ImageObject","inLanguage":"es-AR","@id":"https:\/\/apuntesdesanluis.com\/index.php\/2025\/02\/20\/el-senado-sanciono-la-ley-que-suspende-las-paso-para-este-ano\/#primaryimage","url":"https:\/\/apuntesdesanluis.com\/wp-content\/uploads\/2025\/02\/abdala-caNSADO.png","contentUrl":"https:\/\/apuntesdesanluis.com\/wp-content\/uploads\/2025\/02\/abdala-caNSADO.png","width":825,"height":523},{"@type":"BreadcrumbList","@id":"https:\/\/apuntesdesanluis.com\/index.php\/2025\/02\/20\/el-senado-sanciono-la-ley-que-suspende-las-paso-para-este-ano\/#breadcrumb","itemListElement":[{"@type":"ListItem","position":1,"name":"Inicio","item":"https:\/\/apuntesdesanluis.com\/"},{"@type":"ListItem","position":2,"name":"EL SENADO SANCION\u00d3 LA LEY QUE SUSPENDE LAS PASO PARA ESTE A\u00d1O"}]},{"@type":"WebSite","@id":"https:\/\/apuntesdesanluis.com\/#website","url":"https:\/\/apuntesdesanluis.com\/","name":"Apuntes de San Luis","description":"","publisher":{"@id":"https:\/\/apuntesdesanluis.com\/#\/schema\/person\/b55151d52296fcce64d1a72538a70b90"},"potentialAction":[{"@type":"SearchAction","target":{"@type":"EntryPoint","urlTemplate":"https:\/\/apuntesdesanluis.com\/?s={search_term_string}"},"query-input":{"@type":"PropertyValueSpecification","valueRequired":true,"valueName":"search_term_string"}}],"inLanguage":"es-AR"},{"@type":["Person","Organization"],"@id":"https:\/\/apuntesdesanluis.com\/#\/schema\/person\/b55151d52296fcce64d1a72538a70b90","name":"apuntesdesanluis.com","image":{"@type":"ImageObject","inLanguage":"es-AR","@id":"https:\/\/apuntesdesanluis.com\/#\/schema\/person\/image\/","url":"https:\/\/apuntesdesanluis.com\/wp-content\/uploads\/2023\/07\/cropped-apuntesdesanluis.png","contentUrl":"https:\/\/apuntesdesanluis.com\/wp-content\/uploads\/2023\/07\/cropped-apuntesdesanluis.png","width":450,"height":112,"caption":"apuntesdesanluis.com"},"logo":{"@id":"https:\/\/apuntesdesanluis.com\/#\/schema\/person\/image\/"},"sameAs":["https:\/\/apuntesdesanluis.com"],"url":"https:\/\/apuntesdesanluis.com\/index.php\/author\/apuntesdesanluis-com\/"}]}},"featured_image_urls":{"full":["https:\/\/apuntesdesanluis.com\/wp-content\/uploads\/2025\/02\/abdala-caNSADO.png",825,523,false],"thumbnail":["https:\/\/apuntesdesanluis.com\/wp-content\/uploads\/2025\/02\/abdala-caNSADO-150x150.png",150,150,true],"medium":["https:\/\/apuntesdesanluis.com\/wp-content\/uploads\/2025\/02\/abdala-caNSADO-300x190.png",300,190,true],"medium_large":["https:\/\/apuntesdesanluis.com\/wp-content\/uploads\/2025\/02\/abdala-caNSADO-768x487.png",640,406,true],"large":["https:\/\/apuntesdesanluis.com\/wp-content\/uploads\/2025\/02\/abdala-caNSADO.png",640,406,false],"1536x1536":["https:\/\/apuntesdesanluis.com\/wp-content\/uploads\/2025\/02\/abdala-caNSADO.png",825,523,false],"2048x2048":["https:\/\/apuntesdesanluis.com\/wp-content\/uploads\/2025\/02\/abdala-caNSADO.png",825,523,false],"newsever-slider-full":["https:\/\/apuntesdesanluis.com\/wp-content\/uploads\/2025\/02\/abdala-caNSADO.png",825,523,false],"newsever-featured":["https:\/\/apuntesdesanluis.com\/wp-content\/uploads\/2025\/02\/abdala-caNSADO.png",825,523,false],"newsever-medium":["https:\/\/apuntesdesanluis.com\/wp-content\/uploads\/2025\/02\/abdala-caNSADO-720x475.png",720,475,true]},"author_info":{"display_name":"apuntesdesanluis.com","author_link":"https:\/\/apuntesdesanluis.com\/index.php\/author\/apuntesdesanluis-com\/"},"category_info":"<a href=\"https:\/\/apuntesdesanluis.com\/index.php\/category\/nacionales-internacionales\/\" rel=\"category tag\">Nacionales\/Internacionales<\/a>","tag_info":"Nacionales\/Internacionales","comment_count":"0","_links":{"self":[{"href":"https:\/\/apuntesdesanluis.com\/index.php\/wp-json\/wp\/v2\/posts\/29576","targetHints":{"allow":["GET"]}}],"collection":[{"href":"https:\/\/apuntesdesanluis.com\/index.php\/wp-json\/wp\/v2\/posts"}],"about":[{"href":"https:\/\/apuntesdesanluis.com\/index.php\/wp-json\/wp\/v2\/types\/post"}],"author":[{"embeddable":true,"href":"https:\/\/apuntesdesanluis.com\/index.php\/wp-json\/wp\/v2\/users\/1"}],"replies":[{"embeddable":true,"href":"https:\/\/apuntesdesanluis.com\/index.php\/wp-json\/wp\/v2\/comments?post=29576"}],"version-history":[{"count":1,"href":"https:\/\/apuntesdesanluis.com\/index.php\/wp-json\/wp\/v2\/posts\/29576\/revisions"}],"predecessor-version":[{"id":29579,"href":"https:\/\/apuntesdesanluis.com\/index.php\/wp-json\/wp\/v2\/posts\/29576\/revisions\/29579"}],"wp:featuredmedia":[{"embeddable":true,"href":"https:\/\/apuntesdesanluis.com\/index.php\/wp-json\/wp\/v2\/media\/29580"}],"wp:attachment":[{"href":"https:\/\/apuntesdesanluis.com\/index.php\/wp-json\/wp\/v2\/media?parent=29576"}],"wp:term":[{"taxonomy":"category","embeddable":true,"href":"https:\/\/apuntesdesanluis.com\/index.php\/wp-json\/wp\/v2\/categories?post=29576"},{"taxonomy":"post_tag","embeddable":true,"href":"https:\/\/apuntesdesanluis.com\/index.php\/wp-json\/wp\/v2\/tags?post=29576"}],"curies":[{"name":"wp","href":"https:\/\/api.w.org\/{rel}","templated":true}]}}