{"id":29611,"date":"2025-02-21T18:31:34","date_gmt":"2025-02-21T21:31:34","guid":{"rendered":"https:\/\/apuntesdesanluis.com\/?p=29611"},"modified":"2025-02-21T18:34:56","modified_gmt":"2025-02-21T21:34:56","slug":"nacul-se-disculpo-ante-los-abogados-por-usar-terminos-generalizadores","status":"publish","type":"post","link":"https:\/\/apuntesdesanluis.com\/index.php\/2025\/02\/21\/nacul-se-disculpo-ante-los-abogados-por-usar-terminos-generalizadores\/","title":{"rendered":"NACUL SE DISCULP\u00d3 ANTE LOS ABOGADOS POR USAR \u201cT\u00c9RMINOS GENERALIZADORES\u201d"},"content":{"rendered":"<h3>Aunque sin retractarse un cent\u00edmetro de sus afirmaciones, el juez federal <strong>Juan Carlos Nacul<\/strong> envi\u00f3 una carta al <strong>Colegio de Abogados de Villa Mercedes<\/strong>, reconociendo que fue \u201cinoportuno y desacertado utilizar t\u00e9rminos generalizadores\u201d, motivo por el cual pidi\u00f3 \u201csinceras y expresas disculpas\u201d a quienes pudo ofender.<\/h3>\n<h3>Tras la conmoci\u00f3n que provocaron sus declaraciones en torno de la penetraci\u00f3n del narcotr\u00e1fico en las instituciones de seguridad y la justicia, y calificar que \u201cesta es una sociedad adicta\u201d, primero los magistrados y luego el Colegio de Abogados de Villa Mercedes expresaron su repudio a los dichos de su colega de la justicia federal.<\/h3>\n<p><img fetchpriority=\"high\" decoding=\"async\" class=\"wp-image-29614 aligncenter\" src=\"https:\/\/apuntesdesanluis.com\/wp-content\/uploads\/2025\/02\/Imagen-de-WhatsApp-2025-02-21-a-las-13.28.01_2754f5ca-257x300.jpg\" alt=\"\" width=\"528\" height=\"616\" srcset=\"https:\/\/apuntesdesanluis.com\/wp-content\/uploads\/2025\/02\/Imagen-de-WhatsApp-2025-02-21-a-las-13.28.01_2754f5ca-257x300.jpg 257w, https:\/\/apuntesdesanluis.com\/wp-content\/uploads\/2025\/02\/Imagen-de-WhatsApp-2025-02-21-a-las-13.28.01_2754f5ca.jpg 663w\" sizes=\"(max-width: 528px) 100vw, 528px\" \/><\/p>\n<p><img decoding=\"async\" class=\"wp-image-29615 aligncenter\" src=\"https:\/\/apuntesdesanluis.com\/wp-content\/uploads\/2025\/02\/Imagen-de-WhatsApp-2025-02-21-a-las-13.28.01_09cdbcfb-300x227.jpg\" alt=\"\" width=\"533\" height=\"403\" srcset=\"https:\/\/apuntesdesanluis.com\/wp-content\/uploads\/2025\/02\/Imagen-de-WhatsApp-2025-02-21-a-las-13.28.01_09cdbcfb-300x227.jpg 300w, https:\/\/apuntesdesanluis.com\/wp-content\/uploads\/2025\/02\/Imagen-de-WhatsApp-2025-02-21-a-las-13.28.01_09cdbcfb.jpg 664w\" sizes=\"(max-width: 533px) 100vw, 533px\" \/><\/p>\n<h3>De todos modos, la controversia lejos est\u00e1 de acallarse, m\u00e1s all\u00e1 de esta misiva enviada en las primeras horas del viernes. Por otro lado, se desconoce si tambi\u00e9n se disculp\u00f3 ante los magistrados.<\/h3>\n<h3>De un momento a otro se espera que tambi\u00e9n el Superior Tribunal de Justicia exprese su postura.<\/h3>\n<h3><\/h3>\n<h3><span style=\"color: #3366ff;\">NOTICIA RELACIONADA:<\/span><\/h3>\n<p><a href=\"https:\/\/apuntesdesanluis.com\/index.php\/2025\/02\/20\/el-dia-que-un-juez-federal-prendio-el-ventilador-sobre-las-ramificaciones-del-narcotrafico\/\" target=\"_blank\" rel=\"noopener\"><img decoding=\"async\" class=\"alignnone  wp-image-29618\" src=\"https:\/\/apuntesdesanluis.com\/wp-content\/uploads\/2025\/02\/VENTILADOR-300x219.png\" alt=\"\" width=\"436\" height=\"318\" srcset=\"https:\/\/apuntesdesanluis.com\/wp-content\/uploads\/2025\/02\/VENTILADOR-300x219.png 300w, https:\/\/apuntesdesanluis.com\/wp-content\/uploads\/2025\/02\/VENTILADOR.png 592w\" sizes=\"(max-width: 436px) 100vw, 436px\" \/><\/a><\/p>\n<p>&nbsp;<\/p>\n<p>&nbsp;<\/p>\n<p>&nbsp;<\/p>\n<p>&nbsp;<\/p>\n<p>&nbsp;<\/p>\n<p>&nbsp;<\/p>\n<p>&nbsp;<\/p>\n<p>&nbsp;<\/p>\n<p>&nbsp;<\/p>\n<p>&nbsp;<\/p>\n","protected":false},"excerpt":{"rendered":"<p>Aunque sin retractarse un cent\u00edmetro de sus afirmaciones, el juez federal Juan Carlos Nacul envi\u00f3&#8230;<\/p>\n","protected":false},"author":1,"featured_media":29612,"comment_status":"closed","ping_status":"closed","sticky":false,"template":"","format":"standard","meta":{"footnotes":""},"categories":[6],"tags":[],"class_list":["post-29611","post","type-post","status-publish","format-standard","has-post-thumbnail","hentry","category-ciudad-provincia"],"yoast_head":"<!-- This site is optimized with the Yoast SEO plugin v26.1.1 - https:\/\/yoast.com\/wordpress\/plugins\/seo\/ -->\n<title>NACUL SE DISCULP\u00d3 ANTE LOS ABOGADOS POR USAR \u201cT\u00c9RMINOS GENERALIZADORES\u201d - Apuntes de San Luis<\/title>\n<meta name=\"robots\" content=\"index, follow, max-snippet:-1, max-image-preview:large, max-video-preview:-1\" \/>\n<link rel=\"canonical\" href=\"https:\/\/apuntesdesanluis.com\/index.php\/2025\/02\/21\/nacul-se-disculpo-ante-los-abogados-por-usar-terminos-generalizadores\/\" \/>\n<meta property=\"og:locale\" content=\"es_ES\" \/>\n<meta property=\"og:type\" content=\"article\" \/>\n<meta property=\"og:title\" content=\"NACUL SE DISCULP\u00d3 ANTE LOS ABOGADOS POR USAR \u201cT\u00c9RMINOS GENERALIZADORES\u201d - Apuntes de San Luis\" \/>\n<meta property=\"og:description\" content=\"Aunque sin retractarse un cent\u00edmetro de sus afirmaciones, el juez federal Juan Carlos Nacul envi\u00f3...\" \/>\n<meta property=\"og:url\" content=\"https:\/\/apuntesdesanluis.com\/index.php\/2025\/02\/21\/nacul-se-disculpo-ante-los-abogados-por-usar-terminos-generalizadores\/\" \/>\n<meta property=\"og:site_name\" content=\"Apuntes de San Luis\" \/>\n<meta property=\"article:published_time\" content=\"2025-02-21T21:31:34+00:00\" \/>\n<meta property=\"article:modified_time\" content=\"2025-02-21T21:34:56+00:00\" \/>\n<meta property=\"og:image\" content=\"https:\/\/apuntesdesanluis.com\/wp-content\/uploads\/2025\/02\/blengino.png\" \/>\n\t<meta property=\"og:image:width\" content=\"699\" \/>\n\t<meta property=\"og:image:height\" content=\"567\" \/>\n\t<meta property=\"og:image:type\" content=\"image\/png\" \/>\n<meta name=\"author\" content=\"apuntesdesanluis.com\" \/>\n<meta name=\"twitter:card\" content=\"summary_large_image\" \/>\n<meta name=\"twitter:label1\" content=\"Escrito por\" \/>\n\t<meta name=\"twitter:data1\" content=\"apuntesdesanluis.com\" \/>\n\t<meta name=\"twitter:label2\" content=\"Tiempo de lectura\" \/>\n\t<meta name=\"twitter:data2\" content=\"2 minutos\" \/>\n<script type=\"application\/ld+json\" class=\"yoast-schema-graph\">{\"@context\":\"https:\/\/schema.org\",\"@graph\":[{\"@type\":\"Article\",\"@id\":\"https:\/\/apuntesdesanluis.com\/index.php\/2025\/02\/21\/nacul-se-disculpo-ante-los-abogados-por-usar-terminos-generalizadores\/#article\",\"isPartOf\":{\"@id\":\"https:\/\/apuntesdesanluis.com\/index.php\/2025\/02\/21\/nacul-se-disculpo-ante-los-abogados-por-usar-terminos-generalizadores\/\"},\"author\":{\"name\":\"apuntesdesanluis.com\",\"@id\":\"https:\/\/apuntesdesanluis.com\/#\/schema\/person\/b55151d52296fcce64d1a72538a70b90\"},\"headline\":\"NACUL SE DISCULP\u00d3 ANTE LOS ABOGADOS POR USAR \u201cT\u00c9RMINOS GENERALIZADORES\u201d\",\"datePublished\":\"2025-02-21T21:31:34+00:00\",\"dateModified\":\"2025-02-21T21:34:56+00:00\",\"mainEntityOfPage\":{\"@id\":\"https:\/\/apuntesdesanluis.com\/index.php\/2025\/02\/21\/nacul-se-disculpo-ante-los-abogados-por-usar-terminos-generalizadores\/\"},\"wordCount\":182,\"publisher\":{\"@id\":\"https:\/\/apuntesdesanluis.com\/#\/schema\/person\/b55151d52296fcce64d1a72538a70b90\"},\"image\":{\"@id\":\"https:\/\/apuntesdesanluis.com\/index.php\/2025\/02\/21\/nacul-se-disculpo-ante-los-abogados-por-usar-terminos-generalizadores\/#primaryimage\"},\"thumbnailUrl\":\"https:\/\/apuntesdesanluis.com\/wp-content\/uploads\/2025\/02\/blengino.png\",\"articleSection\":[\"Ciudad\/Provincia\"],\"inLanguage\":\"es-AR\"},{\"@type\":\"WebPage\",\"@id\":\"https:\/\/apuntesdesanluis.com\/index.php\/2025\/02\/21\/nacul-se-disculpo-ante-los-abogados-por-usar-terminos-generalizadores\/\",\"url\":\"https:\/\/apuntesdesanluis.com\/index.php\/2025\/02\/21\/nacul-se-disculpo-ante-los-abogados-por-usar-terminos-generalizadores\/\",\"name\":\"NACUL SE DISCULP\u00d3 ANTE LOS ABOGADOS POR USAR \u201cT\u00c9RMINOS GENERALIZADORES\u201d - Apuntes de San Luis\",\"isPartOf\":{\"@id\":\"https:\/\/apuntesdesanluis.com\/#website\"},\"primaryImageOfPage\":{\"@id\":\"https:\/\/apuntesdesanluis.com\/index.php\/2025\/02\/21\/nacul-se-disculpo-ante-los-abogados-por-usar-terminos-generalizadores\/#primaryimage\"},\"image\":{\"@id\":\"https:\/\/apuntesdesanluis.com\/index.php\/2025\/02\/21\/nacul-se-disculpo-ante-los-abogados-por-usar-terminos-generalizadores\/#primaryimage\"},\"thumbnailUrl\":\"https:\/\/apuntesdesanluis.com\/wp-content\/uploads\/2025\/02\/blengino.png\",\"datePublished\":\"2025-02-21T21:31:34+00:00\",\"dateModified\":\"2025-02-21T21:34:56+00:00\",\"breadcrumb\":{\"@id\":\"https:\/\/apuntesdesanluis.com\/index.php\/2025\/02\/21\/nacul-se-disculpo-ante-los-abogados-por-usar-terminos-generalizadores\/#breadcrumb\"},\"inLanguage\":\"es-AR\",\"potentialAction\":[{\"@type\":\"ReadAction\",\"target\":[\"https:\/\/apuntesdesanluis.com\/index.php\/2025\/02\/21\/nacul-se-disculpo-ante-los-abogados-por-usar-terminos-generalizadores\/\"]}]},{\"@type\":\"ImageObject\",\"inLanguage\":\"es-AR\",\"@id\":\"https:\/\/apuntesdesanluis.com\/index.php\/2025\/02\/21\/nacul-se-disculpo-ante-los-abogados-por-usar-terminos-generalizadores\/#primaryimage\",\"url\":\"https:\/\/apuntesdesanluis.com\/wp-content\/uploads\/2025\/02\/blengino.png\",\"contentUrl\":\"https:\/\/apuntesdesanluis.com\/wp-content\/uploads\/2025\/02\/blengino.png\",\"width\":699,\"height\":567},{\"@type\":\"BreadcrumbList\",\"@id\":\"https:\/\/apuntesdesanluis.com\/index.php\/2025\/02\/21\/nacul-se-disculpo-ante-los-abogados-por-usar-terminos-generalizadores\/#breadcrumb\",\"itemListElement\":[{\"@type\":\"ListItem\",\"position\":1,\"name\":\"Inicio\",\"item\":\"https:\/\/apuntesdesanluis.com\/\"},{\"@type\":\"ListItem\",\"position\":2,\"name\":\"NACUL SE DISCULP\u00d3 ANTE LOS ABOGADOS POR USAR \u201cT\u00c9RMINOS GENERALIZADORES\u201d\"}]},{\"@type\":\"WebSite\",\"@id\":\"https:\/\/apuntesdesanluis.com\/#website\",\"url\":\"https:\/\/apuntesdesanluis.com\/\",\"name\":\"Apuntes de San Luis\",\"description\":\"\",\"publisher\":{\"@id\":\"https:\/\/apuntesdesanluis.com\/#\/schema\/person\/b55151d52296fcce64d1a72538a70b90\"},\"potentialAction\":[{\"@type\":\"SearchAction\",\"target\":{\"@type\":\"EntryPoint\",\"urlTemplate\":\"https:\/\/apuntesdesanluis.com\/?s={search_term_string}\"},\"query-input\":{\"@type\":\"PropertyValueSpecification\",\"valueRequired\":true,\"valueName\":\"search_term_string\"}}],\"inLanguage\":\"es-AR\"},{\"@type\":[\"Person\",\"Organization\"],\"@id\":\"https:\/\/apuntesdesanluis.com\/#\/schema\/person\/b55151d52296fcce64d1a72538a70b90\",\"name\":\"apuntesdesanluis.com\",\"image\":{\"@type\":\"ImageObject\",\"inLanguage\":\"es-AR\",\"@id\":\"https:\/\/apuntesdesanluis.com\/#\/schema\/person\/image\/\",\"url\":\"https:\/\/apuntesdesanluis.com\/wp-content\/uploads\/2023\/07\/cropped-apuntesdesanluis.png\",\"contentUrl\":\"https:\/\/apuntesdesanluis.com\/wp-content\/uploads\/2023\/07\/cropped-apuntesdesanluis.png\",\"width\":450,\"height\":112,\"caption\":\"apuntesdesanluis.com\"},\"logo\":{\"@id\":\"https:\/\/apuntesdesanluis.com\/#\/schema\/person\/image\/\"},\"sameAs\":[\"https:\/\/apuntesdesanluis.com\"],\"url\":\"https:\/\/apuntesdesanluis.com\/index.php\/author\/apuntesdesanluis-com\/\"}]}<\/script>\n<!-- \/ Yoast SEO plugin. -->","yoast_head_json":{"title":"NACUL SE DISCULP\u00d3 ANTE LOS ABOGADOS POR USAR \u201cT\u00c9RMINOS GENERALIZADORES\u201d - Apuntes de San Luis","robots":{"index":"index","follow":"follow","max-snippet":"max-snippet:-1","max-image-preview":"max-image-preview:large","max-video-preview":"max-video-preview:-1"},"canonical":"https:\/\/apuntesdesanluis.com\/index.php\/2025\/02\/21\/nacul-se-disculpo-ante-los-abogados-por-usar-terminos-generalizadores\/","og_locale":"es_ES","og_type":"article","og_title":"NACUL SE DISCULP\u00d3 ANTE LOS ABOGADOS POR USAR \u201cT\u00c9RMINOS GENERALIZADORES\u201d - Apuntes de San Luis","og_description":"Aunque sin retractarse un cent\u00edmetro de sus afirmaciones, el juez federal Juan Carlos Nacul envi\u00f3...","og_url":"https:\/\/apuntesdesanluis.com\/index.php\/2025\/02\/21\/nacul-se-disculpo-ante-los-abogados-por-usar-terminos-generalizadores\/","og_site_name":"Apuntes de San Luis","article_published_time":"2025-02-21T21:31:34+00:00","article_modified_time":"2025-02-21T21:34:56+00:00","og_image":[{"width":699,"height":567,"url":"https:\/\/apuntesdesanluis.com\/wp-content\/uploads\/2025\/02\/blengino.png","type":"image\/png"}],"author":"apuntesdesanluis.com","twitter_card":"summary_large_image","twitter_misc":{"Escrito por":"apuntesdesanluis.com","Tiempo de lectura":"2 minutos"},"schema":{"@context":"https:\/\/schema.org","@graph":[{"@type":"Article","@id":"https:\/\/apuntesdesanluis.com\/index.php\/2025\/02\/21\/nacul-se-disculpo-ante-los-abogados-por-usar-terminos-generalizadores\/#article","isPartOf":{"@id":"https:\/\/apuntesdesanluis.com\/index.php\/2025\/02\/21\/nacul-se-disculpo-ante-los-abogados-por-usar-terminos-generalizadores\/"},"author":{"name":"apuntesdesanluis.com","@id":"https:\/\/apuntesdesanluis.com\/#\/schema\/person\/b55151d52296fcce64d1a72538a70b90"},"headline":"NACUL SE DISCULP\u00d3 ANTE LOS ABOGADOS POR USAR \u201cT\u00c9RMINOS GENERALIZADORES\u201d","datePublished":"2025-02-21T21:31:34+00:00","dateModified":"2025-02-21T21:34:56+00:00","mainEntityOfPage":{"@id":"https:\/\/apuntesdesanluis.com\/index.php\/2025\/02\/21\/nacul-se-disculpo-ante-los-abogados-por-usar-terminos-generalizadores\/"},"wordCount":182,"publisher":{"@id":"https:\/\/apuntesdesanluis.com\/#\/schema\/person\/b55151d52296fcce64d1a72538a70b90"},"image":{"@id":"https:\/\/apuntesdesanluis.com\/index.php\/2025\/02\/21\/nacul-se-disculpo-ante-los-abogados-por-usar-terminos-generalizadores\/#primaryimage"},"thumbnailUrl":"https:\/\/apuntesdesanluis.com\/wp-content\/uploads\/2025\/02\/blengino.png","articleSection":["Ciudad\/Provincia"],"inLanguage":"es-AR"},{"@type":"WebPage","@id":"https:\/\/apuntesdesanluis.com\/index.php\/2025\/02\/21\/nacul-se-disculpo-ante-los-abogados-por-usar-terminos-generalizadores\/","url":"https:\/\/apuntesdesanluis.com\/index.php\/2025\/02\/21\/nacul-se-disculpo-ante-los-abogados-por-usar-terminos-generalizadores\/","name":"NACUL SE DISCULP\u00d3 ANTE LOS ABOGADOS POR USAR \u201cT\u00c9RMINOS GENERALIZADORES\u201d - Apuntes de San Luis","isPartOf":{"@id":"https:\/\/apuntesdesanluis.com\/#website"},"primaryImageOfPage":{"@id":"https:\/\/apuntesdesanluis.com\/index.php\/2025\/02\/21\/nacul-se-disculpo-ante-los-abogados-por-usar-terminos-generalizadores\/#primaryimage"},"image":{"@id":"https:\/\/apuntesdesanluis.com\/index.php\/2025\/02\/21\/nacul-se-disculpo-ante-los-abogados-por-usar-terminos-generalizadores\/#primaryimage"},"thumbnailUrl":"https:\/\/apuntesdesanluis.com\/wp-content\/uploads\/2025\/02\/blengino.png","datePublished":"2025-02-21T21:31:34+00:00","dateModified":"2025-02-21T21:34:56+00:00","breadcrumb":{"@id":"https:\/\/apuntesdesanluis.com\/index.php\/2025\/02\/21\/nacul-se-disculpo-ante-los-abogados-por-usar-terminos-generalizadores\/#breadcrumb"},"inLanguage":"es-AR","potentialAction":[{"@type":"ReadAction","target":["https:\/\/apuntesdesanluis.com\/index.php\/2025\/02\/21\/nacul-se-disculpo-ante-los-abogados-por-usar-terminos-generalizadores\/"]}]},{"@type":"ImageObject","inLanguage":"es-AR","@id":"https:\/\/apuntesdesanluis.com\/index.php\/2025\/02\/21\/nacul-se-disculpo-ante-los-abogados-por-usar-terminos-generalizadores\/#primaryimage","url":"https:\/\/apuntesdesanluis.com\/wp-content\/uploads\/2025\/02\/blengino.png","contentUrl":"https:\/\/apuntesdesanluis.com\/wp-content\/uploads\/2025\/02\/blengino.png","width":699,"height":567},{"@type":"BreadcrumbList","@id":"https:\/\/apuntesdesanluis.com\/index.php\/2025\/02\/21\/nacul-se-disculpo-ante-los-abogados-por-usar-terminos-generalizadores\/#breadcrumb","itemListElement":[{"@type":"ListItem","position":1,"name":"Inicio","item":"https:\/\/apuntesdesanluis.com\/"},{"@type":"ListItem","position":2,"name":"NACUL SE DISCULP\u00d3 ANTE LOS ABOGADOS POR USAR \u201cT\u00c9RMINOS GENERALIZADORES\u201d"}]},{"@type":"WebSite","@id":"https:\/\/apuntesdesanluis.com\/#website","url":"https:\/\/apuntesdesanluis.com\/","name":"Apuntes de San Luis","description":"","publisher":{"@id":"https:\/\/apuntesdesanluis.com\/#\/schema\/person\/b55151d52296fcce64d1a72538a70b90"},"potentialAction":[{"@type":"SearchAction","target":{"@type":"EntryPoint","urlTemplate":"https:\/\/apuntesdesanluis.com\/?s={search_term_string}"},"query-input":{"@type":"PropertyValueSpecification","valueRequired":true,"valueName":"search_term_string"}}],"inLanguage":"es-AR"},{"@type":["Person","Organization"],"@id":"https:\/\/apuntesdesanluis.com\/#\/schema\/person\/b55151d52296fcce64d1a72538a70b90","name":"apuntesdesanluis.com","image":{"@type":"ImageObject","inLanguage":"es-AR","@id":"https:\/\/apuntesdesanluis.com\/#\/schema\/person\/image\/","url":"https:\/\/apuntesdesanluis.com\/wp-content\/uploads\/2023\/07\/cropped-apuntesdesanluis.png","contentUrl":"https:\/\/apuntesdesanluis.com\/wp-content\/uploads\/2023\/07\/cropped-apuntesdesanluis.png","width":450,"height":112,"caption":"apuntesdesanluis.com"},"logo":{"@id":"https:\/\/apuntesdesanluis.com\/#\/schema\/person\/image\/"},"sameAs":["https:\/\/apuntesdesanluis.com"],"url":"https:\/\/apuntesdesanluis.com\/index.php\/author\/apuntesdesanluis-com\/"}]}},"featured_image_urls":{"full":["https:\/\/apuntesdesanluis.com\/wp-content\/uploads\/2025\/02\/blengino.png",699,567,false],"thumbnail":["https:\/\/apuntesdesanluis.com\/wp-content\/uploads\/2025\/02\/blengino-150x150.png",150,150,true],"medium":["https:\/\/apuntesdesanluis.com\/wp-content\/uploads\/2025\/02\/blengino-300x243.png",300,243,true],"medium_large":["https:\/\/apuntesdesanluis.com\/wp-content\/uploads\/2025\/02\/blengino.png",640,519,false],"large":["https:\/\/apuntesdesanluis.com\/wp-content\/uploads\/2025\/02\/blengino.png",640,519,false],"1536x1536":["https:\/\/apuntesdesanluis.com\/wp-content\/uploads\/2025\/02\/blengino.png",699,567,false],"2048x2048":["https:\/\/apuntesdesanluis.com\/wp-content\/uploads\/2025\/02\/blengino.png",699,567,false],"newsever-slider-full":["https:\/\/apuntesdesanluis.com\/wp-content\/uploads\/2025\/02\/blengino.png",699,567,false],"newsever-featured":["https:\/\/apuntesdesanluis.com\/wp-content\/uploads\/2025\/02\/blengino.png",699,567,false],"newsever-medium":["https:\/\/apuntesdesanluis.com\/wp-content\/uploads\/2025\/02\/blengino-699x475.png",699,475,true]},"author_info":{"display_name":"apuntesdesanluis.com","author_link":"https:\/\/apuntesdesanluis.com\/index.php\/author\/apuntesdesanluis-com\/"},"category_info":"<a href=\"https:\/\/apuntesdesanluis.com\/index.php\/category\/ciudad-provincia\/\" rel=\"category tag\">Ciudad\/Provincia<\/a>","tag_info":"Ciudad\/Provincia","comment_count":"0","_links":{"self":[{"href":"https:\/\/apuntesdesanluis.com\/index.php\/wp-json\/wp\/v2\/posts\/29611","targetHints":{"allow":["GET"]}}],"collection":[{"href":"https:\/\/apuntesdesanluis.com\/index.php\/wp-json\/wp\/v2\/posts"}],"about":[{"href":"https:\/\/apuntesdesanluis.com\/index.php\/wp-json\/wp\/v2\/types\/post"}],"author":[{"embeddable":true,"href":"https:\/\/apuntesdesanluis.com\/index.php\/wp-json\/wp\/v2\/users\/1"}],"replies":[{"embeddable":true,"href":"https:\/\/apuntesdesanluis.com\/index.php\/wp-json\/wp\/v2\/comments?post=29611"}],"version-history":[{"count":4,"href":"https:\/\/apuntesdesanluis.com\/index.php\/wp-json\/wp\/v2\/posts\/29611\/revisions"}],"predecessor-version":[{"id":29619,"href":"https:\/\/apuntesdesanluis.com\/index.php\/wp-json\/wp\/v2\/posts\/29611\/revisions\/29619"}],"wp:featuredmedia":[{"embeddable":true,"href":"https:\/\/apuntesdesanluis.com\/index.php\/wp-json\/wp\/v2\/media\/29612"}],"wp:attachment":[{"href":"https:\/\/apuntesdesanluis.com\/index.php\/wp-json\/wp\/v2\/media?parent=29611"}],"wp:term":[{"taxonomy":"category","embeddable":true,"href":"https:\/\/apuntesdesanluis.com\/index.php\/wp-json\/wp\/v2\/categories?post=29611"},{"taxonomy":"post_tag","embeddable":true,"href":"https:\/\/apuntesdesanluis.com\/index.php\/wp-json\/wp\/v2\/tags?post=29611"}],"curies":[{"name":"wp","href":"https:\/\/api.w.org\/{rel}","templated":true}]}}