{"id":29620,"date":"2025-02-21T17:38:39","date_gmt":"2025-02-21T20:38:39","guid":{"rendered":"https:\/\/apuntesdesanluis.com\/?p=29620"},"modified":"2025-02-21T19:15:00","modified_gmt":"2025-02-21T22:15:00","slug":"anunciaron-la-edicion-2025-del-torneo-provincial-de-futbol-seniors","status":"publish","type":"post","link":"https:\/\/apuntesdesanluis.com\/index.php\/2025\/02\/21\/anunciaron-la-edicion-2025-del-torneo-provincial-de-futbol-seniors\/","title":{"rendered":"ANUNCIARON LA EDICI\u00d3N 2025 DEL TORNEO PROVINCIAL DE F\u00daTBOL SENIORS"},"content":{"rendered":"<h3>Ser\u00e1n 23 encuentros provinciales y todo culminar\u00e1 el 20 de diciembre con una cena celebratoria. Las localidades donde se realizar\u00e1n los partidos son Juan Llerena, Luj\u00e1n, La Carolina, Justo Daract, Saladillo, Villa de la Quebrada, Nogol\u00ed, Merlo y Villa Mercedes.<\/h3>\n<h3>Estos encuentros son exclusivamente municipales, solo participar\u00e1n los empleados de cada comuna.<\/h3>\n<p><iframe title=\"Inicio de Encuentros Provinciales de F\u00fatbol Seniors\" width=\"640\" height=\"360\" src=\"https:\/\/www.youtube.com\/embed\/IwVLDGm0N-E?feature=oembed\" frameborder=\"0\" allow=\"accelerometer; autoplay; clipboard-write; encrypted-media; gyroscope; picture-in-picture; web-share\" referrerpolicy=\"strict-origin-when-cross-origin\" allowfullscreen><\/iframe><\/p>\n<h3>La localidad de Juan Llerena presenciar\u00e1 este domingo 23 de febrero el primer encuentro del Torneo Provincial de F\u00fatbol Seniors de la edici\u00f3n 2025. Arrancar\u00e1 con los partidos a las 09:00 y finalizar\u00e1 a las 20:00.<\/h3>\n<h3>\u201cEs una disciplina que el a\u00f1o pasado tuvo un \u00e9xito impresionante. Responde al deporte social que estamos difundiendo desde la secretar\u00eda de Deportes y que este a\u00f1o repetiremos con m\u00e1s fechas y m\u00e1s localidades\u201d, detall\u00f3 Adelaida Mu\u00f1iz, la secretaria de Deportes en conferencia de prensa.<\/h3>\n<h3>La direcci\u00f3n provincial de F\u00fatbol Seniors realizar\u00e1 un encuentro clasificatorio para designar un equipo por categor\u00eda que representar\u00e1n a la provincia en la 31\u00b0 edici\u00f3n del Torneo Nacional de F\u00fatbol Seniors, que se realizar\u00e1 en Mar del Plata. Adem\u00e1s su titular, Daniel Vera, confirm\u00f3 que San Luis estar\u00e1 presente en la 5\u00b0 convocatoria a los Juegos Sudamericanos.<\/h3>\n<h3>La \u2018Interliga\u2019, ejecutada por la secretar\u00eda de Deportes, es una competici\u00f3n que reunir\u00e1 a 14 ligas provinciales. Comenzar\u00e1 el 18 de marzo y finalizar\u00e1 el 20 de diciembre.<\/h3>\n<h3>\u201cHoy por hoy, en el f\u00fatbol seniors en la provincia est\u00e1n participando alrededor de 900 veteranos. Es mucha la cantidad de futbolistas que se han sumado y ha sido un crecimiento gigante para el deporte\u201d, explic\u00f3 Vera.<\/h3>\n<p>&nbsp;<\/p>\n<p>&nbsp;<\/p>\n<p>&nbsp;<\/p>\n<p>&nbsp;<\/p>\n<p>&nbsp;<\/p>\n<p>&nbsp;<\/p>\n","protected":false},"excerpt":{"rendered":"<p>Ser\u00e1n 23 encuentros provinciales y todo culminar\u00e1 el 20 de diciembre con una cena celebratoria&#8230;.<\/p>\n","protected":false},"author":1,"featured_media":29621,"comment_status":"closed","ping_status":"closed","sticky":false,"template":"","format":"standard","meta":{"footnotes":""},"categories":[6],"tags":[],"class_list":["post-29620","post","type-post","status-publish","format-standard","has-post-thumbnail","hentry","category-ciudad-provincia"],"yoast_head":"<!-- This site is optimized with the Yoast SEO plugin v26.1.1 - https:\/\/yoast.com\/wordpress\/plugins\/seo\/ -->\n<title>ANUNCIARON LA EDICI\u00d3N 2025 DEL TORNEO PROVINCIAL DE F\u00daTBOL SENIORS - Apuntes de San Luis<\/title>\n<meta name=\"robots\" content=\"index, follow, max-snippet:-1, max-image-preview:large, max-video-preview:-1\" \/>\n<link rel=\"canonical\" href=\"https:\/\/apuntesdesanluis.com\/index.php\/2025\/02\/21\/anunciaron-la-edicion-2025-del-torneo-provincial-de-futbol-seniors\/\" \/>\n<meta property=\"og:locale\" content=\"es_ES\" \/>\n<meta property=\"og:type\" content=\"article\" \/>\n<meta property=\"og:title\" content=\"ANUNCIARON LA EDICI\u00d3N 2025 DEL TORNEO PROVINCIAL DE F\u00daTBOL SENIORS - Apuntes de San Luis\" \/>\n<meta property=\"og:description\" content=\"Ser\u00e1n 23 encuentros provinciales y todo culminar\u00e1 el 20 de diciembre con una cena celebratoria....\" \/>\n<meta property=\"og:url\" content=\"https:\/\/apuntesdesanluis.com\/index.php\/2025\/02\/21\/anunciaron-la-edicion-2025-del-torneo-provincial-de-futbol-seniors\/\" \/>\n<meta property=\"og:site_name\" content=\"Apuntes de San Luis\" \/>\n<meta property=\"article:published_time\" content=\"2025-02-21T20:38:39+00:00\" \/>\n<meta property=\"article:modified_time\" content=\"2025-02-21T22:15:00+00:00\" \/>\n<meta property=\"og:image\" content=\"https:\/\/apuntesdesanluis.com\/wp-content\/uploads\/2025\/02\/ADELAIDA-MUNIZ-Y-DANIEL-VERA.png\" \/>\n\t<meta property=\"og:image:width\" content=\"664\" \/>\n\t<meta property=\"og:image:height\" content=\"396\" \/>\n\t<meta property=\"og:image:type\" content=\"image\/png\" \/>\n<meta name=\"author\" content=\"apuntesdesanluis.com\" \/>\n<meta name=\"twitter:card\" content=\"summary_large_image\" \/>\n<meta name=\"twitter:label1\" content=\"Escrito por\" \/>\n\t<meta name=\"twitter:data1\" content=\"apuntesdesanluis.com\" \/>\n\t<meta name=\"twitter:label2\" content=\"Tiempo de lectura\" \/>\n\t<meta name=\"twitter:data2\" content=\"2 minutos\" \/>\n<script type=\"application\/ld+json\" class=\"yoast-schema-graph\">{\"@context\":\"https:\/\/schema.org\",\"@graph\":[{\"@type\":\"Article\",\"@id\":\"https:\/\/apuntesdesanluis.com\/index.php\/2025\/02\/21\/anunciaron-la-edicion-2025-del-torneo-provincial-de-futbol-seniors\/#article\",\"isPartOf\":{\"@id\":\"https:\/\/apuntesdesanluis.com\/index.php\/2025\/02\/21\/anunciaron-la-edicion-2025-del-torneo-provincial-de-futbol-seniors\/\"},\"author\":{\"name\":\"apuntesdesanluis.com\",\"@id\":\"https:\/\/apuntesdesanluis.com\/#\/schema\/person\/b55151d52296fcce64d1a72538a70b90\"},\"headline\":\"ANUNCIARON LA EDICI\u00d3N 2025 DEL TORNEO PROVINCIAL DE F\u00daTBOL SENIORS\",\"datePublished\":\"2025-02-21T20:38:39+00:00\",\"dateModified\":\"2025-02-21T22:15:00+00:00\",\"mainEntityOfPage\":{\"@id\":\"https:\/\/apuntesdesanluis.com\/index.php\/2025\/02\/21\/anunciaron-la-edicion-2025-del-torneo-provincial-de-futbol-seniors\/\"},\"wordCount\":290,\"publisher\":{\"@id\":\"https:\/\/apuntesdesanluis.com\/#\/schema\/person\/b55151d52296fcce64d1a72538a70b90\"},\"image\":{\"@id\":\"https:\/\/apuntesdesanluis.com\/index.php\/2025\/02\/21\/anunciaron-la-edicion-2025-del-torneo-provincial-de-futbol-seniors\/#primaryimage\"},\"thumbnailUrl\":\"https:\/\/apuntesdesanluis.com\/wp-content\/uploads\/2025\/02\/ADELAIDA-MUNIZ-Y-DANIEL-VERA.png\",\"articleSection\":[\"Ciudad\/Provincia\"],\"inLanguage\":\"es-AR\"},{\"@type\":\"WebPage\",\"@id\":\"https:\/\/apuntesdesanluis.com\/index.php\/2025\/02\/21\/anunciaron-la-edicion-2025-del-torneo-provincial-de-futbol-seniors\/\",\"url\":\"https:\/\/apuntesdesanluis.com\/index.php\/2025\/02\/21\/anunciaron-la-edicion-2025-del-torneo-provincial-de-futbol-seniors\/\",\"name\":\"ANUNCIARON LA EDICI\u00d3N 2025 DEL TORNEO PROVINCIAL DE F\u00daTBOL SENIORS - Apuntes de San Luis\",\"isPartOf\":{\"@id\":\"https:\/\/apuntesdesanluis.com\/#website\"},\"primaryImageOfPage\":{\"@id\":\"https:\/\/apuntesdesanluis.com\/index.php\/2025\/02\/21\/anunciaron-la-edicion-2025-del-torneo-provincial-de-futbol-seniors\/#primaryimage\"},\"image\":{\"@id\":\"https:\/\/apuntesdesanluis.com\/index.php\/2025\/02\/21\/anunciaron-la-edicion-2025-del-torneo-provincial-de-futbol-seniors\/#primaryimage\"},\"thumbnailUrl\":\"https:\/\/apuntesdesanluis.com\/wp-content\/uploads\/2025\/02\/ADELAIDA-MUNIZ-Y-DANIEL-VERA.png\",\"datePublished\":\"2025-02-21T20:38:39+00:00\",\"dateModified\":\"2025-02-21T22:15:00+00:00\",\"breadcrumb\":{\"@id\":\"https:\/\/apuntesdesanluis.com\/index.php\/2025\/02\/21\/anunciaron-la-edicion-2025-del-torneo-provincial-de-futbol-seniors\/#breadcrumb\"},\"inLanguage\":\"es-AR\",\"potentialAction\":[{\"@type\":\"ReadAction\",\"target\":[\"https:\/\/apuntesdesanluis.com\/index.php\/2025\/02\/21\/anunciaron-la-edicion-2025-del-torneo-provincial-de-futbol-seniors\/\"]}]},{\"@type\":\"ImageObject\",\"inLanguage\":\"es-AR\",\"@id\":\"https:\/\/apuntesdesanluis.com\/index.php\/2025\/02\/21\/anunciaron-la-edicion-2025-del-torneo-provincial-de-futbol-seniors\/#primaryimage\",\"url\":\"https:\/\/apuntesdesanluis.com\/wp-content\/uploads\/2025\/02\/ADELAIDA-MUNIZ-Y-DANIEL-VERA.png\",\"contentUrl\":\"https:\/\/apuntesdesanluis.com\/wp-content\/uploads\/2025\/02\/ADELAIDA-MUNIZ-Y-DANIEL-VERA.png\",\"width\":664,\"height\":396},{\"@type\":\"BreadcrumbList\",\"@id\":\"https:\/\/apuntesdesanluis.com\/index.php\/2025\/02\/21\/anunciaron-la-edicion-2025-del-torneo-provincial-de-futbol-seniors\/#breadcrumb\",\"itemListElement\":[{\"@type\":\"ListItem\",\"position\":1,\"name\":\"Inicio\",\"item\":\"https:\/\/apuntesdesanluis.com\/\"},{\"@type\":\"ListItem\",\"position\":2,\"name\":\"ANUNCIARON LA EDICI\u00d3N 2025 DEL TORNEO PROVINCIAL DE F\u00daTBOL SENIORS\"}]},{\"@type\":\"WebSite\",\"@id\":\"https:\/\/apuntesdesanluis.com\/#website\",\"url\":\"https:\/\/apuntesdesanluis.com\/\",\"name\":\"Apuntes de San Luis\",\"description\":\"\",\"publisher\":{\"@id\":\"https:\/\/apuntesdesanluis.com\/#\/schema\/person\/b55151d52296fcce64d1a72538a70b90\"},\"potentialAction\":[{\"@type\":\"SearchAction\",\"target\":{\"@type\":\"EntryPoint\",\"urlTemplate\":\"https:\/\/apuntesdesanluis.com\/?s={search_term_string}\"},\"query-input\":{\"@type\":\"PropertyValueSpecification\",\"valueRequired\":true,\"valueName\":\"search_term_string\"}}],\"inLanguage\":\"es-AR\"},{\"@type\":[\"Person\",\"Organization\"],\"@id\":\"https:\/\/apuntesdesanluis.com\/#\/schema\/person\/b55151d52296fcce64d1a72538a70b90\",\"name\":\"apuntesdesanluis.com\",\"image\":{\"@type\":\"ImageObject\",\"inLanguage\":\"es-AR\",\"@id\":\"https:\/\/apuntesdesanluis.com\/#\/schema\/person\/image\/\",\"url\":\"https:\/\/apuntesdesanluis.com\/wp-content\/uploads\/2023\/07\/cropped-apuntesdesanluis.png\",\"contentUrl\":\"https:\/\/apuntesdesanluis.com\/wp-content\/uploads\/2023\/07\/cropped-apuntesdesanluis.png\",\"width\":450,\"height\":112,\"caption\":\"apuntesdesanluis.com\"},\"logo\":{\"@id\":\"https:\/\/apuntesdesanluis.com\/#\/schema\/person\/image\/\"},\"sameAs\":[\"https:\/\/apuntesdesanluis.com\"],\"url\":\"https:\/\/apuntesdesanluis.com\/index.php\/author\/apuntesdesanluis-com\/\"}]}<\/script>\n<!-- \/ Yoast SEO plugin. -->","yoast_head_json":{"title":"ANUNCIARON LA EDICI\u00d3N 2025 DEL TORNEO PROVINCIAL DE F\u00daTBOL SENIORS - Apuntes de San Luis","robots":{"index":"index","follow":"follow","max-snippet":"max-snippet:-1","max-image-preview":"max-image-preview:large","max-video-preview":"max-video-preview:-1"},"canonical":"https:\/\/apuntesdesanluis.com\/index.php\/2025\/02\/21\/anunciaron-la-edicion-2025-del-torneo-provincial-de-futbol-seniors\/","og_locale":"es_ES","og_type":"article","og_title":"ANUNCIARON LA EDICI\u00d3N 2025 DEL TORNEO PROVINCIAL DE F\u00daTBOL SENIORS - Apuntes de San Luis","og_description":"Ser\u00e1n 23 encuentros provinciales y todo culminar\u00e1 el 20 de diciembre con una cena celebratoria....","og_url":"https:\/\/apuntesdesanluis.com\/index.php\/2025\/02\/21\/anunciaron-la-edicion-2025-del-torneo-provincial-de-futbol-seniors\/","og_site_name":"Apuntes de San Luis","article_published_time":"2025-02-21T20:38:39+00:00","article_modified_time":"2025-02-21T22:15:00+00:00","og_image":[{"width":664,"height":396,"url":"https:\/\/apuntesdesanluis.com\/wp-content\/uploads\/2025\/02\/ADELAIDA-MUNIZ-Y-DANIEL-VERA.png","type":"image\/png"}],"author":"apuntesdesanluis.com","twitter_card":"summary_large_image","twitter_misc":{"Escrito por":"apuntesdesanluis.com","Tiempo de lectura":"2 minutos"},"schema":{"@context":"https:\/\/schema.org","@graph":[{"@type":"Article","@id":"https:\/\/apuntesdesanluis.com\/index.php\/2025\/02\/21\/anunciaron-la-edicion-2025-del-torneo-provincial-de-futbol-seniors\/#article","isPartOf":{"@id":"https:\/\/apuntesdesanluis.com\/index.php\/2025\/02\/21\/anunciaron-la-edicion-2025-del-torneo-provincial-de-futbol-seniors\/"},"author":{"name":"apuntesdesanluis.com","@id":"https:\/\/apuntesdesanluis.com\/#\/schema\/person\/b55151d52296fcce64d1a72538a70b90"},"headline":"ANUNCIARON LA EDICI\u00d3N 2025 DEL TORNEO PROVINCIAL DE F\u00daTBOL SENIORS","datePublished":"2025-02-21T20:38:39+00:00","dateModified":"2025-02-21T22:15:00+00:00","mainEntityOfPage":{"@id":"https:\/\/apuntesdesanluis.com\/index.php\/2025\/02\/21\/anunciaron-la-edicion-2025-del-torneo-provincial-de-futbol-seniors\/"},"wordCount":290,"publisher":{"@id":"https:\/\/apuntesdesanluis.com\/#\/schema\/person\/b55151d52296fcce64d1a72538a70b90"},"image":{"@id":"https:\/\/apuntesdesanluis.com\/index.php\/2025\/02\/21\/anunciaron-la-edicion-2025-del-torneo-provincial-de-futbol-seniors\/#primaryimage"},"thumbnailUrl":"https:\/\/apuntesdesanluis.com\/wp-content\/uploads\/2025\/02\/ADELAIDA-MUNIZ-Y-DANIEL-VERA.png","articleSection":["Ciudad\/Provincia"],"inLanguage":"es-AR"},{"@type":"WebPage","@id":"https:\/\/apuntesdesanluis.com\/index.php\/2025\/02\/21\/anunciaron-la-edicion-2025-del-torneo-provincial-de-futbol-seniors\/","url":"https:\/\/apuntesdesanluis.com\/index.php\/2025\/02\/21\/anunciaron-la-edicion-2025-del-torneo-provincial-de-futbol-seniors\/","name":"ANUNCIARON LA EDICI\u00d3N 2025 DEL TORNEO PROVINCIAL DE F\u00daTBOL SENIORS - Apuntes de San Luis","isPartOf":{"@id":"https:\/\/apuntesdesanluis.com\/#website"},"primaryImageOfPage":{"@id":"https:\/\/apuntesdesanluis.com\/index.php\/2025\/02\/21\/anunciaron-la-edicion-2025-del-torneo-provincial-de-futbol-seniors\/#primaryimage"},"image":{"@id":"https:\/\/apuntesdesanluis.com\/index.php\/2025\/02\/21\/anunciaron-la-edicion-2025-del-torneo-provincial-de-futbol-seniors\/#primaryimage"},"thumbnailUrl":"https:\/\/apuntesdesanluis.com\/wp-content\/uploads\/2025\/02\/ADELAIDA-MUNIZ-Y-DANIEL-VERA.png","datePublished":"2025-02-21T20:38:39+00:00","dateModified":"2025-02-21T22:15:00+00:00","breadcrumb":{"@id":"https:\/\/apuntesdesanluis.com\/index.php\/2025\/02\/21\/anunciaron-la-edicion-2025-del-torneo-provincial-de-futbol-seniors\/#breadcrumb"},"inLanguage":"es-AR","potentialAction":[{"@type":"ReadAction","target":["https:\/\/apuntesdesanluis.com\/index.php\/2025\/02\/21\/anunciaron-la-edicion-2025-del-torneo-provincial-de-futbol-seniors\/"]}]},{"@type":"ImageObject","inLanguage":"es-AR","@id":"https:\/\/apuntesdesanluis.com\/index.php\/2025\/02\/21\/anunciaron-la-edicion-2025-del-torneo-provincial-de-futbol-seniors\/#primaryimage","url":"https:\/\/apuntesdesanluis.com\/wp-content\/uploads\/2025\/02\/ADELAIDA-MUNIZ-Y-DANIEL-VERA.png","contentUrl":"https:\/\/apuntesdesanluis.com\/wp-content\/uploads\/2025\/02\/ADELAIDA-MUNIZ-Y-DANIEL-VERA.png","width":664,"height":396},{"@type":"BreadcrumbList","@id":"https:\/\/apuntesdesanluis.com\/index.php\/2025\/02\/21\/anunciaron-la-edicion-2025-del-torneo-provincial-de-futbol-seniors\/#breadcrumb","itemListElement":[{"@type":"ListItem","position":1,"name":"Inicio","item":"https:\/\/apuntesdesanluis.com\/"},{"@type":"ListItem","position":2,"name":"ANUNCIARON LA EDICI\u00d3N 2025 DEL TORNEO PROVINCIAL DE F\u00daTBOL SENIORS"}]},{"@type":"WebSite","@id":"https:\/\/apuntesdesanluis.com\/#website","url":"https:\/\/apuntesdesanluis.com\/","name":"Apuntes de San Luis","description":"","publisher":{"@id":"https:\/\/apuntesdesanluis.com\/#\/schema\/person\/b55151d52296fcce64d1a72538a70b90"},"potentialAction":[{"@type":"SearchAction","target":{"@type":"EntryPoint","urlTemplate":"https:\/\/apuntesdesanluis.com\/?s={search_term_string}"},"query-input":{"@type":"PropertyValueSpecification","valueRequired":true,"valueName":"search_term_string"}}],"inLanguage":"es-AR"},{"@type":["Person","Organization"],"@id":"https:\/\/apuntesdesanluis.com\/#\/schema\/person\/b55151d52296fcce64d1a72538a70b90","name":"apuntesdesanluis.com","image":{"@type":"ImageObject","inLanguage":"es-AR","@id":"https:\/\/apuntesdesanluis.com\/#\/schema\/person\/image\/","url":"https:\/\/apuntesdesanluis.com\/wp-content\/uploads\/2023\/07\/cropped-apuntesdesanluis.png","contentUrl":"https:\/\/apuntesdesanluis.com\/wp-content\/uploads\/2023\/07\/cropped-apuntesdesanluis.png","width":450,"height":112,"caption":"apuntesdesanluis.com"},"logo":{"@id":"https:\/\/apuntesdesanluis.com\/#\/schema\/person\/image\/"},"sameAs":["https:\/\/apuntesdesanluis.com"],"url":"https:\/\/apuntesdesanluis.com\/index.php\/author\/apuntesdesanluis-com\/"}]}},"featured_image_urls":{"full":["https:\/\/apuntesdesanluis.com\/wp-content\/uploads\/2025\/02\/ADELAIDA-MUNIZ-Y-DANIEL-VERA.png",664,396,false],"thumbnail":["https:\/\/apuntesdesanluis.com\/wp-content\/uploads\/2025\/02\/ADELAIDA-MUNIZ-Y-DANIEL-VERA-150x150.png",150,150,true],"medium":["https:\/\/apuntesdesanluis.com\/wp-content\/uploads\/2025\/02\/ADELAIDA-MUNIZ-Y-DANIEL-VERA-300x179.png",300,179,true],"medium_large":["https:\/\/apuntesdesanluis.com\/wp-content\/uploads\/2025\/02\/ADELAIDA-MUNIZ-Y-DANIEL-VERA.png",640,382,false],"large":["https:\/\/apuntesdesanluis.com\/wp-content\/uploads\/2025\/02\/ADELAIDA-MUNIZ-Y-DANIEL-VERA.png",640,382,false],"1536x1536":["https:\/\/apuntesdesanluis.com\/wp-content\/uploads\/2025\/02\/ADELAIDA-MUNIZ-Y-DANIEL-VERA.png",664,396,false],"2048x2048":["https:\/\/apuntesdesanluis.com\/wp-content\/uploads\/2025\/02\/ADELAIDA-MUNIZ-Y-DANIEL-VERA.png",664,396,false],"newsever-slider-full":["https:\/\/apuntesdesanluis.com\/wp-content\/uploads\/2025\/02\/ADELAIDA-MUNIZ-Y-DANIEL-VERA.png",664,396,false],"newsever-featured":["https:\/\/apuntesdesanluis.com\/wp-content\/uploads\/2025\/02\/ADELAIDA-MUNIZ-Y-DANIEL-VERA.png",664,396,false],"newsever-medium":["https:\/\/apuntesdesanluis.com\/wp-content\/uploads\/2025\/02\/ADELAIDA-MUNIZ-Y-DANIEL-VERA.png",664,396,false]},"author_info":{"display_name":"apuntesdesanluis.com","author_link":"https:\/\/apuntesdesanluis.com\/index.php\/author\/apuntesdesanluis-com\/"},"category_info":"<a href=\"https:\/\/apuntesdesanluis.com\/index.php\/category\/ciudad-provincia\/\" rel=\"category tag\">Ciudad\/Provincia<\/a>","tag_info":"Ciudad\/Provincia","comment_count":"0","_links":{"self":[{"href":"https:\/\/apuntesdesanluis.com\/index.php\/wp-json\/wp\/v2\/posts\/29620","targetHints":{"allow":["GET"]}}],"collection":[{"href":"https:\/\/apuntesdesanluis.com\/index.php\/wp-json\/wp\/v2\/posts"}],"about":[{"href":"https:\/\/apuntesdesanluis.com\/index.php\/wp-json\/wp\/v2\/types\/post"}],"author":[{"embeddable":true,"href":"https:\/\/apuntesdesanluis.com\/index.php\/wp-json\/wp\/v2\/users\/1"}],"replies":[{"embeddable":true,"href":"https:\/\/apuntesdesanluis.com\/index.php\/wp-json\/wp\/v2\/comments?post=29620"}],"version-history":[{"count":1,"href":"https:\/\/apuntesdesanluis.com\/index.php\/wp-json\/wp\/v2\/posts\/29620\/revisions"}],"predecessor-version":[{"id":29622,"href":"https:\/\/apuntesdesanluis.com\/index.php\/wp-json\/wp\/v2\/posts\/29620\/revisions\/29622"}],"wp:featuredmedia":[{"embeddable":true,"href":"https:\/\/apuntesdesanluis.com\/index.php\/wp-json\/wp\/v2\/media\/29621"}],"wp:attachment":[{"href":"https:\/\/apuntesdesanluis.com\/index.php\/wp-json\/wp\/v2\/media?parent=29620"}],"wp:term":[{"taxonomy":"category","embeddable":true,"href":"https:\/\/apuntesdesanluis.com\/index.php\/wp-json\/wp\/v2\/categories?post=29620"},{"taxonomy":"post_tag","embeddable":true,"href":"https:\/\/apuntesdesanluis.com\/index.php\/wp-json\/wp\/v2\/tags?post=29620"}],"curies":[{"name":"wp","href":"https:\/\/api.w.org\/{rel}","templated":true}]}}