{"id":29636,"date":"2025-02-21T19:13:15","date_gmt":"2025-02-21T22:13:15","guid":{"rendered":"https:\/\/apuntesdesanluis.com\/?p=29636"},"modified":"2025-02-21T19:13:28","modified_gmt":"2025-02-21T22:13:28","slug":"caso-molino-fenix-la-defensa-recuso-al-juez-santiago-ortiz","status":"publish","type":"post","link":"https:\/\/apuntesdesanluis.com\/index.php\/2025\/02\/21\/caso-molino-fenix-la-defensa-recuso-al-juez-santiago-ortiz\/","title":{"rendered":"CASO MOLINO F\u00c9NIX: LA DEFENSA RECUS\u00d3 AL JUEZ SANTIAGO ORT\u00cdZ"},"content":{"rendered":"<h3>Este viernes se desarroll\u00f3 una audiencia en el caso que investiga la comisi\u00f3n de posibles hechos delictivos en la <strong>Casa de la M\u00fasica del Molino F\u00e9nix<\/strong> de Villa Mercedes. En la misma, la Defensa plante\u00f3 una nulidad y luego la recusaci\u00f3n del Juez, por lo que se pas\u00f3 a cuarto intermedio hasta que se resuelva.<\/h3>\n<h3>La audiencia que se extendi\u00f3 por m\u00e1s de tres horas se desarroll\u00f3 en la Sala de Juicios Orales N\u00ba 2 y estuvo a cargo del Juzgado de Garant\u00eda N\u00ba 4 dirigido por el Dr. Santiago Ortiz, como Secretaria la Dra. Daniela L\u00f3pez Martin.<\/h3>\n<h3>En representaci\u00f3n del Ministerio P\u00fablico Fiscal intervinieron, el Dr. Jos\u00e9 Olgu\u00edn \u2013Fiscal de Instrucci\u00f3n N\u00ba 3- el Dr. Marcelo Palacio Fern\u00e1ndez \u2013Fiscal Adjunto-. En representaci\u00f3n de <strong>Ezequiel Sacrel, Enzo Lucero<\/strong> y <strong>Diego Torres<\/strong>, actuaron las Dras. Cecilia Mithiaux, Noelia P\u00e1ez, Ximena Bertoli y Silvia Moran.<\/h3>\n<h3>Los Dres. <strong>Gonzalo Estrada<\/strong> y <strong>Carlos Cobo<\/strong>, en representaci\u00f3n de la Defensa de <strong>Joaqu\u00edn Beltr\u00e1n, <\/strong>actual diputado provincial y pareja de <strong>Anabela Lucero<\/strong>. El Dr. Flavio \u00c1vila intervino en representaci\u00f3n de Fiscal\u00eda de Estado como Querellante.<\/h3>\n<p><img fetchpriority=\"high\" decoding=\"async\" class=\"wp-image-14213 aligncenter\" src=\"https:\/\/apuntesdesanluis.com\/wp-content\/uploads\/2024\/04\/Anabela-lucero-y-joaquin-beltran-300x167.png\" alt=\"\" width=\"649\" height=\"361\" srcset=\"https:\/\/apuntesdesanluis.com\/wp-content\/uploads\/2024\/04\/Anabela-lucero-y-joaquin-beltran-300x167.png 300w, https:\/\/apuntesdesanluis.com\/wp-content\/uploads\/2024\/04\/Anabela-lucero-y-joaquin-beltran.png 600w\" sizes=\"(max-width: 649px) 100vw, 649px\" \/><\/p>\n<h3>La Defensa de Joaqu\u00edn Beltr\u00e1n plante\u00f3 la nulidad de la denuncia realizada por un ex funcionario del gobierno que estaba a cargo del Molino F\u00e9nix. Entre sus extensos argumentos, tuvieron en cuenta la falta de ratificaci\u00f3n de la denuncia.<\/h3>\n<h3>La Fiscal\u00eda solicit\u00f3 que se rechace este planteo, por ser extempor\u00e1nea y que la denuncia est\u00e1 incorporada para dar inicio a un proceso, es decir, como funcionario tiene la obligaci\u00f3n de denunciar en caso de tener una sospecha de la comisi\u00f3n de un delito. Una vez que la fiscal\u00eda toma conocimiento se debe investigar y explic\u00f3 que la denuncia fue ratificada.<\/h3>\n<h3>El representante de la Querella expres\u00f3 que la denuncia fue ratificada y que puso en conocimiento a la Fiscal\u00eda de los hechos que se deben investigar, que se trata de un acto v\u00e1lido jur\u00eddicamente. Agreg\u00f3 que son delitos de acci\u00f3n p\u00fablica y que es un pedido abstracto, por lo que solicit\u00f3 que se rechace el planteo.<\/h3>\n<h3>Luego de un cuarto intermedio, el Dr. Ortiz emiti\u00f3 una extensa resoluci\u00f3n en donde resolvi\u00f3 rechazar el pedido de nulidad, entre sus consideraciones, manifest\u00f3 que no existe la nulidad por la nulidad misma y que en esta instancia\u00a0 la denuncia se toma como v\u00e1lida como un mero anoticiamento para generar por parte del Ministerio P\u00fablico Fiscal\u00eda instrucci\u00f3n y los imputados ejercer el debido Derecho de Defensa.<\/h3>\n<h3>Por otra parte, la Defensa de Beltr\u00e1n solicit\u00f3 la recusaci\u00f3n del Juez por temor de parcialidad. En consecuencia, el Dr. Santiago Ortiz inform\u00f3 que se va a proseguir de acuerdo a lo establecido en el Art. 35 del C\u00f3digo Procesal Penal que es el que establece el tr\u00e1mite de recusaci\u00f3n, por lo que se pas\u00f3 a un cuarto intermedio hasta que se resuelva dicha incidencia.<\/h3>\n<h3>\u2026\u2026\u2026\u2026\u2026<\/h3>\n<h3>ART\u00cdCULO 35.- TR\u00c1MITE DE LA RECUSACI\u00d3N. Los jueces podr\u00e1n ser recusados por las partes cuando se generen dudas razonables de su imparcialidad frente al caso.- Al formularse la recusaci\u00f3n se indicar\u00e1n por escrito, bajo pena de inadmisibilidad, los motivos en que se funda y los elementos de prueba pertinentes.- La recusaci\u00f3n deber\u00e1 formularse dentro de los DOS (2) d\u00edas de conocerse las causas en que se funda.- La recusaci\u00f3n se substanciar\u00e1 por separado del proceso o causa principal form\u00e1ndose incidente que no entorpezca el curso de la misma. El Juez recusado evacuar\u00e1 el informe de Ley en el t\u00e9rmino de VEINTICUATRO (24) horas, el que ser\u00e1 remitido en el t\u00e9rmino de DOS (2) horas. La incidencia ser\u00e1 resuelta en el t\u00e9rmino de CUARENTA Y OCHO (48) horas desde su recepci\u00f3n.- Si el Juez de Garant\u00edas fuera recusado y no admitiera la causal, siendo \u00e9sta manifiestamente improcedente o inciertos los hechos que se alegan, \u00e9ste continuar\u00e1 interviniendo durante el tr\u00e1mite del incidente. Si se hiciere lugar a la recusaci\u00f3n los actos podr\u00e1n ser declarados nulos a petici\u00f3n del recusante en la primera oportunidad que tomase conocimiento de ellos.<\/h3>\n<h3><\/h3>\n<h3><\/h3>\n<p>&nbsp;<\/p>\n","protected":false},"excerpt":{"rendered":"<p>Este viernes se desarroll\u00f3 una audiencia en el caso que investiga la comisi\u00f3n de posibles&#8230;<\/p>\n","protected":false},"author":1,"featured_media":29637,"comment_status":"closed","ping_status":"closed","sticky":false,"template":"","format":"standard","meta":{"footnotes":""},"categories":[6],"tags":[],"class_list":["post-29636","post","type-post","status-publish","format-standard","has-post-thumbnail","hentry","category-ciudad-provincia"],"yoast_head":"<!-- This site is optimized with the Yoast SEO plugin v26.1.1 - https:\/\/yoast.com\/wordpress\/plugins\/seo\/ -->\n<title>CASO MOLINO F\u00c9NIX: LA DEFENSA RECUS\u00d3 AL JUEZ SANTIAGO ORT\u00cdZ - Apuntes de San Luis<\/title>\n<meta name=\"robots\" content=\"index, follow, max-snippet:-1, max-image-preview:large, max-video-preview:-1\" \/>\n<link rel=\"canonical\" href=\"https:\/\/apuntesdesanluis.com\/index.php\/2025\/02\/21\/caso-molino-fenix-la-defensa-recuso-al-juez-santiago-ortiz\/\" \/>\n<meta property=\"og:locale\" content=\"es_ES\" \/>\n<meta property=\"og:type\" content=\"article\" \/>\n<meta property=\"og:title\" content=\"CASO MOLINO F\u00c9NIX: LA DEFENSA RECUS\u00d3 AL JUEZ SANTIAGO ORT\u00cdZ - Apuntes de San Luis\" \/>\n<meta property=\"og:description\" content=\"Este viernes se desarroll\u00f3 una audiencia en el caso que investiga la comisi\u00f3n de posibles...\" \/>\n<meta property=\"og:url\" content=\"https:\/\/apuntesdesanluis.com\/index.php\/2025\/02\/21\/caso-molino-fenix-la-defensa-recuso-al-juez-santiago-ortiz\/\" \/>\n<meta property=\"og:site_name\" content=\"Apuntes de San Luis\" \/>\n<meta property=\"article:published_time\" content=\"2025-02-21T22:13:15+00:00\" \/>\n<meta property=\"article:modified_time\" content=\"2025-02-21T22:13:28+00:00\" \/>\n<meta property=\"og:image\" content=\"https:\/\/apuntesdesanluis.com\/wp-content\/uploads\/2025\/02\/AUDIENCIA-MOLINO-FENIX.png\" \/>\n\t<meta property=\"og:image:width\" content=\"866\" \/>\n\t<meta property=\"og:image:height\" content=\"471\" \/>\n\t<meta property=\"og:image:type\" content=\"image\/png\" \/>\n<meta name=\"author\" content=\"apuntesdesanluis.com\" \/>\n<meta name=\"twitter:card\" content=\"summary_large_image\" \/>\n<meta name=\"twitter:label1\" content=\"Escrito por\" \/>\n\t<meta name=\"twitter:data1\" content=\"apuntesdesanluis.com\" \/>\n\t<meta name=\"twitter:label2\" content=\"Tiempo de lectura\" \/>\n\t<meta name=\"twitter:data2\" content=\"4 minutos\" \/>\n<script type=\"application\/ld+json\" class=\"yoast-schema-graph\">{\"@context\":\"https:\/\/schema.org\",\"@graph\":[{\"@type\":\"Article\",\"@id\":\"https:\/\/apuntesdesanluis.com\/index.php\/2025\/02\/21\/caso-molino-fenix-la-defensa-recuso-al-juez-santiago-ortiz\/#article\",\"isPartOf\":{\"@id\":\"https:\/\/apuntesdesanluis.com\/index.php\/2025\/02\/21\/caso-molino-fenix-la-defensa-recuso-al-juez-santiago-ortiz\/\"},\"author\":{\"name\":\"apuntesdesanluis.com\",\"@id\":\"https:\/\/apuntesdesanluis.com\/#\/schema\/person\/b55151d52296fcce64d1a72538a70b90\"},\"headline\":\"CASO MOLINO F\u00c9NIX: LA DEFENSA RECUS\u00d3 AL JUEZ SANTIAGO ORT\u00cdZ\",\"datePublished\":\"2025-02-21T22:13:15+00:00\",\"dateModified\":\"2025-02-21T22:13:28+00:00\",\"mainEntityOfPage\":{\"@id\":\"https:\/\/apuntesdesanluis.com\/index.php\/2025\/02\/21\/caso-molino-fenix-la-defensa-recuso-al-juez-santiago-ortiz\/\"},\"wordCount\":725,\"publisher\":{\"@id\":\"https:\/\/apuntesdesanluis.com\/#\/schema\/person\/b55151d52296fcce64d1a72538a70b90\"},\"image\":{\"@id\":\"https:\/\/apuntesdesanluis.com\/index.php\/2025\/02\/21\/caso-molino-fenix-la-defensa-recuso-al-juez-santiago-ortiz\/#primaryimage\"},\"thumbnailUrl\":\"https:\/\/apuntesdesanluis.com\/wp-content\/uploads\/2025\/02\/AUDIENCIA-MOLINO-FENIX.png\",\"articleSection\":[\"Ciudad\/Provincia\"],\"inLanguage\":\"es-AR\"},{\"@type\":\"WebPage\",\"@id\":\"https:\/\/apuntesdesanluis.com\/index.php\/2025\/02\/21\/caso-molino-fenix-la-defensa-recuso-al-juez-santiago-ortiz\/\",\"url\":\"https:\/\/apuntesdesanluis.com\/index.php\/2025\/02\/21\/caso-molino-fenix-la-defensa-recuso-al-juez-santiago-ortiz\/\",\"name\":\"CASO MOLINO F\u00c9NIX: LA DEFENSA RECUS\u00d3 AL JUEZ SANTIAGO ORT\u00cdZ - Apuntes de San Luis\",\"isPartOf\":{\"@id\":\"https:\/\/apuntesdesanluis.com\/#website\"},\"primaryImageOfPage\":{\"@id\":\"https:\/\/apuntesdesanluis.com\/index.php\/2025\/02\/21\/caso-molino-fenix-la-defensa-recuso-al-juez-santiago-ortiz\/#primaryimage\"},\"image\":{\"@id\":\"https:\/\/apuntesdesanluis.com\/index.php\/2025\/02\/21\/caso-molino-fenix-la-defensa-recuso-al-juez-santiago-ortiz\/#primaryimage\"},\"thumbnailUrl\":\"https:\/\/apuntesdesanluis.com\/wp-content\/uploads\/2025\/02\/AUDIENCIA-MOLINO-FENIX.png\",\"datePublished\":\"2025-02-21T22:13:15+00:00\",\"dateModified\":\"2025-02-21T22:13:28+00:00\",\"breadcrumb\":{\"@id\":\"https:\/\/apuntesdesanluis.com\/index.php\/2025\/02\/21\/caso-molino-fenix-la-defensa-recuso-al-juez-santiago-ortiz\/#breadcrumb\"},\"inLanguage\":\"es-AR\",\"potentialAction\":[{\"@type\":\"ReadAction\",\"target\":[\"https:\/\/apuntesdesanluis.com\/index.php\/2025\/02\/21\/caso-molino-fenix-la-defensa-recuso-al-juez-santiago-ortiz\/\"]}]},{\"@type\":\"ImageObject\",\"inLanguage\":\"es-AR\",\"@id\":\"https:\/\/apuntesdesanluis.com\/index.php\/2025\/02\/21\/caso-molino-fenix-la-defensa-recuso-al-juez-santiago-ortiz\/#primaryimage\",\"url\":\"https:\/\/apuntesdesanluis.com\/wp-content\/uploads\/2025\/02\/AUDIENCIA-MOLINO-FENIX.png\",\"contentUrl\":\"https:\/\/apuntesdesanluis.com\/wp-content\/uploads\/2025\/02\/AUDIENCIA-MOLINO-FENIX.png\",\"width\":866,\"height\":471},{\"@type\":\"BreadcrumbList\",\"@id\":\"https:\/\/apuntesdesanluis.com\/index.php\/2025\/02\/21\/caso-molino-fenix-la-defensa-recuso-al-juez-santiago-ortiz\/#breadcrumb\",\"itemListElement\":[{\"@type\":\"ListItem\",\"position\":1,\"name\":\"Inicio\",\"item\":\"https:\/\/apuntesdesanluis.com\/\"},{\"@type\":\"ListItem\",\"position\":2,\"name\":\"CASO MOLINO F\u00c9NIX: LA DEFENSA RECUS\u00d3 AL JUEZ SANTIAGO ORT\u00cdZ\"}]},{\"@type\":\"WebSite\",\"@id\":\"https:\/\/apuntesdesanluis.com\/#website\",\"url\":\"https:\/\/apuntesdesanluis.com\/\",\"name\":\"Apuntes de San Luis\",\"description\":\"\",\"publisher\":{\"@id\":\"https:\/\/apuntesdesanluis.com\/#\/schema\/person\/b55151d52296fcce64d1a72538a70b90\"},\"potentialAction\":[{\"@type\":\"SearchAction\",\"target\":{\"@type\":\"EntryPoint\",\"urlTemplate\":\"https:\/\/apuntesdesanluis.com\/?s={search_term_string}\"},\"query-input\":{\"@type\":\"PropertyValueSpecification\",\"valueRequired\":true,\"valueName\":\"search_term_string\"}}],\"inLanguage\":\"es-AR\"},{\"@type\":[\"Person\",\"Organization\"],\"@id\":\"https:\/\/apuntesdesanluis.com\/#\/schema\/person\/b55151d52296fcce64d1a72538a70b90\",\"name\":\"apuntesdesanluis.com\",\"image\":{\"@type\":\"ImageObject\",\"inLanguage\":\"es-AR\",\"@id\":\"https:\/\/apuntesdesanluis.com\/#\/schema\/person\/image\/\",\"url\":\"https:\/\/apuntesdesanluis.com\/wp-content\/uploads\/2023\/07\/cropped-apuntesdesanluis.png\",\"contentUrl\":\"https:\/\/apuntesdesanluis.com\/wp-content\/uploads\/2023\/07\/cropped-apuntesdesanluis.png\",\"width\":450,\"height\":112,\"caption\":\"apuntesdesanluis.com\"},\"logo\":{\"@id\":\"https:\/\/apuntesdesanluis.com\/#\/schema\/person\/image\/\"},\"sameAs\":[\"https:\/\/apuntesdesanluis.com\"],\"url\":\"https:\/\/apuntesdesanluis.com\/index.php\/author\/apuntesdesanluis-com\/\"}]}<\/script>\n<!-- \/ Yoast SEO plugin. -->","yoast_head_json":{"title":"CASO MOLINO F\u00c9NIX: LA DEFENSA RECUS\u00d3 AL JUEZ SANTIAGO ORT\u00cdZ - Apuntes de San Luis","robots":{"index":"index","follow":"follow","max-snippet":"max-snippet:-1","max-image-preview":"max-image-preview:large","max-video-preview":"max-video-preview:-1"},"canonical":"https:\/\/apuntesdesanluis.com\/index.php\/2025\/02\/21\/caso-molino-fenix-la-defensa-recuso-al-juez-santiago-ortiz\/","og_locale":"es_ES","og_type":"article","og_title":"CASO MOLINO F\u00c9NIX: LA DEFENSA RECUS\u00d3 AL JUEZ SANTIAGO ORT\u00cdZ - Apuntes de San Luis","og_description":"Este viernes se desarroll\u00f3 una audiencia en el caso que investiga la comisi\u00f3n de posibles...","og_url":"https:\/\/apuntesdesanluis.com\/index.php\/2025\/02\/21\/caso-molino-fenix-la-defensa-recuso-al-juez-santiago-ortiz\/","og_site_name":"Apuntes de San Luis","article_published_time":"2025-02-21T22:13:15+00:00","article_modified_time":"2025-02-21T22:13:28+00:00","og_image":[{"width":866,"height":471,"url":"https:\/\/apuntesdesanluis.com\/wp-content\/uploads\/2025\/02\/AUDIENCIA-MOLINO-FENIX.png","type":"image\/png"}],"author":"apuntesdesanluis.com","twitter_card":"summary_large_image","twitter_misc":{"Escrito por":"apuntesdesanluis.com","Tiempo de lectura":"4 minutos"},"schema":{"@context":"https:\/\/schema.org","@graph":[{"@type":"Article","@id":"https:\/\/apuntesdesanluis.com\/index.php\/2025\/02\/21\/caso-molino-fenix-la-defensa-recuso-al-juez-santiago-ortiz\/#article","isPartOf":{"@id":"https:\/\/apuntesdesanluis.com\/index.php\/2025\/02\/21\/caso-molino-fenix-la-defensa-recuso-al-juez-santiago-ortiz\/"},"author":{"name":"apuntesdesanluis.com","@id":"https:\/\/apuntesdesanluis.com\/#\/schema\/person\/b55151d52296fcce64d1a72538a70b90"},"headline":"CASO MOLINO F\u00c9NIX: LA DEFENSA RECUS\u00d3 AL JUEZ SANTIAGO ORT\u00cdZ","datePublished":"2025-02-21T22:13:15+00:00","dateModified":"2025-02-21T22:13:28+00:00","mainEntityOfPage":{"@id":"https:\/\/apuntesdesanluis.com\/index.php\/2025\/02\/21\/caso-molino-fenix-la-defensa-recuso-al-juez-santiago-ortiz\/"},"wordCount":725,"publisher":{"@id":"https:\/\/apuntesdesanluis.com\/#\/schema\/person\/b55151d52296fcce64d1a72538a70b90"},"image":{"@id":"https:\/\/apuntesdesanluis.com\/index.php\/2025\/02\/21\/caso-molino-fenix-la-defensa-recuso-al-juez-santiago-ortiz\/#primaryimage"},"thumbnailUrl":"https:\/\/apuntesdesanluis.com\/wp-content\/uploads\/2025\/02\/AUDIENCIA-MOLINO-FENIX.png","articleSection":["Ciudad\/Provincia"],"inLanguage":"es-AR"},{"@type":"WebPage","@id":"https:\/\/apuntesdesanluis.com\/index.php\/2025\/02\/21\/caso-molino-fenix-la-defensa-recuso-al-juez-santiago-ortiz\/","url":"https:\/\/apuntesdesanluis.com\/index.php\/2025\/02\/21\/caso-molino-fenix-la-defensa-recuso-al-juez-santiago-ortiz\/","name":"CASO MOLINO F\u00c9NIX: LA DEFENSA RECUS\u00d3 AL JUEZ SANTIAGO ORT\u00cdZ - Apuntes de San Luis","isPartOf":{"@id":"https:\/\/apuntesdesanluis.com\/#website"},"primaryImageOfPage":{"@id":"https:\/\/apuntesdesanluis.com\/index.php\/2025\/02\/21\/caso-molino-fenix-la-defensa-recuso-al-juez-santiago-ortiz\/#primaryimage"},"image":{"@id":"https:\/\/apuntesdesanluis.com\/index.php\/2025\/02\/21\/caso-molino-fenix-la-defensa-recuso-al-juez-santiago-ortiz\/#primaryimage"},"thumbnailUrl":"https:\/\/apuntesdesanluis.com\/wp-content\/uploads\/2025\/02\/AUDIENCIA-MOLINO-FENIX.png","datePublished":"2025-02-21T22:13:15+00:00","dateModified":"2025-02-21T22:13:28+00:00","breadcrumb":{"@id":"https:\/\/apuntesdesanluis.com\/index.php\/2025\/02\/21\/caso-molino-fenix-la-defensa-recuso-al-juez-santiago-ortiz\/#breadcrumb"},"inLanguage":"es-AR","potentialAction":[{"@type":"ReadAction","target":["https:\/\/apuntesdesanluis.com\/index.php\/2025\/02\/21\/caso-molino-fenix-la-defensa-recuso-al-juez-santiago-ortiz\/"]}]},{"@type":"ImageObject","inLanguage":"es-AR","@id":"https:\/\/apuntesdesanluis.com\/index.php\/2025\/02\/21\/caso-molino-fenix-la-defensa-recuso-al-juez-santiago-ortiz\/#primaryimage","url":"https:\/\/apuntesdesanluis.com\/wp-content\/uploads\/2025\/02\/AUDIENCIA-MOLINO-FENIX.png","contentUrl":"https:\/\/apuntesdesanluis.com\/wp-content\/uploads\/2025\/02\/AUDIENCIA-MOLINO-FENIX.png","width":866,"height":471},{"@type":"BreadcrumbList","@id":"https:\/\/apuntesdesanluis.com\/index.php\/2025\/02\/21\/caso-molino-fenix-la-defensa-recuso-al-juez-santiago-ortiz\/#breadcrumb","itemListElement":[{"@type":"ListItem","position":1,"name":"Inicio","item":"https:\/\/apuntesdesanluis.com\/"},{"@type":"ListItem","position":2,"name":"CASO MOLINO F\u00c9NIX: LA DEFENSA RECUS\u00d3 AL JUEZ SANTIAGO ORT\u00cdZ"}]},{"@type":"WebSite","@id":"https:\/\/apuntesdesanluis.com\/#website","url":"https:\/\/apuntesdesanluis.com\/","name":"Apuntes de San Luis","description":"","publisher":{"@id":"https:\/\/apuntesdesanluis.com\/#\/schema\/person\/b55151d52296fcce64d1a72538a70b90"},"potentialAction":[{"@type":"SearchAction","target":{"@type":"EntryPoint","urlTemplate":"https:\/\/apuntesdesanluis.com\/?s={search_term_string}"},"query-input":{"@type":"PropertyValueSpecification","valueRequired":true,"valueName":"search_term_string"}}],"inLanguage":"es-AR"},{"@type":["Person","Organization"],"@id":"https:\/\/apuntesdesanluis.com\/#\/schema\/person\/b55151d52296fcce64d1a72538a70b90","name":"apuntesdesanluis.com","image":{"@type":"ImageObject","inLanguage":"es-AR","@id":"https:\/\/apuntesdesanluis.com\/#\/schema\/person\/image\/","url":"https:\/\/apuntesdesanluis.com\/wp-content\/uploads\/2023\/07\/cropped-apuntesdesanluis.png","contentUrl":"https:\/\/apuntesdesanluis.com\/wp-content\/uploads\/2023\/07\/cropped-apuntesdesanluis.png","width":450,"height":112,"caption":"apuntesdesanluis.com"},"logo":{"@id":"https:\/\/apuntesdesanluis.com\/#\/schema\/person\/image\/"},"sameAs":["https:\/\/apuntesdesanluis.com"],"url":"https:\/\/apuntesdesanluis.com\/index.php\/author\/apuntesdesanluis-com\/"}]}},"featured_image_urls":{"full":["https:\/\/apuntesdesanluis.com\/wp-content\/uploads\/2025\/02\/AUDIENCIA-MOLINO-FENIX.png",866,471,false],"thumbnail":["https:\/\/apuntesdesanluis.com\/wp-content\/uploads\/2025\/02\/AUDIENCIA-MOLINO-FENIX-150x150.png",150,150,true],"medium":["https:\/\/apuntesdesanluis.com\/wp-content\/uploads\/2025\/02\/AUDIENCIA-MOLINO-FENIX-300x163.png",300,163,true],"medium_large":["https:\/\/apuntesdesanluis.com\/wp-content\/uploads\/2025\/02\/AUDIENCIA-MOLINO-FENIX-768x418.png",640,348,true],"large":["https:\/\/apuntesdesanluis.com\/wp-content\/uploads\/2025\/02\/AUDIENCIA-MOLINO-FENIX.png",640,348,false],"1536x1536":["https:\/\/apuntesdesanluis.com\/wp-content\/uploads\/2025\/02\/AUDIENCIA-MOLINO-FENIX.png",866,471,false],"2048x2048":["https:\/\/apuntesdesanluis.com\/wp-content\/uploads\/2025\/02\/AUDIENCIA-MOLINO-FENIX.png",866,471,false],"newsever-slider-full":["https:\/\/apuntesdesanluis.com\/wp-content\/uploads\/2025\/02\/AUDIENCIA-MOLINO-FENIX.png",866,471,false],"newsever-featured":["https:\/\/apuntesdesanluis.com\/wp-content\/uploads\/2025\/02\/AUDIENCIA-MOLINO-FENIX.png",866,471,false],"newsever-medium":["https:\/\/apuntesdesanluis.com\/wp-content\/uploads\/2025\/02\/AUDIENCIA-MOLINO-FENIX-720x471.png",720,471,true]},"author_info":{"display_name":"apuntesdesanluis.com","author_link":"https:\/\/apuntesdesanluis.com\/index.php\/author\/apuntesdesanluis-com\/"},"category_info":"<a href=\"https:\/\/apuntesdesanluis.com\/index.php\/category\/ciudad-provincia\/\" rel=\"category tag\">Ciudad\/Provincia<\/a>","tag_info":"Ciudad\/Provincia","comment_count":"0","_links":{"self":[{"href":"https:\/\/apuntesdesanluis.com\/index.php\/wp-json\/wp\/v2\/posts\/29636","targetHints":{"allow":["GET"]}}],"collection":[{"href":"https:\/\/apuntesdesanluis.com\/index.php\/wp-json\/wp\/v2\/posts"}],"about":[{"href":"https:\/\/apuntesdesanluis.com\/index.php\/wp-json\/wp\/v2\/types\/post"}],"author":[{"embeddable":true,"href":"https:\/\/apuntesdesanluis.com\/index.php\/wp-json\/wp\/v2\/users\/1"}],"replies":[{"embeddable":true,"href":"https:\/\/apuntesdesanluis.com\/index.php\/wp-json\/wp\/v2\/comments?post=29636"}],"version-history":[{"count":1,"href":"https:\/\/apuntesdesanluis.com\/index.php\/wp-json\/wp\/v2\/posts\/29636\/revisions"}],"predecessor-version":[{"id":29638,"href":"https:\/\/apuntesdesanluis.com\/index.php\/wp-json\/wp\/v2\/posts\/29636\/revisions\/29638"}],"wp:featuredmedia":[{"embeddable":true,"href":"https:\/\/apuntesdesanluis.com\/index.php\/wp-json\/wp\/v2\/media\/29637"}],"wp:attachment":[{"href":"https:\/\/apuntesdesanluis.com\/index.php\/wp-json\/wp\/v2\/media?parent=29636"}],"wp:term":[{"taxonomy":"category","embeddable":true,"href":"https:\/\/apuntesdesanluis.com\/index.php\/wp-json\/wp\/v2\/categories?post=29636"},{"taxonomy":"post_tag","embeddable":true,"href":"https:\/\/apuntesdesanluis.com\/index.php\/wp-json\/wp\/v2\/tags?post=29636"}],"curies":[{"name":"wp","href":"https:\/\/api.w.org\/{rel}","templated":true}]}}