{"id":29639,"date":"2025-02-21T19:57:16","date_gmt":"2025-02-21T22:57:16","guid":{"rendered":"https:\/\/apuntesdesanluis.com\/?p=29639"},"modified":"2025-02-21T20:04:52","modified_gmt":"2025-02-21T23:04:52","slug":"el-superior-tribunal-botoneo-a-nacul-ante-la-camara-federal-de-mendoza","status":"publish","type":"post","link":"https:\/\/apuntesdesanluis.com\/index.php\/2025\/02\/21\/el-superior-tribunal-botoneo-a-nacul-ante-la-camara-federal-de-mendoza\/","title":{"rendered":"EL SUPERIOR TRIBUNAL &#8220;BOTONE\u00d3&#8221; A NACUL ANTE LA C\u00c1MARA FEDERAL DE MENDOZA"},"content":{"rendered":"<h3>Contin\u00faa escalando la controversia generada por las declaraciones period\u00edsticas del juez federal Juan Carlos Nacul, quien afirm\u00f3 la existencia de fuertes lazos de connivencia entre los narcotraficantes, las fuerzas de seguridad y la justicia.<\/h3>\n<h3><strong>Apuntes de San Luis<\/strong> pudo establecer que el Superior Tribunal de Justicia no perdi\u00f3 tiempo en deliberar ni en sentar postura frente a las dur\u00edsimas y crudas declaraciones del juez federal de Villa Mercedes, que conmocionaron a la opini\u00f3n p\u00fablica.<\/h3>\n<h3>En su lugar, el ministro \u2013no su presidente- del alto cuerpo, Eduardo Allende, dirigi\u00f3 una misiva al presidente de la C\u00e1mara Federal de Apelaciones de Mendoza, Dr. Gustavo Casti\u00f1eira de Dios.<\/h3>\n<p><img fetchpriority=\"high\" decoding=\"async\" class=\"wp-image-29642 aligncenter\" src=\"https:\/\/apuntesdesanluis.com\/wp-content\/uploads\/2025\/02\/carta-de-allende-300x93.png\" alt=\"\" width=\"652\" height=\"202\" srcset=\"https:\/\/apuntesdesanluis.com\/wp-content\/uploads\/2025\/02\/carta-de-allende-300x93.png 300w, https:\/\/apuntesdesanluis.com\/wp-content\/uploads\/2025\/02\/carta-de-allende.png 555w\" sizes=\"(max-width: 652px) 100vw, 652px\" \/><\/p>\n<h3>\u201cEn la escueta misiva se lo pone en conocimiento de las declaraciones efectuadas por el Dr. Juan Carlos Nacul, \u201ca los efectos que estime corresponder en atenci\u00f3n al tenor de las mismas, en ejercicio de su funci\u00f3n de superintendencia\u201d.<\/h3>\n<h3>En buen romance, lo que est\u00e1 sugiriendo es que como m\u00ednimo le efect\u00fae un llamado de atenci\u00f3n o aplique sanciones en caso de corresponder.<\/h3>\n<h3>Asimismo, adjunta el comunicado emitido por el Colegio de Magistrados y Funcionarios de Villa Mercedes y un link que remite a la nota period\u00edstica.<\/h3>\n<p><img decoding=\"async\" class=\"wp-image-29643 aligncenter\" src=\"https:\/\/apuntesdesanluis.com\/wp-content\/uploads\/2025\/02\/BOTONEADA-DE-ALLENDE-278x300.png\" alt=\"\" width=\"647\" height=\"699\" srcset=\"https:\/\/apuntesdesanluis.com\/wp-content\/uploads\/2025\/02\/BOTONEADA-DE-ALLENDE-278x300.png 278w, https:\/\/apuntesdesanluis.com\/wp-content\/uploads\/2025\/02\/BOTONEADA-DE-ALLENDE.png 680w\" sizes=\"(max-width: 647px) 100vw, 647px\" \/><\/p>\n<p>&nbsp;<\/p>\n<h3><span style=\"color: #3366ff;\">NOTICIA RELACIONADA:<\/span><\/h3>\n<p><a href=\"https:\/\/apuntesdesanluis.com\/index.php\/2025\/02\/20\/furiosa-reaccion-de-los-magistrados-contra-nacul-el-dios-de-la-justicia\/\" target=\"_blank\" rel=\"noopener\"><img decoding=\"async\" class=\"alignnone  wp-image-29647\" src=\"https:\/\/apuntesdesanluis.com\/wp-content\/uploads\/2025\/02\/DIOS-DE-LA-JUSTICIA-300x191.png\" alt=\"\" width=\"470\" height=\"299\" srcset=\"https:\/\/apuntesdesanluis.com\/wp-content\/uploads\/2025\/02\/DIOS-DE-LA-JUSTICIA-300x191.png 300w, https:\/\/apuntesdesanluis.com\/wp-content\/uploads\/2025\/02\/DIOS-DE-LA-JUSTICIA.png 688w\" sizes=\"(max-width: 470px) 100vw, 470px\" \/><\/a><\/p>\n<p>&nbsp;<\/p>\n<p>&nbsp;<\/p>\n<p>&nbsp;<\/p>\n<h3><\/h3>\n<p>&nbsp;<\/p>\n<p>&nbsp;<\/p>\n","protected":false},"excerpt":{"rendered":"<p>Contin\u00faa escalando la controversia generada por las declaraciones period\u00edsticas del juez federal Juan Carlos Nacul,&#8230;<\/p>\n","protected":false},"author":1,"featured_media":29640,"comment_status":"closed","ping_status":"closed","sticky":false,"template":"","format":"standard","meta":{"footnotes":""},"categories":[9],"tags":[],"class_list":["post-29639","post","type-post","status-publish","format-standard","has-post-thumbnail","hentry","category-opinion"],"yoast_head":"<!-- This site is optimized with the Yoast SEO plugin v26.1.1 - https:\/\/yoast.com\/wordpress\/plugins\/seo\/ -->\n<title>EL SUPERIOR TRIBUNAL &quot;BOTONE\u00d3&quot; A NACUL ANTE LA C\u00c1MARA FEDERAL DE MENDOZA - Apuntes de San Luis<\/title>\n<meta name=\"robots\" content=\"index, follow, max-snippet:-1, max-image-preview:large, max-video-preview:-1\" \/>\n<link rel=\"canonical\" href=\"https:\/\/apuntesdesanluis.com\/index.php\/2025\/02\/21\/el-superior-tribunal-botoneo-a-nacul-ante-la-camara-federal-de-mendoza\/\" \/>\n<meta property=\"og:locale\" content=\"es_ES\" \/>\n<meta property=\"og:type\" content=\"article\" \/>\n<meta property=\"og:title\" content=\"EL SUPERIOR TRIBUNAL &quot;BOTONE\u00d3&quot; A NACUL ANTE LA C\u00c1MARA FEDERAL DE MENDOZA - Apuntes de San Luis\" \/>\n<meta property=\"og:description\" content=\"Contin\u00faa escalando la controversia generada por las declaraciones period\u00edsticas del juez federal Juan Carlos Nacul,...\" \/>\n<meta property=\"og:url\" content=\"https:\/\/apuntesdesanluis.com\/index.php\/2025\/02\/21\/el-superior-tribunal-botoneo-a-nacul-ante-la-camara-federal-de-mendoza\/\" \/>\n<meta property=\"og:site_name\" content=\"Apuntes de San Luis\" \/>\n<meta property=\"article:published_time\" content=\"2025-02-21T22:57:16+00:00\" \/>\n<meta property=\"article:modified_time\" content=\"2025-02-21T23:04:52+00:00\" \/>\n<meta property=\"og:image\" content=\"https:\/\/apuntesdesanluis.com\/wp-content\/uploads\/2025\/02\/NACUL-Y-ALLENDE.png\" \/>\n\t<meta property=\"og:image:width\" content=\"565\" \/>\n\t<meta property=\"og:image:height\" content=\"346\" \/>\n\t<meta property=\"og:image:type\" content=\"image\/png\" \/>\n<meta name=\"author\" content=\"apuntesdesanluis.com\" \/>\n<meta name=\"twitter:card\" content=\"summary_large_image\" \/>\n<meta name=\"twitter:label1\" content=\"Escrito por\" \/>\n\t<meta name=\"twitter:data1\" content=\"apuntesdesanluis.com\" \/>\n\t<meta name=\"twitter:label2\" content=\"Tiempo de lectura\" \/>\n\t<meta name=\"twitter:data2\" content=\"2 minutos\" \/>\n<script type=\"application\/ld+json\" class=\"yoast-schema-graph\">{\"@context\":\"https:\/\/schema.org\",\"@graph\":[{\"@type\":\"Article\",\"@id\":\"https:\/\/apuntesdesanluis.com\/index.php\/2025\/02\/21\/el-superior-tribunal-botoneo-a-nacul-ante-la-camara-federal-de-mendoza\/#article\",\"isPartOf\":{\"@id\":\"https:\/\/apuntesdesanluis.com\/index.php\/2025\/02\/21\/el-superior-tribunal-botoneo-a-nacul-ante-la-camara-federal-de-mendoza\/\"},\"author\":{\"name\":\"apuntesdesanluis.com\",\"@id\":\"https:\/\/apuntesdesanluis.com\/#\/schema\/person\/b55151d52296fcce64d1a72538a70b90\"},\"headline\":\"EL SUPERIOR TRIBUNAL &#8220;BOTONE\u00d3&#8221; A NACUL ANTE LA C\u00c1MARA FEDERAL DE MENDOZA\",\"datePublished\":\"2025-02-21T22:57:16+00:00\",\"dateModified\":\"2025-02-21T23:04:52+00:00\",\"mainEntityOfPage\":{\"@id\":\"https:\/\/apuntesdesanluis.com\/index.php\/2025\/02\/21\/el-superior-tribunal-botoneo-a-nacul-ante-la-camara-federal-de-mendoza\/\"},\"wordCount\":226,\"publisher\":{\"@id\":\"https:\/\/apuntesdesanluis.com\/#\/schema\/person\/b55151d52296fcce64d1a72538a70b90\"},\"image\":{\"@id\":\"https:\/\/apuntesdesanluis.com\/index.php\/2025\/02\/21\/el-superior-tribunal-botoneo-a-nacul-ante-la-camara-federal-de-mendoza\/#primaryimage\"},\"thumbnailUrl\":\"https:\/\/apuntesdesanluis.com\/wp-content\/uploads\/2025\/02\/NACUL-Y-ALLENDE.png\",\"articleSection\":[\"Opini\u00f3n\"],\"inLanguage\":\"es-AR\"},{\"@type\":\"WebPage\",\"@id\":\"https:\/\/apuntesdesanluis.com\/index.php\/2025\/02\/21\/el-superior-tribunal-botoneo-a-nacul-ante-la-camara-federal-de-mendoza\/\",\"url\":\"https:\/\/apuntesdesanluis.com\/index.php\/2025\/02\/21\/el-superior-tribunal-botoneo-a-nacul-ante-la-camara-federal-de-mendoza\/\",\"name\":\"EL SUPERIOR TRIBUNAL \\\"BOTONE\u00d3\\\" A NACUL ANTE LA C\u00c1MARA FEDERAL DE MENDOZA - Apuntes de San Luis\",\"isPartOf\":{\"@id\":\"https:\/\/apuntesdesanluis.com\/#website\"},\"primaryImageOfPage\":{\"@id\":\"https:\/\/apuntesdesanluis.com\/index.php\/2025\/02\/21\/el-superior-tribunal-botoneo-a-nacul-ante-la-camara-federal-de-mendoza\/#primaryimage\"},\"image\":{\"@id\":\"https:\/\/apuntesdesanluis.com\/index.php\/2025\/02\/21\/el-superior-tribunal-botoneo-a-nacul-ante-la-camara-federal-de-mendoza\/#primaryimage\"},\"thumbnailUrl\":\"https:\/\/apuntesdesanluis.com\/wp-content\/uploads\/2025\/02\/NACUL-Y-ALLENDE.png\",\"datePublished\":\"2025-02-21T22:57:16+00:00\",\"dateModified\":\"2025-02-21T23:04:52+00:00\",\"breadcrumb\":{\"@id\":\"https:\/\/apuntesdesanluis.com\/index.php\/2025\/02\/21\/el-superior-tribunal-botoneo-a-nacul-ante-la-camara-federal-de-mendoza\/#breadcrumb\"},\"inLanguage\":\"es-AR\",\"potentialAction\":[{\"@type\":\"ReadAction\",\"target\":[\"https:\/\/apuntesdesanluis.com\/index.php\/2025\/02\/21\/el-superior-tribunal-botoneo-a-nacul-ante-la-camara-federal-de-mendoza\/\"]}]},{\"@type\":\"ImageObject\",\"inLanguage\":\"es-AR\",\"@id\":\"https:\/\/apuntesdesanluis.com\/index.php\/2025\/02\/21\/el-superior-tribunal-botoneo-a-nacul-ante-la-camara-federal-de-mendoza\/#primaryimage\",\"url\":\"https:\/\/apuntesdesanluis.com\/wp-content\/uploads\/2025\/02\/NACUL-Y-ALLENDE.png\",\"contentUrl\":\"https:\/\/apuntesdesanluis.com\/wp-content\/uploads\/2025\/02\/NACUL-Y-ALLENDE.png\",\"width\":565,\"height\":346},{\"@type\":\"BreadcrumbList\",\"@id\":\"https:\/\/apuntesdesanluis.com\/index.php\/2025\/02\/21\/el-superior-tribunal-botoneo-a-nacul-ante-la-camara-federal-de-mendoza\/#breadcrumb\",\"itemListElement\":[{\"@type\":\"ListItem\",\"position\":1,\"name\":\"Inicio\",\"item\":\"https:\/\/apuntesdesanluis.com\/\"},{\"@type\":\"ListItem\",\"position\":2,\"name\":\"EL SUPERIOR TRIBUNAL &#8220;BOTONE\u00d3&#8221; A NACUL ANTE LA C\u00c1MARA FEDERAL DE MENDOZA\"}]},{\"@type\":\"WebSite\",\"@id\":\"https:\/\/apuntesdesanluis.com\/#website\",\"url\":\"https:\/\/apuntesdesanluis.com\/\",\"name\":\"Apuntes de San Luis\",\"description\":\"\",\"publisher\":{\"@id\":\"https:\/\/apuntesdesanluis.com\/#\/schema\/person\/b55151d52296fcce64d1a72538a70b90\"},\"potentialAction\":[{\"@type\":\"SearchAction\",\"target\":{\"@type\":\"EntryPoint\",\"urlTemplate\":\"https:\/\/apuntesdesanluis.com\/?s={search_term_string}\"},\"query-input\":{\"@type\":\"PropertyValueSpecification\",\"valueRequired\":true,\"valueName\":\"search_term_string\"}}],\"inLanguage\":\"es-AR\"},{\"@type\":[\"Person\",\"Organization\"],\"@id\":\"https:\/\/apuntesdesanluis.com\/#\/schema\/person\/b55151d52296fcce64d1a72538a70b90\",\"name\":\"apuntesdesanluis.com\",\"image\":{\"@type\":\"ImageObject\",\"inLanguage\":\"es-AR\",\"@id\":\"https:\/\/apuntesdesanluis.com\/#\/schema\/person\/image\/\",\"url\":\"https:\/\/apuntesdesanluis.com\/wp-content\/uploads\/2023\/07\/cropped-apuntesdesanluis.png\",\"contentUrl\":\"https:\/\/apuntesdesanluis.com\/wp-content\/uploads\/2023\/07\/cropped-apuntesdesanluis.png\",\"width\":450,\"height\":112,\"caption\":\"apuntesdesanluis.com\"},\"logo\":{\"@id\":\"https:\/\/apuntesdesanluis.com\/#\/schema\/person\/image\/\"},\"sameAs\":[\"https:\/\/apuntesdesanluis.com\"],\"url\":\"https:\/\/apuntesdesanluis.com\/index.php\/author\/apuntesdesanluis-com\/\"}]}<\/script>\n<!-- \/ Yoast SEO plugin. -->","yoast_head_json":{"title":"EL SUPERIOR TRIBUNAL \"BOTONE\u00d3\" A NACUL ANTE LA C\u00c1MARA FEDERAL DE MENDOZA - Apuntes de San Luis","robots":{"index":"index","follow":"follow","max-snippet":"max-snippet:-1","max-image-preview":"max-image-preview:large","max-video-preview":"max-video-preview:-1"},"canonical":"https:\/\/apuntesdesanluis.com\/index.php\/2025\/02\/21\/el-superior-tribunal-botoneo-a-nacul-ante-la-camara-federal-de-mendoza\/","og_locale":"es_ES","og_type":"article","og_title":"EL SUPERIOR TRIBUNAL \"BOTONE\u00d3\" A NACUL ANTE LA C\u00c1MARA FEDERAL DE MENDOZA - Apuntes de San Luis","og_description":"Contin\u00faa escalando la controversia generada por las declaraciones period\u00edsticas del juez federal Juan Carlos Nacul,...","og_url":"https:\/\/apuntesdesanluis.com\/index.php\/2025\/02\/21\/el-superior-tribunal-botoneo-a-nacul-ante-la-camara-federal-de-mendoza\/","og_site_name":"Apuntes de San Luis","article_published_time":"2025-02-21T22:57:16+00:00","article_modified_time":"2025-02-21T23:04:52+00:00","og_image":[{"width":565,"height":346,"url":"https:\/\/apuntesdesanluis.com\/wp-content\/uploads\/2025\/02\/NACUL-Y-ALLENDE.png","type":"image\/png"}],"author":"apuntesdesanluis.com","twitter_card":"summary_large_image","twitter_misc":{"Escrito por":"apuntesdesanluis.com","Tiempo de lectura":"2 minutos"},"schema":{"@context":"https:\/\/schema.org","@graph":[{"@type":"Article","@id":"https:\/\/apuntesdesanluis.com\/index.php\/2025\/02\/21\/el-superior-tribunal-botoneo-a-nacul-ante-la-camara-federal-de-mendoza\/#article","isPartOf":{"@id":"https:\/\/apuntesdesanluis.com\/index.php\/2025\/02\/21\/el-superior-tribunal-botoneo-a-nacul-ante-la-camara-federal-de-mendoza\/"},"author":{"name":"apuntesdesanluis.com","@id":"https:\/\/apuntesdesanluis.com\/#\/schema\/person\/b55151d52296fcce64d1a72538a70b90"},"headline":"EL SUPERIOR TRIBUNAL &#8220;BOTONE\u00d3&#8221; A NACUL ANTE LA C\u00c1MARA FEDERAL DE MENDOZA","datePublished":"2025-02-21T22:57:16+00:00","dateModified":"2025-02-21T23:04:52+00:00","mainEntityOfPage":{"@id":"https:\/\/apuntesdesanluis.com\/index.php\/2025\/02\/21\/el-superior-tribunal-botoneo-a-nacul-ante-la-camara-federal-de-mendoza\/"},"wordCount":226,"publisher":{"@id":"https:\/\/apuntesdesanluis.com\/#\/schema\/person\/b55151d52296fcce64d1a72538a70b90"},"image":{"@id":"https:\/\/apuntesdesanluis.com\/index.php\/2025\/02\/21\/el-superior-tribunal-botoneo-a-nacul-ante-la-camara-federal-de-mendoza\/#primaryimage"},"thumbnailUrl":"https:\/\/apuntesdesanluis.com\/wp-content\/uploads\/2025\/02\/NACUL-Y-ALLENDE.png","articleSection":["Opini\u00f3n"],"inLanguage":"es-AR"},{"@type":"WebPage","@id":"https:\/\/apuntesdesanluis.com\/index.php\/2025\/02\/21\/el-superior-tribunal-botoneo-a-nacul-ante-la-camara-federal-de-mendoza\/","url":"https:\/\/apuntesdesanluis.com\/index.php\/2025\/02\/21\/el-superior-tribunal-botoneo-a-nacul-ante-la-camara-federal-de-mendoza\/","name":"EL SUPERIOR TRIBUNAL \"BOTONE\u00d3\" A NACUL ANTE LA C\u00c1MARA FEDERAL DE MENDOZA - Apuntes de San Luis","isPartOf":{"@id":"https:\/\/apuntesdesanluis.com\/#website"},"primaryImageOfPage":{"@id":"https:\/\/apuntesdesanluis.com\/index.php\/2025\/02\/21\/el-superior-tribunal-botoneo-a-nacul-ante-la-camara-federal-de-mendoza\/#primaryimage"},"image":{"@id":"https:\/\/apuntesdesanluis.com\/index.php\/2025\/02\/21\/el-superior-tribunal-botoneo-a-nacul-ante-la-camara-federal-de-mendoza\/#primaryimage"},"thumbnailUrl":"https:\/\/apuntesdesanluis.com\/wp-content\/uploads\/2025\/02\/NACUL-Y-ALLENDE.png","datePublished":"2025-02-21T22:57:16+00:00","dateModified":"2025-02-21T23:04:52+00:00","breadcrumb":{"@id":"https:\/\/apuntesdesanluis.com\/index.php\/2025\/02\/21\/el-superior-tribunal-botoneo-a-nacul-ante-la-camara-federal-de-mendoza\/#breadcrumb"},"inLanguage":"es-AR","potentialAction":[{"@type":"ReadAction","target":["https:\/\/apuntesdesanluis.com\/index.php\/2025\/02\/21\/el-superior-tribunal-botoneo-a-nacul-ante-la-camara-federal-de-mendoza\/"]}]},{"@type":"ImageObject","inLanguage":"es-AR","@id":"https:\/\/apuntesdesanluis.com\/index.php\/2025\/02\/21\/el-superior-tribunal-botoneo-a-nacul-ante-la-camara-federal-de-mendoza\/#primaryimage","url":"https:\/\/apuntesdesanluis.com\/wp-content\/uploads\/2025\/02\/NACUL-Y-ALLENDE.png","contentUrl":"https:\/\/apuntesdesanluis.com\/wp-content\/uploads\/2025\/02\/NACUL-Y-ALLENDE.png","width":565,"height":346},{"@type":"BreadcrumbList","@id":"https:\/\/apuntesdesanluis.com\/index.php\/2025\/02\/21\/el-superior-tribunal-botoneo-a-nacul-ante-la-camara-federal-de-mendoza\/#breadcrumb","itemListElement":[{"@type":"ListItem","position":1,"name":"Inicio","item":"https:\/\/apuntesdesanluis.com\/"},{"@type":"ListItem","position":2,"name":"EL SUPERIOR TRIBUNAL &#8220;BOTONE\u00d3&#8221; A NACUL ANTE LA C\u00c1MARA FEDERAL DE MENDOZA"}]},{"@type":"WebSite","@id":"https:\/\/apuntesdesanluis.com\/#website","url":"https:\/\/apuntesdesanluis.com\/","name":"Apuntes de San Luis","description":"","publisher":{"@id":"https:\/\/apuntesdesanluis.com\/#\/schema\/person\/b55151d52296fcce64d1a72538a70b90"},"potentialAction":[{"@type":"SearchAction","target":{"@type":"EntryPoint","urlTemplate":"https:\/\/apuntesdesanluis.com\/?s={search_term_string}"},"query-input":{"@type":"PropertyValueSpecification","valueRequired":true,"valueName":"search_term_string"}}],"inLanguage":"es-AR"},{"@type":["Person","Organization"],"@id":"https:\/\/apuntesdesanluis.com\/#\/schema\/person\/b55151d52296fcce64d1a72538a70b90","name":"apuntesdesanluis.com","image":{"@type":"ImageObject","inLanguage":"es-AR","@id":"https:\/\/apuntesdesanluis.com\/#\/schema\/person\/image\/","url":"https:\/\/apuntesdesanluis.com\/wp-content\/uploads\/2023\/07\/cropped-apuntesdesanluis.png","contentUrl":"https:\/\/apuntesdesanluis.com\/wp-content\/uploads\/2023\/07\/cropped-apuntesdesanluis.png","width":450,"height":112,"caption":"apuntesdesanluis.com"},"logo":{"@id":"https:\/\/apuntesdesanluis.com\/#\/schema\/person\/image\/"},"sameAs":["https:\/\/apuntesdesanluis.com"],"url":"https:\/\/apuntesdesanluis.com\/index.php\/author\/apuntesdesanluis-com\/"}]}},"featured_image_urls":{"full":["https:\/\/apuntesdesanluis.com\/wp-content\/uploads\/2025\/02\/NACUL-Y-ALLENDE.png",565,346,false],"thumbnail":["https:\/\/apuntesdesanluis.com\/wp-content\/uploads\/2025\/02\/NACUL-Y-ALLENDE-150x150.png",150,150,true],"medium":["https:\/\/apuntesdesanluis.com\/wp-content\/uploads\/2025\/02\/NACUL-Y-ALLENDE-300x184.png",300,184,true],"medium_large":["https:\/\/apuntesdesanluis.com\/wp-content\/uploads\/2025\/02\/NACUL-Y-ALLENDE.png",565,346,false],"large":["https:\/\/apuntesdesanluis.com\/wp-content\/uploads\/2025\/02\/NACUL-Y-ALLENDE.png",565,346,false],"1536x1536":["https:\/\/apuntesdesanluis.com\/wp-content\/uploads\/2025\/02\/NACUL-Y-ALLENDE.png",565,346,false],"2048x2048":["https:\/\/apuntesdesanluis.com\/wp-content\/uploads\/2025\/02\/NACUL-Y-ALLENDE.png",565,346,false],"newsever-slider-full":["https:\/\/apuntesdesanluis.com\/wp-content\/uploads\/2025\/02\/NACUL-Y-ALLENDE.png",565,346,false],"newsever-featured":["https:\/\/apuntesdesanluis.com\/wp-content\/uploads\/2025\/02\/NACUL-Y-ALLENDE.png",565,346,false],"newsever-medium":["https:\/\/apuntesdesanluis.com\/wp-content\/uploads\/2025\/02\/NACUL-Y-ALLENDE.png",565,346,false]},"author_info":{"display_name":"apuntesdesanluis.com","author_link":"https:\/\/apuntesdesanluis.com\/index.php\/author\/apuntesdesanluis-com\/"},"category_info":"<a href=\"https:\/\/apuntesdesanluis.com\/index.php\/category\/opinion\/\" rel=\"category tag\">Opini\u00f3n<\/a>","tag_info":"Opini\u00f3n","comment_count":"0","_links":{"self":[{"href":"https:\/\/apuntesdesanluis.com\/index.php\/wp-json\/wp\/v2\/posts\/29639","targetHints":{"allow":["GET"]}}],"collection":[{"href":"https:\/\/apuntesdesanluis.com\/index.php\/wp-json\/wp\/v2\/posts"}],"about":[{"href":"https:\/\/apuntesdesanluis.com\/index.php\/wp-json\/wp\/v2\/types\/post"}],"author":[{"embeddable":true,"href":"https:\/\/apuntesdesanluis.com\/index.php\/wp-json\/wp\/v2\/users\/1"}],"replies":[{"embeddable":true,"href":"https:\/\/apuntesdesanluis.com\/index.php\/wp-json\/wp\/v2\/comments?post=29639"}],"version-history":[{"count":4,"href":"https:\/\/apuntesdesanluis.com\/index.php\/wp-json\/wp\/v2\/posts\/29639\/revisions"}],"predecessor-version":[{"id":29648,"href":"https:\/\/apuntesdesanluis.com\/index.php\/wp-json\/wp\/v2\/posts\/29639\/revisions\/29648"}],"wp:featuredmedia":[{"embeddable":true,"href":"https:\/\/apuntesdesanluis.com\/index.php\/wp-json\/wp\/v2\/media\/29640"}],"wp:attachment":[{"href":"https:\/\/apuntesdesanluis.com\/index.php\/wp-json\/wp\/v2\/media?parent=29639"}],"wp:term":[{"taxonomy":"category","embeddable":true,"href":"https:\/\/apuntesdesanluis.com\/index.php\/wp-json\/wp\/v2\/categories?post=29639"},{"taxonomy":"post_tag","embeddable":true,"href":"https:\/\/apuntesdesanluis.com\/index.php\/wp-json\/wp\/v2\/tags?post=29639"}],"curies":[{"name":"wp","href":"https:\/\/api.w.org\/{rel}","templated":true}]}}