{"id":2965,"date":"2023-09-08T20:58:33","date_gmt":"2023-09-08T23:58:33","guid":{"rendered":"https:\/\/apuntesdesanluis.com\/?p=2965"},"modified":"2023-09-08T20:59:20","modified_gmt":"2023-09-08T23:59:20","slug":"el-sindicato-de-la-carne-recobra-vitalidad-en-san-luis-bajo-el-liderazgo-de-marcelo-periale","status":"publish","type":"post","link":"https:\/\/apuntesdesanluis.com\/index.php\/2023\/09\/08\/el-sindicato-de-la-carne-recobra-vitalidad-en-san-luis-bajo-el-liderazgo-de-marcelo-periale\/","title":{"rendered":"EL SINDICATO DE LA CARNE RECOBRA VITALIDAD EN SAN LUIS BAJO EL LIDERAZGO DE MARCELO PERIALE"},"content":{"rendered":"<h3 class=\"yiv7409174924ydp6329976emsonormal\" style=\"text-align: justify; background: white;\"><span style=\"font-family: 'Arial','sans-serif'; color: #1d2228;\">El <strong>Sindicato de la Carne<\/strong> ha dado un importante paso hacia su revitalizaci\u00f3n en la ciudad de San Luis, con la designaci\u00f3n de <strong>Marcelo Periale<\/strong> como delegado normalizador. Esta medida busca reorganizar una filial gremial que ha permanecido desactivada durante m\u00e1s de dos d\u00e9cadas en la capital puntana. <\/span><\/h3>\n<h3 class=\"yiv7409174924ydp6329976emsonormal\" style=\"text-align: justify; background: white;\"><span style=\"font-family: 'Arial','sans-serif'; color: #1d2228;\">La necesidad de representaci\u00f3n sindical en la ciudad de San Luis fue expresada tanto a nivel local como nacional, lo que llev\u00f3 al secretario general de la Carne, <strong>Jos\u00e9 Fantini<\/strong>, a designar al villamercedino para llevar adelante el proceso de normalizaci\u00f3n. Su tarea principal ser\u00e1 reorganizar la filial del sindicato y defender los derechos de los trabajadores del sector en San Luis.<\/span><\/h3>\n<h3 class=\"yiv7409174924ydp6329976emsonormal\" style=\"text-align: justify; background: white;\"><span style=\"font-family: 'Arial','sans-serif'; color: #1d2228;\">Periale, quien ocupa el cargo de secretario general del Sindicato de la Carne en Villa Mercedes, se\u00f1al\u00f3 que asume esta tarea &#8220;con el objetivo de unificar a los trabajadores del sector en San Luis, brind\u00e1ndoles la representaci\u00f3n y el apoyo gremial que tanto necesitan\u201d.<\/span><\/h3>\n<h3 class=\"yiv7409174924ydp6329976emsonormal\" style=\"text-align: justify; background: white;\"><span style=\"font-family: 'Arial','sans-serif'; color: #1d2228;\">La falta de acompa\u00f1amiento gremial se hab\u00eda hecho notar en diversos sectores, incluyendo frigor\u00edficos, carnicer\u00edas y trozadores, donde los trabajadores de San Luis no contaban con la asistencia necesaria. Marcelo Periale, adem\u00e1s de su rol como delegado normalizador, es miembro de la Junta Directiva Nacional de la Federaci\u00f3n de la Carne, lo que le brinda una s\u00f3lida base para llevar a cabo esta importante misi\u00f3n.<\/span><\/h3>\n<h3 class=\"yiv7409174924ydp6329976emsonormal\" style=\"text-align: justify; background: white;\"><span style=\"font-family: 'Arial','sans-serif'; color: #1d2228;\">El Sindicato de la Carne en San Luis cuenta con una rica historia, siendo uno de los primeros sindicatos establecidos antes de la promoci\u00f3n industrial. En su momento, represent\u00f3 a una significativa cantidad de trabajadores del frigor\u00edfico R\u00edo Seco en la regi\u00f3n.<\/span><\/h3>\n<h3 class=\"yiv7409174924ydp6329976emsonormal\" style=\"text-align: justify; background: white;\"><span style=\"font-family: 'Arial','sans-serif'; color: #1d2228;\">El equipo de trabajo liderado por Periale tiene previsto visitar todos los establecimientos relacionados con la industria c\u00e1rnica en San Luis, incluyendo el vacuno, porcino y de aves. Seg\u00fan el relevamiento realizado, al parecer, los empleados se encuentran por debajo de la escala salarial establecida por el sindicato. Adem\u00e1s de representar a los trabajadores, el Sindicato de la Carne tambi\u00e9n busca colaborar con los empresarios para promover el crecimiento del sector y la generaci\u00f3n de empleo, un desaf\u00edo que trasciende las fronteras de San Luis y se extiende a toda Argentina y el mundo.<\/span><\/h3>\n<h3 class=\"yiv7409174924ydp6329976emsonormal\" style=\"text-align: justify; background: white;\"><span style=\"font-family: 'Arial','sans-serif'; color: #1d2228;\">Marcelo Periale subray\u00f3 que \u201cla industria c\u00e1rnica es intensiva en mano de obra y ofrece oportunidades de empleo en la elaboraci\u00f3n de diversos productos, como picadillo, salchichas y hamburguesas, lo que contribuye significativamente al aumento de puestos de trabajo en la regi\u00f3n\u201d.<\/span><\/h3>\n<h3 class=\"yiv7409174924ydp6329976emsonormal\" style=\"text-align: justify; background: white;\"><span style=\"font-family: 'Arial','sans-serif'; color: #1d2228;\">En resumen, el objetivo primordial de esta iniciativa es \u201cabrir el sindicato para agremiar, representar y proteger los derechos de los trabajadores del sector de la carne, asegurando que las empresas cumplan con el convenio colectivo de trabajo. Una vez que la filial est\u00e9 debidamente encaminada, se llevar\u00e1n a cabo elecciones para que el Sindicato de la Carne de San Luis recupere su autonom\u00eda y direcci\u00f3n, un paso fundamental para fortalecer la voz de los trabajadores en la regi\u00f3n\u201d, concluy\u00f3.<\/span><\/h3>\n","protected":false},"excerpt":{"rendered":"<p>El Sindicato de la Carne ha dado un importante paso hacia su revitalizaci\u00f3n en la&#8230;<\/p>\n","protected":false},"author":1,"featured_media":2966,"comment_status":"closed","ping_status":"closed","sticky":false,"template":"","format":"standard","meta":{"footnotes":""},"categories":[6],"tags":[],"class_list":["post-2965","post","type-post","status-publish","format-standard","has-post-thumbnail","hentry","category-ciudad-provincia"],"yoast_head":"<!-- This site is optimized with the Yoast SEO plugin v26.1.1 - https:\/\/yoast.com\/wordpress\/plugins\/seo\/ -->\n<title>EL SINDICATO DE LA CARNE RECOBRA VITALIDAD EN SAN LUIS BAJO EL LIDERAZGO DE MARCELO PERIALE - Apuntes de San Luis<\/title>\n<meta name=\"robots\" content=\"index, follow, max-snippet:-1, max-image-preview:large, max-video-preview:-1\" \/>\n<link rel=\"canonical\" href=\"https:\/\/apuntesdesanluis.com\/index.php\/2023\/09\/08\/el-sindicato-de-la-carne-recobra-vitalidad-en-san-luis-bajo-el-liderazgo-de-marcelo-periale\/\" \/>\n<meta property=\"og:locale\" content=\"es_ES\" \/>\n<meta property=\"og:type\" content=\"article\" \/>\n<meta property=\"og:title\" content=\"EL SINDICATO DE LA CARNE RECOBRA VITALIDAD EN SAN LUIS BAJO EL LIDERAZGO DE MARCELO PERIALE - Apuntes de San Luis\" \/>\n<meta property=\"og:description\" content=\"El Sindicato de la Carne ha dado un importante paso hacia su revitalizaci\u00f3n en la...\" \/>\n<meta property=\"og:url\" content=\"https:\/\/apuntesdesanluis.com\/index.php\/2023\/09\/08\/el-sindicato-de-la-carne-recobra-vitalidad-en-san-luis-bajo-el-liderazgo-de-marcelo-periale\/\" \/>\n<meta property=\"og:site_name\" content=\"Apuntes de San Luis\" \/>\n<meta property=\"article:published_time\" content=\"2023-09-08T23:58:33+00:00\" \/>\n<meta property=\"article:modified_time\" content=\"2023-09-08T23:59:20+00:00\" \/>\n<meta property=\"og:image\" content=\"https:\/\/apuntesdesanluis.com\/wp-content\/uploads\/2023\/09\/carniceria.png\" \/>\n\t<meta property=\"og:image:width\" content=\"700\" \/>\n\t<meta property=\"og:image:height\" content=\"407\" \/>\n\t<meta property=\"og:image:type\" content=\"image\/png\" \/>\n<meta name=\"author\" content=\"apuntesdesanluis.com\" \/>\n<meta name=\"twitter:card\" content=\"summary_large_image\" \/>\n<meta name=\"twitter:label1\" content=\"Escrito por\" \/>\n\t<meta name=\"twitter:data1\" content=\"apuntesdesanluis.com\" \/>\n\t<meta name=\"twitter:label2\" content=\"Tiempo de lectura\" \/>\n\t<meta name=\"twitter:data2\" content=\"3 minutos\" \/>\n<script type=\"application\/ld+json\" class=\"yoast-schema-graph\">{\"@context\":\"https:\/\/schema.org\",\"@graph\":[{\"@type\":\"Article\",\"@id\":\"https:\/\/apuntesdesanluis.com\/index.php\/2023\/09\/08\/el-sindicato-de-la-carne-recobra-vitalidad-en-san-luis-bajo-el-liderazgo-de-marcelo-periale\/#article\",\"isPartOf\":{\"@id\":\"https:\/\/apuntesdesanluis.com\/index.php\/2023\/09\/08\/el-sindicato-de-la-carne-recobra-vitalidad-en-san-luis-bajo-el-liderazgo-de-marcelo-periale\/\"},\"author\":{\"name\":\"apuntesdesanluis.com\",\"@id\":\"https:\/\/apuntesdesanluis.com\/#\/schema\/person\/b55151d52296fcce64d1a72538a70b90\"},\"headline\":\"EL SINDICATO DE LA CARNE RECOBRA VITALIDAD EN SAN LUIS BAJO EL LIDERAZGO DE MARCELO PERIALE\",\"datePublished\":\"2023-09-08T23:58:33+00:00\",\"dateModified\":\"2023-09-08T23:59:20+00:00\",\"mainEntityOfPage\":{\"@id\":\"https:\/\/apuntesdesanluis.com\/index.php\/2023\/09\/08\/el-sindicato-de-la-carne-recobra-vitalidad-en-san-luis-bajo-el-liderazgo-de-marcelo-periale\/\"},\"wordCount\":527,\"publisher\":{\"@id\":\"https:\/\/apuntesdesanluis.com\/#\/schema\/person\/b55151d52296fcce64d1a72538a70b90\"},\"image\":{\"@id\":\"https:\/\/apuntesdesanluis.com\/index.php\/2023\/09\/08\/el-sindicato-de-la-carne-recobra-vitalidad-en-san-luis-bajo-el-liderazgo-de-marcelo-periale\/#primaryimage\"},\"thumbnailUrl\":\"https:\/\/apuntesdesanluis.com\/wp-content\/uploads\/2023\/09\/carniceria.png\",\"articleSection\":[\"Ciudad\/Provincia\"],\"inLanguage\":\"es-AR\"},{\"@type\":\"WebPage\",\"@id\":\"https:\/\/apuntesdesanluis.com\/index.php\/2023\/09\/08\/el-sindicato-de-la-carne-recobra-vitalidad-en-san-luis-bajo-el-liderazgo-de-marcelo-periale\/\",\"url\":\"https:\/\/apuntesdesanluis.com\/index.php\/2023\/09\/08\/el-sindicato-de-la-carne-recobra-vitalidad-en-san-luis-bajo-el-liderazgo-de-marcelo-periale\/\",\"name\":\"EL SINDICATO DE LA CARNE RECOBRA VITALIDAD EN SAN LUIS BAJO EL LIDERAZGO DE MARCELO PERIALE - Apuntes de San Luis\",\"isPartOf\":{\"@id\":\"https:\/\/apuntesdesanluis.com\/#website\"},\"primaryImageOfPage\":{\"@id\":\"https:\/\/apuntesdesanluis.com\/index.php\/2023\/09\/08\/el-sindicato-de-la-carne-recobra-vitalidad-en-san-luis-bajo-el-liderazgo-de-marcelo-periale\/#primaryimage\"},\"image\":{\"@id\":\"https:\/\/apuntesdesanluis.com\/index.php\/2023\/09\/08\/el-sindicato-de-la-carne-recobra-vitalidad-en-san-luis-bajo-el-liderazgo-de-marcelo-periale\/#primaryimage\"},\"thumbnailUrl\":\"https:\/\/apuntesdesanluis.com\/wp-content\/uploads\/2023\/09\/carniceria.png\",\"datePublished\":\"2023-09-08T23:58:33+00:00\",\"dateModified\":\"2023-09-08T23:59:20+00:00\",\"breadcrumb\":{\"@id\":\"https:\/\/apuntesdesanluis.com\/index.php\/2023\/09\/08\/el-sindicato-de-la-carne-recobra-vitalidad-en-san-luis-bajo-el-liderazgo-de-marcelo-periale\/#breadcrumb\"},\"inLanguage\":\"es-AR\",\"potentialAction\":[{\"@type\":\"ReadAction\",\"target\":[\"https:\/\/apuntesdesanluis.com\/index.php\/2023\/09\/08\/el-sindicato-de-la-carne-recobra-vitalidad-en-san-luis-bajo-el-liderazgo-de-marcelo-periale\/\"]}]},{\"@type\":\"ImageObject\",\"inLanguage\":\"es-AR\",\"@id\":\"https:\/\/apuntesdesanluis.com\/index.php\/2023\/09\/08\/el-sindicato-de-la-carne-recobra-vitalidad-en-san-luis-bajo-el-liderazgo-de-marcelo-periale\/#primaryimage\",\"url\":\"https:\/\/apuntesdesanluis.com\/wp-content\/uploads\/2023\/09\/carniceria.png\",\"contentUrl\":\"https:\/\/apuntesdesanluis.com\/wp-content\/uploads\/2023\/09\/carniceria.png\",\"width\":700,\"height\":407},{\"@type\":\"BreadcrumbList\",\"@id\":\"https:\/\/apuntesdesanluis.com\/index.php\/2023\/09\/08\/el-sindicato-de-la-carne-recobra-vitalidad-en-san-luis-bajo-el-liderazgo-de-marcelo-periale\/#breadcrumb\",\"itemListElement\":[{\"@type\":\"ListItem\",\"position\":1,\"name\":\"Inicio\",\"item\":\"https:\/\/apuntesdesanluis.com\/\"},{\"@type\":\"ListItem\",\"position\":2,\"name\":\"EL SINDICATO DE LA CARNE RECOBRA VITALIDAD EN SAN LUIS BAJO EL LIDERAZGO DE MARCELO PERIALE\"}]},{\"@type\":\"WebSite\",\"@id\":\"https:\/\/apuntesdesanluis.com\/#website\",\"url\":\"https:\/\/apuntesdesanluis.com\/\",\"name\":\"Apuntes de San Luis\",\"description\":\"\",\"publisher\":{\"@id\":\"https:\/\/apuntesdesanluis.com\/#\/schema\/person\/b55151d52296fcce64d1a72538a70b90\"},\"potentialAction\":[{\"@type\":\"SearchAction\",\"target\":{\"@type\":\"EntryPoint\",\"urlTemplate\":\"https:\/\/apuntesdesanluis.com\/?s={search_term_string}\"},\"query-input\":{\"@type\":\"PropertyValueSpecification\",\"valueRequired\":true,\"valueName\":\"search_term_string\"}}],\"inLanguage\":\"es-AR\"},{\"@type\":[\"Person\",\"Organization\"],\"@id\":\"https:\/\/apuntesdesanluis.com\/#\/schema\/person\/b55151d52296fcce64d1a72538a70b90\",\"name\":\"apuntesdesanluis.com\",\"image\":{\"@type\":\"ImageObject\",\"inLanguage\":\"es-AR\",\"@id\":\"https:\/\/apuntesdesanluis.com\/#\/schema\/person\/image\/\",\"url\":\"https:\/\/apuntesdesanluis.com\/wp-content\/uploads\/2023\/07\/cropped-apuntesdesanluis.png\",\"contentUrl\":\"https:\/\/apuntesdesanluis.com\/wp-content\/uploads\/2023\/07\/cropped-apuntesdesanluis.png\",\"width\":450,\"height\":112,\"caption\":\"apuntesdesanluis.com\"},\"logo\":{\"@id\":\"https:\/\/apuntesdesanluis.com\/#\/schema\/person\/image\/\"},\"sameAs\":[\"https:\/\/apuntesdesanluis.com\"],\"url\":\"https:\/\/apuntesdesanluis.com\/index.php\/author\/apuntesdesanluis-com\/\"}]}<\/script>\n<!-- \/ Yoast SEO plugin. -->","yoast_head_json":{"title":"EL SINDICATO DE LA CARNE RECOBRA VITALIDAD EN SAN LUIS BAJO EL LIDERAZGO DE MARCELO PERIALE - Apuntes de San Luis","robots":{"index":"index","follow":"follow","max-snippet":"max-snippet:-1","max-image-preview":"max-image-preview:large","max-video-preview":"max-video-preview:-1"},"canonical":"https:\/\/apuntesdesanluis.com\/index.php\/2023\/09\/08\/el-sindicato-de-la-carne-recobra-vitalidad-en-san-luis-bajo-el-liderazgo-de-marcelo-periale\/","og_locale":"es_ES","og_type":"article","og_title":"EL SINDICATO DE LA CARNE RECOBRA VITALIDAD EN SAN LUIS BAJO EL LIDERAZGO DE MARCELO PERIALE - Apuntes de San Luis","og_description":"El Sindicato de la Carne ha dado un importante paso hacia su revitalizaci\u00f3n en la...","og_url":"https:\/\/apuntesdesanluis.com\/index.php\/2023\/09\/08\/el-sindicato-de-la-carne-recobra-vitalidad-en-san-luis-bajo-el-liderazgo-de-marcelo-periale\/","og_site_name":"Apuntes de San Luis","article_published_time":"2023-09-08T23:58:33+00:00","article_modified_time":"2023-09-08T23:59:20+00:00","og_image":[{"width":700,"height":407,"url":"https:\/\/apuntesdesanluis.com\/wp-content\/uploads\/2023\/09\/carniceria.png","type":"image\/png"}],"author":"apuntesdesanluis.com","twitter_card":"summary_large_image","twitter_misc":{"Escrito por":"apuntesdesanluis.com","Tiempo de lectura":"3 minutos"},"schema":{"@context":"https:\/\/schema.org","@graph":[{"@type":"Article","@id":"https:\/\/apuntesdesanluis.com\/index.php\/2023\/09\/08\/el-sindicato-de-la-carne-recobra-vitalidad-en-san-luis-bajo-el-liderazgo-de-marcelo-periale\/#article","isPartOf":{"@id":"https:\/\/apuntesdesanluis.com\/index.php\/2023\/09\/08\/el-sindicato-de-la-carne-recobra-vitalidad-en-san-luis-bajo-el-liderazgo-de-marcelo-periale\/"},"author":{"name":"apuntesdesanluis.com","@id":"https:\/\/apuntesdesanluis.com\/#\/schema\/person\/b55151d52296fcce64d1a72538a70b90"},"headline":"EL SINDICATO DE LA CARNE RECOBRA VITALIDAD EN SAN LUIS BAJO EL LIDERAZGO DE MARCELO PERIALE","datePublished":"2023-09-08T23:58:33+00:00","dateModified":"2023-09-08T23:59:20+00:00","mainEntityOfPage":{"@id":"https:\/\/apuntesdesanluis.com\/index.php\/2023\/09\/08\/el-sindicato-de-la-carne-recobra-vitalidad-en-san-luis-bajo-el-liderazgo-de-marcelo-periale\/"},"wordCount":527,"publisher":{"@id":"https:\/\/apuntesdesanluis.com\/#\/schema\/person\/b55151d52296fcce64d1a72538a70b90"},"image":{"@id":"https:\/\/apuntesdesanluis.com\/index.php\/2023\/09\/08\/el-sindicato-de-la-carne-recobra-vitalidad-en-san-luis-bajo-el-liderazgo-de-marcelo-periale\/#primaryimage"},"thumbnailUrl":"https:\/\/apuntesdesanluis.com\/wp-content\/uploads\/2023\/09\/carniceria.png","articleSection":["Ciudad\/Provincia"],"inLanguage":"es-AR"},{"@type":"WebPage","@id":"https:\/\/apuntesdesanluis.com\/index.php\/2023\/09\/08\/el-sindicato-de-la-carne-recobra-vitalidad-en-san-luis-bajo-el-liderazgo-de-marcelo-periale\/","url":"https:\/\/apuntesdesanluis.com\/index.php\/2023\/09\/08\/el-sindicato-de-la-carne-recobra-vitalidad-en-san-luis-bajo-el-liderazgo-de-marcelo-periale\/","name":"EL SINDICATO DE LA CARNE RECOBRA VITALIDAD EN SAN LUIS BAJO EL LIDERAZGO DE MARCELO PERIALE - Apuntes de San Luis","isPartOf":{"@id":"https:\/\/apuntesdesanluis.com\/#website"},"primaryImageOfPage":{"@id":"https:\/\/apuntesdesanluis.com\/index.php\/2023\/09\/08\/el-sindicato-de-la-carne-recobra-vitalidad-en-san-luis-bajo-el-liderazgo-de-marcelo-periale\/#primaryimage"},"image":{"@id":"https:\/\/apuntesdesanluis.com\/index.php\/2023\/09\/08\/el-sindicato-de-la-carne-recobra-vitalidad-en-san-luis-bajo-el-liderazgo-de-marcelo-periale\/#primaryimage"},"thumbnailUrl":"https:\/\/apuntesdesanluis.com\/wp-content\/uploads\/2023\/09\/carniceria.png","datePublished":"2023-09-08T23:58:33+00:00","dateModified":"2023-09-08T23:59:20+00:00","breadcrumb":{"@id":"https:\/\/apuntesdesanluis.com\/index.php\/2023\/09\/08\/el-sindicato-de-la-carne-recobra-vitalidad-en-san-luis-bajo-el-liderazgo-de-marcelo-periale\/#breadcrumb"},"inLanguage":"es-AR","potentialAction":[{"@type":"ReadAction","target":["https:\/\/apuntesdesanluis.com\/index.php\/2023\/09\/08\/el-sindicato-de-la-carne-recobra-vitalidad-en-san-luis-bajo-el-liderazgo-de-marcelo-periale\/"]}]},{"@type":"ImageObject","inLanguage":"es-AR","@id":"https:\/\/apuntesdesanluis.com\/index.php\/2023\/09\/08\/el-sindicato-de-la-carne-recobra-vitalidad-en-san-luis-bajo-el-liderazgo-de-marcelo-periale\/#primaryimage","url":"https:\/\/apuntesdesanluis.com\/wp-content\/uploads\/2023\/09\/carniceria.png","contentUrl":"https:\/\/apuntesdesanluis.com\/wp-content\/uploads\/2023\/09\/carniceria.png","width":700,"height":407},{"@type":"BreadcrumbList","@id":"https:\/\/apuntesdesanluis.com\/index.php\/2023\/09\/08\/el-sindicato-de-la-carne-recobra-vitalidad-en-san-luis-bajo-el-liderazgo-de-marcelo-periale\/#breadcrumb","itemListElement":[{"@type":"ListItem","position":1,"name":"Inicio","item":"https:\/\/apuntesdesanluis.com\/"},{"@type":"ListItem","position":2,"name":"EL SINDICATO DE LA CARNE RECOBRA VITALIDAD EN SAN LUIS BAJO EL LIDERAZGO DE MARCELO PERIALE"}]},{"@type":"WebSite","@id":"https:\/\/apuntesdesanluis.com\/#website","url":"https:\/\/apuntesdesanluis.com\/","name":"Apuntes de San Luis","description":"","publisher":{"@id":"https:\/\/apuntesdesanluis.com\/#\/schema\/person\/b55151d52296fcce64d1a72538a70b90"},"potentialAction":[{"@type":"SearchAction","target":{"@type":"EntryPoint","urlTemplate":"https:\/\/apuntesdesanluis.com\/?s={search_term_string}"},"query-input":{"@type":"PropertyValueSpecification","valueRequired":true,"valueName":"search_term_string"}}],"inLanguage":"es-AR"},{"@type":["Person","Organization"],"@id":"https:\/\/apuntesdesanluis.com\/#\/schema\/person\/b55151d52296fcce64d1a72538a70b90","name":"apuntesdesanluis.com","image":{"@type":"ImageObject","inLanguage":"es-AR","@id":"https:\/\/apuntesdesanluis.com\/#\/schema\/person\/image\/","url":"https:\/\/apuntesdesanluis.com\/wp-content\/uploads\/2023\/07\/cropped-apuntesdesanluis.png","contentUrl":"https:\/\/apuntesdesanluis.com\/wp-content\/uploads\/2023\/07\/cropped-apuntesdesanluis.png","width":450,"height":112,"caption":"apuntesdesanluis.com"},"logo":{"@id":"https:\/\/apuntesdesanluis.com\/#\/schema\/person\/image\/"},"sameAs":["https:\/\/apuntesdesanluis.com"],"url":"https:\/\/apuntesdesanluis.com\/index.php\/author\/apuntesdesanluis-com\/"}]}},"featured_image_urls":{"full":["https:\/\/apuntesdesanluis.com\/wp-content\/uploads\/2023\/09\/carniceria.png",700,407,false],"thumbnail":["https:\/\/apuntesdesanluis.com\/wp-content\/uploads\/2023\/09\/carniceria-150x150.png",150,150,true],"medium":["https:\/\/apuntesdesanluis.com\/wp-content\/uploads\/2023\/09\/carniceria-300x174.png",300,174,true],"medium_large":["https:\/\/apuntesdesanluis.com\/wp-content\/uploads\/2023\/09\/carniceria.png",640,372,false],"large":["https:\/\/apuntesdesanluis.com\/wp-content\/uploads\/2023\/09\/carniceria.png",640,372,false],"1536x1536":["https:\/\/apuntesdesanluis.com\/wp-content\/uploads\/2023\/09\/carniceria.png",700,407,false],"2048x2048":["https:\/\/apuntesdesanluis.com\/wp-content\/uploads\/2023\/09\/carniceria.png",700,407,false],"newsever-slider-full":["https:\/\/apuntesdesanluis.com\/wp-content\/uploads\/2023\/09\/carniceria.png",700,407,false],"newsever-featured":["https:\/\/apuntesdesanluis.com\/wp-content\/uploads\/2023\/09\/carniceria.png",700,407,false],"newsever-medium":["https:\/\/apuntesdesanluis.com\/wp-content\/uploads\/2023\/09\/carniceria.png",700,407,false]},"author_info":{"display_name":"apuntesdesanluis.com","author_link":"https:\/\/apuntesdesanluis.com\/index.php\/author\/apuntesdesanluis-com\/"},"category_info":"<a href=\"https:\/\/apuntesdesanluis.com\/index.php\/category\/ciudad-provincia\/\" rel=\"category tag\">Ciudad\/Provincia<\/a>","tag_info":"Ciudad\/Provincia","comment_count":"0","_links":{"self":[{"href":"https:\/\/apuntesdesanluis.com\/index.php\/wp-json\/wp\/v2\/posts\/2965","targetHints":{"allow":["GET"]}}],"collection":[{"href":"https:\/\/apuntesdesanluis.com\/index.php\/wp-json\/wp\/v2\/posts"}],"about":[{"href":"https:\/\/apuntesdesanluis.com\/index.php\/wp-json\/wp\/v2\/types\/post"}],"author":[{"embeddable":true,"href":"https:\/\/apuntesdesanluis.com\/index.php\/wp-json\/wp\/v2\/users\/1"}],"replies":[{"embeddable":true,"href":"https:\/\/apuntesdesanluis.com\/index.php\/wp-json\/wp\/v2\/comments?post=2965"}],"version-history":[{"count":2,"href":"https:\/\/apuntesdesanluis.com\/index.php\/wp-json\/wp\/v2\/posts\/2965\/revisions"}],"predecessor-version":[{"id":2968,"href":"https:\/\/apuntesdesanluis.com\/index.php\/wp-json\/wp\/v2\/posts\/2965\/revisions\/2968"}],"wp:featuredmedia":[{"embeddable":true,"href":"https:\/\/apuntesdesanluis.com\/index.php\/wp-json\/wp\/v2\/media\/2966"}],"wp:attachment":[{"href":"https:\/\/apuntesdesanluis.com\/index.php\/wp-json\/wp\/v2\/media?parent=2965"}],"wp:term":[{"taxonomy":"category","embeddable":true,"href":"https:\/\/apuntesdesanluis.com\/index.php\/wp-json\/wp\/v2\/categories?post=2965"},{"taxonomy":"post_tag","embeddable":true,"href":"https:\/\/apuntesdesanluis.com\/index.php\/wp-json\/wp\/v2\/tags?post=2965"}],"curies":[{"name":"wp","href":"https:\/\/api.w.org\/{rel}","templated":true}]}}