{"id":29671,"date":"2025-02-23T18:59:15","date_gmt":"2025-02-23T21:59:15","guid":{"rendered":"https:\/\/apuntesdesanluis.com\/?p=29671"},"modified":"2025-02-23T18:59:15","modified_gmt":"2025-02-23T21:59:15","slug":"el-martes-se-conocera-la-condena-que-recibira-leonardo-cositorto","status":"publish","type":"post","link":"https:\/\/apuntesdesanluis.com\/index.php\/2025\/02\/23\/el-martes-se-conocera-la-condena-que-recibira-leonardo-cositorto\/","title":{"rendered":"EL MARTES SE CONOCER\u00c1 LA CONDENA QUE RECIBIR\u00c1 LEONARDO COSITORTO"},"content":{"rendered":"<h3>A 30 d\u00edas de cumplir tres a\u00f1os en prisi\u00f3n preventiva, <strong>Leonardo Cositorto<\/strong> fue declarado culpable el viernes por la megaestafa de <strong>Generaci\u00f3n Zoe<\/strong>.<\/h3>\n<h3>La decisi\u00f3n fue tomada por el Tribunal de Goya, compuesto por los jueces Ricardo Carbajal, Jorge Carbone y Julio Duarte, quienes lo sentenciaron por asociaci\u00f3n il\u00edcita y por el fraude a 98 ahorristas. \u201c<\/h3>\n<h3>El l\u00edder de la organizaci\u00f3n est\u00e1 enojado con la resoluci\u00f3n de los magistrados y los acusa de querer usar su pol\u00e9mica causa para tapar otras de igual relevancia ocurridas en la provincia de Corrientes, como el caso de la desaparici\u00f3n de Loan Danilo Pe\u00f1a.<\/h3>\n<h3>A la espera de la audiencia de cesura del pr\u00f3ximo martes, en la que se definir\u00e1 cu\u00e1l es la pena que deber\u00e1 cumplir en prisi\u00f3n, Cositorto adelant\u00f3 que su abogado, Jos\u00e9 Codazzi, apelar\u00e1 la condena y que denunciar\u00e1 a las autoridades judiciales por prevaricato: el delito de dictar una resoluci\u00f3n arbitraria a sabiendas de que es injusta y contraria a la ley.<\/h3>\n<h3>Junto a \u00e9l, tambi\u00e9n fueron declarados culpables Miguel \u00c1ngel Echegaray, Maximiliano Javier Batista y Lucas Dami\u00e1n Camelino. Por su parte, los hermanos Nicol\u00e1s Ismael Medina y Javier Sebasti\u00e1n Medina quedaron absueltos.<\/h3>\n<h3>La pena de Leonardo Cositorto podr\u00eda ir de 5 a 10 a\u00f1os de prisi\u00f3n por tratarse de una estafa en continuado. Las autoridades la dar\u00e1n a conocer el martes, para cuando est\u00e1 pautada la audiencia de cesura.<\/h3>\n<p>&nbsp;<\/p>\n<p>&nbsp;<\/p>\n<p>&nbsp;<\/p>\n<p>&nbsp;<\/p>\n<p>&nbsp;<\/p>\n<p>&nbsp;<\/p>\n","protected":false},"excerpt":{"rendered":"<p>A 30 d\u00edas de cumplir tres a\u00f1os en prisi\u00f3n preventiva, Leonardo Cositorto fue declarado culpable&#8230;<\/p>\n","protected":false},"author":1,"featured_media":29672,"comment_status":"closed","ping_status":"closed","sticky":false,"template":"","format":"standard","meta":{"footnotes":""},"categories":[5],"tags":[],"class_list":["post-29671","post","type-post","status-publish","format-standard","has-post-thumbnail","hentry","category-nacionales-internacionales"],"yoast_head":"<!-- This site is optimized with the Yoast SEO plugin v26.1.1 - https:\/\/yoast.com\/wordpress\/plugins\/seo\/ -->\n<title>EL MARTES SE CONOCER\u00c1 LA CONDENA QUE RECIBIR\u00c1 LEONARDO COSITORTO - Apuntes de San Luis<\/title>\n<meta name=\"robots\" content=\"index, follow, max-snippet:-1, max-image-preview:large, max-video-preview:-1\" \/>\n<link rel=\"canonical\" href=\"https:\/\/apuntesdesanluis.com\/index.php\/2025\/02\/23\/el-martes-se-conocera-la-condena-que-recibira-leonardo-cositorto\/\" \/>\n<meta property=\"og:locale\" content=\"es_ES\" \/>\n<meta property=\"og:type\" content=\"article\" \/>\n<meta property=\"og:title\" content=\"EL MARTES SE CONOCER\u00c1 LA CONDENA QUE RECIBIR\u00c1 LEONARDO COSITORTO - Apuntes de San Luis\" \/>\n<meta property=\"og:description\" content=\"A 30 d\u00edas de cumplir tres a\u00f1os en prisi\u00f3n preventiva, Leonardo Cositorto fue declarado culpable...\" \/>\n<meta property=\"og:url\" content=\"https:\/\/apuntesdesanluis.com\/index.php\/2025\/02\/23\/el-martes-se-conocera-la-condena-que-recibira-leonardo-cositorto\/\" \/>\n<meta property=\"og:site_name\" content=\"Apuntes de San Luis\" \/>\n<meta property=\"article:published_time\" content=\"2025-02-23T21:59:15+00:00\" \/>\n<meta property=\"og:image\" content=\"https:\/\/apuntesdesanluis.com\/wp-content\/uploads\/2025\/02\/cositorto.png\" \/>\n\t<meta property=\"og:image:width\" content=\"779\" \/>\n\t<meta property=\"og:image:height\" content=\"540\" \/>\n\t<meta property=\"og:image:type\" content=\"image\/png\" \/>\n<meta name=\"author\" content=\"apuntesdesanluis.com\" \/>\n<meta name=\"twitter:card\" content=\"summary_large_image\" \/>\n<meta name=\"twitter:label1\" content=\"Escrito por\" \/>\n\t<meta name=\"twitter:data1\" content=\"apuntesdesanluis.com\" \/>\n\t<meta name=\"twitter:label2\" content=\"Tiempo de lectura\" \/>\n\t<meta name=\"twitter:data2\" content=\"2 minutos\" \/>\n<script type=\"application\/ld+json\" class=\"yoast-schema-graph\">{\"@context\":\"https:\/\/schema.org\",\"@graph\":[{\"@type\":\"Article\",\"@id\":\"https:\/\/apuntesdesanluis.com\/index.php\/2025\/02\/23\/el-martes-se-conocera-la-condena-que-recibira-leonardo-cositorto\/#article\",\"isPartOf\":{\"@id\":\"https:\/\/apuntesdesanluis.com\/index.php\/2025\/02\/23\/el-martes-se-conocera-la-condena-que-recibira-leonardo-cositorto\/\"},\"author\":{\"name\":\"apuntesdesanluis.com\",\"@id\":\"https:\/\/apuntesdesanluis.com\/#\/schema\/person\/b55151d52296fcce64d1a72538a70b90\"},\"headline\":\"EL MARTES SE CONOCER\u00c1 LA CONDENA QUE RECIBIR\u00c1 LEONARDO COSITORTO\",\"datePublished\":\"2025-02-23T21:59:15+00:00\",\"mainEntityOfPage\":{\"@id\":\"https:\/\/apuntesdesanluis.com\/index.php\/2025\/02\/23\/el-martes-se-conocera-la-condena-que-recibira-leonardo-cositorto\/\"},\"wordCount\":267,\"publisher\":{\"@id\":\"https:\/\/apuntesdesanluis.com\/#\/schema\/person\/b55151d52296fcce64d1a72538a70b90\"},\"image\":{\"@id\":\"https:\/\/apuntesdesanluis.com\/index.php\/2025\/02\/23\/el-martes-se-conocera-la-condena-que-recibira-leonardo-cositorto\/#primaryimage\"},\"thumbnailUrl\":\"https:\/\/apuntesdesanluis.com\/wp-content\/uploads\/2025\/02\/cositorto.png\",\"articleSection\":[\"Nacionales\/Internacionales\"],\"inLanguage\":\"es-AR\"},{\"@type\":\"WebPage\",\"@id\":\"https:\/\/apuntesdesanluis.com\/index.php\/2025\/02\/23\/el-martes-se-conocera-la-condena-que-recibira-leonardo-cositorto\/\",\"url\":\"https:\/\/apuntesdesanluis.com\/index.php\/2025\/02\/23\/el-martes-se-conocera-la-condena-que-recibira-leonardo-cositorto\/\",\"name\":\"EL MARTES SE CONOCER\u00c1 LA CONDENA QUE RECIBIR\u00c1 LEONARDO COSITORTO - Apuntes de San Luis\",\"isPartOf\":{\"@id\":\"https:\/\/apuntesdesanluis.com\/#website\"},\"primaryImageOfPage\":{\"@id\":\"https:\/\/apuntesdesanluis.com\/index.php\/2025\/02\/23\/el-martes-se-conocera-la-condena-que-recibira-leonardo-cositorto\/#primaryimage\"},\"image\":{\"@id\":\"https:\/\/apuntesdesanluis.com\/index.php\/2025\/02\/23\/el-martes-se-conocera-la-condena-que-recibira-leonardo-cositorto\/#primaryimage\"},\"thumbnailUrl\":\"https:\/\/apuntesdesanluis.com\/wp-content\/uploads\/2025\/02\/cositorto.png\",\"datePublished\":\"2025-02-23T21:59:15+00:00\",\"breadcrumb\":{\"@id\":\"https:\/\/apuntesdesanluis.com\/index.php\/2025\/02\/23\/el-martes-se-conocera-la-condena-que-recibira-leonardo-cositorto\/#breadcrumb\"},\"inLanguage\":\"es-AR\",\"potentialAction\":[{\"@type\":\"ReadAction\",\"target\":[\"https:\/\/apuntesdesanluis.com\/index.php\/2025\/02\/23\/el-martes-se-conocera-la-condena-que-recibira-leonardo-cositorto\/\"]}]},{\"@type\":\"ImageObject\",\"inLanguage\":\"es-AR\",\"@id\":\"https:\/\/apuntesdesanluis.com\/index.php\/2025\/02\/23\/el-martes-se-conocera-la-condena-que-recibira-leonardo-cositorto\/#primaryimage\",\"url\":\"https:\/\/apuntesdesanluis.com\/wp-content\/uploads\/2025\/02\/cositorto.png\",\"contentUrl\":\"https:\/\/apuntesdesanluis.com\/wp-content\/uploads\/2025\/02\/cositorto.png\",\"width\":779,\"height\":540},{\"@type\":\"BreadcrumbList\",\"@id\":\"https:\/\/apuntesdesanluis.com\/index.php\/2025\/02\/23\/el-martes-se-conocera-la-condena-que-recibira-leonardo-cositorto\/#breadcrumb\",\"itemListElement\":[{\"@type\":\"ListItem\",\"position\":1,\"name\":\"Inicio\",\"item\":\"https:\/\/apuntesdesanluis.com\/\"},{\"@type\":\"ListItem\",\"position\":2,\"name\":\"EL MARTES SE CONOCER\u00c1 LA CONDENA QUE RECIBIR\u00c1 LEONARDO COSITORTO\"}]},{\"@type\":\"WebSite\",\"@id\":\"https:\/\/apuntesdesanluis.com\/#website\",\"url\":\"https:\/\/apuntesdesanluis.com\/\",\"name\":\"Apuntes de San Luis\",\"description\":\"\",\"publisher\":{\"@id\":\"https:\/\/apuntesdesanluis.com\/#\/schema\/person\/b55151d52296fcce64d1a72538a70b90\"},\"potentialAction\":[{\"@type\":\"SearchAction\",\"target\":{\"@type\":\"EntryPoint\",\"urlTemplate\":\"https:\/\/apuntesdesanluis.com\/?s={search_term_string}\"},\"query-input\":{\"@type\":\"PropertyValueSpecification\",\"valueRequired\":true,\"valueName\":\"search_term_string\"}}],\"inLanguage\":\"es-AR\"},{\"@type\":[\"Person\",\"Organization\"],\"@id\":\"https:\/\/apuntesdesanluis.com\/#\/schema\/person\/b55151d52296fcce64d1a72538a70b90\",\"name\":\"apuntesdesanluis.com\",\"image\":{\"@type\":\"ImageObject\",\"inLanguage\":\"es-AR\",\"@id\":\"https:\/\/apuntesdesanluis.com\/#\/schema\/person\/image\/\",\"url\":\"https:\/\/apuntesdesanluis.com\/wp-content\/uploads\/2023\/07\/cropped-apuntesdesanluis.png\",\"contentUrl\":\"https:\/\/apuntesdesanluis.com\/wp-content\/uploads\/2023\/07\/cropped-apuntesdesanluis.png\",\"width\":450,\"height\":112,\"caption\":\"apuntesdesanluis.com\"},\"logo\":{\"@id\":\"https:\/\/apuntesdesanluis.com\/#\/schema\/person\/image\/\"},\"sameAs\":[\"https:\/\/apuntesdesanluis.com\"],\"url\":\"https:\/\/apuntesdesanluis.com\/index.php\/author\/apuntesdesanluis-com\/\"}]}<\/script>\n<!-- \/ Yoast SEO plugin. -->","yoast_head_json":{"title":"EL MARTES SE CONOCER\u00c1 LA CONDENA QUE RECIBIR\u00c1 LEONARDO COSITORTO - Apuntes de San Luis","robots":{"index":"index","follow":"follow","max-snippet":"max-snippet:-1","max-image-preview":"max-image-preview:large","max-video-preview":"max-video-preview:-1"},"canonical":"https:\/\/apuntesdesanluis.com\/index.php\/2025\/02\/23\/el-martes-se-conocera-la-condena-que-recibira-leonardo-cositorto\/","og_locale":"es_ES","og_type":"article","og_title":"EL MARTES SE CONOCER\u00c1 LA CONDENA QUE RECIBIR\u00c1 LEONARDO COSITORTO - Apuntes de San Luis","og_description":"A 30 d\u00edas de cumplir tres a\u00f1os en prisi\u00f3n preventiva, Leonardo Cositorto fue declarado culpable...","og_url":"https:\/\/apuntesdesanluis.com\/index.php\/2025\/02\/23\/el-martes-se-conocera-la-condena-que-recibira-leonardo-cositorto\/","og_site_name":"Apuntes de San Luis","article_published_time":"2025-02-23T21:59:15+00:00","og_image":[{"width":779,"height":540,"url":"https:\/\/apuntesdesanluis.com\/wp-content\/uploads\/2025\/02\/cositorto.png","type":"image\/png"}],"author":"apuntesdesanluis.com","twitter_card":"summary_large_image","twitter_misc":{"Escrito por":"apuntesdesanluis.com","Tiempo de lectura":"2 minutos"},"schema":{"@context":"https:\/\/schema.org","@graph":[{"@type":"Article","@id":"https:\/\/apuntesdesanluis.com\/index.php\/2025\/02\/23\/el-martes-se-conocera-la-condena-que-recibira-leonardo-cositorto\/#article","isPartOf":{"@id":"https:\/\/apuntesdesanluis.com\/index.php\/2025\/02\/23\/el-martes-se-conocera-la-condena-que-recibira-leonardo-cositorto\/"},"author":{"name":"apuntesdesanluis.com","@id":"https:\/\/apuntesdesanluis.com\/#\/schema\/person\/b55151d52296fcce64d1a72538a70b90"},"headline":"EL MARTES SE CONOCER\u00c1 LA CONDENA QUE RECIBIR\u00c1 LEONARDO COSITORTO","datePublished":"2025-02-23T21:59:15+00:00","mainEntityOfPage":{"@id":"https:\/\/apuntesdesanluis.com\/index.php\/2025\/02\/23\/el-martes-se-conocera-la-condena-que-recibira-leonardo-cositorto\/"},"wordCount":267,"publisher":{"@id":"https:\/\/apuntesdesanluis.com\/#\/schema\/person\/b55151d52296fcce64d1a72538a70b90"},"image":{"@id":"https:\/\/apuntesdesanluis.com\/index.php\/2025\/02\/23\/el-martes-se-conocera-la-condena-que-recibira-leonardo-cositorto\/#primaryimage"},"thumbnailUrl":"https:\/\/apuntesdesanluis.com\/wp-content\/uploads\/2025\/02\/cositorto.png","articleSection":["Nacionales\/Internacionales"],"inLanguage":"es-AR"},{"@type":"WebPage","@id":"https:\/\/apuntesdesanluis.com\/index.php\/2025\/02\/23\/el-martes-se-conocera-la-condena-que-recibira-leonardo-cositorto\/","url":"https:\/\/apuntesdesanluis.com\/index.php\/2025\/02\/23\/el-martes-se-conocera-la-condena-que-recibira-leonardo-cositorto\/","name":"EL MARTES SE CONOCER\u00c1 LA CONDENA QUE RECIBIR\u00c1 LEONARDO COSITORTO - Apuntes de San Luis","isPartOf":{"@id":"https:\/\/apuntesdesanluis.com\/#website"},"primaryImageOfPage":{"@id":"https:\/\/apuntesdesanluis.com\/index.php\/2025\/02\/23\/el-martes-se-conocera-la-condena-que-recibira-leonardo-cositorto\/#primaryimage"},"image":{"@id":"https:\/\/apuntesdesanluis.com\/index.php\/2025\/02\/23\/el-martes-se-conocera-la-condena-que-recibira-leonardo-cositorto\/#primaryimage"},"thumbnailUrl":"https:\/\/apuntesdesanluis.com\/wp-content\/uploads\/2025\/02\/cositorto.png","datePublished":"2025-02-23T21:59:15+00:00","breadcrumb":{"@id":"https:\/\/apuntesdesanluis.com\/index.php\/2025\/02\/23\/el-martes-se-conocera-la-condena-que-recibira-leonardo-cositorto\/#breadcrumb"},"inLanguage":"es-AR","potentialAction":[{"@type":"ReadAction","target":["https:\/\/apuntesdesanluis.com\/index.php\/2025\/02\/23\/el-martes-se-conocera-la-condena-que-recibira-leonardo-cositorto\/"]}]},{"@type":"ImageObject","inLanguage":"es-AR","@id":"https:\/\/apuntesdesanluis.com\/index.php\/2025\/02\/23\/el-martes-se-conocera-la-condena-que-recibira-leonardo-cositorto\/#primaryimage","url":"https:\/\/apuntesdesanluis.com\/wp-content\/uploads\/2025\/02\/cositorto.png","contentUrl":"https:\/\/apuntesdesanluis.com\/wp-content\/uploads\/2025\/02\/cositorto.png","width":779,"height":540},{"@type":"BreadcrumbList","@id":"https:\/\/apuntesdesanluis.com\/index.php\/2025\/02\/23\/el-martes-se-conocera-la-condena-que-recibira-leonardo-cositorto\/#breadcrumb","itemListElement":[{"@type":"ListItem","position":1,"name":"Inicio","item":"https:\/\/apuntesdesanluis.com\/"},{"@type":"ListItem","position":2,"name":"EL MARTES SE CONOCER\u00c1 LA CONDENA QUE RECIBIR\u00c1 LEONARDO COSITORTO"}]},{"@type":"WebSite","@id":"https:\/\/apuntesdesanluis.com\/#website","url":"https:\/\/apuntesdesanluis.com\/","name":"Apuntes de San Luis","description":"","publisher":{"@id":"https:\/\/apuntesdesanluis.com\/#\/schema\/person\/b55151d52296fcce64d1a72538a70b90"},"potentialAction":[{"@type":"SearchAction","target":{"@type":"EntryPoint","urlTemplate":"https:\/\/apuntesdesanluis.com\/?s={search_term_string}"},"query-input":{"@type":"PropertyValueSpecification","valueRequired":true,"valueName":"search_term_string"}}],"inLanguage":"es-AR"},{"@type":["Person","Organization"],"@id":"https:\/\/apuntesdesanluis.com\/#\/schema\/person\/b55151d52296fcce64d1a72538a70b90","name":"apuntesdesanluis.com","image":{"@type":"ImageObject","inLanguage":"es-AR","@id":"https:\/\/apuntesdesanluis.com\/#\/schema\/person\/image\/","url":"https:\/\/apuntesdesanluis.com\/wp-content\/uploads\/2023\/07\/cropped-apuntesdesanluis.png","contentUrl":"https:\/\/apuntesdesanluis.com\/wp-content\/uploads\/2023\/07\/cropped-apuntesdesanluis.png","width":450,"height":112,"caption":"apuntesdesanluis.com"},"logo":{"@id":"https:\/\/apuntesdesanluis.com\/#\/schema\/person\/image\/"},"sameAs":["https:\/\/apuntesdesanluis.com"],"url":"https:\/\/apuntesdesanluis.com\/index.php\/author\/apuntesdesanluis-com\/"}]}},"featured_image_urls":{"full":["https:\/\/apuntesdesanluis.com\/wp-content\/uploads\/2025\/02\/cositorto.png",779,540,false],"thumbnail":["https:\/\/apuntesdesanluis.com\/wp-content\/uploads\/2025\/02\/cositorto-150x150.png",150,150,true],"medium":["https:\/\/apuntesdesanluis.com\/wp-content\/uploads\/2025\/02\/cositorto-300x208.png",300,208,true],"medium_large":["https:\/\/apuntesdesanluis.com\/wp-content\/uploads\/2025\/02\/cositorto-768x532.png",640,443,true],"large":["https:\/\/apuntesdesanluis.com\/wp-content\/uploads\/2025\/02\/cositorto.png",640,444,false],"1536x1536":["https:\/\/apuntesdesanluis.com\/wp-content\/uploads\/2025\/02\/cositorto.png",779,540,false],"2048x2048":["https:\/\/apuntesdesanluis.com\/wp-content\/uploads\/2025\/02\/cositorto.png",779,540,false],"newsever-slider-full":["https:\/\/apuntesdesanluis.com\/wp-content\/uploads\/2025\/02\/cositorto.png",779,540,false],"newsever-featured":["https:\/\/apuntesdesanluis.com\/wp-content\/uploads\/2025\/02\/cositorto.png",779,540,false],"newsever-medium":["https:\/\/apuntesdesanluis.com\/wp-content\/uploads\/2025\/02\/cositorto-720x475.png",720,475,true]},"author_info":{"display_name":"apuntesdesanluis.com","author_link":"https:\/\/apuntesdesanluis.com\/index.php\/author\/apuntesdesanluis-com\/"},"category_info":"<a href=\"https:\/\/apuntesdesanluis.com\/index.php\/category\/nacionales-internacionales\/\" rel=\"category tag\">Nacionales\/Internacionales<\/a>","tag_info":"Nacionales\/Internacionales","comment_count":"0","_links":{"self":[{"href":"https:\/\/apuntesdesanluis.com\/index.php\/wp-json\/wp\/v2\/posts\/29671","targetHints":{"allow":["GET"]}}],"collection":[{"href":"https:\/\/apuntesdesanluis.com\/index.php\/wp-json\/wp\/v2\/posts"}],"about":[{"href":"https:\/\/apuntesdesanluis.com\/index.php\/wp-json\/wp\/v2\/types\/post"}],"author":[{"embeddable":true,"href":"https:\/\/apuntesdesanluis.com\/index.php\/wp-json\/wp\/v2\/users\/1"}],"replies":[{"embeddable":true,"href":"https:\/\/apuntesdesanluis.com\/index.php\/wp-json\/wp\/v2\/comments?post=29671"}],"version-history":[{"count":1,"href":"https:\/\/apuntesdesanluis.com\/index.php\/wp-json\/wp\/v2\/posts\/29671\/revisions"}],"predecessor-version":[{"id":29673,"href":"https:\/\/apuntesdesanluis.com\/index.php\/wp-json\/wp\/v2\/posts\/29671\/revisions\/29673"}],"wp:featuredmedia":[{"embeddable":true,"href":"https:\/\/apuntesdesanluis.com\/index.php\/wp-json\/wp\/v2\/media\/29672"}],"wp:attachment":[{"href":"https:\/\/apuntesdesanluis.com\/index.php\/wp-json\/wp\/v2\/media?parent=29671"}],"wp:term":[{"taxonomy":"category","embeddable":true,"href":"https:\/\/apuntesdesanluis.com\/index.php\/wp-json\/wp\/v2\/categories?post=29671"},{"taxonomy":"post_tag","embeddable":true,"href":"https:\/\/apuntesdesanluis.com\/index.php\/wp-json\/wp\/v2\/tags?post=29671"}],"curies":[{"name":"wp","href":"https:\/\/api.w.org\/{rel}","templated":true}]}}