{"id":29676,"date":"2025-02-23T19:29:29","date_gmt":"2025-02-23T22:29:29","guid":{"rendered":"https:\/\/apuntesdesanluis.com\/?p=29676"},"modified":"2025-02-23T19:29:29","modified_gmt":"2025-02-23T22:29:29","slug":"murio-atilio-veronelli-actor-y-guionista-de-iconicos-programas-de-tv","status":"publish","type":"post","link":"https:\/\/apuntesdesanluis.com\/index.php\/2025\/02\/23\/murio-atilio-veronelli-actor-y-guionista-de-iconicos-programas-de-tv\/","title":{"rendered":"MURI\u00d3 ATILIO VERONELLI, ACTOR Y GUIONISTA DE IC\u00d3NICOS PROGRAMAS DE TV"},"content":{"rendered":"<h3>El actor, director y guionista <strong>Atilio Veronelli<\/strong> falleci\u00f3 a los 65 a\u00f1os, dejando un legado en el mundo del espect\u00e1culo. Su carrera abarc\u00f3 teatro, cine y televisi\u00f3n, destac\u00e1ndose en su faceta de comediante y escritor de grandes \u00e9xitos.<\/h3>\n<h3>La informaci\u00f3n la dio a conocer la Asociaci\u00f3n Argentina de Actores (AAA), pero no se brindaron mayores detalles.<\/h3>\n<h3>Hasta el momento, familiares y allegados no confirmaron oficialmente la causa de su muerte, aunque en los \u00faltimos a\u00f1os padeci\u00f3 varios problemas de salud, principalmente vinculados a\u00a0<strong>dificultades card\u00edacas.<\/strong><\/h3>\n<h3>De todas maneras, el deceso habr\u00eda sido repentino, ya que Veronelli planeaba con su grupo de trabajo iniciar giras a partir de marzo.<\/h3>\n<h3>Asimismo, el actor hab\u00eda mostrado activo en su perfil de Instagram. De hecho, en sus historias, hab\u00eda compartido dos videos de la actriz Luisa Albinoni hace 21 horas.<\/h3>\n<h3>En las grabaciones se la puede escuchar a Albinoni haciendo un pedido por un beb\u00e9 de 8 meses que espera un trasplante de coraz\u00f3n: &#8220;Tomemos conciencia, donemos los \u00f3rganos&#8221;, dice la artista.<\/h3>\n<h3>Tambi\u00e9n se mostr\u00f3 con la actriz Esmeralda Mitre e incluso en uno de sus \u00faltimos posteos se puede ver un recorte del 14 de febrero cuando visit\u00f3 el programa de streaming Info Show (Canal 22). All\u00ed hab\u00eda hablado sobre los \u00faltimos esc\u00e1ndalos de la far\u00e1ndula argentina.<\/h3>\n<h3>Nacido el 13 de octubre de 1959, se form\u00f3 en la Escuela Nacional de Arte Dram\u00e1tico y tom\u00f3 clases con Carlos Gandolfo y Carlos Rivas. En la pantalla chica, brill\u00f3 en programas como El mundo de Antonio Gasalla, Juana y sus hermanas, El palacio de la risa, Los Simuladores, Casados con hijos y Los Rold\u00e1n, adem\u00e1s de participar en ciclos como Bendita y Nosotros a la ma\u00f1ana.<\/h3>\n<h3>Como guionista y dramaturgo, trabaj\u00f3 en \u00e9xitos como Susana Gim\u00e9nez, 90-60-90 Modelos y Los Grimaldi. Su trayectoria teatral incluy\u00f3 obras como Los Borgia, La mesa de los galanes y Padre Nuestro, adem\u00e1s de espect\u00e1culos humor\u00edsticos propios como Confesiones de un hombre separado y Veronelli est\u00e1 Violeta de risa.<\/h3>\n<h3>En cine, particip\u00f3 en pel\u00edculas como Matar al abuelito, La peste y El viaje.<\/h3>\n<p>&nbsp;<\/p>\n<p>&nbsp;<\/p>\n<p>&nbsp;<\/p>\n<h3><\/h3>\n<h3><\/h3>\n<p>&nbsp;<\/p>\n","protected":false},"excerpt":{"rendered":"<p>El actor, director y guionista Atilio Veronelli falleci\u00f3 a los 65 a\u00f1os, dejando un legado&#8230;<\/p>\n","protected":false},"author":1,"featured_media":29677,"comment_status":"closed","ping_status":"closed","sticky":false,"template":"","format":"standard","meta":{"footnotes":""},"categories":[5],"tags":[],"class_list":["post-29676","post","type-post","status-publish","format-standard","has-post-thumbnail","hentry","category-nacionales-internacionales"],"yoast_head":"<!-- This site is optimized with the Yoast SEO plugin v26.1.1 - https:\/\/yoast.com\/wordpress\/plugins\/seo\/ -->\n<title>MURI\u00d3 ATILIO VERONELLI, ACTOR Y GUIONISTA DE IC\u00d3NICOS PROGRAMAS DE TV - Apuntes de San Luis<\/title>\n<meta name=\"robots\" content=\"index, follow, max-snippet:-1, max-image-preview:large, max-video-preview:-1\" \/>\n<link rel=\"canonical\" href=\"https:\/\/apuntesdesanluis.com\/index.php\/2025\/02\/23\/murio-atilio-veronelli-actor-y-guionista-de-iconicos-programas-de-tv\/\" \/>\n<meta property=\"og:locale\" content=\"es_ES\" \/>\n<meta property=\"og:type\" content=\"article\" \/>\n<meta property=\"og:title\" content=\"MURI\u00d3 ATILIO VERONELLI, ACTOR Y GUIONISTA DE IC\u00d3NICOS PROGRAMAS DE TV - Apuntes de San Luis\" \/>\n<meta property=\"og:description\" content=\"El actor, director y guionista Atilio Veronelli falleci\u00f3 a los 65 a\u00f1os, dejando un legado...\" \/>\n<meta property=\"og:url\" content=\"https:\/\/apuntesdesanluis.com\/index.php\/2025\/02\/23\/murio-atilio-veronelli-actor-y-guionista-de-iconicos-programas-de-tv\/\" \/>\n<meta property=\"og:site_name\" content=\"Apuntes de San Luis\" \/>\n<meta property=\"article:published_time\" content=\"2025-02-23T22:29:29+00:00\" \/>\n<meta property=\"og:image\" content=\"https:\/\/apuntesdesanluis.com\/wp-content\/uploads\/2025\/02\/atilio-veronelli.png\" \/>\n\t<meta property=\"og:image:width\" content=\"700\" \/>\n\t<meta property=\"og:image:height\" content=\"429\" \/>\n\t<meta property=\"og:image:type\" content=\"image\/png\" \/>\n<meta name=\"author\" content=\"apuntesdesanluis.com\" \/>\n<meta name=\"twitter:card\" content=\"summary_large_image\" \/>\n<meta name=\"twitter:label1\" content=\"Escrito por\" \/>\n\t<meta name=\"twitter:data1\" content=\"apuntesdesanluis.com\" \/>\n\t<meta name=\"twitter:label2\" content=\"Tiempo de lectura\" \/>\n\t<meta name=\"twitter:data2\" content=\"2 minutos\" \/>\n<script type=\"application\/ld+json\" class=\"yoast-schema-graph\">{\"@context\":\"https:\/\/schema.org\",\"@graph\":[{\"@type\":\"Article\",\"@id\":\"https:\/\/apuntesdesanluis.com\/index.php\/2025\/02\/23\/murio-atilio-veronelli-actor-y-guionista-de-iconicos-programas-de-tv\/#article\",\"isPartOf\":{\"@id\":\"https:\/\/apuntesdesanluis.com\/index.php\/2025\/02\/23\/murio-atilio-veronelli-actor-y-guionista-de-iconicos-programas-de-tv\/\"},\"author\":{\"name\":\"apuntesdesanluis.com\",\"@id\":\"https:\/\/apuntesdesanluis.com\/#\/schema\/person\/b55151d52296fcce64d1a72538a70b90\"},\"headline\":\"MURI\u00d3 ATILIO VERONELLI, ACTOR Y GUIONISTA DE IC\u00d3NICOS PROGRAMAS DE TV\",\"datePublished\":\"2025-02-23T22:29:29+00:00\",\"mainEntityOfPage\":{\"@id\":\"https:\/\/apuntesdesanluis.com\/index.php\/2025\/02\/23\/murio-atilio-veronelli-actor-y-guionista-de-iconicos-programas-de-tv\/\"},\"wordCount\":378,\"publisher\":{\"@id\":\"https:\/\/apuntesdesanluis.com\/#\/schema\/person\/b55151d52296fcce64d1a72538a70b90\"},\"image\":{\"@id\":\"https:\/\/apuntesdesanluis.com\/index.php\/2025\/02\/23\/murio-atilio-veronelli-actor-y-guionista-de-iconicos-programas-de-tv\/#primaryimage\"},\"thumbnailUrl\":\"https:\/\/apuntesdesanluis.com\/wp-content\/uploads\/2025\/02\/atilio-veronelli.png\",\"articleSection\":[\"Nacionales\/Internacionales\"],\"inLanguage\":\"es-AR\"},{\"@type\":\"WebPage\",\"@id\":\"https:\/\/apuntesdesanluis.com\/index.php\/2025\/02\/23\/murio-atilio-veronelli-actor-y-guionista-de-iconicos-programas-de-tv\/\",\"url\":\"https:\/\/apuntesdesanluis.com\/index.php\/2025\/02\/23\/murio-atilio-veronelli-actor-y-guionista-de-iconicos-programas-de-tv\/\",\"name\":\"MURI\u00d3 ATILIO VERONELLI, ACTOR Y GUIONISTA DE IC\u00d3NICOS PROGRAMAS DE TV - Apuntes de San Luis\",\"isPartOf\":{\"@id\":\"https:\/\/apuntesdesanluis.com\/#website\"},\"primaryImageOfPage\":{\"@id\":\"https:\/\/apuntesdesanluis.com\/index.php\/2025\/02\/23\/murio-atilio-veronelli-actor-y-guionista-de-iconicos-programas-de-tv\/#primaryimage\"},\"image\":{\"@id\":\"https:\/\/apuntesdesanluis.com\/index.php\/2025\/02\/23\/murio-atilio-veronelli-actor-y-guionista-de-iconicos-programas-de-tv\/#primaryimage\"},\"thumbnailUrl\":\"https:\/\/apuntesdesanluis.com\/wp-content\/uploads\/2025\/02\/atilio-veronelli.png\",\"datePublished\":\"2025-02-23T22:29:29+00:00\",\"breadcrumb\":{\"@id\":\"https:\/\/apuntesdesanluis.com\/index.php\/2025\/02\/23\/murio-atilio-veronelli-actor-y-guionista-de-iconicos-programas-de-tv\/#breadcrumb\"},\"inLanguage\":\"es-AR\",\"potentialAction\":[{\"@type\":\"ReadAction\",\"target\":[\"https:\/\/apuntesdesanluis.com\/index.php\/2025\/02\/23\/murio-atilio-veronelli-actor-y-guionista-de-iconicos-programas-de-tv\/\"]}]},{\"@type\":\"ImageObject\",\"inLanguage\":\"es-AR\",\"@id\":\"https:\/\/apuntesdesanluis.com\/index.php\/2025\/02\/23\/murio-atilio-veronelli-actor-y-guionista-de-iconicos-programas-de-tv\/#primaryimage\",\"url\":\"https:\/\/apuntesdesanluis.com\/wp-content\/uploads\/2025\/02\/atilio-veronelli.png\",\"contentUrl\":\"https:\/\/apuntesdesanluis.com\/wp-content\/uploads\/2025\/02\/atilio-veronelli.png\",\"width\":700,\"height\":429},{\"@type\":\"BreadcrumbList\",\"@id\":\"https:\/\/apuntesdesanluis.com\/index.php\/2025\/02\/23\/murio-atilio-veronelli-actor-y-guionista-de-iconicos-programas-de-tv\/#breadcrumb\",\"itemListElement\":[{\"@type\":\"ListItem\",\"position\":1,\"name\":\"Inicio\",\"item\":\"https:\/\/apuntesdesanluis.com\/\"},{\"@type\":\"ListItem\",\"position\":2,\"name\":\"MURI\u00d3 ATILIO VERONELLI, ACTOR Y GUIONISTA DE IC\u00d3NICOS PROGRAMAS DE TV\"}]},{\"@type\":\"WebSite\",\"@id\":\"https:\/\/apuntesdesanluis.com\/#website\",\"url\":\"https:\/\/apuntesdesanluis.com\/\",\"name\":\"Apuntes de San Luis\",\"description\":\"\",\"publisher\":{\"@id\":\"https:\/\/apuntesdesanluis.com\/#\/schema\/person\/b55151d52296fcce64d1a72538a70b90\"},\"potentialAction\":[{\"@type\":\"SearchAction\",\"target\":{\"@type\":\"EntryPoint\",\"urlTemplate\":\"https:\/\/apuntesdesanluis.com\/?s={search_term_string}\"},\"query-input\":{\"@type\":\"PropertyValueSpecification\",\"valueRequired\":true,\"valueName\":\"search_term_string\"}}],\"inLanguage\":\"es-AR\"},{\"@type\":[\"Person\",\"Organization\"],\"@id\":\"https:\/\/apuntesdesanluis.com\/#\/schema\/person\/b55151d52296fcce64d1a72538a70b90\",\"name\":\"apuntesdesanluis.com\",\"image\":{\"@type\":\"ImageObject\",\"inLanguage\":\"es-AR\",\"@id\":\"https:\/\/apuntesdesanluis.com\/#\/schema\/person\/image\/\",\"url\":\"https:\/\/apuntesdesanluis.com\/wp-content\/uploads\/2023\/07\/cropped-apuntesdesanluis.png\",\"contentUrl\":\"https:\/\/apuntesdesanluis.com\/wp-content\/uploads\/2023\/07\/cropped-apuntesdesanluis.png\",\"width\":450,\"height\":112,\"caption\":\"apuntesdesanluis.com\"},\"logo\":{\"@id\":\"https:\/\/apuntesdesanluis.com\/#\/schema\/person\/image\/\"},\"sameAs\":[\"https:\/\/apuntesdesanluis.com\"],\"url\":\"https:\/\/apuntesdesanluis.com\/index.php\/author\/apuntesdesanluis-com\/\"}]}<\/script>\n<!-- \/ Yoast SEO plugin. -->","yoast_head_json":{"title":"MURI\u00d3 ATILIO VERONELLI, ACTOR Y GUIONISTA DE IC\u00d3NICOS PROGRAMAS DE TV - Apuntes de San Luis","robots":{"index":"index","follow":"follow","max-snippet":"max-snippet:-1","max-image-preview":"max-image-preview:large","max-video-preview":"max-video-preview:-1"},"canonical":"https:\/\/apuntesdesanluis.com\/index.php\/2025\/02\/23\/murio-atilio-veronelli-actor-y-guionista-de-iconicos-programas-de-tv\/","og_locale":"es_ES","og_type":"article","og_title":"MURI\u00d3 ATILIO VERONELLI, ACTOR Y GUIONISTA DE IC\u00d3NICOS PROGRAMAS DE TV - Apuntes de San Luis","og_description":"El actor, director y guionista Atilio Veronelli falleci\u00f3 a los 65 a\u00f1os, dejando un legado...","og_url":"https:\/\/apuntesdesanluis.com\/index.php\/2025\/02\/23\/murio-atilio-veronelli-actor-y-guionista-de-iconicos-programas-de-tv\/","og_site_name":"Apuntes de San Luis","article_published_time":"2025-02-23T22:29:29+00:00","og_image":[{"width":700,"height":429,"url":"https:\/\/apuntesdesanluis.com\/wp-content\/uploads\/2025\/02\/atilio-veronelli.png","type":"image\/png"}],"author":"apuntesdesanluis.com","twitter_card":"summary_large_image","twitter_misc":{"Escrito por":"apuntesdesanluis.com","Tiempo de lectura":"2 minutos"},"schema":{"@context":"https:\/\/schema.org","@graph":[{"@type":"Article","@id":"https:\/\/apuntesdesanluis.com\/index.php\/2025\/02\/23\/murio-atilio-veronelli-actor-y-guionista-de-iconicos-programas-de-tv\/#article","isPartOf":{"@id":"https:\/\/apuntesdesanluis.com\/index.php\/2025\/02\/23\/murio-atilio-veronelli-actor-y-guionista-de-iconicos-programas-de-tv\/"},"author":{"name":"apuntesdesanluis.com","@id":"https:\/\/apuntesdesanluis.com\/#\/schema\/person\/b55151d52296fcce64d1a72538a70b90"},"headline":"MURI\u00d3 ATILIO VERONELLI, ACTOR Y GUIONISTA DE IC\u00d3NICOS PROGRAMAS DE TV","datePublished":"2025-02-23T22:29:29+00:00","mainEntityOfPage":{"@id":"https:\/\/apuntesdesanluis.com\/index.php\/2025\/02\/23\/murio-atilio-veronelli-actor-y-guionista-de-iconicos-programas-de-tv\/"},"wordCount":378,"publisher":{"@id":"https:\/\/apuntesdesanluis.com\/#\/schema\/person\/b55151d52296fcce64d1a72538a70b90"},"image":{"@id":"https:\/\/apuntesdesanluis.com\/index.php\/2025\/02\/23\/murio-atilio-veronelli-actor-y-guionista-de-iconicos-programas-de-tv\/#primaryimage"},"thumbnailUrl":"https:\/\/apuntesdesanluis.com\/wp-content\/uploads\/2025\/02\/atilio-veronelli.png","articleSection":["Nacionales\/Internacionales"],"inLanguage":"es-AR"},{"@type":"WebPage","@id":"https:\/\/apuntesdesanluis.com\/index.php\/2025\/02\/23\/murio-atilio-veronelli-actor-y-guionista-de-iconicos-programas-de-tv\/","url":"https:\/\/apuntesdesanluis.com\/index.php\/2025\/02\/23\/murio-atilio-veronelli-actor-y-guionista-de-iconicos-programas-de-tv\/","name":"MURI\u00d3 ATILIO VERONELLI, ACTOR Y GUIONISTA DE IC\u00d3NICOS PROGRAMAS DE TV - Apuntes de San Luis","isPartOf":{"@id":"https:\/\/apuntesdesanluis.com\/#website"},"primaryImageOfPage":{"@id":"https:\/\/apuntesdesanluis.com\/index.php\/2025\/02\/23\/murio-atilio-veronelli-actor-y-guionista-de-iconicos-programas-de-tv\/#primaryimage"},"image":{"@id":"https:\/\/apuntesdesanluis.com\/index.php\/2025\/02\/23\/murio-atilio-veronelli-actor-y-guionista-de-iconicos-programas-de-tv\/#primaryimage"},"thumbnailUrl":"https:\/\/apuntesdesanluis.com\/wp-content\/uploads\/2025\/02\/atilio-veronelli.png","datePublished":"2025-02-23T22:29:29+00:00","breadcrumb":{"@id":"https:\/\/apuntesdesanluis.com\/index.php\/2025\/02\/23\/murio-atilio-veronelli-actor-y-guionista-de-iconicos-programas-de-tv\/#breadcrumb"},"inLanguage":"es-AR","potentialAction":[{"@type":"ReadAction","target":["https:\/\/apuntesdesanluis.com\/index.php\/2025\/02\/23\/murio-atilio-veronelli-actor-y-guionista-de-iconicos-programas-de-tv\/"]}]},{"@type":"ImageObject","inLanguage":"es-AR","@id":"https:\/\/apuntesdesanluis.com\/index.php\/2025\/02\/23\/murio-atilio-veronelli-actor-y-guionista-de-iconicos-programas-de-tv\/#primaryimage","url":"https:\/\/apuntesdesanluis.com\/wp-content\/uploads\/2025\/02\/atilio-veronelli.png","contentUrl":"https:\/\/apuntesdesanluis.com\/wp-content\/uploads\/2025\/02\/atilio-veronelli.png","width":700,"height":429},{"@type":"BreadcrumbList","@id":"https:\/\/apuntesdesanluis.com\/index.php\/2025\/02\/23\/murio-atilio-veronelli-actor-y-guionista-de-iconicos-programas-de-tv\/#breadcrumb","itemListElement":[{"@type":"ListItem","position":1,"name":"Inicio","item":"https:\/\/apuntesdesanluis.com\/"},{"@type":"ListItem","position":2,"name":"MURI\u00d3 ATILIO VERONELLI, ACTOR Y GUIONISTA DE IC\u00d3NICOS PROGRAMAS DE TV"}]},{"@type":"WebSite","@id":"https:\/\/apuntesdesanluis.com\/#website","url":"https:\/\/apuntesdesanluis.com\/","name":"Apuntes de San Luis","description":"","publisher":{"@id":"https:\/\/apuntesdesanluis.com\/#\/schema\/person\/b55151d52296fcce64d1a72538a70b90"},"potentialAction":[{"@type":"SearchAction","target":{"@type":"EntryPoint","urlTemplate":"https:\/\/apuntesdesanluis.com\/?s={search_term_string}"},"query-input":{"@type":"PropertyValueSpecification","valueRequired":true,"valueName":"search_term_string"}}],"inLanguage":"es-AR"},{"@type":["Person","Organization"],"@id":"https:\/\/apuntesdesanluis.com\/#\/schema\/person\/b55151d52296fcce64d1a72538a70b90","name":"apuntesdesanluis.com","image":{"@type":"ImageObject","inLanguage":"es-AR","@id":"https:\/\/apuntesdesanluis.com\/#\/schema\/person\/image\/","url":"https:\/\/apuntesdesanluis.com\/wp-content\/uploads\/2023\/07\/cropped-apuntesdesanluis.png","contentUrl":"https:\/\/apuntesdesanluis.com\/wp-content\/uploads\/2023\/07\/cropped-apuntesdesanluis.png","width":450,"height":112,"caption":"apuntesdesanluis.com"},"logo":{"@id":"https:\/\/apuntesdesanluis.com\/#\/schema\/person\/image\/"},"sameAs":["https:\/\/apuntesdesanluis.com"],"url":"https:\/\/apuntesdesanluis.com\/index.php\/author\/apuntesdesanluis-com\/"}]}},"featured_image_urls":{"full":["https:\/\/apuntesdesanluis.com\/wp-content\/uploads\/2025\/02\/atilio-veronelli.png",700,429,false],"thumbnail":["https:\/\/apuntesdesanluis.com\/wp-content\/uploads\/2025\/02\/atilio-veronelli-150x150.png",150,150,true],"medium":["https:\/\/apuntesdesanluis.com\/wp-content\/uploads\/2025\/02\/atilio-veronelli-300x184.png",300,184,true],"medium_large":["https:\/\/apuntesdesanluis.com\/wp-content\/uploads\/2025\/02\/atilio-veronelli.png",640,392,false],"large":["https:\/\/apuntesdesanluis.com\/wp-content\/uploads\/2025\/02\/atilio-veronelli.png",640,392,false],"1536x1536":["https:\/\/apuntesdesanluis.com\/wp-content\/uploads\/2025\/02\/atilio-veronelli.png",700,429,false],"2048x2048":["https:\/\/apuntesdesanluis.com\/wp-content\/uploads\/2025\/02\/atilio-veronelli.png",700,429,false],"newsever-slider-full":["https:\/\/apuntesdesanluis.com\/wp-content\/uploads\/2025\/02\/atilio-veronelli.png",700,429,false],"newsever-featured":["https:\/\/apuntesdesanluis.com\/wp-content\/uploads\/2025\/02\/atilio-veronelli.png",700,429,false],"newsever-medium":["https:\/\/apuntesdesanluis.com\/wp-content\/uploads\/2025\/02\/atilio-veronelli.png",700,429,false]},"author_info":{"display_name":"apuntesdesanluis.com","author_link":"https:\/\/apuntesdesanluis.com\/index.php\/author\/apuntesdesanluis-com\/"},"category_info":"<a href=\"https:\/\/apuntesdesanluis.com\/index.php\/category\/nacionales-internacionales\/\" rel=\"category tag\">Nacionales\/Internacionales<\/a>","tag_info":"Nacionales\/Internacionales","comment_count":"0","_links":{"self":[{"href":"https:\/\/apuntesdesanluis.com\/index.php\/wp-json\/wp\/v2\/posts\/29676","targetHints":{"allow":["GET"]}}],"collection":[{"href":"https:\/\/apuntesdesanluis.com\/index.php\/wp-json\/wp\/v2\/posts"}],"about":[{"href":"https:\/\/apuntesdesanluis.com\/index.php\/wp-json\/wp\/v2\/types\/post"}],"author":[{"embeddable":true,"href":"https:\/\/apuntesdesanluis.com\/index.php\/wp-json\/wp\/v2\/users\/1"}],"replies":[{"embeddable":true,"href":"https:\/\/apuntesdesanluis.com\/index.php\/wp-json\/wp\/v2\/comments?post=29676"}],"version-history":[{"count":1,"href":"https:\/\/apuntesdesanluis.com\/index.php\/wp-json\/wp\/v2\/posts\/29676\/revisions"}],"predecessor-version":[{"id":29678,"href":"https:\/\/apuntesdesanluis.com\/index.php\/wp-json\/wp\/v2\/posts\/29676\/revisions\/29678"}],"wp:featuredmedia":[{"embeddable":true,"href":"https:\/\/apuntesdesanluis.com\/index.php\/wp-json\/wp\/v2\/media\/29677"}],"wp:attachment":[{"href":"https:\/\/apuntesdesanluis.com\/index.php\/wp-json\/wp\/v2\/media?parent=29676"}],"wp:term":[{"taxonomy":"category","embeddable":true,"href":"https:\/\/apuntesdesanluis.com\/index.php\/wp-json\/wp\/v2\/categories?post=29676"},{"taxonomy":"post_tag","embeddable":true,"href":"https:\/\/apuntesdesanluis.com\/index.php\/wp-json\/wp\/v2\/tags?post=29676"}],"curies":[{"name":"wp","href":"https:\/\/api.w.org\/{rel}","templated":true}]}}