{"id":29679,"date":"2025-02-23T19:48:24","date_gmt":"2025-02-23T22:48:24","guid":{"rendered":"https:\/\/apuntesdesanluis.com\/?p=29679"},"modified":"2025-02-23T19:49:17","modified_gmt":"2025-02-23T22:49:17","slug":"el-papa-francisco-permanece-en-estado-critico-y-preocupa-su-insuficiencia-renal","status":"publish","type":"post","link":"https:\/\/apuntesdesanluis.com\/index.php\/2025\/02\/23\/el-papa-francisco-permanece-en-estado-critico-y-preocupa-su-insuficiencia-renal\/","title":{"rendered":"EL PAPA FRANCISCO PERMANECE EN ESTADO CR\u00cdTICO Y PREOCUPA SU INSUFICIENCIA RENAL"},"content":{"rendered":"<h3>El <strong>Papa Francisco<\/strong> contin\u00faa en estado cr\u00edtico internado en el Hospital Gemelli de Roma, donde permanece desde el 14 de febrero debido a una neumon\u00eda bilateral. Aunque no sufri\u00f3 nuevas crisis respiratorias, la preocupaci\u00f3n crece tras confirmarse una insuficiencia renal leve inicial que actualmente permanece bajo control, seg\u00fan indic\u00f3 el \u00faltimo parte m\u00e9dico emitido por el Vaticano.<\/h3>\n<h3>Durante el s\u00e1bado, al pont\u00edfice argentino le realizaron transfusiones sangu\u00edneas para tratar la anemia que padece, lo cual mejor\u00f3 temporalmente sus niveles de hemoglobina. Sin embargo, sufre trombocitopenia, un nivel bajo de plaquetas, aunque se mantiene estable. El equipo m\u00e9dico confirm\u00f3 que Francisco contin\u00faa recibiendo ox\u00edgeno mediante c\u00e1nulas nasales tras la crisis respiratoria ocurrida previamente, lo cual increment\u00f3 el dolor que siente estos d\u00edas.<\/h3>\n<h3>\u201cLa complejidad del cuadro cl\u00ednico y la espera obligatoria para observar respuestas a las terapias farmacol\u00f3gicas obligan a mantener un pron\u00f3stico reservado\u201d, se\u00f1al\u00f3 el parte m\u00e9dico oficial.<\/h3>\n<h3>En medio de esta delicada situaci\u00f3n, el Papa mostr\u00f3 buen \u00e1nimo durante la misa celebrada esta ma\u00f1ana en su habitaci\u00f3n del d\u00e9cimo piso del hospital junto a quienes lo acompa\u00f1an en su tratamiento. A trav\u00e9s del Vaticano, Francisco agradeci\u00f3 p\u00fablicamente a m\u00e9dicos y enfermeros por la dedicaci\u00f3n mostrada en estos d\u00edas dif\u00edciles, al tiempo que manifest\u00f3 sentirse profundamente conmovido por las muestras de apoyo y las oraciones recibidas desde diferentes partes del mundo.<\/h3>\n<h3>Mientras tanto, en el Vaticano contin\u00faan las actividades previstas por el Jubileo, aunque la preocupaci\u00f3n por la salud del Papa es cada vez mayor. Este domingo, Rino Fisichella, pro-prefecto del Dicasterio para la Evangelizaci\u00f3n, ofici\u00f3 en reemplazo de Francisco la misa en la Bas\u00edlica de San Pedro.<\/h3>\n<h3>En las afueras del Hospital Gemelli se multiplican las demostraciones de cari\u00f1o hacia el Papa Francisco: decenas de fieles se acercan cada d\u00eda para rezar por su pronta recuperaci\u00f3n, colocando velas, flores y mensajes ante la estatua de Juan Pablo II, en una clara se\u00f1al del afecto mundial por el pont\u00edfice argentino.<\/h3>\n<p>&nbsp;<\/p>\n<p>&nbsp;<\/p>\n<p>&nbsp;<\/p>\n<p>&nbsp;<\/p>\n<h3><\/h3>\n<h3><\/h3>\n<h3><\/h3>\n","protected":false},"excerpt":{"rendered":"<p>El Papa Francisco contin\u00faa en estado cr\u00edtico internado en el Hospital Gemelli de Roma, donde&#8230;<\/p>\n","protected":false},"author":1,"featured_media":29680,"comment_status":"closed","ping_status":"closed","sticky":false,"template":"","format":"standard","meta":{"footnotes":""},"categories":[5],"tags":[],"class_list":["post-29679","post","type-post","status-publish","format-standard","has-post-thumbnail","hentry","category-nacionales-internacionales"],"yoast_head":"<!-- This site is optimized with the Yoast SEO plugin v26.1.1 - https:\/\/yoast.com\/wordpress\/plugins\/seo\/ -->\n<title>EL PAPA FRANCISCO PERMANECE EN ESTADO CR\u00cdTICO Y PREOCUPA SU INSUFICIENCIA RENAL - Apuntes de San Luis<\/title>\n<meta name=\"robots\" content=\"index, follow, max-snippet:-1, max-image-preview:large, max-video-preview:-1\" \/>\n<link rel=\"canonical\" href=\"https:\/\/apuntesdesanluis.com\/index.php\/2025\/02\/23\/el-papa-francisco-permanece-en-estado-critico-y-preocupa-su-insuficiencia-renal\/\" \/>\n<meta property=\"og:locale\" content=\"es_ES\" \/>\n<meta property=\"og:type\" content=\"article\" \/>\n<meta property=\"og:title\" content=\"EL PAPA FRANCISCO PERMANECE EN ESTADO CR\u00cdTICO Y PREOCUPA SU INSUFICIENCIA RENAL - Apuntes de San Luis\" \/>\n<meta property=\"og:description\" content=\"El Papa Francisco contin\u00faa en estado cr\u00edtico internado en el Hospital Gemelli de Roma, donde...\" \/>\n<meta property=\"og:url\" content=\"https:\/\/apuntesdesanluis.com\/index.php\/2025\/02\/23\/el-papa-francisco-permanece-en-estado-critico-y-preocupa-su-insuficiencia-renal\/\" \/>\n<meta property=\"og:site_name\" content=\"Apuntes de San Luis\" \/>\n<meta property=\"article:published_time\" content=\"2025-02-23T22:48:24+00:00\" \/>\n<meta property=\"article:modified_time\" content=\"2025-02-23T22:49:17+00:00\" \/>\n<meta property=\"og:image\" content=\"https:\/\/apuntesdesanluis.com\/wp-content\/uploads\/2025\/02\/papa.png\" \/>\n\t<meta property=\"og:image:width\" content=\"805\" \/>\n\t<meta property=\"og:image:height\" content=\"507\" \/>\n\t<meta property=\"og:image:type\" content=\"image\/png\" \/>\n<meta name=\"author\" content=\"apuntesdesanluis.com\" \/>\n<meta name=\"twitter:card\" content=\"summary_large_image\" \/>\n<meta name=\"twitter:label1\" content=\"Escrito por\" \/>\n\t<meta name=\"twitter:data1\" content=\"apuntesdesanluis.com\" \/>\n\t<meta name=\"twitter:label2\" content=\"Tiempo de lectura\" \/>\n\t<meta name=\"twitter:data2\" content=\"2 minutos\" \/>\n<script type=\"application\/ld+json\" class=\"yoast-schema-graph\">{\"@context\":\"https:\/\/schema.org\",\"@graph\":[{\"@type\":\"Article\",\"@id\":\"https:\/\/apuntesdesanluis.com\/index.php\/2025\/02\/23\/el-papa-francisco-permanece-en-estado-critico-y-preocupa-su-insuficiencia-renal\/#article\",\"isPartOf\":{\"@id\":\"https:\/\/apuntesdesanluis.com\/index.php\/2025\/02\/23\/el-papa-francisco-permanece-en-estado-critico-y-preocupa-su-insuficiencia-renal\/\"},\"author\":{\"name\":\"apuntesdesanluis.com\",\"@id\":\"https:\/\/apuntesdesanluis.com\/#\/schema\/person\/b55151d52296fcce64d1a72538a70b90\"},\"headline\":\"EL PAPA FRANCISCO PERMANECE EN ESTADO CR\u00cdTICO Y PREOCUPA SU INSUFICIENCIA RENAL\",\"datePublished\":\"2025-02-23T22:48:24+00:00\",\"dateModified\":\"2025-02-23T22:49:17+00:00\",\"mainEntityOfPage\":{\"@id\":\"https:\/\/apuntesdesanluis.com\/index.php\/2025\/02\/23\/el-papa-francisco-permanece-en-estado-critico-y-preocupa-su-insuficiencia-renal\/\"},\"wordCount\":375,\"publisher\":{\"@id\":\"https:\/\/apuntesdesanluis.com\/#\/schema\/person\/b55151d52296fcce64d1a72538a70b90\"},\"image\":{\"@id\":\"https:\/\/apuntesdesanluis.com\/index.php\/2025\/02\/23\/el-papa-francisco-permanece-en-estado-critico-y-preocupa-su-insuficiencia-renal\/#primaryimage\"},\"thumbnailUrl\":\"https:\/\/apuntesdesanluis.com\/wp-content\/uploads\/2025\/02\/papa.png\",\"articleSection\":[\"Nacionales\/Internacionales\"],\"inLanguage\":\"es-AR\"},{\"@type\":\"WebPage\",\"@id\":\"https:\/\/apuntesdesanluis.com\/index.php\/2025\/02\/23\/el-papa-francisco-permanece-en-estado-critico-y-preocupa-su-insuficiencia-renal\/\",\"url\":\"https:\/\/apuntesdesanluis.com\/index.php\/2025\/02\/23\/el-papa-francisco-permanece-en-estado-critico-y-preocupa-su-insuficiencia-renal\/\",\"name\":\"EL PAPA FRANCISCO PERMANECE EN ESTADO CR\u00cdTICO Y PREOCUPA SU INSUFICIENCIA RENAL - Apuntes de San Luis\",\"isPartOf\":{\"@id\":\"https:\/\/apuntesdesanluis.com\/#website\"},\"primaryImageOfPage\":{\"@id\":\"https:\/\/apuntesdesanluis.com\/index.php\/2025\/02\/23\/el-papa-francisco-permanece-en-estado-critico-y-preocupa-su-insuficiencia-renal\/#primaryimage\"},\"image\":{\"@id\":\"https:\/\/apuntesdesanluis.com\/index.php\/2025\/02\/23\/el-papa-francisco-permanece-en-estado-critico-y-preocupa-su-insuficiencia-renal\/#primaryimage\"},\"thumbnailUrl\":\"https:\/\/apuntesdesanluis.com\/wp-content\/uploads\/2025\/02\/papa.png\",\"datePublished\":\"2025-02-23T22:48:24+00:00\",\"dateModified\":\"2025-02-23T22:49:17+00:00\",\"breadcrumb\":{\"@id\":\"https:\/\/apuntesdesanluis.com\/index.php\/2025\/02\/23\/el-papa-francisco-permanece-en-estado-critico-y-preocupa-su-insuficiencia-renal\/#breadcrumb\"},\"inLanguage\":\"es-AR\",\"potentialAction\":[{\"@type\":\"ReadAction\",\"target\":[\"https:\/\/apuntesdesanluis.com\/index.php\/2025\/02\/23\/el-papa-francisco-permanece-en-estado-critico-y-preocupa-su-insuficiencia-renal\/\"]}]},{\"@type\":\"ImageObject\",\"inLanguage\":\"es-AR\",\"@id\":\"https:\/\/apuntesdesanluis.com\/index.php\/2025\/02\/23\/el-papa-francisco-permanece-en-estado-critico-y-preocupa-su-insuficiencia-renal\/#primaryimage\",\"url\":\"https:\/\/apuntesdesanluis.com\/wp-content\/uploads\/2025\/02\/papa.png\",\"contentUrl\":\"https:\/\/apuntesdesanluis.com\/wp-content\/uploads\/2025\/02\/papa.png\",\"width\":805,\"height\":507},{\"@type\":\"BreadcrumbList\",\"@id\":\"https:\/\/apuntesdesanluis.com\/index.php\/2025\/02\/23\/el-papa-francisco-permanece-en-estado-critico-y-preocupa-su-insuficiencia-renal\/#breadcrumb\",\"itemListElement\":[{\"@type\":\"ListItem\",\"position\":1,\"name\":\"Inicio\",\"item\":\"https:\/\/apuntesdesanluis.com\/\"},{\"@type\":\"ListItem\",\"position\":2,\"name\":\"EL PAPA FRANCISCO PERMANECE EN ESTADO CR\u00cdTICO Y PREOCUPA SU INSUFICIENCIA RENAL\"}]},{\"@type\":\"WebSite\",\"@id\":\"https:\/\/apuntesdesanluis.com\/#website\",\"url\":\"https:\/\/apuntesdesanluis.com\/\",\"name\":\"Apuntes de San Luis\",\"description\":\"\",\"publisher\":{\"@id\":\"https:\/\/apuntesdesanluis.com\/#\/schema\/person\/b55151d52296fcce64d1a72538a70b90\"},\"potentialAction\":[{\"@type\":\"SearchAction\",\"target\":{\"@type\":\"EntryPoint\",\"urlTemplate\":\"https:\/\/apuntesdesanluis.com\/?s={search_term_string}\"},\"query-input\":{\"@type\":\"PropertyValueSpecification\",\"valueRequired\":true,\"valueName\":\"search_term_string\"}}],\"inLanguage\":\"es-AR\"},{\"@type\":[\"Person\",\"Organization\"],\"@id\":\"https:\/\/apuntesdesanluis.com\/#\/schema\/person\/b55151d52296fcce64d1a72538a70b90\",\"name\":\"apuntesdesanluis.com\",\"image\":{\"@type\":\"ImageObject\",\"inLanguage\":\"es-AR\",\"@id\":\"https:\/\/apuntesdesanluis.com\/#\/schema\/person\/image\/\",\"url\":\"https:\/\/apuntesdesanluis.com\/wp-content\/uploads\/2023\/07\/cropped-apuntesdesanluis.png\",\"contentUrl\":\"https:\/\/apuntesdesanluis.com\/wp-content\/uploads\/2023\/07\/cropped-apuntesdesanluis.png\",\"width\":450,\"height\":112,\"caption\":\"apuntesdesanluis.com\"},\"logo\":{\"@id\":\"https:\/\/apuntesdesanluis.com\/#\/schema\/person\/image\/\"},\"sameAs\":[\"https:\/\/apuntesdesanluis.com\"],\"url\":\"https:\/\/apuntesdesanluis.com\/index.php\/author\/apuntesdesanluis-com\/\"}]}<\/script>\n<!-- \/ Yoast SEO plugin. -->","yoast_head_json":{"title":"EL PAPA FRANCISCO PERMANECE EN ESTADO CR\u00cdTICO Y PREOCUPA SU INSUFICIENCIA RENAL - Apuntes de San Luis","robots":{"index":"index","follow":"follow","max-snippet":"max-snippet:-1","max-image-preview":"max-image-preview:large","max-video-preview":"max-video-preview:-1"},"canonical":"https:\/\/apuntesdesanluis.com\/index.php\/2025\/02\/23\/el-papa-francisco-permanece-en-estado-critico-y-preocupa-su-insuficiencia-renal\/","og_locale":"es_ES","og_type":"article","og_title":"EL PAPA FRANCISCO PERMANECE EN ESTADO CR\u00cdTICO Y PREOCUPA SU INSUFICIENCIA RENAL - Apuntes de San Luis","og_description":"El Papa Francisco contin\u00faa en estado cr\u00edtico internado en el Hospital Gemelli de Roma, donde...","og_url":"https:\/\/apuntesdesanluis.com\/index.php\/2025\/02\/23\/el-papa-francisco-permanece-en-estado-critico-y-preocupa-su-insuficiencia-renal\/","og_site_name":"Apuntes de San Luis","article_published_time":"2025-02-23T22:48:24+00:00","article_modified_time":"2025-02-23T22:49:17+00:00","og_image":[{"width":805,"height":507,"url":"https:\/\/apuntesdesanluis.com\/wp-content\/uploads\/2025\/02\/papa.png","type":"image\/png"}],"author":"apuntesdesanluis.com","twitter_card":"summary_large_image","twitter_misc":{"Escrito por":"apuntesdesanluis.com","Tiempo de lectura":"2 minutos"},"schema":{"@context":"https:\/\/schema.org","@graph":[{"@type":"Article","@id":"https:\/\/apuntesdesanluis.com\/index.php\/2025\/02\/23\/el-papa-francisco-permanece-en-estado-critico-y-preocupa-su-insuficiencia-renal\/#article","isPartOf":{"@id":"https:\/\/apuntesdesanluis.com\/index.php\/2025\/02\/23\/el-papa-francisco-permanece-en-estado-critico-y-preocupa-su-insuficiencia-renal\/"},"author":{"name":"apuntesdesanluis.com","@id":"https:\/\/apuntesdesanluis.com\/#\/schema\/person\/b55151d52296fcce64d1a72538a70b90"},"headline":"EL PAPA FRANCISCO PERMANECE EN ESTADO CR\u00cdTICO Y PREOCUPA SU INSUFICIENCIA RENAL","datePublished":"2025-02-23T22:48:24+00:00","dateModified":"2025-02-23T22:49:17+00:00","mainEntityOfPage":{"@id":"https:\/\/apuntesdesanluis.com\/index.php\/2025\/02\/23\/el-papa-francisco-permanece-en-estado-critico-y-preocupa-su-insuficiencia-renal\/"},"wordCount":375,"publisher":{"@id":"https:\/\/apuntesdesanluis.com\/#\/schema\/person\/b55151d52296fcce64d1a72538a70b90"},"image":{"@id":"https:\/\/apuntesdesanluis.com\/index.php\/2025\/02\/23\/el-papa-francisco-permanece-en-estado-critico-y-preocupa-su-insuficiencia-renal\/#primaryimage"},"thumbnailUrl":"https:\/\/apuntesdesanluis.com\/wp-content\/uploads\/2025\/02\/papa.png","articleSection":["Nacionales\/Internacionales"],"inLanguage":"es-AR"},{"@type":"WebPage","@id":"https:\/\/apuntesdesanluis.com\/index.php\/2025\/02\/23\/el-papa-francisco-permanece-en-estado-critico-y-preocupa-su-insuficiencia-renal\/","url":"https:\/\/apuntesdesanluis.com\/index.php\/2025\/02\/23\/el-papa-francisco-permanece-en-estado-critico-y-preocupa-su-insuficiencia-renal\/","name":"EL PAPA FRANCISCO PERMANECE EN ESTADO CR\u00cdTICO Y PREOCUPA SU INSUFICIENCIA RENAL - Apuntes de San Luis","isPartOf":{"@id":"https:\/\/apuntesdesanluis.com\/#website"},"primaryImageOfPage":{"@id":"https:\/\/apuntesdesanluis.com\/index.php\/2025\/02\/23\/el-papa-francisco-permanece-en-estado-critico-y-preocupa-su-insuficiencia-renal\/#primaryimage"},"image":{"@id":"https:\/\/apuntesdesanluis.com\/index.php\/2025\/02\/23\/el-papa-francisco-permanece-en-estado-critico-y-preocupa-su-insuficiencia-renal\/#primaryimage"},"thumbnailUrl":"https:\/\/apuntesdesanluis.com\/wp-content\/uploads\/2025\/02\/papa.png","datePublished":"2025-02-23T22:48:24+00:00","dateModified":"2025-02-23T22:49:17+00:00","breadcrumb":{"@id":"https:\/\/apuntesdesanluis.com\/index.php\/2025\/02\/23\/el-papa-francisco-permanece-en-estado-critico-y-preocupa-su-insuficiencia-renal\/#breadcrumb"},"inLanguage":"es-AR","potentialAction":[{"@type":"ReadAction","target":["https:\/\/apuntesdesanluis.com\/index.php\/2025\/02\/23\/el-papa-francisco-permanece-en-estado-critico-y-preocupa-su-insuficiencia-renal\/"]}]},{"@type":"ImageObject","inLanguage":"es-AR","@id":"https:\/\/apuntesdesanluis.com\/index.php\/2025\/02\/23\/el-papa-francisco-permanece-en-estado-critico-y-preocupa-su-insuficiencia-renal\/#primaryimage","url":"https:\/\/apuntesdesanluis.com\/wp-content\/uploads\/2025\/02\/papa.png","contentUrl":"https:\/\/apuntesdesanluis.com\/wp-content\/uploads\/2025\/02\/papa.png","width":805,"height":507},{"@type":"BreadcrumbList","@id":"https:\/\/apuntesdesanluis.com\/index.php\/2025\/02\/23\/el-papa-francisco-permanece-en-estado-critico-y-preocupa-su-insuficiencia-renal\/#breadcrumb","itemListElement":[{"@type":"ListItem","position":1,"name":"Inicio","item":"https:\/\/apuntesdesanluis.com\/"},{"@type":"ListItem","position":2,"name":"EL PAPA FRANCISCO PERMANECE EN ESTADO CR\u00cdTICO Y PREOCUPA SU INSUFICIENCIA RENAL"}]},{"@type":"WebSite","@id":"https:\/\/apuntesdesanluis.com\/#website","url":"https:\/\/apuntesdesanluis.com\/","name":"Apuntes de San Luis","description":"","publisher":{"@id":"https:\/\/apuntesdesanluis.com\/#\/schema\/person\/b55151d52296fcce64d1a72538a70b90"},"potentialAction":[{"@type":"SearchAction","target":{"@type":"EntryPoint","urlTemplate":"https:\/\/apuntesdesanluis.com\/?s={search_term_string}"},"query-input":{"@type":"PropertyValueSpecification","valueRequired":true,"valueName":"search_term_string"}}],"inLanguage":"es-AR"},{"@type":["Person","Organization"],"@id":"https:\/\/apuntesdesanluis.com\/#\/schema\/person\/b55151d52296fcce64d1a72538a70b90","name":"apuntesdesanluis.com","image":{"@type":"ImageObject","inLanguage":"es-AR","@id":"https:\/\/apuntesdesanluis.com\/#\/schema\/person\/image\/","url":"https:\/\/apuntesdesanluis.com\/wp-content\/uploads\/2023\/07\/cropped-apuntesdesanluis.png","contentUrl":"https:\/\/apuntesdesanluis.com\/wp-content\/uploads\/2023\/07\/cropped-apuntesdesanluis.png","width":450,"height":112,"caption":"apuntesdesanluis.com"},"logo":{"@id":"https:\/\/apuntesdesanluis.com\/#\/schema\/person\/image\/"},"sameAs":["https:\/\/apuntesdesanluis.com"],"url":"https:\/\/apuntesdesanluis.com\/index.php\/author\/apuntesdesanluis-com\/"}]}},"featured_image_urls":{"full":["https:\/\/apuntesdesanluis.com\/wp-content\/uploads\/2025\/02\/papa.png",805,507,false],"thumbnail":["https:\/\/apuntesdesanluis.com\/wp-content\/uploads\/2025\/02\/papa-150x150.png",150,150,true],"medium":["https:\/\/apuntesdesanluis.com\/wp-content\/uploads\/2025\/02\/papa-300x189.png",300,189,true],"medium_large":["https:\/\/apuntesdesanluis.com\/wp-content\/uploads\/2025\/02\/papa-768x484.png",640,403,true],"large":["https:\/\/apuntesdesanluis.com\/wp-content\/uploads\/2025\/02\/papa.png",640,403,false],"1536x1536":["https:\/\/apuntesdesanluis.com\/wp-content\/uploads\/2025\/02\/papa.png",805,507,false],"2048x2048":["https:\/\/apuntesdesanluis.com\/wp-content\/uploads\/2025\/02\/papa.png",805,507,false],"newsever-slider-full":["https:\/\/apuntesdesanluis.com\/wp-content\/uploads\/2025\/02\/papa.png",805,507,false],"newsever-featured":["https:\/\/apuntesdesanluis.com\/wp-content\/uploads\/2025\/02\/papa.png",805,507,false],"newsever-medium":["https:\/\/apuntesdesanluis.com\/wp-content\/uploads\/2025\/02\/papa-720x475.png",720,475,true]},"author_info":{"display_name":"apuntesdesanluis.com","author_link":"https:\/\/apuntesdesanluis.com\/index.php\/author\/apuntesdesanluis-com\/"},"category_info":"<a href=\"https:\/\/apuntesdesanluis.com\/index.php\/category\/nacionales-internacionales\/\" rel=\"category tag\">Nacionales\/Internacionales<\/a>","tag_info":"Nacionales\/Internacionales","comment_count":"0","_links":{"self":[{"href":"https:\/\/apuntesdesanluis.com\/index.php\/wp-json\/wp\/v2\/posts\/29679","targetHints":{"allow":["GET"]}}],"collection":[{"href":"https:\/\/apuntesdesanluis.com\/index.php\/wp-json\/wp\/v2\/posts"}],"about":[{"href":"https:\/\/apuntesdesanluis.com\/index.php\/wp-json\/wp\/v2\/types\/post"}],"author":[{"embeddable":true,"href":"https:\/\/apuntesdesanluis.com\/index.php\/wp-json\/wp\/v2\/users\/1"}],"replies":[{"embeddable":true,"href":"https:\/\/apuntesdesanluis.com\/index.php\/wp-json\/wp\/v2\/comments?post=29679"}],"version-history":[{"count":2,"href":"https:\/\/apuntesdesanluis.com\/index.php\/wp-json\/wp\/v2\/posts\/29679\/revisions"}],"predecessor-version":[{"id":29682,"href":"https:\/\/apuntesdesanluis.com\/index.php\/wp-json\/wp\/v2\/posts\/29679\/revisions\/29682"}],"wp:featuredmedia":[{"embeddable":true,"href":"https:\/\/apuntesdesanluis.com\/index.php\/wp-json\/wp\/v2\/media\/29680"}],"wp:attachment":[{"href":"https:\/\/apuntesdesanluis.com\/index.php\/wp-json\/wp\/v2\/media?parent=29679"}],"wp:term":[{"taxonomy":"category","embeddable":true,"href":"https:\/\/apuntesdesanluis.com\/index.php\/wp-json\/wp\/v2\/categories?post=29679"},{"taxonomy":"post_tag","embeddable":true,"href":"https:\/\/apuntesdesanluis.com\/index.php\/wp-json\/wp\/v2\/tags?post=29679"}],"curies":[{"name":"wp","href":"https:\/\/api.w.org\/{rel}","templated":true}]}}