{"id":29702,"date":"2025-02-24T19:15:24","date_gmt":"2025-02-24T22:15:24","guid":{"rendered":"https:\/\/apuntesdesanluis.com\/?p=29702"},"modified":"2025-02-24T19:22:00","modified_gmt":"2025-02-24T22:22:00","slug":"conadu-sin-respuestas-no-hay-inicio-de-clases-en-las-universidades-nacionales","status":"publish","type":"post","link":"https:\/\/apuntesdesanluis.com\/index.php\/2025\/02\/24\/conadu-sin-respuestas-no-hay-inicio-de-clases-en-las-universidades-nacionales\/","title":{"rendered":"CONADU: SIN RESPUESTAS, NO HAY INICIO DE CLASES EN LAS UNIVERSIDADES NACIONALES"},"content":{"rendered":"<h3>Tras semanas de consultas en cada sindicato de base, el Plenario de Secretarias y Secretarios Generales de la <strong>Federaci\u00f3n Nacional de Docentes Universitarios (CONADU)<\/strong> defini\u00f3 llevar al espacio del <strong>Frente Sindical de las Universidades <\/strong>la propuesta de un paro de entre 48 y 72 horas a realizarse el pr\u00f3ximo 17 de marzo en conjunto con el resto de las federaciones nacionales.<\/h3>\n<h3>\u201cLa situaci\u00f3n salarial de la comunidad docente universitaria es escandalosa y sin embargo hasta el momento no hemos sido convocados por la Sub Secretar\u00eda de Pol\u00edticas Universitarias. No ha habido ning\u00fan avance a nivel formal. En paralelo, se publicaron los aumentos salariales previstos: 1,5% en enero sobre diciembre y 1,2% en febrero sobre enero. Lo que da como resultado una p\u00e9rdida de m\u00e1s del 70% de nuestros salarios desde diciembre de 2023. Adem\u00e1s, han recortado fondos de investigaci\u00f3n, muchos vinculados a articulaciones de las universidades con los territorios donde est\u00e1n ubicadas. En este contexto no podemos comenzar el a\u00f1o\u201d, plante\u00f3 el Secretario General de CONADU, <strong>Carlos De Feo<\/strong>.<\/h3>\n<h3>El Plenario consensu\u00f3 la necesidad de continuar y profundizar el plan de lucha por las cr\u00edticas condiciones laborales de la docencia universitaria tambi\u00e9n: obras sociales desfinanciadas, imposibilidad de capacitarse por el recorte del Gobierno Nacional y jubilaciones de pobreza que empiezan a generar una oleada de renuncias en el sector. Esto que impacta a nivel general en las universidades nacionales de todo el pa\u00eds se vuelve particularmente grave en la Universidad Nacional Madres de Plaza de Mayo, con la vulneraci\u00f3n de la autonom\u00eda universitaria y el no pago de salarios a docentes y nodocentes desde hace m\u00e1s de un a\u00f1o.<\/h3>\n<h3>Durante la jornada, los y las representantes de 21 sindicatos compartieron e intercambiaron opiniones sobre la dif\u00edcil situaci\u00f3n y resolvieron:<\/h3>\n<h3>\u2013 paro con cese de actividades el 17\/3 con una duraci\u00f3n de entre 48 y 72 horas a definir con el conjunto de las federaciones nacionales.<\/h3>\n<h3>\u2013 convocatoria a un nuevo Plenario de Secretarias y Secretarios Generales la semana del 17\/3 para evaluar el impacto de la medida de fuerza y definir los pasos a seguir.<\/h3>\n<h3>\u2013 adhesi\u00f3n al Paro Internacional Feminista y Transfeminista del 8M y la participaci\u00f3n en la marcha a Plaza de Mayo y en todo el pa\u00eds.<\/h3>\n<h3>\u2013 participaci\u00f3n de la Federaci\u00f3n en las movilizaciones del 24 de marzo, D\u00eda Nacional de la Memoria por la Verdad y la Justicia.<\/h3>\n<h3>\u2013 repudiar la privatizaci\u00f3n del Banco Naci\u00f3n y de Yacimientos Carbon\u00edferos R\u00edo Turbio (YCRT).<\/h3>\n<h3>Estuvieron presentes desde los gremios de Adunoba, Adum, Sidiu, Aduc, Sidiunt, Adiungs, Coad, Adufor, Adulp, Aduntref, Sidiunlar, AGDU-Entre R\u00edos, Adoi, Afudi, Adunse, Aduna, Adunm, Adunsada, Adiunq, Adai y Feduba.<\/h3>\n<h3><\/h3>\n<h3><\/h3>\n<p>&nbsp;<\/p>\n","protected":false},"excerpt":{"rendered":"<p>Tras semanas de consultas en cada sindicato de base, el Plenario de Secretarias y Secretarios&#8230;<\/p>\n","protected":false},"author":1,"featured_media":29703,"comment_status":"closed","ping_status":"closed","sticky":false,"template":"","format":"standard","meta":{"footnotes":""},"categories":[5],"tags":[],"class_list":["post-29702","post","type-post","status-publish","format-standard","has-post-thumbnail","hentry","category-nacionales-internacionales"],"yoast_head":"<!-- This site is optimized with the Yoast SEO plugin v26.1.1 - https:\/\/yoast.com\/wordpress\/plugins\/seo\/ -->\n<title>CONADU: SIN RESPUESTAS, NO HAY INICIO DE CLASES EN LAS UNIVERSIDADES NACIONALES - Apuntes de San Luis<\/title>\n<meta name=\"robots\" content=\"index, follow, max-snippet:-1, max-image-preview:large, max-video-preview:-1\" \/>\n<link rel=\"canonical\" href=\"https:\/\/apuntesdesanluis.com\/index.php\/2025\/02\/24\/conadu-sin-respuestas-no-hay-inicio-de-clases-en-las-universidades-nacionales\/\" \/>\n<meta property=\"og:locale\" content=\"es_ES\" \/>\n<meta property=\"og:type\" content=\"article\" \/>\n<meta property=\"og:title\" content=\"CONADU: SIN RESPUESTAS, NO HAY INICIO DE CLASES EN LAS UNIVERSIDADES NACIONALES - Apuntes de San Luis\" \/>\n<meta property=\"og:description\" content=\"Tras semanas de consultas en cada sindicato de base, el Plenario de Secretarias y Secretarios...\" \/>\n<meta property=\"og:url\" content=\"https:\/\/apuntesdesanluis.com\/index.php\/2025\/02\/24\/conadu-sin-respuestas-no-hay-inicio-de-clases-en-las-universidades-nacionales\/\" \/>\n<meta property=\"og:site_name\" content=\"Apuntes de San Luis\" \/>\n<meta property=\"article:published_time\" content=\"2025-02-24T22:15:24+00:00\" \/>\n<meta property=\"article:modified_time\" content=\"2025-02-24T22:22:00+00:00\" \/>\n<meta property=\"og:image\" content=\"https:\/\/apuntesdesanluis.com\/wp-content\/uploads\/2025\/02\/conadu-plenario-de-feo.png\" \/>\n\t<meta property=\"og:image:width\" content=\"766\" \/>\n\t<meta property=\"og:image:height\" content=\"474\" \/>\n\t<meta property=\"og:image:type\" content=\"image\/png\" \/>\n<meta name=\"author\" content=\"apuntesdesanluis.com\" \/>\n<meta name=\"twitter:card\" content=\"summary_large_image\" \/>\n<meta name=\"twitter:label1\" content=\"Escrito por\" \/>\n\t<meta name=\"twitter:data1\" content=\"apuntesdesanluis.com\" \/>\n\t<meta name=\"twitter:label2\" content=\"Tiempo de lectura\" \/>\n\t<meta name=\"twitter:data2\" content=\"3 minutos\" \/>\n<script type=\"application\/ld+json\" class=\"yoast-schema-graph\">{\"@context\":\"https:\/\/schema.org\",\"@graph\":[{\"@type\":\"Article\",\"@id\":\"https:\/\/apuntesdesanluis.com\/index.php\/2025\/02\/24\/conadu-sin-respuestas-no-hay-inicio-de-clases-en-las-universidades-nacionales\/#article\",\"isPartOf\":{\"@id\":\"https:\/\/apuntesdesanluis.com\/index.php\/2025\/02\/24\/conadu-sin-respuestas-no-hay-inicio-de-clases-en-las-universidades-nacionales\/\"},\"author\":{\"name\":\"apuntesdesanluis.com\",\"@id\":\"https:\/\/apuntesdesanluis.com\/#\/schema\/person\/b55151d52296fcce64d1a72538a70b90\"},\"headline\":\"CONADU: SIN RESPUESTAS, NO HAY INICIO DE CLASES EN LAS UNIVERSIDADES NACIONALES\",\"datePublished\":\"2025-02-24T22:15:24+00:00\",\"dateModified\":\"2025-02-24T22:22:00+00:00\",\"mainEntityOfPage\":{\"@id\":\"https:\/\/apuntesdesanluis.com\/index.php\/2025\/02\/24\/conadu-sin-respuestas-no-hay-inicio-de-clases-en-las-universidades-nacionales\/\"},\"wordCount\":464,\"publisher\":{\"@id\":\"https:\/\/apuntesdesanluis.com\/#\/schema\/person\/b55151d52296fcce64d1a72538a70b90\"},\"image\":{\"@id\":\"https:\/\/apuntesdesanluis.com\/index.php\/2025\/02\/24\/conadu-sin-respuestas-no-hay-inicio-de-clases-en-las-universidades-nacionales\/#primaryimage\"},\"thumbnailUrl\":\"https:\/\/apuntesdesanluis.com\/wp-content\/uploads\/2025\/02\/conadu-plenario-de-feo.png\",\"articleSection\":[\"Nacionales\/Internacionales\"],\"inLanguage\":\"es-AR\"},{\"@type\":\"WebPage\",\"@id\":\"https:\/\/apuntesdesanluis.com\/index.php\/2025\/02\/24\/conadu-sin-respuestas-no-hay-inicio-de-clases-en-las-universidades-nacionales\/\",\"url\":\"https:\/\/apuntesdesanluis.com\/index.php\/2025\/02\/24\/conadu-sin-respuestas-no-hay-inicio-de-clases-en-las-universidades-nacionales\/\",\"name\":\"CONADU: SIN RESPUESTAS, NO HAY INICIO DE CLASES EN LAS UNIVERSIDADES NACIONALES - Apuntes de San Luis\",\"isPartOf\":{\"@id\":\"https:\/\/apuntesdesanluis.com\/#website\"},\"primaryImageOfPage\":{\"@id\":\"https:\/\/apuntesdesanluis.com\/index.php\/2025\/02\/24\/conadu-sin-respuestas-no-hay-inicio-de-clases-en-las-universidades-nacionales\/#primaryimage\"},\"image\":{\"@id\":\"https:\/\/apuntesdesanluis.com\/index.php\/2025\/02\/24\/conadu-sin-respuestas-no-hay-inicio-de-clases-en-las-universidades-nacionales\/#primaryimage\"},\"thumbnailUrl\":\"https:\/\/apuntesdesanluis.com\/wp-content\/uploads\/2025\/02\/conadu-plenario-de-feo.png\",\"datePublished\":\"2025-02-24T22:15:24+00:00\",\"dateModified\":\"2025-02-24T22:22:00+00:00\",\"breadcrumb\":{\"@id\":\"https:\/\/apuntesdesanluis.com\/index.php\/2025\/02\/24\/conadu-sin-respuestas-no-hay-inicio-de-clases-en-las-universidades-nacionales\/#breadcrumb\"},\"inLanguage\":\"es-AR\",\"potentialAction\":[{\"@type\":\"ReadAction\",\"target\":[\"https:\/\/apuntesdesanluis.com\/index.php\/2025\/02\/24\/conadu-sin-respuestas-no-hay-inicio-de-clases-en-las-universidades-nacionales\/\"]}]},{\"@type\":\"ImageObject\",\"inLanguage\":\"es-AR\",\"@id\":\"https:\/\/apuntesdesanluis.com\/index.php\/2025\/02\/24\/conadu-sin-respuestas-no-hay-inicio-de-clases-en-las-universidades-nacionales\/#primaryimage\",\"url\":\"https:\/\/apuntesdesanluis.com\/wp-content\/uploads\/2025\/02\/conadu-plenario-de-feo.png\",\"contentUrl\":\"https:\/\/apuntesdesanluis.com\/wp-content\/uploads\/2025\/02\/conadu-plenario-de-feo.png\",\"width\":766,\"height\":474},{\"@type\":\"BreadcrumbList\",\"@id\":\"https:\/\/apuntesdesanluis.com\/index.php\/2025\/02\/24\/conadu-sin-respuestas-no-hay-inicio-de-clases-en-las-universidades-nacionales\/#breadcrumb\",\"itemListElement\":[{\"@type\":\"ListItem\",\"position\":1,\"name\":\"Inicio\",\"item\":\"https:\/\/apuntesdesanluis.com\/\"},{\"@type\":\"ListItem\",\"position\":2,\"name\":\"CONADU: SIN RESPUESTAS, NO HAY INICIO DE CLASES EN LAS UNIVERSIDADES NACIONALES\"}]},{\"@type\":\"WebSite\",\"@id\":\"https:\/\/apuntesdesanluis.com\/#website\",\"url\":\"https:\/\/apuntesdesanluis.com\/\",\"name\":\"Apuntes de San Luis\",\"description\":\"\",\"publisher\":{\"@id\":\"https:\/\/apuntesdesanluis.com\/#\/schema\/person\/b55151d52296fcce64d1a72538a70b90\"},\"potentialAction\":[{\"@type\":\"SearchAction\",\"target\":{\"@type\":\"EntryPoint\",\"urlTemplate\":\"https:\/\/apuntesdesanluis.com\/?s={search_term_string}\"},\"query-input\":{\"@type\":\"PropertyValueSpecification\",\"valueRequired\":true,\"valueName\":\"search_term_string\"}}],\"inLanguage\":\"es-AR\"},{\"@type\":[\"Person\",\"Organization\"],\"@id\":\"https:\/\/apuntesdesanluis.com\/#\/schema\/person\/b55151d52296fcce64d1a72538a70b90\",\"name\":\"apuntesdesanluis.com\",\"image\":{\"@type\":\"ImageObject\",\"inLanguage\":\"es-AR\",\"@id\":\"https:\/\/apuntesdesanluis.com\/#\/schema\/person\/image\/\",\"url\":\"https:\/\/apuntesdesanluis.com\/wp-content\/uploads\/2023\/07\/cropped-apuntesdesanluis.png\",\"contentUrl\":\"https:\/\/apuntesdesanluis.com\/wp-content\/uploads\/2023\/07\/cropped-apuntesdesanluis.png\",\"width\":450,\"height\":112,\"caption\":\"apuntesdesanluis.com\"},\"logo\":{\"@id\":\"https:\/\/apuntesdesanluis.com\/#\/schema\/person\/image\/\"},\"sameAs\":[\"https:\/\/apuntesdesanluis.com\"],\"url\":\"https:\/\/apuntesdesanluis.com\/index.php\/author\/apuntesdesanluis-com\/\"}]}<\/script>\n<!-- \/ Yoast SEO plugin. -->","yoast_head_json":{"title":"CONADU: SIN RESPUESTAS, NO HAY INICIO DE CLASES EN LAS UNIVERSIDADES NACIONALES - Apuntes de San Luis","robots":{"index":"index","follow":"follow","max-snippet":"max-snippet:-1","max-image-preview":"max-image-preview:large","max-video-preview":"max-video-preview:-1"},"canonical":"https:\/\/apuntesdesanluis.com\/index.php\/2025\/02\/24\/conadu-sin-respuestas-no-hay-inicio-de-clases-en-las-universidades-nacionales\/","og_locale":"es_ES","og_type":"article","og_title":"CONADU: SIN RESPUESTAS, NO HAY INICIO DE CLASES EN LAS UNIVERSIDADES NACIONALES - Apuntes de San Luis","og_description":"Tras semanas de consultas en cada sindicato de base, el Plenario de Secretarias y Secretarios...","og_url":"https:\/\/apuntesdesanluis.com\/index.php\/2025\/02\/24\/conadu-sin-respuestas-no-hay-inicio-de-clases-en-las-universidades-nacionales\/","og_site_name":"Apuntes de San Luis","article_published_time":"2025-02-24T22:15:24+00:00","article_modified_time":"2025-02-24T22:22:00+00:00","og_image":[{"width":766,"height":474,"url":"https:\/\/apuntesdesanluis.com\/wp-content\/uploads\/2025\/02\/conadu-plenario-de-feo.png","type":"image\/png"}],"author":"apuntesdesanluis.com","twitter_card":"summary_large_image","twitter_misc":{"Escrito por":"apuntesdesanluis.com","Tiempo de lectura":"3 minutos"},"schema":{"@context":"https:\/\/schema.org","@graph":[{"@type":"Article","@id":"https:\/\/apuntesdesanluis.com\/index.php\/2025\/02\/24\/conadu-sin-respuestas-no-hay-inicio-de-clases-en-las-universidades-nacionales\/#article","isPartOf":{"@id":"https:\/\/apuntesdesanluis.com\/index.php\/2025\/02\/24\/conadu-sin-respuestas-no-hay-inicio-de-clases-en-las-universidades-nacionales\/"},"author":{"name":"apuntesdesanluis.com","@id":"https:\/\/apuntesdesanluis.com\/#\/schema\/person\/b55151d52296fcce64d1a72538a70b90"},"headline":"CONADU: SIN RESPUESTAS, NO HAY INICIO DE CLASES EN LAS UNIVERSIDADES NACIONALES","datePublished":"2025-02-24T22:15:24+00:00","dateModified":"2025-02-24T22:22:00+00:00","mainEntityOfPage":{"@id":"https:\/\/apuntesdesanluis.com\/index.php\/2025\/02\/24\/conadu-sin-respuestas-no-hay-inicio-de-clases-en-las-universidades-nacionales\/"},"wordCount":464,"publisher":{"@id":"https:\/\/apuntesdesanluis.com\/#\/schema\/person\/b55151d52296fcce64d1a72538a70b90"},"image":{"@id":"https:\/\/apuntesdesanluis.com\/index.php\/2025\/02\/24\/conadu-sin-respuestas-no-hay-inicio-de-clases-en-las-universidades-nacionales\/#primaryimage"},"thumbnailUrl":"https:\/\/apuntesdesanluis.com\/wp-content\/uploads\/2025\/02\/conadu-plenario-de-feo.png","articleSection":["Nacionales\/Internacionales"],"inLanguage":"es-AR"},{"@type":"WebPage","@id":"https:\/\/apuntesdesanluis.com\/index.php\/2025\/02\/24\/conadu-sin-respuestas-no-hay-inicio-de-clases-en-las-universidades-nacionales\/","url":"https:\/\/apuntesdesanluis.com\/index.php\/2025\/02\/24\/conadu-sin-respuestas-no-hay-inicio-de-clases-en-las-universidades-nacionales\/","name":"CONADU: SIN RESPUESTAS, NO HAY INICIO DE CLASES EN LAS UNIVERSIDADES NACIONALES - Apuntes de San Luis","isPartOf":{"@id":"https:\/\/apuntesdesanluis.com\/#website"},"primaryImageOfPage":{"@id":"https:\/\/apuntesdesanluis.com\/index.php\/2025\/02\/24\/conadu-sin-respuestas-no-hay-inicio-de-clases-en-las-universidades-nacionales\/#primaryimage"},"image":{"@id":"https:\/\/apuntesdesanluis.com\/index.php\/2025\/02\/24\/conadu-sin-respuestas-no-hay-inicio-de-clases-en-las-universidades-nacionales\/#primaryimage"},"thumbnailUrl":"https:\/\/apuntesdesanluis.com\/wp-content\/uploads\/2025\/02\/conadu-plenario-de-feo.png","datePublished":"2025-02-24T22:15:24+00:00","dateModified":"2025-02-24T22:22:00+00:00","breadcrumb":{"@id":"https:\/\/apuntesdesanluis.com\/index.php\/2025\/02\/24\/conadu-sin-respuestas-no-hay-inicio-de-clases-en-las-universidades-nacionales\/#breadcrumb"},"inLanguage":"es-AR","potentialAction":[{"@type":"ReadAction","target":["https:\/\/apuntesdesanluis.com\/index.php\/2025\/02\/24\/conadu-sin-respuestas-no-hay-inicio-de-clases-en-las-universidades-nacionales\/"]}]},{"@type":"ImageObject","inLanguage":"es-AR","@id":"https:\/\/apuntesdesanluis.com\/index.php\/2025\/02\/24\/conadu-sin-respuestas-no-hay-inicio-de-clases-en-las-universidades-nacionales\/#primaryimage","url":"https:\/\/apuntesdesanluis.com\/wp-content\/uploads\/2025\/02\/conadu-plenario-de-feo.png","contentUrl":"https:\/\/apuntesdesanluis.com\/wp-content\/uploads\/2025\/02\/conadu-plenario-de-feo.png","width":766,"height":474},{"@type":"BreadcrumbList","@id":"https:\/\/apuntesdesanluis.com\/index.php\/2025\/02\/24\/conadu-sin-respuestas-no-hay-inicio-de-clases-en-las-universidades-nacionales\/#breadcrumb","itemListElement":[{"@type":"ListItem","position":1,"name":"Inicio","item":"https:\/\/apuntesdesanluis.com\/"},{"@type":"ListItem","position":2,"name":"CONADU: SIN RESPUESTAS, NO HAY INICIO DE CLASES EN LAS UNIVERSIDADES NACIONALES"}]},{"@type":"WebSite","@id":"https:\/\/apuntesdesanluis.com\/#website","url":"https:\/\/apuntesdesanluis.com\/","name":"Apuntes de San Luis","description":"","publisher":{"@id":"https:\/\/apuntesdesanluis.com\/#\/schema\/person\/b55151d52296fcce64d1a72538a70b90"},"potentialAction":[{"@type":"SearchAction","target":{"@type":"EntryPoint","urlTemplate":"https:\/\/apuntesdesanluis.com\/?s={search_term_string}"},"query-input":{"@type":"PropertyValueSpecification","valueRequired":true,"valueName":"search_term_string"}}],"inLanguage":"es-AR"},{"@type":["Person","Organization"],"@id":"https:\/\/apuntesdesanluis.com\/#\/schema\/person\/b55151d52296fcce64d1a72538a70b90","name":"apuntesdesanluis.com","image":{"@type":"ImageObject","inLanguage":"es-AR","@id":"https:\/\/apuntesdesanluis.com\/#\/schema\/person\/image\/","url":"https:\/\/apuntesdesanluis.com\/wp-content\/uploads\/2023\/07\/cropped-apuntesdesanluis.png","contentUrl":"https:\/\/apuntesdesanluis.com\/wp-content\/uploads\/2023\/07\/cropped-apuntesdesanluis.png","width":450,"height":112,"caption":"apuntesdesanluis.com"},"logo":{"@id":"https:\/\/apuntesdesanluis.com\/#\/schema\/person\/image\/"},"sameAs":["https:\/\/apuntesdesanluis.com"],"url":"https:\/\/apuntesdesanluis.com\/index.php\/author\/apuntesdesanluis-com\/"}]}},"featured_image_urls":{"full":["https:\/\/apuntesdesanluis.com\/wp-content\/uploads\/2025\/02\/conadu-plenario-de-feo.png",766,474,false],"thumbnail":["https:\/\/apuntesdesanluis.com\/wp-content\/uploads\/2025\/02\/conadu-plenario-de-feo-150x150.png",150,150,true],"medium":["https:\/\/apuntesdesanluis.com\/wp-content\/uploads\/2025\/02\/conadu-plenario-de-feo-300x186.png",300,186,true],"medium_large":["https:\/\/apuntesdesanluis.com\/wp-content\/uploads\/2025\/02\/conadu-plenario-de-feo.png",640,396,false],"large":["https:\/\/apuntesdesanluis.com\/wp-content\/uploads\/2025\/02\/conadu-plenario-de-feo.png",640,396,false],"1536x1536":["https:\/\/apuntesdesanluis.com\/wp-content\/uploads\/2025\/02\/conadu-plenario-de-feo.png",766,474,false],"2048x2048":["https:\/\/apuntesdesanluis.com\/wp-content\/uploads\/2025\/02\/conadu-plenario-de-feo.png",766,474,false],"newsever-slider-full":["https:\/\/apuntesdesanluis.com\/wp-content\/uploads\/2025\/02\/conadu-plenario-de-feo.png",766,474,false],"newsever-featured":["https:\/\/apuntesdesanluis.com\/wp-content\/uploads\/2025\/02\/conadu-plenario-de-feo.png",766,474,false],"newsever-medium":["https:\/\/apuntesdesanluis.com\/wp-content\/uploads\/2025\/02\/conadu-plenario-de-feo-720x474.png",720,474,true]},"author_info":{"display_name":"apuntesdesanluis.com","author_link":"https:\/\/apuntesdesanluis.com\/index.php\/author\/apuntesdesanluis-com\/"},"category_info":"<a href=\"https:\/\/apuntesdesanluis.com\/index.php\/category\/nacionales-internacionales\/\" rel=\"category tag\">Nacionales\/Internacionales<\/a>","tag_info":"Nacionales\/Internacionales","comment_count":"0","_links":{"self":[{"href":"https:\/\/apuntesdesanluis.com\/index.php\/wp-json\/wp\/v2\/posts\/29702","targetHints":{"allow":["GET"]}}],"collection":[{"href":"https:\/\/apuntesdesanluis.com\/index.php\/wp-json\/wp\/v2\/posts"}],"about":[{"href":"https:\/\/apuntesdesanluis.com\/index.php\/wp-json\/wp\/v2\/types\/post"}],"author":[{"embeddable":true,"href":"https:\/\/apuntesdesanluis.com\/index.php\/wp-json\/wp\/v2\/users\/1"}],"replies":[{"embeddable":true,"href":"https:\/\/apuntesdesanluis.com\/index.php\/wp-json\/wp\/v2\/comments?post=29702"}],"version-history":[{"count":4,"href":"https:\/\/apuntesdesanluis.com\/index.php\/wp-json\/wp\/v2\/posts\/29702\/revisions"}],"predecessor-version":[{"id":29707,"href":"https:\/\/apuntesdesanluis.com\/index.php\/wp-json\/wp\/v2\/posts\/29702\/revisions\/29707"}],"wp:featuredmedia":[{"embeddable":true,"href":"https:\/\/apuntesdesanluis.com\/index.php\/wp-json\/wp\/v2\/media\/29703"}],"wp:attachment":[{"href":"https:\/\/apuntesdesanluis.com\/index.php\/wp-json\/wp\/v2\/media?parent=29702"}],"wp:term":[{"taxonomy":"category","embeddable":true,"href":"https:\/\/apuntesdesanluis.com\/index.php\/wp-json\/wp\/v2\/categories?post=29702"},{"taxonomy":"post_tag","embeddable":true,"href":"https:\/\/apuntesdesanluis.com\/index.php\/wp-json\/wp\/v2\/tags?post=29702"}],"curies":[{"name":"wp","href":"https:\/\/api.w.org\/{rel}","templated":true}]}}