{"id":29708,"date":"2025-02-24T19:59:28","date_gmt":"2025-02-24T22:59:28","guid":{"rendered":"https:\/\/apuntesdesanluis.com\/?p=29708"},"modified":"2025-02-24T19:59:28","modified_gmt":"2025-02-24T22:59:28","slug":"el-gobernador-claudio-poggi-inauguro-el-ciclo-lectivo-2025-en-el-paraje-el-tala","status":"publish","type":"post","link":"https:\/\/apuntesdesanluis.com\/index.php\/2025\/02\/24\/el-gobernador-claudio-poggi-inauguro-el-ciclo-lectivo-2025-en-el-paraje-el-tala\/","title":{"rendered":"EL GOBERNADOR CLAUDIO POGGI INAUGUR\u00d3 EL CICLO LECTIVO 2025 EN EL PARAJE EL TALA"},"content":{"rendered":"<h3>La anfitriona fue la <strong>Escuela N\u00b0 277 \u2018Crucero General Belgrano\u2019<\/strong>, primera instituci\u00f3n malvinizadora de San Luis. En un momento sumamente emotivo, un excombatiente hizo sonar dos veces una campana hist\u00f3rica en memoria de los ca\u00eddos en la guerra. \u201c\u00a1Vivan las escuelas rurales; viva la educaci\u00f3n de San Luis!\u201d, exclam\u00f3 el gobernador <strong>Claudio Poggi<\/strong>.<\/h3>\n<h3>El mandatario dispuso que este lunes sus funcionarios cubrieran el comienzo del ciclo lectivo en la mayor\u00eda de las 120 escuelas rurales de San Luis, donde se viven historias signadas por el esfuerzo, la superaci\u00f3n, la solidaridad, la entrega y, sobre todo, el amor.<\/h3>\n<h3>A las 10:03 de este lunes, el excombatiente <strong>Jos\u00e9 Mar\u00eda G\u00f3mez<\/strong>, sobreviviente del hundimiento del crucero, realiz\u00f3 dos toques en una campana hist\u00f3rica: una para decir presente y otra en homenaje a los que no regresaron de la guerra. Con esa impronta, con ese significativo trasfondo, el Gobernador llam\u00f3 a volver a las aulas a todos los estudiantes de San Luis.<\/h3>\n<p><img fetchpriority=\"high\" decoding=\"async\" class=\"wp-image-29710 aligncenter\" src=\"https:\/\/apuntesdesanluis.com\/wp-content\/uploads\/2025\/02\/jose-maria-gomez-300x227.png\" alt=\"\" width=\"599\" height=\"453\" srcset=\"https:\/\/apuntesdesanluis.com\/wp-content\/uploads\/2025\/02\/jose-maria-gomez-300x227.png 300w, https:\/\/apuntesdesanluis.com\/wp-content\/uploads\/2025\/02\/jose-maria-gomez.png 556w\" sizes=\"(max-width: 599px) 100vw, 599px\" \/><\/p>\n<h3>\u201cTengo la hermosa posibilidad de acompa\u00f1ar a la directora de esta instituci\u00f3n, que lleva el nombre de \u2018Crucero General Belgrano\u2019. Es una responsabilidad, porque m\u00e1s all\u00e1 de ser veterano de guerra soy un ciudadano que viene a compartir este momento tan importante para la educaci\u00f3n\u201d, sostuvo G\u00f3mez.<\/h3>\n<h3>La que hizo sonar no fue cualquier campana: es la primera y original que tuvo la escuela en su fundaci\u00f3n, hace ya 115 a\u00f1os. \u201cEl a\u00f1o pasado se le coloc\u00f3 un pedestal para la bandera, y las cruces que representan a los 323 h\u00e9roes del crucero\u201d, cont\u00f3 <strong>Alicia Mattus<\/strong>, directora del establecimiento.<\/h3>\n<h3><img decoding=\"async\" class=\"wp-image-29714 aligncenter\" src=\"https:\/\/apuntesdesanluis.com\/wp-content\/uploads\/2025\/02\/mattus-300x243.png\" alt=\"\" width=\"596\" height=\"483\" srcset=\"https:\/\/apuntesdesanluis.com\/wp-content\/uploads\/2025\/02\/mattus-300x243.png 300w, https:\/\/apuntesdesanluis.com\/wp-content\/uploads\/2025\/02\/mattus.png 540w\" sizes=\"(max-width: 596px) 100vw, 596px\" \/><\/h3>\n<h3>\u201cEscuela 277, un veterano de guerra ha hecho su ingreso; el primer toque de campana lo dar\u00e1 para anunciar su presencia y el segundo lo har\u00e1 por los 649 h\u00e9roes que quedaron como custodios eternos de nuestras Islas Malvinas\u201d, dijo a viva voz Mattus ante sus ocho alumnos de primaria y 13 de secundaria. Luego, con fervor, entonaron las estrofas de Aurora mientras izaban la Bandera Argentina en el m\u00e1stil exterior.<\/h3>\n<p><img decoding=\"async\" class=\"wp-image-29711 aligncenter\" src=\"https:\/\/apuntesdesanluis.com\/wp-content\/uploads\/2025\/02\/bandera-300x193.png\" alt=\"\" width=\"609\" height=\"392\" srcset=\"https:\/\/apuntesdesanluis.com\/wp-content\/uploads\/2025\/02\/bandera-300x193.png 300w, https:\/\/apuntesdesanluis.com\/wp-content\/uploads\/2025\/02\/bandera.png 606w\" sizes=\"(max-width: 609px) 100vw, 609px\" \/><\/p>\n<h3>La comitiva se traslad\u00f3 luego al patio posterior, donde ingresaron las banderas de ceremonia. Adem\u00e1s de G\u00f3mez, acompa\u00f1aron el acto otros excombatientes del Centro de Veteranos del Valle del Conlara, entre ellos el suboficial mayor Roberto \u00c1ngel Ricci, el soldado conscripto Esteban Tries y el mayor retirado Jorge Gonz\u00e1lez, presidente de la asociaci\u00f3n.<\/h3>\n<h3>Luego de entonarse las estrofas del Himno Nacional Argentino, el Presb\u00edtero Miguel Comandi imparti\u00f3 la bendici\u00f3n a chicos, familia y autoridades.<\/h3>\n<p><img loading=\"lazy\" decoding=\"async\" class=\"wp-image-29712 aligncenter\" src=\"https:\/\/apuntesdesanluis.com\/wp-content\/uploads\/2025\/02\/ESCUELA-MERLO-300x161.png\" alt=\"\" width=\"620\" height=\"333\" srcset=\"https:\/\/apuntesdesanluis.com\/wp-content\/uploads\/2025\/02\/ESCUELA-MERLO-300x161.png 300w, https:\/\/apuntesdesanluis.com\/wp-content\/uploads\/2025\/02\/ESCUELA-MERLO.png 527w\" sizes=\"(max-width: 620px) 100vw, 620px\" \/><\/p>\n<h3>El gobernador <strong>Claudio Poggi<\/strong> remarc\u00f3 que su visita \u201ces una manera de visibilizar estas escuelas del interior de nuestra provincia, donde todo implica un esfuerzo adicional para los chicos, para sus padres, para los docentes, en comparaci\u00f3n con los chicos y docentes de las ciudades y pueblos\u201d.<\/h3>\n<p><img loading=\"lazy\" decoding=\"async\" class=\"wp-image-29713 aligncenter\" src=\"https:\/\/apuntesdesanluis.com\/wp-content\/uploads\/2025\/02\/alumnas-300x206.png\" alt=\"\" width=\"620\" height=\"426\" srcset=\"https:\/\/apuntesdesanluis.com\/wp-content\/uploads\/2025\/02\/alumnas-300x206.png 300w, https:\/\/apuntesdesanluis.com\/wp-content\/uploads\/2025\/02\/alumnas.png 654w\" sizes=\"(max-width: 620px) 100vw, 620px\" \/><\/p>\n<h3>Agreg\u00f3 que \u201cla educaci\u00f3n est\u00e1 en el centro de nuestras pol\u00edticas p\u00fablicas. Es la madre de las pol\u00edticas p\u00fablicas. Un pueblo educado progresa y un pueblo no educado no progresa o es esclavo de los pueblos educados\u201d.<\/h3>\n<p>&nbsp;<\/p>\n<p>&nbsp;<\/p>\n<p>&nbsp;<\/p>\n<p>&nbsp;<\/p>\n<p>&nbsp;<\/p>\n<p>&nbsp;<\/p>\n<h3><\/h3>\n<h3><\/h3>\n<p>&nbsp;<\/p>\n","protected":false},"excerpt":{"rendered":"<p>La anfitriona fue la Escuela N\u00b0 277 \u2018Crucero General Belgrano\u2019, primera instituci\u00f3n malvinizadora de San&#8230;<\/p>\n","protected":false},"author":1,"featured_media":29709,"comment_status":"closed","ping_status":"closed","sticky":false,"template":"","format":"standard","meta":{"footnotes":""},"categories":[6],"tags":[],"class_list":["post-29708","post","type-post","status-publish","format-standard","has-post-thumbnail","hentry","category-ciudad-provincia"],"yoast_head":"<!-- This site is optimized with the Yoast SEO plugin v26.1.1 - https:\/\/yoast.com\/wordpress\/plugins\/seo\/ -->\n<title>EL GOBERNADOR CLAUDIO POGGI INAUGUR\u00d3 EL CICLO LECTIVO 2025 EN EL PARAJE EL TALA - Apuntes de San Luis<\/title>\n<meta name=\"robots\" content=\"index, follow, max-snippet:-1, max-image-preview:large, max-video-preview:-1\" \/>\n<link rel=\"canonical\" href=\"https:\/\/apuntesdesanluis.com\/index.php\/2025\/02\/24\/el-gobernador-claudio-poggi-inauguro-el-ciclo-lectivo-2025-en-el-paraje-el-tala\/\" \/>\n<meta property=\"og:locale\" content=\"es_ES\" \/>\n<meta property=\"og:type\" content=\"article\" \/>\n<meta property=\"og:title\" content=\"EL GOBERNADOR CLAUDIO POGGI INAUGUR\u00d3 EL CICLO LECTIVO 2025 EN EL PARAJE EL TALA - Apuntes de San Luis\" \/>\n<meta property=\"og:description\" content=\"La anfitriona fue la Escuela N\u00b0 277 \u2018Crucero General Belgrano\u2019, primera instituci\u00f3n malvinizadora de San...\" \/>\n<meta property=\"og:url\" content=\"https:\/\/apuntesdesanluis.com\/index.php\/2025\/02\/24\/el-gobernador-claudio-poggi-inauguro-el-ciclo-lectivo-2025-en-el-paraje-el-tala\/\" \/>\n<meta property=\"og:site_name\" content=\"Apuntes de San Luis\" \/>\n<meta property=\"article:published_time\" content=\"2025-02-24T22:59:28+00:00\" \/>\n<meta property=\"og:image\" content=\"https:\/\/apuntesdesanluis.com\/wp-content\/uploads\/2025\/02\/campana.png\" \/>\n\t<meta property=\"og:image:width\" content=\"664\" \/>\n\t<meta property=\"og:image:height\" content=\"447\" \/>\n\t<meta property=\"og:image:type\" content=\"image\/png\" \/>\n<meta name=\"author\" content=\"apuntesdesanluis.com\" \/>\n<meta name=\"twitter:card\" content=\"summary_large_image\" \/>\n<meta name=\"twitter:label1\" content=\"Escrito por\" \/>\n\t<meta name=\"twitter:data1\" content=\"apuntesdesanluis.com\" \/>\n\t<meta name=\"twitter:label2\" content=\"Tiempo de lectura\" \/>\n\t<meta name=\"twitter:data2\" content=\"4 minutos\" \/>\n<script type=\"application\/ld+json\" class=\"yoast-schema-graph\">{\"@context\":\"https:\/\/schema.org\",\"@graph\":[{\"@type\":\"Article\",\"@id\":\"https:\/\/apuntesdesanluis.com\/index.php\/2025\/02\/24\/el-gobernador-claudio-poggi-inauguro-el-ciclo-lectivo-2025-en-el-paraje-el-tala\/#article\",\"isPartOf\":{\"@id\":\"https:\/\/apuntesdesanluis.com\/index.php\/2025\/02\/24\/el-gobernador-claudio-poggi-inauguro-el-ciclo-lectivo-2025-en-el-paraje-el-tala\/\"},\"author\":{\"name\":\"apuntesdesanluis.com\",\"@id\":\"https:\/\/apuntesdesanluis.com\/#\/schema\/person\/b55151d52296fcce64d1a72538a70b90\"},\"headline\":\"EL GOBERNADOR CLAUDIO POGGI INAUGUR\u00d3 EL CICLO LECTIVO 2025 EN EL PARAJE EL TALA\",\"datePublished\":\"2025-02-24T22:59:28+00:00\",\"mainEntityOfPage\":{\"@id\":\"https:\/\/apuntesdesanluis.com\/index.php\/2025\/02\/24\/el-gobernador-claudio-poggi-inauguro-el-ciclo-lectivo-2025-en-el-paraje-el-tala\/\"},\"wordCount\":531,\"publisher\":{\"@id\":\"https:\/\/apuntesdesanluis.com\/#\/schema\/person\/b55151d52296fcce64d1a72538a70b90\"},\"image\":{\"@id\":\"https:\/\/apuntesdesanluis.com\/index.php\/2025\/02\/24\/el-gobernador-claudio-poggi-inauguro-el-ciclo-lectivo-2025-en-el-paraje-el-tala\/#primaryimage\"},\"thumbnailUrl\":\"https:\/\/apuntesdesanluis.com\/wp-content\/uploads\/2025\/02\/campana.png\",\"articleSection\":[\"Ciudad\/Provincia\"],\"inLanguage\":\"es-AR\"},{\"@type\":\"WebPage\",\"@id\":\"https:\/\/apuntesdesanluis.com\/index.php\/2025\/02\/24\/el-gobernador-claudio-poggi-inauguro-el-ciclo-lectivo-2025-en-el-paraje-el-tala\/\",\"url\":\"https:\/\/apuntesdesanluis.com\/index.php\/2025\/02\/24\/el-gobernador-claudio-poggi-inauguro-el-ciclo-lectivo-2025-en-el-paraje-el-tala\/\",\"name\":\"EL GOBERNADOR CLAUDIO POGGI INAUGUR\u00d3 EL CICLO LECTIVO 2025 EN EL PARAJE EL TALA - Apuntes de San Luis\",\"isPartOf\":{\"@id\":\"https:\/\/apuntesdesanluis.com\/#website\"},\"primaryImageOfPage\":{\"@id\":\"https:\/\/apuntesdesanluis.com\/index.php\/2025\/02\/24\/el-gobernador-claudio-poggi-inauguro-el-ciclo-lectivo-2025-en-el-paraje-el-tala\/#primaryimage\"},\"image\":{\"@id\":\"https:\/\/apuntesdesanluis.com\/index.php\/2025\/02\/24\/el-gobernador-claudio-poggi-inauguro-el-ciclo-lectivo-2025-en-el-paraje-el-tala\/#primaryimage\"},\"thumbnailUrl\":\"https:\/\/apuntesdesanluis.com\/wp-content\/uploads\/2025\/02\/campana.png\",\"datePublished\":\"2025-02-24T22:59:28+00:00\",\"breadcrumb\":{\"@id\":\"https:\/\/apuntesdesanluis.com\/index.php\/2025\/02\/24\/el-gobernador-claudio-poggi-inauguro-el-ciclo-lectivo-2025-en-el-paraje-el-tala\/#breadcrumb\"},\"inLanguage\":\"es-AR\",\"potentialAction\":[{\"@type\":\"ReadAction\",\"target\":[\"https:\/\/apuntesdesanluis.com\/index.php\/2025\/02\/24\/el-gobernador-claudio-poggi-inauguro-el-ciclo-lectivo-2025-en-el-paraje-el-tala\/\"]}]},{\"@type\":\"ImageObject\",\"inLanguage\":\"es-AR\",\"@id\":\"https:\/\/apuntesdesanluis.com\/index.php\/2025\/02\/24\/el-gobernador-claudio-poggi-inauguro-el-ciclo-lectivo-2025-en-el-paraje-el-tala\/#primaryimage\",\"url\":\"https:\/\/apuntesdesanluis.com\/wp-content\/uploads\/2025\/02\/campana.png\",\"contentUrl\":\"https:\/\/apuntesdesanluis.com\/wp-content\/uploads\/2025\/02\/campana.png\",\"width\":664,\"height\":447},{\"@type\":\"BreadcrumbList\",\"@id\":\"https:\/\/apuntesdesanluis.com\/index.php\/2025\/02\/24\/el-gobernador-claudio-poggi-inauguro-el-ciclo-lectivo-2025-en-el-paraje-el-tala\/#breadcrumb\",\"itemListElement\":[{\"@type\":\"ListItem\",\"position\":1,\"name\":\"Inicio\",\"item\":\"https:\/\/apuntesdesanluis.com\/\"},{\"@type\":\"ListItem\",\"position\":2,\"name\":\"EL GOBERNADOR CLAUDIO POGGI INAUGUR\u00d3 EL CICLO LECTIVO 2025 EN EL PARAJE EL TALA\"}]},{\"@type\":\"WebSite\",\"@id\":\"https:\/\/apuntesdesanluis.com\/#website\",\"url\":\"https:\/\/apuntesdesanluis.com\/\",\"name\":\"Apuntes de San Luis\",\"description\":\"\",\"publisher\":{\"@id\":\"https:\/\/apuntesdesanluis.com\/#\/schema\/person\/b55151d52296fcce64d1a72538a70b90\"},\"potentialAction\":[{\"@type\":\"SearchAction\",\"target\":{\"@type\":\"EntryPoint\",\"urlTemplate\":\"https:\/\/apuntesdesanluis.com\/?s={search_term_string}\"},\"query-input\":{\"@type\":\"PropertyValueSpecification\",\"valueRequired\":true,\"valueName\":\"search_term_string\"}}],\"inLanguage\":\"es-AR\"},{\"@type\":[\"Person\",\"Organization\"],\"@id\":\"https:\/\/apuntesdesanluis.com\/#\/schema\/person\/b55151d52296fcce64d1a72538a70b90\",\"name\":\"apuntesdesanluis.com\",\"image\":{\"@type\":\"ImageObject\",\"inLanguage\":\"es-AR\",\"@id\":\"https:\/\/apuntesdesanluis.com\/#\/schema\/person\/image\/\",\"url\":\"https:\/\/apuntesdesanluis.com\/wp-content\/uploads\/2023\/07\/cropped-apuntesdesanluis.png\",\"contentUrl\":\"https:\/\/apuntesdesanluis.com\/wp-content\/uploads\/2023\/07\/cropped-apuntesdesanluis.png\",\"width\":450,\"height\":112,\"caption\":\"apuntesdesanluis.com\"},\"logo\":{\"@id\":\"https:\/\/apuntesdesanluis.com\/#\/schema\/person\/image\/\"},\"sameAs\":[\"https:\/\/apuntesdesanluis.com\"],\"url\":\"https:\/\/apuntesdesanluis.com\/index.php\/author\/apuntesdesanluis-com\/\"}]}<\/script>\n<!-- \/ Yoast SEO plugin. -->","yoast_head_json":{"title":"EL GOBERNADOR CLAUDIO POGGI INAUGUR\u00d3 EL CICLO LECTIVO 2025 EN EL PARAJE EL TALA - Apuntes de San Luis","robots":{"index":"index","follow":"follow","max-snippet":"max-snippet:-1","max-image-preview":"max-image-preview:large","max-video-preview":"max-video-preview:-1"},"canonical":"https:\/\/apuntesdesanluis.com\/index.php\/2025\/02\/24\/el-gobernador-claudio-poggi-inauguro-el-ciclo-lectivo-2025-en-el-paraje-el-tala\/","og_locale":"es_ES","og_type":"article","og_title":"EL GOBERNADOR CLAUDIO POGGI INAUGUR\u00d3 EL CICLO LECTIVO 2025 EN EL PARAJE EL TALA - Apuntes de San Luis","og_description":"La anfitriona fue la Escuela N\u00b0 277 \u2018Crucero General Belgrano\u2019, primera instituci\u00f3n malvinizadora de San...","og_url":"https:\/\/apuntesdesanluis.com\/index.php\/2025\/02\/24\/el-gobernador-claudio-poggi-inauguro-el-ciclo-lectivo-2025-en-el-paraje-el-tala\/","og_site_name":"Apuntes de San Luis","article_published_time":"2025-02-24T22:59:28+00:00","og_image":[{"width":664,"height":447,"url":"https:\/\/apuntesdesanluis.com\/wp-content\/uploads\/2025\/02\/campana.png","type":"image\/png"}],"author":"apuntesdesanluis.com","twitter_card":"summary_large_image","twitter_misc":{"Escrito por":"apuntesdesanluis.com","Tiempo de lectura":"4 minutos"},"schema":{"@context":"https:\/\/schema.org","@graph":[{"@type":"Article","@id":"https:\/\/apuntesdesanluis.com\/index.php\/2025\/02\/24\/el-gobernador-claudio-poggi-inauguro-el-ciclo-lectivo-2025-en-el-paraje-el-tala\/#article","isPartOf":{"@id":"https:\/\/apuntesdesanluis.com\/index.php\/2025\/02\/24\/el-gobernador-claudio-poggi-inauguro-el-ciclo-lectivo-2025-en-el-paraje-el-tala\/"},"author":{"name":"apuntesdesanluis.com","@id":"https:\/\/apuntesdesanluis.com\/#\/schema\/person\/b55151d52296fcce64d1a72538a70b90"},"headline":"EL GOBERNADOR CLAUDIO POGGI INAUGUR\u00d3 EL CICLO LECTIVO 2025 EN EL PARAJE EL TALA","datePublished":"2025-02-24T22:59:28+00:00","mainEntityOfPage":{"@id":"https:\/\/apuntesdesanluis.com\/index.php\/2025\/02\/24\/el-gobernador-claudio-poggi-inauguro-el-ciclo-lectivo-2025-en-el-paraje-el-tala\/"},"wordCount":531,"publisher":{"@id":"https:\/\/apuntesdesanluis.com\/#\/schema\/person\/b55151d52296fcce64d1a72538a70b90"},"image":{"@id":"https:\/\/apuntesdesanluis.com\/index.php\/2025\/02\/24\/el-gobernador-claudio-poggi-inauguro-el-ciclo-lectivo-2025-en-el-paraje-el-tala\/#primaryimage"},"thumbnailUrl":"https:\/\/apuntesdesanluis.com\/wp-content\/uploads\/2025\/02\/campana.png","articleSection":["Ciudad\/Provincia"],"inLanguage":"es-AR"},{"@type":"WebPage","@id":"https:\/\/apuntesdesanluis.com\/index.php\/2025\/02\/24\/el-gobernador-claudio-poggi-inauguro-el-ciclo-lectivo-2025-en-el-paraje-el-tala\/","url":"https:\/\/apuntesdesanluis.com\/index.php\/2025\/02\/24\/el-gobernador-claudio-poggi-inauguro-el-ciclo-lectivo-2025-en-el-paraje-el-tala\/","name":"EL GOBERNADOR CLAUDIO POGGI INAUGUR\u00d3 EL CICLO LECTIVO 2025 EN EL PARAJE EL TALA - Apuntes de San Luis","isPartOf":{"@id":"https:\/\/apuntesdesanluis.com\/#website"},"primaryImageOfPage":{"@id":"https:\/\/apuntesdesanluis.com\/index.php\/2025\/02\/24\/el-gobernador-claudio-poggi-inauguro-el-ciclo-lectivo-2025-en-el-paraje-el-tala\/#primaryimage"},"image":{"@id":"https:\/\/apuntesdesanluis.com\/index.php\/2025\/02\/24\/el-gobernador-claudio-poggi-inauguro-el-ciclo-lectivo-2025-en-el-paraje-el-tala\/#primaryimage"},"thumbnailUrl":"https:\/\/apuntesdesanluis.com\/wp-content\/uploads\/2025\/02\/campana.png","datePublished":"2025-02-24T22:59:28+00:00","breadcrumb":{"@id":"https:\/\/apuntesdesanluis.com\/index.php\/2025\/02\/24\/el-gobernador-claudio-poggi-inauguro-el-ciclo-lectivo-2025-en-el-paraje-el-tala\/#breadcrumb"},"inLanguage":"es-AR","potentialAction":[{"@type":"ReadAction","target":["https:\/\/apuntesdesanluis.com\/index.php\/2025\/02\/24\/el-gobernador-claudio-poggi-inauguro-el-ciclo-lectivo-2025-en-el-paraje-el-tala\/"]}]},{"@type":"ImageObject","inLanguage":"es-AR","@id":"https:\/\/apuntesdesanluis.com\/index.php\/2025\/02\/24\/el-gobernador-claudio-poggi-inauguro-el-ciclo-lectivo-2025-en-el-paraje-el-tala\/#primaryimage","url":"https:\/\/apuntesdesanluis.com\/wp-content\/uploads\/2025\/02\/campana.png","contentUrl":"https:\/\/apuntesdesanluis.com\/wp-content\/uploads\/2025\/02\/campana.png","width":664,"height":447},{"@type":"BreadcrumbList","@id":"https:\/\/apuntesdesanluis.com\/index.php\/2025\/02\/24\/el-gobernador-claudio-poggi-inauguro-el-ciclo-lectivo-2025-en-el-paraje-el-tala\/#breadcrumb","itemListElement":[{"@type":"ListItem","position":1,"name":"Inicio","item":"https:\/\/apuntesdesanluis.com\/"},{"@type":"ListItem","position":2,"name":"EL GOBERNADOR CLAUDIO POGGI INAUGUR\u00d3 EL CICLO LECTIVO 2025 EN EL PARAJE EL TALA"}]},{"@type":"WebSite","@id":"https:\/\/apuntesdesanluis.com\/#website","url":"https:\/\/apuntesdesanluis.com\/","name":"Apuntes de San Luis","description":"","publisher":{"@id":"https:\/\/apuntesdesanluis.com\/#\/schema\/person\/b55151d52296fcce64d1a72538a70b90"},"potentialAction":[{"@type":"SearchAction","target":{"@type":"EntryPoint","urlTemplate":"https:\/\/apuntesdesanluis.com\/?s={search_term_string}"},"query-input":{"@type":"PropertyValueSpecification","valueRequired":true,"valueName":"search_term_string"}}],"inLanguage":"es-AR"},{"@type":["Person","Organization"],"@id":"https:\/\/apuntesdesanluis.com\/#\/schema\/person\/b55151d52296fcce64d1a72538a70b90","name":"apuntesdesanluis.com","image":{"@type":"ImageObject","inLanguage":"es-AR","@id":"https:\/\/apuntesdesanluis.com\/#\/schema\/person\/image\/","url":"https:\/\/apuntesdesanluis.com\/wp-content\/uploads\/2023\/07\/cropped-apuntesdesanluis.png","contentUrl":"https:\/\/apuntesdesanluis.com\/wp-content\/uploads\/2023\/07\/cropped-apuntesdesanluis.png","width":450,"height":112,"caption":"apuntesdesanluis.com"},"logo":{"@id":"https:\/\/apuntesdesanluis.com\/#\/schema\/person\/image\/"},"sameAs":["https:\/\/apuntesdesanluis.com"],"url":"https:\/\/apuntesdesanluis.com\/index.php\/author\/apuntesdesanluis-com\/"}]}},"featured_image_urls":{"full":["https:\/\/apuntesdesanluis.com\/wp-content\/uploads\/2025\/02\/campana.png",664,447,false],"thumbnail":["https:\/\/apuntesdesanluis.com\/wp-content\/uploads\/2025\/02\/campana-150x150.png",150,150,true],"medium":["https:\/\/apuntesdesanluis.com\/wp-content\/uploads\/2025\/02\/campana-300x202.png",300,202,true],"medium_large":["https:\/\/apuntesdesanluis.com\/wp-content\/uploads\/2025\/02\/campana.png",640,431,false],"large":["https:\/\/apuntesdesanluis.com\/wp-content\/uploads\/2025\/02\/campana.png",640,431,false],"1536x1536":["https:\/\/apuntesdesanluis.com\/wp-content\/uploads\/2025\/02\/campana.png",664,447,false],"2048x2048":["https:\/\/apuntesdesanluis.com\/wp-content\/uploads\/2025\/02\/campana.png",664,447,false],"newsever-slider-full":["https:\/\/apuntesdesanluis.com\/wp-content\/uploads\/2025\/02\/campana.png",664,447,false],"newsever-featured":["https:\/\/apuntesdesanluis.com\/wp-content\/uploads\/2025\/02\/campana.png",664,447,false],"newsever-medium":["https:\/\/apuntesdesanluis.com\/wp-content\/uploads\/2025\/02\/campana.png",664,447,false]},"author_info":{"display_name":"apuntesdesanluis.com","author_link":"https:\/\/apuntesdesanluis.com\/index.php\/author\/apuntesdesanluis-com\/"},"category_info":"<a href=\"https:\/\/apuntesdesanluis.com\/index.php\/category\/ciudad-provincia\/\" rel=\"category tag\">Ciudad\/Provincia<\/a>","tag_info":"Ciudad\/Provincia","comment_count":"0","_links":{"self":[{"href":"https:\/\/apuntesdesanluis.com\/index.php\/wp-json\/wp\/v2\/posts\/29708","targetHints":{"allow":["GET"]}}],"collection":[{"href":"https:\/\/apuntesdesanluis.com\/index.php\/wp-json\/wp\/v2\/posts"}],"about":[{"href":"https:\/\/apuntesdesanluis.com\/index.php\/wp-json\/wp\/v2\/types\/post"}],"author":[{"embeddable":true,"href":"https:\/\/apuntesdesanluis.com\/index.php\/wp-json\/wp\/v2\/users\/1"}],"replies":[{"embeddable":true,"href":"https:\/\/apuntesdesanluis.com\/index.php\/wp-json\/wp\/v2\/comments?post=29708"}],"version-history":[{"count":1,"href":"https:\/\/apuntesdesanluis.com\/index.php\/wp-json\/wp\/v2\/posts\/29708\/revisions"}],"predecessor-version":[{"id":29715,"href":"https:\/\/apuntesdesanluis.com\/index.php\/wp-json\/wp\/v2\/posts\/29708\/revisions\/29715"}],"wp:featuredmedia":[{"embeddable":true,"href":"https:\/\/apuntesdesanluis.com\/index.php\/wp-json\/wp\/v2\/media\/29709"}],"wp:attachment":[{"href":"https:\/\/apuntesdesanluis.com\/index.php\/wp-json\/wp\/v2\/media?parent=29708"}],"wp:term":[{"taxonomy":"category","embeddable":true,"href":"https:\/\/apuntesdesanluis.com\/index.php\/wp-json\/wp\/v2\/categories?post=29708"},{"taxonomy":"post_tag","embeddable":true,"href":"https:\/\/apuntesdesanluis.com\/index.php\/wp-json\/wp\/v2\/tags?post=29708"}],"curies":[{"name":"wp","href":"https:\/\/api.w.org\/{rel}","templated":true}]}}