{"id":2971,"date":"2023-09-07T23:55:54","date_gmt":"2023-09-08T02:55:54","guid":{"rendered":"https:\/\/apuntesdesanluis.com\/?p=2971"},"modified":"2023-09-08T21:16:16","modified_gmt":"2023-09-09T00:16:16","slug":"merlo-imputan-a-mujer-trans-por-abuso-sexual-con-acceso-carnal","status":"publish","type":"post","link":"https:\/\/apuntesdesanluis.com\/index.php\/2023\/09\/07\/merlo-imputan-a-mujer-trans-por-abuso-sexual-con-acceso-carnal\/","title":{"rendered":"MERLO: IMPUTAN A MUJER TRANS POR ABUSO SEXUAL CON ACCESO CARNAL"},"content":{"rendered":"<h3>B.K.F., una mujer trans de 49 a\u00f1os, fue formalmente imputada este jueves como presunta autora del delito de abuso sexual con acceso carnal, agravado por ser cometido en contra de un menor de 18 a\u00f1os. aprovechando la situaci\u00f3n de convivencia preexistente y por su car\u00e1cter de guardadora.<\/h3>\n<h3>En el relato de hechos, la Fiscal de Instrucci\u00f3n, D\u00e9bora Antonella Roy Gitto, expuso que los abusos se habr\u00edan perpetrado en el domicilio de B.K.F., ubicado en la Villa de Merlo, entre el 15 de octubre de 2020 y el 3 de febrero de 2021, cuando se encontraba ejerciendo la guarda provisoria del ni\u00f1o de 11 a\u00f1os.<\/h3>\n<h3>La situaci\u00f3n fue comunicada al Juzgado de Familia del Departamento Jun\u00edn por las autoridades de la instituci\u00f3n educativa a la que asist\u00eda el menor.<\/h3>\n<h3>En la audiencia de formulaci\u00f3n de cargos celebrada este 7 de septiembre, la fiscal\u00eda le solicit\u00f3 al juez un t\u00e9rmino de 60 d\u00edas para finalizar la investigaci\u00f3n preparatoria y, posteriormente, llevar a cabo la acusaci\u00f3n y el pedido de elevaci\u00f3n de la causa a juicio.<\/h3>\n<h3>Asimismo, peticion\u00f3 la prisi\u00f3n preventiva para B.K.F. por el mismo plazo requerido para la investigaci\u00f3n.<\/h3>\n<h3>Ante el Juez de Garant\u00eda, Mat\u00edas Farinazzo Tempestini, la imputada se declar\u00f3 inocente. Tambi\u00e9n su abogado defensor, Orlando Villegas, sostuvo la inocencia de su defendida. Adem\u00e1s de negar todos los cargos formulados por el Ministerio Fiscal, adelant\u00f3 que reunir\u00e1 nueva evidencia para producir durante el juicio.<\/h3>\n<h3>Luego de analizar las presentaciones de las partes, el magistrado interviniente resolvi\u00f3 hacer lugar a la imputaci\u00f3n de cargos y, con el objeto de resguardar la integridad psicof\u00edsica del menor, dict\u00f3 una prohibici\u00f3n de acercamiento en favor de \u00e9ste y en contra de B.K.F. por el t\u00e9rmino de 60 d\u00edas, hasta tanto se resuelva la situaci\u00f3n procesal de la imputada.<\/h3>\n<h3><em>Nota aclarativa: en virtud del principio de inocencia, consagrado como garant\u00eda constitucional, no se consignan los datos identificatorios de la persona imputada hasta tanto se resuelva su situaci\u00f3n procesal de manera definitiva.<\/em><\/h3>\n","protected":false},"excerpt":{"rendered":"<p>B.K.F., una mujer trans de 49 a\u00f1os, fue formalmente imputada este jueves como presunta autora&#8230;<\/p>\n","protected":false},"author":1,"featured_media":2972,"comment_status":"closed","ping_status":"closed","sticky":false,"template":"","format":"standard","meta":{"footnotes":""},"categories":[6],"tags":[],"class_list":["post-2971","post","type-post","status-publish","format-standard","has-post-thumbnail","hentry","category-ciudad-provincia"],"yoast_head":"<!-- This site is optimized with the Yoast SEO plugin v26.1.1 - https:\/\/yoast.com\/wordpress\/plugins\/seo\/ -->\n<title>MERLO: IMPUTAN A MUJER TRANS POR ABUSO SEXUAL CON ACCESO CARNAL - Apuntes de San Luis<\/title>\n<meta name=\"robots\" content=\"index, follow, max-snippet:-1, max-image-preview:large, max-video-preview:-1\" \/>\n<link rel=\"canonical\" href=\"https:\/\/apuntesdesanluis.com\/index.php\/2023\/09\/07\/merlo-imputan-a-mujer-trans-por-abuso-sexual-con-acceso-carnal\/\" \/>\n<meta property=\"og:locale\" content=\"es_ES\" \/>\n<meta property=\"og:type\" content=\"article\" \/>\n<meta property=\"og:title\" content=\"MERLO: IMPUTAN A MUJER TRANS POR ABUSO SEXUAL CON ACCESO CARNAL - Apuntes de San Luis\" \/>\n<meta property=\"og:description\" content=\"B.K.F., una mujer trans de 49 a\u00f1os, fue formalmente imputada este jueves como presunta autora...\" \/>\n<meta property=\"og:url\" content=\"https:\/\/apuntesdesanluis.com\/index.php\/2023\/09\/07\/merlo-imputan-a-mujer-trans-por-abuso-sexual-con-acceso-carnal\/\" \/>\n<meta property=\"og:site_name\" content=\"Apuntes de San Luis\" \/>\n<meta property=\"article:published_time\" content=\"2023-09-08T02:55:54+00:00\" \/>\n<meta property=\"article:modified_time\" content=\"2023-09-09T00:16:16+00:00\" \/>\n<meta property=\"og:image\" content=\"https:\/\/apuntesdesanluis.com\/wp-content\/uploads\/2023\/09\/MUJER-TRANS.png\" \/>\n\t<meta property=\"og:image:width\" content=\"700\" \/>\n\t<meta property=\"og:image:height\" content=\"392\" \/>\n\t<meta property=\"og:image:type\" content=\"image\/png\" \/>\n<meta name=\"author\" content=\"apuntesdesanluis.com\" \/>\n<meta name=\"twitter:card\" content=\"summary_large_image\" \/>\n<meta name=\"twitter:label1\" content=\"Escrito por\" \/>\n\t<meta name=\"twitter:data1\" content=\"apuntesdesanluis.com\" \/>\n\t<meta name=\"twitter:label2\" content=\"Tiempo de lectura\" \/>\n\t<meta name=\"twitter:data2\" content=\"2 minutos\" \/>\n<script type=\"application\/ld+json\" class=\"yoast-schema-graph\">{\"@context\":\"https:\/\/schema.org\",\"@graph\":[{\"@type\":\"Article\",\"@id\":\"https:\/\/apuntesdesanluis.com\/index.php\/2023\/09\/07\/merlo-imputan-a-mujer-trans-por-abuso-sexual-con-acceso-carnal\/#article\",\"isPartOf\":{\"@id\":\"https:\/\/apuntesdesanluis.com\/index.php\/2023\/09\/07\/merlo-imputan-a-mujer-trans-por-abuso-sexual-con-acceso-carnal\/\"},\"author\":{\"name\":\"apuntesdesanluis.com\",\"@id\":\"https:\/\/apuntesdesanluis.com\/#\/schema\/person\/b55151d52296fcce64d1a72538a70b90\"},\"headline\":\"MERLO: IMPUTAN A MUJER TRANS POR ABUSO SEXUAL CON ACCESO CARNAL\",\"datePublished\":\"2023-09-08T02:55:54+00:00\",\"dateModified\":\"2023-09-09T00:16:16+00:00\",\"mainEntityOfPage\":{\"@id\":\"https:\/\/apuntesdesanluis.com\/index.php\/2023\/09\/07\/merlo-imputan-a-mujer-trans-por-abuso-sexual-con-acceso-carnal\/\"},\"wordCount\":369,\"publisher\":{\"@id\":\"https:\/\/apuntesdesanluis.com\/#\/schema\/person\/b55151d52296fcce64d1a72538a70b90\"},\"image\":{\"@id\":\"https:\/\/apuntesdesanluis.com\/index.php\/2023\/09\/07\/merlo-imputan-a-mujer-trans-por-abuso-sexual-con-acceso-carnal\/#primaryimage\"},\"thumbnailUrl\":\"https:\/\/apuntesdesanluis.com\/wp-content\/uploads\/2023\/09\/MUJER-TRANS.png\",\"articleSection\":[\"Ciudad\/Provincia\"],\"inLanguage\":\"es-AR\"},{\"@type\":\"WebPage\",\"@id\":\"https:\/\/apuntesdesanluis.com\/index.php\/2023\/09\/07\/merlo-imputan-a-mujer-trans-por-abuso-sexual-con-acceso-carnal\/\",\"url\":\"https:\/\/apuntesdesanluis.com\/index.php\/2023\/09\/07\/merlo-imputan-a-mujer-trans-por-abuso-sexual-con-acceso-carnal\/\",\"name\":\"MERLO: IMPUTAN A MUJER TRANS POR ABUSO SEXUAL CON ACCESO CARNAL - Apuntes de San Luis\",\"isPartOf\":{\"@id\":\"https:\/\/apuntesdesanluis.com\/#website\"},\"primaryImageOfPage\":{\"@id\":\"https:\/\/apuntesdesanluis.com\/index.php\/2023\/09\/07\/merlo-imputan-a-mujer-trans-por-abuso-sexual-con-acceso-carnal\/#primaryimage\"},\"image\":{\"@id\":\"https:\/\/apuntesdesanluis.com\/index.php\/2023\/09\/07\/merlo-imputan-a-mujer-trans-por-abuso-sexual-con-acceso-carnal\/#primaryimage\"},\"thumbnailUrl\":\"https:\/\/apuntesdesanluis.com\/wp-content\/uploads\/2023\/09\/MUJER-TRANS.png\",\"datePublished\":\"2023-09-08T02:55:54+00:00\",\"dateModified\":\"2023-09-09T00:16:16+00:00\",\"breadcrumb\":{\"@id\":\"https:\/\/apuntesdesanluis.com\/index.php\/2023\/09\/07\/merlo-imputan-a-mujer-trans-por-abuso-sexual-con-acceso-carnal\/#breadcrumb\"},\"inLanguage\":\"es-AR\",\"potentialAction\":[{\"@type\":\"ReadAction\",\"target\":[\"https:\/\/apuntesdesanluis.com\/index.php\/2023\/09\/07\/merlo-imputan-a-mujer-trans-por-abuso-sexual-con-acceso-carnal\/\"]}]},{\"@type\":\"ImageObject\",\"inLanguage\":\"es-AR\",\"@id\":\"https:\/\/apuntesdesanluis.com\/index.php\/2023\/09\/07\/merlo-imputan-a-mujer-trans-por-abuso-sexual-con-acceso-carnal\/#primaryimage\",\"url\":\"https:\/\/apuntesdesanluis.com\/wp-content\/uploads\/2023\/09\/MUJER-TRANS.png\",\"contentUrl\":\"https:\/\/apuntesdesanluis.com\/wp-content\/uploads\/2023\/09\/MUJER-TRANS.png\",\"width\":700,\"height\":392},{\"@type\":\"BreadcrumbList\",\"@id\":\"https:\/\/apuntesdesanluis.com\/index.php\/2023\/09\/07\/merlo-imputan-a-mujer-trans-por-abuso-sexual-con-acceso-carnal\/#breadcrumb\",\"itemListElement\":[{\"@type\":\"ListItem\",\"position\":1,\"name\":\"Inicio\",\"item\":\"https:\/\/apuntesdesanluis.com\/\"},{\"@type\":\"ListItem\",\"position\":2,\"name\":\"MERLO: IMPUTAN A MUJER TRANS POR ABUSO SEXUAL CON ACCESO CARNAL\"}]},{\"@type\":\"WebSite\",\"@id\":\"https:\/\/apuntesdesanluis.com\/#website\",\"url\":\"https:\/\/apuntesdesanluis.com\/\",\"name\":\"Apuntes de San Luis\",\"description\":\"\",\"publisher\":{\"@id\":\"https:\/\/apuntesdesanluis.com\/#\/schema\/person\/b55151d52296fcce64d1a72538a70b90\"},\"potentialAction\":[{\"@type\":\"SearchAction\",\"target\":{\"@type\":\"EntryPoint\",\"urlTemplate\":\"https:\/\/apuntesdesanluis.com\/?s={search_term_string}\"},\"query-input\":{\"@type\":\"PropertyValueSpecification\",\"valueRequired\":true,\"valueName\":\"search_term_string\"}}],\"inLanguage\":\"es-AR\"},{\"@type\":[\"Person\",\"Organization\"],\"@id\":\"https:\/\/apuntesdesanluis.com\/#\/schema\/person\/b55151d52296fcce64d1a72538a70b90\",\"name\":\"apuntesdesanluis.com\",\"image\":{\"@type\":\"ImageObject\",\"inLanguage\":\"es-AR\",\"@id\":\"https:\/\/apuntesdesanluis.com\/#\/schema\/person\/image\/\",\"url\":\"https:\/\/apuntesdesanluis.com\/wp-content\/uploads\/2023\/07\/cropped-apuntesdesanluis.png\",\"contentUrl\":\"https:\/\/apuntesdesanluis.com\/wp-content\/uploads\/2023\/07\/cropped-apuntesdesanluis.png\",\"width\":450,\"height\":112,\"caption\":\"apuntesdesanluis.com\"},\"logo\":{\"@id\":\"https:\/\/apuntesdesanluis.com\/#\/schema\/person\/image\/\"},\"sameAs\":[\"https:\/\/apuntesdesanluis.com\"],\"url\":\"https:\/\/apuntesdesanluis.com\/index.php\/author\/apuntesdesanluis-com\/\"}]}<\/script>\n<!-- \/ Yoast SEO plugin. -->","yoast_head_json":{"title":"MERLO: IMPUTAN A MUJER TRANS POR ABUSO SEXUAL CON ACCESO CARNAL - Apuntes de San Luis","robots":{"index":"index","follow":"follow","max-snippet":"max-snippet:-1","max-image-preview":"max-image-preview:large","max-video-preview":"max-video-preview:-1"},"canonical":"https:\/\/apuntesdesanluis.com\/index.php\/2023\/09\/07\/merlo-imputan-a-mujer-trans-por-abuso-sexual-con-acceso-carnal\/","og_locale":"es_ES","og_type":"article","og_title":"MERLO: IMPUTAN A MUJER TRANS POR ABUSO SEXUAL CON ACCESO CARNAL - Apuntes de San Luis","og_description":"B.K.F., una mujer trans de 49 a\u00f1os, fue formalmente imputada este jueves como presunta autora...","og_url":"https:\/\/apuntesdesanluis.com\/index.php\/2023\/09\/07\/merlo-imputan-a-mujer-trans-por-abuso-sexual-con-acceso-carnal\/","og_site_name":"Apuntes de San Luis","article_published_time":"2023-09-08T02:55:54+00:00","article_modified_time":"2023-09-09T00:16:16+00:00","og_image":[{"width":700,"height":392,"url":"https:\/\/apuntesdesanluis.com\/wp-content\/uploads\/2023\/09\/MUJER-TRANS.png","type":"image\/png"}],"author":"apuntesdesanluis.com","twitter_card":"summary_large_image","twitter_misc":{"Escrito por":"apuntesdesanluis.com","Tiempo de lectura":"2 minutos"},"schema":{"@context":"https:\/\/schema.org","@graph":[{"@type":"Article","@id":"https:\/\/apuntesdesanluis.com\/index.php\/2023\/09\/07\/merlo-imputan-a-mujer-trans-por-abuso-sexual-con-acceso-carnal\/#article","isPartOf":{"@id":"https:\/\/apuntesdesanluis.com\/index.php\/2023\/09\/07\/merlo-imputan-a-mujer-trans-por-abuso-sexual-con-acceso-carnal\/"},"author":{"name":"apuntesdesanluis.com","@id":"https:\/\/apuntesdesanluis.com\/#\/schema\/person\/b55151d52296fcce64d1a72538a70b90"},"headline":"MERLO: IMPUTAN A MUJER TRANS POR ABUSO SEXUAL CON ACCESO CARNAL","datePublished":"2023-09-08T02:55:54+00:00","dateModified":"2023-09-09T00:16:16+00:00","mainEntityOfPage":{"@id":"https:\/\/apuntesdesanluis.com\/index.php\/2023\/09\/07\/merlo-imputan-a-mujer-trans-por-abuso-sexual-con-acceso-carnal\/"},"wordCount":369,"publisher":{"@id":"https:\/\/apuntesdesanluis.com\/#\/schema\/person\/b55151d52296fcce64d1a72538a70b90"},"image":{"@id":"https:\/\/apuntesdesanluis.com\/index.php\/2023\/09\/07\/merlo-imputan-a-mujer-trans-por-abuso-sexual-con-acceso-carnal\/#primaryimage"},"thumbnailUrl":"https:\/\/apuntesdesanluis.com\/wp-content\/uploads\/2023\/09\/MUJER-TRANS.png","articleSection":["Ciudad\/Provincia"],"inLanguage":"es-AR"},{"@type":"WebPage","@id":"https:\/\/apuntesdesanluis.com\/index.php\/2023\/09\/07\/merlo-imputan-a-mujer-trans-por-abuso-sexual-con-acceso-carnal\/","url":"https:\/\/apuntesdesanluis.com\/index.php\/2023\/09\/07\/merlo-imputan-a-mujer-trans-por-abuso-sexual-con-acceso-carnal\/","name":"MERLO: IMPUTAN A MUJER TRANS POR ABUSO SEXUAL CON ACCESO CARNAL - Apuntes de San Luis","isPartOf":{"@id":"https:\/\/apuntesdesanluis.com\/#website"},"primaryImageOfPage":{"@id":"https:\/\/apuntesdesanluis.com\/index.php\/2023\/09\/07\/merlo-imputan-a-mujer-trans-por-abuso-sexual-con-acceso-carnal\/#primaryimage"},"image":{"@id":"https:\/\/apuntesdesanluis.com\/index.php\/2023\/09\/07\/merlo-imputan-a-mujer-trans-por-abuso-sexual-con-acceso-carnal\/#primaryimage"},"thumbnailUrl":"https:\/\/apuntesdesanluis.com\/wp-content\/uploads\/2023\/09\/MUJER-TRANS.png","datePublished":"2023-09-08T02:55:54+00:00","dateModified":"2023-09-09T00:16:16+00:00","breadcrumb":{"@id":"https:\/\/apuntesdesanluis.com\/index.php\/2023\/09\/07\/merlo-imputan-a-mujer-trans-por-abuso-sexual-con-acceso-carnal\/#breadcrumb"},"inLanguage":"es-AR","potentialAction":[{"@type":"ReadAction","target":["https:\/\/apuntesdesanluis.com\/index.php\/2023\/09\/07\/merlo-imputan-a-mujer-trans-por-abuso-sexual-con-acceso-carnal\/"]}]},{"@type":"ImageObject","inLanguage":"es-AR","@id":"https:\/\/apuntesdesanluis.com\/index.php\/2023\/09\/07\/merlo-imputan-a-mujer-trans-por-abuso-sexual-con-acceso-carnal\/#primaryimage","url":"https:\/\/apuntesdesanluis.com\/wp-content\/uploads\/2023\/09\/MUJER-TRANS.png","contentUrl":"https:\/\/apuntesdesanluis.com\/wp-content\/uploads\/2023\/09\/MUJER-TRANS.png","width":700,"height":392},{"@type":"BreadcrumbList","@id":"https:\/\/apuntesdesanluis.com\/index.php\/2023\/09\/07\/merlo-imputan-a-mujer-trans-por-abuso-sexual-con-acceso-carnal\/#breadcrumb","itemListElement":[{"@type":"ListItem","position":1,"name":"Inicio","item":"https:\/\/apuntesdesanluis.com\/"},{"@type":"ListItem","position":2,"name":"MERLO: IMPUTAN A MUJER TRANS POR ABUSO SEXUAL CON ACCESO CARNAL"}]},{"@type":"WebSite","@id":"https:\/\/apuntesdesanluis.com\/#website","url":"https:\/\/apuntesdesanluis.com\/","name":"Apuntes de San Luis","description":"","publisher":{"@id":"https:\/\/apuntesdesanluis.com\/#\/schema\/person\/b55151d52296fcce64d1a72538a70b90"},"potentialAction":[{"@type":"SearchAction","target":{"@type":"EntryPoint","urlTemplate":"https:\/\/apuntesdesanluis.com\/?s={search_term_string}"},"query-input":{"@type":"PropertyValueSpecification","valueRequired":true,"valueName":"search_term_string"}}],"inLanguage":"es-AR"},{"@type":["Person","Organization"],"@id":"https:\/\/apuntesdesanluis.com\/#\/schema\/person\/b55151d52296fcce64d1a72538a70b90","name":"apuntesdesanluis.com","image":{"@type":"ImageObject","inLanguage":"es-AR","@id":"https:\/\/apuntesdesanluis.com\/#\/schema\/person\/image\/","url":"https:\/\/apuntesdesanluis.com\/wp-content\/uploads\/2023\/07\/cropped-apuntesdesanluis.png","contentUrl":"https:\/\/apuntesdesanluis.com\/wp-content\/uploads\/2023\/07\/cropped-apuntesdesanluis.png","width":450,"height":112,"caption":"apuntesdesanluis.com"},"logo":{"@id":"https:\/\/apuntesdesanluis.com\/#\/schema\/person\/image\/"},"sameAs":["https:\/\/apuntesdesanluis.com"],"url":"https:\/\/apuntesdesanluis.com\/index.php\/author\/apuntesdesanluis-com\/"}]}},"featured_image_urls":{"full":["https:\/\/apuntesdesanluis.com\/wp-content\/uploads\/2023\/09\/MUJER-TRANS.png",700,392,false],"thumbnail":["https:\/\/apuntesdesanluis.com\/wp-content\/uploads\/2023\/09\/MUJER-TRANS-150x150.png",150,150,true],"medium":["https:\/\/apuntesdesanluis.com\/wp-content\/uploads\/2023\/09\/MUJER-TRANS-300x168.png",300,168,true],"medium_large":["https:\/\/apuntesdesanluis.com\/wp-content\/uploads\/2023\/09\/MUJER-TRANS.png",640,358,false],"large":["https:\/\/apuntesdesanluis.com\/wp-content\/uploads\/2023\/09\/MUJER-TRANS.png",640,358,false],"1536x1536":["https:\/\/apuntesdesanluis.com\/wp-content\/uploads\/2023\/09\/MUJER-TRANS.png",700,392,false],"2048x2048":["https:\/\/apuntesdesanluis.com\/wp-content\/uploads\/2023\/09\/MUJER-TRANS.png",700,392,false],"newsever-slider-full":["https:\/\/apuntesdesanluis.com\/wp-content\/uploads\/2023\/09\/MUJER-TRANS.png",700,392,false],"newsever-featured":["https:\/\/apuntesdesanluis.com\/wp-content\/uploads\/2023\/09\/MUJER-TRANS.png",700,392,false],"newsever-medium":["https:\/\/apuntesdesanluis.com\/wp-content\/uploads\/2023\/09\/MUJER-TRANS.png",700,392,false]},"author_info":{"display_name":"apuntesdesanluis.com","author_link":"https:\/\/apuntesdesanluis.com\/index.php\/author\/apuntesdesanluis-com\/"},"category_info":"<a href=\"https:\/\/apuntesdesanluis.com\/index.php\/category\/ciudad-provincia\/\" rel=\"category tag\">Ciudad\/Provincia<\/a>","tag_info":"Ciudad\/Provincia","comment_count":"0","_links":{"self":[{"href":"https:\/\/apuntesdesanluis.com\/index.php\/wp-json\/wp\/v2\/posts\/2971","targetHints":{"allow":["GET"]}}],"collection":[{"href":"https:\/\/apuntesdesanluis.com\/index.php\/wp-json\/wp\/v2\/posts"}],"about":[{"href":"https:\/\/apuntesdesanluis.com\/index.php\/wp-json\/wp\/v2\/types\/post"}],"author":[{"embeddable":true,"href":"https:\/\/apuntesdesanluis.com\/index.php\/wp-json\/wp\/v2\/users\/1"}],"replies":[{"embeddable":true,"href":"https:\/\/apuntesdesanluis.com\/index.php\/wp-json\/wp\/v2\/comments?post=2971"}],"version-history":[{"count":2,"href":"https:\/\/apuntesdesanluis.com\/index.php\/wp-json\/wp\/v2\/posts\/2971\/revisions"}],"predecessor-version":[{"id":2974,"href":"https:\/\/apuntesdesanluis.com\/index.php\/wp-json\/wp\/v2\/posts\/2971\/revisions\/2974"}],"wp:featuredmedia":[{"embeddable":true,"href":"https:\/\/apuntesdesanluis.com\/index.php\/wp-json\/wp\/v2\/media\/2972"}],"wp:attachment":[{"href":"https:\/\/apuntesdesanluis.com\/index.php\/wp-json\/wp\/v2\/media?parent=2971"}],"wp:term":[{"taxonomy":"category","embeddable":true,"href":"https:\/\/apuntesdesanluis.com\/index.php\/wp-json\/wp\/v2\/categories?post=2971"},{"taxonomy":"post_tag","embeddable":true,"href":"https:\/\/apuntesdesanluis.com\/index.php\/wp-json\/wp\/v2\/tags?post=2971"}],"curies":[{"name":"wp","href":"https:\/\/api.w.org\/{rel}","templated":true}]}}