{"id":29716,"date":"2025-02-24T20:23:55","date_gmt":"2025-02-24T23:23:55","guid":{"rendered":"https:\/\/apuntesdesanluis.com\/?p=29716"},"modified":"2025-02-24T20:23:55","modified_gmt":"2025-02-24T23:23:55","slug":"elecciones-en-la-unvime-el-rector-marcelo-sosa-consolida-su-liderazgo","status":"publish","type":"post","link":"https:\/\/apuntesdesanluis.com\/index.php\/2025\/02\/24\/elecciones-en-la-unvime-el-rector-marcelo-sosa-consolida-su-liderazgo\/","title":{"rendered":"ELECCIONES EN LA UNVIME: EL RECTOR MARCELO SOSA CONSOLIDA SU LIDERAZGO"},"content":{"rendered":"<h3>Se eligieron autoridades en el <strong>Departamento de Ciencias B\u00e1sicas<\/strong> de la UNViMe, en las que triunf\u00f3 la<strong> Lista N\u00b0 15 \u201cUNViMe Libre\u201d<\/strong> que encabez\u00f3 la Lic. <strong>Marisa Puebla<\/strong>, con el apoyo del rector <strong>Marcelo Sosa<\/strong>.<\/h3>\n<h3>La Universidad Nacional de Villa Mercedes abri\u00f3 el a\u00f1o electoral. El pasado jueves 20 se realiz\u00f3 la elecci\u00f3n de autoridades en el Departamento de Ciencias B\u00e1sicas de la UNViMe, que le dio el triunfo a la Lista N\u00b0 15 \u201cUNViMe Libre\u201d.<\/h3>\n<h3><img fetchpriority=\"high\" decoding=\"async\" class=\"wp-image-29718 aligncenter\" src=\"https:\/\/apuntesdesanluis.com\/wp-content\/uploads\/2025\/02\/sosa-y-farenga-300x195.jpg\" alt=\"\" width=\"809\" height=\"526\" srcset=\"https:\/\/apuntesdesanluis.com\/wp-content\/uploads\/2025\/02\/sosa-y-farenga-300x195.jpg 300w, https:\/\/apuntesdesanluis.com\/wp-content\/uploads\/2025\/02\/sosa-y-farenga-768x499.jpg 768w, https:\/\/apuntesdesanluis.com\/wp-content\/uploads\/2025\/02\/sosa-y-farenga.jpg 770w\" sizes=\"(max-width: 809px) 100vw, 809px\" \/><\/h3>\n<h4 style=\"text-align: center;\"><em>El Rector Marcelo Sosa, el vicerrector Santiago Farenga (derecha), la Lic. Puebla y el Dr. Carlos S\u00e1nchez Carpio, primer consejero electo.<\/em><\/h4>\n<h3>El comicio no fue m\u00e1s que un \u201ctr\u00e1mite administrativo\u201d que deb\u00eda cumplirse, ante la renuncia de la directora y consejeros el a\u00f1o pasado. Sin embargo, el resultado va m\u00e1s all\u00e1 porque fue el primer test que debi\u00f3 afrontar el rector Macelo Sosa y result\u00f3 positivo ya que fue electa la lista que encabeza Marisa Puebla a quien Sosa respaldaba.<\/h3>\n<h3>La oposici\u00f3n hab\u00eda llamado a votar en blanco tras no cumplir siquiera con los requisitos b\u00e1sicos de la normativa electoral, al no completar los avales requeridos, por lo que la junta electoral rechaz\u00f3 su oficializaci\u00f3n.<\/h3>\n<h3>A pesar de presentarse una sola lista, la participaci\u00f3n super\u00f3 el 70% y sobre 117 votos v\u00e1lidos la Lista 15 obtuvo 109 contra apenas 8 en blanco.<\/h3>\n<h3>Estaban habilitados para votar docentes de las Escuelas de Ciencias de la Salud y Ciencias Sociales, las dos unidades acad\u00e9micas en las que la actual gesti\u00f3n perdi\u00f3 en dicho claustro hace dos a\u00f1os, pero que lo compens\u00f3 con el resultado en alumnos y nodocentes. Es decir, se recuper\u00f3 de aquellas derrotas en el estamento de los profesores.<\/h3>\n<h3>El resultado electoral se tradujo como un respaldo hacia la gesti\u00f3n que encabeza el rector Sosa, que vivi\u00f3 estas elecciones con suma expectativa ya que los comicios eran los primeros que afrontaba desde que inici\u00f3 su gesti\u00f3n hace poco m\u00e1s de un a\u00f1o.<span style=\"color: #3366ff;\"><strong> (Diario Todo Un Pa\u00eds)<\/strong><\/span><\/h3>\n<p>&nbsp;<\/p>\n<p>&nbsp;<\/p>\n<p>&nbsp;<\/p>\n<h3><\/h3>\n<h3><\/h3>\n<h3><\/h3>\n","protected":false},"excerpt":{"rendered":"<p>Se eligieron autoridades en el Departamento de Ciencias B\u00e1sicas de la UNViMe, en las que&#8230;<\/p>\n","protected":false},"author":1,"featured_media":29717,"comment_status":"closed","ping_status":"closed","sticky":false,"template":"","format":"standard","meta":{"footnotes":""},"categories":[9],"tags":[],"class_list":["post-29716","post","type-post","status-publish","format-standard","has-post-thumbnail","hentry","category-opinion"],"yoast_head":"<!-- This site is optimized with the Yoast SEO plugin v26.1.1 - https:\/\/yoast.com\/wordpress\/plugins\/seo\/ -->\n<title>ELECCIONES EN LA UNVIME: EL RECTOR MARCELO SOSA CONSOLIDA SU LIDERAZGO - Apuntes de San Luis<\/title>\n<meta name=\"robots\" content=\"index, follow, max-snippet:-1, max-image-preview:large, max-video-preview:-1\" \/>\n<link rel=\"canonical\" href=\"https:\/\/apuntesdesanluis.com\/index.php\/2025\/02\/24\/elecciones-en-la-unvime-el-rector-marcelo-sosa-consolida-su-liderazgo\/\" \/>\n<meta property=\"og:locale\" content=\"es_ES\" \/>\n<meta property=\"og:type\" content=\"article\" \/>\n<meta property=\"og:title\" content=\"ELECCIONES EN LA UNVIME: EL RECTOR MARCELO SOSA CONSOLIDA SU LIDERAZGO - Apuntes de San Luis\" \/>\n<meta property=\"og:description\" content=\"Se eligieron autoridades en el Departamento de Ciencias B\u00e1sicas de la UNViMe, en las que...\" \/>\n<meta property=\"og:url\" content=\"https:\/\/apuntesdesanluis.com\/index.php\/2025\/02\/24\/elecciones-en-la-unvime-el-rector-marcelo-sosa-consolida-su-liderazgo\/\" \/>\n<meta property=\"og:site_name\" content=\"Apuntes de San Luis\" \/>\n<meta property=\"article:published_time\" content=\"2025-02-24T23:23:55+00:00\" \/>\n<meta property=\"og:image\" content=\"https:\/\/apuntesdesanluis.com\/wp-content\/uploads\/2025\/02\/rector-marcelo-sosa-votando.jpg\" \/>\n\t<meta property=\"og:image:width\" content=\"587\" \/>\n\t<meta property=\"og:image:height\" content=\"416\" \/>\n\t<meta property=\"og:image:type\" content=\"image\/jpeg\" \/>\n<meta name=\"author\" content=\"apuntesdesanluis.com\" \/>\n<meta name=\"twitter:card\" content=\"summary_large_image\" \/>\n<meta name=\"twitter:label1\" content=\"Escrito por\" \/>\n\t<meta name=\"twitter:data1\" content=\"apuntesdesanluis.com\" \/>\n\t<meta name=\"twitter:label2\" content=\"Tiempo de lectura\" \/>\n\t<meta name=\"twitter:data2\" content=\"2 minutos\" \/>\n<script type=\"application\/ld+json\" class=\"yoast-schema-graph\">{\"@context\":\"https:\/\/schema.org\",\"@graph\":[{\"@type\":\"Article\",\"@id\":\"https:\/\/apuntesdesanluis.com\/index.php\/2025\/02\/24\/elecciones-en-la-unvime-el-rector-marcelo-sosa-consolida-su-liderazgo\/#article\",\"isPartOf\":{\"@id\":\"https:\/\/apuntesdesanluis.com\/index.php\/2025\/02\/24\/elecciones-en-la-unvime-el-rector-marcelo-sosa-consolida-su-liderazgo\/\"},\"author\":{\"name\":\"apuntesdesanluis.com\",\"@id\":\"https:\/\/apuntesdesanluis.com\/#\/schema\/person\/b55151d52296fcce64d1a72538a70b90\"},\"headline\":\"ELECCIONES EN LA UNVIME: EL RECTOR MARCELO SOSA CONSOLIDA SU LIDERAZGO\",\"datePublished\":\"2025-02-24T23:23:55+00:00\",\"mainEntityOfPage\":{\"@id\":\"https:\/\/apuntesdesanluis.com\/index.php\/2025\/02\/24\/elecciones-en-la-unvime-el-rector-marcelo-sosa-consolida-su-liderazgo\/\"},\"wordCount\":352,\"publisher\":{\"@id\":\"https:\/\/apuntesdesanluis.com\/#\/schema\/person\/b55151d52296fcce64d1a72538a70b90\"},\"image\":{\"@id\":\"https:\/\/apuntesdesanluis.com\/index.php\/2025\/02\/24\/elecciones-en-la-unvime-el-rector-marcelo-sosa-consolida-su-liderazgo\/#primaryimage\"},\"thumbnailUrl\":\"https:\/\/apuntesdesanluis.com\/wp-content\/uploads\/2025\/02\/rector-marcelo-sosa-votando.jpg\",\"articleSection\":[\"Opini\u00f3n\"],\"inLanguage\":\"es-AR\"},{\"@type\":\"WebPage\",\"@id\":\"https:\/\/apuntesdesanluis.com\/index.php\/2025\/02\/24\/elecciones-en-la-unvime-el-rector-marcelo-sosa-consolida-su-liderazgo\/\",\"url\":\"https:\/\/apuntesdesanluis.com\/index.php\/2025\/02\/24\/elecciones-en-la-unvime-el-rector-marcelo-sosa-consolida-su-liderazgo\/\",\"name\":\"ELECCIONES EN LA UNVIME: EL RECTOR MARCELO SOSA CONSOLIDA SU LIDERAZGO - Apuntes de San Luis\",\"isPartOf\":{\"@id\":\"https:\/\/apuntesdesanluis.com\/#website\"},\"primaryImageOfPage\":{\"@id\":\"https:\/\/apuntesdesanluis.com\/index.php\/2025\/02\/24\/elecciones-en-la-unvime-el-rector-marcelo-sosa-consolida-su-liderazgo\/#primaryimage\"},\"image\":{\"@id\":\"https:\/\/apuntesdesanluis.com\/index.php\/2025\/02\/24\/elecciones-en-la-unvime-el-rector-marcelo-sosa-consolida-su-liderazgo\/#primaryimage\"},\"thumbnailUrl\":\"https:\/\/apuntesdesanluis.com\/wp-content\/uploads\/2025\/02\/rector-marcelo-sosa-votando.jpg\",\"datePublished\":\"2025-02-24T23:23:55+00:00\",\"breadcrumb\":{\"@id\":\"https:\/\/apuntesdesanluis.com\/index.php\/2025\/02\/24\/elecciones-en-la-unvime-el-rector-marcelo-sosa-consolida-su-liderazgo\/#breadcrumb\"},\"inLanguage\":\"es-AR\",\"potentialAction\":[{\"@type\":\"ReadAction\",\"target\":[\"https:\/\/apuntesdesanluis.com\/index.php\/2025\/02\/24\/elecciones-en-la-unvime-el-rector-marcelo-sosa-consolida-su-liderazgo\/\"]}]},{\"@type\":\"ImageObject\",\"inLanguage\":\"es-AR\",\"@id\":\"https:\/\/apuntesdesanluis.com\/index.php\/2025\/02\/24\/elecciones-en-la-unvime-el-rector-marcelo-sosa-consolida-su-liderazgo\/#primaryimage\",\"url\":\"https:\/\/apuntesdesanluis.com\/wp-content\/uploads\/2025\/02\/rector-marcelo-sosa-votando.jpg\",\"contentUrl\":\"https:\/\/apuntesdesanluis.com\/wp-content\/uploads\/2025\/02\/rector-marcelo-sosa-votando.jpg\",\"width\":587,\"height\":416},{\"@type\":\"BreadcrumbList\",\"@id\":\"https:\/\/apuntesdesanluis.com\/index.php\/2025\/02\/24\/elecciones-en-la-unvime-el-rector-marcelo-sosa-consolida-su-liderazgo\/#breadcrumb\",\"itemListElement\":[{\"@type\":\"ListItem\",\"position\":1,\"name\":\"Inicio\",\"item\":\"https:\/\/apuntesdesanluis.com\/\"},{\"@type\":\"ListItem\",\"position\":2,\"name\":\"ELECCIONES EN LA UNVIME: EL RECTOR MARCELO SOSA CONSOLIDA SU LIDERAZGO\"}]},{\"@type\":\"WebSite\",\"@id\":\"https:\/\/apuntesdesanluis.com\/#website\",\"url\":\"https:\/\/apuntesdesanluis.com\/\",\"name\":\"Apuntes de San Luis\",\"description\":\"\",\"publisher\":{\"@id\":\"https:\/\/apuntesdesanluis.com\/#\/schema\/person\/b55151d52296fcce64d1a72538a70b90\"},\"potentialAction\":[{\"@type\":\"SearchAction\",\"target\":{\"@type\":\"EntryPoint\",\"urlTemplate\":\"https:\/\/apuntesdesanluis.com\/?s={search_term_string}\"},\"query-input\":{\"@type\":\"PropertyValueSpecification\",\"valueRequired\":true,\"valueName\":\"search_term_string\"}}],\"inLanguage\":\"es-AR\"},{\"@type\":[\"Person\",\"Organization\"],\"@id\":\"https:\/\/apuntesdesanluis.com\/#\/schema\/person\/b55151d52296fcce64d1a72538a70b90\",\"name\":\"apuntesdesanluis.com\",\"image\":{\"@type\":\"ImageObject\",\"inLanguage\":\"es-AR\",\"@id\":\"https:\/\/apuntesdesanluis.com\/#\/schema\/person\/image\/\",\"url\":\"https:\/\/apuntesdesanluis.com\/wp-content\/uploads\/2023\/07\/cropped-apuntesdesanluis.png\",\"contentUrl\":\"https:\/\/apuntesdesanluis.com\/wp-content\/uploads\/2023\/07\/cropped-apuntesdesanluis.png\",\"width\":450,\"height\":112,\"caption\":\"apuntesdesanluis.com\"},\"logo\":{\"@id\":\"https:\/\/apuntesdesanluis.com\/#\/schema\/person\/image\/\"},\"sameAs\":[\"https:\/\/apuntesdesanluis.com\"],\"url\":\"https:\/\/apuntesdesanluis.com\/index.php\/author\/apuntesdesanluis-com\/\"}]}<\/script>\n<!-- \/ Yoast SEO plugin. -->","yoast_head_json":{"title":"ELECCIONES EN LA UNVIME: EL RECTOR MARCELO SOSA CONSOLIDA SU LIDERAZGO - Apuntes de San Luis","robots":{"index":"index","follow":"follow","max-snippet":"max-snippet:-1","max-image-preview":"max-image-preview:large","max-video-preview":"max-video-preview:-1"},"canonical":"https:\/\/apuntesdesanluis.com\/index.php\/2025\/02\/24\/elecciones-en-la-unvime-el-rector-marcelo-sosa-consolida-su-liderazgo\/","og_locale":"es_ES","og_type":"article","og_title":"ELECCIONES EN LA UNVIME: EL RECTOR MARCELO SOSA CONSOLIDA SU LIDERAZGO - Apuntes de San Luis","og_description":"Se eligieron autoridades en el Departamento de Ciencias B\u00e1sicas de la UNViMe, en las que...","og_url":"https:\/\/apuntesdesanluis.com\/index.php\/2025\/02\/24\/elecciones-en-la-unvime-el-rector-marcelo-sosa-consolida-su-liderazgo\/","og_site_name":"Apuntes de San Luis","article_published_time":"2025-02-24T23:23:55+00:00","og_image":[{"width":587,"height":416,"url":"https:\/\/apuntesdesanluis.com\/wp-content\/uploads\/2025\/02\/rector-marcelo-sosa-votando.jpg","type":"image\/jpeg"}],"author":"apuntesdesanluis.com","twitter_card":"summary_large_image","twitter_misc":{"Escrito por":"apuntesdesanluis.com","Tiempo de lectura":"2 minutos"},"schema":{"@context":"https:\/\/schema.org","@graph":[{"@type":"Article","@id":"https:\/\/apuntesdesanluis.com\/index.php\/2025\/02\/24\/elecciones-en-la-unvime-el-rector-marcelo-sosa-consolida-su-liderazgo\/#article","isPartOf":{"@id":"https:\/\/apuntesdesanluis.com\/index.php\/2025\/02\/24\/elecciones-en-la-unvime-el-rector-marcelo-sosa-consolida-su-liderazgo\/"},"author":{"name":"apuntesdesanluis.com","@id":"https:\/\/apuntesdesanluis.com\/#\/schema\/person\/b55151d52296fcce64d1a72538a70b90"},"headline":"ELECCIONES EN LA UNVIME: EL RECTOR MARCELO SOSA CONSOLIDA SU LIDERAZGO","datePublished":"2025-02-24T23:23:55+00:00","mainEntityOfPage":{"@id":"https:\/\/apuntesdesanluis.com\/index.php\/2025\/02\/24\/elecciones-en-la-unvime-el-rector-marcelo-sosa-consolida-su-liderazgo\/"},"wordCount":352,"publisher":{"@id":"https:\/\/apuntesdesanluis.com\/#\/schema\/person\/b55151d52296fcce64d1a72538a70b90"},"image":{"@id":"https:\/\/apuntesdesanluis.com\/index.php\/2025\/02\/24\/elecciones-en-la-unvime-el-rector-marcelo-sosa-consolida-su-liderazgo\/#primaryimage"},"thumbnailUrl":"https:\/\/apuntesdesanluis.com\/wp-content\/uploads\/2025\/02\/rector-marcelo-sosa-votando.jpg","articleSection":["Opini\u00f3n"],"inLanguage":"es-AR"},{"@type":"WebPage","@id":"https:\/\/apuntesdesanluis.com\/index.php\/2025\/02\/24\/elecciones-en-la-unvime-el-rector-marcelo-sosa-consolida-su-liderazgo\/","url":"https:\/\/apuntesdesanluis.com\/index.php\/2025\/02\/24\/elecciones-en-la-unvime-el-rector-marcelo-sosa-consolida-su-liderazgo\/","name":"ELECCIONES EN LA UNVIME: EL RECTOR MARCELO SOSA CONSOLIDA SU LIDERAZGO - Apuntes de San Luis","isPartOf":{"@id":"https:\/\/apuntesdesanluis.com\/#website"},"primaryImageOfPage":{"@id":"https:\/\/apuntesdesanluis.com\/index.php\/2025\/02\/24\/elecciones-en-la-unvime-el-rector-marcelo-sosa-consolida-su-liderazgo\/#primaryimage"},"image":{"@id":"https:\/\/apuntesdesanluis.com\/index.php\/2025\/02\/24\/elecciones-en-la-unvime-el-rector-marcelo-sosa-consolida-su-liderazgo\/#primaryimage"},"thumbnailUrl":"https:\/\/apuntesdesanluis.com\/wp-content\/uploads\/2025\/02\/rector-marcelo-sosa-votando.jpg","datePublished":"2025-02-24T23:23:55+00:00","breadcrumb":{"@id":"https:\/\/apuntesdesanluis.com\/index.php\/2025\/02\/24\/elecciones-en-la-unvime-el-rector-marcelo-sosa-consolida-su-liderazgo\/#breadcrumb"},"inLanguage":"es-AR","potentialAction":[{"@type":"ReadAction","target":["https:\/\/apuntesdesanluis.com\/index.php\/2025\/02\/24\/elecciones-en-la-unvime-el-rector-marcelo-sosa-consolida-su-liderazgo\/"]}]},{"@type":"ImageObject","inLanguage":"es-AR","@id":"https:\/\/apuntesdesanluis.com\/index.php\/2025\/02\/24\/elecciones-en-la-unvime-el-rector-marcelo-sosa-consolida-su-liderazgo\/#primaryimage","url":"https:\/\/apuntesdesanluis.com\/wp-content\/uploads\/2025\/02\/rector-marcelo-sosa-votando.jpg","contentUrl":"https:\/\/apuntesdesanluis.com\/wp-content\/uploads\/2025\/02\/rector-marcelo-sosa-votando.jpg","width":587,"height":416},{"@type":"BreadcrumbList","@id":"https:\/\/apuntesdesanluis.com\/index.php\/2025\/02\/24\/elecciones-en-la-unvime-el-rector-marcelo-sosa-consolida-su-liderazgo\/#breadcrumb","itemListElement":[{"@type":"ListItem","position":1,"name":"Inicio","item":"https:\/\/apuntesdesanluis.com\/"},{"@type":"ListItem","position":2,"name":"ELECCIONES EN LA UNVIME: EL RECTOR MARCELO SOSA CONSOLIDA SU LIDERAZGO"}]},{"@type":"WebSite","@id":"https:\/\/apuntesdesanluis.com\/#website","url":"https:\/\/apuntesdesanluis.com\/","name":"Apuntes de San Luis","description":"","publisher":{"@id":"https:\/\/apuntesdesanluis.com\/#\/schema\/person\/b55151d52296fcce64d1a72538a70b90"},"potentialAction":[{"@type":"SearchAction","target":{"@type":"EntryPoint","urlTemplate":"https:\/\/apuntesdesanluis.com\/?s={search_term_string}"},"query-input":{"@type":"PropertyValueSpecification","valueRequired":true,"valueName":"search_term_string"}}],"inLanguage":"es-AR"},{"@type":["Person","Organization"],"@id":"https:\/\/apuntesdesanluis.com\/#\/schema\/person\/b55151d52296fcce64d1a72538a70b90","name":"apuntesdesanluis.com","image":{"@type":"ImageObject","inLanguage":"es-AR","@id":"https:\/\/apuntesdesanluis.com\/#\/schema\/person\/image\/","url":"https:\/\/apuntesdesanluis.com\/wp-content\/uploads\/2023\/07\/cropped-apuntesdesanluis.png","contentUrl":"https:\/\/apuntesdesanluis.com\/wp-content\/uploads\/2023\/07\/cropped-apuntesdesanluis.png","width":450,"height":112,"caption":"apuntesdesanluis.com"},"logo":{"@id":"https:\/\/apuntesdesanluis.com\/#\/schema\/person\/image\/"},"sameAs":["https:\/\/apuntesdesanluis.com"],"url":"https:\/\/apuntesdesanluis.com\/index.php\/author\/apuntesdesanluis-com\/"}]}},"featured_image_urls":{"full":["https:\/\/apuntesdesanluis.com\/wp-content\/uploads\/2025\/02\/rector-marcelo-sosa-votando.jpg",587,416,false],"thumbnail":["https:\/\/apuntesdesanluis.com\/wp-content\/uploads\/2025\/02\/rector-marcelo-sosa-votando-150x150.jpg",150,150,true],"medium":["https:\/\/apuntesdesanluis.com\/wp-content\/uploads\/2025\/02\/rector-marcelo-sosa-votando-300x213.jpg",300,213,true],"medium_large":["https:\/\/apuntesdesanluis.com\/wp-content\/uploads\/2025\/02\/rector-marcelo-sosa-votando.jpg",587,416,false],"large":["https:\/\/apuntesdesanluis.com\/wp-content\/uploads\/2025\/02\/rector-marcelo-sosa-votando.jpg",587,416,false],"1536x1536":["https:\/\/apuntesdesanluis.com\/wp-content\/uploads\/2025\/02\/rector-marcelo-sosa-votando.jpg",587,416,false],"2048x2048":["https:\/\/apuntesdesanluis.com\/wp-content\/uploads\/2025\/02\/rector-marcelo-sosa-votando.jpg",587,416,false],"newsever-slider-full":["https:\/\/apuntesdesanluis.com\/wp-content\/uploads\/2025\/02\/rector-marcelo-sosa-votando.jpg",587,416,false],"newsever-featured":["https:\/\/apuntesdesanluis.com\/wp-content\/uploads\/2025\/02\/rector-marcelo-sosa-votando.jpg",587,416,false],"newsever-medium":["https:\/\/apuntesdesanluis.com\/wp-content\/uploads\/2025\/02\/rector-marcelo-sosa-votando.jpg",587,416,false]},"author_info":{"display_name":"apuntesdesanluis.com","author_link":"https:\/\/apuntesdesanluis.com\/index.php\/author\/apuntesdesanluis-com\/"},"category_info":"<a href=\"https:\/\/apuntesdesanluis.com\/index.php\/category\/opinion\/\" rel=\"category tag\">Opini\u00f3n<\/a>","tag_info":"Opini\u00f3n","comment_count":"0","_links":{"self":[{"href":"https:\/\/apuntesdesanluis.com\/index.php\/wp-json\/wp\/v2\/posts\/29716","targetHints":{"allow":["GET"]}}],"collection":[{"href":"https:\/\/apuntesdesanluis.com\/index.php\/wp-json\/wp\/v2\/posts"}],"about":[{"href":"https:\/\/apuntesdesanluis.com\/index.php\/wp-json\/wp\/v2\/types\/post"}],"author":[{"embeddable":true,"href":"https:\/\/apuntesdesanluis.com\/index.php\/wp-json\/wp\/v2\/users\/1"}],"replies":[{"embeddable":true,"href":"https:\/\/apuntesdesanluis.com\/index.php\/wp-json\/wp\/v2\/comments?post=29716"}],"version-history":[{"count":1,"href":"https:\/\/apuntesdesanluis.com\/index.php\/wp-json\/wp\/v2\/posts\/29716\/revisions"}],"predecessor-version":[{"id":29719,"href":"https:\/\/apuntesdesanluis.com\/index.php\/wp-json\/wp\/v2\/posts\/29716\/revisions\/29719"}],"wp:featuredmedia":[{"embeddable":true,"href":"https:\/\/apuntesdesanluis.com\/index.php\/wp-json\/wp\/v2\/media\/29717"}],"wp:attachment":[{"href":"https:\/\/apuntesdesanluis.com\/index.php\/wp-json\/wp\/v2\/media?parent=29716"}],"wp:term":[{"taxonomy":"category","embeddable":true,"href":"https:\/\/apuntesdesanluis.com\/index.php\/wp-json\/wp\/v2\/categories?post=29716"},{"taxonomy":"post_tag","embeddable":true,"href":"https:\/\/apuntesdesanluis.com\/index.php\/wp-json\/wp\/v2\/tags?post=29716"}],"curies":[{"name":"wp","href":"https:\/\/api.w.org\/{rel}","templated":true}]}}