{"id":29720,"date":"2025-02-24T20:44:51","date_gmt":"2025-02-24T23:44:51","guid":{"rendered":"https:\/\/apuntesdesanluis.com\/?p=29720"},"modified":"2025-02-24T20:44:51","modified_gmt":"2025-02-24T23:44:51","slug":"merlo-comienzo-de-clases-en-el-jardin-maternal-y-el-centro-de-educacion-mirlo","status":"publish","type":"post","link":"https:\/\/apuntesdesanluis.com\/index.php\/2025\/02\/24\/merlo-comienzo-de-clases-en-el-jardin-maternal-y-el-centro-de-educacion-mirlo\/","title":{"rendered":"MERLO: COMIENZO DE CLASES EN EL JARD\u00cdN MATERNAL Y EL CENTRO DE EDUCACI\u00d3N MIRLO"},"content":{"rendered":"<h3>Esta ma\u00f1ana se dio inicio al ciclo lectivo 2025, un nuevo a\u00f1o de aprendizajes, crecimiento y nuevas oportunidades en las instituciones educativas municipales, reafirmando su compromiso con la educaci\u00f3n y el desarrollo integral de la comunidad.<\/h3>\n<h3>El comienzo de clases cont\u00f3 con la presencia del Intendente <strong>Leonardo Rodr\u00edguez<\/strong> , la Secretaria de Cultura <strong>Valentina Ortega<\/strong>, el Secretario de Desarrollo Humano <strong>Federico Robles<\/strong> y la Presidenta del Concejo Deliberante <strong>Patricia Morand\u00e9<\/strong>, quienes acompa\u00f1aron a docentes, familias y estudiantes en este momento tan especial.<\/h3>\n<p><img fetchpriority=\"high\" decoding=\"async\" class=\"wp-image-29722 aligncenter\" src=\"https:\/\/apuntesdesanluis.com\/wp-content\/uploads\/2025\/02\/INTENDENTE-MERLO-300x196.png\" alt=\"\" width=\"580\" height=\"379\" srcset=\"https:\/\/apuntesdesanluis.com\/wp-content\/uploads\/2025\/02\/INTENDENTE-MERLO-300x196.png 300w, https:\/\/apuntesdesanluis.com\/wp-content\/uploads\/2025\/02\/INTENDENTE-MERLO.png 511w\" sizes=\"(max-width: 580px) 100vw, 580px\" \/><\/p>\n<h3>El <strong>Jard\u00edn Maternal Municipal &#8220;Duendes del Sol&#8221;<\/strong> recibe este a\u00f1o a 59 ni\u00f1os y ni\u00f1as, con edades que van desde los 6 meses hasta los 3 a\u00f1os. A trav\u00e9s de un enfoque integral, la instituci\u00f3n acompa\u00f1a el desarrollo biopsicosocial de los m\u00e1s peque\u00f1os, brindando contenci\u00f3n, aprendizaje y promoviendo una crianza respetuosa junto a las familias.<\/h3>\n<p><img decoding=\"async\" class=\"wp-image-29723 aligncenter\" src=\"https:\/\/apuntesdesanluis.com\/wp-content\/uploads\/2025\/02\/DIRECTORA-DE-MERLO-300x188.png\" alt=\"\" width=\"578\" height=\"362\" srcset=\"https:\/\/apuntesdesanluis.com\/wp-content\/uploads\/2025\/02\/DIRECTORA-DE-MERLO-300x188.png 300w, https:\/\/apuntesdesanluis.com\/wp-content\/uploads\/2025\/02\/DIRECTORA-DE-MERLO.png 466w\" sizes=\"(max-width: 578px) 100vw, 578px\" \/><\/p>\n<h3>Por su parte, el <strong>Centro de Educaci\u00f3n Especial Mirlo<\/strong> inici\u00f3 el Ciclo Escolar 2025 con una matr\u00edcula de 100 estudiantes, quienes reciben diferentes acompa\u00f1amientos y\/o intervenciones seg\u00fan sus necesidades. Sus edades oscilan entre los 45 d\u00edas (atenci\u00f3n terap\u00e9utica) y los 18 a\u00f1os (apoyo pedag\u00f3gico), distribuidos en los tres niveles educativos. Adem\u00e1s, el centro brinda atenci\u00f3n a familias tanto de la Villa de Merlo como de zonas aleda\u00f1as, fortaleciendo as\u00ed la inclusi\u00f3n y el acceso a una educaci\u00f3n integral.<\/h3>\n<p><img decoding=\"async\" class=\"wp-image-29721 aligncenter\" src=\"https:\/\/apuntesdesanluis.com\/wp-content\/uploads\/2025\/02\/ESCUELA-MERLO-1-300x161.png\" alt=\"\" width=\"578\" height=\"310\" srcset=\"https:\/\/apuntesdesanluis.com\/wp-content\/uploads\/2025\/02\/ESCUELA-MERLO-1-300x161.png 300w, https:\/\/apuntesdesanluis.com\/wp-content\/uploads\/2025\/02\/ESCUELA-MERLO-1.png 527w\" sizes=\"(max-width: 578px) 100vw, 578px\" \/><\/p>\n<p>&nbsp;<\/p>\n<p>&nbsp;<\/p>\n<p>&nbsp;<\/p>\n<h3><\/h3>\n<h3><\/h3>\n","protected":false},"excerpt":{"rendered":"<p>Esta ma\u00f1ana se dio inicio al ciclo lectivo 2025, un nuevo a\u00f1o de aprendizajes, crecimiento&#8230;<\/p>\n","protected":false},"author":1,"featured_media":29724,"comment_status":"closed","ping_status":"closed","sticky":false,"template":"","format":"standard","meta":{"footnotes":""},"categories":[6],"tags":[],"class_list":["post-29720","post","type-post","status-publish","format-standard","has-post-thumbnail","hentry","category-ciudad-provincia"],"yoast_head":"<!-- This site is optimized with the Yoast SEO plugin v26.1.1 - https:\/\/yoast.com\/wordpress\/plugins\/seo\/ -->\n<title>MERLO: COMIENZO DE CLASES EN EL JARD\u00cdN MATERNAL Y EL CENTRO DE EDUCACI\u00d3N MIRLO - Apuntes de San Luis<\/title>\n<meta name=\"robots\" content=\"index, follow, max-snippet:-1, max-image-preview:large, max-video-preview:-1\" \/>\n<link rel=\"canonical\" href=\"https:\/\/apuntesdesanluis.com\/index.php\/2025\/02\/24\/merlo-comienzo-de-clases-en-el-jardin-maternal-y-el-centro-de-educacion-mirlo\/\" \/>\n<meta property=\"og:locale\" content=\"es_ES\" \/>\n<meta property=\"og:type\" content=\"article\" \/>\n<meta property=\"og:title\" content=\"MERLO: COMIENZO DE CLASES EN EL JARD\u00cdN MATERNAL Y EL CENTRO DE EDUCACI\u00d3N MIRLO - Apuntes de San Luis\" \/>\n<meta property=\"og:description\" content=\"Esta ma\u00f1ana se dio inicio al ciclo lectivo 2025, un nuevo a\u00f1o de aprendizajes, crecimiento...\" \/>\n<meta property=\"og:url\" content=\"https:\/\/apuntesdesanluis.com\/index.php\/2025\/02\/24\/merlo-comienzo-de-clases-en-el-jardin-maternal-y-el-centro-de-educacion-mirlo\/\" \/>\n<meta property=\"og:site_name\" content=\"Apuntes de San Luis\" \/>\n<meta property=\"article:published_time\" content=\"2025-02-24T23:44:51+00:00\" \/>\n<meta property=\"og:image\" content=\"https:\/\/apuntesdesanluis.com\/wp-content\/uploads\/2025\/02\/ninos.png\" \/>\n\t<meta property=\"og:image:width\" content=\"494\" \/>\n\t<meta property=\"og:image:height\" content=\"358\" \/>\n\t<meta property=\"og:image:type\" content=\"image\/png\" \/>\n<meta name=\"author\" content=\"apuntesdesanluis.com\" \/>\n<meta name=\"twitter:card\" content=\"summary_large_image\" \/>\n<meta name=\"twitter:label1\" content=\"Escrito por\" \/>\n\t<meta name=\"twitter:data1\" content=\"apuntesdesanluis.com\" \/>\n\t<meta name=\"twitter:label2\" content=\"Tiempo de lectura\" \/>\n\t<meta name=\"twitter:data2\" content=\"2 minutos\" \/>\n<script type=\"application\/ld+json\" class=\"yoast-schema-graph\">{\"@context\":\"https:\/\/schema.org\",\"@graph\":[{\"@type\":\"Article\",\"@id\":\"https:\/\/apuntesdesanluis.com\/index.php\/2025\/02\/24\/merlo-comienzo-de-clases-en-el-jardin-maternal-y-el-centro-de-educacion-mirlo\/#article\",\"isPartOf\":{\"@id\":\"https:\/\/apuntesdesanluis.com\/index.php\/2025\/02\/24\/merlo-comienzo-de-clases-en-el-jardin-maternal-y-el-centro-de-educacion-mirlo\/\"},\"author\":{\"name\":\"apuntesdesanluis.com\",\"@id\":\"https:\/\/apuntesdesanluis.com\/#\/schema\/person\/b55151d52296fcce64d1a72538a70b90\"},\"headline\":\"MERLO: COMIENZO DE CLASES EN EL JARD\u00cdN MATERNAL Y EL CENTRO DE EDUCACI\u00d3N MIRLO\",\"datePublished\":\"2025-02-24T23:44:51+00:00\",\"mainEntityOfPage\":{\"@id\":\"https:\/\/apuntesdesanluis.com\/index.php\/2025\/02\/24\/merlo-comienzo-de-clases-en-el-jardin-maternal-y-el-centro-de-educacion-mirlo\/\"},\"wordCount\":256,\"publisher\":{\"@id\":\"https:\/\/apuntesdesanluis.com\/#\/schema\/person\/b55151d52296fcce64d1a72538a70b90\"},\"image\":{\"@id\":\"https:\/\/apuntesdesanluis.com\/index.php\/2025\/02\/24\/merlo-comienzo-de-clases-en-el-jardin-maternal-y-el-centro-de-educacion-mirlo\/#primaryimage\"},\"thumbnailUrl\":\"https:\/\/apuntesdesanluis.com\/wp-content\/uploads\/2025\/02\/ninos.png\",\"articleSection\":[\"Ciudad\/Provincia\"],\"inLanguage\":\"es-AR\"},{\"@type\":\"WebPage\",\"@id\":\"https:\/\/apuntesdesanluis.com\/index.php\/2025\/02\/24\/merlo-comienzo-de-clases-en-el-jardin-maternal-y-el-centro-de-educacion-mirlo\/\",\"url\":\"https:\/\/apuntesdesanluis.com\/index.php\/2025\/02\/24\/merlo-comienzo-de-clases-en-el-jardin-maternal-y-el-centro-de-educacion-mirlo\/\",\"name\":\"MERLO: COMIENZO DE CLASES EN EL JARD\u00cdN MATERNAL Y EL CENTRO DE EDUCACI\u00d3N MIRLO - Apuntes de San Luis\",\"isPartOf\":{\"@id\":\"https:\/\/apuntesdesanluis.com\/#website\"},\"primaryImageOfPage\":{\"@id\":\"https:\/\/apuntesdesanluis.com\/index.php\/2025\/02\/24\/merlo-comienzo-de-clases-en-el-jardin-maternal-y-el-centro-de-educacion-mirlo\/#primaryimage\"},\"image\":{\"@id\":\"https:\/\/apuntesdesanluis.com\/index.php\/2025\/02\/24\/merlo-comienzo-de-clases-en-el-jardin-maternal-y-el-centro-de-educacion-mirlo\/#primaryimage\"},\"thumbnailUrl\":\"https:\/\/apuntesdesanluis.com\/wp-content\/uploads\/2025\/02\/ninos.png\",\"datePublished\":\"2025-02-24T23:44:51+00:00\",\"breadcrumb\":{\"@id\":\"https:\/\/apuntesdesanluis.com\/index.php\/2025\/02\/24\/merlo-comienzo-de-clases-en-el-jardin-maternal-y-el-centro-de-educacion-mirlo\/#breadcrumb\"},\"inLanguage\":\"es-AR\",\"potentialAction\":[{\"@type\":\"ReadAction\",\"target\":[\"https:\/\/apuntesdesanluis.com\/index.php\/2025\/02\/24\/merlo-comienzo-de-clases-en-el-jardin-maternal-y-el-centro-de-educacion-mirlo\/\"]}]},{\"@type\":\"ImageObject\",\"inLanguage\":\"es-AR\",\"@id\":\"https:\/\/apuntesdesanluis.com\/index.php\/2025\/02\/24\/merlo-comienzo-de-clases-en-el-jardin-maternal-y-el-centro-de-educacion-mirlo\/#primaryimage\",\"url\":\"https:\/\/apuntesdesanluis.com\/wp-content\/uploads\/2025\/02\/ninos.png\",\"contentUrl\":\"https:\/\/apuntesdesanluis.com\/wp-content\/uploads\/2025\/02\/ninos.png\",\"width\":494,\"height\":358},{\"@type\":\"BreadcrumbList\",\"@id\":\"https:\/\/apuntesdesanluis.com\/index.php\/2025\/02\/24\/merlo-comienzo-de-clases-en-el-jardin-maternal-y-el-centro-de-educacion-mirlo\/#breadcrumb\",\"itemListElement\":[{\"@type\":\"ListItem\",\"position\":1,\"name\":\"Inicio\",\"item\":\"https:\/\/apuntesdesanluis.com\/\"},{\"@type\":\"ListItem\",\"position\":2,\"name\":\"MERLO: COMIENZO DE CLASES EN EL JARD\u00cdN MATERNAL Y EL CENTRO DE EDUCACI\u00d3N MIRLO\"}]},{\"@type\":\"WebSite\",\"@id\":\"https:\/\/apuntesdesanluis.com\/#website\",\"url\":\"https:\/\/apuntesdesanluis.com\/\",\"name\":\"Apuntes de San Luis\",\"description\":\"\",\"publisher\":{\"@id\":\"https:\/\/apuntesdesanluis.com\/#\/schema\/person\/b55151d52296fcce64d1a72538a70b90\"},\"potentialAction\":[{\"@type\":\"SearchAction\",\"target\":{\"@type\":\"EntryPoint\",\"urlTemplate\":\"https:\/\/apuntesdesanluis.com\/?s={search_term_string}\"},\"query-input\":{\"@type\":\"PropertyValueSpecification\",\"valueRequired\":true,\"valueName\":\"search_term_string\"}}],\"inLanguage\":\"es-AR\"},{\"@type\":[\"Person\",\"Organization\"],\"@id\":\"https:\/\/apuntesdesanluis.com\/#\/schema\/person\/b55151d52296fcce64d1a72538a70b90\",\"name\":\"apuntesdesanluis.com\",\"image\":{\"@type\":\"ImageObject\",\"inLanguage\":\"es-AR\",\"@id\":\"https:\/\/apuntesdesanluis.com\/#\/schema\/person\/image\/\",\"url\":\"https:\/\/apuntesdesanluis.com\/wp-content\/uploads\/2023\/07\/cropped-apuntesdesanluis.png\",\"contentUrl\":\"https:\/\/apuntesdesanluis.com\/wp-content\/uploads\/2023\/07\/cropped-apuntesdesanluis.png\",\"width\":450,\"height\":112,\"caption\":\"apuntesdesanluis.com\"},\"logo\":{\"@id\":\"https:\/\/apuntesdesanluis.com\/#\/schema\/person\/image\/\"},\"sameAs\":[\"https:\/\/apuntesdesanluis.com\"],\"url\":\"https:\/\/apuntesdesanluis.com\/index.php\/author\/apuntesdesanluis-com\/\"}]}<\/script>\n<!-- \/ Yoast SEO plugin. -->","yoast_head_json":{"title":"MERLO: COMIENZO DE CLASES EN EL JARD\u00cdN MATERNAL Y EL CENTRO DE EDUCACI\u00d3N MIRLO - Apuntes de San Luis","robots":{"index":"index","follow":"follow","max-snippet":"max-snippet:-1","max-image-preview":"max-image-preview:large","max-video-preview":"max-video-preview:-1"},"canonical":"https:\/\/apuntesdesanluis.com\/index.php\/2025\/02\/24\/merlo-comienzo-de-clases-en-el-jardin-maternal-y-el-centro-de-educacion-mirlo\/","og_locale":"es_ES","og_type":"article","og_title":"MERLO: COMIENZO DE CLASES EN EL JARD\u00cdN MATERNAL Y EL CENTRO DE EDUCACI\u00d3N MIRLO - Apuntes de San Luis","og_description":"Esta ma\u00f1ana se dio inicio al ciclo lectivo 2025, un nuevo a\u00f1o de aprendizajes, crecimiento...","og_url":"https:\/\/apuntesdesanluis.com\/index.php\/2025\/02\/24\/merlo-comienzo-de-clases-en-el-jardin-maternal-y-el-centro-de-educacion-mirlo\/","og_site_name":"Apuntes de San Luis","article_published_time":"2025-02-24T23:44:51+00:00","og_image":[{"width":494,"height":358,"url":"https:\/\/apuntesdesanluis.com\/wp-content\/uploads\/2025\/02\/ninos.png","type":"image\/png"}],"author":"apuntesdesanluis.com","twitter_card":"summary_large_image","twitter_misc":{"Escrito por":"apuntesdesanluis.com","Tiempo de lectura":"2 minutos"},"schema":{"@context":"https:\/\/schema.org","@graph":[{"@type":"Article","@id":"https:\/\/apuntesdesanluis.com\/index.php\/2025\/02\/24\/merlo-comienzo-de-clases-en-el-jardin-maternal-y-el-centro-de-educacion-mirlo\/#article","isPartOf":{"@id":"https:\/\/apuntesdesanluis.com\/index.php\/2025\/02\/24\/merlo-comienzo-de-clases-en-el-jardin-maternal-y-el-centro-de-educacion-mirlo\/"},"author":{"name":"apuntesdesanluis.com","@id":"https:\/\/apuntesdesanluis.com\/#\/schema\/person\/b55151d52296fcce64d1a72538a70b90"},"headline":"MERLO: COMIENZO DE CLASES EN EL JARD\u00cdN MATERNAL Y EL CENTRO DE EDUCACI\u00d3N MIRLO","datePublished":"2025-02-24T23:44:51+00:00","mainEntityOfPage":{"@id":"https:\/\/apuntesdesanluis.com\/index.php\/2025\/02\/24\/merlo-comienzo-de-clases-en-el-jardin-maternal-y-el-centro-de-educacion-mirlo\/"},"wordCount":256,"publisher":{"@id":"https:\/\/apuntesdesanluis.com\/#\/schema\/person\/b55151d52296fcce64d1a72538a70b90"},"image":{"@id":"https:\/\/apuntesdesanluis.com\/index.php\/2025\/02\/24\/merlo-comienzo-de-clases-en-el-jardin-maternal-y-el-centro-de-educacion-mirlo\/#primaryimage"},"thumbnailUrl":"https:\/\/apuntesdesanluis.com\/wp-content\/uploads\/2025\/02\/ninos.png","articleSection":["Ciudad\/Provincia"],"inLanguage":"es-AR"},{"@type":"WebPage","@id":"https:\/\/apuntesdesanluis.com\/index.php\/2025\/02\/24\/merlo-comienzo-de-clases-en-el-jardin-maternal-y-el-centro-de-educacion-mirlo\/","url":"https:\/\/apuntesdesanluis.com\/index.php\/2025\/02\/24\/merlo-comienzo-de-clases-en-el-jardin-maternal-y-el-centro-de-educacion-mirlo\/","name":"MERLO: COMIENZO DE CLASES EN EL JARD\u00cdN MATERNAL Y EL CENTRO DE EDUCACI\u00d3N MIRLO - Apuntes de San Luis","isPartOf":{"@id":"https:\/\/apuntesdesanluis.com\/#website"},"primaryImageOfPage":{"@id":"https:\/\/apuntesdesanluis.com\/index.php\/2025\/02\/24\/merlo-comienzo-de-clases-en-el-jardin-maternal-y-el-centro-de-educacion-mirlo\/#primaryimage"},"image":{"@id":"https:\/\/apuntesdesanluis.com\/index.php\/2025\/02\/24\/merlo-comienzo-de-clases-en-el-jardin-maternal-y-el-centro-de-educacion-mirlo\/#primaryimage"},"thumbnailUrl":"https:\/\/apuntesdesanluis.com\/wp-content\/uploads\/2025\/02\/ninos.png","datePublished":"2025-02-24T23:44:51+00:00","breadcrumb":{"@id":"https:\/\/apuntesdesanluis.com\/index.php\/2025\/02\/24\/merlo-comienzo-de-clases-en-el-jardin-maternal-y-el-centro-de-educacion-mirlo\/#breadcrumb"},"inLanguage":"es-AR","potentialAction":[{"@type":"ReadAction","target":["https:\/\/apuntesdesanluis.com\/index.php\/2025\/02\/24\/merlo-comienzo-de-clases-en-el-jardin-maternal-y-el-centro-de-educacion-mirlo\/"]}]},{"@type":"ImageObject","inLanguage":"es-AR","@id":"https:\/\/apuntesdesanluis.com\/index.php\/2025\/02\/24\/merlo-comienzo-de-clases-en-el-jardin-maternal-y-el-centro-de-educacion-mirlo\/#primaryimage","url":"https:\/\/apuntesdesanluis.com\/wp-content\/uploads\/2025\/02\/ninos.png","contentUrl":"https:\/\/apuntesdesanluis.com\/wp-content\/uploads\/2025\/02\/ninos.png","width":494,"height":358},{"@type":"BreadcrumbList","@id":"https:\/\/apuntesdesanluis.com\/index.php\/2025\/02\/24\/merlo-comienzo-de-clases-en-el-jardin-maternal-y-el-centro-de-educacion-mirlo\/#breadcrumb","itemListElement":[{"@type":"ListItem","position":1,"name":"Inicio","item":"https:\/\/apuntesdesanluis.com\/"},{"@type":"ListItem","position":2,"name":"MERLO: COMIENZO DE CLASES EN EL JARD\u00cdN MATERNAL Y EL CENTRO DE EDUCACI\u00d3N MIRLO"}]},{"@type":"WebSite","@id":"https:\/\/apuntesdesanluis.com\/#website","url":"https:\/\/apuntesdesanluis.com\/","name":"Apuntes de San Luis","description":"","publisher":{"@id":"https:\/\/apuntesdesanluis.com\/#\/schema\/person\/b55151d52296fcce64d1a72538a70b90"},"potentialAction":[{"@type":"SearchAction","target":{"@type":"EntryPoint","urlTemplate":"https:\/\/apuntesdesanluis.com\/?s={search_term_string}"},"query-input":{"@type":"PropertyValueSpecification","valueRequired":true,"valueName":"search_term_string"}}],"inLanguage":"es-AR"},{"@type":["Person","Organization"],"@id":"https:\/\/apuntesdesanluis.com\/#\/schema\/person\/b55151d52296fcce64d1a72538a70b90","name":"apuntesdesanluis.com","image":{"@type":"ImageObject","inLanguage":"es-AR","@id":"https:\/\/apuntesdesanluis.com\/#\/schema\/person\/image\/","url":"https:\/\/apuntesdesanluis.com\/wp-content\/uploads\/2023\/07\/cropped-apuntesdesanluis.png","contentUrl":"https:\/\/apuntesdesanluis.com\/wp-content\/uploads\/2023\/07\/cropped-apuntesdesanluis.png","width":450,"height":112,"caption":"apuntesdesanluis.com"},"logo":{"@id":"https:\/\/apuntesdesanluis.com\/#\/schema\/person\/image\/"},"sameAs":["https:\/\/apuntesdesanluis.com"],"url":"https:\/\/apuntesdesanluis.com\/index.php\/author\/apuntesdesanluis-com\/"}]}},"featured_image_urls":{"full":["https:\/\/apuntesdesanluis.com\/wp-content\/uploads\/2025\/02\/ninos.png",494,358,false],"thumbnail":["https:\/\/apuntesdesanluis.com\/wp-content\/uploads\/2025\/02\/ninos-150x150.png",150,150,true],"medium":["https:\/\/apuntesdesanluis.com\/wp-content\/uploads\/2025\/02\/ninos-300x217.png",300,217,true],"medium_large":["https:\/\/apuntesdesanluis.com\/wp-content\/uploads\/2025\/02\/ninos.png",494,358,false],"large":["https:\/\/apuntesdesanluis.com\/wp-content\/uploads\/2025\/02\/ninos.png",494,358,false],"1536x1536":["https:\/\/apuntesdesanluis.com\/wp-content\/uploads\/2025\/02\/ninos.png",494,358,false],"2048x2048":["https:\/\/apuntesdesanluis.com\/wp-content\/uploads\/2025\/02\/ninos.png",494,358,false],"newsever-slider-full":["https:\/\/apuntesdesanluis.com\/wp-content\/uploads\/2025\/02\/ninos.png",494,358,false],"newsever-featured":["https:\/\/apuntesdesanluis.com\/wp-content\/uploads\/2025\/02\/ninos.png",494,358,false],"newsever-medium":["https:\/\/apuntesdesanluis.com\/wp-content\/uploads\/2025\/02\/ninos.png",494,358,false]},"author_info":{"display_name":"apuntesdesanluis.com","author_link":"https:\/\/apuntesdesanluis.com\/index.php\/author\/apuntesdesanluis-com\/"},"category_info":"<a href=\"https:\/\/apuntesdesanluis.com\/index.php\/category\/ciudad-provincia\/\" rel=\"category tag\">Ciudad\/Provincia<\/a>","tag_info":"Ciudad\/Provincia","comment_count":"0","_links":{"self":[{"href":"https:\/\/apuntesdesanluis.com\/index.php\/wp-json\/wp\/v2\/posts\/29720","targetHints":{"allow":["GET"]}}],"collection":[{"href":"https:\/\/apuntesdesanluis.com\/index.php\/wp-json\/wp\/v2\/posts"}],"about":[{"href":"https:\/\/apuntesdesanluis.com\/index.php\/wp-json\/wp\/v2\/types\/post"}],"author":[{"embeddable":true,"href":"https:\/\/apuntesdesanluis.com\/index.php\/wp-json\/wp\/v2\/users\/1"}],"replies":[{"embeddable":true,"href":"https:\/\/apuntesdesanluis.com\/index.php\/wp-json\/wp\/v2\/comments?post=29720"}],"version-history":[{"count":1,"href":"https:\/\/apuntesdesanluis.com\/index.php\/wp-json\/wp\/v2\/posts\/29720\/revisions"}],"predecessor-version":[{"id":29725,"href":"https:\/\/apuntesdesanluis.com\/index.php\/wp-json\/wp\/v2\/posts\/29720\/revisions\/29725"}],"wp:featuredmedia":[{"embeddable":true,"href":"https:\/\/apuntesdesanluis.com\/index.php\/wp-json\/wp\/v2\/media\/29724"}],"wp:attachment":[{"href":"https:\/\/apuntesdesanluis.com\/index.php\/wp-json\/wp\/v2\/media?parent=29720"}],"wp:term":[{"taxonomy":"category","embeddable":true,"href":"https:\/\/apuntesdesanluis.com\/index.php\/wp-json\/wp\/v2\/categories?post=29720"},{"taxonomy":"post_tag","embeddable":true,"href":"https:\/\/apuntesdesanluis.com\/index.php\/wp-json\/wp\/v2\/tags?post=29720"}],"curies":[{"name":"wp","href":"https:\/\/api.w.org\/{rel}","templated":true}]}}