{"id":29726,"date":"2025-02-24T20:53:01","date_gmt":"2025-02-24T23:53:01","guid":{"rendered":"https:\/\/apuntesdesanluis.com\/?p=29726"},"modified":"2025-02-24T20:53:01","modified_gmt":"2025-02-24T23:53:01","slug":"comenzaron-a-juzgar-a-una-pareja-por-el-homicidio-de-una-beba-de-9-meses","status":"publish","type":"post","link":"https:\/\/apuntesdesanluis.com\/index.php\/2025\/02\/24\/comenzaron-a-juzgar-a-una-pareja-por-el-homicidio-de-una-beba-de-9-meses\/","title":{"rendered":"COMENZARON A JUZGAR A UNA PAREJA POR EL HOMICIDIO DE UNA BEBA DE 9 MESES"},"content":{"rendered":"<h3>La fiscal de Juicio, Virginia Palacios Gonella, ampli\u00f3 la acusaci\u00f3n contra <strong>Edgar S\u00e1nchez<\/strong> por la de homicidio calificado por alevos\u00eda en una causa que investiga la muerte de una beba de 9 meses ocurrida en octubre de 2023. Por este hecho tambi\u00e9n est\u00e1 imputada <strong>Melanie Castro<\/strong>, mam\u00e1 de la v\u00edctima y pareja del acusado.<\/h3>\n<h3>Este lunes a la ma\u00f1ana, un tribunal integrado por jueces del Colegio de la Primera Circunscripci\u00f3n Judicial, escuch\u00f3 la teor\u00eda del caso de la fiscal y luego orden\u00f3 un cuarto intermedio hasta el pr\u00f3ximo jueves por pedido de la nueva defensa de S\u00e1nchez.<\/h3>\n<h3>Ra\u00fal Saravia, abogado defensor del hombre de 33 a\u00f1os, argument\u00f3 su solicitud en que hab\u00eda asumido la representaci\u00f3n apenas 24 horas antes y requer\u00eda tiempo para analizar el expediente en profundidad y desarrollar una estrategia de defensa adecuada. Su petici\u00f3n est\u00e1 contenida en el art\u00edculo 179 del C\u00f3digo Procesal Penal de San Luis y cont\u00f3 con la adhesi\u00f3n de la Fiscal\u00eda y del defensor oficial Esteban Sala, representante de Castro.<\/h3>\n<h3>S\u00e1nchez lleg\u00f3 a debate con una acusaci\u00f3n de homicidio simple y con un pedido de 20 a\u00f1os de prisi\u00f3n. Palacios dijo las personas imputadas manten\u00edan una relaci\u00f3n sentimental y que el domicilio de S\u00e1nchez donde la pareja conviv\u00eda, principalmente los fines de semana, fue el escenario donde se registraron hechos de violencia familiar y maltrato infantil cuya \u201cm\u00e1xima expresi\u00f3n ocurri\u00f3 el 8 de octubre de 2023\u201d.<\/h3>\n<h3>Ese d\u00eda, la beb\u00e9 fue llevada por su madre al Hospital Cerro de la Cruz en un estado de desvanecimiento y sin signos vitales. Los m\u00e9dicos activaron el C\u00f3digo Rojo por el estado en el que se encontraba la ni\u00f1a y la trasladaron al Hospital Central. Ya en el Policl\u00ednico, el equipo de salud le hizo pr\u00e1cticas de reanimaci\u00f3n y una vez que constataron la fractura de cr\u00e1neo ordenaron su internaci\u00f3n en terapia intensiva. Seis d\u00edas despu\u00e9s, Catalina, de 9 de meses, falleci\u00f3.<\/h3>\n<h3>S\u00e1nchez, de 33 a\u00f1os, y Castro, de 25, ten\u00edan una relaci\u00f3n sentimental desde hac\u00eda dos meses, pero solo se ve\u00edan los fines de semana en la vivienda que el hombre pose\u00eda en el barrio 208 Viviendas, donde ocurri\u00f3 el hecho. Para la progenitora, lo que sucedi\u00f3 ese domingo fue una ca\u00edda accidental.<\/h3>\n<h3>\u201cEn ese domicilio no solo estaba S\u00e1nchez, sino que tambi\u00e9n estaban sus hijos menores de edad. Esa cuasi convivencia denotaba un incuestionable escenario de violencia y maltrato. Tal es as\u00ed que, en septiembre de 2023, hubo una discusi\u00f3n entre ambos imputados y Catalina termin\u00f3 con una pierna fracturada. Por esto se ha podido demostrar que en dicho contexto familiar se perpetraron conductas omisivas y comisivas tendientes a menoscabar la integridad f\u00edsica de una ni\u00f1a de 9 meses\u201d, narr\u00f3 Palacios.<\/h3>\n<h3>Respecto a la calificaci\u00f3n legal de Castro, la fiscal la acusa de homicidio calificado agravado por el v\u00ednculo, en comisi\u00f3n por omisi\u00f3n atendiendo su rol de garante.<\/h3>\n<h3><strong>PRORROGAN MEDIDAS COERCITIVAS<\/strong><\/h3>\n<h3>El tribunal hizo lugar al pedido de la fiscal Palacios y prorrog\u00f3 la prisi\u00f3n preventiva de S\u00e1nchez y la domiciliaria de Castro, hasta la finalizaci\u00f3n del debate.<\/h3>\n<h3><\/h3>\n<p>&nbsp;<\/p>\n<p>&nbsp;<\/p>\n<p>&nbsp;<\/p>\n<p>&nbsp;<\/p>\n<p>&nbsp;<\/p>\n","protected":false},"excerpt":{"rendered":"<p>La fiscal de Juicio, Virginia Palacios Gonella, ampli\u00f3 la acusaci\u00f3n contra Edgar S\u00e1nchez por la&#8230;<\/p>\n","protected":false},"author":1,"featured_media":29727,"comment_status":"closed","ping_status":"closed","sticky":false,"template":"","format":"standard","meta":{"footnotes":""},"categories":[6],"tags":[],"class_list":["post-29726","post","type-post","status-publish","format-standard","has-post-thumbnail","hentry","category-ciudad-provincia"],"yoast_head":"<!-- This site is optimized with the Yoast SEO plugin v26.1.1 - https:\/\/yoast.com\/wordpress\/plugins\/seo\/ -->\n<title>COMENZARON A JUZGAR A UNA PAREJA POR EL HOMICIDIO DE UNA BEBA DE 9 MESES - Apuntes de San Luis<\/title>\n<meta name=\"robots\" content=\"index, follow, max-snippet:-1, max-image-preview:large, max-video-preview:-1\" \/>\n<link rel=\"canonical\" href=\"https:\/\/apuntesdesanluis.com\/index.php\/2025\/02\/24\/comenzaron-a-juzgar-a-una-pareja-por-el-homicidio-de-una-beba-de-9-meses\/\" \/>\n<meta property=\"og:locale\" content=\"es_ES\" \/>\n<meta property=\"og:type\" content=\"article\" \/>\n<meta property=\"og:title\" content=\"COMENZARON A JUZGAR A UNA PAREJA POR EL HOMICIDIO DE UNA BEBA DE 9 MESES - Apuntes de San Luis\" \/>\n<meta property=\"og:description\" content=\"La fiscal de Juicio, Virginia Palacios Gonella, ampli\u00f3 la acusaci\u00f3n contra Edgar S\u00e1nchez por la...\" \/>\n<meta property=\"og:url\" content=\"https:\/\/apuntesdesanluis.com\/index.php\/2025\/02\/24\/comenzaron-a-juzgar-a-una-pareja-por-el-homicidio-de-una-beba-de-9-meses\/\" \/>\n<meta property=\"og:site_name\" content=\"Apuntes de San Luis\" \/>\n<meta property=\"article:published_time\" content=\"2025-02-24T23:53:01+00:00\" \/>\n<meta property=\"og:image\" content=\"https:\/\/apuntesdesanluis.com\/wp-content\/uploads\/2025\/02\/JUICIO-POR-LA-MUERTE-DE-LA-BEBA.png\" \/>\n\t<meta property=\"og:image:width\" content=\"538\" \/>\n\t<meta property=\"og:image:height\" content=\"343\" \/>\n\t<meta property=\"og:image:type\" content=\"image\/png\" \/>\n<meta name=\"author\" content=\"apuntesdesanluis.com\" \/>\n<meta name=\"twitter:card\" content=\"summary_large_image\" \/>\n<meta name=\"twitter:label1\" content=\"Escrito por\" \/>\n\t<meta name=\"twitter:data1\" content=\"apuntesdesanluis.com\" \/>\n\t<meta name=\"twitter:label2\" content=\"Tiempo de lectura\" \/>\n\t<meta name=\"twitter:data2\" content=\"3 minutos\" \/>\n<script type=\"application\/ld+json\" class=\"yoast-schema-graph\">{\"@context\":\"https:\/\/schema.org\",\"@graph\":[{\"@type\":\"Article\",\"@id\":\"https:\/\/apuntesdesanluis.com\/index.php\/2025\/02\/24\/comenzaron-a-juzgar-a-una-pareja-por-el-homicidio-de-una-beba-de-9-meses\/#article\",\"isPartOf\":{\"@id\":\"https:\/\/apuntesdesanluis.com\/index.php\/2025\/02\/24\/comenzaron-a-juzgar-a-una-pareja-por-el-homicidio-de-una-beba-de-9-meses\/\"},\"author\":{\"name\":\"apuntesdesanluis.com\",\"@id\":\"https:\/\/apuntesdesanluis.com\/#\/schema\/person\/b55151d52296fcce64d1a72538a70b90\"},\"headline\":\"COMENZARON A JUZGAR A UNA PAREJA POR EL HOMICIDIO DE UNA BEBA DE 9 MESES\",\"datePublished\":\"2025-02-24T23:53:01+00:00\",\"mainEntityOfPage\":{\"@id\":\"https:\/\/apuntesdesanluis.com\/index.php\/2025\/02\/24\/comenzaron-a-juzgar-a-una-pareja-por-el-homicidio-de-una-beba-de-9-meses\/\"},\"wordCount\":570,\"publisher\":{\"@id\":\"https:\/\/apuntesdesanluis.com\/#\/schema\/person\/b55151d52296fcce64d1a72538a70b90\"},\"image\":{\"@id\":\"https:\/\/apuntesdesanluis.com\/index.php\/2025\/02\/24\/comenzaron-a-juzgar-a-una-pareja-por-el-homicidio-de-una-beba-de-9-meses\/#primaryimage\"},\"thumbnailUrl\":\"https:\/\/apuntesdesanluis.com\/wp-content\/uploads\/2025\/02\/JUICIO-POR-LA-MUERTE-DE-LA-BEBA.png\",\"articleSection\":[\"Ciudad\/Provincia\"],\"inLanguage\":\"es-AR\"},{\"@type\":\"WebPage\",\"@id\":\"https:\/\/apuntesdesanluis.com\/index.php\/2025\/02\/24\/comenzaron-a-juzgar-a-una-pareja-por-el-homicidio-de-una-beba-de-9-meses\/\",\"url\":\"https:\/\/apuntesdesanluis.com\/index.php\/2025\/02\/24\/comenzaron-a-juzgar-a-una-pareja-por-el-homicidio-de-una-beba-de-9-meses\/\",\"name\":\"COMENZARON A JUZGAR A UNA PAREJA POR EL HOMICIDIO DE UNA BEBA DE 9 MESES - Apuntes de San Luis\",\"isPartOf\":{\"@id\":\"https:\/\/apuntesdesanluis.com\/#website\"},\"primaryImageOfPage\":{\"@id\":\"https:\/\/apuntesdesanluis.com\/index.php\/2025\/02\/24\/comenzaron-a-juzgar-a-una-pareja-por-el-homicidio-de-una-beba-de-9-meses\/#primaryimage\"},\"image\":{\"@id\":\"https:\/\/apuntesdesanluis.com\/index.php\/2025\/02\/24\/comenzaron-a-juzgar-a-una-pareja-por-el-homicidio-de-una-beba-de-9-meses\/#primaryimage\"},\"thumbnailUrl\":\"https:\/\/apuntesdesanluis.com\/wp-content\/uploads\/2025\/02\/JUICIO-POR-LA-MUERTE-DE-LA-BEBA.png\",\"datePublished\":\"2025-02-24T23:53:01+00:00\",\"breadcrumb\":{\"@id\":\"https:\/\/apuntesdesanluis.com\/index.php\/2025\/02\/24\/comenzaron-a-juzgar-a-una-pareja-por-el-homicidio-de-una-beba-de-9-meses\/#breadcrumb\"},\"inLanguage\":\"es-AR\",\"potentialAction\":[{\"@type\":\"ReadAction\",\"target\":[\"https:\/\/apuntesdesanluis.com\/index.php\/2025\/02\/24\/comenzaron-a-juzgar-a-una-pareja-por-el-homicidio-de-una-beba-de-9-meses\/\"]}]},{\"@type\":\"ImageObject\",\"inLanguage\":\"es-AR\",\"@id\":\"https:\/\/apuntesdesanluis.com\/index.php\/2025\/02\/24\/comenzaron-a-juzgar-a-una-pareja-por-el-homicidio-de-una-beba-de-9-meses\/#primaryimage\",\"url\":\"https:\/\/apuntesdesanluis.com\/wp-content\/uploads\/2025\/02\/JUICIO-POR-LA-MUERTE-DE-LA-BEBA.png\",\"contentUrl\":\"https:\/\/apuntesdesanluis.com\/wp-content\/uploads\/2025\/02\/JUICIO-POR-LA-MUERTE-DE-LA-BEBA.png\",\"width\":538,\"height\":343},{\"@type\":\"BreadcrumbList\",\"@id\":\"https:\/\/apuntesdesanluis.com\/index.php\/2025\/02\/24\/comenzaron-a-juzgar-a-una-pareja-por-el-homicidio-de-una-beba-de-9-meses\/#breadcrumb\",\"itemListElement\":[{\"@type\":\"ListItem\",\"position\":1,\"name\":\"Inicio\",\"item\":\"https:\/\/apuntesdesanluis.com\/\"},{\"@type\":\"ListItem\",\"position\":2,\"name\":\"COMENZARON A JUZGAR A UNA PAREJA POR EL HOMICIDIO DE UNA BEBA DE 9 MESES\"}]},{\"@type\":\"WebSite\",\"@id\":\"https:\/\/apuntesdesanluis.com\/#website\",\"url\":\"https:\/\/apuntesdesanluis.com\/\",\"name\":\"Apuntes de San Luis\",\"description\":\"\",\"publisher\":{\"@id\":\"https:\/\/apuntesdesanluis.com\/#\/schema\/person\/b55151d52296fcce64d1a72538a70b90\"},\"potentialAction\":[{\"@type\":\"SearchAction\",\"target\":{\"@type\":\"EntryPoint\",\"urlTemplate\":\"https:\/\/apuntesdesanluis.com\/?s={search_term_string}\"},\"query-input\":{\"@type\":\"PropertyValueSpecification\",\"valueRequired\":true,\"valueName\":\"search_term_string\"}}],\"inLanguage\":\"es-AR\"},{\"@type\":[\"Person\",\"Organization\"],\"@id\":\"https:\/\/apuntesdesanluis.com\/#\/schema\/person\/b55151d52296fcce64d1a72538a70b90\",\"name\":\"apuntesdesanluis.com\",\"image\":{\"@type\":\"ImageObject\",\"inLanguage\":\"es-AR\",\"@id\":\"https:\/\/apuntesdesanluis.com\/#\/schema\/person\/image\/\",\"url\":\"https:\/\/apuntesdesanluis.com\/wp-content\/uploads\/2023\/07\/cropped-apuntesdesanluis.png\",\"contentUrl\":\"https:\/\/apuntesdesanluis.com\/wp-content\/uploads\/2023\/07\/cropped-apuntesdesanluis.png\",\"width\":450,\"height\":112,\"caption\":\"apuntesdesanluis.com\"},\"logo\":{\"@id\":\"https:\/\/apuntesdesanluis.com\/#\/schema\/person\/image\/\"},\"sameAs\":[\"https:\/\/apuntesdesanluis.com\"],\"url\":\"https:\/\/apuntesdesanluis.com\/index.php\/author\/apuntesdesanluis-com\/\"}]}<\/script>\n<!-- \/ Yoast SEO plugin. -->","yoast_head_json":{"title":"COMENZARON A JUZGAR A UNA PAREJA POR EL HOMICIDIO DE UNA BEBA DE 9 MESES - Apuntes de San Luis","robots":{"index":"index","follow":"follow","max-snippet":"max-snippet:-1","max-image-preview":"max-image-preview:large","max-video-preview":"max-video-preview:-1"},"canonical":"https:\/\/apuntesdesanluis.com\/index.php\/2025\/02\/24\/comenzaron-a-juzgar-a-una-pareja-por-el-homicidio-de-una-beba-de-9-meses\/","og_locale":"es_ES","og_type":"article","og_title":"COMENZARON A JUZGAR A UNA PAREJA POR EL HOMICIDIO DE UNA BEBA DE 9 MESES - Apuntes de San Luis","og_description":"La fiscal de Juicio, Virginia Palacios Gonella, ampli\u00f3 la acusaci\u00f3n contra Edgar S\u00e1nchez por la...","og_url":"https:\/\/apuntesdesanluis.com\/index.php\/2025\/02\/24\/comenzaron-a-juzgar-a-una-pareja-por-el-homicidio-de-una-beba-de-9-meses\/","og_site_name":"Apuntes de San Luis","article_published_time":"2025-02-24T23:53:01+00:00","og_image":[{"width":538,"height":343,"url":"https:\/\/apuntesdesanluis.com\/wp-content\/uploads\/2025\/02\/JUICIO-POR-LA-MUERTE-DE-LA-BEBA.png","type":"image\/png"}],"author":"apuntesdesanluis.com","twitter_card":"summary_large_image","twitter_misc":{"Escrito por":"apuntesdesanluis.com","Tiempo de lectura":"3 minutos"},"schema":{"@context":"https:\/\/schema.org","@graph":[{"@type":"Article","@id":"https:\/\/apuntesdesanluis.com\/index.php\/2025\/02\/24\/comenzaron-a-juzgar-a-una-pareja-por-el-homicidio-de-una-beba-de-9-meses\/#article","isPartOf":{"@id":"https:\/\/apuntesdesanluis.com\/index.php\/2025\/02\/24\/comenzaron-a-juzgar-a-una-pareja-por-el-homicidio-de-una-beba-de-9-meses\/"},"author":{"name":"apuntesdesanluis.com","@id":"https:\/\/apuntesdesanluis.com\/#\/schema\/person\/b55151d52296fcce64d1a72538a70b90"},"headline":"COMENZARON A JUZGAR A UNA PAREJA POR EL HOMICIDIO DE UNA BEBA DE 9 MESES","datePublished":"2025-02-24T23:53:01+00:00","mainEntityOfPage":{"@id":"https:\/\/apuntesdesanluis.com\/index.php\/2025\/02\/24\/comenzaron-a-juzgar-a-una-pareja-por-el-homicidio-de-una-beba-de-9-meses\/"},"wordCount":570,"publisher":{"@id":"https:\/\/apuntesdesanluis.com\/#\/schema\/person\/b55151d52296fcce64d1a72538a70b90"},"image":{"@id":"https:\/\/apuntesdesanluis.com\/index.php\/2025\/02\/24\/comenzaron-a-juzgar-a-una-pareja-por-el-homicidio-de-una-beba-de-9-meses\/#primaryimage"},"thumbnailUrl":"https:\/\/apuntesdesanluis.com\/wp-content\/uploads\/2025\/02\/JUICIO-POR-LA-MUERTE-DE-LA-BEBA.png","articleSection":["Ciudad\/Provincia"],"inLanguage":"es-AR"},{"@type":"WebPage","@id":"https:\/\/apuntesdesanluis.com\/index.php\/2025\/02\/24\/comenzaron-a-juzgar-a-una-pareja-por-el-homicidio-de-una-beba-de-9-meses\/","url":"https:\/\/apuntesdesanluis.com\/index.php\/2025\/02\/24\/comenzaron-a-juzgar-a-una-pareja-por-el-homicidio-de-una-beba-de-9-meses\/","name":"COMENZARON A JUZGAR A UNA PAREJA POR EL HOMICIDIO DE UNA BEBA DE 9 MESES - Apuntes de San Luis","isPartOf":{"@id":"https:\/\/apuntesdesanluis.com\/#website"},"primaryImageOfPage":{"@id":"https:\/\/apuntesdesanluis.com\/index.php\/2025\/02\/24\/comenzaron-a-juzgar-a-una-pareja-por-el-homicidio-de-una-beba-de-9-meses\/#primaryimage"},"image":{"@id":"https:\/\/apuntesdesanluis.com\/index.php\/2025\/02\/24\/comenzaron-a-juzgar-a-una-pareja-por-el-homicidio-de-una-beba-de-9-meses\/#primaryimage"},"thumbnailUrl":"https:\/\/apuntesdesanluis.com\/wp-content\/uploads\/2025\/02\/JUICIO-POR-LA-MUERTE-DE-LA-BEBA.png","datePublished":"2025-02-24T23:53:01+00:00","breadcrumb":{"@id":"https:\/\/apuntesdesanluis.com\/index.php\/2025\/02\/24\/comenzaron-a-juzgar-a-una-pareja-por-el-homicidio-de-una-beba-de-9-meses\/#breadcrumb"},"inLanguage":"es-AR","potentialAction":[{"@type":"ReadAction","target":["https:\/\/apuntesdesanluis.com\/index.php\/2025\/02\/24\/comenzaron-a-juzgar-a-una-pareja-por-el-homicidio-de-una-beba-de-9-meses\/"]}]},{"@type":"ImageObject","inLanguage":"es-AR","@id":"https:\/\/apuntesdesanluis.com\/index.php\/2025\/02\/24\/comenzaron-a-juzgar-a-una-pareja-por-el-homicidio-de-una-beba-de-9-meses\/#primaryimage","url":"https:\/\/apuntesdesanluis.com\/wp-content\/uploads\/2025\/02\/JUICIO-POR-LA-MUERTE-DE-LA-BEBA.png","contentUrl":"https:\/\/apuntesdesanluis.com\/wp-content\/uploads\/2025\/02\/JUICIO-POR-LA-MUERTE-DE-LA-BEBA.png","width":538,"height":343},{"@type":"BreadcrumbList","@id":"https:\/\/apuntesdesanluis.com\/index.php\/2025\/02\/24\/comenzaron-a-juzgar-a-una-pareja-por-el-homicidio-de-una-beba-de-9-meses\/#breadcrumb","itemListElement":[{"@type":"ListItem","position":1,"name":"Inicio","item":"https:\/\/apuntesdesanluis.com\/"},{"@type":"ListItem","position":2,"name":"COMENZARON A JUZGAR A UNA PAREJA POR EL HOMICIDIO DE UNA BEBA DE 9 MESES"}]},{"@type":"WebSite","@id":"https:\/\/apuntesdesanluis.com\/#website","url":"https:\/\/apuntesdesanluis.com\/","name":"Apuntes de San Luis","description":"","publisher":{"@id":"https:\/\/apuntesdesanluis.com\/#\/schema\/person\/b55151d52296fcce64d1a72538a70b90"},"potentialAction":[{"@type":"SearchAction","target":{"@type":"EntryPoint","urlTemplate":"https:\/\/apuntesdesanluis.com\/?s={search_term_string}"},"query-input":{"@type":"PropertyValueSpecification","valueRequired":true,"valueName":"search_term_string"}}],"inLanguage":"es-AR"},{"@type":["Person","Organization"],"@id":"https:\/\/apuntesdesanluis.com\/#\/schema\/person\/b55151d52296fcce64d1a72538a70b90","name":"apuntesdesanluis.com","image":{"@type":"ImageObject","inLanguage":"es-AR","@id":"https:\/\/apuntesdesanluis.com\/#\/schema\/person\/image\/","url":"https:\/\/apuntesdesanluis.com\/wp-content\/uploads\/2023\/07\/cropped-apuntesdesanluis.png","contentUrl":"https:\/\/apuntesdesanluis.com\/wp-content\/uploads\/2023\/07\/cropped-apuntesdesanluis.png","width":450,"height":112,"caption":"apuntesdesanluis.com"},"logo":{"@id":"https:\/\/apuntesdesanluis.com\/#\/schema\/person\/image\/"},"sameAs":["https:\/\/apuntesdesanluis.com"],"url":"https:\/\/apuntesdesanluis.com\/index.php\/author\/apuntesdesanluis-com\/"}]}},"featured_image_urls":{"full":["https:\/\/apuntesdesanluis.com\/wp-content\/uploads\/2025\/02\/JUICIO-POR-LA-MUERTE-DE-LA-BEBA.png",538,343,false],"thumbnail":["https:\/\/apuntesdesanluis.com\/wp-content\/uploads\/2025\/02\/JUICIO-POR-LA-MUERTE-DE-LA-BEBA-150x150.png",150,150,true],"medium":["https:\/\/apuntesdesanluis.com\/wp-content\/uploads\/2025\/02\/JUICIO-POR-LA-MUERTE-DE-LA-BEBA-300x191.png",300,191,true],"medium_large":["https:\/\/apuntesdesanluis.com\/wp-content\/uploads\/2025\/02\/JUICIO-POR-LA-MUERTE-DE-LA-BEBA.png",538,343,false],"large":["https:\/\/apuntesdesanluis.com\/wp-content\/uploads\/2025\/02\/JUICIO-POR-LA-MUERTE-DE-LA-BEBA.png",538,343,false],"1536x1536":["https:\/\/apuntesdesanluis.com\/wp-content\/uploads\/2025\/02\/JUICIO-POR-LA-MUERTE-DE-LA-BEBA.png",538,343,false],"2048x2048":["https:\/\/apuntesdesanluis.com\/wp-content\/uploads\/2025\/02\/JUICIO-POR-LA-MUERTE-DE-LA-BEBA.png",538,343,false],"newsever-slider-full":["https:\/\/apuntesdesanluis.com\/wp-content\/uploads\/2025\/02\/JUICIO-POR-LA-MUERTE-DE-LA-BEBA.png",538,343,false],"newsever-featured":["https:\/\/apuntesdesanluis.com\/wp-content\/uploads\/2025\/02\/JUICIO-POR-LA-MUERTE-DE-LA-BEBA.png",538,343,false],"newsever-medium":["https:\/\/apuntesdesanluis.com\/wp-content\/uploads\/2025\/02\/JUICIO-POR-LA-MUERTE-DE-LA-BEBA.png",538,343,false]},"author_info":{"display_name":"apuntesdesanluis.com","author_link":"https:\/\/apuntesdesanluis.com\/index.php\/author\/apuntesdesanluis-com\/"},"category_info":"<a href=\"https:\/\/apuntesdesanluis.com\/index.php\/category\/ciudad-provincia\/\" rel=\"category tag\">Ciudad\/Provincia<\/a>","tag_info":"Ciudad\/Provincia","comment_count":"0","_links":{"self":[{"href":"https:\/\/apuntesdesanluis.com\/index.php\/wp-json\/wp\/v2\/posts\/29726","targetHints":{"allow":["GET"]}}],"collection":[{"href":"https:\/\/apuntesdesanluis.com\/index.php\/wp-json\/wp\/v2\/posts"}],"about":[{"href":"https:\/\/apuntesdesanluis.com\/index.php\/wp-json\/wp\/v2\/types\/post"}],"author":[{"embeddable":true,"href":"https:\/\/apuntesdesanluis.com\/index.php\/wp-json\/wp\/v2\/users\/1"}],"replies":[{"embeddable":true,"href":"https:\/\/apuntesdesanluis.com\/index.php\/wp-json\/wp\/v2\/comments?post=29726"}],"version-history":[{"count":1,"href":"https:\/\/apuntesdesanluis.com\/index.php\/wp-json\/wp\/v2\/posts\/29726\/revisions"}],"predecessor-version":[{"id":29728,"href":"https:\/\/apuntesdesanluis.com\/index.php\/wp-json\/wp\/v2\/posts\/29726\/revisions\/29728"}],"wp:featuredmedia":[{"embeddable":true,"href":"https:\/\/apuntesdesanluis.com\/index.php\/wp-json\/wp\/v2\/media\/29727"}],"wp:attachment":[{"href":"https:\/\/apuntesdesanluis.com\/index.php\/wp-json\/wp\/v2\/media?parent=29726"}],"wp:term":[{"taxonomy":"category","embeddable":true,"href":"https:\/\/apuntesdesanluis.com\/index.php\/wp-json\/wp\/v2\/categories?post=29726"},{"taxonomy":"post_tag","embeddable":true,"href":"https:\/\/apuntesdesanluis.com\/index.php\/wp-json\/wp\/v2\/tags?post=29726"}],"curies":[{"name":"wp","href":"https:\/\/api.w.org\/{rel}","templated":true}]}}